{"id":8881,"date":"2022-06-30T15:21:11","date_gmt":"2022-06-30T18:21:11","guid":{"rendered":"https:\/\/www.univ-guyane.fr\/?p=8881"},"modified":"2024-06-20T15:27:07","modified_gmt":"2024-06-20T18:27:07","slug":"mission-guyuniv2","status":"publish","type":"post","link":"https:\/\/www.univ-guyane.fr\/es\/2022\/06\/30\/mission-guyuniv2\/","title":{"rendered":"Misi\u00f3n GUYUNIV2"},"content":{"rendered":"<div id=\"fws_69f3c7f99a650\"  data-column-margin=\"default\" data-midnight=\"dark\"  class=\"wpb_row vc_row-fluid vc_row\"  style=\"padding-top: 0px; padding-bottom: 0px; \"><div class=\"row-bg-wrap\" data-bg-animation=\"none\" data-bg-animation-delay=\"\" data-bg-overlay=\"false\"><div class=\"inner-wrap row-bg-layer\" ><div class=\"row-bg viewport-desktop\"  style=\"\"><\/div><\/div><\/div><div class=\"row_col_wrap_12 col span_12 dark left\">\n\t<div  class=\"vc_col-sm-12 wpb_column column_container vc_column_container col no-extra-padding inherit_tablet inherit_phone\"  data-padding-pos=\"all\" data-has-bg-color=\"false\" data-bg-color=\"\" data-bg-opacity=\"1\" data-animation=\"\" data-delay=\"0\" >\n\t\t<div class=\"vc_column-inner\" >\n\t\t\t<div class=\"wpb_wrapper\">\n\t\t\t\t\n<div class=\"wpb_text_column wpb_content_element  chapo\" >\n\t<h2>Tras la primera misi\u00f3n en 2015, la cooperaci\u00f3n regional entre las universidades de ADEKUS, la Universidad de Guyana y la Universidad de la Guayana Francesa contin\u00faa y se refuerza. Una delegaci\u00f3n de 25 personas compuesta por profesores, catedr\u00e1ticos, pol\u00edticos y personal administrativo viaj\u00f3 a las universidades asociadas para reunirse con sus hom\u00f3logos y revitalizar los v\u00ednculos entre estas instituciones.<\/h2>\n<\/div>\n\n\n\n\n<div class=\"wpb_text_column wpb_content_element\" >\n\t<p><span class=\"nectar-dropcap\" >L' <\/span>a Universidad de Guyana ambiciona brillar en el continente sudamericano. Por ello, es muy importante que participe activamente en la cooperaci\u00f3n regional e internacional. La cooperaci\u00f3n transfronteriza en materia de educaci\u00f3n e investigaci\u00f3n con estas universidades no es nueva. De hecho, desde 2015, se han llevado a cabo numerosas acciones entre la Universidad de Guyana (UG), la Universidad ANTON DE KOM (ADEKUS Surinam) y la Universidad de Guyana. A pesar de haberse interrumpido bruscamente como consecuencia de la pandemia de COVID-19 en marzo de 2020, existe un fuerte y creciente inter\u00e9s por compartir conocimientos y experiencias. Ahora que la situaci\u00f3n sanitaria es m\u00e1s favorable, era importante revitalizar los v\u00ednculos entre nuestras universidades y debatir futuros proyectos.<\/p>\n<p>Dentro de un planteamiento de cooperaci\u00f3n transfronteriza, el proyecto GUYUNIV2 pretend\u00eda :<\/p>\n<ul>\n<li>Inf\u00f3rmese sobre las infraestructuras y la formaci\u00f3n que ofrecen la Universidad de Guyana, ADEKUS y la Universidad de Guyana;<\/li>\n<li>Proporcione informaci\u00f3n actualizada sobre estos elementos desde las \u00faltimas visitas oficiales de las delegaciones;<\/li>\n<li>Ampliar la red de contactos para fomentar el desarrollo de proyectos educativos y cient\u00edficos conjuntos en respuesta a convocatorias de proyectos espec\u00edficas (PCIA, PO FEDER, ERASMUS+, etc.), cursos de formaci\u00f3n internacionales y la organizaci\u00f3n de eventos deportivos y culturales.<\/li>\n<\/ul>\n<h3><strong>Reforzar los v\u00ednculos con las universidades transfronterizas<\/strong><\/h3>\n<p>El proyecto GUYUNIV2 fue iniciado por la Universidad de Guyana, con el apoyo del fondo de cooperaci\u00f3n regional y de la Collectivit\u00e9 Territoriale de Guyane. Se trata de una misi\u00f3n exploratoria destinada a encuentros interuniversitarios con establecimientos de ense\u00f1anza superior de Surinam y Guyana. Es la continuaci\u00f3n del proyecto realizado en 2015, cuando se cre\u00f3 la UG, de naturaleza y objetivos similares. La visita a la Universidad de Guyana fue m\u00e1s especial porque era la primera vez que una delegaci\u00f3n de la UG visitaba ese pa\u00eds. Fue una oportunidad para reunirse con hom\u00f3logos y compartir experiencias de educaci\u00f3n superior.<\/p>\n<p>El formato elegido para cada una de las reuniones universitarias (ADEKUS y Universidad de Guyana) fue el siguiente:<\/p>\n<ul>\n<li>Una sesi\u00f3n\u00a0<strong>sesi\u00f3n plenaria de apertura<\/strong>(Palabras de bienvenida; breves presentaciones de los mapas de formaci\u00f3n e investigaci\u00f3n)<\/li>\n<li>Una sesi\u00f3n\u00a0<strong>en un taller<\/strong>(inmersiones\/debates en las respectivas facultades\/departamentos)<\/li>\n<li>Una sesi\u00f3n\u00a0<strong>sesi\u00f3n plenaria de clausura<\/strong>resumir los proyectos de cooperaci\u00f3n por facultad\/departamento.<\/li>\n<\/ul>\n<p>Queremos dar las gracias a todos nuestros colegas de las universidades de Surinam (ADEKUS) y Guyana por su calurosa acogida y sus productivos debates.<\/p>\n<\/div>\n\n\n\n\n\t\t\t<\/div> \n\t\t<\/div>\n\t<\/div> \n<\/div><\/div>","protected":false},"excerpt":{"rendered":"Tras la primera misi\u00f3n en 2015, la cooperaci\u00f3n regional entre las universidades de ADEKUS,...","protected":false},"author":1,"featured_media":8882,"comment_status":"closed","ping_status":"open","sticky":false,"template":"","format":"standard","meta":{"iawp_total_views":22,"footnotes":""},"categories":[1],"tags":[],"class_list":{"0":"post-8881","1":"post","2":"type-post","3":"status-publish","4":"format-standard","5":"has-post-thumbnail","7":"category-non-classe"},"yoast_head":"<!-- This site is optimized with the Yoast SEO plugin v27.5 - https:\/\/yoast.com\/product\/yoast-seo-wordpress\/ -->\n<title>Mission GUYUNIV2 &#8212; Universit\u00e9 de Guyane<\/title>\n<meta name=\"description\" content=\"D\u00e9couvrez la coop\u00e9ration transfrontali\u00e8re entre l&#039;Universit\u00e9 de Guyane, ADEKUS Suriname et l&#039;Universit\u00e9 du Guyana dans le projet GUYUNIV2.\" \/>\n<meta name=\"robots\" content=\"index, follow, max-snippet:-1, max-image-preview:large, max-video-preview:-1\" \/>\n<link rel=\"canonical\" href=\"https:\/\/www.univ-guyane.fr\/es\/2022\/06\/30\/mission-guyuniv2\/\" \/>\n<meta property=\"og:locale\" content=\"es_ES\" \/>\n<meta property=\"og:type\" content=\"article\" \/>\n<meta property=\"og:title\" content=\"Mission GUYUNIV2 &#8212; Universit\u00e9 de Guyane\" \/>\n<meta property=\"og:description\" content=\"D\u00e9couvrez la coop\u00e9ration transfrontali\u00e8re entre l&#039;Universit\u00e9 de Guyane, ADEKUS Suriname et l&#039;Universit\u00e9 du Guyana dans le projet GUYUNIV2.\" \/>\n<meta property=\"og:url\" content=\"https:\/\/www.univ-guyane.fr\/es\/2022\/06\/30\/mission-guyuniv2\/\" \/>\n<meta property=\"og:site_name\" content=\"Universit\u00e9 de Guyane\" \/>\n<meta property=\"article:publisher\" content=\"https:\/\/www.facebook.com\/univguyane\" \/>\n<meta property=\"article:published_time\" content=\"2022-06-30T18:21:11+00:00\" \/>\n<meta property=\"article:modified_time\" content=\"2024-06-20T18:27:07+00:00\" \/>\n<meta property=\"og:image\" content=\"https:\/\/www.univ-guyane.fr\/wp-content\/uploads\/IMG_3379.jpg\" \/>\n\t<meta property=\"og:image:width\" content=\"1700\" \/>\n\t<meta property=\"og:image:height\" content=\"842\" \/>\n\t<meta property=\"og:image:type\" content=\"image\/jpeg\" \/>\n<meta name=\"author\" content=\"Erick Loiti\u00e8re\" \/>\n<meta name=\"twitter:card\" content=\"summary_large_image\" \/>\n<meta name=\"twitter:creator\" content=\"@univguyane\" \/>\n<meta name=\"twitter:site\" content=\"@univguyane\" \/>\n<meta name=\"twitter:label1\" content=\"Escrito por\" \/>\n\t<meta name=\"twitter:data1\" content=\"Erick Loiti\u00e8re\" \/>\n\t<meta name=\"twitter:label2\" content=\"Tiempo de lectura\" \/>\n\t<meta name=\"twitter:data2\" content=\"3 minutos\" \/>\n<script type=\"application\/ld+json\" class=\"yoast-schema-graph\">{\"@context\":\"https:\\\/\\\/schema.org\",\"@graph\":[{\"@type\":\"Article\",\"@id\":\"https:\\\/\\\/www.univ-guyane.fr\\\/2022\\\/06\\\/30\\\/mission-guyuniv2\\\/#article\",\"isPartOf\":{\"@id\":\"https:\\\/\\\/www.univ-guyane.fr\\\/2022\\\/06\\\/30\\\/mission-guyuniv2\\\/\"},\"author\":{\"name\":\"Erick Loiti\u00e8re\",\"@id\":\"https:\\\/\\\/www.univ-guyane.fr\\\/#\\\/schema\\\/person\\\/86d946a28a8be51bb096ccfdf19db179\"},\"headline\":\"Mission GUYUNIV2\",\"datePublished\":\"2022-06-30T18:21:11+00:00\",\"dateModified\":\"2024-06-20T18:27:07+00:00\",\"mainEntityOfPage\":{\"@id\":\"https:\\\/\\\/www.univ-guyane.fr\\\/2022\\\/06\\\/30\\\/mission-guyuniv2\\\/\"},\"wordCount\":723,\"publisher\":{\"@id\":\"https:\\\/\\\/www.univ-guyane.fr\\\/#organization\"},\"image\":{\"@id\":\"https:\\\/\\\/www.univ-guyane.fr\\\/2022\\\/06\\\/30\\\/mission-guyuniv2\\\/#primaryimage\"},\"thumbnailUrl\":\"https:\\\/\\\/www.univ-guyane.fr\\\/wp-content\\\/uploads\\\/IMG_3379.jpg\",\"articleSection\":[\"Non class\u00e9\"],\"inLanguage\":\"es\"},{\"@type\":\"WebPage\",\"@id\":\"https:\\\/\\\/www.univ-guyane.fr\\\/2022\\\/06\\\/30\\\/mission-guyuniv2\\\/\",\"url\":\"https:\\\/\\\/www.univ-guyane.fr\\\/2022\\\/06\\\/30\\\/mission-guyuniv2\\\/\",\"name\":\"Mission GUYUNIV2 &#8212; Universit\u00e9 de Guyane\",\"isPartOf\":{\"@id\":\"https:\\\/\\\/www.univ-guyane.fr\\\/#website\"},\"primaryImageOfPage\":{\"@id\":\"https:\\\/\\\/www.univ-guyane.fr\\\/2022\\\/06\\\/30\\\/mission-guyuniv2\\\/#primaryimage\"},\"image\":{\"@id\":\"https:\\\/\\\/www.univ-guyane.fr\\\/2022\\\/06\\\/30\\\/mission-guyuniv2\\\/#primaryimage\"},\"thumbnailUrl\":\"https:\\\/\\\/www.univ-guyane.fr\\\/wp-content\\\/uploads\\\/IMG_3379.jpg\",\"datePublished\":\"2022-06-30T18:21:11+00:00\",\"dateModified\":\"2024-06-20T18:27:07+00:00\",\"description\":\"D\u00e9couvrez la coop\u00e9ration transfrontali\u00e8re entre l'Universit\u00e9 de Guyane, ADEKUS Suriname et l'Universit\u00e9 du Guyana dans le projet GUYUNIV2.\",\"breadcrumb\":{\"@id\":\"https:\\\/\\\/www.univ-guyane.fr\\\/2022\\\/06\\\/30\\\/mission-guyuniv2\\\/#breadcrumb\"},\"inLanguage\":\"es\",\"potentialAction\":[{\"@type\":\"ReadAction\",\"target\":[\"https:\\\/\\\/www.univ-guyane.fr\\\/2022\\\/06\\\/30\\\/mission-guyuniv2\\\/\"]}]},{\"@type\":\"ImageObject\",\"inLanguage\":\"es\",\"@id\":\"https:\\\/\\\/www.univ-guyane.fr\\\/2022\\\/06\\\/30\\\/mission-guyuniv2\\\/#primaryimage\",\"url\":\"https:\\\/\\\/www.univ-guyane.fr\\\/wp-content\\\/uploads\\\/IMG_3379.jpg\",\"contentUrl\":\"https:\\\/\\\/www.univ-guyane.fr\\\/wp-content\\\/uploads\\\/IMG_3379.jpg\",\"width\":1700,\"height\":842,\"caption\":\"Mission GUYUNIV2\"},{\"@type\":\"BreadcrumbList\",\"@id\":\"https:\\\/\\\/www.univ-guyane.fr\\\/2022\\\/06\\\/30\\\/mission-guyuniv2\\\/#breadcrumb\",\"itemListElement\":[{\"@type\":\"ListItem\",\"position\":1,\"name\":\"Accueil\",\"item\":\"https:\\\/\\\/www.univ-guyane.fr\\\/\"},{\"@type\":\"ListItem\",\"position\":2,\"name\":\"Mission GUYUNIV2\"}]},{\"@type\":\"WebSite\",\"@id\":\"https:\\\/\\\/www.univ-guyane.fr\\\/#website\",\"url\":\"https:\\\/\\\/www.univ-guyane.fr\\\/\",\"name\":\"Universit\u00e9 de Guyane\",\"description\":\"Au c\u0153ur de l&#039;amazonie\",\"publisher\":{\"@id\":\"https:\\\/\\\/www.univ-guyane.fr\\\/#organization\"},\"alternateName\":\"UG\",\"potentialAction\":[{\"@type\":\"SearchAction\",\"target\":{\"@type\":\"EntryPoint\",\"urlTemplate\":\"https:\\\/\\\/www.univ-guyane.fr\\\/?s={search_term_string}\"},\"query-input\":{\"@type\":\"PropertyValueSpecification\",\"valueRequired\":true,\"valueName\":\"search_term_string\"}}],\"inLanguage\":\"es\"},{\"@type\":\"Organization\",\"@id\":\"https:\\\/\\\/www.univ-guyane.fr\\\/#organization\",\"name\":\"Universit\u00e9 de Guyane\",\"alternateName\":\"UG\",\"url\":\"https:\\\/\\\/www.univ-guyane.fr\\\/\",\"logo\":{\"@type\":\"ImageObject\",\"inLanguage\":\"es\",\"@id\":\"https:\\\/\\\/www.univ-guyane.fr\\\/#\\\/schema\\\/logo\\\/image\\\/\",\"url\":\"https:\\\/\\\/www.univ-guyane.fr\\\/wp-content\\\/uploads\\\/2024\\\/05\\\/f.png\",\"contentUrl\":\"https:\\\/\\\/www.univ-guyane.fr\\\/wp-content\\\/uploads\\\/2024\\\/05\\\/f.png\",\"width\":1024,\"height\":1024,\"caption\":\"Universit\u00e9 de Guyane\"},\"image\":{\"@id\":\"https:\\\/\\\/www.univ-guyane.fr\\\/#\\\/schema\\\/logo\\\/image\\\/\"},\"sameAs\":[\"https:\\\/\\\/www.facebook.com\\\/univguyane\",\"https:\\\/\\\/x.com\\\/univguyane\",\"https:\\\/\\\/gf.linkedin.com\\\/school\\\/universite-de-guyane\\\/\",\"https:\\\/\\\/www.instagram.com\\\/univ_guyane\\\/\"]},{\"@type\":\"Person\",\"@id\":\"https:\\\/\\\/www.univ-guyane.fr\\\/#\\\/schema\\\/person\\\/86d946a28a8be51bb096ccfdf19db179\",\"name\":\"Erick Loiti\u00e8re\",\"image\":{\"@type\":\"ImageObject\",\"inLanguage\":\"es\",\"@id\":\"https:\\\/\\\/secure.gravatar.com\\\/avatar\\\/0584f332103fbeaf37e52c73b15dca3c547fd9300deb05764e9ad8714839d072?s=96&d=robohash&r=g\",\"url\":\"https:\\\/\\\/secure.gravatar.com\\\/avatar\\\/0584f332103fbeaf37e52c73b15dca3c547fd9300deb05764e9ad8714839d072?s=96&d=robohash&r=g\",\"contentUrl\":\"https:\\\/\\\/secure.gravatar.com\\\/avatar\\\/0584f332103fbeaf37e52c73b15dca3c547fd9300deb05764e9ad8714839d072?s=96&d=robohash&r=g\",\"caption\":\"Erick Loiti\u00e8re\"},\"sameAs\":[\"http:\\\/\\\/www.univ-guyane.fr\"],\"url\":\"https:\\\/\\\/www.univ-guyane.fr\\\/es\\\/author\\\/eloitierdbz\\\/\"}]}<\/script>\n<!-- \/ Yoast SEO plugin. -->","yoast_head_json":{"title":"Mission GUYUNIV2 &#8212; Universit\u00e9 de Guyane","description":"D\u00e9couvrez la coop\u00e9ration transfrontali\u00e8re entre l'Universit\u00e9 de Guyane, ADEKUS Suriname et l'Universit\u00e9 du Guyana dans le projet GUYUNIV2.","robots":{"index":"index","follow":"follow","max-snippet":"max-snippet:-1","max-image-preview":"max-image-preview:large","max-video-preview":"max-video-preview:-1"},"canonical":"https:\/\/www.univ-guyane.fr\/es\/2022\/06\/30\/mission-guyuniv2\/","og_locale":"es_ES","og_type":"article","og_title":"Mission GUYUNIV2 &#8212; Universit\u00e9 de Guyane","og_description":"D\u00e9couvrez la coop\u00e9ration transfrontali\u00e8re entre l'Universit\u00e9 de Guyane, ADEKUS Suriname et l'Universit\u00e9 du Guyana dans le projet GUYUNIV2.","og_url":"https:\/\/www.univ-guyane.fr\/es\/2022\/06\/30\/mission-guyuniv2\/","og_site_name":"Universit\u00e9 de Guyane","article_publisher":"https:\/\/www.facebook.com\/univguyane","article_published_time":"2022-06-30T18:21:11+00:00","article_modified_time":"2024-06-20T18:27:07+00:00","og_image":[{"width":1700,"height":842,"url":"https:\/\/www.univ-guyane.fr\/wp-content\/uploads\/IMG_3379.jpg","type":"image\/jpeg"}],"author":"Erick Loiti\u00e8re","twitter_card":"summary_large_image","twitter_creator":"@univguyane","twitter_site":"@univguyane","twitter_misc":{"Escrito por":"Erick Loiti\u00e8re","Tiempo de lectura":"3 minutos"},"schema":{"@context":"https:\/\/schema.org","@graph":[{"@type":"Article","@id":"https:\/\/www.univ-guyane.fr\/2022\/06\/30\/mission-guyuniv2\/#article","isPartOf":{"@id":"https:\/\/www.univ-guyane.fr\/2022\/06\/30\/mission-guyuniv2\/"},"author":{"name":"Erick Loiti\u00e8re","@id":"https:\/\/www.univ-guyane.fr\/#\/schema\/person\/86d946a28a8be51bb096ccfdf19db179"},"headline":"Mission GUYUNIV2","datePublished":"2022-06-30T18:21:11+00:00","dateModified":"2024-06-20T18:27:07+00:00","mainEntityOfPage":{"@id":"https:\/\/www.univ-guyane.fr\/2022\/06\/30\/mission-guyuniv2\/"},"wordCount":723,"publisher":{"@id":"https:\/\/www.univ-guyane.fr\/#organization"},"image":{"@id":"https:\/\/www.univ-guyane.fr\/2022\/06\/30\/mission-guyuniv2\/#primaryimage"},"thumbnailUrl":"https:\/\/www.univ-guyane.fr\/wp-content\/uploads\/IMG_3379.jpg","articleSection":["Non class\u00e9"],"inLanguage":"es"},{"@type":"WebPage","@id":"https:\/\/www.univ-guyane.fr\/2022\/06\/30\/mission-guyuniv2\/","url":"https:\/\/www.univ-guyane.fr\/2022\/06\/30\/mission-guyuniv2\/","name":"Mission GUYUNIV2 &#8212; Universit\u00e9 de Guyane","isPartOf":{"@id":"https:\/\/www.univ-guyane.fr\/#website"},"primaryImageOfPage":{"@id":"https:\/\/www.univ-guyane.fr\/2022\/06\/30\/mission-guyuniv2\/#primaryimage"},"image":{"@id":"https:\/\/www.univ-guyane.fr\/2022\/06\/30\/mission-guyuniv2\/#primaryimage"},"thumbnailUrl":"https:\/\/www.univ-guyane.fr\/wp-content\/uploads\/IMG_3379.jpg","datePublished":"2022-06-30T18:21:11+00:00","dateModified":"2024-06-20T18:27:07+00:00","description":"D\u00e9couvrez la coop\u00e9ration transfrontali\u00e8re entre l'Universit\u00e9 de Guyane, ADEKUS Suriname et l'Universit\u00e9 du Guyana dans le projet GUYUNIV2.","breadcrumb":{"@id":"https:\/\/www.univ-guyane.fr\/2022\/06\/30\/mission-guyuniv2\/#breadcrumb"},"inLanguage":"es","potentialAction":[{"@type":"ReadAction","target":["https:\/\/www.univ-guyane.fr\/2022\/06\/30\/mission-guyuniv2\/"]}]},{"@type":"ImageObject","inLanguage":"es","@id":"https:\/\/www.univ-guyane.fr\/2022\/06\/30\/mission-guyuniv2\/#primaryimage","url":"https:\/\/www.univ-guyane.fr\/wp-content\/uploads\/IMG_3379.jpg","contentUrl":"https:\/\/www.univ-guyane.fr\/wp-content\/uploads\/IMG_3379.jpg","width":1700,"height":842,"caption":"Mission GUYUNIV2"},{"@type":"BreadcrumbList","@id":"https:\/\/www.univ-guyane.fr\/2022\/06\/30\/mission-guyuniv2\/#breadcrumb","itemListElement":[{"@type":"ListItem","position":1,"name":"Accueil","item":"https:\/\/www.univ-guyane.fr\/"},{"@type":"ListItem","position":2,"name":"Mission GUYUNIV2"}]},{"@type":"WebSite","@id":"https:\/\/www.univ-guyane.fr\/#website","url":"https:\/\/www.univ-guyane.fr\/","name":"Universidad de Guyana","description":"En el coraz\u00f3n de la Amazonia","publisher":{"@id":"https:\/\/www.univ-guyane.fr\/#organization"},"alternateName":"UG","potentialAction":[{"@type":"SearchAction","target":{"@type":"EntryPoint","urlTemplate":"https:\/\/www.univ-guyane.fr\/?s={search_term_string}"},"query-input":{"@type":"PropertyValueSpecification","valueRequired":true,"valueName":"search_term_string"}}],"inLanguage":"es"},{"@type":"Organization","@id":"https:\/\/www.univ-guyane.fr\/#organization","name":"Universidad de Guyana","alternateName":"UG","url":"https:\/\/www.univ-guyane.fr\/","logo":{"@type":"ImageObject","inLanguage":"es","@id":"https:\/\/www.univ-guyane.fr\/#\/schema\/logo\/image\/","url":"https:\/\/www.univ-guyane.fr\/wp-content\/uploads\/2024\/05\/f.png","contentUrl":"https:\/\/www.univ-guyane.fr\/wp-content\/uploads\/2024\/05\/f.png","width":1024,"height":1024,"caption":"Universit\u00e9 de Guyane"},"image":{"@id":"https:\/\/www.univ-guyane.fr\/#\/schema\/logo\/image\/"},"sameAs":["https:\/\/www.facebook.com\/univguyane","https:\/\/x.com\/univguyane","https:\/\/gf.linkedin.com\/school\/universite-de-guyane\/","https:\/\/www.instagram.com\/univ_guyane\/"]},{"@type":"Person","@id":"https:\/\/www.univ-guyane.fr\/#\/schema\/person\/86d946a28a8be51bb096ccfdf19db179","name":"Erick Loiti\u00e8re","image":{"@type":"ImageObject","inLanguage":"es","@id":"https:\/\/secure.gravatar.com\/avatar\/0584f332103fbeaf37e52c73b15dca3c547fd9300deb05764e9ad8714839d072?s=96&d=robohash&r=g","url":"https:\/\/secure.gravatar.com\/avatar\/0584f332103fbeaf37e52c73b15dca3c547fd9300deb05764e9ad8714839d072?s=96&d=robohash&r=g","contentUrl":"https:\/\/secure.gravatar.com\/avatar\/0584f332103fbeaf37e52c73b15dca3c547fd9300deb05764e9ad8714839d072?s=96&d=robohash&r=g","caption":"Erick Loiti\u00e8re"},"sameAs":["http:\/\/www.univ-guyane.fr"],"url":"https:\/\/www.univ-guyane.fr\/es\/author\/eloitierdbz\/"}]}},"_links":{"self":[{"href":"https:\/\/www.univ-guyane.fr\/es\/wp-json\/wp\/v2\/posts\/8881","targetHints":{"allow":["GET"]}}],"collection":[{"href":"https:\/\/www.univ-guyane.fr\/es\/wp-json\/wp\/v2\/posts"}],"about":[{"href":"https:\/\/www.univ-guyane.fr\/es\/wp-json\/wp\/v2\/types\/post"}],"author":[{"embeddable":true,"href":"https:\/\/www.univ-guyane.fr\/es\/wp-json\/wp\/v2\/users\/1"}],"replies":[{"embeddable":true,"href":"https:\/\/www.univ-guyane.fr\/es\/wp-json\/wp\/v2\/comments?post=8881"}],"version-history":[{"count":1,"href":"https:\/\/www.univ-guyane.fr\/es\/wp-json\/wp\/v2\/posts\/8881\/revisions"}],"predecessor-version":[{"id":8883,"href":"https:\/\/www.univ-guyane.fr\/es\/wp-json\/wp\/v2\/posts\/8881\/revisions\/8883"}],"wp:featuredmedia":[{"embeddable":true,"href":"https:\/\/www.univ-guyane.fr\/es\/wp-json\/wp\/v2\/media\/8882"}],"wp:attachment":[{"href":"https:\/\/www.univ-guyane.fr\/es\/wp-json\/wp\/v2\/media?parent=8881"}],"wp:term":[{"taxonomy":"category","embeddable":true,"href":"https:\/\/www.univ-guyane.fr\/es\/wp-json\/wp\/v2\/categories?post=8881"},{"taxonomy":"post_tag","embeddable":true,"href":"https:\/\/www.univ-guyane.fr\/es\/wp-json\/wp\/v2\/tags?post=8881"}],"curies":[{"name":"wp","href":"https:\/\/api.w.org\/{rel}","templated":true}]}}