{"id":8892,"date":"2022-06-07T15:36:49","date_gmt":"2022-06-07T18:36:49","guid":{"rendered":"https:\/\/www.univ-guyane.fr\/?p=8892"},"modified":"2024-06-20T15:40:33","modified_gmt":"2024-06-20T18:40:33","slug":"exposition-les-esclavages-dhier","status":"publish","type":"post","link":"https:\/\/www.univ-guyane.fr\/es\/2022\/06\/07\/exposition-les-esclavages-dhier\/","title":{"rendered":"Exposici\u00f3n: \"La esclavitud en el pasado"},"content":{"rendered":"<div id=\"fws_69f389c292a5b\"  data-column-margin=\"default\" data-midnight=\"dark\"  class=\"wpb_row vc_row-fluid vc_row\"  style=\"padding-top: 0px; padding-bottom: 0px; \"><div class=\"row-bg-wrap\" data-bg-animation=\"none\" data-bg-animation-delay=\"\" data-bg-overlay=\"false\"><div class=\"inner-wrap row-bg-layer\" ><div class=\"row-bg viewport-desktop\"  style=\"\"><\/div><\/div><\/div><div class=\"row_col_wrap_12 col span_12 dark left\">\n\t<div  class=\"vc_col-sm-12 wpb_column column_container vc_column_container col no-extra-padding inherit_tablet inherit_phone\"  data-padding-pos=\"all\" data-has-bg-color=\"false\" data-bg-color=\"\" data-bg-opacity=\"1\" data-animation=\"\" data-delay=\"0\" >\n\t\t<div class=\"vc_column-inner\" >\n\t\t\t<div class=\"wpb_wrapper\">\n\t\t\t\t\n<div class=\"wpb_text_column wpb_content_element  chapo\" >\n\t<h2>Les esclavages d'hier, exposici\u00f3n expuesta en las salas de lectura de la biblioteca universitaria, del 1 al 30 de junio de 2022.<\/h2>\n<\/div>\n\n\n\n\n<div class=\"wpb_text_column wpb_content_element\" >\n\t<p><span class=\"nectar-dropcap\" >D <\/span>urante todo el mes de junio de 2022, la BU conmemora la abolici\u00f3n de la esclavitud, proclamada en 1848, con una exposici\u00f3n pedag\u00f3gica que presenta 16 paneles sobre la esclavitud en el pasado: la esclavitud desde la Antig\u00fcedad hasta la Edad Media, el comercio triangular, la esclavitud en Am\u00e9rica, la abolici\u00f3n en Francia, la abolici\u00f3n en Estados Unidos, etc.<\/p>\n<p>El 10 de junio de cada a\u00f1o se conmemora en Guayana la abolici\u00f3n de la esclavitud. En el marco de esta celebraci\u00f3n, la biblioteca universitaria se complace en presentar una exposici\u00f3n sobre las m\u00faltiples formas de esclavitud practicadas en el pasado, ya sea en la Antig\u00fcedad, en la Edad Media o en su forma m\u00e1s conocida en el mundo moderno: el comercio triangular. La exposici\u00f3n abordar\u00e1 tambi\u00e9n la cuesti\u00f3n no de la abolici\u00f3n, sino de las sucesivas aboliciones de la esclavitud en distintas partes del mundo.<\/p>\n<p>Esta exposici\u00f3n, profusamente ilustrada, le har\u00e1 viajar a trav\u00e9s del tiempo y el espacio en un intento de comprender globalmente los problemas que rodean a la esclavitud, con el fin de establecer una comparaci\u00f3n matizada y bien documentada entre las distintas formas que adopta este sistema de explotaci\u00f3n humana. En un momento en que las cicatrices de la esclavitud siguen siendo dolorosas, y en que est\u00e1 resurgiendo en distintas partes del mundo, mirar atr\u00e1s para comprender mejor el futuro parece un paso necesario.<\/p>\n<div class=\"ug_container-yellow\"><em>La exposici\u00f3n es<\/em><em>ble directamente en las salas de lectura de la biblioteca universitaria, en horario normal de apertura, es decir, de 7.30 a 19.00 horas de lunes a viernes y de 7.30 a 12.00 horas los s\u00e1bados.<\/em><\/div>\n<\/div>\n\n\n\n\n\t\t\t<\/div> \n\t\t<\/div>\n\t<\/div> \n<\/div><\/div>","protected":false},"excerpt":{"rendered":"Les esclavages d'hier, exposici\u00f3n expuesta en las salas de lectura de la biblioteca universitaria,...","protected":false},"author":1,"featured_media":8893,"comment_status":"closed","ping_status":"open","sticky":false,"template":"","format":"standard","meta":{"iawp_total_views":18,"footnotes":""},"categories":[232],"tags":[],"class_list":{"0":"post-8892","1":"post","2":"type-post","3":"status-publish","4":"format-standard","5":"has-post-thumbnail","7":"category-bibliotheque"},"yoast_head":"<!-- This site is optimized with the Yoast SEO plugin v27.5 - https:\/\/yoast.com\/product\/yoast-seo-wordpress\/ -->\n<title>Exposition : &quot;les esclavages d\u2019hier&quot; &#8212; Universit\u00e9 de Guyane<\/title>\n<meta name=\"description\" content=\"D\u00e9couvrez l&#039;exposition sur l&#039;esclavage : de l&#039;Antiquit\u00e9 au commerce triangulaire et aux abolitions successives. Une comm\u00e9moration de l&#039;abolition de l&#039;esclavage en France et aux \u00c9tats-Unis.\" \/>\n<meta name=\"robots\" content=\"index, follow, max-snippet:-1, max-image-preview:large, max-video-preview:-1\" \/>\n<link rel=\"canonical\" href=\"https:\/\/www.univ-guyane.fr\/es\/2022\/06\/07\/exposition-les-esclavages-dhier\/\" \/>\n<meta property=\"og:locale\" content=\"es_ES\" \/>\n<meta property=\"og:type\" content=\"article\" \/>\n<meta property=\"og:title\" content=\"Exposition : &quot;les esclavages d\u2019hier&quot; &#8212; Universit\u00e9 de Guyane\" \/>\n<meta property=\"og:description\" content=\"D\u00e9couvrez l&#039;exposition sur l&#039;esclavage : de l&#039;Antiquit\u00e9 au commerce triangulaire et aux abolitions successives. Une comm\u00e9moration de l&#039;abolition de l&#039;esclavage en France et aux \u00c9tats-Unis.\" \/>\n<meta property=\"og:url\" content=\"https:\/\/www.univ-guyane.fr\/es\/2022\/06\/07\/exposition-les-esclavages-dhier\/\" \/>\n<meta property=\"og:site_name\" content=\"Universit\u00e9 de Guyane\" \/>\n<meta property=\"article:publisher\" content=\"https:\/\/www.facebook.com\/univguyane\" \/>\n<meta property=\"article:published_time\" content=\"2022-06-07T18:36:49+00:00\" \/>\n<meta property=\"article:modified_time\" content=\"2024-06-20T18:40:33+00:00\" \/>\n<meta property=\"og:image\" content=\"https:\/\/www.univ-guyane.fr\/wp-content\/uploads\/exposition-les-esclavages-d-hier-universite-de-guyane.jpg\" \/>\n\t<meta property=\"og:image:width\" content=\"1920\" \/>\n\t<meta property=\"og:image:height\" content=\"1080\" \/>\n\t<meta property=\"og:image:type\" content=\"image\/jpeg\" \/>\n<meta name=\"author\" content=\"Erick Loiti\u00e8re\" \/>\n<meta name=\"twitter:card\" content=\"summary_large_image\" \/>\n<meta name=\"twitter:creator\" content=\"@univguyane\" \/>\n<meta name=\"twitter:site\" content=\"@univguyane\" \/>\n<meta name=\"twitter:label1\" content=\"Escrito por\" \/>\n\t<meta name=\"twitter:data1\" content=\"Erick Loiti\u00e8re\" \/>\n\t<meta name=\"twitter:label2\" content=\"Tiempo de lectura\" \/>\n\t<meta name=\"twitter:data2\" content=\"2 minutos\" \/>\n<script type=\"application\/ld+json\" class=\"yoast-schema-graph\">{\"@context\":\"https:\\\/\\\/schema.org\",\"@graph\":[{\"@type\":\"Article\",\"@id\":\"https:\\\/\\\/www.univ-guyane.fr\\\/2022\\\/06\\\/07\\\/exposition-les-esclavages-dhier\\\/#article\",\"isPartOf\":{\"@id\":\"https:\\\/\\\/www.univ-guyane.fr\\\/2022\\\/06\\\/07\\\/exposition-les-esclavages-dhier\\\/\"},\"author\":{\"name\":\"Erick Loiti\u00e8re\",\"@id\":\"https:\\\/\\\/www.univ-guyane.fr\\\/#\\\/schema\\\/person\\\/86d946a28a8be51bb096ccfdf19db179\"},\"headline\":\"Exposition : \u00ab\u00a0les esclavages d\u2019hier\u00a0\u00bb\",\"datePublished\":\"2022-06-07T18:36:49+00:00\",\"dateModified\":\"2024-06-20T18:40:33+00:00\",\"mainEntityOfPage\":{\"@id\":\"https:\\\/\\\/www.univ-guyane.fr\\\/2022\\\/06\\\/07\\\/exposition-les-esclavages-dhier\\\/\"},\"wordCount\":505,\"publisher\":{\"@id\":\"https:\\\/\\\/www.univ-guyane.fr\\\/#organization\"},\"image\":{\"@id\":\"https:\\\/\\\/www.univ-guyane.fr\\\/2022\\\/06\\\/07\\\/exposition-les-esclavages-dhier\\\/#primaryimage\"},\"thumbnailUrl\":\"https:\\\/\\\/www.univ-guyane.fr\\\/wp-content\\\/uploads\\\/exposition-les-esclavages-d-hier-universite-de-guyane.jpg\",\"articleSection\":[\"\u2022 Biblioth\u00e8que\"],\"inLanguage\":\"es\"},{\"@type\":\"WebPage\",\"@id\":\"https:\\\/\\\/www.univ-guyane.fr\\\/2022\\\/06\\\/07\\\/exposition-les-esclavages-dhier\\\/\",\"url\":\"https:\\\/\\\/www.univ-guyane.fr\\\/2022\\\/06\\\/07\\\/exposition-les-esclavages-dhier\\\/\",\"name\":\"Exposition : \\\"les esclavages d\u2019hier\\\" &#8212; Universit\u00e9 de Guyane\",\"isPartOf\":{\"@id\":\"https:\\\/\\\/www.univ-guyane.fr\\\/#website\"},\"primaryImageOfPage\":{\"@id\":\"https:\\\/\\\/www.univ-guyane.fr\\\/2022\\\/06\\\/07\\\/exposition-les-esclavages-dhier\\\/#primaryimage\"},\"image\":{\"@id\":\"https:\\\/\\\/www.univ-guyane.fr\\\/2022\\\/06\\\/07\\\/exposition-les-esclavages-dhier\\\/#primaryimage\"},\"thumbnailUrl\":\"https:\\\/\\\/www.univ-guyane.fr\\\/wp-content\\\/uploads\\\/exposition-les-esclavages-d-hier-universite-de-guyane.jpg\",\"datePublished\":\"2022-06-07T18:36:49+00:00\",\"dateModified\":\"2024-06-20T18:40:33+00:00\",\"description\":\"D\u00e9couvrez l'exposition sur l'esclavage : de l'Antiquit\u00e9 au commerce triangulaire et aux abolitions successives. Une comm\u00e9moration de l'abolition de l'esclavage en France et aux \u00c9tats-Unis.\",\"breadcrumb\":{\"@id\":\"https:\\\/\\\/www.univ-guyane.fr\\\/2022\\\/06\\\/07\\\/exposition-les-esclavages-dhier\\\/#breadcrumb\"},\"inLanguage\":\"es\",\"potentialAction\":[{\"@type\":\"ReadAction\",\"target\":[\"https:\\\/\\\/www.univ-guyane.fr\\\/2022\\\/06\\\/07\\\/exposition-les-esclavages-dhier\\\/\"]}]},{\"@type\":\"ImageObject\",\"inLanguage\":\"es\",\"@id\":\"https:\\\/\\\/www.univ-guyane.fr\\\/2022\\\/06\\\/07\\\/exposition-les-esclavages-dhier\\\/#primaryimage\",\"url\":\"https:\\\/\\\/www.univ-guyane.fr\\\/wp-content\\\/uploads\\\/exposition-les-esclavages-d-hier-universite-de-guyane.jpg\",\"contentUrl\":\"https:\\\/\\\/www.univ-guyane.fr\\\/wp-content\\\/uploads\\\/exposition-les-esclavages-d-hier-universite-de-guyane.jpg\",\"width\":1920,\"height\":1080,\"caption\":\"Exposition : \\\"les esclavages d\u2019hier\\\"\"},{\"@type\":\"BreadcrumbList\",\"@id\":\"https:\\\/\\\/www.univ-guyane.fr\\\/2022\\\/06\\\/07\\\/exposition-les-esclavages-dhier\\\/#breadcrumb\",\"itemListElement\":[{\"@type\":\"ListItem\",\"position\":1,\"name\":\"Accueil\",\"item\":\"https:\\\/\\\/www.univ-guyane.fr\\\/\"},{\"@type\":\"ListItem\",\"position\":2,\"name\":\"Exposition : \u00ab\u00a0les esclavages d\u2019hier\u00a0\u00bb\"}]},{\"@type\":\"WebSite\",\"@id\":\"https:\\\/\\\/www.univ-guyane.fr\\\/#website\",\"url\":\"https:\\\/\\\/www.univ-guyane.fr\\\/\",\"name\":\"Universit\u00e9 de Guyane\",\"description\":\"Au c\u0153ur de l&#039;amazonie\",\"publisher\":{\"@id\":\"https:\\\/\\\/www.univ-guyane.fr\\\/#organization\"},\"alternateName\":\"UG\",\"potentialAction\":[{\"@type\":\"SearchAction\",\"target\":{\"@type\":\"EntryPoint\",\"urlTemplate\":\"https:\\\/\\\/www.univ-guyane.fr\\\/?s={search_term_string}\"},\"query-input\":{\"@type\":\"PropertyValueSpecification\",\"valueRequired\":true,\"valueName\":\"search_term_string\"}}],\"inLanguage\":\"es\"},{\"@type\":\"Organization\",\"@id\":\"https:\\\/\\\/www.univ-guyane.fr\\\/#organization\",\"name\":\"Universit\u00e9 de Guyane\",\"alternateName\":\"UG\",\"url\":\"https:\\\/\\\/www.univ-guyane.fr\\\/\",\"logo\":{\"@type\":\"ImageObject\",\"inLanguage\":\"es\",\"@id\":\"https:\\\/\\\/www.univ-guyane.fr\\\/#\\\/schema\\\/logo\\\/image\\\/\",\"url\":\"https:\\\/\\\/www.univ-guyane.fr\\\/wp-content\\\/uploads\\\/2024\\\/05\\\/f.png\",\"contentUrl\":\"https:\\\/\\\/www.univ-guyane.fr\\\/wp-content\\\/uploads\\\/2024\\\/05\\\/f.png\",\"width\":1024,\"height\":1024,\"caption\":\"Universit\u00e9 de Guyane\"},\"image\":{\"@id\":\"https:\\\/\\\/www.univ-guyane.fr\\\/#\\\/schema\\\/logo\\\/image\\\/\"},\"sameAs\":[\"https:\\\/\\\/www.facebook.com\\\/univguyane\",\"https:\\\/\\\/x.com\\\/univguyane\",\"https:\\\/\\\/gf.linkedin.com\\\/school\\\/universite-de-guyane\\\/\",\"https:\\\/\\\/www.instagram.com\\\/univ_guyane\\\/\"]},{\"@type\":\"Person\",\"@id\":\"https:\\\/\\\/www.univ-guyane.fr\\\/#\\\/schema\\\/person\\\/86d946a28a8be51bb096ccfdf19db179\",\"name\":\"Erick Loiti\u00e8re\",\"image\":{\"@type\":\"ImageObject\",\"inLanguage\":\"es\",\"@id\":\"https:\\\/\\\/secure.gravatar.com\\\/avatar\\\/0584f332103fbeaf37e52c73b15dca3c547fd9300deb05764e9ad8714839d072?s=96&d=robohash&r=g\",\"url\":\"https:\\\/\\\/secure.gravatar.com\\\/avatar\\\/0584f332103fbeaf37e52c73b15dca3c547fd9300deb05764e9ad8714839d072?s=96&d=robohash&r=g\",\"contentUrl\":\"https:\\\/\\\/secure.gravatar.com\\\/avatar\\\/0584f332103fbeaf37e52c73b15dca3c547fd9300deb05764e9ad8714839d072?s=96&d=robohash&r=g\",\"caption\":\"Erick Loiti\u00e8re\"},\"sameAs\":[\"http:\\\/\\\/www.univ-guyane.fr\"],\"url\":\"https:\\\/\\\/www.univ-guyane.fr\\\/es\\\/author\\\/eloitierdbz\\\/\"}]}<\/script>\n<!-- \/ Yoast SEO plugin. -->","yoast_head_json":{"title":"Exposition : \"les esclavages d\u2019hier\" &#8212; Universit\u00e9 de Guyane","description":"D\u00e9couvrez l'exposition sur l'esclavage : de l'Antiquit\u00e9 au commerce triangulaire et aux abolitions successives. Une comm\u00e9moration de l'abolition de l'esclavage en France et aux \u00c9tats-Unis.","robots":{"index":"index","follow":"follow","max-snippet":"max-snippet:-1","max-image-preview":"max-image-preview:large","max-video-preview":"max-video-preview:-1"},"canonical":"https:\/\/www.univ-guyane.fr\/es\/2022\/06\/07\/exposition-les-esclavages-dhier\/","og_locale":"es_ES","og_type":"article","og_title":"Exposition : \"les esclavages d\u2019hier\" &#8212; Universit\u00e9 de Guyane","og_description":"D\u00e9couvrez l'exposition sur l'esclavage : de l'Antiquit\u00e9 au commerce triangulaire et aux abolitions successives. Une comm\u00e9moration de l'abolition de l'esclavage en France et aux \u00c9tats-Unis.","og_url":"https:\/\/www.univ-guyane.fr\/es\/2022\/06\/07\/exposition-les-esclavages-dhier\/","og_site_name":"Universit\u00e9 de Guyane","article_publisher":"https:\/\/www.facebook.com\/univguyane","article_published_time":"2022-06-07T18:36:49+00:00","article_modified_time":"2024-06-20T18:40:33+00:00","og_image":[{"width":1920,"height":1080,"url":"https:\/\/www.univ-guyane.fr\/wp-content\/uploads\/exposition-les-esclavages-d-hier-universite-de-guyane.jpg","type":"image\/jpeg"}],"author":"Erick Loiti\u00e8re","twitter_card":"summary_large_image","twitter_creator":"@univguyane","twitter_site":"@univguyane","twitter_misc":{"Escrito por":"Erick Loiti\u00e8re","Tiempo de lectura":"2 minutos"},"schema":{"@context":"https:\/\/schema.org","@graph":[{"@type":"Article","@id":"https:\/\/www.univ-guyane.fr\/2022\/06\/07\/exposition-les-esclavages-dhier\/#article","isPartOf":{"@id":"https:\/\/www.univ-guyane.fr\/2022\/06\/07\/exposition-les-esclavages-dhier\/"},"author":{"name":"Erick Loiti\u00e8re","@id":"https:\/\/www.univ-guyane.fr\/#\/schema\/person\/86d946a28a8be51bb096ccfdf19db179"},"headline":"Exposition : \u00ab\u00a0les esclavages d\u2019hier\u00a0\u00bb","datePublished":"2022-06-07T18:36:49+00:00","dateModified":"2024-06-20T18:40:33+00:00","mainEntityOfPage":{"@id":"https:\/\/www.univ-guyane.fr\/2022\/06\/07\/exposition-les-esclavages-dhier\/"},"wordCount":505,"publisher":{"@id":"https:\/\/www.univ-guyane.fr\/#organization"},"image":{"@id":"https:\/\/www.univ-guyane.fr\/2022\/06\/07\/exposition-les-esclavages-dhier\/#primaryimage"},"thumbnailUrl":"https:\/\/www.univ-guyane.fr\/wp-content\/uploads\/exposition-les-esclavages-d-hier-universite-de-guyane.jpg","articleSection":["\u2022 Biblioth\u00e8que"],"inLanguage":"es"},{"@type":"WebPage","@id":"https:\/\/www.univ-guyane.fr\/2022\/06\/07\/exposition-les-esclavages-dhier\/","url":"https:\/\/www.univ-guyane.fr\/2022\/06\/07\/exposition-les-esclavages-dhier\/","name":"Exposition : \"les esclavages d\u2019hier\" &#8212; Universit\u00e9 de Guyane","isPartOf":{"@id":"https:\/\/www.univ-guyane.fr\/#website"},"primaryImageOfPage":{"@id":"https:\/\/www.univ-guyane.fr\/2022\/06\/07\/exposition-les-esclavages-dhier\/#primaryimage"},"image":{"@id":"https:\/\/www.univ-guyane.fr\/2022\/06\/07\/exposition-les-esclavages-dhier\/#primaryimage"},"thumbnailUrl":"https:\/\/www.univ-guyane.fr\/wp-content\/uploads\/exposition-les-esclavages-d-hier-universite-de-guyane.jpg","datePublished":"2022-06-07T18:36:49+00:00","dateModified":"2024-06-20T18:40:33+00:00","description":"D\u00e9couvrez l'exposition sur l'esclavage : de l'Antiquit\u00e9 au commerce triangulaire et aux abolitions successives. Une comm\u00e9moration de l'abolition de l'esclavage en France et aux \u00c9tats-Unis.","breadcrumb":{"@id":"https:\/\/www.univ-guyane.fr\/2022\/06\/07\/exposition-les-esclavages-dhier\/#breadcrumb"},"inLanguage":"es","potentialAction":[{"@type":"ReadAction","target":["https:\/\/www.univ-guyane.fr\/2022\/06\/07\/exposition-les-esclavages-dhier\/"]}]},{"@type":"ImageObject","inLanguage":"es","@id":"https:\/\/www.univ-guyane.fr\/2022\/06\/07\/exposition-les-esclavages-dhier\/#primaryimage","url":"https:\/\/www.univ-guyane.fr\/wp-content\/uploads\/exposition-les-esclavages-d-hier-universite-de-guyane.jpg","contentUrl":"https:\/\/www.univ-guyane.fr\/wp-content\/uploads\/exposition-les-esclavages-d-hier-universite-de-guyane.jpg","width":1920,"height":1080,"caption":"Exposition : \"les esclavages d\u2019hier\""},{"@type":"BreadcrumbList","@id":"https:\/\/www.univ-guyane.fr\/2022\/06\/07\/exposition-les-esclavages-dhier\/#breadcrumb","itemListElement":[{"@type":"ListItem","position":1,"name":"Accueil","item":"https:\/\/www.univ-guyane.fr\/"},{"@type":"ListItem","position":2,"name":"Exposition : \u00ab\u00a0les esclavages d\u2019hier\u00a0\u00bb"}]},{"@type":"WebSite","@id":"https:\/\/www.univ-guyane.fr\/#website","url":"https:\/\/www.univ-guyane.fr\/","name":"Universidad de Guyana","description":"En el coraz\u00f3n de la Amazonia","publisher":{"@id":"https:\/\/www.univ-guyane.fr\/#organization"},"alternateName":"UG","potentialAction":[{"@type":"SearchAction","target":{"@type":"EntryPoint","urlTemplate":"https:\/\/www.univ-guyane.fr\/?s={search_term_string}"},"query-input":{"@type":"PropertyValueSpecification","valueRequired":true,"valueName":"search_term_string"}}],"inLanguage":"es"},{"@type":"Organization","@id":"https:\/\/www.univ-guyane.fr\/#organization","name":"Universidad de Guyana","alternateName":"UG","url":"https:\/\/www.univ-guyane.fr\/","logo":{"@type":"ImageObject","inLanguage":"es","@id":"https:\/\/www.univ-guyane.fr\/#\/schema\/logo\/image\/","url":"https:\/\/www.univ-guyane.fr\/wp-content\/uploads\/2024\/05\/f.png","contentUrl":"https:\/\/www.univ-guyane.fr\/wp-content\/uploads\/2024\/05\/f.png","width":1024,"height":1024,"caption":"Universit\u00e9 de Guyane"},"image":{"@id":"https:\/\/www.univ-guyane.fr\/#\/schema\/logo\/image\/"},"sameAs":["https:\/\/www.facebook.com\/univguyane","https:\/\/x.com\/univguyane","https:\/\/gf.linkedin.com\/school\/universite-de-guyane\/","https:\/\/www.instagram.com\/univ_guyane\/"]},{"@type":"Person","@id":"https:\/\/www.univ-guyane.fr\/#\/schema\/person\/86d946a28a8be51bb096ccfdf19db179","name":"Erick Loiti\u00e8re","image":{"@type":"ImageObject","inLanguage":"es","@id":"https:\/\/secure.gravatar.com\/avatar\/0584f332103fbeaf37e52c73b15dca3c547fd9300deb05764e9ad8714839d072?s=96&d=robohash&r=g","url":"https:\/\/secure.gravatar.com\/avatar\/0584f332103fbeaf37e52c73b15dca3c547fd9300deb05764e9ad8714839d072?s=96&d=robohash&r=g","contentUrl":"https:\/\/secure.gravatar.com\/avatar\/0584f332103fbeaf37e52c73b15dca3c547fd9300deb05764e9ad8714839d072?s=96&d=robohash&r=g","caption":"Erick Loiti\u00e8re"},"sameAs":["http:\/\/www.univ-guyane.fr"],"url":"https:\/\/www.univ-guyane.fr\/es\/author\/eloitierdbz\/"}]}},"_links":{"self":[{"href":"https:\/\/www.univ-guyane.fr\/es\/wp-json\/wp\/v2\/posts\/8892","targetHints":{"allow":["GET"]}}],"collection":[{"href":"https:\/\/www.univ-guyane.fr\/es\/wp-json\/wp\/v2\/posts"}],"about":[{"href":"https:\/\/www.univ-guyane.fr\/es\/wp-json\/wp\/v2\/types\/post"}],"author":[{"embeddable":true,"href":"https:\/\/www.univ-guyane.fr\/es\/wp-json\/wp\/v2\/users\/1"}],"replies":[{"embeddable":true,"href":"https:\/\/www.univ-guyane.fr\/es\/wp-json\/wp\/v2\/comments?post=8892"}],"version-history":[{"count":2,"href":"https:\/\/www.univ-guyane.fr\/es\/wp-json\/wp\/v2\/posts\/8892\/revisions"}],"predecessor-version":[{"id":8895,"href":"https:\/\/www.univ-guyane.fr\/es\/wp-json\/wp\/v2\/posts\/8892\/revisions\/8895"}],"wp:featuredmedia":[{"embeddable":true,"href":"https:\/\/www.univ-guyane.fr\/es\/wp-json\/wp\/v2\/media\/8893"}],"wp:attachment":[{"href":"https:\/\/www.univ-guyane.fr\/es\/wp-json\/wp\/v2\/media?parent=8892"}],"wp:term":[{"taxonomy":"category","embeddable":true,"href":"https:\/\/www.univ-guyane.fr\/es\/wp-json\/wp\/v2\/categories?post=8892"},{"taxonomy":"post_tag","embeddable":true,"href":"https:\/\/www.univ-guyane.fr\/es\/wp-json\/wp\/v2\/tags?post=8892"}],"curies":[{"name":"wp","href":"https:\/\/api.w.org\/{rel}","templated":true}]}}