{"id":8999,"date":"2018-01-02T10:46:03","date_gmt":"2018-01-02T13:46:03","guid":{"rendered":"https:\/\/www.univ-guyane.fr\/?p=8999"},"modified":"2024-07-15T11:25:25","modified_gmt":"2024-07-15T14:25:25","slug":"tristan-un-etudiant-aux-multiples-casquettes","status":"publish","type":"post","link":"https:\/\/www.univ-guyane.fr\/es\/2018\/01\/02\/tristan-un-etudiant-aux-multiples-casquettes\/","title":{"rendered":"Trist\u00e1n, un estudiante con varios sombreros"},"content":{"rendered":"<div id=\"fws_69f3ce777e5e1\"  data-column-margin=\"default\" data-midnight=\"dark\"  class=\"wpb_row vc_row-fluid vc_row\"  style=\"padding-top: 0px; padding-bottom: 0px; \"><div class=\"row-bg-wrap\" data-bg-animation=\"none\" data-bg-animation-delay=\"\" data-bg-overlay=\"false\"><div class=\"inner-wrap row-bg-layer\" ><div class=\"row-bg viewport-desktop\"  style=\"\"><\/div><\/div><\/div><div class=\"row_col_wrap_12 col span_12 dark left\">\n\t<div  class=\"vc_col-sm-12 wpb_column column_container vc_column_container col no-extra-padding inherit_tablet inherit_phone\"  data-padding-pos=\"all\" data-has-bg-color=\"false\" data-bg-color=\"\" data-bg-opacity=\"1\" data-animation=\"\" data-delay=\"0\" >\n\t\t<div class=\"vc_column-inner\" >\n\t\t\t<div class=\"wpb_wrapper\">\n\t\t\t\t\n<div class=\"wpb_text_column wpb_content_element  chapo\" >\n\t<h2>Tristan Baudrit, estudiante de segundo curso de literatura, es actualmente vicepresidente estudiantil de la Universidad de Guyana. Nos habla de su trabajo y de su carrera como representante electo. Es un trabajo que le toca muy de cerca.<\/h2>\n<\/div>\n\n\n\n\n<div class=\"wpb_text_column wpb_content_element\" >\n\t<h3>Por favor, pres\u00e9ntese. \u00bfCu\u00e1l es su trayectoria como estudiante?<\/h3>\n<p>Me llamo Tristan Baudrit, tengo 26 a\u00f1os y vivo en la Guayana Francesa desde hace m\u00e1s de 12 a\u00f1os. Llegu\u00e9 aqu\u00ed con 13 a\u00f1os y aqu\u00ed pas\u00e9 la mayor parte de mi escolaridad: secundaria y bachillerato. Incluso tuve la oportunidad de estudiar en la antigua UAG (Universit\u00e9 des Antilles-Guyane). Durante mi estancia en la universidad prob\u00e9 varias carreras, L.E.A, A.E.S, Derecho, ninguna de las cuales me convenc\u00eda, hasta que el a\u00f1o pasado descubr\u00ed la carrera de Literatura. Ahora estoy en mi segundo a\u00f1o y me est\u00e1 gustando mucho. Por fin he descubierto mi voz.<\/p>\n<h3>\u00bfPor qu\u00e9 eligi\u00f3 ser Vicepresidente Estudiantil?<\/h3>\n<p>La decisi\u00f3n de convertirme en Vicepresidente de Estudiantes surgi\u00f3 de forma gradual y natural. De hecho, ya participaba en la vida de la comunidad estudiantil con mis amigos de la asociaci\u00f3n Lettres, con quienes organizamos las salidas a Mana. A trav\u00e9s de esta actividad, conoc\u00ed al anterior Vicepresidente estudiantil y fui descubriendo poco a poco esta funci\u00f3n. El resto es bastante sencillo: las elecciones estaban a la vuelta de la esquina y yo me interesaba cada vez m\u00e1s por la vida estudiantil y comunitaria. As\u00ed que trabaj\u00e9 con mis compa\u00f1eros para crear nuestra lista para las elecciones al Consejo Acad\u00e9mico, y discutimos mis proyectos como vicepresidenta estudiantil, en los que me ayudaron mucho y me siguen apoyando.<\/p>\n<h3>\u00bfA qu\u00e9 se dedica? \u00bfCu\u00e1l es su papel como representante de los estudiantes?<\/h3>\n<p>Mi cometido es muy amplio: represento a todos los estudiantes en todos los \u00e1mbitos de la universidad. Estoy autorizado a representarlos y asesorarlos, sea cual sea su departamento, curso o nivel de estudios.<br \/>\nPara ello, intervengo ante todo en \u00f3rganos como el Consejo Acad\u00e9mico, el Consejo Superior y la Comisi\u00f3n de Cultura, para asegurarme de que se escuche la voz de mis compa\u00f1eros. Pero m\u00e1s all\u00e1 de esta vertiente m\u00e1s pol\u00edtica, existe tambi\u00e9n una vertiente m\u00e1s \"de base\", que consiste en ir directamente a reunirme con la administraci\u00f3n: el Departamento de Asuntos Estudiantiles (DSRVE), el Departamento de Asuntos Jur\u00eddicos (DAJMPA), los profesores e incluso el Presidente. Estas reuniones nos permiten profundizar en determinados temas, para poder avanzar en las peticiones y proyectos de los estudiantes. Es un trabajo que puede llevar bastante tiempo y requiere mucha paciencia. Hay que tomarse el tiempo necesario para escuchar a los estudiantes, comprender sus dificultades, analizar las posibles soluciones y conocer a las personas adecuadas con las que hablar. Por \u00faltimo, gran parte de nuestro trabajo consiste en estar en contacto con las asociaciones de estudiantes. Tenemos que apoyarles en sus proyectos, ayudarles a ponerlos en marcha y ponerles en contacto con las personas adecuadas. Todas estas tareas se llevan a cabo en colaboraci\u00f3n con mis compa\u00f1eros representantes electos de los estudiantes.<\/p>\n<h3>\u00bfCree que los estudiantes de hoy est\u00e1n suficientemente comprometidos?<\/h3>\n<p>Es algo que mis amigos y yo observamos con regularidad: no, los estudiantes no se implican lo suficiente. Tenemos gente maravillosa que dedica much\u00edsimo tiempo a la vida estudiantil y comunitaria, pero siguen siendo minor\u00eda. Muchos estudiantes no se implican y nosotros tratamos regularmente de concienciarlos e inculcarles una cultura del compromiso.<\/p>\n<h3>\u00bfCu\u00e1les son las cualidades necesarias para ser Vicepresidente Estudiantil?<\/h3>\n<p>En mi opini\u00f3n, para ser Vicepresidente estudiantil, primero hay que ser diplom\u00e1tico. El trabajo requiere muchas habilidades interpersonales, capacidad de escucha y empat\u00eda, as\u00ed que eso es fundamental. Tambi\u00e9n hay que ser capaz de soportar la presi\u00f3n y el estr\u00e9s, estar muy motivado y, sobre todo, tener mucha imaginaci\u00f3n y fuerza de voluntad. Al fin y al cabo, somos nosotros quienes damos forma a este papel a nuestra propia imagen, \u00a1y cada Vicepresidente tiene que a\u00f1adir su toque personal!<\/p>\n<h3>\u00bfC\u00f3mo gestiona su doble papel de Vicepresidente estudiantil y estudiante universitario?<\/h3>\n<p>Puedo decir que en este segundo a\u00f1o de carrera y a mitad de mi mandato como Vicepresidente de Estudiantes, me siento mucho m\u00e1s a gusto con mis dos sombreros, tanto en mis relaciones con la administraci\u00f3n o los profesores, como en mi trabajo personal. El a\u00f1o pasado fue mucho m\u00e1s complicado, porque todo era cuesti\u00f3n de compaginar los cursos y el trabajo. Necesit\u00e9 mucho tiempo para encontrar el equilibrio perfecto para que una actividad no se impusiera a la otra. No fue f\u00e1cil, y al principio mis resultados escolares se vieron afectados, pero ahora soy mucho m\u00e1s cuidadosa con el tiempo que dedico a cada actividad; aunque d\u00e9 prioridad a mis estudios, \u00e9se sigue siendo mi objetivo principal.<\/p>\n<h3>\u00bfQu\u00e9 aporta este papel a tu vida?<\/h3>\n<p>Este trabajo me ha aportado mucho en t\u00e9rminos de habilidades interpersonales. He podido desarrollar muchas habilidades y madurar, adem\u00e1s de comprender mejor c\u00f3mo funciona la universidad en su conjunto. He aprendido mucho participando en comit\u00e9s. Pero, sobre todo, me ha permitido trabajar en varias \u00e1reas, ser vers\u00e1til y, por tanto, tener mayor flexibilidad y soltura en diferentes \u00e1mbitos administrativos. \u00a1Tambi\u00e9n he disfrutado de unos c\u00f3cteles estupendos en la universidad!<\/p>\n<h3>Y para el futuro, \u00bfpiensa seguir en pol\u00edtica?<\/h3>\n<p>En cuanto al futuro, s\u00f3lo tengo una cosa clara: voy a seguir estudiando. Si tengo la oportunidad, me implicar\u00e9 por mis compa\u00f1eros, est\u00e9 donde est\u00e9, pero no tengo grandes planes pol\u00edticos.<\/p>\n<h3>\u00bfQu\u00e9 planes tiene para el futuro?<\/h3>\n<p>He tenido tiempo de pensarlo y ahora que he encontrado mi voz gracias a la carrera de Humanidades que me gusta, voy a seguir con ella. Me gustar\u00eda hacer un m\u00e1ster de franc\u00e9s (MEEF) y dedicarme a la ense\u00f1anza secundaria. Descubr\u00ed la profesi\u00f3n de profesor durante unas pr\u00e1cticas en el marco de mi formaci\u00f3n, y debo decir que fue toda una revelaci\u00f3n. Me gust\u00f3 mucho, as\u00ed que voy a armarme de valor y continuar mis estudios en esta direcci\u00f3n con la formaci\u00f3n en alternancia.<\/p>\n<\/div>\n\n\n\n\n\t\t\t<\/div> \n\t\t<\/div>\n\t<\/div> \n<\/div><\/div>","protected":false},"excerpt":{"rendered":"Tristan Baudrit, estudiante de segundo curso de literatura, es actualmente vicepresidente estudiantil de la Universidad de...","protected":false},"author":1,"featured_media":9000,"comment_status":"closed","ping_status":"open","sticky":false,"template":"","format":"standard","meta":{"iawp_total_views":24,"footnotes":""},"categories":[196],"tags":[197],"class_list":{"0":"post-8999","1":"post","2":"type-post","3":"status-publish","4":"format-standard","5":"has-post-thumbnail","7":"category-portraits","8":"tag-portraits"},"yoast_head":"<!-- This site is optimized with the Yoast SEO plugin v27.5 - https:\/\/yoast.com\/product\/yoast-seo-wordpress\/ -->\n<title>Tristan \u2014 un \u00e9tudiant aux multiples casquettes &#8212; Universit\u00e9 de Guyane<\/title>\n<meta name=\"description\" content=\"D\u00e9couvrez le parcours de Tristan Baudrit, \u00e9tudiant en Lettres en Guyane. Apprenez comment il a trouv\u00e9 sa voie et pourquoi il a choisi d&#039;\u00eatre VP \u00e9tudiant.\" \/>\n<meta name=\"robots\" content=\"index, follow, max-snippet:-1, max-image-preview:large, max-video-preview:-1\" \/>\n<link rel=\"canonical\" href=\"https:\/\/www.univ-guyane.fr\/es\/2018\/01\/02\/tristan-un-etudiant-aux-multiples-casquettes\/\" \/>\n<meta property=\"og:locale\" content=\"es_ES\" \/>\n<meta property=\"og:type\" content=\"article\" \/>\n<meta property=\"og:title\" content=\"Tristan \u2014 un \u00e9tudiant aux multiples casquettes &#8212; Universit\u00e9 de Guyane\" \/>\n<meta property=\"og:description\" content=\"D\u00e9couvrez le parcours de Tristan Baudrit, \u00e9tudiant en Lettres en Guyane. Apprenez comment il a trouv\u00e9 sa voie et pourquoi il a choisi d&#039;\u00eatre VP \u00e9tudiant.\" \/>\n<meta property=\"og:url\" content=\"https:\/\/www.univ-guyane.fr\/es\/2018\/01\/02\/tristan-un-etudiant-aux-multiples-casquettes\/\" \/>\n<meta property=\"og:site_name\" content=\"Universit\u00e9 de Guyane\" \/>\n<meta property=\"article:publisher\" content=\"https:\/\/www.facebook.com\/univguyane\" \/>\n<meta property=\"article:published_time\" content=\"2018-01-02T13:46:03+00:00\" \/>\n<meta property=\"article:modified_time\" content=\"2024-07-15T14:25:25+00:00\" \/>\n<meta property=\"og:image\" content=\"https:\/\/www.univ-guyane.fr\/wp-content\/uploads\/tristan-baudrit-vp-etudiant-universite-de-guyane-0398.jpeg\" \/>\n\t<meta property=\"og:image:width\" content=\"1200\" \/>\n\t<meta property=\"og:image:height\" content=\"800\" \/>\n\t<meta property=\"og:image:type\" content=\"image\/jpeg\" \/>\n<meta name=\"author\" content=\"Erick Loiti\u00e8re\" \/>\n<meta name=\"twitter:card\" content=\"summary_large_image\" \/>\n<meta name=\"twitter:creator\" content=\"@univguyane\" \/>\n<meta name=\"twitter:site\" content=\"@univguyane\" \/>\n<meta name=\"twitter:label1\" content=\"Escrito por\" \/>\n\t<meta name=\"twitter:data1\" content=\"Erick Loiti\u00e8re\" \/>\n\t<meta name=\"twitter:label2\" content=\"Tiempo de lectura\" \/>\n\t<meta name=\"twitter:data2\" content=\"6 minutos\" \/>\n<script type=\"application\/ld+json\" class=\"yoast-schema-graph\">{\"@context\":\"https:\\\/\\\/schema.org\",\"@graph\":[{\"@type\":\"Article\",\"@id\":\"https:\\\/\\\/www.univ-guyane.fr\\\/2018\\\/01\\\/02\\\/tristan-un-etudiant-aux-multiples-casquettes\\\/#article\",\"isPartOf\":{\"@id\":\"https:\\\/\\\/www.univ-guyane.fr\\\/2018\\\/01\\\/02\\\/tristan-un-etudiant-aux-multiples-casquettes\\\/\"},\"author\":{\"name\":\"Erick Loiti\u00e8re\",\"@id\":\"https:\\\/\\\/www.univ-guyane.fr\\\/#\\\/schema\\\/person\\\/86d946a28a8be51bb096ccfdf19db179\"},\"headline\":\"Tristan \u2014 un \u00e9tudiant aux multiples casquettes\",\"datePublished\":\"2018-01-02T13:46:03+00:00\",\"dateModified\":\"2024-07-15T14:25:25+00:00\",\"mainEntityOfPage\":{\"@id\":\"https:\\\/\\\/www.univ-guyane.fr\\\/2018\\\/01\\\/02\\\/tristan-un-etudiant-aux-multiples-casquettes\\\/\"},\"wordCount\":1321,\"publisher\":{\"@id\":\"https:\\\/\\\/www.univ-guyane.fr\\\/#organization\"},\"image\":{\"@id\":\"https:\\\/\\\/www.univ-guyane.fr\\\/2018\\\/01\\\/02\\\/tristan-un-etudiant-aux-multiples-casquettes\\\/#primaryimage\"},\"thumbnailUrl\":\"https:\\\/\\\/www.univ-guyane.fr\\\/wp-content\\\/uploads\\\/tristan-baudrit-vp-etudiant-universite-de-guyane-0398.jpeg\",\"keywords\":[\"Portraits\"],\"articleSection\":[\"\u2022\u00a0Portraits\"],\"inLanguage\":\"es\"},{\"@type\":\"WebPage\",\"@id\":\"https:\\\/\\\/www.univ-guyane.fr\\\/2018\\\/01\\\/02\\\/tristan-un-etudiant-aux-multiples-casquettes\\\/\",\"url\":\"https:\\\/\\\/www.univ-guyane.fr\\\/2018\\\/01\\\/02\\\/tristan-un-etudiant-aux-multiples-casquettes\\\/\",\"name\":\"Tristan \u2014 un \u00e9tudiant aux multiples casquettes &#8212; Universit\u00e9 de Guyane\",\"isPartOf\":{\"@id\":\"https:\\\/\\\/www.univ-guyane.fr\\\/#website\"},\"primaryImageOfPage\":{\"@id\":\"https:\\\/\\\/www.univ-guyane.fr\\\/2018\\\/01\\\/02\\\/tristan-un-etudiant-aux-multiples-casquettes\\\/#primaryimage\"},\"image\":{\"@id\":\"https:\\\/\\\/www.univ-guyane.fr\\\/2018\\\/01\\\/02\\\/tristan-un-etudiant-aux-multiples-casquettes\\\/#primaryimage\"},\"thumbnailUrl\":\"https:\\\/\\\/www.univ-guyane.fr\\\/wp-content\\\/uploads\\\/tristan-baudrit-vp-etudiant-universite-de-guyane-0398.jpeg\",\"datePublished\":\"2018-01-02T13:46:03+00:00\",\"dateModified\":\"2024-07-15T14:25:25+00:00\",\"description\":\"D\u00e9couvrez le parcours de Tristan Baudrit, \u00e9tudiant en Lettres en Guyane. Apprenez comment il a trouv\u00e9 sa voie et pourquoi il a choisi d'\u00eatre VP \u00e9tudiant.\",\"breadcrumb\":{\"@id\":\"https:\\\/\\\/www.univ-guyane.fr\\\/2018\\\/01\\\/02\\\/tristan-un-etudiant-aux-multiples-casquettes\\\/#breadcrumb\"},\"inLanguage\":\"es\",\"potentialAction\":[{\"@type\":\"ReadAction\",\"target\":[\"https:\\\/\\\/www.univ-guyane.fr\\\/2018\\\/01\\\/02\\\/tristan-un-etudiant-aux-multiples-casquettes\\\/\"]}]},{\"@type\":\"ImageObject\",\"inLanguage\":\"es\",\"@id\":\"https:\\\/\\\/www.univ-guyane.fr\\\/2018\\\/01\\\/02\\\/tristan-un-etudiant-aux-multiples-casquettes\\\/#primaryimage\",\"url\":\"https:\\\/\\\/www.univ-guyane.fr\\\/wp-content\\\/uploads\\\/tristan-baudrit-vp-etudiant-universite-de-guyane-0398.jpeg\",\"contentUrl\":\"https:\\\/\\\/www.univ-guyane.fr\\\/wp-content\\\/uploads\\\/tristan-baudrit-vp-etudiant-universite-de-guyane-0398.jpeg\",\"width\":1200,\"height\":800,\"caption\":\"Tristan \u2014 un \u00e9tudiant aux multiples casquettes\"},{\"@type\":\"BreadcrumbList\",\"@id\":\"https:\\\/\\\/www.univ-guyane.fr\\\/2018\\\/01\\\/02\\\/tristan-un-etudiant-aux-multiples-casquettes\\\/#breadcrumb\",\"itemListElement\":[{\"@type\":\"ListItem\",\"position\":1,\"name\":\"Accueil\",\"item\":\"https:\\\/\\\/www.univ-guyane.fr\\\/\"},{\"@type\":\"ListItem\",\"position\":2,\"name\":\"Tristan \u2014 un \u00e9tudiant aux multiples casquettes\"}]},{\"@type\":\"WebSite\",\"@id\":\"https:\\\/\\\/www.univ-guyane.fr\\\/#website\",\"url\":\"https:\\\/\\\/www.univ-guyane.fr\\\/\",\"name\":\"Universit\u00e9 de Guyane\",\"description\":\"Au c\u0153ur de l&#039;amazonie\",\"publisher\":{\"@id\":\"https:\\\/\\\/www.univ-guyane.fr\\\/#organization\"},\"alternateName\":\"UG\",\"potentialAction\":[{\"@type\":\"SearchAction\",\"target\":{\"@type\":\"EntryPoint\",\"urlTemplate\":\"https:\\\/\\\/www.univ-guyane.fr\\\/?s={search_term_string}\"},\"query-input\":{\"@type\":\"PropertyValueSpecification\",\"valueRequired\":true,\"valueName\":\"search_term_string\"}}],\"inLanguage\":\"es\"},{\"@type\":\"Organization\",\"@id\":\"https:\\\/\\\/www.univ-guyane.fr\\\/#organization\",\"name\":\"Universit\u00e9 de Guyane\",\"alternateName\":\"UG\",\"url\":\"https:\\\/\\\/www.univ-guyane.fr\\\/\",\"logo\":{\"@type\":\"ImageObject\",\"inLanguage\":\"es\",\"@id\":\"https:\\\/\\\/www.univ-guyane.fr\\\/#\\\/schema\\\/logo\\\/image\\\/\",\"url\":\"https:\\\/\\\/www.univ-guyane.fr\\\/wp-content\\\/uploads\\\/2024\\\/05\\\/f.png\",\"contentUrl\":\"https:\\\/\\\/www.univ-guyane.fr\\\/wp-content\\\/uploads\\\/2024\\\/05\\\/f.png\",\"width\":1024,\"height\":1024,\"caption\":\"Universit\u00e9 de Guyane\"},\"image\":{\"@id\":\"https:\\\/\\\/www.univ-guyane.fr\\\/#\\\/schema\\\/logo\\\/image\\\/\"},\"sameAs\":[\"https:\\\/\\\/www.facebook.com\\\/univguyane\",\"https:\\\/\\\/x.com\\\/univguyane\",\"https:\\\/\\\/gf.linkedin.com\\\/school\\\/universite-de-guyane\\\/\",\"https:\\\/\\\/www.instagram.com\\\/univ_guyane\\\/\"]},{\"@type\":\"Person\",\"@id\":\"https:\\\/\\\/www.univ-guyane.fr\\\/#\\\/schema\\\/person\\\/86d946a28a8be51bb096ccfdf19db179\",\"name\":\"Erick Loiti\u00e8re\",\"image\":{\"@type\":\"ImageObject\",\"inLanguage\":\"es\",\"@id\":\"https:\\\/\\\/secure.gravatar.com\\\/avatar\\\/0584f332103fbeaf37e52c73b15dca3c547fd9300deb05764e9ad8714839d072?s=96&d=robohash&r=g\",\"url\":\"https:\\\/\\\/secure.gravatar.com\\\/avatar\\\/0584f332103fbeaf37e52c73b15dca3c547fd9300deb05764e9ad8714839d072?s=96&d=robohash&r=g\",\"contentUrl\":\"https:\\\/\\\/secure.gravatar.com\\\/avatar\\\/0584f332103fbeaf37e52c73b15dca3c547fd9300deb05764e9ad8714839d072?s=96&d=robohash&r=g\",\"caption\":\"Erick Loiti\u00e8re\"},\"sameAs\":[\"http:\\\/\\\/www.univ-guyane.fr\"],\"url\":\"https:\\\/\\\/www.univ-guyane.fr\\\/es\\\/author\\\/eloitierdbz\\\/\"}]}<\/script>\n<!-- \/ Yoast SEO plugin. -->","yoast_head_json":{"title":"Tristan \u2014 un \u00e9tudiant aux multiples casquettes &#8212; Universit\u00e9 de Guyane","description":"D\u00e9couvrez le parcours de Tristan Baudrit, \u00e9tudiant en Lettres en Guyane. Apprenez comment il a trouv\u00e9 sa voie et pourquoi il a choisi d'\u00eatre VP \u00e9tudiant.","robots":{"index":"index","follow":"follow","max-snippet":"max-snippet:-1","max-image-preview":"max-image-preview:large","max-video-preview":"max-video-preview:-1"},"canonical":"https:\/\/www.univ-guyane.fr\/es\/2018\/01\/02\/tristan-un-etudiant-aux-multiples-casquettes\/","og_locale":"es_ES","og_type":"article","og_title":"Tristan \u2014 un \u00e9tudiant aux multiples casquettes &#8212; Universit\u00e9 de Guyane","og_description":"D\u00e9couvrez le parcours de Tristan Baudrit, \u00e9tudiant en Lettres en Guyane. Apprenez comment il a trouv\u00e9 sa voie et pourquoi il a choisi d'\u00eatre VP \u00e9tudiant.","og_url":"https:\/\/www.univ-guyane.fr\/es\/2018\/01\/02\/tristan-un-etudiant-aux-multiples-casquettes\/","og_site_name":"Universit\u00e9 de Guyane","article_publisher":"https:\/\/www.facebook.com\/univguyane","article_published_time":"2018-01-02T13:46:03+00:00","article_modified_time":"2024-07-15T14:25:25+00:00","og_image":[{"width":1200,"height":800,"url":"https:\/\/www.univ-guyane.fr\/wp-content\/uploads\/tristan-baudrit-vp-etudiant-universite-de-guyane-0398.jpeg","type":"image\/jpeg"}],"author":"Erick Loiti\u00e8re","twitter_card":"summary_large_image","twitter_creator":"@univguyane","twitter_site":"@univguyane","twitter_misc":{"Escrito por":"Erick Loiti\u00e8re","Tiempo de lectura":"6 minutos"},"schema":{"@context":"https:\/\/schema.org","@graph":[{"@type":"Article","@id":"https:\/\/www.univ-guyane.fr\/2018\/01\/02\/tristan-un-etudiant-aux-multiples-casquettes\/#article","isPartOf":{"@id":"https:\/\/www.univ-guyane.fr\/2018\/01\/02\/tristan-un-etudiant-aux-multiples-casquettes\/"},"author":{"name":"Erick Loiti\u00e8re","@id":"https:\/\/www.univ-guyane.fr\/#\/schema\/person\/86d946a28a8be51bb096ccfdf19db179"},"headline":"Tristan \u2014 un \u00e9tudiant aux multiples casquettes","datePublished":"2018-01-02T13:46:03+00:00","dateModified":"2024-07-15T14:25:25+00:00","mainEntityOfPage":{"@id":"https:\/\/www.univ-guyane.fr\/2018\/01\/02\/tristan-un-etudiant-aux-multiples-casquettes\/"},"wordCount":1321,"publisher":{"@id":"https:\/\/www.univ-guyane.fr\/#organization"},"image":{"@id":"https:\/\/www.univ-guyane.fr\/2018\/01\/02\/tristan-un-etudiant-aux-multiples-casquettes\/#primaryimage"},"thumbnailUrl":"https:\/\/www.univ-guyane.fr\/wp-content\/uploads\/tristan-baudrit-vp-etudiant-universite-de-guyane-0398.jpeg","keywords":["Portraits"],"articleSection":["\u2022\u00a0Portraits"],"inLanguage":"es"},{"@type":"WebPage","@id":"https:\/\/www.univ-guyane.fr\/2018\/01\/02\/tristan-un-etudiant-aux-multiples-casquettes\/","url":"https:\/\/www.univ-guyane.fr\/2018\/01\/02\/tristan-un-etudiant-aux-multiples-casquettes\/","name":"Tristan \u2014 un \u00e9tudiant aux multiples casquettes &#8212; Universit\u00e9 de Guyane","isPartOf":{"@id":"https:\/\/www.univ-guyane.fr\/#website"},"primaryImageOfPage":{"@id":"https:\/\/www.univ-guyane.fr\/2018\/01\/02\/tristan-un-etudiant-aux-multiples-casquettes\/#primaryimage"},"image":{"@id":"https:\/\/www.univ-guyane.fr\/2018\/01\/02\/tristan-un-etudiant-aux-multiples-casquettes\/#primaryimage"},"thumbnailUrl":"https:\/\/www.univ-guyane.fr\/wp-content\/uploads\/tristan-baudrit-vp-etudiant-universite-de-guyane-0398.jpeg","datePublished":"2018-01-02T13:46:03+00:00","dateModified":"2024-07-15T14:25:25+00:00","description":"D\u00e9couvrez le parcours de Tristan Baudrit, \u00e9tudiant en Lettres en Guyane. Apprenez comment il a trouv\u00e9 sa voie et pourquoi il a choisi d'\u00eatre VP \u00e9tudiant.","breadcrumb":{"@id":"https:\/\/www.univ-guyane.fr\/2018\/01\/02\/tristan-un-etudiant-aux-multiples-casquettes\/#breadcrumb"},"inLanguage":"es","potentialAction":[{"@type":"ReadAction","target":["https:\/\/www.univ-guyane.fr\/2018\/01\/02\/tristan-un-etudiant-aux-multiples-casquettes\/"]}]},{"@type":"ImageObject","inLanguage":"es","@id":"https:\/\/www.univ-guyane.fr\/2018\/01\/02\/tristan-un-etudiant-aux-multiples-casquettes\/#primaryimage","url":"https:\/\/www.univ-guyane.fr\/wp-content\/uploads\/tristan-baudrit-vp-etudiant-universite-de-guyane-0398.jpeg","contentUrl":"https:\/\/www.univ-guyane.fr\/wp-content\/uploads\/tristan-baudrit-vp-etudiant-universite-de-guyane-0398.jpeg","width":1200,"height":800,"caption":"Tristan \u2014 un \u00e9tudiant aux multiples casquettes"},{"@type":"BreadcrumbList","@id":"https:\/\/www.univ-guyane.fr\/2018\/01\/02\/tristan-un-etudiant-aux-multiples-casquettes\/#breadcrumb","itemListElement":[{"@type":"ListItem","position":1,"name":"Accueil","item":"https:\/\/www.univ-guyane.fr\/"},{"@type":"ListItem","position":2,"name":"Tristan \u2014 un \u00e9tudiant aux multiples casquettes"}]},{"@type":"WebSite","@id":"https:\/\/www.univ-guyane.fr\/#website","url":"https:\/\/www.univ-guyane.fr\/","name":"Universidad de Guyana","description":"En el coraz\u00f3n de la Amazonia","publisher":{"@id":"https:\/\/www.univ-guyane.fr\/#organization"},"alternateName":"UG","potentialAction":[{"@type":"SearchAction","target":{"@type":"EntryPoint","urlTemplate":"https:\/\/www.univ-guyane.fr\/?s={search_term_string}"},"query-input":{"@type":"PropertyValueSpecification","valueRequired":true,"valueName":"search_term_string"}}],"inLanguage":"es"},{"@type":"Organization","@id":"https:\/\/www.univ-guyane.fr\/#organization","name":"Universidad de Guyana","alternateName":"UG","url":"https:\/\/www.univ-guyane.fr\/","logo":{"@type":"ImageObject","inLanguage":"es","@id":"https:\/\/www.univ-guyane.fr\/#\/schema\/logo\/image\/","url":"https:\/\/www.univ-guyane.fr\/wp-content\/uploads\/2024\/05\/f.png","contentUrl":"https:\/\/www.univ-guyane.fr\/wp-content\/uploads\/2024\/05\/f.png","width":1024,"height":1024,"caption":"Universit\u00e9 de Guyane"},"image":{"@id":"https:\/\/www.univ-guyane.fr\/#\/schema\/logo\/image\/"},"sameAs":["https:\/\/www.facebook.com\/univguyane","https:\/\/x.com\/univguyane","https:\/\/gf.linkedin.com\/school\/universite-de-guyane\/","https:\/\/www.instagram.com\/univ_guyane\/"]},{"@type":"Person","@id":"https:\/\/www.univ-guyane.fr\/#\/schema\/person\/86d946a28a8be51bb096ccfdf19db179","name":"Erick Loiti\u00e8re","image":{"@type":"ImageObject","inLanguage":"es","@id":"https:\/\/secure.gravatar.com\/avatar\/0584f332103fbeaf37e52c73b15dca3c547fd9300deb05764e9ad8714839d072?s=96&d=robohash&r=g","url":"https:\/\/secure.gravatar.com\/avatar\/0584f332103fbeaf37e52c73b15dca3c547fd9300deb05764e9ad8714839d072?s=96&d=robohash&r=g","contentUrl":"https:\/\/secure.gravatar.com\/avatar\/0584f332103fbeaf37e52c73b15dca3c547fd9300deb05764e9ad8714839d072?s=96&d=robohash&r=g","caption":"Erick Loiti\u00e8re"},"sameAs":["http:\/\/www.univ-guyane.fr"],"url":"https:\/\/www.univ-guyane.fr\/es\/author\/eloitierdbz\/"}]}},"_links":{"self":[{"href":"https:\/\/www.univ-guyane.fr\/es\/wp-json\/wp\/v2\/posts\/8999","targetHints":{"allow":["GET"]}}],"collection":[{"href":"https:\/\/www.univ-guyane.fr\/es\/wp-json\/wp\/v2\/posts"}],"about":[{"href":"https:\/\/www.univ-guyane.fr\/es\/wp-json\/wp\/v2\/types\/post"}],"author":[{"embeddable":true,"href":"https:\/\/www.univ-guyane.fr\/es\/wp-json\/wp\/v2\/users\/1"}],"replies":[{"embeddable":true,"href":"https:\/\/www.univ-guyane.fr\/es\/wp-json\/wp\/v2\/comments?post=8999"}],"version-history":[{"count":3,"href":"https:\/\/www.univ-guyane.fr\/es\/wp-json\/wp\/v2\/posts\/8999\/revisions"}],"predecessor-version":[{"id":10024,"href":"https:\/\/www.univ-guyane.fr\/es\/wp-json\/wp\/v2\/posts\/8999\/revisions\/10024"}],"wp:featuredmedia":[{"embeddable":true,"href":"https:\/\/www.univ-guyane.fr\/es\/wp-json\/wp\/v2\/media\/9000"}],"wp:attachment":[{"href":"https:\/\/www.univ-guyane.fr\/es\/wp-json\/wp\/v2\/media?parent=8999"}],"wp:term":[{"taxonomy":"category","embeddable":true,"href":"https:\/\/www.univ-guyane.fr\/es\/wp-json\/wp\/v2\/categories?post=8999"},{"taxonomy":"post_tag","embeddable":true,"href":"https:\/\/www.univ-guyane.fr\/es\/wp-json\/wp\/v2\/tags?post=8999"}],"curies":[{"name":"wp","href":"https:\/\/api.w.org\/{rel}","templated":true}]}}