{"id":9006,"date":"2017-11-21T11:05:09","date_gmt":"2017-11-21T14:05:09","guid":{"rendered":"https:\/\/www.univ-guyane.fr\/?p=9006"},"modified":"2024-07-15T09:55:53","modified_gmt":"2024-07-15T12:55:53","slug":"rudmila-apprendre-un-metier-grace-au-service-civique","status":"publish","type":"post","link":"https:\/\/www.univ-guyane.fr\/es\/2017\/11\/21\/rudmila-apprendre-un-metier-grace-au-service-civique\/","title":{"rendered":"Rudmila - Aprender un oficio a trav\u00e9s del servicio c\u00edvico"},"content":{"rendered":"<div id=\"fws_69f3ab8699857\"  data-column-margin=\"default\" data-midnight=\"dark\"  class=\"wpb_row vc_row-fluid vc_row\"  style=\"padding-top: 0px; padding-bottom: 0px; \"><div class=\"row-bg-wrap\" data-bg-animation=\"none\" data-bg-animation-delay=\"\" data-bg-overlay=\"false\"><div class=\"inner-wrap row-bg-layer\" ><div class=\"row-bg viewport-desktop\"  style=\"\"><\/div><\/div><\/div><div class=\"row_col_wrap_12 col span_12 dark left\">\n\t<div  class=\"vc_col-sm-12 wpb_column column_container vc_column_container col no-extra-padding inherit_tablet inherit_phone\"  data-padding-pos=\"all\" data-has-bg-color=\"false\" data-bg-color=\"\" data-bg-opacity=\"1\" data-animation=\"\" data-delay=\"0\" >\n\t\t<div class=\"vc_column-inner\" >\n\t\t\t<div class=\"wpb_wrapper\">\n\t\t\t\t\n<div class=\"wpb_text_column wpb_content_element  chapo\" >\n\t<h2>Rudmila, de 20 a\u00f1os, estudiante del M\u00e1ster PIETAS de la ESPE, nos cuenta su experiencia de servicio c\u00edvico con DOSIP. Retrato de una estudiante comprometida con la comunidad.<\/h2>\n<\/div>\n\n\n\n\n<div class=\"wpb_text_column wpb_content_element\" >\n\t<h3><strong>Pres\u00e9ntate.<\/strong><\/h3>\n<p>Me llamo Rudmila, tengo 20 a\u00f1os y soy licenciada en Letras, especializada en Derecho y en los grandes temas del mundo contempor\u00e1neo. Luego estudi\u00e9 la licenciatura en ciencias sociales y trabajo social en la Universidad de Guyana. Soy estudiante de la Universidad de Guyana desde hace 4 a\u00f1os y actualmente estoy cursando un m\u00e1ster en Educaci\u00f3n y Pr\u00e1ctica e Ingenier\u00eda del Trabajo Social. Como indica mi formaci\u00f3n, quiero trabajar en el \u00e1mbito social.<\/p>\n<h3>\u00bfPuede hablarnos del servicio c\u00edvico?<strong><br \/>\n<\/strong><\/h3>\n<p>En mi opini\u00f3n, el servicio c\u00edvico es algo m\u00e1s que lo que se ve escrito en todas partes. Es una oportunidad para unirte a una estructura u organizaci\u00f3n con la que compartes los mismos valores, pero tambi\u00e9n para desarrollar nuevas y gratificantes habilidades. El objetivo es poder asumir un compromiso que te toca de cerca y ayudar al servicio del inter\u00e9s general, recibiendo al mismo tiempo una compensaci\u00f3n econ\u00f3mica.<\/p>\n<h3>\u00bfPor qu\u00e9 solicit\u00f3 el servicio c\u00edvico en el DOSIP?<\/h3>\n<p>Solicit\u00e9 el puesto en el DOSIP (Direction de l'Orientation des Stages et de l'Insertion Professionnelle) porque era el departamento que mejor me correspond\u00eda, dada mi formaci\u00f3n universitaria vinculada a la inserci\u00f3n profesional, pero tambi\u00e9n el que mejor respond\u00eda a mis expectativas en cuanto a mi plan de carrera. Ten\u00eda muchas ganas de que me tuvieran en cuenta para el puesto. Era un servicio c\u00edvico a mi medida, porque la inserci\u00f3n profesional es uno de los aspectos de mi formaci\u00f3n y sigo en contacto con el entorno universitario todos los d\u00edas. Para m\u00ed, el DOSIP era el mejor servicio para ofrecerme una nueva experiencia acorde con mis objetivos profesionales.<\/p>\n<h3>\u00bfCu\u00e1l era su misi\u00f3n y cu\u00e1les son sus proyectos actuales?<\/h3>\n<p>Durante mi servicio c\u00edvico, me encargu\u00e9 de la encuesta ministerial sobre la inserci\u00f3n profesional de los antiguos licenciados de la Universidad de Guayana, y tambi\u00e9n prest\u00e9 apoyo a otras misiones del DOSIP, como el asesoramiento profesional. Gracias a esta gran oportunidad y a la confianza de mis superiores, pude hacerme cargo de un proyecto y gestionarlo de forma independiente: ayud\u00e9 a organizar la Fiesta de la Ciencia. Me encargu\u00e9 principalmente de la Aldea de la Ciencia, que tuvo lugar durante la semana del 7 al 15 de octubre de 2017 en el Campus Troubiran de la Universidad.Queriendo convertirme en gestora de proyectos de desarrollo local y acci\u00f3n social, esta experiencia no ha hecho m\u00e1s que confirmar mi elecci\u00f3n profesional.<\/p>\n<h3>\u00bfQu\u00e9 ha aprendido durante su servicio c\u00edvico y cree que esta experiencia le ser\u00e1 \u00fatil en el futuro?<\/h3>\n<p>Gracias a mi servicio c\u00edvico, he descubierto las profesiones administrativas y he desarrollado un gusto particular por ellas, por lo que tengo muchas ganas de prepararme para los ex\u00e1menes de ingreso a la administraci\u00f3n, as\u00ed que voy a terminar mi maestr\u00eda en la ESPE y aprovechar todas las oportunidades que se me ofrezcan en los campos que elija.<\/p>\n<h3>\u00bfAlg\u00fan consejo para los estudiantes universitarios?<strong><br \/>\n<\/strong><\/h3>\n<p>No tengo necesariamente ning\u00fan consejo que dar a los estudiantes, pero les animar\u00eda a diversificar, a descompartimentar nuestro aprendizaje para tener esta apertura al mundo tan beneficiosa para el desarrollo de nuestra regi\u00f3n.<\/p>\n<\/div>\n\n\n\n\n\t\t\t<\/div> \n\t\t<\/div>\n\t<\/div> \n<\/div><\/div>","protected":false},"excerpt":{"rendered":"Rudmila, de 20 a\u00f1os, estudiante del M\u00e1ster PIETAS de la ESPE, nos cuenta su experiencia en el...","protected":false},"author":1,"featured_media":9007,"comment_status":"closed","ping_status":"open","sticky":false,"template":"","format":"standard","meta":{"iawp_total_views":28,"footnotes":""},"categories":[196],"tags":[197],"class_list":{"0":"post-9006","1":"post","2":"type-post","3":"status-publish","4":"format-standard","5":"has-post-thumbnail","7":"category-portraits","8":"tag-portraits"},"yoast_head":"<!-- This site is optimized with the Yoast SEO plugin v27.5 - https:\/\/yoast.com\/product\/yoast-seo-wordpress\/ -->\n<title>Rudmila \u2013 Apprendre un m\u00e9tier gr\u00e2ce au service civique &#8212; Universit\u00e9 de Guyane<\/title>\n<meta name=\"description\" content=\"Rudmila partage son parcours dans le service civique et comment cela l&#039;a aid\u00e9e \u00e0 se former dans le domaine social.\" \/>\n<meta name=\"robots\" content=\"index, follow, max-snippet:-1, max-image-preview:large, max-video-preview:-1\" \/>\n<link rel=\"canonical\" href=\"https:\/\/www.univ-guyane.fr\/es\/2017\/11\/21\/rudmila-apprendre-un-metier-grace-au-service-civique\/\" \/>\n<meta property=\"og:locale\" content=\"es_ES\" \/>\n<meta property=\"og:type\" content=\"article\" \/>\n<meta property=\"og:title\" content=\"Rudmila \u2013 Apprendre un m\u00e9tier gr\u00e2ce au service civique &#8212; Universit\u00e9 de Guyane\" \/>\n<meta property=\"og:description\" content=\"Rudmila partage son parcours dans le service civique et comment cela l&#039;a aid\u00e9e \u00e0 se former dans le domaine social.\" \/>\n<meta property=\"og:url\" content=\"https:\/\/www.univ-guyane.fr\/es\/2017\/11\/21\/rudmila-apprendre-un-metier-grace-au-service-civique\/\" \/>\n<meta property=\"og:site_name\" content=\"Universit\u00e9 de Guyane\" \/>\n<meta property=\"article:publisher\" content=\"https:\/\/www.facebook.com\/univguyane\" \/>\n<meta property=\"article:published_time\" content=\"2017-11-21T14:05:09+00:00\" \/>\n<meta property=\"article:modified_time\" content=\"2024-07-15T12:55:53+00:00\" \/>\n<meta property=\"og:image\" content=\"https:\/\/www.univ-guyane.fr\/wp-content\/uploads\/portrait-rudmila-portut-service-civique-universite-de-guyane-9905.jpeg\" \/>\n\t<meta property=\"og:image:width\" content=\"1200\" \/>\n\t<meta property=\"og:image:height\" content=\"800\" \/>\n\t<meta property=\"og:image:type\" content=\"image\/jpeg\" \/>\n<meta name=\"author\" content=\"Erick Loiti\u00e8re\" \/>\n<meta name=\"twitter:card\" content=\"summary_large_image\" \/>\n<meta name=\"twitter:creator\" content=\"@univguyane\" \/>\n<meta name=\"twitter:site\" content=\"@univguyane\" \/>\n<meta name=\"twitter:label1\" content=\"Escrito por\" \/>\n\t<meta name=\"twitter:data1\" content=\"Erick Loiti\u00e8re\" \/>\n\t<meta name=\"twitter:label2\" content=\"Tiempo de lectura\" \/>\n\t<meta name=\"twitter:data2\" content=\"4 minutos\" \/>\n<script type=\"application\/ld+json\" class=\"yoast-schema-graph\">{\"@context\":\"https:\\\/\\\/schema.org\",\"@graph\":[{\"@type\":\"Article\",\"@id\":\"https:\\\/\\\/www.univ-guyane.fr\\\/2017\\\/11\\\/21\\\/rudmila-apprendre-un-metier-grace-au-service-civique\\\/#article\",\"isPartOf\":{\"@id\":\"https:\\\/\\\/www.univ-guyane.fr\\\/2017\\\/11\\\/21\\\/rudmila-apprendre-un-metier-grace-au-service-civique\\\/\"},\"author\":{\"name\":\"Erick Loiti\u00e8re\",\"@id\":\"https:\\\/\\\/www.univ-guyane.fr\\\/#\\\/schema\\\/person\\\/86d946a28a8be51bb096ccfdf19db179\"},\"headline\":\"Rudmila \u2013 Apprendre un m\u00e9tier gr\u00e2ce au service civique\",\"datePublished\":\"2017-11-21T14:05:09+00:00\",\"dateModified\":\"2024-07-15T12:55:53+00:00\",\"mainEntityOfPage\":{\"@id\":\"https:\\\/\\\/www.univ-guyane.fr\\\/2017\\\/11\\\/21\\\/rudmila-apprendre-un-metier-grace-au-service-civique\\\/\"},\"wordCount\":802,\"publisher\":{\"@id\":\"https:\\\/\\\/www.univ-guyane.fr\\\/#organization\"},\"image\":{\"@id\":\"https:\\\/\\\/www.univ-guyane.fr\\\/2017\\\/11\\\/21\\\/rudmila-apprendre-un-metier-grace-au-service-civique\\\/#primaryimage\"},\"thumbnailUrl\":\"https:\\\/\\\/www.univ-guyane.fr\\\/wp-content\\\/uploads\\\/portrait-rudmila-portut-service-civique-universite-de-guyane-9905.jpeg\",\"keywords\":[\"Portraits\"],\"articleSection\":[\"\u2022\u00a0Portraits\"],\"inLanguage\":\"es\"},{\"@type\":\"WebPage\",\"@id\":\"https:\\\/\\\/www.univ-guyane.fr\\\/2017\\\/11\\\/21\\\/rudmila-apprendre-un-metier-grace-au-service-civique\\\/\",\"url\":\"https:\\\/\\\/www.univ-guyane.fr\\\/2017\\\/11\\\/21\\\/rudmila-apprendre-un-metier-grace-au-service-civique\\\/\",\"name\":\"Rudmila \u2013 Apprendre un m\u00e9tier gr\u00e2ce au service civique &#8212; Universit\u00e9 de Guyane\",\"isPartOf\":{\"@id\":\"https:\\\/\\\/www.univ-guyane.fr\\\/#website\"},\"primaryImageOfPage\":{\"@id\":\"https:\\\/\\\/www.univ-guyane.fr\\\/2017\\\/11\\\/21\\\/rudmila-apprendre-un-metier-grace-au-service-civique\\\/#primaryimage\"},\"image\":{\"@id\":\"https:\\\/\\\/www.univ-guyane.fr\\\/2017\\\/11\\\/21\\\/rudmila-apprendre-un-metier-grace-au-service-civique\\\/#primaryimage\"},\"thumbnailUrl\":\"https:\\\/\\\/www.univ-guyane.fr\\\/wp-content\\\/uploads\\\/portrait-rudmila-portut-service-civique-universite-de-guyane-9905.jpeg\",\"datePublished\":\"2017-11-21T14:05:09+00:00\",\"dateModified\":\"2024-07-15T12:55:53+00:00\",\"description\":\"Rudmila partage son parcours dans le service civique et comment cela l'a aid\u00e9e \u00e0 se former dans le domaine social.\",\"breadcrumb\":{\"@id\":\"https:\\\/\\\/www.univ-guyane.fr\\\/2017\\\/11\\\/21\\\/rudmila-apprendre-un-metier-grace-au-service-civique\\\/#breadcrumb\"},\"inLanguage\":\"es\",\"potentialAction\":[{\"@type\":\"ReadAction\",\"target\":[\"https:\\\/\\\/www.univ-guyane.fr\\\/2017\\\/11\\\/21\\\/rudmila-apprendre-un-metier-grace-au-service-civique\\\/\"]}]},{\"@type\":\"ImageObject\",\"inLanguage\":\"es\",\"@id\":\"https:\\\/\\\/www.univ-guyane.fr\\\/2017\\\/11\\\/21\\\/rudmila-apprendre-un-metier-grace-au-service-civique\\\/#primaryimage\",\"url\":\"https:\\\/\\\/www.univ-guyane.fr\\\/wp-content\\\/uploads\\\/portrait-rudmila-portut-service-civique-universite-de-guyane-9905.jpeg\",\"contentUrl\":\"https:\\\/\\\/www.univ-guyane.fr\\\/wp-content\\\/uploads\\\/portrait-rudmila-portut-service-civique-universite-de-guyane-9905.jpeg\",\"width\":1200,\"height\":800,\"caption\":\"Rudmila \u2013 Apprendre un m\u00e9tier gr\u00e2ce au service civique\"},{\"@type\":\"BreadcrumbList\",\"@id\":\"https:\\\/\\\/www.univ-guyane.fr\\\/2017\\\/11\\\/21\\\/rudmila-apprendre-un-metier-grace-au-service-civique\\\/#breadcrumb\",\"itemListElement\":[{\"@type\":\"ListItem\",\"position\":1,\"name\":\"Accueil\",\"item\":\"https:\\\/\\\/www.univ-guyane.fr\\\/\"},{\"@type\":\"ListItem\",\"position\":2,\"name\":\"Rudmila \u2013 Apprendre un m\u00e9tier gr\u00e2ce au service civique\"}]},{\"@type\":\"WebSite\",\"@id\":\"https:\\\/\\\/www.univ-guyane.fr\\\/#website\",\"url\":\"https:\\\/\\\/www.univ-guyane.fr\\\/\",\"name\":\"Universit\u00e9 de Guyane\",\"description\":\"Au c\u0153ur de l&#039;amazonie\",\"publisher\":{\"@id\":\"https:\\\/\\\/www.univ-guyane.fr\\\/#organization\"},\"alternateName\":\"UG\",\"potentialAction\":[{\"@type\":\"SearchAction\",\"target\":{\"@type\":\"EntryPoint\",\"urlTemplate\":\"https:\\\/\\\/www.univ-guyane.fr\\\/?s={search_term_string}\"},\"query-input\":{\"@type\":\"PropertyValueSpecification\",\"valueRequired\":true,\"valueName\":\"search_term_string\"}}],\"inLanguage\":\"es\"},{\"@type\":\"Organization\",\"@id\":\"https:\\\/\\\/www.univ-guyane.fr\\\/#organization\",\"name\":\"Universit\u00e9 de Guyane\",\"alternateName\":\"UG\",\"url\":\"https:\\\/\\\/www.univ-guyane.fr\\\/\",\"logo\":{\"@type\":\"ImageObject\",\"inLanguage\":\"es\",\"@id\":\"https:\\\/\\\/www.univ-guyane.fr\\\/#\\\/schema\\\/logo\\\/image\\\/\",\"url\":\"https:\\\/\\\/www.univ-guyane.fr\\\/wp-content\\\/uploads\\\/2024\\\/05\\\/f.png\",\"contentUrl\":\"https:\\\/\\\/www.univ-guyane.fr\\\/wp-content\\\/uploads\\\/2024\\\/05\\\/f.png\",\"width\":1024,\"height\":1024,\"caption\":\"Universit\u00e9 de Guyane\"},\"image\":{\"@id\":\"https:\\\/\\\/www.univ-guyane.fr\\\/#\\\/schema\\\/logo\\\/image\\\/\"},\"sameAs\":[\"https:\\\/\\\/www.facebook.com\\\/univguyane\",\"https:\\\/\\\/x.com\\\/univguyane\",\"https:\\\/\\\/gf.linkedin.com\\\/school\\\/universite-de-guyane\\\/\",\"https:\\\/\\\/www.instagram.com\\\/univ_guyane\\\/\"]},{\"@type\":\"Person\",\"@id\":\"https:\\\/\\\/www.univ-guyane.fr\\\/#\\\/schema\\\/person\\\/86d946a28a8be51bb096ccfdf19db179\",\"name\":\"Erick Loiti\u00e8re\",\"image\":{\"@type\":\"ImageObject\",\"inLanguage\":\"es\",\"@id\":\"https:\\\/\\\/secure.gravatar.com\\\/avatar\\\/0584f332103fbeaf37e52c73b15dca3c547fd9300deb05764e9ad8714839d072?s=96&d=robohash&r=g\",\"url\":\"https:\\\/\\\/secure.gravatar.com\\\/avatar\\\/0584f332103fbeaf37e52c73b15dca3c547fd9300deb05764e9ad8714839d072?s=96&d=robohash&r=g\",\"contentUrl\":\"https:\\\/\\\/secure.gravatar.com\\\/avatar\\\/0584f332103fbeaf37e52c73b15dca3c547fd9300deb05764e9ad8714839d072?s=96&d=robohash&r=g\",\"caption\":\"Erick Loiti\u00e8re\"},\"sameAs\":[\"http:\\\/\\\/www.univ-guyane.fr\"],\"url\":\"https:\\\/\\\/www.univ-guyane.fr\\\/es\\\/author\\\/eloitierdbz\\\/\"}]}<\/script>\n<!-- \/ Yoast SEO plugin. -->","yoast_head_json":{"title":"Rudmila \u2013 Apprendre un m\u00e9tier gr\u00e2ce au service civique &#8212; Universit\u00e9 de Guyane","description":"Rudmila partage son parcours dans le service civique et comment cela l'a aid\u00e9e \u00e0 se former dans le domaine social.","robots":{"index":"index","follow":"follow","max-snippet":"max-snippet:-1","max-image-preview":"max-image-preview:large","max-video-preview":"max-video-preview:-1"},"canonical":"https:\/\/www.univ-guyane.fr\/es\/2017\/11\/21\/rudmila-apprendre-un-metier-grace-au-service-civique\/","og_locale":"es_ES","og_type":"article","og_title":"Rudmila \u2013 Apprendre un m\u00e9tier gr\u00e2ce au service civique &#8212; Universit\u00e9 de Guyane","og_description":"Rudmila partage son parcours dans le service civique et comment cela l'a aid\u00e9e \u00e0 se former dans le domaine social.","og_url":"https:\/\/www.univ-guyane.fr\/es\/2017\/11\/21\/rudmila-apprendre-un-metier-grace-au-service-civique\/","og_site_name":"Universit\u00e9 de Guyane","article_publisher":"https:\/\/www.facebook.com\/univguyane","article_published_time":"2017-11-21T14:05:09+00:00","article_modified_time":"2024-07-15T12:55:53+00:00","og_image":[{"width":1200,"height":800,"url":"https:\/\/www.univ-guyane.fr\/wp-content\/uploads\/portrait-rudmila-portut-service-civique-universite-de-guyane-9905.jpeg","type":"image\/jpeg"}],"author":"Erick Loiti\u00e8re","twitter_card":"summary_large_image","twitter_creator":"@univguyane","twitter_site":"@univguyane","twitter_misc":{"Escrito por":"Erick Loiti\u00e8re","Tiempo de lectura":"4 minutos"},"schema":{"@context":"https:\/\/schema.org","@graph":[{"@type":"Article","@id":"https:\/\/www.univ-guyane.fr\/2017\/11\/21\/rudmila-apprendre-un-metier-grace-au-service-civique\/#article","isPartOf":{"@id":"https:\/\/www.univ-guyane.fr\/2017\/11\/21\/rudmila-apprendre-un-metier-grace-au-service-civique\/"},"author":{"name":"Erick Loiti\u00e8re","@id":"https:\/\/www.univ-guyane.fr\/#\/schema\/person\/86d946a28a8be51bb096ccfdf19db179"},"headline":"Rudmila \u2013 Apprendre un m\u00e9tier gr\u00e2ce au service civique","datePublished":"2017-11-21T14:05:09+00:00","dateModified":"2024-07-15T12:55:53+00:00","mainEntityOfPage":{"@id":"https:\/\/www.univ-guyane.fr\/2017\/11\/21\/rudmila-apprendre-un-metier-grace-au-service-civique\/"},"wordCount":802,"publisher":{"@id":"https:\/\/www.univ-guyane.fr\/#organization"},"image":{"@id":"https:\/\/www.univ-guyane.fr\/2017\/11\/21\/rudmila-apprendre-un-metier-grace-au-service-civique\/#primaryimage"},"thumbnailUrl":"https:\/\/www.univ-guyane.fr\/wp-content\/uploads\/portrait-rudmila-portut-service-civique-universite-de-guyane-9905.jpeg","keywords":["Portraits"],"articleSection":["\u2022\u00a0Portraits"],"inLanguage":"es"},{"@type":"WebPage","@id":"https:\/\/www.univ-guyane.fr\/2017\/11\/21\/rudmila-apprendre-un-metier-grace-au-service-civique\/","url":"https:\/\/www.univ-guyane.fr\/2017\/11\/21\/rudmila-apprendre-un-metier-grace-au-service-civique\/","name":"Rudmila \u2013 Apprendre un m\u00e9tier gr\u00e2ce au service civique &#8212; Universit\u00e9 de Guyane","isPartOf":{"@id":"https:\/\/www.univ-guyane.fr\/#website"},"primaryImageOfPage":{"@id":"https:\/\/www.univ-guyane.fr\/2017\/11\/21\/rudmila-apprendre-un-metier-grace-au-service-civique\/#primaryimage"},"image":{"@id":"https:\/\/www.univ-guyane.fr\/2017\/11\/21\/rudmila-apprendre-un-metier-grace-au-service-civique\/#primaryimage"},"thumbnailUrl":"https:\/\/www.univ-guyane.fr\/wp-content\/uploads\/portrait-rudmila-portut-service-civique-universite-de-guyane-9905.jpeg","datePublished":"2017-11-21T14:05:09+00:00","dateModified":"2024-07-15T12:55:53+00:00","description":"Rudmila partage son parcours dans le service civique et comment cela l'a aid\u00e9e \u00e0 se former dans le domaine social.","breadcrumb":{"@id":"https:\/\/www.univ-guyane.fr\/2017\/11\/21\/rudmila-apprendre-un-metier-grace-au-service-civique\/#breadcrumb"},"inLanguage":"es","potentialAction":[{"@type":"ReadAction","target":["https:\/\/www.univ-guyane.fr\/2017\/11\/21\/rudmila-apprendre-un-metier-grace-au-service-civique\/"]}]},{"@type":"ImageObject","inLanguage":"es","@id":"https:\/\/www.univ-guyane.fr\/2017\/11\/21\/rudmila-apprendre-un-metier-grace-au-service-civique\/#primaryimage","url":"https:\/\/www.univ-guyane.fr\/wp-content\/uploads\/portrait-rudmila-portut-service-civique-universite-de-guyane-9905.jpeg","contentUrl":"https:\/\/www.univ-guyane.fr\/wp-content\/uploads\/portrait-rudmila-portut-service-civique-universite-de-guyane-9905.jpeg","width":1200,"height":800,"caption":"Rudmila \u2013 Apprendre un m\u00e9tier gr\u00e2ce au service civique"},{"@type":"BreadcrumbList","@id":"https:\/\/www.univ-guyane.fr\/2017\/11\/21\/rudmila-apprendre-un-metier-grace-au-service-civique\/#breadcrumb","itemListElement":[{"@type":"ListItem","position":1,"name":"Accueil","item":"https:\/\/www.univ-guyane.fr\/"},{"@type":"ListItem","position":2,"name":"Rudmila \u2013 Apprendre un m\u00e9tier gr\u00e2ce au service civique"}]},{"@type":"WebSite","@id":"https:\/\/www.univ-guyane.fr\/#website","url":"https:\/\/www.univ-guyane.fr\/","name":"Universidad de Guyana","description":"En el coraz\u00f3n de la Amazonia","publisher":{"@id":"https:\/\/www.univ-guyane.fr\/#organization"},"alternateName":"UG","potentialAction":[{"@type":"SearchAction","target":{"@type":"EntryPoint","urlTemplate":"https:\/\/www.univ-guyane.fr\/?s={search_term_string}"},"query-input":{"@type":"PropertyValueSpecification","valueRequired":true,"valueName":"search_term_string"}}],"inLanguage":"es"},{"@type":"Organization","@id":"https:\/\/www.univ-guyane.fr\/#organization","name":"Universidad de Guyana","alternateName":"UG","url":"https:\/\/www.univ-guyane.fr\/","logo":{"@type":"ImageObject","inLanguage":"es","@id":"https:\/\/www.univ-guyane.fr\/#\/schema\/logo\/image\/","url":"https:\/\/www.univ-guyane.fr\/wp-content\/uploads\/2024\/05\/f.png","contentUrl":"https:\/\/www.univ-guyane.fr\/wp-content\/uploads\/2024\/05\/f.png","width":1024,"height":1024,"caption":"Universit\u00e9 de Guyane"},"image":{"@id":"https:\/\/www.univ-guyane.fr\/#\/schema\/logo\/image\/"},"sameAs":["https:\/\/www.facebook.com\/univguyane","https:\/\/x.com\/univguyane","https:\/\/gf.linkedin.com\/school\/universite-de-guyane\/","https:\/\/www.instagram.com\/univ_guyane\/"]},{"@type":"Person","@id":"https:\/\/www.univ-guyane.fr\/#\/schema\/person\/86d946a28a8be51bb096ccfdf19db179","name":"Erick Loiti\u00e8re","image":{"@type":"ImageObject","inLanguage":"es","@id":"https:\/\/secure.gravatar.com\/avatar\/0584f332103fbeaf37e52c73b15dca3c547fd9300deb05764e9ad8714839d072?s=96&d=robohash&r=g","url":"https:\/\/secure.gravatar.com\/avatar\/0584f332103fbeaf37e52c73b15dca3c547fd9300deb05764e9ad8714839d072?s=96&d=robohash&r=g","contentUrl":"https:\/\/secure.gravatar.com\/avatar\/0584f332103fbeaf37e52c73b15dca3c547fd9300deb05764e9ad8714839d072?s=96&d=robohash&r=g","caption":"Erick Loiti\u00e8re"},"sameAs":["http:\/\/www.univ-guyane.fr"],"url":"https:\/\/www.univ-guyane.fr\/es\/author\/eloitierdbz\/"}]}},"_links":{"self":[{"href":"https:\/\/www.univ-guyane.fr\/es\/wp-json\/wp\/v2\/posts\/9006","targetHints":{"allow":["GET"]}}],"collection":[{"href":"https:\/\/www.univ-guyane.fr\/es\/wp-json\/wp\/v2\/posts"}],"about":[{"href":"https:\/\/www.univ-guyane.fr\/es\/wp-json\/wp\/v2\/types\/post"}],"author":[{"embeddable":true,"href":"https:\/\/www.univ-guyane.fr\/es\/wp-json\/wp\/v2\/users\/1"}],"replies":[{"embeddable":true,"href":"https:\/\/www.univ-guyane.fr\/es\/wp-json\/wp\/v2\/comments?post=9006"}],"version-history":[{"count":3,"href":"https:\/\/www.univ-guyane.fr\/es\/wp-json\/wp\/v2\/posts\/9006\/revisions"}],"predecessor-version":[{"id":10005,"href":"https:\/\/www.univ-guyane.fr\/es\/wp-json\/wp\/v2\/posts\/9006\/revisions\/10005"}],"wp:featuredmedia":[{"embeddable":true,"href":"https:\/\/www.univ-guyane.fr\/es\/wp-json\/wp\/v2\/media\/9007"}],"wp:attachment":[{"href":"https:\/\/www.univ-guyane.fr\/es\/wp-json\/wp\/v2\/media?parent=9006"}],"wp:term":[{"taxonomy":"category","embeddable":true,"href":"https:\/\/www.univ-guyane.fr\/es\/wp-json\/wp\/v2\/categories?post=9006"},{"taxonomy":"post_tag","embeddable":true,"href":"https:\/\/www.univ-guyane.fr\/es\/wp-json\/wp\/v2\/tags?post=9006"}],"curies":[{"name":"wp","href":"https:\/\/api.w.org\/{rel}","templated":true}]}}