{"id":9130,"date":"2021-05-14T10:43:38","date_gmt":"2021-05-14T13:43:38","guid":{"rendered":"https:\/\/www.univ-guyane.fr\/?p=9130"},"modified":"2024-06-24T10:47:19","modified_gmt":"2024-06-24T13:47:19","slug":"election-des-representants-des-etudiants-au-cneser","status":"publish","type":"post","link":"https:\/\/www.univ-guyane.fr\/es\/2021\/05\/14\/election-des-representants-des-etudiants-au-cneser\/","title":{"rendered":"Elecci\u00f3n de los representantes de los estudiantes en el CNESER"},"content":{"rendered":"<div id=\"fws_69f1abdc38fc2\"  data-column-margin=\"default\" data-midnight=\"dark\"  class=\"wpb_row vc_row-fluid vc_row\"  style=\"padding-top: 0px; padding-bottom: 0px; \"><div class=\"row-bg-wrap\" data-bg-animation=\"none\" data-bg-animation-delay=\"\" data-bg-overlay=\"false\"><div class=\"inner-wrap row-bg-layer\" ><div class=\"row-bg viewport-desktop\"  style=\"\"><\/div><\/div><\/div><div class=\"row_col_wrap_12 col span_12 dark left\">\n\t<div  class=\"vc_col-sm-12 wpb_column column_container vc_column_container col no-extra-padding inherit_tablet inherit_phone\"  data-padding-pos=\"all\" data-has-bg-color=\"false\" data-bg-color=\"\" data-bg-opacity=\"1\" data-animation=\"\" data-delay=\"0\" >\n\t\t<div class=\"vc_column-inner\" >\n\t\t\t<div class=\"wpb_wrapper\">\n\t\t\t\t\n<div class=\"wpb_text_column wpb_content_element  chapo\" >\n\t<h2>Las elecciones a representantes de los estudiantes en el Consejo Nacional de Ense\u00f1anza Superior e Investigaci\u00f3n (CNESER) se celebrar\u00e1n del lunes 7 al viernes 18 de junio de 2021. Se cubrir\u00e1n 11 puestos de representantes de estudiantes (11 titulares y 11 suplentes) en el CNESER, para un mandato de 2 a\u00f1os.<\/h2>\n<\/div>\n\n\n\n\n<div class=\"wpb_text_column wpb_content_element\" >\n\t<p><span class=\"nectar-dropcap\" >L <\/span>e <strong>Conseil national de l'Enseignement Sup\u00e9rieur Et de la Recherche (Consejo Nacional de Ense\u00f1anza Superior e Investigaci\u00f3n)<\/strong> es un \u00f3rgano consultivo que depende del Ministro de Ense\u00f1anza Superior o del Ministro de Investigaci\u00f3n. Emite un dictamen sobre las cuestiones relativas a las misiones confiadas a los establecimientos p\u00fablicos cient\u00edficos, culturales y profesionales en los casos contemplados por el C\u00f3digo de la Educaci\u00f3n (L. n\u00b02013-660 de 22 de julio de 2013, art.20-4\u00b0 ) y a los establecimientos p\u00fablicos de investigaci\u00f3n, contemplados por los art\u00edculos L. 311-1 y L. 311-2 del C\u00f3digo de la Investigaci\u00f3n, en los casos contemplados por el C\u00f3digo de la Investigaci\u00f3n.<\/p>\n<p>El CNESER tambi\u00e9n tiene una funci\u00f3n disciplinaria.<\/p>\n<p><strong>Sufragio indirecto\u00a0<\/strong>Los \u00fanicos electores llamados a votar son los que forman parte del Consejo Acad\u00e9mico y de la Junta Directiva de la Universidad de Guyana y fueron nombrados el viernes 23 de abril.<\/p>\n<p><a href=\"https:\/\/web.archive.org\/web\/20211026013051\/https:\/\/www.univ-guyane.fr\/ugfm\/docs\/elections\/2021\/%C3%A9lections-repr%C3%A9sentant-%C3%A9tudiant-au-CNESER\/D%C3%A9signation-de-grands-%C3%A9lecteurs-au-CNESER\/ARRETE-2021-088-PORTANT-PROCLAMATION-DES-RESULTATS-POUR-LA-DESIGNATION-DE-GRANDS-ELECTEURS-POUR-L-ELECTION-REPRESENTANTS-AU-CNESER.pdf\" target=\"_blank\" rel=\"noopener\">La lista de electores figura en el decreto<\/a><br \/>\n<a href=\"https:\/\/web.archive.org\/web\/20211026013051\/https:\/\/www.univ-guyane.fr\/ugfm\/index.php?dir=docs\/elections\/2021\/%C3%A9lections-repr%C3%A9sentant-%C3%A9tudiant-au-CNESER\/Listes-de-candidats-et-professions-de-foi\" target=\"_blank\" rel=\"noopener\">Declaraci\u00f3n de principios de los candidatos a las elecciones estudiantiles del CNESER<\/a><\/p>\n<p>El material electoral ser\u00e1 enviado a la Universidad de Guyana durante la semana del 17 de mayo por el Ministerio de Educaci\u00f3n Superior, Investigaci\u00f3n e Innovaci\u00f3n (MESRI). Tan pronto como se reciban, y dada la crisis sanitaria, el departamento de asuntos jur\u00eddicos de la Universidad de Guyana enviar\u00e1 por correo los sobres, las listas de candidatos y las profesiones de foi a los cuatro principales electores.<\/p>\n<p>Los electores votar\u00e1n por correo. Tienen hasta la medianoche del 18 de junio de 2021 para enviar su papeleta. <a href=\"https:\/\/web.archive.org\/web\/20211026013051\/https:\/\/www.univ-guyane.fr\/ugfm\/index.php?dir=docs\/elections\/2021\/%C3%A9lections-repr%C3%A9sentant-%C3%A9tudiant-au-CNESER\/Textes-de-r%C3%A9f%C3%A9rence-du-Minist%C3%A8re\" target=\"_blank\" rel=\"noopener\">Textos de referencia<\/a><\/p>\n<\/div>\n\n\n\n\n\t\t\t<\/div> \n\t\t<\/div>\n\t<\/div> \n<\/div><\/div>","protected":false},"excerpt":{"rendered":"La elecci\u00f3n de los representantes de los estudiantes en el Conseil National de l'Enseignement Sup\u00e9rieur Et de la Recherche...","protected":false},"author":1,"featured_media":9135,"comment_status":"closed","ping_status":"open","sticky":false,"template":"","format":"standard","meta":{"iawp_total_views":4,"footnotes":""},"categories":[230],"tags":[],"class_list":{"0":"post-9130","1":"post","2":"type-post","3":"status-publish","4":"format-standard","5":"has-post-thumbnail","7":"category-elections"},"yoast_head":"<!-- This site is optimized with the Yoast SEO plugin v27.5 - https:\/\/yoast.com\/product\/yoast-seo-wordpress\/ -->\n<title>\u00c9lection des repr\u00e9sentants des \u00e9tudiants au CNESER &#8212; Universit\u00e9 de Guyane<\/title>\n<meta name=\"description\" content=\"D\u00e9couvrez comment se d\u00e9roule l&#039;\u00e9lection des repr\u00e9sentants des \u00e9tudiants au CNESER. Un processus consultatif pour un organe de d\u00e9cision majeur dans l&#039;enseignement sup\u00e9rieur et la recherche.\" \/>\n<meta name=\"robots\" content=\"index, follow, max-snippet:-1, max-image-preview:large, max-video-preview:-1\" \/>\n<link rel=\"canonical\" href=\"https:\/\/www.univ-guyane.fr\/es\/2021\/05\/14\/election-des-representants-des-etudiants-au-cneser\/\" \/>\n<meta property=\"og:locale\" content=\"es_ES\" \/>\n<meta property=\"og:type\" content=\"article\" \/>\n<meta property=\"og:title\" content=\"\u00c9lection des repr\u00e9sentants des \u00e9tudiants au CNESER &#8212; Universit\u00e9 de Guyane\" \/>\n<meta property=\"og:description\" content=\"D\u00e9couvrez comment se d\u00e9roule l&#039;\u00e9lection des repr\u00e9sentants des \u00e9tudiants au CNESER. Un processus consultatif pour un organe de d\u00e9cision majeur dans l&#039;enseignement sup\u00e9rieur et la recherche.\" \/>\n<meta property=\"og:url\" content=\"https:\/\/www.univ-guyane.fr\/es\/2021\/05\/14\/election-des-representants-des-etudiants-au-cneser\/\" \/>\n<meta property=\"og:site_name\" content=\"Universit\u00e9 de Guyane\" \/>\n<meta property=\"article:publisher\" content=\"https:\/\/www.facebook.com\/univguyane\" \/>\n<meta property=\"article:published_time\" content=\"2021-05-14T13:43:38+00:00\" \/>\n<meta property=\"article:modified_time\" content=\"2024-06-24T13:47:19+00:00\" \/>\n<meta property=\"og:image\" content=\"https:\/\/www.univ-guyane.fr\/wp-content\/uploads\/elections-au-cneser-universite-de-guyane.jpeg\" \/>\n\t<meta property=\"og:image:width\" content=\"1024\" \/>\n\t<meta property=\"og:image:height\" content=\"654\" \/>\n\t<meta property=\"og:image:type\" content=\"image\/jpeg\" \/>\n<meta name=\"author\" content=\"Erick Loiti\u00e8re\" \/>\n<meta name=\"twitter:card\" content=\"summary_large_image\" \/>\n<meta name=\"twitter:creator\" content=\"@univguyane\" \/>\n<meta name=\"twitter:site\" content=\"@univguyane\" \/>\n<meta name=\"twitter:label1\" content=\"Escrito por\" \/>\n\t<meta name=\"twitter:data1\" content=\"Erick Loiti\u00e8re\" \/>\n\t<meta name=\"twitter:label2\" content=\"Tiempo de lectura\" \/>\n\t<meta name=\"twitter:data2\" content=\"2 minutos\" \/>\n<script type=\"application\/ld+json\" class=\"yoast-schema-graph\">{\"@context\":\"https:\\\/\\\/schema.org\",\"@graph\":[{\"@type\":\"Article\",\"@id\":\"https:\\\/\\\/www.univ-guyane.fr\\\/2021\\\/05\\\/14\\\/election-des-representants-des-etudiants-au-cneser\\\/#article\",\"isPartOf\":{\"@id\":\"https:\\\/\\\/www.univ-guyane.fr\\\/2021\\\/05\\\/14\\\/election-des-representants-des-etudiants-au-cneser\\\/\"},\"author\":{\"name\":\"Erick Loiti\u00e8re\",\"@id\":\"https:\\\/\\\/www.univ-guyane.fr\\\/#\\\/schema\\\/person\\\/86d946a28a8be51bb096ccfdf19db179\"},\"headline\":\"\u00c9lection des repr\u00e9sentants des \u00e9tudiants au CNESER\",\"datePublished\":\"2021-05-14T13:43:38+00:00\",\"dateModified\":\"2024-06-24T13:47:19+00:00\",\"mainEntityOfPage\":{\"@id\":\"https:\\\/\\\/www.univ-guyane.fr\\\/2021\\\/05\\\/14\\\/election-des-representants-des-etudiants-au-cneser\\\/\"},\"wordCount\":508,\"publisher\":{\"@id\":\"https:\\\/\\\/www.univ-guyane.fr\\\/#organization\"},\"image\":{\"@id\":\"https:\\\/\\\/www.univ-guyane.fr\\\/2021\\\/05\\\/14\\\/election-des-representants-des-etudiants-au-cneser\\\/#primaryimage\"},\"thumbnailUrl\":\"https:\\\/\\\/www.univ-guyane.fr\\\/wp-content\\\/uploads\\\/elections-au-cneser-universite-de-guyane.jpeg\",\"articleSection\":[\"\u2022 \u00c9lections\"],\"inLanguage\":\"es\"},{\"@type\":\"WebPage\",\"@id\":\"https:\\\/\\\/www.univ-guyane.fr\\\/2021\\\/05\\\/14\\\/election-des-representants-des-etudiants-au-cneser\\\/\",\"url\":\"https:\\\/\\\/www.univ-guyane.fr\\\/2021\\\/05\\\/14\\\/election-des-representants-des-etudiants-au-cneser\\\/\",\"name\":\"\u00c9lection des repr\u00e9sentants des \u00e9tudiants au CNESER &#8212; Universit\u00e9 de Guyane\",\"isPartOf\":{\"@id\":\"https:\\\/\\\/www.univ-guyane.fr\\\/#website\"},\"primaryImageOfPage\":{\"@id\":\"https:\\\/\\\/www.univ-guyane.fr\\\/2021\\\/05\\\/14\\\/election-des-representants-des-etudiants-au-cneser\\\/#primaryimage\"},\"image\":{\"@id\":\"https:\\\/\\\/www.univ-guyane.fr\\\/2021\\\/05\\\/14\\\/election-des-representants-des-etudiants-au-cneser\\\/#primaryimage\"},\"thumbnailUrl\":\"https:\\\/\\\/www.univ-guyane.fr\\\/wp-content\\\/uploads\\\/elections-au-cneser-universite-de-guyane.jpeg\",\"datePublished\":\"2021-05-14T13:43:38+00:00\",\"dateModified\":\"2024-06-24T13:47:19+00:00\",\"description\":\"D\u00e9couvrez comment se d\u00e9roule l'\u00e9lection des repr\u00e9sentants des \u00e9tudiants au CNESER. Un processus consultatif pour un organe de d\u00e9cision majeur dans l'enseignement sup\u00e9rieur et la recherche.\",\"breadcrumb\":{\"@id\":\"https:\\\/\\\/www.univ-guyane.fr\\\/2021\\\/05\\\/14\\\/election-des-representants-des-etudiants-au-cneser\\\/#breadcrumb\"},\"inLanguage\":\"es\",\"potentialAction\":[{\"@type\":\"ReadAction\",\"target\":[\"https:\\\/\\\/www.univ-guyane.fr\\\/2021\\\/05\\\/14\\\/election-des-representants-des-etudiants-au-cneser\\\/\"]}]},{\"@type\":\"ImageObject\",\"inLanguage\":\"es\",\"@id\":\"https:\\\/\\\/www.univ-guyane.fr\\\/2021\\\/05\\\/14\\\/election-des-representants-des-etudiants-au-cneser\\\/#primaryimage\",\"url\":\"https:\\\/\\\/www.univ-guyane.fr\\\/wp-content\\\/uploads\\\/elections-au-cneser-universite-de-guyane.jpeg\",\"contentUrl\":\"https:\\\/\\\/www.univ-guyane.fr\\\/wp-content\\\/uploads\\\/elections-au-cneser-universite-de-guyane.jpeg\",\"width\":1024,\"height\":654,\"caption\":\"\u00c9lection des repr\u00e9sentants des \u00e9tudiants au CNESER\"},{\"@type\":\"BreadcrumbList\",\"@id\":\"https:\\\/\\\/www.univ-guyane.fr\\\/2021\\\/05\\\/14\\\/election-des-representants-des-etudiants-au-cneser\\\/#breadcrumb\",\"itemListElement\":[{\"@type\":\"ListItem\",\"position\":1,\"name\":\"Accueil\",\"item\":\"https:\\\/\\\/www.univ-guyane.fr\\\/\"},{\"@type\":\"ListItem\",\"position\":2,\"name\":\"\u00c9lection des repr\u00e9sentants des \u00e9tudiants au CNESER\"}]},{\"@type\":\"WebSite\",\"@id\":\"https:\\\/\\\/www.univ-guyane.fr\\\/#website\",\"url\":\"https:\\\/\\\/www.univ-guyane.fr\\\/\",\"name\":\"Universit\u00e9 de Guyane\",\"description\":\"Au c\u0153ur de l&#039;amazonie\",\"publisher\":{\"@id\":\"https:\\\/\\\/www.univ-guyane.fr\\\/#organization\"},\"alternateName\":\"UG\",\"potentialAction\":[{\"@type\":\"SearchAction\",\"target\":{\"@type\":\"EntryPoint\",\"urlTemplate\":\"https:\\\/\\\/www.univ-guyane.fr\\\/?s={search_term_string}\"},\"query-input\":{\"@type\":\"PropertyValueSpecification\",\"valueRequired\":true,\"valueName\":\"search_term_string\"}}],\"inLanguage\":\"es\"},{\"@type\":\"Organization\",\"@id\":\"https:\\\/\\\/www.univ-guyane.fr\\\/#organization\",\"name\":\"Universit\u00e9 de Guyane\",\"alternateName\":\"UG\",\"url\":\"https:\\\/\\\/www.univ-guyane.fr\\\/\",\"logo\":{\"@type\":\"ImageObject\",\"inLanguage\":\"es\",\"@id\":\"https:\\\/\\\/www.univ-guyane.fr\\\/#\\\/schema\\\/logo\\\/image\\\/\",\"url\":\"https:\\\/\\\/www.univ-guyane.fr\\\/wp-content\\\/uploads\\\/2024\\\/05\\\/f.png\",\"contentUrl\":\"https:\\\/\\\/www.univ-guyane.fr\\\/wp-content\\\/uploads\\\/2024\\\/05\\\/f.png\",\"width\":1024,\"height\":1024,\"caption\":\"Universit\u00e9 de Guyane\"},\"image\":{\"@id\":\"https:\\\/\\\/www.univ-guyane.fr\\\/#\\\/schema\\\/logo\\\/image\\\/\"},\"sameAs\":[\"https:\\\/\\\/www.facebook.com\\\/univguyane\",\"https:\\\/\\\/x.com\\\/univguyane\",\"https:\\\/\\\/gf.linkedin.com\\\/school\\\/universite-de-guyane\\\/\",\"https:\\\/\\\/www.instagram.com\\\/univ_guyane\\\/\"]},{\"@type\":\"Person\",\"@id\":\"https:\\\/\\\/www.univ-guyane.fr\\\/#\\\/schema\\\/person\\\/86d946a28a8be51bb096ccfdf19db179\",\"name\":\"Erick Loiti\u00e8re\",\"image\":{\"@type\":\"ImageObject\",\"inLanguage\":\"es\",\"@id\":\"https:\\\/\\\/secure.gravatar.com\\\/avatar\\\/0584f332103fbeaf37e52c73b15dca3c547fd9300deb05764e9ad8714839d072?s=96&d=robohash&r=g\",\"url\":\"https:\\\/\\\/secure.gravatar.com\\\/avatar\\\/0584f332103fbeaf37e52c73b15dca3c547fd9300deb05764e9ad8714839d072?s=96&d=robohash&r=g\",\"contentUrl\":\"https:\\\/\\\/secure.gravatar.com\\\/avatar\\\/0584f332103fbeaf37e52c73b15dca3c547fd9300deb05764e9ad8714839d072?s=96&d=robohash&r=g\",\"caption\":\"Erick Loiti\u00e8re\"},\"sameAs\":[\"http:\\\/\\\/www.univ-guyane.fr\"],\"url\":\"https:\\\/\\\/www.univ-guyane.fr\\\/es\\\/author\\\/eloitierdbz\\\/\"}]}<\/script>\n<!-- \/ Yoast SEO plugin. -->","yoast_head_json":{"title":"Elecci\u00f3n de los representantes de los estudiantes en el CNESER - Universidad de Guyana","description":"Descubra c\u00f3mo funciona la elecci\u00f3n de los representantes de los estudiantes en el CNESER. Un proceso consultivo para un importante \u00f3rgano decisorio de la ense\u00f1anza superior y la investigaci\u00f3n.","robots":{"index":"index","follow":"follow","max-snippet":"max-snippet:-1","max-image-preview":"max-image-preview:large","max-video-preview":"max-video-preview:-1"},"canonical":"https:\/\/www.univ-guyane.fr\/es\/2021\/05\/14\/election-des-representants-des-etudiants-au-cneser\/","og_locale":"es_ES","og_type":"article","og_title":"\u00c9lection des repr\u00e9sentants des \u00e9tudiants au CNESER &#8212; Universit\u00e9 de Guyane","og_description":"D\u00e9couvrez comment se d\u00e9roule l'\u00e9lection des repr\u00e9sentants des \u00e9tudiants au CNESER. Un processus consultatif pour un organe de d\u00e9cision majeur dans l'enseignement sup\u00e9rieur et la recherche.","og_url":"https:\/\/www.univ-guyane.fr\/es\/2021\/05\/14\/election-des-representants-des-etudiants-au-cneser\/","og_site_name":"Universit\u00e9 de Guyane","article_publisher":"https:\/\/www.facebook.com\/univguyane","article_published_time":"2021-05-14T13:43:38+00:00","article_modified_time":"2024-06-24T13:47:19+00:00","og_image":[{"width":1024,"height":654,"url":"https:\/\/www.univ-guyane.fr\/wp-content\/uploads\/elections-au-cneser-universite-de-guyane.jpeg","type":"image\/jpeg"}],"author":"Erick Loiti\u00e8re","twitter_card":"summary_large_image","twitter_creator":"@univguyane","twitter_site":"@univguyane","twitter_misc":{"Escrito por":"Erick Loiti\u00e8re","Tiempo de lectura":"2 minutos"},"schema":{"@context":"https:\/\/schema.org","@graph":[{"@type":"Article","@id":"https:\/\/www.univ-guyane.fr\/2021\/05\/14\/election-des-representants-des-etudiants-au-cneser\/#article","isPartOf":{"@id":"https:\/\/www.univ-guyane.fr\/2021\/05\/14\/election-des-representants-des-etudiants-au-cneser\/"},"author":{"name":"Erick Loiti\u00e8re","@id":"https:\/\/www.univ-guyane.fr\/#\/schema\/person\/86d946a28a8be51bb096ccfdf19db179"},"headline":"\u00c9lection des repr\u00e9sentants des \u00e9tudiants au CNESER","datePublished":"2021-05-14T13:43:38+00:00","dateModified":"2024-06-24T13:47:19+00:00","mainEntityOfPage":{"@id":"https:\/\/www.univ-guyane.fr\/2021\/05\/14\/election-des-representants-des-etudiants-au-cneser\/"},"wordCount":508,"publisher":{"@id":"https:\/\/www.univ-guyane.fr\/#organization"},"image":{"@id":"https:\/\/www.univ-guyane.fr\/2021\/05\/14\/election-des-representants-des-etudiants-au-cneser\/#primaryimage"},"thumbnailUrl":"https:\/\/www.univ-guyane.fr\/wp-content\/uploads\/elections-au-cneser-universite-de-guyane.jpeg","articleSection":["\u2022 \u00c9lections"],"inLanguage":"es"},{"@type":"WebPage","@id":"https:\/\/www.univ-guyane.fr\/2021\/05\/14\/election-des-representants-des-etudiants-au-cneser\/","url":"https:\/\/www.univ-guyane.fr\/2021\/05\/14\/election-des-representants-des-etudiants-au-cneser\/","name":"Elecci\u00f3n de los representantes de los estudiantes en el CNESER - Universidad de Guyana","isPartOf":{"@id":"https:\/\/www.univ-guyane.fr\/#website"},"primaryImageOfPage":{"@id":"https:\/\/www.univ-guyane.fr\/2021\/05\/14\/election-des-representants-des-etudiants-au-cneser\/#primaryimage"},"image":{"@id":"https:\/\/www.univ-guyane.fr\/2021\/05\/14\/election-des-representants-des-etudiants-au-cneser\/#primaryimage"},"thumbnailUrl":"https:\/\/www.univ-guyane.fr\/wp-content\/uploads\/elections-au-cneser-universite-de-guyane.jpeg","datePublished":"2021-05-14T13:43:38+00:00","dateModified":"2024-06-24T13:47:19+00:00","description":"Descubra c\u00f3mo funciona la elecci\u00f3n de los representantes de los estudiantes en el CNESER. Un proceso consultivo para un importante \u00f3rgano decisorio de la ense\u00f1anza superior y la investigaci\u00f3n.","breadcrumb":{"@id":"https:\/\/www.univ-guyane.fr\/2021\/05\/14\/election-des-representants-des-etudiants-au-cneser\/#breadcrumb"},"inLanguage":"es","potentialAction":[{"@type":"ReadAction","target":["https:\/\/www.univ-guyane.fr\/2021\/05\/14\/election-des-representants-des-etudiants-au-cneser\/"]}]},{"@type":"ImageObject","inLanguage":"es","@id":"https:\/\/www.univ-guyane.fr\/2021\/05\/14\/election-des-representants-des-etudiants-au-cneser\/#primaryimage","url":"https:\/\/www.univ-guyane.fr\/wp-content\/uploads\/elections-au-cneser-universite-de-guyane.jpeg","contentUrl":"https:\/\/www.univ-guyane.fr\/wp-content\/uploads\/elections-au-cneser-universite-de-guyane.jpeg","width":1024,"height":654,"caption":"\u00c9lection des repr\u00e9sentants des \u00e9tudiants au CNESER"},{"@type":"BreadcrumbList","@id":"https:\/\/www.univ-guyane.fr\/2021\/05\/14\/election-des-representants-des-etudiants-au-cneser\/#breadcrumb","itemListElement":[{"@type":"ListItem","position":1,"name":"Accueil","item":"https:\/\/www.univ-guyane.fr\/"},{"@type":"ListItem","position":2,"name":"\u00c9lection des repr\u00e9sentants des \u00e9tudiants au CNESER"}]},{"@type":"WebSite","@id":"https:\/\/www.univ-guyane.fr\/#website","url":"https:\/\/www.univ-guyane.fr\/","name":"Universidad de Guyana","description":"En el coraz\u00f3n de la Amazonia","publisher":{"@id":"https:\/\/www.univ-guyane.fr\/#organization"},"alternateName":"UG","potentialAction":[{"@type":"SearchAction","target":{"@type":"EntryPoint","urlTemplate":"https:\/\/www.univ-guyane.fr\/?s={search_term_string}"},"query-input":{"@type":"PropertyValueSpecification","valueRequired":true,"valueName":"search_term_string"}}],"inLanguage":"es"},{"@type":"Organization","@id":"https:\/\/www.univ-guyane.fr\/#organization","name":"Universidad de Guyana","alternateName":"UG","url":"https:\/\/www.univ-guyane.fr\/","logo":{"@type":"ImageObject","inLanguage":"es","@id":"https:\/\/www.univ-guyane.fr\/#\/schema\/logo\/image\/","url":"https:\/\/www.univ-guyane.fr\/wp-content\/uploads\/2024\/05\/f.png","contentUrl":"https:\/\/www.univ-guyane.fr\/wp-content\/uploads\/2024\/05\/f.png","width":1024,"height":1024,"caption":"Universit\u00e9 de Guyane"},"image":{"@id":"https:\/\/www.univ-guyane.fr\/#\/schema\/logo\/image\/"},"sameAs":["https:\/\/www.facebook.com\/univguyane","https:\/\/x.com\/univguyane","https:\/\/gf.linkedin.com\/school\/universite-de-guyane\/","https:\/\/www.instagram.com\/univ_guyane\/"]},{"@type":"Person","@id":"https:\/\/www.univ-guyane.fr\/#\/schema\/person\/86d946a28a8be51bb096ccfdf19db179","name":"Erick Loiti\u00e8re","image":{"@type":"ImageObject","inLanguage":"es","@id":"https:\/\/secure.gravatar.com\/avatar\/0584f332103fbeaf37e52c73b15dca3c547fd9300deb05764e9ad8714839d072?s=96&d=robohash&r=g","url":"https:\/\/secure.gravatar.com\/avatar\/0584f332103fbeaf37e52c73b15dca3c547fd9300deb05764e9ad8714839d072?s=96&d=robohash&r=g","contentUrl":"https:\/\/secure.gravatar.com\/avatar\/0584f332103fbeaf37e52c73b15dca3c547fd9300deb05764e9ad8714839d072?s=96&d=robohash&r=g","caption":"Erick Loiti\u00e8re"},"sameAs":["http:\/\/www.univ-guyane.fr"],"url":"https:\/\/www.univ-guyane.fr\/es\/author\/eloitierdbz\/"}]}},"_links":{"self":[{"href":"https:\/\/www.univ-guyane.fr\/es\/wp-json\/wp\/v2\/posts\/9130","targetHints":{"allow":["GET"]}}],"collection":[{"href":"https:\/\/www.univ-guyane.fr\/es\/wp-json\/wp\/v2\/posts"}],"about":[{"href":"https:\/\/www.univ-guyane.fr\/es\/wp-json\/wp\/v2\/types\/post"}],"author":[{"embeddable":true,"href":"https:\/\/www.univ-guyane.fr\/es\/wp-json\/wp\/v2\/users\/1"}],"replies":[{"embeddable":true,"href":"https:\/\/www.univ-guyane.fr\/es\/wp-json\/wp\/v2\/comments?post=9130"}],"version-history":[{"count":1,"href":"https:\/\/www.univ-guyane.fr\/es\/wp-json\/wp\/v2\/posts\/9130\/revisions"}],"predecessor-version":[{"id":9137,"href":"https:\/\/www.univ-guyane.fr\/es\/wp-json\/wp\/v2\/posts\/9130\/revisions\/9137"}],"wp:featuredmedia":[{"embeddable":true,"href":"https:\/\/www.univ-guyane.fr\/es\/wp-json\/wp\/v2\/media\/9135"}],"wp:attachment":[{"href":"https:\/\/www.univ-guyane.fr\/es\/wp-json\/wp\/v2\/media?parent=9130"}],"wp:term":[{"taxonomy":"category","embeddable":true,"href":"https:\/\/www.univ-guyane.fr\/es\/wp-json\/wp\/v2\/categories?post=9130"},{"taxonomy":"post_tag","embeddable":true,"href":"https:\/\/www.univ-guyane.fr\/es\/wp-json\/wp\/v2\/tags?post=9130"}],"curies":[{"name":"wp","href":"https:\/\/api.w.org\/{rel}","templated":true}]}}