{"id":9392,"date":"2018-10-23T09:28:40","date_gmt":"2018-10-23T12:28:40","guid":{"rendered":"https:\/\/www.univ-guyane.fr\/?p=9392"},"modified":"2024-06-27T09:34:13","modified_gmt":"2024-06-27T12:34:13","slug":"5eme-conference-caribeenne-sur-la-drepanocytose-et-les-thalassemies","status":"publish","type":"post","link":"https:\/\/www.univ-guyane.fr\/es\/2018\/10\/23\/5eme-conference-caribeenne-sur-la-drepanocytose-et-les-thalassemies\/","title":{"rendered":"V Conferencia del Caribe sobre Anemia Falciforme y Talasemia"},"content":{"rendered":"<div id=\"fws_69f193ff5295c\"  data-column-margin=\"default\" data-midnight=\"dark\"  class=\"wpb_row vc_row-fluid vc_row\"  style=\"padding-top: 0px; padding-bottom: 0px; \"><div class=\"row-bg-wrap\" data-bg-animation=\"none\" data-bg-animation-delay=\"\" data-bg-overlay=\"false\"><div class=\"inner-wrap row-bg-layer\" ><div class=\"row-bg viewport-desktop\"  style=\"\"><\/div><\/div><\/div><div class=\"row_col_wrap_12 col span_12 dark left\">\n\t<div  class=\"vc_col-sm-12 wpb_column column_container vc_column_container col no-extra-padding inherit_tablet inherit_phone\"  data-padding-pos=\"all\" data-has-bg-color=\"false\" data-bg-color=\"\" data-bg-opacity=\"1\" data-animation=\"\" data-delay=\"0\" >\n\t\t<div class=\"vc_column-inner\" >\n\t\t\t<div class=\"wpb_wrapper\">\n\t\t\t\t\n<div class=\"wpb_text_column wpb_content_element  chapo\" >\n\t<h2>La 5\u00aa Conferencia del Caribe sobre Anemia Falciforme y Talasemia, organizada por CAREST y GR-Ex se celebrar\u00e1 del 24 al 26 de octubre de 2018 en la Universidad de Guyana, para un momento especial de intercambio entre cl\u00ednicos, investigadores, representantes de asociaciones de familiares de pacientes<\/h2>\n<\/div>\n\n\n\n\n<div class=\"wpb_text_column wpb_content_element\" >\n\t<div id=\"fws_653857dfb0c09\" class=\"wpb_row vc_row-fluid vc_row\" data-column-margin=\"default\" data-midnight=\"dark\">\n<div class=\"row_col_wrap_12 col span_12 dark left\">\n<div class=\"vc_col-sm-12 wpb_column column_container vc_column_container col no-extra-padding inherit_tablet inherit_phone\" data-padding-pos=\"all\" data-has-bg-color=\"false\" data-bg-color=\"\" data-bg-opacity=\"1\" data-animation=\"\" data-delay=\"0\">\n<div class=\"vc_column-inner\">\n<div class=\"wpb_wrapper\">\n<div class=\"wpb_text_column wpb_content_element\">\n<div class=\"wpb_wrapper\">\n<p>El tema de este a\u00f1o es \"Anemia falciforme y talasemia: actualizaci\u00f3n sobre tratamiento e investigaci\u00f3n\".<\/p>\n<\/div>\n<\/div>\n<\/div>\n<\/div>\n<\/div>\n<\/div>\n<\/div>\n<div id=\"fws_653857dfb0df4\" class=\"wpb_row vc_row-fluid vc_row\" data-column-margin=\"default\" data-midnight=\"dark\">\n<div class=\"row-bg-wrap\" data-bg-animation=\"none\" data-bg-animation-delay=\"\" data-bg-overlay=\"false\">\n<div class=\"inner-wrap row-bg-layer\">\n<div class=\"row-bg viewport-desktop\"><\/div>\n<\/div>\n<\/div>\n<div class=\"row_col_wrap_12 col span_12 dark left\">\n<div class=\"vc_col-sm-12 wpb_column column_container vc_column_container col no-extra-padding inherit_tablet inherit_phone\" data-padding-pos=\"all\" data-has-bg-color=\"false\" data-bg-color=\"\" data-bg-opacity=\"1\" data-animation=\"\" data-delay=\"0\">\n<div class=\"vc_column-inner\">\n<div class=\"wpb_wrapper\">\n<div class=\"wpb_text_column wpb_content_element\">\n<div class=\"wpb_wrapper\">\n<div id=\"lipsum\">\n<h3><strong>Mi\u00e9rcoles 24<\/strong><\/h3>\n<p><strong>15.00 - 17.00 h<\/strong>\u00a0<strong>Reuni\u00f3n informativa, debate\u00a0<\/strong>(p\u00fablico: alumnos de \u00faltimo curso, estudiantes de la Universidad de Guyana)\u00a0<strong>:\u00a0<\/strong><\/p>\n<p>\u00bfQu\u00e9 es CAREST?<\/p>\n<p>Carreras de investigaci\u00f3n<\/p>\n<p>Intercambios internacionales e investigaci\u00f3n Participantes: representantes del Inserm, las universidades de Par\u00eds Diderot, Par\u00eds Descartes, Antillas, S\u00e3o Paulo, La Habana, Santo Domingo, la Universidad Federal de R\u00edo de Janeiro, el Imperial College de Londres, la Universidad de Guyana y el Grupo de Inter\u00e9s Cient\u00edfico de Guyana.<\/p>\n<p><strong>7.00-8.00 p.m. -<\/strong>\u00a0<strong>Ceremonia de apertura\u00a0<\/strong><\/p>\n<h3><strong>Jueves 25<\/strong><\/h3>\n<p><strong>7.00 - 8.30 h<\/strong>\u00a0-\u00a0<em>Inscripci\u00f3n\u00a0<\/em><\/p>\n<p><strong>Epidemiolog\u00eda de las enfermedades de los hemat\u00edes<\/strong><br \/>\n<em>Moderadores: Jacques Elion y Narcisse Elenga\u00a0<\/em><\/p>\n<p><strong>8h30 - 8h50<\/strong>\u00a0- Epidemiolog\u00eda mundial de las hemoglobinopat\u00edas: Fr\u00e9d\u00e9ric Piel (Londres, Reino Unido)<\/p>\n<p><strong>8h50 - 9h05<\/strong>\u00a0El Caribe en el punto de mira: Marc Romana (Pointe-\u00e0-Pitre, Guadalupe, Francia)<\/p>\n<p><strong>9.05 h - 9.25 h\u00a0<\/strong>\u00a0Deficiencia de G6PD, actualizaci\u00f3n: Fr\u00e9d\u00e9ric Galact\u00e9ros (Cr\u00e9teil, Francia)<\/p>\n<p><strong>9.25 h - 9.45 h<\/strong>\u00a0- Transici\u00f3n epidemiol\u00f3gica de la drepanocitosis en \u00c1frica Occidental y Central: evoluci\u00f3n de la morbilidad y la mortalidad en las zonas urbanas: Brigitte Ranque (GR-Ex - Par\u00eds, Francia)<\/p>\n<p><strong>9.45 - 10.00 h<\/strong>Debate<\/p>\n<p><strong>10.00 - 10.20 h.<\/strong>\u00a0Presentaciones orales seleccionadas<\/p>\n<p>\"La anemia falciforme en Venezuela est\u00e1 actualmente en crisis (Venezuela)\": Adriana Bello (Caracas, Venezuela)<\/p>\n<p>\"Programa Cubano de Prevenci\u00f3n de la Anemia Falciforme. Treinta y cinco a\u00f1os de resultados (Cuba)\": Beatriz Marcheco-Teruel (La Habana, Cuba)<\/p>\n<p><strong>10.20 h - 10.35 h\u00a0<\/strong>Debate<\/p>\n<p><strong>10.35 h - 11.00 h<\/strong>\u00a0Pausa<\/p>\n<p>Atenci\u00f3n integral: recomendaciones\u00a0<em>Moderadores\u00a0<\/em>:\u00a0<em>Mariane de Montalembert y Ketty Lee\u00a0<\/em><\/p>\n<p><strong>11.00 - 11.20 h<\/strong>\u00a0Indicaciones de esplenectom\u00eda en los trastornos de la membrana de los hemat\u00edes: Lo\u00efc Gar\u00e7on (Amiens, Francia)<\/p>\n<p><strong>11.20 h - 11.40 h<\/strong>\u00a0Nuevas terapias para la talasemia: Olivier Hermine (GR-Ex - Par\u00eds, Francia)<\/p>\n<p><strong>11.40 h - 12.00 h<\/strong>\u00a0- Anemia falciforme - cobertura vacunal: Narcisse Elenga (Cayena, Guayana Francesa)<\/p>\n<p><strong>12.00 - 12.15 h<\/strong>\u00a0- Debate<\/p>\n<p><strong>12h15 - 13h35\u00a0<\/strong>- Comidas<\/p>\n<p><strong>Diagn\u00f3stico y organizaci\u00f3n del DNN<br \/>\n<\/strong><em>Moderadores\u00a0<\/em>:\u00a0<em>Marvin Reid y Marie-Dominique Hardy-Dessources\u00a0<\/em><\/p>\n<p><strong>13.35 - 13.50 h<\/strong>\u00a0- Resumen de la experiencia en el Caribe no franc\u00f3fono: Monica Asnani (Kingston, Jamaica)<\/p>\n<p><strong>\u00a0<\/strong><strong>13.50 h - 14.05 h<\/strong>\u00a0- S\u00edntesis de la experiencia franc\u00f3fona y colaboraci\u00f3n con Tobago y Granada: Ketty Lee (Pointe-\u00e0-Pitre, Guadalupe, Francia)<\/p>\n<p><strong>14.05 h - 14.25 h<\/strong>\u00a0- Nuevas estrategias de cribado: de las pruebas r\u00e1pidas a las plataformas de muy alto rendimiento: Jacques Elion (GR-Ex - Par\u00eds, Francia)<\/p>\n<p><strong>14.25 h - 14.45 h<\/strong>\u00a0- Presentaciones orales seleccionadas<\/p>\n<p>\"Cribado neonatal en Cap Haitian, Hait\u00ed: presente y futuro\": Ofelia Alvarez (Miami, EE.UU.)<\/p>\n<p>\"Presencia de haplotipos no africanos en pacientes con drepanocitosis en Colombia, probablemente debido a la mezcla entre poblaciones amerindias, europeas y africanas\": Cristian Fong (Cali, Colombia)<\/p>\n<p><strong>14.45 - 15.00 h<\/strong>\u00a0- Debate<\/p>\n<p><strong>15.00 - 15.20 h<\/strong>\u00a0- Pausa<\/p>\n<p><strong>Temas espec\u00edficos<\/strong><br \/>\n<em>Moderadores\u00a0<\/em>:\u00a0<em>B\u00e9reng\u00e8re Koehl y Gis\u00e8le Elana\u00a0<\/em><\/p>\n<p><strong>15.20 h - 15.40 h<\/strong>\u00a0- Gesti\u00f3n de embarazos en mujeres con drepanocitosis en la Guayana Francesa: aspectos hist\u00f3ricos, adaptaci\u00f3n de la gesti\u00f3n: Gabriel Carles (Saint Laurent du Maroni, Guayana Francesa)<\/p>\n<p><strong>15.40 h - 15.55 h<\/strong>\u00a0- Nuevos enfoques para el tratamiento del dolor: Maryse Etienne-Julan (Pointe-\u00e0-Pitre, Guadalupe, Francia)<\/p>\n<p><strong>15.55 - 16.10 h<\/strong>\u00a0- Cin\u00e9tica antibi\u00f3tica en pacientes con anemia falciforme: B\u00e9reng\u00e8re Koehl (Par\u00eds, Francia)<\/p>\n<p><strong>16.10 - 16.25 h<\/strong>\u00a0- Eco Doppler transcraneal: an\u00e1lisis a distancia, experiencia en la Rep\u00fablica Dominicana: Rosa Nieves (Santo-Domingo, Rep\u00fablica Dominicana)<\/p>\n<p><strong>16.25 - 16.40 h<\/strong>\u00a0- El impacto de la drepanocitosis en la escuela: Corinne Pondarr\u00e9 (Cr\u00e9teil, Francia)<\/p>\n<p><strong>16.40 - 16.50 h<\/strong>\u00a0- Presentaciones orales seleccionadas<\/p>\n<p>\"Implicaciones de un t\u00e1ndem pediatra-psic\u00f3logo en la atenci\u00f3n a la anemia falciforme e impacto en el funcionamiento cognitivo\": Adrienne Lerner (Par\u00eds, Francia)<\/p>\n<p><strong>16.50 - 17.05 h\u00a0<\/strong>- Debate<\/p>\n<p><strong>17.05 - 17.20 h<\/strong>\u00a0- Pausa<\/p>\n<p><strong>17.20 h - 18.00 h<\/strong>\u00a0-\u00a0<strong>Mesa redonda\u00a0<\/strong>: Educaci\u00f3n terap\u00e9utica<\/p>\n<p>Anne Jolivet, Chantal Placide (CHOG - Guayana Francesa), Gylna Loko (EVAD - Lamentin, Martinica, Francia), Aliz\u00e9e Sterlin (ROFSED - Par\u00eds, Francia), Gis\u00e8le Elana (Pediatr\u00eda, Martinica, Francia), Lydia Divialle-Doumdo (UTD - Guadalupe, Francia).<\/p>\n<p><strong>18.00 - 19.00 h<\/strong>\u00a0-\u00a0<strong>Comunicaciones dirigidas al p\u00fablico en general<br \/>\n<\/strong><em>Moderadores\u00a0<\/em>:\u00a0<em>Edda Hadeed y Gylna Loko\u00a0<\/em><\/p>\n<p>Participaci\u00f3n de los pacientes como expertos en el dise\u00f1o de herramientas sanitarias m\u00f3viles para apoyar la autogesti\u00f3n de la anemia falciforme: David Issom (Ginebra, Suiza)<\/p>\n<p>Trasplante de c\u00e9lulas madre hematopoy\u00e9ticas: Jean-Hugues Dalle (Par\u00eds, Francia)<\/p>\n<p>Terapia g\u00e9nica: Emmanuel Payen (GR-Ex - Fontenay-aux-Roses, Francia)<\/p>\n<h3><strong>Viernes 26<\/strong><\/h3>\n<p><strong>Terap\u00e9utica: Hidroxicarbamida<br \/>\n<\/strong><em>Moderadores\u00a0<\/em>:\u00a0<em>Caroline Le Van Kim y Monika Asnani<\/em><\/p>\n<p><strong>8.00 h - 8.20 h<\/strong>\u00a0- Experiencia americana: Dosis m\u00e1xima tolerada: Russell Ware (Cincinnati, EE.UU.)<\/p>\n<p><strong>8h20 - 8h40<\/strong>\u00a0- Experiencia de la India: dosis fija baja: Dipty Jain (Nagpur, India)<\/p>\n<p><strong>8h40 - 8h55<\/strong>\u00a0- Hidroxicarbamida y accidente cerebrovascular - Jamaica: Marvin Reid (Kingston, Jamaica)<\/p>\n<p><strong>8h55 - 9h15<\/strong>\u00a0- Utilizaci\u00f3n de los datos HU-ESCORT para los departamentos y territorios franceses de ultramar :<br \/>\nHijos : Narcisse Elenga (Cayena, Guayana Francesa)<br \/>\nAdultos : Maryse Etienne-Julan (Pointe-\u00e0-Pitre, Guadalupe, Francia)<\/p>\n<p><strong>\u00a09.15 h - 9.30 h<\/strong>\u00a0- Debate<\/p>\n<p>9h30 - 9h50 - Aplicaciones terap\u00e9uticas de la hepcidina: Sophie Vaulont (GR-Ex - Par\u00eds, Francia)<\/p>\n<p><strong>9.50 - 10.20 h<\/strong>\u00a0Presentaciones orales seleccionadas:<\/p>\n<p>\"Hemoglobina fetal en la drepanocitosis: nuevos conocimientos sobre la expresi\u00f3n, la distribuci\u00f3n celular y el efecto de la hidroxicarbamida a nivel celular\": Sara El Hoss (CGRF-Par\u00eds, Francia)<\/p>\n<p>\"Identificaci\u00f3n de componentes de la v\u00eda del complejo mecanicista diana de la rapamicina 1 (mtorc1) como reguladores potenciales de la globina fetal\": Danitza M. N\u00e9bor (Bar Harbor, ME, EE.UU.)<\/p>\n<p>\"El tratamiento con hidroxiurea en la anemia falciforme induce cambios en las caracter\u00edsticas de las micropart\u00edculas y su impacto en el fenotipo de las c\u00e9lulas endoteliales\": Yohann Garnier (Pointe-\u00e0-Pitre, Guadalupe, Francia).<\/p>\n<p><strong>10.20 h - 10.35 h<\/strong>\u00a0Debates<\/p>\n<p><strong>10.35 h - 10.50 h\u00a0<\/strong>\u00a0Pausa<\/p>\n<p><strong>Transfusi\u00f3n<\/strong><br \/>\n<em>Moderadores\u00a0<\/em>:\u00a0<em>Yves Colin Aronovicz y Rinaldo Villaescusa\u00a0<\/em><\/p>\n<p><strong>10.50 - 11.10 h\u00a0<\/strong>- Riesgo infeccioso y transfusi\u00f3n: la experiencia brasile\u00f1a: Luiz Amorim (R\u00edo de Janeiro, Brasil)<\/p>\n<p><strong>11.10 h - 11.25 h<\/strong>\u00a0- Lesiones por almacenamiento: \u00bfdeben transfundirse los hemat\u00edes j\u00f3venes? Caroline Le Van Kim (GR-Ex - Par\u00eds, Francia)<\/p>\n<p><strong>11.25 h - 11.45 h<\/strong>\u00a0Adaptaci\u00f3n entre donantes, donaciones, circuitos y pacientes: un reto para la Guayana Francesa: Olivier Garraud (Par\u00eds, Francia)<\/p>\n<p><strong>11.45 h - 12.00 h<\/strong>\u00a0- Debate<\/p>\n<p><strong>12.00 - 12.40 h\u00a0<\/strong>-\u00a0<strong>Mesa redonda:\u00a0<\/strong>Donaci\u00f3n de sangre en Guayana Francesa<br \/>\nEl papel de la transfusi\u00f3n en el tratamiento de los pacientes con anemia falciforme: Lydia Divialle (Pointe-\u00e0-Pitre, Guadalupe, Francia)<br \/>\nDonaci\u00f3n de sangre en la Guayana Francesa: punto de vista de la EFS Antillas-Guyane: Fran\u00e7oise Maire (Cayena, Guayana Francesa, Francia)<br \/>\nDonaci\u00f3n de sangre en la Guayana Francesa: una perspectiva de la INTS: Olivier Garraud (Par\u00eds, Francia)<\/p>\n<p><strong>12.40 h - 14.00 h<\/strong>\u00a0- Comidas<\/p>\n<p><strong>Tratamientos curativos<\/strong><br \/>\n<em>Moderadores\u00a0<\/em>:\u00a0<em>Russell Ware y Maryse Etienne-Julan\u00a0<\/em><\/p>\n<p><strong>14.00 h - 14.20 h<\/strong>\u00a0-\u00a0<strong>Trasplante de c\u00e9lulas madre hematopoy\u00e9ticas :\u00a0<\/strong><\/p>\n<p>Experiencia global: Jean-Hugues Dalle (Par\u00eds, Francia)<\/p>\n<p><strong>14.20 - 15.00 h<\/strong>\u00a0<strong>Mesa redonda\u00a0<\/strong>Experiencia en los departamentos franceses de ultramar (G. Elana, Martinica), en Francia continental (J-H Dalle, Par\u00eds) y en Trinidad para pacientes talas\u00e9micos (Waveney Charles, Trinidad y Tobago).<\/p>\n<p><strong>15.00 - 15.20 h<\/strong>\u00a0- Presentaciones orales seleccionadas<\/p>\n<p>\"El patr\u00f3n de escisi\u00f3n de BID dependiente de la case\u00edna quinasa-1a inducida por eritropoyetina determina el destino de los precursores eritroides\": Genevi\u00e8ve Courtois (Par\u00eds, Francia)<\/p>\n<p>\"Micropart\u00edculas celulares en la vasculopat\u00eda cr\u00f3nica de la drepanocitosis en el \u00c1frica subsahariana\": Abdoul Karim DEMBELE (CGRF-Par\u00eds, Francia)<\/p>\n<p><strong>15.20 h - 15.30 h<\/strong>\u00a0- Debate<\/p>\n<p><strong>15.30 - 15.45 h<\/strong>\u00a0-Break<\/p>\n<p><strong>Arquitectura gen\u00e9tica y terapia g\u00e9nica de las hemoglobinopat\u00edas<\/strong><br \/>\n<em>Moderadores\u00a0<\/em>:\u00a0<em>Olivier Hermine y Marc Romana<\/em><\/p>\n<p><strong>15.45 - 16.05 h<\/strong>\u00a0- Terapia g\u00e9nica de las hemoglobinopat\u00edas: Emmanuel Payen (GR-Ex - Fontenay-aux-Roses, Francia)<\/p>\n<p><strong>16.05 - 16.25 h<\/strong>\u00a0Gen\u00e9tica, gen\u00f3mica y drepanocitosis: Laurent Gouya (GR-Ex, Par\u00eds, Francia)<\/p>\n<p><strong>16.25 - 16.35 h<\/strong>\u00a0Debates<\/p>\n<p><strong>16.35 - 17.30 h<\/strong>\u00a0<strong>Debate - Prioridad :\u00a0<\/strong>Curar la drepanocitosis frente a mejorar la asistencia<\/p>\n<p><strong>16.35 - 16.55 h<\/strong>\u00a0Prioridad: curar la anemia falciforme: Marianne de Montalembert (Par\u00eds, Francia)<\/p>\n<p><strong>16.55 - 17.15 h<\/strong>\u00a0- Prioridad: mejorar la atenci\u00f3n: Russell Ware (Cincinnati, EE.UU.)<\/p>\n<p><strong>17.15 - 17.30 h<\/strong>\u00a0- Debate<\/p>\n<p><strong>Sesi\u00f3n simult\u00e1nea dedicada a las asociaciones<br \/>\n<\/strong><em>Moderador: Vincent Vantilcke\u00a0<\/em><\/p>\n<p><strong>8.00 - 9.35<\/strong>\u00a0- Presentaci\u00f3n de cada asociaci\u00f3n: objetivos, actividades,<\/p>\n<p><strong>9.35 h - 10.35 h<\/strong>\u00a0Simulaci\u00f3n de una sesi\u00f3n de educaci\u00f3n terap\u00e9utica de pacientes a cargo de la ROFSED: Aliz\u00e9e Sterlin (Par\u00eds, Francia)<\/p>\n<p><strong>10.35 h - 10.50 h<\/strong>\u00a0Pausa<\/p>\n<p><strong>10.50 - 11.25 h<\/strong>\u00a0\"Terapia intensificada en la anemia falciforme: \u00bfdebe administrarse antes o despu\u00e9s de la aparici\u00f3n de complicaciones? Mariane de Montalembert (Par\u00eds, Francia)<\/p>\n<p><strong>11.25 h - 12.15 h<\/strong>\u00a0- Debates sobre la anemia falciforme y las desigualdades sanitarias, dirigidos por psic\u00f3logos, trabajadores sociales y un funcionario del MDPH (centro departamental para discapacitados): Constance Leconte, Joelle Chandey, Josette Ponceau, Yol\u00e8ne Lutin Montina (Cayena, Guayana Francesa)<\/p>\n<\/div>\n<\/div>\n<\/div>\n<\/div>\n<\/div>\n<\/div>\n<\/div>\n<\/div>\n<\/div>\n\n\n\n\n\t\t\t<\/div> \n\t\t<\/div>\n\t<\/div> \n<\/div><\/div>","protected":false},"excerpt":{"rendered":"La 5\u00aa Conferencia Caribe\u00f1a sobre Anemia Falciforme y Talasemia, organizada por CAREST y...","protected":false},"author":1,"featured_media":9394,"comment_status":"closed","ping_status":"open","sticky":false,"template":"","format":"standard","meta":{"iawp_total_views":32,"footnotes":""},"categories":[155,227,229],"tags":[],"class_list":{"0":"post-9392","1":"post","2":"type-post","3":"status-publish","4":"format-standard","5":"has-post-thumbnail","7":"category-recherche","8":"category-sante","9":"category-universite-actualites"},"yoast_head":"<!-- This site is optimized with the Yoast SEO plugin v27.5 - https:\/\/yoast.com\/product\/yoast-seo-wordpress\/ -->\n<title>5\u00e8me Conf\u00e9rence Carib\u00e9enne sur la dr\u00e9panocytose et les Thalass\u00e9mies &#8212; Universit\u00e9 de Guyane<\/title>\n<meta name=\"description\" content=\"D\u00e9couvrez la conf\u00e9rence sur la dr\u00e9panocytose et les thalass\u00e9mies. Informations, d\u00e9bats et \u00e9changes internationaux avec des chercheurs de renom.\" \/>\n<meta name=\"robots\" content=\"index, follow, max-snippet:-1, max-image-preview:large, max-video-preview:-1\" \/>\n<link rel=\"canonical\" href=\"https:\/\/www.univ-guyane.fr\/es\/2018\/10\/23\/5eme-conference-caribeenne-sur-la-drepanocytose-et-les-thalassemies\/\" \/>\n<meta property=\"og:locale\" content=\"es_ES\" \/>\n<meta property=\"og:type\" content=\"article\" \/>\n<meta property=\"og:title\" content=\"5\u00e8me Conf\u00e9rence Carib\u00e9enne sur la dr\u00e9panocytose et les Thalass\u00e9mies &#8212; Universit\u00e9 de Guyane\" \/>\n<meta property=\"og:description\" content=\"D\u00e9couvrez la conf\u00e9rence sur la dr\u00e9panocytose et les thalass\u00e9mies. Informations, d\u00e9bats et \u00e9changes internationaux avec des chercheurs de renom.\" \/>\n<meta property=\"og:url\" content=\"https:\/\/www.univ-guyane.fr\/es\/2018\/10\/23\/5eme-conference-caribeenne-sur-la-drepanocytose-et-les-thalassemies\/\" \/>\n<meta property=\"og:site_name\" content=\"Universit\u00e9 de Guyane\" \/>\n<meta property=\"article:publisher\" content=\"https:\/\/www.facebook.com\/univguyane\" \/>\n<meta property=\"article:published_time\" content=\"2018-10-23T12:28:40+00:00\" \/>\n<meta property=\"article:modified_time\" content=\"2024-06-27T12:34:13+00:00\" \/>\n<meta property=\"og:image\" content=\"https:\/\/www.univ-guyane.fr\/wp-content\/uploads\/colloque-drepanositose-2018-universite-de-guyane.jpeg\" \/>\n\t<meta property=\"og:image:width\" content=\"1213\" \/>\n\t<meta property=\"og:image:height\" content=\"909\" \/>\n\t<meta property=\"og:image:type\" content=\"image\/jpeg\" \/>\n<meta name=\"author\" content=\"Erick Loiti\u00e8re\" \/>\n<meta name=\"twitter:card\" content=\"summary_large_image\" \/>\n<meta name=\"twitter:creator\" content=\"@univguyane\" \/>\n<meta name=\"twitter:site\" content=\"@univguyane\" \/>\n<meta name=\"twitter:label1\" content=\"Escrito por\" \/>\n\t<meta name=\"twitter:data1\" content=\"Erick Loiti\u00e8re\" \/>\n\t<meta name=\"twitter:label2\" content=\"Tiempo de lectura\" \/>\n\t<meta name=\"twitter:data2\" content=\"7 minutos\" \/>\n<script type=\"application\/ld+json\" class=\"yoast-schema-graph\">{\"@context\":\"https:\\\/\\\/schema.org\",\"@graph\":[{\"@type\":\"Article\",\"@id\":\"https:\\\/\\\/www.univ-guyane.fr\\\/2018\\\/10\\\/23\\\/5eme-conference-caribeenne-sur-la-drepanocytose-et-les-thalassemies\\\/#article\",\"isPartOf\":{\"@id\":\"https:\\\/\\\/www.univ-guyane.fr\\\/2018\\\/10\\\/23\\\/5eme-conference-caribeenne-sur-la-drepanocytose-et-les-thalassemies\\\/\"},\"author\":{\"name\":\"Erick Loiti\u00e8re\",\"@id\":\"https:\\\/\\\/www.univ-guyane.fr\\\/#\\\/schema\\\/person\\\/86d946a28a8be51bb096ccfdf19db179\"},\"headline\":\"5\u00e8me Conf\u00e9rence Carib\u00e9enne sur la dr\u00e9panocytose et les Thalass\u00e9mies\",\"datePublished\":\"2018-10-23T12:28:40+00:00\",\"dateModified\":\"2024-06-27T12:34:13+00:00\",\"mainEntityOfPage\":{\"@id\":\"https:\\\/\\\/www.univ-guyane.fr\\\/2018\\\/10\\\/23\\\/5eme-conference-caribeenne-sur-la-drepanocytose-et-les-thalassemies\\\/\"},\"wordCount\":1591,\"publisher\":{\"@id\":\"https:\\\/\\\/www.univ-guyane.fr\\\/#organization\"},\"image\":{\"@id\":\"https:\\\/\\\/www.univ-guyane.fr\\\/2018\\\/10\\\/23\\\/5eme-conference-caribeenne-sur-la-drepanocytose-et-les-thalassemies\\\/#primaryimage\"},\"thumbnailUrl\":\"https:\\\/\\\/www.univ-guyane.fr\\\/wp-content\\\/uploads\\\/colloque-drepanositose-2018-universite-de-guyane.jpeg\",\"articleSection\":[\"\u2022\u00a0Recherche\",\"\u2022 Sant\u00e9\",\"\u2022 Universit\u00e9\"],\"inLanguage\":\"es\"},{\"@type\":\"WebPage\",\"@id\":\"https:\\\/\\\/www.univ-guyane.fr\\\/2018\\\/10\\\/23\\\/5eme-conference-caribeenne-sur-la-drepanocytose-et-les-thalassemies\\\/\",\"url\":\"https:\\\/\\\/www.univ-guyane.fr\\\/2018\\\/10\\\/23\\\/5eme-conference-caribeenne-sur-la-drepanocytose-et-les-thalassemies\\\/\",\"name\":\"5\u00e8me Conf\u00e9rence Carib\u00e9enne sur la dr\u00e9panocytose et les Thalass\u00e9mies &#8212; Universit\u00e9 de Guyane\",\"isPartOf\":{\"@id\":\"https:\\\/\\\/www.univ-guyane.fr\\\/#website\"},\"primaryImageOfPage\":{\"@id\":\"https:\\\/\\\/www.univ-guyane.fr\\\/2018\\\/10\\\/23\\\/5eme-conference-caribeenne-sur-la-drepanocytose-et-les-thalassemies\\\/#primaryimage\"},\"image\":{\"@id\":\"https:\\\/\\\/www.univ-guyane.fr\\\/2018\\\/10\\\/23\\\/5eme-conference-caribeenne-sur-la-drepanocytose-et-les-thalassemies\\\/#primaryimage\"},\"thumbnailUrl\":\"https:\\\/\\\/www.univ-guyane.fr\\\/wp-content\\\/uploads\\\/colloque-drepanositose-2018-universite-de-guyane.jpeg\",\"datePublished\":\"2018-10-23T12:28:40+00:00\",\"dateModified\":\"2024-06-27T12:34:13+00:00\",\"description\":\"D\u00e9couvrez la conf\u00e9rence sur la dr\u00e9panocytose et les thalass\u00e9mies. Informations, d\u00e9bats et \u00e9changes internationaux avec des chercheurs de renom.\",\"breadcrumb\":{\"@id\":\"https:\\\/\\\/www.univ-guyane.fr\\\/2018\\\/10\\\/23\\\/5eme-conference-caribeenne-sur-la-drepanocytose-et-les-thalassemies\\\/#breadcrumb\"},\"inLanguage\":\"es\",\"potentialAction\":[{\"@type\":\"ReadAction\",\"target\":[\"https:\\\/\\\/www.univ-guyane.fr\\\/2018\\\/10\\\/23\\\/5eme-conference-caribeenne-sur-la-drepanocytose-et-les-thalassemies\\\/\"]}]},{\"@type\":\"ImageObject\",\"inLanguage\":\"es\",\"@id\":\"https:\\\/\\\/www.univ-guyane.fr\\\/2018\\\/10\\\/23\\\/5eme-conference-caribeenne-sur-la-drepanocytose-et-les-thalassemies\\\/#primaryimage\",\"url\":\"https:\\\/\\\/www.univ-guyane.fr\\\/wp-content\\\/uploads\\\/colloque-drepanositose-2018-universite-de-guyane.jpeg\",\"contentUrl\":\"https:\\\/\\\/www.univ-guyane.fr\\\/wp-content\\\/uploads\\\/colloque-drepanositose-2018-universite-de-guyane.jpeg\",\"width\":1213,\"height\":909,\"caption\":\"Image de globules rouges\"},{\"@type\":\"BreadcrumbList\",\"@id\":\"https:\\\/\\\/www.univ-guyane.fr\\\/2018\\\/10\\\/23\\\/5eme-conference-caribeenne-sur-la-drepanocytose-et-les-thalassemies\\\/#breadcrumb\",\"itemListElement\":[{\"@type\":\"ListItem\",\"position\":1,\"name\":\"Accueil\",\"item\":\"https:\\\/\\\/www.univ-guyane.fr\\\/\"},{\"@type\":\"ListItem\",\"position\":2,\"name\":\"5\u00e8me Conf\u00e9rence Carib\u00e9enne sur la dr\u00e9panocytose et les Thalass\u00e9mies\"}]},{\"@type\":\"WebSite\",\"@id\":\"https:\\\/\\\/www.univ-guyane.fr\\\/#website\",\"url\":\"https:\\\/\\\/www.univ-guyane.fr\\\/\",\"name\":\"Universit\u00e9 de Guyane\",\"description\":\"Au c\u0153ur de l&#039;amazonie\",\"publisher\":{\"@id\":\"https:\\\/\\\/www.univ-guyane.fr\\\/#organization\"},\"alternateName\":\"UG\",\"potentialAction\":[{\"@type\":\"SearchAction\",\"target\":{\"@type\":\"EntryPoint\",\"urlTemplate\":\"https:\\\/\\\/www.univ-guyane.fr\\\/?s={search_term_string}\"},\"query-input\":{\"@type\":\"PropertyValueSpecification\",\"valueRequired\":true,\"valueName\":\"search_term_string\"}}],\"inLanguage\":\"es\"},{\"@type\":\"Organization\",\"@id\":\"https:\\\/\\\/www.univ-guyane.fr\\\/#organization\",\"name\":\"Universit\u00e9 de Guyane\",\"alternateName\":\"UG\",\"url\":\"https:\\\/\\\/www.univ-guyane.fr\\\/\",\"logo\":{\"@type\":\"ImageObject\",\"inLanguage\":\"es\",\"@id\":\"https:\\\/\\\/www.univ-guyane.fr\\\/#\\\/schema\\\/logo\\\/image\\\/\",\"url\":\"https:\\\/\\\/www.univ-guyane.fr\\\/wp-content\\\/uploads\\\/2024\\\/05\\\/f.png\",\"contentUrl\":\"https:\\\/\\\/www.univ-guyane.fr\\\/wp-content\\\/uploads\\\/2024\\\/05\\\/f.png\",\"width\":1024,\"height\":1024,\"caption\":\"Universit\u00e9 de Guyane\"},\"image\":{\"@id\":\"https:\\\/\\\/www.univ-guyane.fr\\\/#\\\/schema\\\/logo\\\/image\\\/\"},\"sameAs\":[\"https:\\\/\\\/www.facebook.com\\\/univguyane\",\"https:\\\/\\\/x.com\\\/univguyane\",\"https:\\\/\\\/gf.linkedin.com\\\/school\\\/universite-de-guyane\\\/\",\"https:\\\/\\\/www.instagram.com\\\/univ_guyane\\\/\"]},{\"@type\":\"Person\",\"@id\":\"https:\\\/\\\/www.univ-guyane.fr\\\/#\\\/schema\\\/person\\\/86d946a28a8be51bb096ccfdf19db179\",\"name\":\"Erick Loiti\u00e8re\",\"image\":{\"@type\":\"ImageObject\",\"inLanguage\":\"es\",\"@id\":\"https:\\\/\\\/secure.gravatar.com\\\/avatar\\\/0584f332103fbeaf37e52c73b15dca3c547fd9300deb05764e9ad8714839d072?s=96&d=robohash&r=g\",\"url\":\"https:\\\/\\\/secure.gravatar.com\\\/avatar\\\/0584f332103fbeaf37e52c73b15dca3c547fd9300deb05764e9ad8714839d072?s=96&d=robohash&r=g\",\"contentUrl\":\"https:\\\/\\\/secure.gravatar.com\\\/avatar\\\/0584f332103fbeaf37e52c73b15dca3c547fd9300deb05764e9ad8714839d072?s=96&d=robohash&r=g\",\"caption\":\"Erick Loiti\u00e8re\"},\"sameAs\":[\"http:\\\/\\\/www.univ-guyane.fr\"],\"url\":\"https:\\\/\\\/www.univ-guyane.fr\\\/es\\\/author\\\/eloitierdbz\\\/\"}]}<\/script>\n<!-- \/ Yoast SEO plugin. -->","yoast_head_json":{"title":"5\u00e8me Conf\u00e9rence Carib\u00e9enne sur la dr\u00e9panocytose et les Thalass\u00e9mies &#8212; Universit\u00e9 de Guyane","description":"D\u00e9couvrez la conf\u00e9rence sur la dr\u00e9panocytose et les thalass\u00e9mies. Informations, d\u00e9bats et \u00e9changes internationaux avec des chercheurs de renom.","robots":{"index":"index","follow":"follow","max-snippet":"max-snippet:-1","max-image-preview":"max-image-preview:large","max-video-preview":"max-video-preview:-1"},"canonical":"https:\/\/www.univ-guyane.fr\/es\/2018\/10\/23\/5eme-conference-caribeenne-sur-la-drepanocytose-et-les-thalassemies\/","og_locale":"es_ES","og_type":"article","og_title":"5\u00e8me Conf\u00e9rence Carib\u00e9enne sur la dr\u00e9panocytose et les Thalass\u00e9mies &#8212; Universit\u00e9 de Guyane","og_description":"D\u00e9couvrez la conf\u00e9rence sur la dr\u00e9panocytose et les thalass\u00e9mies. Informations, d\u00e9bats et \u00e9changes internationaux avec des chercheurs de renom.","og_url":"https:\/\/www.univ-guyane.fr\/es\/2018\/10\/23\/5eme-conference-caribeenne-sur-la-drepanocytose-et-les-thalassemies\/","og_site_name":"Universit\u00e9 de Guyane","article_publisher":"https:\/\/www.facebook.com\/univguyane","article_published_time":"2018-10-23T12:28:40+00:00","article_modified_time":"2024-06-27T12:34:13+00:00","og_image":[{"width":1213,"height":909,"url":"https:\/\/www.univ-guyane.fr\/wp-content\/uploads\/colloque-drepanositose-2018-universite-de-guyane.jpeg","type":"image\/jpeg"}],"author":"Erick Loiti\u00e8re","twitter_card":"summary_large_image","twitter_creator":"@univguyane","twitter_site":"@univguyane","twitter_misc":{"Escrito por":"Erick Loiti\u00e8re","Tiempo de lectura":"7 minutos"},"schema":{"@context":"https:\/\/schema.org","@graph":[{"@type":"Article","@id":"https:\/\/www.univ-guyane.fr\/2018\/10\/23\/5eme-conference-caribeenne-sur-la-drepanocytose-et-les-thalassemies\/#article","isPartOf":{"@id":"https:\/\/www.univ-guyane.fr\/2018\/10\/23\/5eme-conference-caribeenne-sur-la-drepanocytose-et-les-thalassemies\/"},"author":{"name":"Erick Loiti\u00e8re","@id":"https:\/\/www.univ-guyane.fr\/#\/schema\/person\/86d946a28a8be51bb096ccfdf19db179"},"headline":"5\u00e8me Conf\u00e9rence Carib\u00e9enne sur la dr\u00e9panocytose et les Thalass\u00e9mies","datePublished":"2018-10-23T12:28:40+00:00","dateModified":"2024-06-27T12:34:13+00:00","mainEntityOfPage":{"@id":"https:\/\/www.univ-guyane.fr\/2018\/10\/23\/5eme-conference-caribeenne-sur-la-drepanocytose-et-les-thalassemies\/"},"wordCount":1591,"publisher":{"@id":"https:\/\/www.univ-guyane.fr\/#organization"},"image":{"@id":"https:\/\/www.univ-guyane.fr\/2018\/10\/23\/5eme-conference-caribeenne-sur-la-drepanocytose-et-les-thalassemies\/#primaryimage"},"thumbnailUrl":"https:\/\/www.univ-guyane.fr\/wp-content\/uploads\/colloque-drepanositose-2018-universite-de-guyane.jpeg","articleSection":["\u2022\u00a0Recherche","\u2022 Sant\u00e9","\u2022 Universit\u00e9"],"inLanguage":"es"},{"@type":"WebPage","@id":"https:\/\/www.univ-guyane.fr\/2018\/10\/23\/5eme-conference-caribeenne-sur-la-drepanocytose-et-les-thalassemies\/","url":"https:\/\/www.univ-guyane.fr\/2018\/10\/23\/5eme-conference-caribeenne-sur-la-drepanocytose-et-les-thalassemies\/","name":"5\u00e8me Conf\u00e9rence Carib\u00e9enne sur la dr\u00e9panocytose et les Thalass\u00e9mies &#8212; Universit\u00e9 de Guyane","isPartOf":{"@id":"https:\/\/www.univ-guyane.fr\/#website"},"primaryImageOfPage":{"@id":"https:\/\/www.univ-guyane.fr\/2018\/10\/23\/5eme-conference-caribeenne-sur-la-drepanocytose-et-les-thalassemies\/#primaryimage"},"image":{"@id":"https:\/\/www.univ-guyane.fr\/2018\/10\/23\/5eme-conference-caribeenne-sur-la-drepanocytose-et-les-thalassemies\/#primaryimage"},"thumbnailUrl":"https:\/\/www.univ-guyane.fr\/wp-content\/uploads\/colloque-drepanositose-2018-universite-de-guyane.jpeg","datePublished":"2018-10-23T12:28:40+00:00","dateModified":"2024-06-27T12:34:13+00:00","description":"D\u00e9couvrez la conf\u00e9rence sur la dr\u00e9panocytose et les thalass\u00e9mies. Informations, d\u00e9bats et \u00e9changes internationaux avec des chercheurs de renom.","breadcrumb":{"@id":"https:\/\/www.univ-guyane.fr\/2018\/10\/23\/5eme-conference-caribeenne-sur-la-drepanocytose-et-les-thalassemies\/#breadcrumb"},"inLanguage":"es","potentialAction":[{"@type":"ReadAction","target":["https:\/\/www.univ-guyane.fr\/2018\/10\/23\/5eme-conference-caribeenne-sur-la-drepanocytose-et-les-thalassemies\/"]}]},{"@type":"ImageObject","inLanguage":"es","@id":"https:\/\/www.univ-guyane.fr\/2018\/10\/23\/5eme-conference-caribeenne-sur-la-drepanocytose-et-les-thalassemies\/#primaryimage","url":"https:\/\/www.univ-guyane.fr\/wp-content\/uploads\/colloque-drepanositose-2018-universite-de-guyane.jpeg","contentUrl":"https:\/\/www.univ-guyane.fr\/wp-content\/uploads\/colloque-drepanositose-2018-universite-de-guyane.jpeg","width":1213,"height":909,"caption":"Image de globules rouges"},{"@type":"BreadcrumbList","@id":"https:\/\/www.univ-guyane.fr\/2018\/10\/23\/5eme-conference-caribeenne-sur-la-drepanocytose-et-les-thalassemies\/#breadcrumb","itemListElement":[{"@type":"ListItem","position":1,"name":"Accueil","item":"https:\/\/www.univ-guyane.fr\/"},{"@type":"ListItem","position":2,"name":"5\u00e8me Conf\u00e9rence Carib\u00e9enne sur la dr\u00e9panocytose et les Thalass\u00e9mies"}]},{"@type":"WebSite","@id":"https:\/\/www.univ-guyane.fr\/#website","url":"https:\/\/www.univ-guyane.fr\/","name":"Universidad de Guyana","description":"En el coraz\u00f3n de la Amazonia","publisher":{"@id":"https:\/\/www.univ-guyane.fr\/#organization"},"alternateName":"UG","potentialAction":[{"@type":"SearchAction","target":{"@type":"EntryPoint","urlTemplate":"https:\/\/www.univ-guyane.fr\/?s={search_term_string}"},"query-input":{"@type":"PropertyValueSpecification","valueRequired":true,"valueName":"search_term_string"}}],"inLanguage":"es"},{"@type":"Organization","@id":"https:\/\/www.univ-guyane.fr\/#organization","name":"Universidad de Guyana","alternateName":"UG","url":"https:\/\/www.univ-guyane.fr\/","logo":{"@type":"ImageObject","inLanguage":"es","@id":"https:\/\/www.univ-guyane.fr\/#\/schema\/logo\/image\/","url":"https:\/\/www.univ-guyane.fr\/wp-content\/uploads\/2024\/05\/f.png","contentUrl":"https:\/\/www.univ-guyane.fr\/wp-content\/uploads\/2024\/05\/f.png","width":1024,"height":1024,"caption":"Universit\u00e9 de Guyane"},"image":{"@id":"https:\/\/www.univ-guyane.fr\/#\/schema\/logo\/image\/"},"sameAs":["https:\/\/www.facebook.com\/univguyane","https:\/\/x.com\/univguyane","https:\/\/gf.linkedin.com\/school\/universite-de-guyane\/","https:\/\/www.instagram.com\/univ_guyane\/"]},{"@type":"Person","@id":"https:\/\/www.univ-guyane.fr\/#\/schema\/person\/86d946a28a8be51bb096ccfdf19db179","name":"Erick Loiti\u00e8re","image":{"@type":"ImageObject","inLanguage":"es","@id":"https:\/\/secure.gravatar.com\/avatar\/0584f332103fbeaf37e52c73b15dca3c547fd9300deb05764e9ad8714839d072?s=96&d=robohash&r=g","url":"https:\/\/secure.gravatar.com\/avatar\/0584f332103fbeaf37e52c73b15dca3c547fd9300deb05764e9ad8714839d072?s=96&d=robohash&r=g","contentUrl":"https:\/\/secure.gravatar.com\/avatar\/0584f332103fbeaf37e52c73b15dca3c547fd9300deb05764e9ad8714839d072?s=96&d=robohash&r=g","caption":"Erick Loiti\u00e8re"},"sameAs":["http:\/\/www.univ-guyane.fr"],"url":"https:\/\/www.univ-guyane.fr\/es\/author\/eloitierdbz\/"}]}},"_links":{"self":[{"href":"https:\/\/www.univ-guyane.fr\/es\/wp-json\/wp\/v2\/posts\/9392","targetHints":{"allow":["GET"]}}],"collection":[{"href":"https:\/\/www.univ-guyane.fr\/es\/wp-json\/wp\/v2\/posts"}],"about":[{"href":"https:\/\/www.univ-guyane.fr\/es\/wp-json\/wp\/v2\/types\/post"}],"author":[{"embeddable":true,"href":"https:\/\/www.univ-guyane.fr\/es\/wp-json\/wp\/v2\/users\/1"}],"replies":[{"embeddable":true,"href":"https:\/\/www.univ-guyane.fr\/es\/wp-json\/wp\/v2\/comments?post=9392"}],"version-history":[{"count":1,"href":"https:\/\/www.univ-guyane.fr\/es\/wp-json\/wp\/v2\/posts\/9392\/revisions"}],"predecessor-version":[{"id":9393,"href":"https:\/\/www.univ-guyane.fr\/es\/wp-json\/wp\/v2\/posts\/9392\/revisions\/9393"}],"wp:featuredmedia":[{"embeddable":true,"href":"https:\/\/www.univ-guyane.fr\/es\/wp-json\/wp\/v2\/media\/9394"}],"wp:attachment":[{"href":"https:\/\/www.univ-guyane.fr\/es\/wp-json\/wp\/v2\/media?parent=9392"}],"wp:term":[{"taxonomy":"category","embeddable":true,"href":"https:\/\/www.univ-guyane.fr\/es\/wp-json\/wp\/v2\/categories?post=9392"},{"taxonomy":"post_tag","embeddable":true,"href":"https:\/\/www.univ-guyane.fr\/es\/wp-json\/wp\/v2\/tags?post=9392"}],"curies":[{"name":"wp","href":"https:\/\/api.w.org\/{rel}","templated":true}]}}