{"id":9405,"date":"2019-10-07T10:33:31","date_gmt":"2019-10-07T13:33:31","guid":{"rendered":"https:\/\/www.univ-guyane.fr\/?p=9405"},"modified":"2024-06-27T10:43:02","modified_gmt":"2024-06-27T13:43:02","slug":"dispositif-de-preprofessionnalisation-l2-en-alternance-2019-2020","status":"publish","type":"post","link":"https:\/\/www.univ-guyane.fr\/es\/2019\/10\/07\/dispositif-de-preprofessionnalisation-l2-en-alternance-2019-2020\/","title":{"rendered":"Plan de preprofesionalizaci\u00f3n: curso en alternancia L2 2019-2020"},"content":{"rendered":"<div id=\"fws_69f206f0a2984\"  data-column-margin=\"default\" data-midnight=\"dark\"  class=\"wpb_row vc_row-fluid vc_row\"  style=\"padding-top: 0px; padding-bottom: 0px; \"><div class=\"row-bg-wrap\" data-bg-animation=\"none\" data-bg-animation-delay=\"\" data-bg-overlay=\"false\"><div class=\"inner-wrap row-bg-layer\" ><div class=\"row-bg viewport-desktop\"  style=\"\"><\/div><\/div><\/div><div class=\"row_col_wrap_12 col span_12 dark left\">\n\t<div  class=\"vc_col-sm-12 wpb_column column_container vc_column_container col no-extra-padding inherit_tablet inherit_phone\"  data-padding-pos=\"all\" data-has-bg-color=\"false\" data-bg-color=\"\" data-bg-opacity=\"1\" data-animation=\"\" data-delay=\"0\" >\n\t\t<div class=\"vc_column-inner\" >\n\t\t\t<div class=\"wpb_wrapper\">\n\t\t\t\t\n<div class=\"wpb_text_column wpb_content_element  chapo\" >\n\t<h2>A partir del inicio del curso 2019, se ofrecer\u00e1 un programa de preprofesionalizaci\u00f3n de tres a\u00f1os a los estudiantes a partir del segundo a\u00f1o de la licenciatura (L2). Esto permitir\u00e1 a los estudiantes incorporarse gradualmente a la profesi\u00f3n docente, con el apoyo y la responsabilidad adecuados.<\/h2>\n<\/div>\n\n\n\n\n<div class=\"wpb_text_column wpb_content_element\" >\n\t<h1>CAMPA\u00d1A N\u00b02<\/h1>\n<h3>\u00bfQu\u00e9 es la preprofesionalizaci\u00f3n?<\/h3>\n<p>Este programa est\u00e1 abierto a estudiantes que deseen convertirse en profesores o trabajar en el mundo de la educaci\u00f3n. Este contrato de 3 a\u00f1os (L2, L3, M1) combina un\u00a0<strong>ciclo de formaci\u00f3n universitaria<\/strong>\u00a0con un\u00a0<strong>formaci\u00f3n en el puesto de trabajo<\/strong>\u00a0en un instituto o centro de ense\u00f1anza secundaria. El tiempo de trabajo en el aula es progresivo. Para garantizar que el desempe\u00f1o de estas funciones siga siendo compatible con el \u00e9xito individual, el tiempo de trabajo en la escuela o el centro se limita a<strong>\u00a08 horas semanales\u00a0<em>(incluidas 2 horas dedicadas a la preparaci\u00f3n de una UD)<\/em><\/strong>.<\/p>\n<p><strong>Las tareas encomendadas a los estudiantes contratados<\/strong><\/p>\n<ul class=\"ug-list\">\n<li><strong>En L2: observaciones<\/strong>Se trata, por ejemplo, de la utilizaci\u00f3n del programa \"Devoirs faits\" (deberes hechos), la ayuda ocasional con las secuencias y la participaci\u00f3n en la ayuda con los deberes.<\/li>\n<li><strong>En L3 :<\/strong>\u00a0participaci\u00f3n en el apoyo personalizado, ayuda ocasional en secuencias did\u00e1cticas bajo la responsabilidad del profesor, participaci\u00f3n en la ayuda con los deberes<\/li>\n<li><strong>En M1 MEEF:\u00a0<\/strong>el estudiante asumir\u00e1 la plena responsabilidad de las secuencias did\u00e1cticas, en particular la sustituci\u00f3n de profesores en la escuela o el centro<\/li>\n<\/ul>\n<h3>Campa\u00f1a de contrataci\u00f3n en la Academia<\/h3>\n<p>Para el inicio del a\u00f1o acad\u00e9mico 2019, la autoridad educativa de la Guayana Francesa est\u00e1 reclutando estudiantes L2 que tengan la intenci\u00f3n de dedicarse a la profesi\u00f3n docente :<\/p>\n<ul class=\"ug-list\">\n<li>1<sup>er<\/sup>\u00a0licenciatura (maestro de escuela)<\/li>\n<li>2<sup>nd<\/sup>\u00a0licenciatura (en humanidades y matem\u00e1ticas)<\/li>\n<\/ul>\n<p>Los estudiantes ser\u00e1n contratados como auxiliares de educaci\u00f3n (contrato de trabajo de derecho p\u00fablico) para trabajar 6 horas semanales en un centro p\u00fablico de ense\u00f1anza secundaria o en un coll\u00e8ge de la Acad\u00e9mie.\u00a0<em>(+ 2 horas de preparaci\u00f3n para el t\u00edtulo de profesor de DU)<\/em><\/p>\n<p><strong>El objeto del contrato de trabajo es :<\/strong><\/p>\n<ul class=\"ug-list\">\n<li>puede renovarse por 3 a\u00f1os, siempre que el estudiante est\u00e9 matriculado en L3 en el segundo a\u00f1o y en M1 MEEF en el tercer a\u00f1o.<sup>th<\/sup>\u00a0a\u00f1o ;<\/li>\n<li>formar parte de los programas de preprofesionalizaci\u00f3n ofrecidos en las licenciaturas y, en funci\u00f3n del programa de licenciatura, puede dar lugar a la obtenci\u00f3n de cr\u00e9ditos ECTS.<\/li>\n<\/ul>\n<h3>Estado<\/h3>\n<p>Las autoridades educativas contratan a los estudiantes para este programa en colaboraci\u00f3n con la Universidad de Guyana. Estas asociaciones permiten ajustar los horarios de formaci\u00f3n para que los estudiantes con contrato de preprofesionalizaci\u00f3n puedan desempe\u00f1ar sus funciones en las escuelas o centros. El contrato es firmado conjuntamente por el estudiante con contrato de preprofesionalizaci\u00f3n y la escuela o el colegio al que est\u00e1 asignado.<\/p>\n<p><strong>Condiciones de remuneraci\u00f3n\u00a0<\/strong><\/p>\n<ul class=\"ug-list\">\n<li><strong>En L2 :\u00a0<\/strong>693 netos al mes<\/li>\n<li><strong>En L3 :\u00a0<\/strong>963 netos al mes<\/li>\n<li><strong>En M1 MEEF :\u00a0<\/strong>980 netos al mes.<\/li>\n<\/ul>\n<p><strong>Esta remuneraci\u00f3n puede combinarse con una beca de estudios superiores.<\/strong><\/p>\n<h3>\u00bfCu\u00e1les son las condiciones de acceso?<\/h3>\n<ul class=\"ug-list\">\n<li>estar matriculado en el 1er a\u00f1o de una licenciatura (sujeto a aprobaci\u00f3n)<\/li>\n<li>tener la nacionalidad francesa o europea<\/li>\n<li>no tener antecedentes penales<\/li>\n<li>no haberse beneficiado ya de un programa de formaci\u00f3n en alternancia<\/li>\n<\/ul>\n<p><strong>C\u00f3mo solicitarlo<\/strong><\/p>\n<p>Todos los solicitantes del r\u00e9gimen de alternancia L2 deben\u00a0<strong class=\"melon\">debe ser<\/strong>\u00a0crear un expediente electr\u00f3nico en la plataforma\u00a0<a href=\"https:\/\/web.archive.org\/web\/20231028022740\/http:\/\/ecandidat.univ-guyane.fr\/ecandidat\">Candidato electr\u00f3nico\u00a0<\/a>a la siguiente direcci\u00f3n\u00a0<a href=\"https:\/\/web.archive.org\/web\/20231028022740\/http:\/\/ecandidat.univ-guyane.fr\/ecandidat\">http:\/\/ecandidat.univ-guyane.fr\/ecandidat<\/a><\/p>\n<h3>Documentos que deben presentarse<\/h3>\n<p>Rellene un\u00a0<strong>fichero electr\u00f3nico<\/strong>\u00a0en la plataforma\u00a0<a href=\"https:\/\/web.archive.org\/web\/20231028022740\/http:\/\/ecandidat.univ-guyane.fr\/ecandidat\">Candidato electr\u00f3nico<\/a>y\u00a0<strong class=\"melon\">presentar SOLO en l\u00ednea<\/strong>\u00a0documentos justificativos digitalizados :<\/p>\n<ul class=\"ug-list\">\n<li>una foto<\/li>\n<li>una copia de un documento de identidad<\/li>\n<li>un curr\u00edculum v\u00edtae detallado<\/li>\n<li>una carta de presentaci\u00f3n en la que se expongan los objetivos profesionales del candidato y su motivaci\u00f3n para la preprofesionalizaci\u00f3n<\/li>\n<li>una copia de los t\u00edtulos obtenidos desde el bachillerato<\/li>\n<\/ul>\n<p>expediente acad\u00e9mico disponible del a\u00f1o L1 o equivalente<\/p>\n<ul class=\"ug-list\">\n<li>una copia de la tarjeta de estudiante que demuestre que est\u00e1 matriculado en la L1<\/li>\n<li>una posible solicitud de validaci\u00f3n de logros personales y profesionales<\/li>\n<\/ul>\n<h3>Calendario provisional<\/h3>\n<ol class=\"ug-number-list\">\n<li>Solicitud en l\u00ednea a trav\u00e9s de\u00a0<a href=\"https:\/\/web.archive.org\/web\/20231028022740\/http:\/\/ecandidat.univ-guyane.fr\/ecandidat\/#!accueilView\" target=\"_blank\" rel=\"noopener noreferrer\">e-candidat<\/a>\u00a0<strong class=\"melon\">obligatorio<\/strong>\u00a0hasta\u00a0<strong class=\"melon\">20 de octubre de 2019<\/strong><\/li>\n<li>Solicitud posible para varios cursos (2 como m\u00e1ximo)<\/li>\n<li>Mediados de junio - Reuniones conjuntas de la comisi\u00f3n UG-Rectorat para examinar las candidaturas y elaborar las listas principales y adicionales.<\/li>\n<li>Recibir un correo electr\u00f3nico<\/li>\n<li>Plazo de inscripci\u00f3n: mediados de septiembre a m\u00e1s tardar<\/li>\n<li>Firma de los contratos en el Rectorado (fecha por determinar)<\/li>\n<\/ol>\n<h3>Criterios de selecci\u00f3n<\/h3>\n<ul class=\"ug-list\">\n<li>Nivel bac + 1 o equivalente<\/li>\n<li>Licencia adaptada o similar<\/li>\n<li>D\u00f3nde se obtuvo la licencia<\/li>\n<li>Licenciatura 1<sup>e<\/sup>\u00a0a\u00f1o<\/li>\n<li>Menci\u00f3n baccalaur\u00e9at<\/li>\n<li>Plan de estudios universitarios<\/li>\n<li>Preprofesionalizaci\u00f3n sobre el terreno<\/li>\n<\/ul>\n<\/div>\n\n\n\n\n\t\t\t<\/div> \n\t\t<\/div>\n\t<\/div> \n<\/div><\/div>","protected":false},"excerpt":{"rendered":"A principios del curso 2019, se ofrecer\u00e1 a los estudiantes un curso de preprofesionalizaci\u00f3n de tres a\u00f1os...","protected":false},"author":1,"featured_media":9406,"comment_status":"closed","ping_status":"open","sticky":false,"template":"","format":"standard","meta":{"iawp_total_views":54,"footnotes":""},"categories":[226],"tags":[],"class_list":{"0":"post-9405","1":"post","2":"type-post","3":"status-publish","4":"format-standard","5":"has-post-thumbnail","7":"category-scolarite"},"yoast_head":"<!-- This site is optimized with the Yoast SEO plugin v27.5 - https:\/\/yoast.com\/product\/yoast-seo-wordpress\/ -->\n<title>Dispositif de Pr\u00e9professionnalisation : L2 en alternance 2019-2020 &#8212; Universit\u00e9 de Guyane<\/title>\n<meta name=\"description\" content=\"D\u00e9couvrez le dispositif de pr\u00e9professionnalisation pour les \u00e9tudiants souhaitant devenir professeur ou travailler dans l&#039;\u00e9ducation. Une excellente opportunit\u00e9 d&#039;association de formation th\u00e9orique et pratique.\" \/>\n<meta name=\"robots\" content=\"index, follow, max-snippet:-1, max-image-preview:large, max-video-preview:-1\" \/>\n<link rel=\"canonical\" href=\"https:\/\/www.univ-guyane.fr\/es\/2019\/10\/07\/dispositif-de-preprofessionnalisation-l2-en-alternance-2019-2020\/\" \/>\n<meta property=\"og:locale\" content=\"es_ES\" \/>\n<meta property=\"og:type\" content=\"article\" \/>\n<meta property=\"og:title\" content=\"Dispositif de Pr\u00e9professionnalisation : L2 en alternance 2019-2020 &#8212; Universit\u00e9 de Guyane\" \/>\n<meta property=\"og:description\" content=\"D\u00e9couvrez le dispositif de pr\u00e9professionnalisation pour les \u00e9tudiants souhaitant devenir professeur ou travailler dans l&#039;\u00e9ducation. Une excellente opportunit\u00e9 d&#039;association de formation th\u00e9orique et pratique.\" \/>\n<meta property=\"og:url\" content=\"https:\/\/www.univ-guyane.fr\/es\/2019\/10\/07\/dispositif-de-preprofessionnalisation-l2-en-alternance-2019-2020\/\" \/>\n<meta property=\"og:site_name\" content=\"Universit\u00e9 de Guyane\" \/>\n<meta property=\"article:publisher\" content=\"https:\/\/www.facebook.com\/univguyane\" \/>\n<meta property=\"article:published_time\" content=\"2019-10-07T13:33:31+00:00\" \/>\n<meta property=\"article:modified_time\" content=\"2024-06-27T13:43:02+00:00\" \/>\n<meta property=\"og:image\" content=\"https:\/\/www.univ-guyane.fr\/wp-content\/uploads\/appel-candidature-L2-alternance-universite-de-guyane.jpeg\" \/>\n\t<meta property=\"og:image:width\" content=\"1024\" \/>\n\t<meta property=\"og:image:height\" content=\"640\" \/>\n\t<meta property=\"og:image:type\" content=\"image\/jpeg\" \/>\n<meta name=\"author\" content=\"Erick Loiti\u00e8re\" \/>\n<meta name=\"twitter:card\" content=\"summary_large_image\" \/>\n<meta name=\"twitter:creator\" content=\"@univguyane\" \/>\n<meta name=\"twitter:site\" content=\"@univguyane\" \/>\n<meta name=\"twitter:label1\" content=\"Escrito por\" \/>\n\t<meta name=\"twitter:data1\" content=\"Erick Loiti\u00e8re\" \/>\n\t<meta name=\"twitter:label2\" content=\"Tiempo de lectura\" \/>\n\t<meta name=\"twitter:data2\" content=\"4 minutos\" \/>\n<script type=\"application\/ld+json\" class=\"yoast-schema-graph\">{\"@context\":\"https:\\\/\\\/schema.org\",\"@graph\":[{\"@type\":\"Article\",\"@id\":\"https:\\\/\\\/www.univ-guyane.fr\\\/2019\\\/10\\\/07\\\/dispositif-de-preprofessionnalisation-l2-en-alternance-2019-2020\\\/#article\",\"isPartOf\":{\"@id\":\"https:\\\/\\\/www.univ-guyane.fr\\\/2019\\\/10\\\/07\\\/dispositif-de-preprofessionnalisation-l2-en-alternance-2019-2020\\\/\"},\"author\":{\"name\":\"Erick Loiti\u00e8re\",\"@id\":\"https:\\\/\\\/www.univ-guyane.fr\\\/#\\\/schema\\\/person\\\/86d946a28a8be51bb096ccfdf19db179\"},\"headline\":\"Dispositif de Pr\u00e9professionnalisation : L2 en alternance 2019-2020\",\"datePublished\":\"2019-10-07T13:33:31+00:00\",\"dateModified\":\"2024-06-27T13:43:02+00:00\",\"mainEntityOfPage\":{\"@id\":\"https:\\\/\\\/www.univ-guyane.fr\\\/2019\\\/10\\\/07\\\/dispositif-de-preprofessionnalisation-l2-en-alternance-2019-2020\\\/\"},\"wordCount\":957,\"publisher\":{\"@id\":\"https:\\\/\\\/www.univ-guyane.fr\\\/#organization\"},\"image\":{\"@id\":\"https:\\\/\\\/www.univ-guyane.fr\\\/2019\\\/10\\\/07\\\/dispositif-de-preprofessionnalisation-l2-en-alternance-2019-2020\\\/#primaryimage\"},\"thumbnailUrl\":\"https:\\\/\\\/www.univ-guyane.fr\\\/wp-content\\\/uploads\\\/appel-candidature-L2-alternance-universite-de-guyane.jpeg\",\"articleSection\":[\"\u2022 Scolarit\u00e9\"],\"inLanguage\":\"es\"},{\"@type\":\"WebPage\",\"@id\":\"https:\\\/\\\/www.univ-guyane.fr\\\/2019\\\/10\\\/07\\\/dispositif-de-preprofessionnalisation-l2-en-alternance-2019-2020\\\/\",\"url\":\"https:\\\/\\\/www.univ-guyane.fr\\\/2019\\\/10\\\/07\\\/dispositif-de-preprofessionnalisation-l2-en-alternance-2019-2020\\\/\",\"name\":\"Dispositif de Pr\u00e9professionnalisation : L2 en alternance 2019-2020 &#8212; Universit\u00e9 de Guyane\",\"isPartOf\":{\"@id\":\"https:\\\/\\\/www.univ-guyane.fr\\\/#website\"},\"primaryImageOfPage\":{\"@id\":\"https:\\\/\\\/www.univ-guyane.fr\\\/2019\\\/10\\\/07\\\/dispositif-de-preprofessionnalisation-l2-en-alternance-2019-2020\\\/#primaryimage\"},\"image\":{\"@id\":\"https:\\\/\\\/www.univ-guyane.fr\\\/2019\\\/10\\\/07\\\/dispositif-de-preprofessionnalisation-l2-en-alternance-2019-2020\\\/#primaryimage\"},\"thumbnailUrl\":\"https:\\\/\\\/www.univ-guyane.fr\\\/wp-content\\\/uploads\\\/appel-candidature-L2-alternance-universite-de-guyane.jpeg\",\"datePublished\":\"2019-10-07T13:33:31+00:00\",\"dateModified\":\"2024-06-27T13:43:02+00:00\",\"description\":\"D\u00e9couvrez le dispositif de pr\u00e9professionnalisation pour les \u00e9tudiants souhaitant devenir professeur ou travailler dans l'\u00e9ducation. Une excellente opportunit\u00e9 d'association de formation th\u00e9orique et pratique.\",\"breadcrumb\":{\"@id\":\"https:\\\/\\\/www.univ-guyane.fr\\\/2019\\\/10\\\/07\\\/dispositif-de-preprofessionnalisation-l2-en-alternance-2019-2020\\\/#breadcrumb\"},\"inLanguage\":\"es\",\"potentialAction\":[{\"@type\":\"ReadAction\",\"target\":[\"https:\\\/\\\/www.univ-guyane.fr\\\/2019\\\/10\\\/07\\\/dispositif-de-preprofessionnalisation-l2-en-alternance-2019-2020\\\/\"]}]},{\"@type\":\"ImageObject\",\"inLanguage\":\"es\",\"@id\":\"https:\\\/\\\/www.univ-guyane.fr\\\/2019\\\/10\\\/07\\\/dispositif-de-preprofessionnalisation-l2-en-alternance-2019-2020\\\/#primaryimage\",\"url\":\"https:\\\/\\\/www.univ-guyane.fr\\\/wp-content\\\/uploads\\\/appel-candidature-L2-alternance-universite-de-guyane.jpeg\",\"contentUrl\":\"https:\\\/\\\/www.univ-guyane.fr\\\/wp-content\\\/uploads\\\/appel-candidature-L2-alternance-universite-de-guyane.jpeg\",\"width\":1024,\"height\":640,\"caption\":\"Dispositif de Pr\u00e9professionnalisation : L2 en alternance 2019-2020\"},{\"@type\":\"BreadcrumbList\",\"@id\":\"https:\\\/\\\/www.univ-guyane.fr\\\/2019\\\/10\\\/07\\\/dispositif-de-preprofessionnalisation-l2-en-alternance-2019-2020\\\/#breadcrumb\",\"itemListElement\":[{\"@type\":\"ListItem\",\"position\":1,\"name\":\"Accueil\",\"item\":\"https:\\\/\\\/www.univ-guyane.fr\\\/\"},{\"@type\":\"ListItem\",\"position\":2,\"name\":\"Dispositif de Pr\u00e9professionnalisation : L2 en alternance 2019-2020\"}]},{\"@type\":\"WebSite\",\"@id\":\"https:\\\/\\\/www.univ-guyane.fr\\\/#website\",\"url\":\"https:\\\/\\\/www.univ-guyane.fr\\\/\",\"name\":\"Universit\u00e9 de Guyane\",\"description\":\"Au c\u0153ur de l&#039;amazonie\",\"publisher\":{\"@id\":\"https:\\\/\\\/www.univ-guyane.fr\\\/#organization\"},\"alternateName\":\"UG\",\"potentialAction\":[{\"@type\":\"SearchAction\",\"target\":{\"@type\":\"EntryPoint\",\"urlTemplate\":\"https:\\\/\\\/www.univ-guyane.fr\\\/?s={search_term_string}\"},\"query-input\":{\"@type\":\"PropertyValueSpecification\",\"valueRequired\":true,\"valueName\":\"search_term_string\"}}],\"inLanguage\":\"es\"},{\"@type\":\"Organization\",\"@id\":\"https:\\\/\\\/www.univ-guyane.fr\\\/#organization\",\"name\":\"Universit\u00e9 de Guyane\",\"alternateName\":\"UG\",\"url\":\"https:\\\/\\\/www.univ-guyane.fr\\\/\",\"logo\":{\"@type\":\"ImageObject\",\"inLanguage\":\"es\",\"@id\":\"https:\\\/\\\/www.univ-guyane.fr\\\/#\\\/schema\\\/logo\\\/image\\\/\",\"url\":\"https:\\\/\\\/www.univ-guyane.fr\\\/wp-content\\\/uploads\\\/2024\\\/05\\\/f.png\",\"contentUrl\":\"https:\\\/\\\/www.univ-guyane.fr\\\/wp-content\\\/uploads\\\/2024\\\/05\\\/f.png\",\"width\":1024,\"height\":1024,\"caption\":\"Universit\u00e9 de Guyane\"},\"image\":{\"@id\":\"https:\\\/\\\/www.univ-guyane.fr\\\/#\\\/schema\\\/logo\\\/image\\\/\"},\"sameAs\":[\"https:\\\/\\\/www.facebook.com\\\/univguyane\",\"https:\\\/\\\/x.com\\\/univguyane\",\"https:\\\/\\\/gf.linkedin.com\\\/school\\\/universite-de-guyane\\\/\",\"https:\\\/\\\/www.instagram.com\\\/univ_guyane\\\/\"]},{\"@type\":\"Person\",\"@id\":\"https:\\\/\\\/www.univ-guyane.fr\\\/#\\\/schema\\\/person\\\/86d946a28a8be51bb096ccfdf19db179\",\"name\":\"Erick Loiti\u00e8re\",\"image\":{\"@type\":\"ImageObject\",\"inLanguage\":\"es\",\"@id\":\"https:\\\/\\\/secure.gravatar.com\\\/avatar\\\/0584f332103fbeaf37e52c73b15dca3c547fd9300deb05764e9ad8714839d072?s=96&d=robohash&r=g\",\"url\":\"https:\\\/\\\/secure.gravatar.com\\\/avatar\\\/0584f332103fbeaf37e52c73b15dca3c547fd9300deb05764e9ad8714839d072?s=96&d=robohash&r=g\",\"contentUrl\":\"https:\\\/\\\/secure.gravatar.com\\\/avatar\\\/0584f332103fbeaf37e52c73b15dca3c547fd9300deb05764e9ad8714839d072?s=96&d=robohash&r=g\",\"caption\":\"Erick Loiti\u00e8re\"},\"sameAs\":[\"http:\\\/\\\/www.univ-guyane.fr\"],\"url\":\"https:\\\/\\\/www.univ-guyane.fr\\\/es\\\/author\\\/eloitierdbz\\\/\"}]}<\/script>\n<!-- \/ Yoast SEO plugin. -->","yoast_head_json":{"title":"Dispositif de Pr\u00e9professionnalisation : L2 en alternance 2019-2020 &#8212; Universit\u00e9 de Guyane","description":"D\u00e9couvrez le dispositif de pr\u00e9professionnalisation pour les \u00e9tudiants souhaitant devenir professeur ou travailler dans l'\u00e9ducation. Une excellente opportunit\u00e9 d'association de formation th\u00e9orique et pratique.","robots":{"index":"index","follow":"follow","max-snippet":"max-snippet:-1","max-image-preview":"max-image-preview:large","max-video-preview":"max-video-preview:-1"},"canonical":"https:\/\/www.univ-guyane.fr\/es\/2019\/10\/07\/dispositif-de-preprofessionnalisation-l2-en-alternance-2019-2020\/","og_locale":"es_ES","og_type":"article","og_title":"Dispositif de Pr\u00e9professionnalisation : L2 en alternance 2019-2020 &#8212; Universit\u00e9 de Guyane","og_description":"D\u00e9couvrez le dispositif de pr\u00e9professionnalisation pour les \u00e9tudiants souhaitant devenir professeur ou travailler dans l'\u00e9ducation. Une excellente opportunit\u00e9 d'association de formation th\u00e9orique et pratique.","og_url":"https:\/\/www.univ-guyane.fr\/es\/2019\/10\/07\/dispositif-de-preprofessionnalisation-l2-en-alternance-2019-2020\/","og_site_name":"Universit\u00e9 de Guyane","article_publisher":"https:\/\/www.facebook.com\/univguyane","article_published_time":"2019-10-07T13:33:31+00:00","article_modified_time":"2024-06-27T13:43:02+00:00","og_image":[{"width":1024,"height":640,"url":"https:\/\/www.univ-guyane.fr\/wp-content\/uploads\/appel-candidature-L2-alternance-universite-de-guyane.jpeg","type":"image\/jpeg"}],"author":"Erick Loiti\u00e8re","twitter_card":"summary_large_image","twitter_creator":"@univguyane","twitter_site":"@univguyane","twitter_misc":{"Escrito por":"Erick Loiti\u00e8re","Tiempo de lectura":"4 minutos"},"schema":{"@context":"https:\/\/schema.org","@graph":[{"@type":"Article","@id":"https:\/\/www.univ-guyane.fr\/2019\/10\/07\/dispositif-de-preprofessionnalisation-l2-en-alternance-2019-2020\/#article","isPartOf":{"@id":"https:\/\/www.univ-guyane.fr\/2019\/10\/07\/dispositif-de-preprofessionnalisation-l2-en-alternance-2019-2020\/"},"author":{"name":"Erick Loiti\u00e8re","@id":"https:\/\/www.univ-guyane.fr\/#\/schema\/person\/86d946a28a8be51bb096ccfdf19db179"},"headline":"Dispositif de Pr\u00e9professionnalisation : L2 en alternance 2019-2020","datePublished":"2019-10-07T13:33:31+00:00","dateModified":"2024-06-27T13:43:02+00:00","mainEntityOfPage":{"@id":"https:\/\/www.univ-guyane.fr\/2019\/10\/07\/dispositif-de-preprofessionnalisation-l2-en-alternance-2019-2020\/"},"wordCount":957,"publisher":{"@id":"https:\/\/www.univ-guyane.fr\/#organization"},"image":{"@id":"https:\/\/www.univ-guyane.fr\/2019\/10\/07\/dispositif-de-preprofessionnalisation-l2-en-alternance-2019-2020\/#primaryimage"},"thumbnailUrl":"https:\/\/www.univ-guyane.fr\/wp-content\/uploads\/appel-candidature-L2-alternance-universite-de-guyane.jpeg","articleSection":["\u2022 Scolarit\u00e9"],"inLanguage":"es"},{"@type":"WebPage","@id":"https:\/\/www.univ-guyane.fr\/2019\/10\/07\/dispositif-de-preprofessionnalisation-l2-en-alternance-2019-2020\/","url":"https:\/\/www.univ-guyane.fr\/2019\/10\/07\/dispositif-de-preprofessionnalisation-l2-en-alternance-2019-2020\/","name":"Dispositif de Pr\u00e9professionnalisation : L2 en alternance 2019-2020 &#8212; Universit\u00e9 de Guyane","isPartOf":{"@id":"https:\/\/www.univ-guyane.fr\/#website"},"primaryImageOfPage":{"@id":"https:\/\/www.univ-guyane.fr\/2019\/10\/07\/dispositif-de-preprofessionnalisation-l2-en-alternance-2019-2020\/#primaryimage"},"image":{"@id":"https:\/\/www.univ-guyane.fr\/2019\/10\/07\/dispositif-de-preprofessionnalisation-l2-en-alternance-2019-2020\/#primaryimage"},"thumbnailUrl":"https:\/\/www.univ-guyane.fr\/wp-content\/uploads\/appel-candidature-L2-alternance-universite-de-guyane.jpeg","datePublished":"2019-10-07T13:33:31+00:00","dateModified":"2024-06-27T13:43:02+00:00","description":"D\u00e9couvrez le dispositif de pr\u00e9professionnalisation pour les \u00e9tudiants souhaitant devenir professeur ou travailler dans l'\u00e9ducation. Une excellente opportunit\u00e9 d'association de formation th\u00e9orique et pratique.","breadcrumb":{"@id":"https:\/\/www.univ-guyane.fr\/2019\/10\/07\/dispositif-de-preprofessionnalisation-l2-en-alternance-2019-2020\/#breadcrumb"},"inLanguage":"es","potentialAction":[{"@type":"ReadAction","target":["https:\/\/www.univ-guyane.fr\/2019\/10\/07\/dispositif-de-preprofessionnalisation-l2-en-alternance-2019-2020\/"]}]},{"@type":"ImageObject","inLanguage":"es","@id":"https:\/\/www.univ-guyane.fr\/2019\/10\/07\/dispositif-de-preprofessionnalisation-l2-en-alternance-2019-2020\/#primaryimage","url":"https:\/\/www.univ-guyane.fr\/wp-content\/uploads\/appel-candidature-L2-alternance-universite-de-guyane.jpeg","contentUrl":"https:\/\/www.univ-guyane.fr\/wp-content\/uploads\/appel-candidature-L2-alternance-universite-de-guyane.jpeg","width":1024,"height":640,"caption":"Dispositif de Pr\u00e9professionnalisation : L2 en alternance 2019-2020"},{"@type":"BreadcrumbList","@id":"https:\/\/www.univ-guyane.fr\/2019\/10\/07\/dispositif-de-preprofessionnalisation-l2-en-alternance-2019-2020\/#breadcrumb","itemListElement":[{"@type":"ListItem","position":1,"name":"Accueil","item":"https:\/\/www.univ-guyane.fr\/"},{"@type":"ListItem","position":2,"name":"Dispositif de Pr\u00e9professionnalisation : L2 en alternance 2019-2020"}]},{"@type":"WebSite","@id":"https:\/\/www.univ-guyane.fr\/#website","url":"https:\/\/www.univ-guyane.fr\/","name":"Universidad de Guyana","description":"En el coraz\u00f3n de la Amazonia","publisher":{"@id":"https:\/\/www.univ-guyane.fr\/#organization"},"alternateName":"UG","potentialAction":[{"@type":"SearchAction","target":{"@type":"EntryPoint","urlTemplate":"https:\/\/www.univ-guyane.fr\/?s={search_term_string}"},"query-input":{"@type":"PropertyValueSpecification","valueRequired":true,"valueName":"search_term_string"}}],"inLanguage":"es"},{"@type":"Organization","@id":"https:\/\/www.univ-guyane.fr\/#organization","name":"Universidad de Guyana","alternateName":"UG","url":"https:\/\/www.univ-guyane.fr\/","logo":{"@type":"ImageObject","inLanguage":"es","@id":"https:\/\/www.univ-guyane.fr\/#\/schema\/logo\/image\/","url":"https:\/\/www.univ-guyane.fr\/wp-content\/uploads\/2024\/05\/f.png","contentUrl":"https:\/\/www.univ-guyane.fr\/wp-content\/uploads\/2024\/05\/f.png","width":1024,"height":1024,"caption":"Universit\u00e9 de Guyane"},"image":{"@id":"https:\/\/www.univ-guyane.fr\/#\/schema\/logo\/image\/"},"sameAs":["https:\/\/www.facebook.com\/univguyane","https:\/\/x.com\/univguyane","https:\/\/gf.linkedin.com\/school\/universite-de-guyane\/","https:\/\/www.instagram.com\/univ_guyane\/"]},{"@type":"Person","@id":"https:\/\/www.univ-guyane.fr\/#\/schema\/person\/86d946a28a8be51bb096ccfdf19db179","name":"Erick Loiti\u00e8re","image":{"@type":"ImageObject","inLanguage":"es","@id":"https:\/\/secure.gravatar.com\/avatar\/0584f332103fbeaf37e52c73b15dca3c547fd9300deb05764e9ad8714839d072?s=96&d=robohash&r=g","url":"https:\/\/secure.gravatar.com\/avatar\/0584f332103fbeaf37e52c73b15dca3c547fd9300deb05764e9ad8714839d072?s=96&d=robohash&r=g","contentUrl":"https:\/\/secure.gravatar.com\/avatar\/0584f332103fbeaf37e52c73b15dca3c547fd9300deb05764e9ad8714839d072?s=96&d=robohash&r=g","caption":"Erick Loiti\u00e8re"},"sameAs":["http:\/\/www.univ-guyane.fr"],"url":"https:\/\/www.univ-guyane.fr\/es\/author\/eloitierdbz\/"}]}},"_links":{"self":[{"href":"https:\/\/www.univ-guyane.fr\/es\/wp-json\/wp\/v2\/posts\/9405","targetHints":{"allow":["GET"]}}],"collection":[{"href":"https:\/\/www.univ-guyane.fr\/es\/wp-json\/wp\/v2\/posts"}],"about":[{"href":"https:\/\/www.univ-guyane.fr\/es\/wp-json\/wp\/v2\/types\/post"}],"author":[{"embeddable":true,"href":"https:\/\/www.univ-guyane.fr\/es\/wp-json\/wp\/v2\/users\/1"}],"replies":[{"embeddable":true,"href":"https:\/\/www.univ-guyane.fr\/es\/wp-json\/wp\/v2\/comments?post=9405"}],"version-history":[{"count":1,"href":"https:\/\/www.univ-guyane.fr\/es\/wp-json\/wp\/v2\/posts\/9405\/revisions"}],"predecessor-version":[{"id":9407,"href":"https:\/\/www.univ-guyane.fr\/es\/wp-json\/wp\/v2\/posts\/9405\/revisions\/9407"}],"wp:featuredmedia":[{"embeddable":true,"href":"https:\/\/www.univ-guyane.fr\/es\/wp-json\/wp\/v2\/media\/9406"}],"wp:attachment":[{"href":"https:\/\/www.univ-guyane.fr\/es\/wp-json\/wp\/v2\/media?parent=9405"}],"wp:term":[{"taxonomy":"category","embeddable":true,"href":"https:\/\/www.univ-guyane.fr\/es\/wp-json\/wp\/v2\/categories?post=9405"},{"taxonomy":"post_tag","embeddable":true,"href":"https:\/\/www.univ-guyane.fr\/es\/wp-json\/wp\/v2\/tags?post=9405"}],"curies":[{"name":"wp","href":"https:\/\/api.w.org\/{rel}","templated":true}]}}