{"id":9470,"date":"2018-10-17T16:03:31","date_gmt":"2018-10-17T19:03:31","guid":{"rendered":"https:\/\/www.univ-guyane.fr\/?p=9470"},"modified":"2024-06-27T16:11:21","modified_gmt":"2024-06-27T19:11:21","slug":"luniversite-de-guyane-participe-a-la-2e-edition-de-lopen-access-week","status":"publish","type":"post","link":"https:\/\/www.univ-guyane.fr\/es\/2018\/10\/17\/luniversite-de-guyane-participe-a-la-2e-edition-de-lopen-access-week\/","title":{"rendered":"La Universidad de Guyana participa en la 2\u00aa Semana de Acceso Abierto"},"content":{"rendered":"<div id=\"fws_69f389243b75d\"  data-column-margin=\"default\" data-midnight=\"dark\"  class=\"wpb_row vc_row-fluid vc_row\"  style=\"padding-top: 0px; padding-bottom: 0px; \"><div class=\"row-bg-wrap\" data-bg-animation=\"none\" data-bg-animation-delay=\"\" data-bg-overlay=\"false\"><div class=\"inner-wrap row-bg-layer\" ><div class=\"row-bg viewport-desktop\"  style=\"\"><\/div><\/div><\/div><div class=\"row_col_wrap_12 col span_12 dark left\">\n\t<div  class=\"vc_col-sm-12 wpb_column column_container vc_column_container col no-extra-padding inherit_tablet inherit_phone\"  data-padding-pos=\"all\" data-has-bg-color=\"false\" data-bg-color=\"\" data-bg-opacity=\"1\" data-animation=\"\" data-delay=\"0\" >\n\t\t<div class=\"vc_column-inner\" >\n\t\t\t<div class=\"wpb_wrapper\">\n\t\t\t\t\n<div class=\"wpb_text_column wpb_content_element  chapo\" >\n\t<div id=\"fws_65f306472a267\" class=\"wpb_row vc_row-fluid vc_row\" data-column-margin=\"default\" data-midnight=\"dark\">\n<div class=\"row_col_wrap_12 col span_12 dark left\">\n<div class=\"vc_col-sm-12 wpb_column column_container vc_column_container col no-extra-padding inherit_tablet inherit_phone\" data-padding-pos=\"all\" data-has-bg-color=\"false\" data-bg-color=\"\" data-bg-opacity=\"1\" data-animation=\"\" data-delay=\"0\">\n<div class=\"vc_column-inner\">\n<div class=\"wpb_wrapper\">\n<div class=\"wpb_text_column wpb_content_element\">\n<div class=\"wpb_wrapper\">\n<h2>La Universidad de Guyana, a trav\u00e9s de su Service commun de la documentation, con el apoyo financiero del Grupo de Inter\u00e9s IRISTA, la Escuela de Doctorado y el laboratorio ECOFOG, participa en la segunda edici\u00f3n de la Semana del Acceso Abierto 2018.<\/h2>\n<\/div>\n<\/div>\n<\/div>\n<\/div>\n<\/div>\n<\/div>\n<\/div>\n<\/div>\n\n\n\n\n<div class=\"wpb_text_column wpb_content_element\" >\n\t<div class=\"wpb_text_column wpb_content_element\">\n<div class=\"wpb_wrapper\">\n<div id=\"lipsum\">\n<div id=\"fws_65f306472a267\" class=\"wpb_row vc_row-fluid vc_row\" data-column-margin=\"default\" data-midnight=\"dark\">\n<div class=\"row_col_wrap_12 col span_12 dark left\">\n<div class=\"vc_col-sm-12 wpb_column column_container vc_column_container col no-extra-padding inherit_tablet inherit_phone\" data-padding-pos=\"all\" data-has-bg-color=\"false\" data-bg-color=\"\" data-bg-opacity=\"1\" data-animation=\"\" data-delay=\"0\">\n<div class=\"vc_column-inner\">\n<div class=\"wpb_wrapper\">\n<div class=\"wpb_text_column wpb_content_element\">\n<div class=\"wpb_wrapper\">\n<span class=\"nectar-dropcap\" >C <\/span>sta Semana Internacional del Acceso Abierto es un acontecimiento mundial para investigadores, dise\u00f1ado para ayudar a promover el acceso abierto y el intercambio de conocimientos.<\/p>\n<\/div>\n<\/div>\n<\/div>\n<\/div>\n<\/div>\n<\/div>\n<\/div>\n<p>En esta ocasi\u00f3n, Anna\u00efg Mah\u00e9, profesora titular de Ciencias de la Informaci\u00f3n y la Comunicaci\u00f3n en la URFIST de Par\u00eds y en la Escuela de Chartes, e investigadora del equipo DICEN (EA 4420), presentar\u00e1 herramientas bibliom\u00e9tricas y de evaluaci\u00f3n de la investigaci\u00f3n a laboratorios y doctorandos sobre el siguiente tema: \"De los indicadores tradicionales a los nuevos indicadores: \u00bfqu\u00e9 lugar y qu\u00e9 retos para la evaluaci\u00f3n de la investigaci\u00f3n presentada en acceso abierto?<\/p>\n<p>La BU lanza un \"Halckathon\" del 15\/10\/2018 al 26\/10\/2018: durante este periodo, los investigadores pueden enviar a la direcci\u00f3n.\u00a0<a href=\"https:\/\/web.archive.org\/web\/20240314141423\/mailto:marie.latour@univ-guyane.fr\">marie.latour@univ-guyane.fr<\/a>\u00a0una lista bibliogr\u00e1fica de los documentos de investigaci\u00f3n (art\u00edculos, tesis, IDH, libros, actas de congresos, etc.) que hayan publicado desde la creaci\u00f3n de la UG. Ir\u00e1 acompa\u00f1ada de los documentos a texto completo validados por los comit\u00e9s de lectura antes (post-print) y despu\u00e9s de la publicaci\u00f3n (versi\u00f3n de los editores). Junto a estas referencias bibliogr\u00e1ficas, se mencionar\u00e1 si estos documentos de investigaci\u00f3n han sido objeto de una financiaci\u00f3n especial (fondos europeos, ANR, etc.) La UG se encargar\u00e1 de presentar los documentos a Hal, realizando previamente todas las comprobaciones necesarias. Un informe detallado de la operaci\u00f3n est\u00e1 previsto para octubre de 2019.<\/p>\n<\/div>\n<\/div>\n<\/div>\n<div class=\"wpb_text_column wpb_content_element\">\n<div class=\"wpb_wrapper\">\n<h3>Semana 1<\/h3>\n<p><strong>Martes 16 de octubre\u00a0<\/strong><\/p>\n<p><strong>De 10.00 a 12.00 h.<\/strong>\u00a0Taller para investigadores del Laboratorio Epat sobre el archivo abierto HAL, impartido por Marie Latour, Conservadora de Bibliotecas.<\/p>\n<hr \/>\n<p><strong>Mi\u00e9rcoles 17 de octubre<\/strong><\/p>\n<p><strong>De 10.00 a 12.00 h.<\/strong>\u00a0Taller para investigadores del Laboratorio EspaceDev sobre el tema del archivo abierto HAL, impartido por Marie Latour, conservadora de bibliotecas.<\/p>\n<hr \/>\n<p><strong>Jueves 18 de octubre<\/strong><\/p>\n<p><strong>De 10.00 a 12.00 h.<\/strong>\u00a0Taller para investigadores del Laboratorio MINEA sobre el archivo abierto HAL a cargo de Marie Latour, Conservadora de Bibliotecas.<\/p>\n<hr \/>\n<p><strong>Viernes 19 de octubre<\/strong><\/p>\n<p><strong>De 10.00 a 12.00 h.<\/strong>\u00a0Taller para investigadores del Laboratorio ECOFOG sobre el tema del archivo abierto HAL, impartido por Marie Latour, Conservadora de Bibliotecas.<\/p>\n<h3>Semana 2<\/h3>\n<p><strong>Lunes 22 de octubre<\/strong><\/p>\n<p><strong>De 18.00 a 20.00 horas :\u00a0<\/strong>Conferencia de Anna\u00efg Mah\u00e9 sobre el tema \"C\u00f3mo evaluar la investigaci\u00f3n depositada en acceso abierto\".<\/p>\n<hr \/>\n<p><strong>Martes 23 de octubre<\/strong><\/p>\n<p><strong>De 9.00 a 11.00 h.<\/strong>\u00a0Formaci\u00f3n de investigadores del Laboratorio ECOFOG en el uso de herramientas tradicionales de evaluaci\u00f3n de la investigaci\u00f3n (Factor de Impacto, Eigenfactor, SNIP, h-factor, SJR, etc.) y de nuevos indicadores (Altmetrics, etc.) por Anna\u00efg Mah\u00e9.<\/p>\n<p><strong>De 16.00 a 18.00 h.<\/strong>\u00a0Formaci\u00f3n de doctorandos en ED por Anna\u00efg Mah\u00e9 Parte 1\/5<\/p>\n<hr \/>\n<p><strong>Mi\u00e9rcoles 24 de octubre<\/strong><\/p>\n<p><strong>De 16.00 a 18.00 h.<\/strong>\u00a0Formaci\u00f3n de doctorandos en ED por Anna\u00efg Mah\u00e9 Parte 2\/5<\/p>\n<hr \/>\n<p><strong>Jueves 25 de octubre<\/strong><\/p>\n<p><strong>De 8.00 h. a 10.00 h.<\/strong>\u00a0Formaci\u00f3n de doctorandos en ED por Anna\u00efg Mah\u00e9 Parte 3\/5<\/p>\n<p><strong>De 11.00 a 13.00 h.<\/strong>\u00a0Formaci\u00f3n de investigadores del Laboratorio MINEA en el uso de herramientas tradicionales de evaluaci\u00f3n de la investigaci\u00f3n (Factor de Impacto, Eigenfactor, SNIP, h-factor, SJR, etc.) y de nuevos indicadores (Altmetrics, etc.) por Anna\u00efg Mah\u00e9.<\/p>\n<p><strong>De 15.00 a 17.00 h.<\/strong>\u00a0Formaci\u00f3n de doctorandos en ED por Anna\u00efg Mah\u00e9 Parte 4\/5<\/p>\n<hr \/>\n<p><strong>Viernes 26 de octubre<\/strong><\/p>\n<p><strong>De 8.00 h. a 10.00 h.<\/strong>\u00a0Formaci\u00f3n de doctorandos en ED por Anna\u00efg Mah\u00e9 Parte 5\/5<\/p>\n<p><strong>De 13.00 a 15.00 h.<\/strong>\u00a0Formaci\u00f3n de los investigadores de Espace Dev en el uso de las herramientas tradicionales de evaluaci\u00f3n de la investigaci\u00f3n (Factor de Impacto, Eigenfactor, SNIP, h-factor, SJR, etc.) y de los nuevos indicadores (Altmetrics, etc.) a cargo de Anna\u00efg Mah\u00e9.<\/p>\n<\/div>\n<\/div>\n<\/div>\n\n\n\n\n\t\t\t<\/div> \n\t\t<\/div>\n\t<\/div> \n<\/div><\/div>","protected":false},"excerpt":{"rendered":"La Universidad de Guyana, a trav\u00e9s de su Servicio de Documentaci\u00f3n Com\u00fan, con el apoyo financiero de...","protected":false},"author":1,"featured_media":9471,"comment_status":"closed","ping_status":"open","sticky":false,"template":"","format":"standard","meta":{"iawp_total_views":34,"footnotes":""},"categories":[232,155,229],"tags":[],"class_list":{"0":"post-9470","1":"post","2":"type-post","3":"status-publish","4":"format-standard","5":"has-post-thumbnail","7":"category-bibliotheque","8":"category-recherche","9":"category-universite-actualites"},"yoast_head":"<!-- This site is optimized with the Yoast SEO plugin v27.5 - https:\/\/yoast.com\/product\/yoast-seo-wordpress\/ -->\n<title>L\u2019Universit\u00e9 de Guyane participe \u00e0 la 2e \u00e9dition de l\u2019Open Access Week &#8212; Universit\u00e9 de Guyane<\/title>\n<meta name=\"description\" content=\"D\u00e9couvrez les outils de bibliom\u00e9trie et d&#039;\u00e9valuation de la recherche en Open Access lors de la semaine de l&#039;Acc\u00e8s ouvert.\" \/>\n<meta name=\"robots\" content=\"index, follow, max-snippet:-1, max-image-preview:large, max-video-preview:-1\" \/>\n<link rel=\"canonical\" href=\"https:\/\/www.univ-guyane.fr\/es\/2018\/10\/17\/luniversite-de-guyane-participe-a-la-2e-edition-de-lopen-access-week\/\" \/>\n<meta property=\"og:locale\" content=\"es_ES\" \/>\n<meta property=\"og:type\" content=\"article\" \/>\n<meta property=\"og:title\" content=\"L\u2019Universit\u00e9 de Guyane participe \u00e0 la 2e \u00e9dition de l\u2019Open Access Week &#8212; Universit\u00e9 de Guyane\" \/>\n<meta property=\"og:description\" content=\"D\u00e9couvrez les outils de bibliom\u00e9trie et d&#039;\u00e9valuation de la recherche en Open Access lors de la semaine de l&#039;Acc\u00e8s ouvert.\" \/>\n<meta property=\"og:url\" content=\"https:\/\/www.univ-guyane.fr\/es\/2018\/10\/17\/luniversite-de-guyane-participe-a-la-2e-edition-de-lopen-access-week\/\" \/>\n<meta property=\"og:site_name\" content=\"Universit\u00e9 de Guyane\" \/>\n<meta property=\"article:publisher\" content=\"https:\/\/www.facebook.com\/univguyane\" \/>\n<meta property=\"article:published_time\" content=\"2018-10-17T19:03:31+00:00\" \/>\n<meta property=\"article:modified_time\" content=\"2024-06-27T19:11:21+00:00\" \/>\n<meta property=\"og:image\" content=\"https:\/\/www.univ-guyane.fr\/wp-content\/uploads\/open-access-week-2018-universite-de-guyane.jpeg\" \/>\n\t<meta property=\"og:image:width\" content=\"1024\" \/>\n\t<meta property=\"og:image:height\" content=\"576\" \/>\n\t<meta property=\"og:image:type\" content=\"image\/jpeg\" \/>\n<meta name=\"author\" content=\"Erick Loiti\u00e8re\" \/>\n<meta name=\"twitter:card\" content=\"summary_large_image\" \/>\n<meta name=\"twitter:creator\" content=\"@univguyane\" \/>\n<meta name=\"twitter:site\" content=\"@univguyane\" \/>\n<meta name=\"twitter:label1\" content=\"Escrito por\" \/>\n\t<meta name=\"twitter:data1\" content=\"Erick Loiti\u00e8re\" \/>\n\t<meta name=\"twitter:label2\" content=\"Tiempo de lectura\" \/>\n\t<meta name=\"twitter:data2\" content=\"4 minutos\" \/>\n<script type=\"application\/ld+json\" class=\"yoast-schema-graph\">{\"@context\":\"https:\\\/\\\/schema.org\",\"@graph\":[{\"@type\":\"Article\",\"@id\":\"https:\\\/\\\/www.univ-guyane.fr\\\/2018\\\/10\\\/17\\\/luniversite-de-guyane-participe-a-la-2e-edition-de-lopen-access-week\\\/#article\",\"isPartOf\":{\"@id\":\"https:\\\/\\\/www.univ-guyane.fr\\\/2018\\\/10\\\/17\\\/luniversite-de-guyane-participe-a-la-2e-edition-de-lopen-access-week\\\/\"},\"author\":{\"name\":\"Erick Loiti\u00e8re\",\"@id\":\"https:\\\/\\\/www.univ-guyane.fr\\\/#\\\/schema\\\/person\\\/86d946a28a8be51bb096ccfdf19db179\"},\"headline\":\"L\u2019Universit\u00e9 de Guyane participe \u00e0 la 2e \u00e9dition de l\u2019Open Access Week\",\"datePublished\":\"2018-10-17T19:03:31+00:00\",\"dateModified\":\"2024-06-27T19:11:21+00:00\",\"mainEntityOfPage\":{\"@id\":\"https:\\\/\\\/www.univ-guyane.fr\\\/2018\\\/10\\\/17\\\/luniversite-de-guyane-participe-a-la-2e-edition-de-lopen-access-week\\\/\"},\"wordCount\":830,\"publisher\":{\"@id\":\"https:\\\/\\\/www.univ-guyane.fr\\\/#organization\"},\"image\":{\"@id\":\"https:\\\/\\\/www.univ-guyane.fr\\\/2018\\\/10\\\/17\\\/luniversite-de-guyane-participe-a-la-2e-edition-de-lopen-access-week\\\/#primaryimage\"},\"thumbnailUrl\":\"https:\\\/\\\/www.univ-guyane.fr\\\/wp-content\\\/uploads\\\/open-access-week-2018-universite-de-guyane.jpeg\",\"articleSection\":[\"\u2022 Biblioth\u00e8que\",\"\u2022\u00a0Recherche\",\"\u2022 Universit\u00e9\"],\"inLanguage\":\"es\"},{\"@type\":\"WebPage\",\"@id\":\"https:\\\/\\\/www.univ-guyane.fr\\\/2018\\\/10\\\/17\\\/luniversite-de-guyane-participe-a-la-2e-edition-de-lopen-access-week\\\/\",\"url\":\"https:\\\/\\\/www.univ-guyane.fr\\\/2018\\\/10\\\/17\\\/luniversite-de-guyane-participe-a-la-2e-edition-de-lopen-access-week\\\/\",\"name\":\"L\u2019Universit\u00e9 de Guyane participe \u00e0 la 2e \u00e9dition de l\u2019Open Access Week &#8212; Universit\u00e9 de Guyane\",\"isPartOf\":{\"@id\":\"https:\\\/\\\/www.univ-guyane.fr\\\/#website\"},\"primaryImageOfPage\":{\"@id\":\"https:\\\/\\\/www.univ-guyane.fr\\\/2018\\\/10\\\/17\\\/luniversite-de-guyane-participe-a-la-2e-edition-de-lopen-access-week\\\/#primaryimage\"},\"image\":{\"@id\":\"https:\\\/\\\/www.univ-guyane.fr\\\/2018\\\/10\\\/17\\\/luniversite-de-guyane-participe-a-la-2e-edition-de-lopen-access-week\\\/#primaryimage\"},\"thumbnailUrl\":\"https:\\\/\\\/www.univ-guyane.fr\\\/wp-content\\\/uploads\\\/open-access-week-2018-universite-de-guyane.jpeg\",\"datePublished\":\"2018-10-17T19:03:31+00:00\",\"dateModified\":\"2024-06-27T19:11:21+00:00\",\"description\":\"D\u00e9couvrez les outils de bibliom\u00e9trie et d'\u00e9valuation de la recherche en Open Access lors de la semaine de l'Acc\u00e8s ouvert.\",\"breadcrumb\":{\"@id\":\"https:\\\/\\\/www.univ-guyane.fr\\\/2018\\\/10\\\/17\\\/luniversite-de-guyane-participe-a-la-2e-edition-de-lopen-access-week\\\/#breadcrumb\"},\"inLanguage\":\"es\",\"potentialAction\":[{\"@type\":\"ReadAction\",\"target\":[\"https:\\\/\\\/www.univ-guyane.fr\\\/2018\\\/10\\\/17\\\/luniversite-de-guyane-participe-a-la-2e-edition-de-lopen-access-week\\\/\"]}]},{\"@type\":\"ImageObject\",\"inLanguage\":\"es\",\"@id\":\"https:\\\/\\\/www.univ-guyane.fr\\\/2018\\\/10\\\/17\\\/luniversite-de-guyane-participe-a-la-2e-edition-de-lopen-access-week\\\/#primaryimage\",\"url\":\"https:\\\/\\\/www.univ-guyane.fr\\\/wp-content\\\/uploads\\\/open-access-week-2018-universite-de-guyane.jpeg\",\"contentUrl\":\"https:\\\/\\\/www.univ-guyane.fr\\\/wp-content\\\/uploads\\\/open-access-week-2018-universite-de-guyane.jpeg\",\"width\":1024,\"height\":576,\"caption\":\"L\u2019Universit\u00e9 de Guyane participe \u00e0 la 2e \u00e9dition de l\u2019Open Access Week\"},{\"@type\":\"BreadcrumbList\",\"@id\":\"https:\\\/\\\/www.univ-guyane.fr\\\/2018\\\/10\\\/17\\\/luniversite-de-guyane-participe-a-la-2e-edition-de-lopen-access-week\\\/#breadcrumb\",\"itemListElement\":[{\"@type\":\"ListItem\",\"position\":1,\"name\":\"Accueil\",\"item\":\"https:\\\/\\\/www.univ-guyane.fr\\\/\"},{\"@type\":\"ListItem\",\"position\":2,\"name\":\"L\u2019Universit\u00e9 de Guyane participe \u00e0 la 2e \u00e9dition de l\u2019Open Access Week\"}]},{\"@type\":\"WebSite\",\"@id\":\"https:\\\/\\\/www.univ-guyane.fr\\\/#website\",\"url\":\"https:\\\/\\\/www.univ-guyane.fr\\\/\",\"name\":\"Universit\u00e9 de Guyane\",\"description\":\"Au c\u0153ur de l&#039;amazonie\",\"publisher\":{\"@id\":\"https:\\\/\\\/www.univ-guyane.fr\\\/#organization\"},\"alternateName\":\"UG\",\"potentialAction\":[{\"@type\":\"SearchAction\",\"target\":{\"@type\":\"EntryPoint\",\"urlTemplate\":\"https:\\\/\\\/www.univ-guyane.fr\\\/?s={search_term_string}\"},\"query-input\":{\"@type\":\"PropertyValueSpecification\",\"valueRequired\":true,\"valueName\":\"search_term_string\"}}],\"inLanguage\":\"es\"},{\"@type\":\"Organization\",\"@id\":\"https:\\\/\\\/www.univ-guyane.fr\\\/#organization\",\"name\":\"Universit\u00e9 de Guyane\",\"alternateName\":\"UG\",\"url\":\"https:\\\/\\\/www.univ-guyane.fr\\\/\",\"logo\":{\"@type\":\"ImageObject\",\"inLanguage\":\"es\",\"@id\":\"https:\\\/\\\/www.univ-guyane.fr\\\/#\\\/schema\\\/logo\\\/image\\\/\",\"url\":\"https:\\\/\\\/www.univ-guyane.fr\\\/wp-content\\\/uploads\\\/2024\\\/05\\\/f.png\",\"contentUrl\":\"https:\\\/\\\/www.univ-guyane.fr\\\/wp-content\\\/uploads\\\/2024\\\/05\\\/f.png\",\"width\":1024,\"height\":1024,\"caption\":\"Universit\u00e9 de Guyane\"},\"image\":{\"@id\":\"https:\\\/\\\/www.univ-guyane.fr\\\/#\\\/schema\\\/logo\\\/image\\\/\"},\"sameAs\":[\"https:\\\/\\\/www.facebook.com\\\/univguyane\",\"https:\\\/\\\/x.com\\\/univguyane\",\"https:\\\/\\\/gf.linkedin.com\\\/school\\\/universite-de-guyane\\\/\",\"https:\\\/\\\/www.instagram.com\\\/univ_guyane\\\/\"]},{\"@type\":\"Person\",\"@id\":\"https:\\\/\\\/www.univ-guyane.fr\\\/#\\\/schema\\\/person\\\/86d946a28a8be51bb096ccfdf19db179\",\"name\":\"Erick Loiti\u00e8re\",\"image\":{\"@type\":\"ImageObject\",\"inLanguage\":\"es\",\"@id\":\"https:\\\/\\\/secure.gravatar.com\\\/avatar\\\/0584f332103fbeaf37e52c73b15dca3c547fd9300deb05764e9ad8714839d072?s=96&d=robohash&r=g\",\"url\":\"https:\\\/\\\/secure.gravatar.com\\\/avatar\\\/0584f332103fbeaf37e52c73b15dca3c547fd9300deb05764e9ad8714839d072?s=96&d=robohash&r=g\",\"contentUrl\":\"https:\\\/\\\/secure.gravatar.com\\\/avatar\\\/0584f332103fbeaf37e52c73b15dca3c547fd9300deb05764e9ad8714839d072?s=96&d=robohash&r=g\",\"caption\":\"Erick Loiti\u00e8re\"},\"sameAs\":[\"http:\\\/\\\/www.univ-guyane.fr\"],\"url\":\"https:\\\/\\\/www.univ-guyane.fr\\\/es\\\/author\\\/eloitierdbz\\\/\"}]}<\/script>\n<!-- \/ Yoast SEO plugin. -->","yoast_head_json":{"title":"L\u2019Universit\u00e9 de Guyane participe \u00e0 la 2e \u00e9dition de l\u2019Open Access Week &#8212; Universit\u00e9 de Guyane","description":"D\u00e9couvrez les outils de bibliom\u00e9trie et d'\u00e9valuation de la recherche en Open Access lors de la semaine de l'Acc\u00e8s ouvert.","robots":{"index":"index","follow":"follow","max-snippet":"max-snippet:-1","max-image-preview":"max-image-preview:large","max-video-preview":"max-video-preview:-1"},"canonical":"https:\/\/www.univ-guyane.fr\/es\/2018\/10\/17\/luniversite-de-guyane-participe-a-la-2e-edition-de-lopen-access-week\/","og_locale":"es_ES","og_type":"article","og_title":"L\u2019Universit\u00e9 de Guyane participe \u00e0 la 2e \u00e9dition de l\u2019Open Access Week &#8212; Universit\u00e9 de Guyane","og_description":"D\u00e9couvrez les outils de bibliom\u00e9trie et d'\u00e9valuation de la recherche en Open Access lors de la semaine de l'Acc\u00e8s ouvert.","og_url":"https:\/\/www.univ-guyane.fr\/es\/2018\/10\/17\/luniversite-de-guyane-participe-a-la-2e-edition-de-lopen-access-week\/","og_site_name":"Universit\u00e9 de Guyane","article_publisher":"https:\/\/www.facebook.com\/univguyane","article_published_time":"2018-10-17T19:03:31+00:00","article_modified_time":"2024-06-27T19:11:21+00:00","og_image":[{"width":1024,"height":576,"url":"https:\/\/www.univ-guyane.fr\/wp-content\/uploads\/open-access-week-2018-universite-de-guyane.jpeg","type":"image\/jpeg"}],"author":"Erick Loiti\u00e8re","twitter_card":"summary_large_image","twitter_creator":"@univguyane","twitter_site":"@univguyane","twitter_misc":{"Escrito por":"Erick Loiti\u00e8re","Tiempo de lectura":"4 minutos"},"schema":{"@context":"https:\/\/schema.org","@graph":[{"@type":"Article","@id":"https:\/\/www.univ-guyane.fr\/2018\/10\/17\/luniversite-de-guyane-participe-a-la-2e-edition-de-lopen-access-week\/#article","isPartOf":{"@id":"https:\/\/www.univ-guyane.fr\/2018\/10\/17\/luniversite-de-guyane-participe-a-la-2e-edition-de-lopen-access-week\/"},"author":{"name":"Erick Loiti\u00e8re","@id":"https:\/\/www.univ-guyane.fr\/#\/schema\/person\/86d946a28a8be51bb096ccfdf19db179"},"headline":"L\u2019Universit\u00e9 de Guyane participe \u00e0 la 2e \u00e9dition de l\u2019Open Access Week","datePublished":"2018-10-17T19:03:31+00:00","dateModified":"2024-06-27T19:11:21+00:00","mainEntityOfPage":{"@id":"https:\/\/www.univ-guyane.fr\/2018\/10\/17\/luniversite-de-guyane-participe-a-la-2e-edition-de-lopen-access-week\/"},"wordCount":830,"publisher":{"@id":"https:\/\/www.univ-guyane.fr\/#organization"},"image":{"@id":"https:\/\/www.univ-guyane.fr\/2018\/10\/17\/luniversite-de-guyane-participe-a-la-2e-edition-de-lopen-access-week\/#primaryimage"},"thumbnailUrl":"https:\/\/www.univ-guyane.fr\/wp-content\/uploads\/open-access-week-2018-universite-de-guyane.jpeg","articleSection":["\u2022 Biblioth\u00e8que","\u2022\u00a0Recherche","\u2022 Universit\u00e9"],"inLanguage":"es"},{"@type":"WebPage","@id":"https:\/\/www.univ-guyane.fr\/2018\/10\/17\/luniversite-de-guyane-participe-a-la-2e-edition-de-lopen-access-week\/","url":"https:\/\/www.univ-guyane.fr\/2018\/10\/17\/luniversite-de-guyane-participe-a-la-2e-edition-de-lopen-access-week\/","name":"L\u2019Universit\u00e9 de Guyane participe \u00e0 la 2e \u00e9dition de l\u2019Open Access Week &#8212; Universit\u00e9 de Guyane","isPartOf":{"@id":"https:\/\/www.univ-guyane.fr\/#website"},"primaryImageOfPage":{"@id":"https:\/\/www.univ-guyane.fr\/2018\/10\/17\/luniversite-de-guyane-participe-a-la-2e-edition-de-lopen-access-week\/#primaryimage"},"image":{"@id":"https:\/\/www.univ-guyane.fr\/2018\/10\/17\/luniversite-de-guyane-participe-a-la-2e-edition-de-lopen-access-week\/#primaryimage"},"thumbnailUrl":"https:\/\/www.univ-guyane.fr\/wp-content\/uploads\/open-access-week-2018-universite-de-guyane.jpeg","datePublished":"2018-10-17T19:03:31+00:00","dateModified":"2024-06-27T19:11:21+00:00","description":"D\u00e9couvrez les outils de bibliom\u00e9trie et d'\u00e9valuation de la recherche en Open Access lors de la semaine de l'Acc\u00e8s ouvert.","breadcrumb":{"@id":"https:\/\/www.univ-guyane.fr\/2018\/10\/17\/luniversite-de-guyane-participe-a-la-2e-edition-de-lopen-access-week\/#breadcrumb"},"inLanguage":"es","potentialAction":[{"@type":"ReadAction","target":["https:\/\/www.univ-guyane.fr\/2018\/10\/17\/luniversite-de-guyane-participe-a-la-2e-edition-de-lopen-access-week\/"]}]},{"@type":"ImageObject","inLanguage":"es","@id":"https:\/\/www.univ-guyane.fr\/2018\/10\/17\/luniversite-de-guyane-participe-a-la-2e-edition-de-lopen-access-week\/#primaryimage","url":"https:\/\/www.univ-guyane.fr\/wp-content\/uploads\/open-access-week-2018-universite-de-guyane.jpeg","contentUrl":"https:\/\/www.univ-guyane.fr\/wp-content\/uploads\/open-access-week-2018-universite-de-guyane.jpeg","width":1024,"height":576,"caption":"L\u2019Universit\u00e9 de Guyane participe \u00e0 la 2e \u00e9dition de l\u2019Open Access Week"},{"@type":"BreadcrumbList","@id":"https:\/\/www.univ-guyane.fr\/2018\/10\/17\/luniversite-de-guyane-participe-a-la-2e-edition-de-lopen-access-week\/#breadcrumb","itemListElement":[{"@type":"ListItem","position":1,"name":"Accueil","item":"https:\/\/www.univ-guyane.fr\/"},{"@type":"ListItem","position":2,"name":"L\u2019Universit\u00e9 de Guyane participe \u00e0 la 2e \u00e9dition de l\u2019Open Access Week"}]},{"@type":"WebSite","@id":"https:\/\/www.univ-guyane.fr\/#website","url":"https:\/\/www.univ-guyane.fr\/","name":"Universidad de Guyana","description":"En el coraz\u00f3n de la Amazonia","publisher":{"@id":"https:\/\/www.univ-guyane.fr\/#organization"},"alternateName":"UG","potentialAction":[{"@type":"SearchAction","target":{"@type":"EntryPoint","urlTemplate":"https:\/\/www.univ-guyane.fr\/?s={search_term_string}"},"query-input":{"@type":"PropertyValueSpecification","valueRequired":true,"valueName":"search_term_string"}}],"inLanguage":"es"},{"@type":"Organization","@id":"https:\/\/www.univ-guyane.fr\/#organization","name":"Universidad de Guyana","alternateName":"UG","url":"https:\/\/www.univ-guyane.fr\/","logo":{"@type":"ImageObject","inLanguage":"es","@id":"https:\/\/www.univ-guyane.fr\/#\/schema\/logo\/image\/","url":"https:\/\/www.univ-guyane.fr\/wp-content\/uploads\/2024\/05\/f.png","contentUrl":"https:\/\/www.univ-guyane.fr\/wp-content\/uploads\/2024\/05\/f.png","width":1024,"height":1024,"caption":"Universit\u00e9 de Guyane"},"image":{"@id":"https:\/\/www.univ-guyane.fr\/#\/schema\/logo\/image\/"},"sameAs":["https:\/\/www.facebook.com\/univguyane","https:\/\/x.com\/univguyane","https:\/\/gf.linkedin.com\/school\/universite-de-guyane\/","https:\/\/www.instagram.com\/univ_guyane\/"]},{"@type":"Person","@id":"https:\/\/www.univ-guyane.fr\/#\/schema\/person\/86d946a28a8be51bb096ccfdf19db179","name":"Erick Loiti\u00e8re","image":{"@type":"ImageObject","inLanguage":"es","@id":"https:\/\/secure.gravatar.com\/avatar\/0584f332103fbeaf37e52c73b15dca3c547fd9300deb05764e9ad8714839d072?s=96&d=robohash&r=g","url":"https:\/\/secure.gravatar.com\/avatar\/0584f332103fbeaf37e52c73b15dca3c547fd9300deb05764e9ad8714839d072?s=96&d=robohash&r=g","contentUrl":"https:\/\/secure.gravatar.com\/avatar\/0584f332103fbeaf37e52c73b15dca3c547fd9300deb05764e9ad8714839d072?s=96&d=robohash&r=g","caption":"Erick Loiti\u00e8re"},"sameAs":["http:\/\/www.univ-guyane.fr"],"url":"https:\/\/www.univ-guyane.fr\/es\/author\/eloitierdbz\/"}]}},"_links":{"self":[{"href":"https:\/\/www.univ-guyane.fr\/es\/wp-json\/wp\/v2\/posts\/9470","targetHints":{"allow":["GET"]}}],"collection":[{"href":"https:\/\/www.univ-guyane.fr\/es\/wp-json\/wp\/v2\/posts"}],"about":[{"href":"https:\/\/www.univ-guyane.fr\/es\/wp-json\/wp\/v2\/types\/post"}],"author":[{"embeddable":true,"href":"https:\/\/www.univ-guyane.fr\/es\/wp-json\/wp\/v2\/users\/1"}],"replies":[{"embeddable":true,"href":"https:\/\/www.univ-guyane.fr\/es\/wp-json\/wp\/v2\/comments?post=9470"}],"version-history":[{"count":3,"href":"https:\/\/www.univ-guyane.fr\/es\/wp-json\/wp\/v2\/posts\/9470\/revisions"}],"predecessor-version":[{"id":9474,"href":"https:\/\/www.univ-guyane.fr\/es\/wp-json\/wp\/v2\/posts\/9470\/revisions\/9474"}],"wp:featuredmedia":[{"embeddable":true,"href":"https:\/\/www.univ-guyane.fr\/es\/wp-json\/wp\/v2\/media\/9471"}],"wp:attachment":[{"href":"https:\/\/www.univ-guyane.fr\/es\/wp-json\/wp\/v2\/media?parent=9470"}],"wp:term":[{"taxonomy":"category","embeddable":true,"href":"https:\/\/www.univ-guyane.fr\/es\/wp-json\/wp\/v2\/categories?post=9470"},{"taxonomy":"post_tag","embeddable":true,"href":"https:\/\/www.univ-guyane.fr\/es\/wp-json\/wp\/v2\/tags?post=9470"}],"curies":[{"name":"wp","href":"https:\/\/api.w.org\/{rel}","templated":true}]}}