{"id":10040,"date":"2024-07-17T00:27:34","date_gmt":"2024-07-17T03:27:34","guid":{"rendered":"https:\/\/www.univ-guyane.fr\/?p=10040"},"modified":"2024-07-17T10:20:34","modified_gmt":"2024-07-17T13:20:34","slug":"signature-du-contrat-dobjectifs-de-moyens-et-de-performance-de-luniversite-de-guyane","status":"publish","type":"post","link":"https:\/\/www.univ-guyane.fr\/nl\/2024\/07\/17\/signature-du-contrat-dobjectifs-de-moyens-et-de-performance-de-luniversite-de-guyane\/","title":{"rendered":"Ondertekening van het contract van doelstellingen, middelen en prestaties van de Universiteit van Guyana"},"content":{"rendered":"<div id=\"fws_69f5ceaa26f4f\"  data-column-margin=\"default\" data-midnight=\"dark\"  class=\"wpb_row vc_row-fluid vc_row\"  style=\"padding-top: 0px; padding-bottom: 0px; \"><div class=\"row-bg-wrap\" data-bg-animation=\"none\" data-bg-animation-delay=\"\" data-bg-overlay=\"false\"><div class=\"inner-wrap row-bg-layer\" ><div class=\"row-bg viewport-desktop\"  style=\"\"><\/div><\/div><\/div><div class=\"row_col_wrap_12 col span_12 dark left\">\n\t<div  class=\"vc_col-sm-12 wpb_column column_container vc_column_container col no-extra-padding inherit_tablet inherit_phone\"  data-padding-pos=\"all\" data-has-bg-color=\"false\" data-bg-color=\"\" data-bg-opacity=\"1\" data-animation=\"\" data-delay=\"0\" >\n\t\t<div class=\"vc_column-inner\" >\n\t\t\t<div class=\"wpb_wrapper\">\n\t\t\t\t\n<div class=\"wpb_text_column wpb_content_element  chapo\" >\n\t<h2>Op 28 juni nam de Universiteit van Guyana een beslissende stap in haar ontwikkeling met de ondertekening van haar Contract of Objectives, Resources and Performance (COMP).<\/h2>\n<\/div>\n\n\n\n\n<div class=\"wpb_text_column wpb_content_element\" >\n\t<p>De ceremonie werd bijgewoond door eminente personen als Sylvie Retailleau, minister van Hoger Onderwijs en Onderzoek, Anne-Sophie Barthez, directeur-generaal van Hoger Onderwijs en Professionele Integratie, Philippe Dulbecco, rector van de Acad\u00e9mie de Guyane, en Laurent Linguet, voorzitter van de Universit\u00e9 de Guyane.<\/p>\n<p>Dit contract betekent een herziening van de dialoog tussen de universiteit, het rectoraat en het ministerie. Het stelt een duidelijke en herkenbare institutionele signatuur vast, die de autonomie en verantwoordelijkheid van de Universiteit van Guyana versterkt.<\/p>\n<h3>Een hulpmiddel voor verantwoording en beheer<\/h3>\n<p>Het COMP-programma, dat in juni 2023 van start is gegaan, is getest door 34 pionierinstellingen die aanvullende financiering hebben ontvangen. Er zal een evaluatie na de test worden uitgevoerd om de behaalde resultaten te meten en de strategie\u00ebn dienovereenkomstig aan te passen.<\/p>\n<h3>Duidelijke en ambitieuze doelstellingen<\/h3>\n<p>Het COMP van de Universiteit van Guyana heeft zes doelstellingen:<\/p>\n<p><strong>Ecologische overgang en duurzame ontwikkeling :<\/strong> De Universiteit van Guyana zet zich in voor een duurzaam ontwikkelingsbeleid op basis van de volgende strategische ori\u00ebntaties: - Het ontwikkelen van onderwijs over de uitdagingen van de ecologische transitie en bewustmaking van studenten en medewerkers van de noodzaak om hun ecologische voetafdruk te verminderen. - Het verminderen van onze ecologische voetafdruk door het toepassen van gezonde operationele, management en bestuurlijke praktijken.<\/p>\n<p><strong>Onderzoek en innovatie :<\/strong> De UG wil de rijping van de onderzoeksresultaten van haar doctoraatsstudenten en docent-onderzoekers ondersteunen door de niveaus van technologische maturiteit en de creatie van spin-offs (innovatieve bedrijven) te bevorderen. Dit project zal gebaseerd zijn op de aanwerving van een maturatiemanager.<\/p>\n<p><strong>Het trainingsaanbod aanpassen :<\/strong> De UG zet zich in om haar programma's aan te passen aan de specifieke behoeften van de regio en om meer studenten op te leiden in sectoren waar een tekort aan studenten is: oprichting van een masteropleiding Civiele Techniek in september 2023, een bacheloropleiding STAPS en een verhoging van de instroomcapaciteit van de opleiding Marketingtechnieken en de opleiding Professioneel Management en Organisatiemanagement (MGO).<\/p>\n<p><strong>Welzijn en succes van studenten :<\/strong> de UG zet zich in om studenten toegang te geven tot een breder scala aan gespecialiseerde zorg: psycholoog, tandarts, oogarts, gynaecoloog, etc. De UG zet zich ook in voor het implementeren van een systeem voor het waarderen en erkennen van de inzet van studenten van het type \"ECL Engagement\" en voor het financieren van studentenbanen gewijd aan alle vormen van studiebegeleiding.<\/p>\n<p><strong>Verbetering van het beheer :<\/strong> De UG verbindt zich ertoe haar meerjarenplan voor vastgoedstrategie (SPSI) uit te voeren. Zij verbindt zich ertoe ervoor te zorgen dat elk opleidingsonderdeel een overeenkomst inzake doelstellingen en middelen (COM) heeft, die de basis zal vormen voor de begrotingsdialoog.<\/p>\n<p><strong>Schoolstrategie :<\/strong> De UG streeft naar de oprichting van een Graduate School die alle laboratoria zal betrekken bij het aanbieden van de master- en doctoraatsopleidingen van de UG en zal voortbouwen op bestaande partnerschappen met onderzoeksorganisaties, bedrijven en andere lokale spelers.<\/p>\n<\/div>\n\n\n\n\n\t\t\t<\/div> \n\t\t<\/div>\n\t<\/div> \n<\/div><\/div>","protected":false},"excerpt":{"rendered":"Op 28 juni heeft de Universit\u00e9 de Guyane een beslissende stap gezet in haar ontwikkeling...","protected":false},"author":1,"featured_media":10044,"comment_status":"closed","ping_status":"open","sticky":false,"template":"","format":"standard","meta":{"iawp_total_views":58,"footnotes":""},"categories":[229],"tags":[],"class_list":{"0":"post-10040","1":"post","2":"type-post","3":"status-publish","4":"format-standard","5":"has-post-thumbnail","7":"category-universite-actualites"},"yoast_head":"<!-- This site is optimized with the Yoast SEO plugin v27.5 - https:\/\/yoast.com\/product\/yoast-seo-wordpress\/ -->\n<title>Signature du Contrat d\u2019Objectifs, de Moyens et de Performance de l\u2019Universit\u00e9 de Guyane &#8212; Universit\u00e9 de Guyane<\/title>\n<meta name=\"description\" content=\"L&#039;Universit\u00e9 de Guyane renforce son autonomie et sa responsabilit\u00e9 avec le COMP. D\u00e9couvrez les objectifs de ce contrat d&#039;\u00e9tablissement.\" \/>\n<meta name=\"robots\" content=\"index, follow, max-snippet:-1, max-image-preview:large, max-video-preview:-1\" \/>\n<link rel=\"canonical\" href=\"https:\/\/www.univ-guyane.fr\/nl\/2024\/07\/17\/signature-du-contrat-dobjectifs-de-moyens-et-de-performance-de-luniversite-de-guyane\/\" \/>\n<meta property=\"og:locale\" content=\"nl_NL\" \/>\n<meta property=\"og:type\" content=\"article\" \/>\n<meta property=\"og:title\" content=\"Signature du Contrat d\u2019Objectifs, de Moyens et de Performance de l\u2019Universit\u00e9 de Guyane &#8212; Universit\u00e9 de Guyane\" \/>\n<meta property=\"og:description\" content=\"L&#039;Universit\u00e9 de Guyane renforce son autonomie et sa responsabilit\u00e9 avec le COMP. D\u00e9couvrez les objectifs de ce contrat d&#039;\u00e9tablissement.\" \/>\n<meta property=\"og:url\" content=\"https:\/\/www.univ-guyane.fr\/nl\/2024\/07\/17\/signature-du-contrat-dobjectifs-de-moyens-et-de-performance-de-luniversite-de-guyane\/\" \/>\n<meta property=\"og:site_name\" content=\"Universit\u00e9 de Guyane\" \/>\n<meta property=\"article:publisher\" content=\"https:\/\/www.facebook.com\/univguyane\" \/>\n<meta property=\"article:published_time\" content=\"2024-07-17T03:27:34+00:00\" \/>\n<meta property=\"article:modified_time\" content=\"2024-07-17T13:20:34+00:00\" \/>\n<meta property=\"og:image\" content=\"https:\/\/www.univ-guyane.fr\/wp-content\/uploads\/signature-comp.jpg\" \/>\n\t<meta property=\"og:image:width\" content=\"1800\" \/>\n\t<meta property=\"og:image:height\" content=\"1013\" \/>\n\t<meta property=\"og:image:type\" content=\"image\/jpeg\" \/>\n<meta name=\"author\" content=\"Erick Loiti\u00e8re\" \/>\n<meta name=\"twitter:card\" content=\"summary_large_image\" \/>\n<meta name=\"twitter:creator\" content=\"@univguyane\" \/>\n<meta name=\"twitter:site\" content=\"@univguyane\" \/>\n<meta name=\"twitter:label1\" content=\"Geschreven door\" \/>\n\t<meta name=\"twitter:data1\" content=\"Erick Loiti\u00e8re\" \/>\n\t<meta name=\"twitter:label2\" content=\"Geschatte leestijd\" \/>\n\t<meta name=\"twitter:data2\" content=\"3 minuten\" \/>\n<script type=\"application\/ld+json\" class=\"yoast-schema-graph\">{\"@context\":\"https:\\\/\\\/schema.org\",\"@graph\":[{\"@type\":\"Article\",\"@id\":\"https:\\\/\\\/www.univ-guyane.fr\\\/2024\\\/07\\\/17\\\/signature-du-contrat-dobjectifs-de-moyens-et-de-performance-de-luniversite-de-guyane\\\/#article\",\"isPartOf\":{\"@id\":\"https:\\\/\\\/www.univ-guyane.fr\\\/2024\\\/07\\\/17\\\/signature-du-contrat-dobjectifs-de-moyens-et-de-performance-de-luniversite-de-guyane\\\/\"},\"author\":{\"name\":\"Erick Loiti\u00e8re\",\"@id\":\"https:\\\/\\\/www.univ-guyane.fr\\\/#\\\/schema\\\/person\\\/86d946a28a8be51bb096ccfdf19db179\"},\"headline\":\"Signature du Contrat d\u2019Objectifs, de Moyens et de Performance de l\u2019Universit\u00e9 de Guyane\",\"datePublished\":\"2024-07-17T03:27:34+00:00\",\"dateModified\":\"2024-07-17T13:20:34+00:00\",\"mainEntityOfPage\":{\"@id\":\"https:\\\/\\\/www.univ-guyane.fr\\\/2024\\\/07\\\/17\\\/signature-du-contrat-dobjectifs-de-moyens-et-de-performance-de-luniversite-de-guyane\\\/\"},\"wordCount\":748,\"publisher\":{\"@id\":\"https:\\\/\\\/www.univ-guyane.fr\\\/#organization\"},\"image\":{\"@id\":\"https:\\\/\\\/www.univ-guyane.fr\\\/2024\\\/07\\\/17\\\/signature-du-contrat-dobjectifs-de-moyens-et-de-performance-de-luniversite-de-guyane\\\/#primaryimage\"},\"thumbnailUrl\":\"https:\\\/\\\/www.univ-guyane.fr\\\/wp-content\\\/uploads\\\/signature-comp.jpg\",\"articleSection\":[\"\u2022 Universit\u00e9\"],\"inLanguage\":\"nl-NL\"},{\"@type\":\"WebPage\",\"@id\":\"https:\\\/\\\/www.univ-guyane.fr\\\/2024\\\/07\\\/17\\\/signature-du-contrat-dobjectifs-de-moyens-et-de-performance-de-luniversite-de-guyane\\\/\",\"url\":\"https:\\\/\\\/www.univ-guyane.fr\\\/2024\\\/07\\\/17\\\/signature-du-contrat-dobjectifs-de-moyens-et-de-performance-de-luniversite-de-guyane\\\/\",\"name\":\"Signature du Contrat d\u2019Objectifs, de Moyens et de Performance de l\u2019Universit\u00e9 de Guyane &#8212; Universit\u00e9 de Guyane\",\"isPartOf\":{\"@id\":\"https:\\\/\\\/www.univ-guyane.fr\\\/#website\"},\"primaryImageOfPage\":{\"@id\":\"https:\\\/\\\/www.univ-guyane.fr\\\/2024\\\/07\\\/17\\\/signature-du-contrat-dobjectifs-de-moyens-et-de-performance-de-luniversite-de-guyane\\\/#primaryimage\"},\"image\":{\"@id\":\"https:\\\/\\\/www.univ-guyane.fr\\\/2024\\\/07\\\/17\\\/signature-du-contrat-dobjectifs-de-moyens-et-de-performance-de-luniversite-de-guyane\\\/#primaryimage\"},\"thumbnailUrl\":\"https:\\\/\\\/www.univ-guyane.fr\\\/wp-content\\\/uploads\\\/signature-comp.jpg\",\"datePublished\":\"2024-07-17T03:27:34+00:00\",\"dateModified\":\"2024-07-17T13:20:34+00:00\",\"description\":\"L'Universit\u00e9 de Guyane renforce son autonomie et sa responsabilit\u00e9 avec le COMP. D\u00e9couvrez les objectifs de ce contrat d'\u00e9tablissement.\",\"breadcrumb\":{\"@id\":\"https:\\\/\\\/www.univ-guyane.fr\\\/2024\\\/07\\\/17\\\/signature-du-contrat-dobjectifs-de-moyens-et-de-performance-de-luniversite-de-guyane\\\/#breadcrumb\"},\"inLanguage\":\"nl-NL\",\"potentialAction\":[{\"@type\":\"ReadAction\",\"target\":[\"https:\\\/\\\/www.univ-guyane.fr\\\/2024\\\/07\\\/17\\\/signature-du-contrat-dobjectifs-de-moyens-et-de-performance-de-luniversite-de-guyane\\\/\"]}]},{\"@type\":\"ImageObject\",\"inLanguage\":\"nl-NL\",\"@id\":\"https:\\\/\\\/www.univ-guyane.fr\\\/2024\\\/07\\\/17\\\/signature-du-contrat-dobjectifs-de-moyens-et-de-performance-de-luniversite-de-guyane\\\/#primaryimage\",\"url\":\"https:\\\/\\\/www.univ-guyane.fr\\\/wp-content\\\/uploads\\\/signature-comp.jpg\",\"contentUrl\":\"https:\\\/\\\/www.univ-guyane.fr\\\/wp-content\\\/uploads\\\/signature-comp.jpg\",\"width\":1800,\"height\":1013},{\"@type\":\"BreadcrumbList\",\"@id\":\"https:\\\/\\\/www.univ-guyane.fr\\\/2024\\\/07\\\/17\\\/signature-du-contrat-dobjectifs-de-moyens-et-de-performance-de-luniversite-de-guyane\\\/#breadcrumb\",\"itemListElement\":[{\"@type\":\"ListItem\",\"position\":1,\"name\":\"Accueil\",\"item\":\"https:\\\/\\\/www.univ-guyane.fr\\\/\"},{\"@type\":\"ListItem\",\"position\":2,\"name\":\"Signature du Contrat d\u2019Objectifs, de Moyens et de Performance de l\u2019Universit\u00e9 de Guyane\"}]},{\"@type\":\"WebSite\",\"@id\":\"https:\\\/\\\/www.univ-guyane.fr\\\/#website\",\"url\":\"https:\\\/\\\/www.univ-guyane.fr\\\/\",\"name\":\"Universit\u00e9 de Guyane\",\"description\":\"Au c\u0153ur de l&#039;amazonie\",\"publisher\":{\"@id\":\"https:\\\/\\\/www.univ-guyane.fr\\\/#organization\"},\"alternateName\":\"UG\",\"potentialAction\":[{\"@type\":\"SearchAction\",\"target\":{\"@type\":\"EntryPoint\",\"urlTemplate\":\"https:\\\/\\\/www.univ-guyane.fr\\\/?s={search_term_string}\"},\"query-input\":{\"@type\":\"PropertyValueSpecification\",\"valueRequired\":true,\"valueName\":\"search_term_string\"}}],\"inLanguage\":\"nl-NL\"},{\"@type\":\"Organization\",\"@id\":\"https:\\\/\\\/www.univ-guyane.fr\\\/#organization\",\"name\":\"Universit\u00e9 de Guyane\",\"alternateName\":\"UG\",\"url\":\"https:\\\/\\\/www.univ-guyane.fr\\\/\",\"logo\":{\"@type\":\"ImageObject\",\"inLanguage\":\"nl-NL\",\"@id\":\"https:\\\/\\\/www.univ-guyane.fr\\\/#\\\/schema\\\/logo\\\/image\\\/\",\"url\":\"https:\\\/\\\/www.univ-guyane.fr\\\/wp-content\\\/uploads\\\/2024\\\/05\\\/f.png\",\"contentUrl\":\"https:\\\/\\\/www.univ-guyane.fr\\\/wp-content\\\/uploads\\\/2024\\\/05\\\/f.png\",\"width\":1024,\"height\":1024,\"caption\":\"Universit\u00e9 de Guyane\"},\"image\":{\"@id\":\"https:\\\/\\\/www.univ-guyane.fr\\\/#\\\/schema\\\/logo\\\/image\\\/\"},\"sameAs\":[\"https:\\\/\\\/www.facebook.com\\\/univguyane\",\"https:\\\/\\\/x.com\\\/univguyane\",\"https:\\\/\\\/gf.linkedin.com\\\/school\\\/universite-de-guyane\\\/\",\"https:\\\/\\\/www.instagram.com\\\/univ_guyane\\\/\"]},{\"@type\":\"Person\",\"@id\":\"https:\\\/\\\/www.univ-guyane.fr\\\/#\\\/schema\\\/person\\\/86d946a28a8be51bb096ccfdf19db179\",\"name\":\"Erick Loiti\u00e8re\",\"image\":{\"@type\":\"ImageObject\",\"inLanguage\":\"nl-NL\",\"@id\":\"https:\\\/\\\/secure.gravatar.com\\\/avatar\\\/0584f332103fbeaf37e52c73b15dca3c547fd9300deb05764e9ad8714839d072?s=96&d=robohash&r=g\",\"url\":\"https:\\\/\\\/secure.gravatar.com\\\/avatar\\\/0584f332103fbeaf37e52c73b15dca3c547fd9300deb05764e9ad8714839d072?s=96&d=robohash&r=g\",\"contentUrl\":\"https:\\\/\\\/secure.gravatar.com\\\/avatar\\\/0584f332103fbeaf37e52c73b15dca3c547fd9300deb05764e9ad8714839d072?s=96&d=robohash&r=g\",\"caption\":\"Erick Loiti\u00e8re\"},\"sameAs\":[\"http:\\\/\\\/www.univ-guyane.fr\"],\"url\":\"https:\\\/\\\/www.univ-guyane.fr\\\/nl\\\/author\\\/eloitierdbz\\\/\"}]}<\/script>\n<!-- \/ Yoast SEO plugin. -->","yoast_head_json":{"title":"Ondertekening van het contract van doelstellingen, middelen en prestaties van de Universiteit van Guyana - Universit\u00e9 de Guyane","description":"De Universiteit van Guyana versterkt haar autonomie en verantwoordelijkheid met de COMP. Lees meer over de doelstellingen van dit oprichtingscontract.","robots":{"index":"index","follow":"follow","max-snippet":"max-snippet:-1","max-image-preview":"max-image-preview:large","max-video-preview":"max-video-preview:-1"},"canonical":"https:\/\/www.univ-guyane.fr\/nl\/2024\/07\/17\/signature-du-contrat-dobjectifs-de-moyens-et-de-performance-de-luniversite-de-guyane\/","og_locale":"nl_NL","og_type":"article","og_title":"Signature du Contrat d\u2019Objectifs, de Moyens et de Performance de l\u2019Universit\u00e9 de Guyane &#8212; Universit\u00e9 de Guyane","og_description":"L'Universit\u00e9 de Guyane renforce son autonomie et sa responsabilit\u00e9 avec le COMP. D\u00e9couvrez les objectifs de ce contrat d'\u00e9tablissement.","og_url":"https:\/\/www.univ-guyane.fr\/nl\/2024\/07\/17\/signature-du-contrat-dobjectifs-de-moyens-et-de-performance-de-luniversite-de-guyane\/","og_site_name":"Universit\u00e9 de Guyane","article_publisher":"https:\/\/www.facebook.com\/univguyane","article_published_time":"2024-07-17T03:27:34+00:00","article_modified_time":"2024-07-17T13:20:34+00:00","og_image":[{"width":1800,"height":1013,"url":"https:\/\/www.univ-guyane.fr\/wp-content\/uploads\/signature-comp.jpg","type":"image\/jpeg"}],"author":"Erick Loiti\u00e8re","twitter_card":"summary_large_image","twitter_creator":"@univguyane","twitter_site":"@univguyane","twitter_misc":{"Geschreven door":"Erick Loiti\u00e8re","Geschatte leestijd":"3 minuten"},"schema":{"@context":"https:\/\/schema.org","@graph":[{"@type":"Article","@id":"https:\/\/www.univ-guyane.fr\/2024\/07\/17\/signature-du-contrat-dobjectifs-de-moyens-et-de-performance-de-luniversite-de-guyane\/#article","isPartOf":{"@id":"https:\/\/www.univ-guyane.fr\/2024\/07\/17\/signature-du-contrat-dobjectifs-de-moyens-et-de-performance-de-luniversite-de-guyane\/"},"author":{"name":"Erick Loiti\u00e8re","@id":"https:\/\/www.univ-guyane.fr\/#\/schema\/person\/86d946a28a8be51bb096ccfdf19db179"},"headline":"Signature du Contrat d\u2019Objectifs, de Moyens et de Performance de l\u2019Universit\u00e9 de Guyane","datePublished":"2024-07-17T03:27:34+00:00","dateModified":"2024-07-17T13:20:34+00:00","mainEntityOfPage":{"@id":"https:\/\/www.univ-guyane.fr\/2024\/07\/17\/signature-du-contrat-dobjectifs-de-moyens-et-de-performance-de-luniversite-de-guyane\/"},"wordCount":748,"publisher":{"@id":"https:\/\/www.univ-guyane.fr\/#organization"},"image":{"@id":"https:\/\/www.univ-guyane.fr\/2024\/07\/17\/signature-du-contrat-dobjectifs-de-moyens-et-de-performance-de-luniversite-de-guyane\/#primaryimage"},"thumbnailUrl":"https:\/\/www.univ-guyane.fr\/wp-content\/uploads\/signature-comp.jpg","articleSection":["\u2022 Universit\u00e9"],"inLanguage":"nl-NL"},{"@type":"WebPage","@id":"https:\/\/www.univ-guyane.fr\/2024\/07\/17\/signature-du-contrat-dobjectifs-de-moyens-et-de-performance-de-luniversite-de-guyane\/","url":"https:\/\/www.univ-guyane.fr\/2024\/07\/17\/signature-du-contrat-dobjectifs-de-moyens-et-de-performance-de-luniversite-de-guyane\/","name":"Ondertekening van het contract van doelstellingen, middelen en prestaties van de Universiteit van Guyana - Universit\u00e9 de Guyane","isPartOf":{"@id":"https:\/\/www.univ-guyane.fr\/#website"},"primaryImageOfPage":{"@id":"https:\/\/www.univ-guyane.fr\/2024\/07\/17\/signature-du-contrat-dobjectifs-de-moyens-et-de-performance-de-luniversite-de-guyane\/#primaryimage"},"image":{"@id":"https:\/\/www.univ-guyane.fr\/2024\/07\/17\/signature-du-contrat-dobjectifs-de-moyens-et-de-performance-de-luniversite-de-guyane\/#primaryimage"},"thumbnailUrl":"https:\/\/www.univ-guyane.fr\/wp-content\/uploads\/signature-comp.jpg","datePublished":"2024-07-17T03:27:34+00:00","dateModified":"2024-07-17T13:20:34+00:00","description":"De Universiteit van Guyana versterkt haar autonomie en verantwoordelijkheid met de COMP. Lees meer over de doelstellingen van dit oprichtingscontract.","breadcrumb":{"@id":"https:\/\/www.univ-guyane.fr\/2024\/07\/17\/signature-du-contrat-dobjectifs-de-moyens-et-de-performance-de-luniversite-de-guyane\/#breadcrumb"},"inLanguage":"nl-NL","potentialAction":[{"@type":"ReadAction","target":["https:\/\/www.univ-guyane.fr\/2024\/07\/17\/signature-du-contrat-dobjectifs-de-moyens-et-de-performance-de-luniversite-de-guyane\/"]}]},{"@type":"ImageObject","inLanguage":"nl-NL","@id":"https:\/\/www.univ-guyane.fr\/2024\/07\/17\/signature-du-contrat-dobjectifs-de-moyens-et-de-performance-de-luniversite-de-guyane\/#primaryimage","url":"https:\/\/www.univ-guyane.fr\/wp-content\/uploads\/signature-comp.jpg","contentUrl":"https:\/\/www.univ-guyane.fr\/wp-content\/uploads\/signature-comp.jpg","width":1800,"height":1013},{"@type":"BreadcrumbList","@id":"https:\/\/www.univ-guyane.fr\/2024\/07\/17\/signature-du-contrat-dobjectifs-de-moyens-et-de-performance-de-luniversite-de-guyane\/#breadcrumb","itemListElement":[{"@type":"ListItem","position":1,"name":"Accueil","item":"https:\/\/www.univ-guyane.fr\/"},{"@type":"ListItem","position":2,"name":"Signature du Contrat d\u2019Objectifs, de Moyens et de Performance de l\u2019Universit\u00e9 de Guyane"}]},{"@type":"WebSite","@id":"https:\/\/www.univ-guyane.fr\/#website","url":"https:\/\/www.univ-guyane.fr\/","name":"Universiteit van Guyana","description":"In het hart van Amazonia","publisher":{"@id":"https:\/\/www.univ-guyane.fr\/#organization"},"alternateName":"UG","potentialAction":[{"@type":"SearchAction","target":{"@type":"EntryPoint","urlTemplate":"https:\/\/www.univ-guyane.fr\/?s={search_term_string}"},"query-input":{"@type":"PropertyValueSpecification","valueRequired":true,"valueName":"search_term_string"}}],"inLanguage":"nl-NL"},{"@type":"Organization","@id":"https:\/\/www.univ-guyane.fr\/#organization","name":"Universiteit van Guyana","alternateName":"UG","url":"https:\/\/www.univ-guyane.fr\/","logo":{"@type":"ImageObject","inLanguage":"nl-NL","@id":"https:\/\/www.univ-guyane.fr\/#\/schema\/logo\/image\/","url":"https:\/\/www.univ-guyane.fr\/wp-content\/uploads\/2024\/05\/f.png","contentUrl":"https:\/\/www.univ-guyane.fr\/wp-content\/uploads\/2024\/05\/f.png","width":1024,"height":1024,"caption":"Universit\u00e9 de Guyane"},"image":{"@id":"https:\/\/www.univ-guyane.fr\/#\/schema\/logo\/image\/"},"sameAs":["https:\/\/www.facebook.com\/univguyane","https:\/\/x.com\/univguyane","https:\/\/gf.linkedin.com\/school\/universite-de-guyane\/","https:\/\/www.instagram.com\/univ_guyane\/"]},{"@type":"Person","@id":"https:\/\/www.univ-guyane.fr\/#\/schema\/person\/86d946a28a8be51bb096ccfdf19db179","name":"Erick Loiti\u00e8re","image":{"@type":"ImageObject","inLanguage":"nl-NL","@id":"https:\/\/secure.gravatar.com\/avatar\/0584f332103fbeaf37e52c73b15dca3c547fd9300deb05764e9ad8714839d072?s=96&d=robohash&r=g","url":"https:\/\/secure.gravatar.com\/avatar\/0584f332103fbeaf37e52c73b15dca3c547fd9300deb05764e9ad8714839d072?s=96&d=robohash&r=g","contentUrl":"https:\/\/secure.gravatar.com\/avatar\/0584f332103fbeaf37e52c73b15dca3c547fd9300deb05764e9ad8714839d072?s=96&d=robohash&r=g","caption":"Erick Loiti\u00e8re"},"sameAs":["http:\/\/www.univ-guyane.fr"],"url":"https:\/\/www.univ-guyane.fr\/nl\/author\/eloitierdbz\/"}]}},"_links":{"self":[{"href":"https:\/\/www.univ-guyane.fr\/nl\/wp-json\/wp\/v2\/posts\/10040","targetHints":{"allow":["GET"]}}],"collection":[{"href":"https:\/\/www.univ-guyane.fr\/nl\/wp-json\/wp\/v2\/posts"}],"about":[{"href":"https:\/\/www.univ-guyane.fr\/nl\/wp-json\/wp\/v2\/types\/post"}],"author":[{"embeddable":true,"href":"https:\/\/www.univ-guyane.fr\/nl\/wp-json\/wp\/v2\/users\/1"}],"replies":[{"embeddable":true,"href":"https:\/\/www.univ-guyane.fr\/nl\/wp-json\/wp\/v2\/comments?post=10040"}],"version-history":[{"count":3,"href":"https:\/\/www.univ-guyane.fr\/nl\/wp-json\/wp\/v2\/posts\/10040\/revisions"}],"predecessor-version":[{"id":10043,"href":"https:\/\/www.univ-guyane.fr\/nl\/wp-json\/wp\/v2\/posts\/10040\/revisions\/10043"}],"wp:featuredmedia":[{"embeddable":true,"href":"https:\/\/www.univ-guyane.fr\/nl\/wp-json\/wp\/v2\/media\/10044"}],"wp:attachment":[{"href":"https:\/\/www.univ-guyane.fr\/nl\/wp-json\/wp\/v2\/media?parent=10040"}],"wp:term":[{"taxonomy":"category","embeddable":true,"href":"https:\/\/www.univ-guyane.fr\/nl\/wp-json\/wp\/v2\/categories?post=10040"},{"taxonomy":"post_tag","embeddable":true,"href":"https:\/\/www.univ-guyane.fr\/nl\/wp-json\/wp\/v2\/tags?post=10040"}],"curies":[{"name":"wp","href":"https:\/\/api.w.org\/{rel}","templated":true}]}}