{"id":10322,"date":"2024-09-30T14:25:59","date_gmt":"2024-09-30T17:25:59","guid":{"rendered":"https:\/\/www.univ-guyane.fr\/?p=10322"},"modified":"2024-10-02T21:50:37","modified_gmt":"2024-10-03T00:50:37","slug":"lancement-du-centre-franco-bresilien-de-biodiversite-amazonienne-cfbba","status":"publish","type":"post","link":"https:\/\/www.univ-guyane.fr\/nl\/2024\/09\/30\/lancement-du-centre-franco-bresilien-de-biodiversite-amazonienne-cfbba\/","title":{"rendered":"Lancering van het Frans-Braziliaans centrum voor biodiversiteit in het Amazonegebied (CFBBA)"},"content":{"rendered":"<div id=\"fws_69f48cc9ce095\"  data-column-margin=\"default\" data-midnight=\"dark\"  class=\"wpb_row vc_row-fluid vc_row\"  style=\"padding-top: 0px; padding-bottom: 0px; \"><div class=\"row-bg-wrap\" data-bg-animation=\"none\" data-bg-animation-delay=\"\" data-bg-overlay=\"false\"><div class=\"inner-wrap row-bg-layer\" ><div class=\"row-bg viewport-desktop\"  style=\"\"><\/div><\/div><\/div><div class=\"row_col_wrap_12 col span_12 dark left\">\n\t<div  class=\"vc_col-sm-12 wpb_column column_container vc_column_container col no-extra-padding inherit_tablet inherit_phone\"  data-padding-pos=\"all\" data-has-bg-color=\"false\" data-bg-color=\"\" data-bg-opacity=\"1\" data-animation=\"\" data-delay=\"0\" >\n\t\t<div class=\"vc_column-inner\" >\n\t\t\t<div class=\"wpb_wrapper\">\n\t\t\t\t\n<div class=\"wpb_text_column wpb_content_element  chapo\" >\n\t<h2>Op vrijdag 20 september 2024 vond in Manaus, Brazili\u00eb, de startbijeenkomst plaats van het Frans-Braziliaans centrum voor biodiversiteit in het Amazonegebied (CFBBA). Dit centrum zal de samenwerking tussen Frankrijk en Brazili\u00eb versterken met als doel de biodiversiteit in het Amazonegebied te beschermen en een duurzame bio-economie te bevorderen.<\/h2>\n<\/div>\n\n\n\n\n<div class=\"wpb_text_column wpb_content_element\" >\n\t<h3><strong>Een binationale structuur gewijd aan biodiversiteit<\/strong><\/h3>\n<p>De CFBBA is gebaseerd op twee belangrijke organen: een\u00a0<strong>bilaterale raad<\/strong>die toezicht houdt op beleidsbeslissingen, en een\u00a0<strong>wetenschappelijke adviesraad<\/strong>Het is verantwoordelijk voor het goedkeuren van richtlijnen voor onderzoek en opleiding. De missie is om onderzoek te ontwikkelen, studenten op te leiden en gezamenlijke programma's uit te voeren over milieu-, economische en sociale kwesties die voor beide landen van belang zijn.<\/p>\n<p>De CFBBA is ook gericht op het ontwikkelen van concrete mechanismen om het behoud van biodiversiteit te bevorderen en tegelijkertijd het cre\u00ebren van banen in sectoren die milieuvriendelijke producten stimuleren te ondersteunen.<\/p>\n<h3><strong>Een strategische herlancering in 2024<\/strong><\/h3>\n<p>De CFBBA werd in 2008 opgericht, maar was nooit effectief ge\u00efmplementeerd. Nu opnieuw gelanceerd, omvat het een\u00a0<strong>toegepast onderzoek<\/strong>\u00a0in lijn met de Braziliaanse prioriteiten, met name op het gebied van bio-economie. Deze doorstart zal gepaard gaan met een nauwere samenwerking met de priv\u00e9sector, waardoor het project een economische dimensie krijgt.<\/p>\n<h3><strong>Samenstelling en werking van de CFBBA<\/strong><\/h3>\n<p>De CFBBA wordt geleid door een\u00a0<strong>bilaterale raad<\/strong>\u00a0van 16 leden, gelijkelijk verdeeld tussen de twee naties. Aan de Franse kant zijn de ministeries van Europa en Buitenlandse Zaken, Hoger Onderwijs en Onderzoek, Ecologische Transitie en Territoriale Cohesie betrokken bij het besluitvormingsproces, met bijdragen van organen zoals het Programmabureau Klimaat, Biodiversiteit en Duurzame Samenlevingen (geco\u00f6rdineerd door CNRS) en het Programmabureau Landbouw, Voedsel, Bossen en Aanverwante Hulpbronnen - Agralife (geco\u00f6rdineerd door INRAE), evenals de Prefectuur van Frans Guyana en de Regionale Autoriteit Guyana. Aan Braziliaanse zijde acht vertegenwoordigers van het ministerie van Onderwijs, het ministerie van Wetenschap, Technologie en Innovatie, het ministerie van Buitenlandse Zaken, het financieringsagentschap MCTI (CNPq) en het financieringsagentschap MEC (CAPES).<\/p>\n<p>La\u00a0<strong>centrummanagement<\/strong>\u00a0is toevertrouwd aan twee medebestuurders:\u00a0<strong>Gilles Kleitz<\/strong>als vertegenwoordiger van de IRD voor Frankrijk, en\u00a0<strong>Henrique dos Santos Pereira<\/strong>Directeur van INPA in Manaus voor Brazili\u00eb.<\/p>\n<h3><strong>Een bi-nationale wetenschappelijke raad<\/strong><\/h3>\n<p>Le\u00a0<strong>wetenschappelijke adviesraad<\/strong>\u00a0In de CFBBA, die 12 leden telt die gelijk verdeeld zijn over Frankrijk en Brazili\u00eb, zitten ook twee wetenschappers uit Guyana:\u00a0<strong>Jean-Christophe Roggy<\/strong>\u00a0INRAE en\u00a0<strong>Ghislaine Pr\u00e9vot<\/strong>\u00a0aan de Universiteit van Guyana.<\/p>\n<p>Tijdens zijn eerste vergadering op 20 september 2024 keurde de binationale raad de\u00a0<strong>procedureregels<\/strong>\u00a0en keurde de<strong>wetenschappelijke agenda<\/strong>inclusief de voorwaarden van de oproepen tot het indienen van projecten. Deze agenda is opgesteld door de wetenschappelijke adviesraad, onder de verantwoordelijkheid van professoren\u00a0<strong>Ghislaine Pr\u00e9vot<\/strong>\u00a0en\u00a0<strong>Ima Vierra<\/strong>.<\/p>\n<h3><strong>Toekomstgerichte samenwerking<\/strong><\/h3>\n<p>De CFBBA symboliseert een hernieuwde verbintenis tussen Frankrijk en Brazili\u00eb om de biodiversiteit in het Amazonegebied te behouden en duurzame economische praktijken te bevorderen. Het initiatief is gericht op het stimuleren van toegepast onderzoek, het opleiden van nieuw talent en het aanmoedigen van partnerschappen tussen de publieke en private sector.<\/p>\n<p>Door deze samenwerking versterken de twee landen hun inzet voor de\u00a0<strong>behoud van de Amazone<\/strong>\u00a0en bijdragen aan de overgang naar een\u00a0<strong>bio-economie<\/strong>\u00a0met respect voor het milieu.<\/p>\n<hr \/>\n<p>&nbsp;<\/p>\n<\/div>\n\n\n\n\n\t\t\t<\/div> \n\t\t<\/div>\n\t<\/div> \n<\/div><\/div>\n\t\t<div id=\"fws_69f48cc9ce737\"  data-column-margin=\"default\" data-midnight=\"dark\"  class=\"wpb_row vc_row-fluid vc_row\"  style=\"padding-top: 0px; padding-bottom: 0px; \"><div class=\"row-bg-wrap\" data-bg-animation=\"none\" data-bg-animation-delay=\"\" data-bg-overlay=\"false\"><div class=\"inner-wrap row-bg-layer\" ><div class=\"row-bg viewport-desktop\"  style=\"\"><\/div><\/div><\/div><div class=\"row_col_wrap_12 col span_12 dark left\">\n\t<div style=\"\" class=\"vc_col-sm-12 wpb_column column_container vc_column_container col padding-2-percent inherit_tablet inherit_phone\" data-using-bg=\"true\" data-border-radius=\"3px\" data-padding-pos=\"all\" data-has-bg-color=\"true\" data-bg-color=\"#eaeaea\" data-bg-opacity=\"1\" data-animation=\"\" data-delay=\"0\" >\n\t\t<div class=\"vc_column-inner\" ><div class=\"column-bg-overlay-wrap column-bg-layer\" data-bg-animation=\"none\"><div class=\"column-bg-overlay\" style=\"opacity: 1; background-color: #eaeaea;\"><\/div><\/div>\n\t\t\t<div class=\"wpb_wrapper\">\n\t\t\t\t\n<div class=\"wpb_text_column wpb_content_element\" >\n\t<p><strong>\u00a0Ghislaine Pr\u00e9vot<\/strong>Professor Biochemie aan de Universiteit van Guyana werd op vrijdag 20 september 2024 in Manaus, Brazili\u00eb, benoemd tot lid van de Wetenschappelijke Raad van het Frans-Braziliaanse Centrum voor Biodiversiteit in het Amazonegebied (CFBBA).<\/p>\n<\/div>\n\n\n\n\n\t\t\t<\/div> \n\t\t<\/div>\n\t<\/div> \n<\/div><\/div>","protected":false},"excerpt":{"rendered":"Op vrijdag 20 september 2024 vindt de startbijeenkomst plaats van het Frans-Braziliaans centrum voor biodiversiteit in het Amazonegebied...","protected":false},"author":1,"featured_media":10328,"comment_status":"closed","ping_status":"open","sticky":false,"template":"","format":"standard","meta":{"iawp_total_views":418,"footnotes":""},"categories":[155,229],"tags":[],"class_list":{"0":"post-10322","1":"post","2":"type-post","3":"status-publish","4":"format-standard","5":"has-post-thumbnail","7":"category-recherche","8":"category-universite-actualites"},"yoast_head":"<!-- This site is optimized with the Yoast SEO plugin v27.5 - https:\/\/yoast.com\/product\/yoast-seo-wordpress\/ -->\n<title>Lancement du Centre Franco-Br\u00e9silien de Biodiversit\u00e9 Amazonienne (CFBBA) &#8212; Universit\u00e9 de Guyane<\/title>\n<meta name=\"description\" content=\"D\u00e9couvrez le CFBBA : un partenariat franco-br\u00e9silien pour la recherche et la conservation de la biodiversit\u00e9.\" \/>\n<meta name=\"robots\" content=\"index, follow, max-snippet:-1, max-image-preview:large, max-video-preview:-1\" \/>\n<link rel=\"canonical\" href=\"https:\/\/www.univ-guyane.fr\/nl\/2024\/09\/30\/lancement-du-centre-franco-bresilien-de-biodiversite-amazonienne-cfbba\/\" \/>\n<meta property=\"og:locale\" content=\"nl_NL\" \/>\n<meta property=\"og:type\" content=\"article\" \/>\n<meta property=\"og:title\" content=\"Lancement du Centre Franco-Br\u00e9silien de Biodiversit\u00e9 Amazonienne (CFBBA) &#8212; Universit\u00e9 de Guyane\" \/>\n<meta property=\"og:description\" content=\"D\u00e9couvrez le CFBBA : un partenariat franco-br\u00e9silien pour la recherche et la conservation de la biodiversit\u00e9.\" \/>\n<meta property=\"og:url\" content=\"https:\/\/www.univ-guyane.fr\/nl\/2024\/09\/30\/lancement-du-centre-franco-bresilien-de-biodiversite-amazonienne-cfbba\/\" \/>\n<meta property=\"og:site_name\" content=\"Universit\u00e9 de Guyane\" \/>\n<meta property=\"article:publisher\" content=\"https:\/\/www.facebook.com\/univguyane\" \/>\n<meta property=\"article:published_time\" content=\"2024-09-30T17:25:59+00:00\" \/>\n<meta property=\"article:modified_time\" content=\"2024-10-03T00:50:37+00:00\" \/>\n<meta property=\"og:image\" content=\"https:\/\/www.univ-guyane.fr\/wp-content\/uploads\/Lancement-du-Centre-Franco.jpg\" \/>\n\t<meta property=\"og:image:width\" content=\"1800\" \/>\n\t<meta property=\"og:image:height\" content=\"1013\" \/>\n\t<meta property=\"og:image:type\" content=\"image\/jpeg\" \/>\n<meta name=\"author\" content=\"Erick Loiti\u00e8re\" \/>\n<meta name=\"twitter:card\" content=\"summary_large_image\" \/>\n<meta name=\"twitter:creator\" content=\"@univguyane\" \/>\n<meta name=\"twitter:site\" content=\"@univguyane\" \/>\n<meta name=\"twitter:label1\" content=\"Geschreven door\" \/>\n\t<meta name=\"twitter:data1\" content=\"Erick Loiti\u00e8re\" \/>\n\t<meta name=\"twitter:label2\" content=\"Geschatte leestijd\" \/>\n\t<meta name=\"twitter:data2\" content=\"4 minuten\" \/>\n<script type=\"application\/ld+json\" class=\"yoast-schema-graph\">{\"@context\":\"https:\\\/\\\/schema.org\",\"@graph\":[{\"@type\":\"Article\",\"@id\":\"https:\\\/\\\/www.univ-guyane.fr\\\/2024\\\/09\\\/30\\\/lancement-du-centre-franco-bresilien-de-biodiversite-amazonienne-cfbba\\\/#article\",\"isPartOf\":{\"@id\":\"https:\\\/\\\/www.univ-guyane.fr\\\/2024\\\/09\\\/30\\\/lancement-du-centre-franco-bresilien-de-biodiversite-amazonienne-cfbba\\\/\"},\"author\":{\"name\":\"Erick Loiti\u00e8re\",\"@id\":\"https:\\\/\\\/www.univ-guyane.fr\\\/#\\\/schema\\\/person\\\/86d946a28a8be51bb096ccfdf19db179\"},\"headline\":\"Lancement du Centre Franco-Br\u00e9silien de Biodiversit\u00e9 Amazonienne (CFBBA)\",\"datePublished\":\"2024-09-30T17:25:59+00:00\",\"dateModified\":\"2024-10-03T00:50:37+00:00\",\"mainEntityOfPage\":{\"@id\":\"https:\\\/\\\/www.univ-guyane.fr\\\/2024\\\/09\\\/30\\\/lancement-du-centre-franco-bresilien-de-biodiversite-amazonienne-cfbba\\\/\"},\"wordCount\":1006,\"publisher\":{\"@id\":\"https:\\\/\\\/www.univ-guyane.fr\\\/#organization\"},\"image\":{\"@id\":\"https:\\\/\\\/www.univ-guyane.fr\\\/2024\\\/09\\\/30\\\/lancement-du-centre-franco-bresilien-de-biodiversite-amazonienne-cfbba\\\/#primaryimage\"},\"thumbnailUrl\":\"https:\\\/\\\/www.univ-guyane.fr\\\/wp-content\\\/uploads\\\/Lancement-du-Centre-Franco.jpg\",\"articleSection\":[\"\u2022\u00a0Recherche\",\"\u2022 Universit\u00e9\"],\"inLanguage\":\"nl-NL\"},{\"@type\":\"WebPage\",\"@id\":\"https:\\\/\\\/www.univ-guyane.fr\\\/2024\\\/09\\\/30\\\/lancement-du-centre-franco-bresilien-de-biodiversite-amazonienne-cfbba\\\/\",\"url\":\"https:\\\/\\\/www.univ-guyane.fr\\\/2024\\\/09\\\/30\\\/lancement-du-centre-franco-bresilien-de-biodiversite-amazonienne-cfbba\\\/\",\"name\":\"Lancement du Centre Franco-Br\u00e9silien de Biodiversit\u00e9 Amazonienne (CFBBA) &#8212; Universit\u00e9 de Guyane\",\"isPartOf\":{\"@id\":\"https:\\\/\\\/www.univ-guyane.fr\\\/#website\"},\"primaryImageOfPage\":{\"@id\":\"https:\\\/\\\/www.univ-guyane.fr\\\/2024\\\/09\\\/30\\\/lancement-du-centre-franco-bresilien-de-biodiversite-amazonienne-cfbba\\\/#primaryimage\"},\"image\":{\"@id\":\"https:\\\/\\\/www.univ-guyane.fr\\\/2024\\\/09\\\/30\\\/lancement-du-centre-franco-bresilien-de-biodiversite-amazonienne-cfbba\\\/#primaryimage\"},\"thumbnailUrl\":\"https:\\\/\\\/www.univ-guyane.fr\\\/wp-content\\\/uploads\\\/Lancement-du-Centre-Franco.jpg\",\"datePublished\":\"2024-09-30T17:25:59+00:00\",\"dateModified\":\"2024-10-03T00:50:37+00:00\",\"description\":\"D\u00e9couvrez le CFBBA : un partenariat franco-br\u00e9silien pour la recherche et la conservation de la biodiversit\u00e9.\",\"breadcrumb\":{\"@id\":\"https:\\\/\\\/www.univ-guyane.fr\\\/2024\\\/09\\\/30\\\/lancement-du-centre-franco-bresilien-de-biodiversite-amazonienne-cfbba\\\/#breadcrumb\"},\"inLanguage\":\"nl-NL\",\"potentialAction\":[{\"@type\":\"ReadAction\",\"target\":[\"https:\\\/\\\/www.univ-guyane.fr\\\/2024\\\/09\\\/30\\\/lancement-du-centre-franco-bresilien-de-biodiversite-amazonienne-cfbba\\\/\"]}]},{\"@type\":\"ImageObject\",\"inLanguage\":\"nl-NL\",\"@id\":\"https:\\\/\\\/www.univ-guyane.fr\\\/2024\\\/09\\\/30\\\/lancement-du-centre-franco-bresilien-de-biodiversite-amazonienne-cfbba\\\/#primaryimage\",\"url\":\"https:\\\/\\\/www.univ-guyane.fr\\\/wp-content\\\/uploads\\\/Lancement-du-Centre-Franco.jpg\",\"contentUrl\":\"https:\\\/\\\/www.univ-guyane.fr\\\/wp-content\\\/uploads\\\/Lancement-du-Centre-Franco.jpg\",\"width\":1800,\"height\":1013,\"caption\":\"Lancement du Centre Franco-Br\u00e9silien de Biodiversit\u00e9 Amazonienne\"},{\"@type\":\"BreadcrumbList\",\"@id\":\"https:\\\/\\\/www.univ-guyane.fr\\\/2024\\\/09\\\/30\\\/lancement-du-centre-franco-bresilien-de-biodiversite-amazonienne-cfbba\\\/#breadcrumb\",\"itemListElement\":[{\"@type\":\"ListItem\",\"position\":1,\"name\":\"Accueil\",\"item\":\"https:\\\/\\\/www.univ-guyane.fr\\\/\"},{\"@type\":\"ListItem\",\"position\":2,\"name\":\"Lancement du Centre Franco-Br\u00e9silien de Biodiversit\u00e9 Amazonienne (CFBBA)\"}]},{\"@type\":\"WebSite\",\"@id\":\"https:\\\/\\\/www.univ-guyane.fr\\\/#website\",\"url\":\"https:\\\/\\\/www.univ-guyane.fr\\\/\",\"name\":\"Universit\u00e9 de Guyane\",\"description\":\"Au c\u0153ur de l&#039;amazonie\",\"publisher\":{\"@id\":\"https:\\\/\\\/www.univ-guyane.fr\\\/#organization\"},\"alternateName\":\"UG\",\"potentialAction\":[{\"@type\":\"SearchAction\",\"target\":{\"@type\":\"EntryPoint\",\"urlTemplate\":\"https:\\\/\\\/www.univ-guyane.fr\\\/?s={search_term_string}\"},\"query-input\":{\"@type\":\"PropertyValueSpecification\",\"valueRequired\":true,\"valueName\":\"search_term_string\"}}],\"inLanguage\":\"nl-NL\"},{\"@type\":\"Organization\",\"@id\":\"https:\\\/\\\/www.univ-guyane.fr\\\/#organization\",\"name\":\"Universit\u00e9 de Guyane\",\"alternateName\":\"UG\",\"url\":\"https:\\\/\\\/www.univ-guyane.fr\\\/\",\"logo\":{\"@type\":\"ImageObject\",\"inLanguage\":\"nl-NL\",\"@id\":\"https:\\\/\\\/www.univ-guyane.fr\\\/#\\\/schema\\\/logo\\\/image\\\/\",\"url\":\"https:\\\/\\\/www.univ-guyane.fr\\\/wp-content\\\/uploads\\\/2024\\\/05\\\/f.png\",\"contentUrl\":\"https:\\\/\\\/www.univ-guyane.fr\\\/wp-content\\\/uploads\\\/2024\\\/05\\\/f.png\",\"width\":1024,\"height\":1024,\"caption\":\"Universit\u00e9 de Guyane\"},\"image\":{\"@id\":\"https:\\\/\\\/www.univ-guyane.fr\\\/#\\\/schema\\\/logo\\\/image\\\/\"},\"sameAs\":[\"https:\\\/\\\/www.facebook.com\\\/univguyane\",\"https:\\\/\\\/x.com\\\/univguyane\",\"https:\\\/\\\/gf.linkedin.com\\\/school\\\/universite-de-guyane\\\/\",\"https:\\\/\\\/www.instagram.com\\\/univ_guyane\\\/\"]},{\"@type\":\"Person\",\"@id\":\"https:\\\/\\\/www.univ-guyane.fr\\\/#\\\/schema\\\/person\\\/86d946a28a8be51bb096ccfdf19db179\",\"name\":\"Erick Loiti\u00e8re\",\"image\":{\"@type\":\"ImageObject\",\"inLanguage\":\"nl-NL\",\"@id\":\"https:\\\/\\\/secure.gravatar.com\\\/avatar\\\/0584f332103fbeaf37e52c73b15dca3c547fd9300deb05764e9ad8714839d072?s=96&d=robohash&r=g\",\"url\":\"https:\\\/\\\/secure.gravatar.com\\\/avatar\\\/0584f332103fbeaf37e52c73b15dca3c547fd9300deb05764e9ad8714839d072?s=96&d=robohash&r=g\",\"contentUrl\":\"https:\\\/\\\/secure.gravatar.com\\\/avatar\\\/0584f332103fbeaf37e52c73b15dca3c547fd9300deb05764e9ad8714839d072?s=96&d=robohash&r=g\",\"caption\":\"Erick Loiti\u00e8re\"},\"sameAs\":[\"http:\\\/\\\/www.univ-guyane.fr\"],\"url\":\"https:\\\/\\\/www.univ-guyane.fr\\\/nl\\\/author\\\/eloitierdbz\\\/\"}]}<\/script>\n<!-- \/ Yoast SEO plugin. -->","yoast_head_json":{"title":"Lancement du Centre Franco-Br\u00e9silien de Biodiversit\u00e9 Amazonienne (CFBBA) &#8212; Universit\u00e9 de Guyane","description":"D\u00e9couvrez le CFBBA : un partenariat franco-br\u00e9silien pour la recherche et la conservation de la biodiversit\u00e9.","robots":{"index":"index","follow":"follow","max-snippet":"max-snippet:-1","max-image-preview":"max-image-preview:large","max-video-preview":"max-video-preview:-1"},"canonical":"https:\/\/www.univ-guyane.fr\/nl\/2024\/09\/30\/lancement-du-centre-franco-bresilien-de-biodiversite-amazonienne-cfbba\/","og_locale":"nl_NL","og_type":"article","og_title":"Lancement du Centre Franco-Br\u00e9silien de Biodiversit\u00e9 Amazonienne (CFBBA) &#8212; Universit\u00e9 de Guyane","og_description":"D\u00e9couvrez le CFBBA : un partenariat franco-br\u00e9silien pour la recherche et la conservation de la biodiversit\u00e9.","og_url":"https:\/\/www.univ-guyane.fr\/nl\/2024\/09\/30\/lancement-du-centre-franco-bresilien-de-biodiversite-amazonienne-cfbba\/","og_site_name":"Universit\u00e9 de Guyane","article_publisher":"https:\/\/www.facebook.com\/univguyane","article_published_time":"2024-09-30T17:25:59+00:00","article_modified_time":"2024-10-03T00:50:37+00:00","og_image":[{"width":1800,"height":1013,"url":"https:\/\/www.univ-guyane.fr\/wp-content\/uploads\/Lancement-du-Centre-Franco.jpg","type":"image\/jpeg"}],"author":"Erick Loiti\u00e8re","twitter_card":"summary_large_image","twitter_creator":"@univguyane","twitter_site":"@univguyane","twitter_misc":{"Geschreven door":"Erick Loiti\u00e8re","Geschatte leestijd":"4 minuten"},"schema":{"@context":"https:\/\/schema.org","@graph":[{"@type":"Article","@id":"https:\/\/www.univ-guyane.fr\/2024\/09\/30\/lancement-du-centre-franco-bresilien-de-biodiversite-amazonienne-cfbba\/#article","isPartOf":{"@id":"https:\/\/www.univ-guyane.fr\/2024\/09\/30\/lancement-du-centre-franco-bresilien-de-biodiversite-amazonienne-cfbba\/"},"author":{"name":"Erick Loiti\u00e8re","@id":"https:\/\/www.univ-guyane.fr\/#\/schema\/person\/86d946a28a8be51bb096ccfdf19db179"},"headline":"Lancement du Centre Franco-Br\u00e9silien de Biodiversit\u00e9 Amazonienne (CFBBA)","datePublished":"2024-09-30T17:25:59+00:00","dateModified":"2024-10-03T00:50:37+00:00","mainEntityOfPage":{"@id":"https:\/\/www.univ-guyane.fr\/2024\/09\/30\/lancement-du-centre-franco-bresilien-de-biodiversite-amazonienne-cfbba\/"},"wordCount":1006,"publisher":{"@id":"https:\/\/www.univ-guyane.fr\/#organization"},"image":{"@id":"https:\/\/www.univ-guyane.fr\/2024\/09\/30\/lancement-du-centre-franco-bresilien-de-biodiversite-amazonienne-cfbba\/#primaryimage"},"thumbnailUrl":"https:\/\/www.univ-guyane.fr\/wp-content\/uploads\/Lancement-du-Centre-Franco.jpg","articleSection":["\u2022\u00a0Recherche","\u2022 Universit\u00e9"],"inLanguage":"nl-NL"},{"@type":"WebPage","@id":"https:\/\/www.univ-guyane.fr\/2024\/09\/30\/lancement-du-centre-franco-bresilien-de-biodiversite-amazonienne-cfbba\/","url":"https:\/\/www.univ-guyane.fr\/2024\/09\/30\/lancement-du-centre-franco-bresilien-de-biodiversite-amazonienne-cfbba\/","name":"Lancement du Centre Franco-Br\u00e9silien de Biodiversit\u00e9 Amazonienne (CFBBA) &#8212; Universit\u00e9 de Guyane","isPartOf":{"@id":"https:\/\/www.univ-guyane.fr\/#website"},"primaryImageOfPage":{"@id":"https:\/\/www.univ-guyane.fr\/2024\/09\/30\/lancement-du-centre-franco-bresilien-de-biodiversite-amazonienne-cfbba\/#primaryimage"},"image":{"@id":"https:\/\/www.univ-guyane.fr\/2024\/09\/30\/lancement-du-centre-franco-bresilien-de-biodiversite-amazonienne-cfbba\/#primaryimage"},"thumbnailUrl":"https:\/\/www.univ-guyane.fr\/wp-content\/uploads\/Lancement-du-Centre-Franco.jpg","datePublished":"2024-09-30T17:25:59+00:00","dateModified":"2024-10-03T00:50:37+00:00","description":"D\u00e9couvrez le CFBBA : un partenariat franco-br\u00e9silien pour la recherche et la conservation de la biodiversit\u00e9.","breadcrumb":{"@id":"https:\/\/www.univ-guyane.fr\/2024\/09\/30\/lancement-du-centre-franco-bresilien-de-biodiversite-amazonienne-cfbba\/#breadcrumb"},"inLanguage":"nl-NL","potentialAction":[{"@type":"ReadAction","target":["https:\/\/www.univ-guyane.fr\/2024\/09\/30\/lancement-du-centre-franco-bresilien-de-biodiversite-amazonienne-cfbba\/"]}]},{"@type":"ImageObject","inLanguage":"nl-NL","@id":"https:\/\/www.univ-guyane.fr\/2024\/09\/30\/lancement-du-centre-franco-bresilien-de-biodiversite-amazonienne-cfbba\/#primaryimage","url":"https:\/\/www.univ-guyane.fr\/wp-content\/uploads\/Lancement-du-Centre-Franco.jpg","contentUrl":"https:\/\/www.univ-guyane.fr\/wp-content\/uploads\/Lancement-du-Centre-Franco.jpg","width":1800,"height":1013,"caption":"Lancement du Centre Franco-Br\u00e9silien de Biodiversit\u00e9 Amazonienne"},{"@type":"BreadcrumbList","@id":"https:\/\/www.univ-guyane.fr\/2024\/09\/30\/lancement-du-centre-franco-bresilien-de-biodiversite-amazonienne-cfbba\/#breadcrumb","itemListElement":[{"@type":"ListItem","position":1,"name":"Accueil","item":"https:\/\/www.univ-guyane.fr\/"},{"@type":"ListItem","position":2,"name":"Lancement du Centre Franco-Br\u00e9silien de Biodiversit\u00e9 Amazonienne (CFBBA)"}]},{"@type":"WebSite","@id":"https:\/\/www.univ-guyane.fr\/#website","url":"https:\/\/www.univ-guyane.fr\/","name":"Universiteit van Guyana","description":"In het hart van Amazonia","publisher":{"@id":"https:\/\/www.univ-guyane.fr\/#organization"},"alternateName":"UG","potentialAction":[{"@type":"SearchAction","target":{"@type":"EntryPoint","urlTemplate":"https:\/\/www.univ-guyane.fr\/?s={search_term_string}"},"query-input":{"@type":"PropertyValueSpecification","valueRequired":true,"valueName":"search_term_string"}}],"inLanguage":"nl-NL"},{"@type":"Organization","@id":"https:\/\/www.univ-guyane.fr\/#organization","name":"Universiteit van Guyana","alternateName":"UG","url":"https:\/\/www.univ-guyane.fr\/","logo":{"@type":"ImageObject","inLanguage":"nl-NL","@id":"https:\/\/www.univ-guyane.fr\/#\/schema\/logo\/image\/","url":"https:\/\/www.univ-guyane.fr\/wp-content\/uploads\/2024\/05\/f.png","contentUrl":"https:\/\/www.univ-guyane.fr\/wp-content\/uploads\/2024\/05\/f.png","width":1024,"height":1024,"caption":"Universit\u00e9 de Guyane"},"image":{"@id":"https:\/\/www.univ-guyane.fr\/#\/schema\/logo\/image\/"},"sameAs":["https:\/\/www.facebook.com\/univguyane","https:\/\/x.com\/univguyane","https:\/\/gf.linkedin.com\/school\/universite-de-guyane\/","https:\/\/www.instagram.com\/univ_guyane\/"]},{"@type":"Person","@id":"https:\/\/www.univ-guyane.fr\/#\/schema\/person\/86d946a28a8be51bb096ccfdf19db179","name":"Erick Loiti\u00e8re","image":{"@type":"ImageObject","inLanguage":"nl-NL","@id":"https:\/\/secure.gravatar.com\/avatar\/0584f332103fbeaf37e52c73b15dca3c547fd9300deb05764e9ad8714839d072?s=96&d=robohash&r=g","url":"https:\/\/secure.gravatar.com\/avatar\/0584f332103fbeaf37e52c73b15dca3c547fd9300deb05764e9ad8714839d072?s=96&d=robohash&r=g","contentUrl":"https:\/\/secure.gravatar.com\/avatar\/0584f332103fbeaf37e52c73b15dca3c547fd9300deb05764e9ad8714839d072?s=96&d=robohash&r=g","caption":"Erick Loiti\u00e8re"},"sameAs":["http:\/\/www.univ-guyane.fr"],"url":"https:\/\/www.univ-guyane.fr\/nl\/author\/eloitierdbz\/"}]}},"_links":{"self":[{"href":"https:\/\/www.univ-guyane.fr\/nl\/wp-json\/wp\/v2\/posts\/10322","targetHints":{"allow":["GET"]}}],"collection":[{"href":"https:\/\/www.univ-guyane.fr\/nl\/wp-json\/wp\/v2\/posts"}],"about":[{"href":"https:\/\/www.univ-guyane.fr\/nl\/wp-json\/wp\/v2\/types\/post"}],"author":[{"embeddable":true,"href":"https:\/\/www.univ-guyane.fr\/nl\/wp-json\/wp\/v2\/users\/1"}],"replies":[{"embeddable":true,"href":"https:\/\/www.univ-guyane.fr\/nl\/wp-json\/wp\/v2\/comments?post=10322"}],"version-history":[{"count":4,"href":"https:\/\/www.univ-guyane.fr\/nl\/wp-json\/wp\/v2\/posts\/10322\/revisions"}],"predecessor-version":[{"id":10374,"href":"https:\/\/www.univ-guyane.fr\/nl\/wp-json\/wp\/v2\/posts\/10322\/revisions\/10374"}],"wp:featuredmedia":[{"embeddable":true,"href":"https:\/\/www.univ-guyane.fr\/nl\/wp-json\/wp\/v2\/media\/10328"}],"wp:attachment":[{"href":"https:\/\/www.univ-guyane.fr\/nl\/wp-json\/wp\/v2\/media?parent=10322"}],"wp:term":[{"taxonomy":"category","embeddable":true,"href":"https:\/\/www.univ-guyane.fr\/nl\/wp-json\/wp\/v2\/categories?post=10322"},{"taxonomy":"post_tag","embeddable":true,"href":"https:\/\/www.univ-guyane.fr\/nl\/wp-json\/wp\/v2\/tags?post=10322"}],"curies":[{"name":"wp","href":"https:\/\/api.w.org\/{rel}","templated":true}]}}