{"id":11116,"date":"2024-11-26T11:05:23","date_gmt":"2024-11-26T14:05:23","guid":{"rendered":"https:\/\/www.univ-guyane.fr\/?p=11116"},"modified":"2024-11-26T11:05:23","modified_gmt":"2024-11-26T14:05:23","slug":"luniversite-de-guyane-presente-au-salon-mondial-cosmetic-360","status":"publish","type":"post","link":"https:\/\/www.univ-guyane.fr\/nl\/2024\/11\/26\/luniversite-de-guyane-presente-au-salon-mondial-cosmetic-360\/","title":{"rendered":"De Universiteit van Frans-Guyana op de wereldbeurs COSMETIC 360"},"content":{"rendered":"<div id=\"fws_69f187b8b20c3\"  data-column-margin=\"default\" data-midnight=\"dark\"  class=\"wpb_row vc_row-fluid vc_row\"  style=\"padding-top: 0px; padding-bottom: 0px; \"><div class=\"row-bg-wrap\" data-bg-animation=\"none\" data-bg-animation-delay=\"\" data-bg-overlay=\"false\"><div class=\"inner-wrap row-bg-layer\" ><div class=\"row-bg viewport-desktop\"  style=\"\"><\/div><\/div><\/div><div class=\"row_col_wrap_12 col span_12 dark left\">\n\t<div  class=\"vc_col-sm-12 wpb_column column_container vc_column_container col no-extra-padding inherit_tablet inherit_phone\"  data-padding-pos=\"all\" data-has-bg-color=\"false\" data-bg-color=\"\" data-bg-opacity=\"1\" data-animation=\"\" data-delay=\"0\" >\n\t\t<div class=\"vc_column-inner\" >\n\t\t\t<div class=\"wpb_wrapper\">\n\t\t\t\t\n<div class=\"wpb_text_column wpb_content_element  chapo\" >\n\t<h2>De wereldwijde innovatieshow voor parfumerie en cosmetica, COSMETIC 360, vierde zijn 10\u1d49 verjaardag op 15, 16 en 17 oktober 2024, in het prestigieuze Carrousel du Louvre in Parijs.<\/h2>\n<\/div>\n\n\n\n\n<div class=\"wpb_text_column wpb_content_element\" >\n\t<p>In 2015 opgericht door de\u00a0<strong>COSMETISCHE VALLEI<\/strong>Dit jaar bracht het belangrijkste evenement van de sector spelers uit alle vijf continenten samen om de innovaties die de toekomst van cosmetica vormgeven te verkennen en te promoten.<\/p>\n<p>&nbsp;<\/p>\n<p><strong>Een unieke internationale wedstrijd van uitmuntendheid<\/strong><\/p>\n<p>Ter gelegenheid van deze verjaardag organiseerde het COSMETIC 360 comit\u00e9 de\u00a0<strong>de eerste internationale wedstrijd voor uitmuntende cosmetica<\/strong>. Dit initiatief bracht 14 paviljoenen samen die de cosmetische ecosystemen van verschillende gebieden over de hele wereld vertegenwoordigen. Elke regio verdedigde zijn kleuren en toonde zijn dynamiek door de nadruk te leggen op\u00a0<strong>vier belangrijke thema's<\/strong>\u00a0de\u00a0<strong>opleiding<\/strong>de\u00a0<strong>openbaar onderzoek<\/strong>de\u00a0<strong>lokale initiatieven<\/strong> en de\u00a0<strong>traditionele knowhow<\/strong>.<\/p>\n<p>&nbsp;<\/p>\n<p>Deze wedstrijd, rijk aan ontdekkingen en uitwisselingen, bood deelnemers de kans om innovatieve benaderingen uit verschillende culturen en praktijken te ontdekken.<\/p>\n<p>&nbsp;<\/p>\n<p><strong>Frans-Guyana, een belangrijke speler in cosmetica-innovatie<\/strong><\/p>\n<p>Lid van de COSMETIC VALLEY-cluster sinds 2021,\u00a0<strong>Universiteit van Guyana (UG)<\/strong>vertegenwoordigd door\u00a0<strong>Ghislaine Pr\u00e9vot<\/strong>\u00a0(universiteitshoogleraar biochemie en microbiologie) en\u00a0<strong>Rudy Covis<\/strong>\u00a0(Senior Lecturer in Chemistry and Process Engineering), speelt een actieve rol in de raad van bestuur en de wetenschappelijke adviesraad van Cosmetic Valley.<\/p>\n<p>&nbsp;<\/p>\n<p>Guyana schitterde dit jaar op het evenement dankzij een dynamische delegatie bestaande uit :<\/p>\n<ul>\n<li><strong>Rudy Covis<\/strong>\u00a0(Universiteit van Guyana),<\/li>\n<li><strong>Alysson Marigard<\/strong>\u00a0(Guyane D\u00e9veloppement Innovation - Cosmetic Valley Guyane),<\/li>\n<li><strong>C\u00e9lestin Nitkowsky<\/strong>\u00a0(Biostrat\u00e8ge),<\/li>\n<li><strong>Marie Haven<\/strong>\u00a0(Feel'in Bio Cosmetic).<\/li>\n<\/ul>\n<p>&nbsp;<\/p>\n<p>De spelers in de regio, hoewel sommige afwezig, hebben ook bijgedragen aan de reputatie van Guyana:\u00a0<strong>Amewat (Joanna Demontis)<\/strong>,\u00a0<strong>Yana-boerderij (Muriel Zaho)<\/strong>en\u00a0<strong>Elayane (Berthilde Achille)<\/strong>om er maar een paar te noemen.<\/p>\n<p><strong>\u00a0<\/strong><\/p>\n<p><strong>Hoogtepunten van de show<\/strong><\/p>\n<p>COSMETIC 360 2024 bracht de wereldleiders in de sectoren schoonheid, esthetiek en parfumerie samen en bood een uitzonderlijk platform voor het ontdekken :<\/p>\n<ul>\n<li>De nieuwste technologische ontwikkelingen,<\/li>\n<li>Opkomende trends,<\/li>\n<li>Innovatieve oplossingen voor de hele industrie: grondstoffen, formuleringen, testen en analyse, verpakking, apparatuur, afgewerkte producten en distributie.<\/li>\n<\/ul>\n<p>Naast de tentoonstellingen was er op 15 oktober een grootse openingsavond, waar elke regio zijn ecosysteem kon presenteren en verrijkende uitwisselingen met deelnemers van over de hele wereld kon aanmoedigen.<\/p>\n<p><strong>\u00a0<\/strong><\/p>\n<p><strong>Een decennium van innovatie en internationale invloed<\/strong><\/p>\n<p>In slechts tien jaar heeft COSMETIC 360 zich gevestigd als een toonaangevend\u00a0<strong>een strategisch evenement voor de wereldwijde cosmetica-industrie<\/strong>. De editie 2024, rijk aan uitwisselingen en ontdekkingen, toonde de centrale rol van innovatie in deze voortdurend evoluerende sector.<\/p>\n<p>Door zijn actieve deelname en talent blijft Frans-Guyana zijn positie als belangrijke speler in het wereldwijde ecosysteem van cosmetica versterken en tegelijkertijd zijn natuurlijke hulpbronnen en unieke expertise promoten.<\/p>\n<p>Tot ziens in 2025 voor een nieuwe, nog inspirerendere en vernieuwende COSMETIC 360!<\/p>\n<\/div>\n\n\n\n\n\t\t\t<\/div> \n\t\t<\/div>\n\t<\/div> \n<\/div><\/div>","protected":false},"excerpt":{"rendered":"COSMETIC 360, 's werelds toonaangevende beurs voor innovatie in parfumerie en cosmetica, heeft...","protected":false},"author":1,"featured_media":11117,"comment_status":"closed","ping_status":"open","sticky":false,"template":"","format":"standard","meta":{"iawp_total_views":58,"footnotes":""},"categories":[234,155],"tags":[],"class_list":{"0":"post-11116","1":"post","2":"type-post","3":"status-publish","4":"format-standard","5":"has-post-thumbnail","7":"category-a-la-une","8":"category-recherche"},"yoast_head":"<!-- This site is optimized with the Yoast SEO plugin v27.5 - https:\/\/yoast.com\/product\/yoast-seo-wordpress\/ -->\n<title>L\u2019Universit\u00e9 de Guyane pr\u00e9sente au salon mondial COSMETIC 360 &#8212; Universit\u00e9 de Guyane<\/title>\n<meta name=\"description\" content=\"Explorez les innovations qui sculptent l&#039;avenir de la cosm\u00e9tique lors de COSMETIC 360. Une comp\u00e9tition internationale c\u00e9l\u00e9brant l&#039;excellence de l&#039;industrie cosm\u00e9tique.\" \/>\n<meta name=\"robots\" content=\"index, follow, max-snippet:-1, max-image-preview:large, max-video-preview:-1\" \/>\n<link rel=\"canonical\" href=\"https:\/\/www.univ-guyane.fr\/nl\/2024\/11\/26\/luniversite-de-guyane-presente-au-salon-mondial-cosmetic-360\/\" \/>\n<meta property=\"og:locale\" content=\"nl_NL\" \/>\n<meta property=\"og:type\" content=\"article\" \/>\n<meta property=\"og:title\" content=\"L\u2019Universit\u00e9 de Guyane pr\u00e9sente au salon mondial COSMETIC 360 &#8212; Universit\u00e9 de Guyane\" \/>\n<meta property=\"og:description\" content=\"Explorez les innovations qui sculptent l&#039;avenir de la cosm\u00e9tique lors de COSMETIC 360. Une comp\u00e9tition internationale c\u00e9l\u00e9brant l&#039;excellence de l&#039;industrie cosm\u00e9tique.\" \/>\n<meta property=\"og:url\" content=\"https:\/\/www.univ-guyane.fr\/nl\/2024\/11\/26\/luniversite-de-guyane-presente-au-salon-mondial-cosmetic-360\/\" \/>\n<meta property=\"og:site_name\" content=\"Universit\u00e9 de Guyane\" \/>\n<meta property=\"article:publisher\" content=\"https:\/\/www.facebook.com\/univguyane\" \/>\n<meta property=\"article:published_time\" content=\"2024-11-26T14:05:23+00:00\" \/>\n<meta property=\"og:image\" content=\"https:\/\/www.univ-guyane.fr\/wp-content\/uploads\/comestic-360.jpg\" \/>\n\t<meta property=\"og:image:width\" content=\"1920\" \/>\n\t<meta property=\"og:image:height\" content=\"1080\" \/>\n\t<meta property=\"og:image:type\" content=\"image\/jpeg\" \/>\n<meta name=\"author\" content=\"Erick Loiti\u00e8re\" \/>\n<meta name=\"twitter:card\" content=\"summary_large_image\" \/>\n<meta name=\"twitter:creator\" content=\"@univguyane\" \/>\n<meta name=\"twitter:site\" content=\"@univguyane\" \/>\n<meta name=\"twitter:label1\" content=\"Geschreven door\" \/>\n\t<meta name=\"twitter:data1\" content=\"Erick Loiti\u00e8re\" \/>\n\t<meta name=\"twitter:label2\" content=\"Geschatte leestijd\" \/>\n\t<meta name=\"twitter:data2\" content=\"3 minuten\" \/>\n<script type=\"application\/ld+json\" class=\"yoast-schema-graph\">{\"@context\":\"https:\\\/\\\/schema.org\",\"@graph\":[{\"@type\":\"Article\",\"@id\":\"https:\\\/\\\/www.univ-guyane.fr\\\/2024\\\/11\\\/26\\\/luniversite-de-guyane-presente-au-salon-mondial-cosmetic-360\\\/#article\",\"isPartOf\":{\"@id\":\"https:\\\/\\\/www.univ-guyane.fr\\\/2024\\\/11\\\/26\\\/luniversite-de-guyane-presente-au-salon-mondial-cosmetic-360\\\/\"},\"author\":{\"name\":\"Erick Loiti\u00e8re\",\"@id\":\"https:\\\/\\\/www.univ-guyane.fr\\\/#\\\/schema\\\/person\\\/86d946a28a8be51bb096ccfdf19db179\"},\"headline\":\"L\u2019Universit\u00e9 de Guyane pr\u00e9sente au salon mondial COSMETIC 360\",\"datePublished\":\"2024-11-26T14:05:23+00:00\",\"mainEntityOfPage\":{\"@id\":\"https:\\\/\\\/www.univ-guyane.fr\\\/2024\\\/11\\\/26\\\/luniversite-de-guyane-presente-au-salon-mondial-cosmetic-360\\\/\"},\"wordCount\":729,\"publisher\":{\"@id\":\"https:\\\/\\\/www.univ-guyane.fr\\\/#organization\"},\"image\":{\"@id\":\"https:\\\/\\\/www.univ-guyane.fr\\\/2024\\\/11\\\/26\\\/luniversite-de-guyane-presente-au-salon-mondial-cosmetic-360\\\/#primaryimage\"},\"thumbnailUrl\":\"https:\\\/\\\/www.univ-guyane.fr\\\/wp-content\\\/uploads\\\/comestic-360.jpg\",\"articleSection\":[\"\u2022 \u00c0 la une\",\"\u2022\u00a0Recherche\"],\"inLanguage\":\"nl-NL\"},{\"@type\":\"WebPage\",\"@id\":\"https:\\\/\\\/www.univ-guyane.fr\\\/2024\\\/11\\\/26\\\/luniversite-de-guyane-presente-au-salon-mondial-cosmetic-360\\\/\",\"url\":\"https:\\\/\\\/www.univ-guyane.fr\\\/2024\\\/11\\\/26\\\/luniversite-de-guyane-presente-au-salon-mondial-cosmetic-360\\\/\",\"name\":\"L\u2019Universit\u00e9 de Guyane pr\u00e9sente au salon mondial COSMETIC 360 &#8212; Universit\u00e9 de Guyane\",\"isPartOf\":{\"@id\":\"https:\\\/\\\/www.univ-guyane.fr\\\/#website\"},\"primaryImageOfPage\":{\"@id\":\"https:\\\/\\\/www.univ-guyane.fr\\\/2024\\\/11\\\/26\\\/luniversite-de-guyane-presente-au-salon-mondial-cosmetic-360\\\/#primaryimage\"},\"image\":{\"@id\":\"https:\\\/\\\/www.univ-guyane.fr\\\/2024\\\/11\\\/26\\\/luniversite-de-guyane-presente-au-salon-mondial-cosmetic-360\\\/#primaryimage\"},\"thumbnailUrl\":\"https:\\\/\\\/www.univ-guyane.fr\\\/wp-content\\\/uploads\\\/comestic-360.jpg\",\"datePublished\":\"2024-11-26T14:05:23+00:00\",\"description\":\"Explorez les innovations qui sculptent l'avenir de la cosm\u00e9tique lors de COSMETIC 360. Une comp\u00e9tition internationale c\u00e9l\u00e9brant l'excellence de l'industrie cosm\u00e9tique.\",\"breadcrumb\":{\"@id\":\"https:\\\/\\\/www.univ-guyane.fr\\\/2024\\\/11\\\/26\\\/luniversite-de-guyane-presente-au-salon-mondial-cosmetic-360\\\/#breadcrumb\"},\"inLanguage\":\"nl-NL\",\"potentialAction\":[{\"@type\":\"ReadAction\",\"target\":[\"https:\\\/\\\/www.univ-guyane.fr\\\/2024\\\/11\\\/26\\\/luniversite-de-guyane-presente-au-salon-mondial-cosmetic-360\\\/\"]}]},{\"@type\":\"ImageObject\",\"inLanguage\":\"nl-NL\",\"@id\":\"https:\\\/\\\/www.univ-guyane.fr\\\/2024\\\/11\\\/26\\\/luniversite-de-guyane-presente-au-salon-mondial-cosmetic-360\\\/#primaryimage\",\"url\":\"https:\\\/\\\/www.univ-guyane.fr\\\/wp-content\\\/uploads\\\/comestic-360.jpg\",\"contentUrl\":\"https:\\\/\\\/www.univ-guyane.fr\\\/wp-content\\\/uploads\\\/comestic-360.jpg\",\"width\":1920,\"height\":1080},{\"@type\":\"BreadcrumbList\",\"@id\":\"https:\\\/\\\/www.univ-guyane.fr\\\/2024\\\/11\\\/26\\\/luniversite-de-guyane-presente-au-salon-mondial-cosmetic-360\\\/#breadcrumb\",\"itemListElement\":[{\"@type\":\"ListItem\",\"position\":1,\"name\":\"Accueil\",\"item\":\"https:\\\/\\\/www.univ-guyane.fr\\\/\"},{\"@type\":\"ListItem\",\"position\":2,\"name\":\"L\u2019Universit\u00e9 de Guyane pr\u00e9sente au salon mondial COSMETIC 360\"}]},{\"@type\":\"WebSite\",\"@id\":\"https:\\\/\\\/www.univ-guyane.fr\\\/#website\",\"url\":\"https:\\\/\\\/www.univ-guyane.fr\\\/\",\"name\":\"Universit\u00e9 de Guyane\",\"description\":\"Au c\u0153ur de l&#039;amazonie\",\"publisher\":{\"@id\":\"https:\\\/\\\/www.univ-guyane.fr\\\/#organization\"},\"alternateName\":\"UG\",\"potentialAction\":[{\"@type\":\"SearchAction\",\"target\":{\"@type\":\"EntryPoint\",\"urlTemplate\":\"https:\\\/\\\/www.univ-guyane.fr\\\/?s={search_term_string}\"},\"query-input\":{\"@type\":\"PropertyValueSpecification\",\"valueRequired\":true,\"valueName\":\"search_term_string\"}}],\"inLanguage\":\"nl-NL\"},{\"@type\":\"Organization\",\"@id\":\"https:\\\/\\\/www.univ-guyane.fr\\\/#organization\",\"name\":\"Universit\u00e9 de Guyane\",\"alternateName\":\"UG\",\"url\":\"https:\\\/\\\/www.univ-guyane.fr\\\/\",\"logo\":{\"@type\":\"ImageObject\",\"inLanguage\":\"nl-NL\",\"@id\":\"https:\\\/\\\/www.univ-guyane.fr\\\/#\\\/schema\\\/logo\\\/image\\\/\",\"url\":\"https:\\\/\\\/www.univ-guyane.fr\\\/wp-content\\\/uploads\\\/2024\\\/05\\\/f.png\",\"contentUrl\":\"https:\\\/\\\/www.univ-guyane.fr\\\/wp-content\\\/uploads\\\/2024\\\/05\\\/f.png\",\"width\":1024,\"height\":1024,\"caption\":\"Universit\u00e9 de Guyane\"},\"image\":{\"@id\":\"https:\\\/\\\/www.univ-guyane.fr\\\/#\\\/schema\\\/logo\\\/image\\\/\"},\"sameAs\":[\"https:\\\/\\\/www.facebook.com\\\/univguyane\",\"https:\\\/\\\/x.com\\\/univguyane\",\"https:\\\/\\\/gf.linkedin.com\\\/school\\\/universite-de-guyane\\\/\",\"https:\\\/\\\/www.instagram.com\\\/univ_guyane\\\/\"]},{\"@type\":\"Person\",\"@id\":\"https:\\\/\\\/www.univ-guyane.fr\\\/#\\\/schema\\\/person\\\/86d946a28a8be51bb096ccfdf19db179\",\"name\":\"Erick Loiti\u00e8re\",\"image\":{\"@type\":\"ImageObject\",\"inLanguage\":\"nl-NL\",\"@id\":\"https:\\\/\\\/secure.gravatar.com\\\/avatar\\\/0584f332103fbeaf37e52c73b15dca3c547fd9300deb05764e9ad8714839d072?s=96&d=robohash&r=g\",\"url\":\"https:\\\/\\\/secure.gravatar.com\\\/avatar\\\/0584f332103fbeaf37e52c73b15dca3c547fd9300deb05764e9ad8714839d072?s=96&d=robohash&r=g\",\"contentUrl\":\"https:\\\/\\\/secure.gravatar.com\\\/avatar\\\/0584f332103fbeaf37e52c73b15dca3c547fd9300deb05764e9ad8714839d072?s=96&d=robohash&r=g\",\"caption\":\"Erick Loiti\u00e8re\"},\"sameAs\":[\"http:\\\/\\\/www.univ-guyane.fr\"],\"url\":\"https:\\\/\\\/www.univ-guyane.fr\\\/nl\\\/author\\\/eloitierdbz\\\/\"}]}<\/script>\n<!-- \/ Yoast SEO plugin. -->","yoast_head_json":{"title":"L\u2019Universit\u00e9 de Guyane pr\u00e9sente au salon mondial COSMETIC 360 &#8212; Universit\u00e9 de Guyane","description":"Explorez les innovations qui sculptent l'avenir de la cosm\u00e9tique lors de COSMETIC 360. Une comp\u00e9tition internationale c\u00e9l\u00e9brant l'excellence de l'industrie cosm\u00e9tique.","robots":{"index":"index","follow":"follow","max-snippet":"max-snippet:-1","max-image-preview":"max-image-preview:large","max-video-preview":"max-video-preview:-1"},"canonical":"https:\/\/www.univ-guyane.fr\/nl\/2024\/11\/26\/luniversite-de-guyane-presente-au-salon-mondial-cosmetic-360\/","og_locale":"nl_NL","og_type":"article","og_title":"L\u2019Universit\u00e9 de Guyane pr\u00e9sente au salon mondial COSMETIC 360 &#8212; Universit\u00e9 de Guyane","og_description":"Explorez les innovations qui sculptent l'avenir de la cosm\u00e9tique lors de COSMETIC 360. Une comp\u00e9tition internationale c\u00e9l\u00e9brant l'excellence de l'industrie cosm\u00e9tique.","og_url":"https:\/\/www.univ-guyane.fr\/nl\/2024\/11\/26\/luniversite-de-guyane-presente-au-salon-mondial-cosmetic-360\/","og_site_name":"Universit\u00e9 de Guyane","article_publisher":"https:\/\/www.facebook.com\/univguyane","article_published_time":"2024-11-26T14:05:23+00:00","og_image":[{"width":1920,"height":1080,"url":"https:\/\/www.univ-guyane.fr\/wp-content\/uploads\/comestic-360.jpg","type":"image\/jpeg"}],"author":"Erick Loiti\u00e8re","twitter_card":"summary_large_image","twitter_creator":"@univguyane","twitter_site":"@univguyane","twitter_misc":{"Geschreven door":"Erick Loiti\u00e8re","Geschatte leestijd":"3 minuten"},"schema":{"@context":"https:\/\/schema.org","@graph":[{"@type":"Article","@id":"https:\/\/www.univ-guyane.fr\/2024\/11\/26\/luniversite-de-guyane-presente-au-salon-mondial-cosmetic-360\/#article","isPartOf":{"@id":"https:\/\/www.univ-guyane.fr\/2024\/11\/26\/luniversite-de-guyane-presente-au-salon-mondial-cosmetic-360\/"},"author":{"name":"Erick Loiti\u00e8re","@id":"https:\/\/www.univ-guyane.fr\/#\/schema\/person\/86d946a28a8be51bb096ccfdf19db179"},"headline":"L\u2019Universit\u00e9 de Guyane pr\u00e9sente au salon mondial COSMETIC 360","datePublished":"2024-11-26T14:05:23+00:00","mainEntityOfPage":{"@id":"https:\/\/www.univ-guyane.fr\/2024\/11\/26\/luniversite-de-guyane-presente-au-salon-mondial-cosmetic-360\/"},"wordCount":729,"publisher":{"@id":"https:\/\/www.univ-guyane.fr\/#organization"},"image":{"@id":"https:\/\/www.univ-guyane.fr\/2024\/11\/26\/luniversite-de-guyane-presente-au-salon-mondial-cosmetic-360\/#primaryimage"},"thumbnailUrl":"https:\/\/www.univ-guyane.fr\/wp-content\/uploads\/comestic-360.jpg","articleSection":["\u2022 \u00c0 la une","\u2022\u00a0Recherche"],"inLanguage":"nl-NL"},{"@type":"WebPage","@id":"https:\/\/www.univ-guyane.fr\/2024\/11\/26\/luniversite-de-guyane-presente-au-salon-mondial-cosmetic-360\/","url":"https:\/\/www.univ-guyane.fr\/2024\/11\/26\/luniversite-de-guyane-presente-au-salon-mondial-cosmetic-360\/","name":"L\u2019Universit\u00e9 de Guyane pr\u00e9sente au salon mondial COSMETIC 360 &#8212; Universit\u00e9 de Guyane","isPartOf":{"@id":"https:\/\/www.univ-guyane.fr\/#website"},"primaryImageOfPage":{"@id":"https:\/\/www.univ-guyane.fr\/2024\/11\/26\/luniversite-de-guyane-presente-au-salon-mondial-cosmetic-360\/#primaryimage"},"image":{"@id":"https:\/\/www.univ-guyane.fr\/2024\/11\/26\/luniversite-de-guyane-presente-au-salon-mondial-cosmetic-360\/#primaryimage"},"thumbnailUrl":"https:\/\/www.univ-guyane.fr\/wp-content\/uploads\/comestic-360.jpg","datePublished":"2024-11-26T14:05:23+00:00","description":"Explorez les innovations qui sculptent l'avenir de la cosm\u00e9tique lors de COSMETIC 360. Une comp\u00e9tition internationale c\u00e9l\u00e9brant l'excellence de l'industrie cosm\u00e9tique.","breadcrumb":{"@id":"https:\/\/www.univ-guyane.fr\/2024\/11\/26\/luniversite-de-guyane-presente-au-salon-mondial-cosmetic-360\/#breadcrumb"},"inLanguage":"nl-NL","potentialAction":[{"@type":"ReadAction","target":["https:\/\/www.univ-guyane.fr\/2024\/11\/26\/luniversite-de-guyane-presente-au-salon-mondial-cosmetic-360\/"]}]},{"@type":"ImageObject","inLanguage":"nl-NL","@id":"https:\/\/www.univ-guyane.fr\/2024\/11\/26\/luniversite-de-guyane-presente-au-salon-mondial-cosmetic-360\/#primaryimage","url":"https:\/\/www.univ-guyane.fr\/wp-content\/uploads\/comestic-360.jpg","contentUrl":"https:\/\/www.univ-guyane.fr\/wp-content\/uploads\/comestic-360.jpg","width":1920,"height":1080},{"@type":"BreadcrumbList","@id":"https:\/\/www.univ-guyane.fr\/2024\/11\/26\/luniversite-de-guyane-presente-au-salon-mondial-cosmetic-360\/#breadcrumb","itemListElement":[{"@type":"ListItem","position":1,"name":"Accueil","item":"https:\/\/www.univ-guyane.fr\/"},{"@type":"ListItem","position":2,"name":"L\u2019Universit\u00e9 de Guyane pr\u00e9sente au salon mondial COSMETIC 360"}]},{"@type":"WebSite","@id":"https:\/\/www.univ-guyane.fr\/#website","url":"https:\/\/www.univ-guyane.fr\/","name":"Universiteit van Guyana","description":"In het hart van Amazonia","publisher":{"@id":"https:\/\/www.univ-guyane.fr\/#organization"},"alternateName":"UG","potentialAction":[{"@type":"SearchAction","target":{"@type":"EntryPoint","urlTemplate":"https:\/\/www.univ-guyane.fr\/?s={search_term_string}"},"query-input":{"@type":"PropertyValueSpecification","valueRequired":true,"valueName":"search_term_string"}}],"inLanguage":"nl-NL"},{"@type":"Organization","@id":"https:\/\/www.univ-guyane.fr\/#organization","name":"Universiteit van Guyana","alternateName":"UG","url":"https:\/\/www.univ-guyane.fr\/","logo":{"@type":"ImageObject","inLanguage":"nl-NL","@id":"https:\/\/www.univ-guyane.fr\/#\/schema\/logo\/image\/","url":"https:\/\/www.univ-guyane.fr\/wp-content\/uploads\/2024\/05\/f.png","contentUrl":"https:\/\/www.univ-guyane.fr\/wp-content\/uploads\/2024\/05\/f.png","width":1024,"height":1024,"caption":"Universit\u00e9 de Guyane"},"image":{"@id":"https:\/\/www.univ-guyane.fr\/#\/schema\/logo\/image\/"},"sameAs":["https:\/\/www.facebook.com\/univguyane","https:\/\/x.com\/univguyane","https:\/\/gf.linkedin.com\/school\/universite-de-guyane\/","https:\/\/www.instagram.com\/univ_guyane\/"]},{"@type":"Person","@id":"https:\/\/www.univ-guyane.fr\/#\/schema\/person\/86d946a28a8be51bb096ccfdf19db179","name":"Erick Loiti\u00e8re","image":{"@type":"ImageObject","inLanguage":"nl-NL","@id":"https:\/\/secure.gravatar.com\/avatar\/0584f332103fbeaf37e52c73b15dca3c547fd9300deb05764e9ad8714839d072?s=96&d=robohash&r=g","url":"https:\/\/secure.gravatar.com\/avatar\/0584f332103fbeaf37e52c73b15dca3c547fd9300deb05764e9ad8714839d072?s=96&d=robohash&r=g","contentUrl":"https:\/\/secure.gravatar.com\/avatar\/0584f332103fbeaf37e52c73b15dca3c547fd9300deb05764e9ad8714839d072?s=96&d=robohash&r=g","caption":"Erick Loiti\u00e8re"},"sameAs":["http:\/\/www.univ-guyane.fr"],"url":"https:\/\/www.univ-guyane.fr\/nl\/author\/eloitierdbz\/"}]}},"_links":{"self":[{"href":"https:\/\/www.univ-guyane.fr\/nl\/wp-json\/wp\/v2\/posts\/11116","targetHints":{"allow":["GET"]}}],"collection":[{"href":"https:\/\/www.univ-guyane.fr\/nl\/wp-json\/wp\/v2\/posts"}],"about":[{"href":"https:\/\/www.univ-guyane.fr\/nl\/wp-json\/wp\/v2\/types\/post"}],"author":[{"embeddable":true,"href":"https:\/\/www.univ-guyane.fr\/nl\/wp-json\/wp\/v2\/users\/1"}],"replies":[{"embeddable":true,"href":"https:\/\/www.univ-guyane.fr\/nl\/wp-json\/wp\/v2\/comments?post=11116"}],"version-history":[{"count":1,"href":"https:\/\/www.univ-guyane.fr\/nl\/wp-json\/wp\/v2\/posts\/11116\/revisions"}],"predecessor-version":[{"id":11118,"href":"https:\/\/www.univ-guyane.fr\/nl\/wp-json\/wp\/v2\/posts\/11116\/revisions\/11118"}],"wp:featuredmedia":[{"embeddable":true,"href":"https:\/\/www.univ-guyane.fr\/nl\/wp-json\/wp\/v2\/media\/11117"}],"wp:attachment":[{"href":"https:\/\/www.univ-guyane.fr\/nl\/wp-json\/wp\/v2\/media?parent=11116"}],"wp:term":[{"taxonomy":"category","embeddable":true,"href":"https:\/\/www.univ-guyane.fr\/nl\/wp-json\/wp\/v2\/categories?post=11116"},{"taxonomy":"post_tag","embeddable":true,"href":"https:\/\/www.univ-guyane.fr\/nl\/wp-json\/wp\/v2\/tags?post=11116"}],"curies":[{"name":"wp","href":"https:\/\/api.w.org\/{rel}","templated":true}]}}