{"id":11119,"date":"2024-11-26T11:20:09","date_gmt":"2024-11-26T14:20:09","guid":{"rendered":"https:\/\/www.univ-guyane.fr\/?p=11119"},"modified":"2024-11-26T11:20:09","modified_gmt":"2024-11-26T14:20:09","slug":"seminaire-se-deplacer-pour-habiter-et-dessiner-un-espace-mobile-en-arctique-inuit","status":"publish","type":"post","link":"https:\/\/www.univ-guyane.fr\/nl\/2024\/11\/26\/seminaire-se-deplacer-pour-habiter-et-dessiner-un-espace-mobile-en-arctique-inuit\/","title":{"rendered":"Seminar: Verhuizen naar het bewonen en ontwerpen van een mobiele ruimte in het Inuit Arctisch gebied"},"content":{"rendered":"<div id=\"fws_69f1955612c21\"  data-column-margin=\"default\" data-midnight=\"dark\"  class=\"wpb_row vc_row-fluid vc_row\"  style=\"padding-top: 0px; padding-bottom: 0px; \"><div class=\"row-bg-wrap\" data-bg-animation=\"none\" data-bg-animation-delay=\"\" data-bg-overlay=\"false\"><div class=\"inner-wrap row-bg-layer\" ><div class=\"row-bg viewport-desktop\"  style=\"\"><\/div><\/div><\/div><div class=\"row_col_wrap_12 col span_12 dark left\">\n\t<div  class=\"vc_col-sm-12 wpb_column column_container vc_column_container col no-extra-padding inherit_tablet inherit_phone\"  data-padding-pos=\"all\" data-has-bg-color=\"false\" data-bg-color=\"\" data-bg-opacity=\"1\" data-animation=\"\" data-delay=\"0\" >\n\t\t<div class=\"vc_column-inner\" >\n\t\t\t<div class=\"wpb_wrapper\">\n\t\t\t\t\n<div class=\"wpb_text_column wpb_content_element  chapo\" >\n\t<h2>De Universit\u00e9 de Guyane nodigt u uit voor een seminar onder leiding van B\u00e9atrice Collignon. Het doel is om te onderzoeken hoe de Inuit van de Canadese Noordpool, door hun nomadische praktijken en voorouderlijke kennis, de notie van territorium herdefini\u00ebren.<\/h2>\n<\/div>\n\n\n\n\n<div class=\"wpb_text_column wpb_content_element\" >\n\t<p>Op dinsdag 10 december 2024, van 18u tot 20u, organiseert de Universiteit van Guyana een nieuwe editie van haar seminarie \"Grenzen, Circulaties, Interculturaliteiten en Mens-Milieu Interacties\". Tijdens dit evenement zal B\u00e9atrice Collignon, geografe aan de Universit\u00e9 Bordeaux Montaigne en lid van de UMR Passages, de nomadische geografie van de Inuit van de Canadese Noordpool bespreken.<\/p>\n<p><strong>Een gebied voor beweging, niet voor bezetting<\/strong><\/p>\n<p>Voor de Inuit van het Canadese Noordpoolgebied wordt het land gezien als een mobiele ruimte. Het is geen statische plaats van bewoning, maar een netwerk van beweging. Sinds de jaren 1950 heeft sedentarisatie, als gevolg van zowel overheidsbeleid als individuele keuzes, hun ruimtelijke organisatie veranderd. De 42 Inuit dorpen (met uitzondering van Nunatsiavut in Labrador) zijn nu centrale punten van waaruit mensen heen en weer reizen.<\/p>\n<p>Het territorium van de Inuit blijft echter polytopic. Hoewel de ruimtelijke structuren zijn veranderd, is de matrix van hun begrip van de wereld, die hun acties stuurt, stabiel gebleven. Deze matrix weerspiegelt een manier van denken die diep geworteld is in hun cultuur.<\/p>\n<p><strong>Inuit qaujimajatuqangit: levende kennis<\/strong><\/p>\n<p>De kern van deze matrix is een term die in de jaren 1990 werd bedacht: Inuit qaujimajatuqangit, wat betekent \"de kennis die de Inuit aan elkaar hebben doorgegeven en die vandaag de dag nog steeds relevant is\". Deze kennis bestaat uit observaties en ervaringen die al generaties lang worden doorgegeven. Het is gebaseerd op 'ervaringen uit de eerste hand', geworteld in een taal en cultuur die het begrip en het handelen van de Inuit structureren.<\/p>\n<p><strong>Het begrip territorium herzien<\/strong><\/p>\n<p>Aan de hand van dit Inuit-voorbeeld kunnen we het begrip territorium heroverwegen. Nomadische geografie\u00ebn benadrukken het idee van mobiele ruimte (een concept ontwikkeld door Denis Retaill\u00e9). In plaats van een vaste ruimte zijn deze territoria dynamisch, gevormd door de bewegingen en verbanden die ze aangaan.<\/p>\n<p>B\u00e9atrice Collignon is geograaf, professor aan de Universit\u00e9 Bordeaux Montaigne en lid van de UMR Passages. Haar werk richt zich op geografische kennis, zowel inheemse als wetenschappelijke, te beginnen met een benadering gebaseerd op de geografische kennis van de Inuit van het Canadese Noordpoolgebied en uit te breiden naar de ontologie\u00ebn van inheemse volkeren. Ze was al vroeg ge\u00efnteresseerd in onderzoeksethiek en is betrokken bij het maken van onderzoeksfilms (in videoformaat), die worden gebruikt als hulpmiddelen, een alternatieve vorm van wetenschappelijk schrijven, een manier om onderzoek te verspreiden en een onderwijspraktijk.<\/p>\n<p>Sinds 2022 is het betrokken bij het project ANR Spherographia, geleid door Matthieu Noucher (UMR Passages), waarvan een van de projecten een reizende tentoonstelling is waarvan de eerste installatie op 28 september werd ingehuldigd in Mana (loopt nog tot 12 december; volgende halte Val d'Or, in het Atikamekw-gebied - provincie Quebec, Canada, vanaf 11 april 2025).<\/p>\n<p><strong>Praktische informatie:<\/strong><\/p>\n<p>Datum: dinsdag 10 december 2024<br \/>\nRooster: 18.00 - 20.00 uur<br \/>\nPlaats: Amphi C, Universiteit van Guyana<\/p>\n<\/div>\n\n\n\n\n\t\t\t<\/div> \n\t\t<\/div>\n\t<\/div> \n<\/div><\/div>","protected":false},"excerpt":{"rendered":"De Universiteit van Guyana nodigt u uit voor een seminar onder leiding van B\u00e9atrice Collignon. Het doel is om te onderzoeken hoe...","protected":false},"author":1,"featured_media":11120,"comment_status":"closed","ping_status":"open","sticky":false,"template":"","format":"standard","meta":{"iawp_total_views":56,"footnotes":""},"categories":[156],"tags":[],"class_list":{"0":"post-11119","1":"post","2":"type-post","3":"status-publish","4":"format-standard","5":"has-post-thumbnail","7":"category-campus"},"yoast_head":"<!-- This site is optimized with the Yoast SEO plugin v27.5 - https:\/\/yoast.com\/product\/yoast-seo-wordpress\/ -->\n<title>S\u00e9minaire : Se d\u00e9placer pour habiter et dessiner un espace mobile en Arctique inuit &#8212; Universit\u00e9 de Guyane<\/title>\n<meta name=\"description\" content=\"Explorez les territoires de circulation des Inuit de l&#039;Arctique canadien lors d&#039;un s\u00e9minaire sur les fronti\u00e8res \u00e0 l&#039;Universit\u00e9 de Guyane.\" \/>\n<meta name=\"robots\" content=\"index, follow, max-snippet:-1, max-image-preview:large, max-video-preview:-1\" \/>\n<link rel=\"canonical\" href=\"https:\/\/www.univ-guyane.fr\/nl\/2024\/11\/26\/seminaire-se-deplacer-pour-habiter-et-dessiner-un-espace-mobile-en-arctique-inuit\/\" \/>\n<meta property=\"og:locale\" content=\"nl_NL\" \/>\n<meta property=\"og:type\" content=\"article\" \/>\n<meta property=\"og:title\" content=\"S\u00e9minaire : Se d\u00e9placer pour habiter et dessiner un espace mobile en Arctique inuit &#8212; Universit\u00e9 de Guyane\" \/>\n<meta property=\"og:description\" content=\"Explorez les territoires de circulation des Inuit de l&#039;Arctique canadien lors d&#039;un s\u00e9minaire sur les fronti\u00e8res \u00e0 l&#039;Universit\u00e9 de Guyane.\" \/>\n<meta property=\"og:url\" content=\"https:\/\/www.univ-guyane.fr\/nl\/2024\/11\/26\/seminaire-se-deplacer-pour-habiter-et-dessiner-un-espace-mobile-en-arctique-inuit\/\" \/>\n<meta property=\"og:site_name\" content=\"Universit\u00e9 de Guyane\" \/>\n<meta property=\"article:publisher\" content=\"https:\/\/www.facebook.com\/univguyane\" \/>\n<meta property=\"article:published_time\" content=\"2024-11-26T14:20:09+00:00\" \/>\n<meta property=\"og:image\" content=\"https:\/\/www.univ-guyane.fr\/wp-content\/uploads\/seminaire-frontiere.jpg\" \/>\n\t<meta property=\"og:image:width\" content=\"1920\" \/>\n\t<meta property=\"og:image:height\" content=\"1080\" \/>\n\t<meta property=\"og:image:type\" content=\"image\/jpeg\" \/>\n<meta name=\"author\" content=\"Erick Loiti\u00e8re\" \/>\n<meta name=\"twitter:card\" content=\"summary_large_image\" \/>\n<meta name=\"twitter:creator\" content=\"@univguyane\" \/>\n<meta name=\"twitter:site\" content=\"@univguyane\" \/>\n<meta name=\"twitter:label1\" content=\"Geschreven door\" \/>\n\t<meta name=\"twitter:data1\" content=\"Erick Loiti\u00e8re\" \/>\n\t<meta name=\"twitter:label2\" content=\"Geschatte leestijd\" \/>\n\t<meta name=\"twitter:data2\" content=\"3 minuten\" \/>\n<script type=\"application\/ld+json\" class=\"yoast-schema-graph\">{\"@context\":\"https:\\\/\\\/schema.org\",\"@graph\":[{\"@type\":\"Article\",\"@id\":\"https:\\\/\\\/www.univ-guyane.fr\\\/2024\\\/11\\\/26\\\/seminaire-se-deplacer-pour-habiter-et-dessiner-un-espace-mobile-en-arctique-inuit\\\/#article\",\"isPartOf\":{\"@id\":\"https:\\\/\\\/www.univ-guyane.fr\\\/2024\\\/11\\\/26\\\/seminaire-se-deplacer-pour-habiter-et-dessiner-un-espace-mobile-en-arctique-inuit\\\/\"},\"author\":{\"name\":\"Erick Loiti\u00e8re\",\"@id\":\"https:\\\/\\\/www.univ-guyane.fr\\\/#\\\/schema\\\/person\\\/86d946a28a8be51bb096ccfdf19db179\"},\"headline\":\"S\u00e9minaire : Se d\u00e9placer pour habiter et dessiner un espace mobile en Arctique inuit\",\"datePublished\":\"2024-11-26T14:20:09+00:00\",\"mainEntityOfPage\":{\"@id\":\"https:\\\/\\\/www.univ-guyane.fr\\\/2024\\\/11\\\/26\\\/seminaire-se-deplacer-pour-habiter-et-dessiner-un-espace-mobile-en-arctique-inuit\\\/\"},\"wordCount\":744,\"publisher\":{\"@id\":\"https:\\\/\\\/www.univ-guyane.fr\\\/#organization\"},\"image\":{\"@id\":\"https:\\\/\\\/www.univ-guyane.fr\\\/2024\\\/11\\\/26\\\/seminaire-se-deplacer-pour-habiter-et-dessiner-un-espace-mobile-en-arctique-inuit\\\/#primaryimage\"},\"thumbnailUrl\":\"https:\\\/\\\/www.univ-guyane.fr\\\/wp-content\\\/uploads\\\/seminaire-frontiere.jpg\",\"articleSection\":[\"\u2022\u00a0Campus\"],\"inLanguage\":\"nl-NL\"},{\"@type\":\"WebPage\",\"@id\":\"https:\\\/\\\/www.univ-guyane.fr\\\/2024\\\/11\\\/26\\\/seminaire-se-deplacer-pour-habiter-et-dessiner-un-espace-mobile-en-arctique-inuit\\\/\",\"url\":\"https:\\\/\\\/www.univ-guyane.fr\\\/2024\\\/11\\\/26\\\/seminaire-se-deplacer-pour-habiter-et-dessiner-un-espace-mobile-en-arctique-inuit\\\/\",\"name\":\"S\u00e9minaire : Se d\u00e9placer pour habiter et dessiner un espace mobile en Arctique inuit &#8212; Universit\u00e9 de Guyane\",\"isPartOf\":{\"@id\":\"https:\\\/\\\/www.univ-guyane.fr\\\/#website\"},\"primaryImageOfPage\":{\"@id\":\"https:\\\/\\\/www.univ-guyane.fr\\\/2024\\\/11\\\/26\\\/seminaire-se-deplacer-pour-habiter-et-dessiner-un-espace-mobile-en-arctique-inuit\\\/#primaryimage\"},\"image\":{\"@id\":\"https:\\\/\\\/www.univ-guyane.fr\\\/2024\\\/11\\\/26\\\/seminaire-se-deplacer-pour-habiter-et-dessiner-un-espace-mobile-en-arctique-inuit\\\/#primaryimage\"},\"thumbnailUrl\":\"https:\\\/\\\/www.univ-guyane.fr\\\/wp-content\\\/uploads\\\/seminaire-frontiere.jpg\",\"datePublished\":\"2024-11-26T14:20:09+00:00\",\"description\":\"Explorez les territoires de circulation des Inuit de l'Arctique canadien lors d'un s\u00e9minaire sur les fronti\u00e8res \u00e0 l'Universit\u00e9 de Guyane.\",\"breadcrumb\":{\"@id\":\"https:\\\/\\\/www.univ-guyane.fr\\\/2024\\\/11\\\/26\\\/seminaire-se-deplacer-pour-habiter-et-dessiner-un-espace-mobile-en-arctique-inuit\\\/#breadcrumb\"},\"inLanguage\":\"nl-NL\",\"potentialAction\":[{\"@type\":\"ReadAction\",\"target\":[\"https:\\\/\\\/www.univ-guyane.fr\\\/2024\\\/11\\\/26\\\/seminaire-se-deplacer-pour-habiter-et-dessiner-un-espace-mobile-en-arctique-inuit\\\/\"]}]},{\"@type\":\"ImageObject\",\"inLanguage\":\"nl-NL\",\"@id\":\"https:\\\/\\\/www.univ-guyane.fr\\\/2024\\\/11\\\/26\\\/seminaire-se-deplacer-pour-habiter-et-dessiner-un-espace-mobile-en-arctique-inuit\\\/#primaryimage\",\"url\":\"https:\\\/\\\/www.univ-guyane.fr\\\/wp-content\\\/uploads\\\/seminaire-frontiere.jpg\",\"contentUrl\":\"https:\\\/\\\/www.univ-guyane.fr\\\/wp-content\\\/uploads\\\/seminaire-frontiere.jpg\",\"width\":1920,\"height\":1080},{\"@type\":\"BreadcrumbList\",\"@id\":\"https:\\\/\\\/www.univ-guyane.fr\\\/2024\\\/11\\\/26\\\/seminaire-se-deplacer-pour-habiter-et-dessiner-un-espace-mobile-en-arctique-inuit\\\/#breadcrumb\",\"itemListElement\":[{\"@type\":\"ListItem\",\"position\":1,\"name\":\"Accueil\",\"item\":\"https:\\\/\\\/www.univ-guyane.fr\\\/\"},{\"@type\":\"ListItem\",\"position\":2,\"name\":\"S\u00e9minaire : Se d\u00e9placer pour habiter et dessiner un espace mobile en Arctique inuit\"}]},{\"@type\":\"WebSite\",\"@id\":\"https:\\\/\\\/www.univ-guyane.fr\\\/#website\",\"url\":\"https:\\\/\\\/www.univ-guyane.fr\\\/\",\"name\":\"Universit\u00e9 de Guyane\",\"description\":\"Au c\u0153ur de l&#039;amazonie\",\"publisher\":{\"@id\":\"https:\\\/\\\/www.univ-guyane.fr\\\/#organization\"},\"alternateName\":\"UG\",\"potentialAction\":[{\"@type\":\"SearchAction\",\"target\":{\"@type\":\"EntryPoint\",\"urlTemplate\":\"https:\\\/\\\/www.univ-guyane.fr\\\/?s={search_term_string}\"},\"query-input\":{\"@type\":\"PropertyValueSpecification\",\"valueRequired\":true,\"valueName\":\"search_term_string\"}}],\"inLanguage\":\"nl-NL\"},{\"@type\":\"Organization\",\"@id\":\"https:\\\/\\\/www.univ-guyane.fr\\\/#organization\",\"name\":\"Universit\u00e9 de Guyane\",\"alternateName\":\"UG\",\"url\":\"https:\\\/\\\/www.univ-guyane.fr\\\/\",\"logo\":{\"@type\":\"ImageObject\",\"inLanguage\":\"nl-NL\",\"@id\":\"https:\\\/\\\/www.univ-guyane.fr\\\/#\\\/schema\\\/logo\\\/image\\\/\",\"url\":\"https:\\\/\\\/www.univ-guyane.fr\\\/wp-content\\\/uploads\\\/2024\\\/05\\\/f.png\",\"contentUrl\":\"https:\\\/\\\/www.univ-guyane.fr\\\/wp-content\\\/uploads\\\/2024\\\/05\\\/f.png\",\"width\":1024,\"height\":1024,\"caption\":\"Universit\u00e9 de Guyane\"},\"image\":{\"@id\":\"https:\\\/\\\/www.univ-guyane.fr\\\/#\\\/schema\\\/logo\\\/image\\\/\"},\"sameAs\":[\"https:\\\/\\\/www.facebook.com\\\/univguyane\",\"https:\\\/\\\/x.com\\\/univguyane\",\"https:\\\/\\\/gf.linkedin.com\\\/school\\\/universite-de-guyane\\\/\",\"https:\\\/\\\/www.instagram.com\\\/univ_guyane\\\/\"]},{\"@type\":\"Person\",\"@id\":\"https:\\\/\\\/www.univ-guyane.fr\\\/#\\\/schema\\\/person\\\/86d946a28a8be51bb096ccfdf19db179\",\"name\":\"Erick Loiti\u00e8re\",\"image\":{\"@type\":\"ImageObject\",\"inLanguage\":\"nl-NL\",\"@id\":\"https:\\\/\\\/secure.gravatar.com\\\/avatar\\\/0584f332103fbeaf37e52c73b15dca3c547fd9300deb05764e9ad8714839d072?s=96&d=robohash&r=g\",\"url\":\"https:\\\/\\\/secure.gravatar.com\\\/avatar\\\/0584f332103fbeaf37e52c73b15dca3c547fd9300deb05764e9ad8714839d072?s=96&d=robohash&r=g\",\"contentUrl\":\"https:\\\/\\\/secure.gravatar.com\\\/avatar\\\/0584f332103fbeaf37e52c73b15dca3c547fd9300deb05764e9ad8714839d072?s=96&d=robohash&r=g\",\"caption\":\"Erick Loiti\u00e8re\"},\"sameAs\":[\"http:\\\/\\\/www.univ-guyane.fr\"],\"url\":\"https:\\\/\\\/www.univ-guyane.fr\\\/nl\\\/author\\\/eloitierdbz\\\/\"}]}<\/script>\n<!-- \/ Yoast SEO plugin. -->","yoast_head_json":{"title":"Seminar: Bewegen om een mobiele ruimte te bewonen en te ontwerpen in het Inuit Arctisch gebied - Universit\u00e9 de Guyane","description":"Verken de bewegingsgebieden van de Inuit van het Canadese Noordpoolgebied tijdens een seminar over grenzen aan de Universiteit van Guyana.","robots":{"index":"index","follow":"follow","max-snippet":"max-snippet:-1","max-image-preview":"max-image-preview:large","max-video-preview":"max-video-preview:-1"},"canonical":"https:\/\/www.univ-guyane.fr\/nl\/2024\/11\/26\/seminaire-se-deplacer-pour-habiter-et-dessiner-un-espace-mobile-en-arctique-inuit\/","og_locale":"nl_NL","og_type":"article","og_title":"S\u00e9minaire : Se d\u00e9placer pour habiter et dessiner un espace mobile en Arctique inuit &#8212; Universit\u00e9 de Guyane","og_description":"Explorez les territoires de circulation des Inuit de l'Arctique canadien lors d'un s\u00e9minaire sur les fronti\u00e8res \u00e0 l'Universit\u00e9 de Guyane.","og_url":"https:\/\/www.univ-guyane.fr\/nl\/2024\/11\/26\/seminaire-se-deplacer-pour-habiter-et-dessiner-un-espace-mobile-en-arctique-inuit\/","og_site_name":"Universit\u00e9 de Guyane","article_publisher":"https:\/\/www.facebook.com\/univguyane","article_published_time":"2024-11-26T14:20:09+00:00","og_image":[{"width":1920,"height":1080,"url":"https:\/\/www.univ-guyane.fr\/wp-content\/uploads\/seminaire-frontiere.jpg","type":"image\/jpeg"}],"author":"Erick Loiti\u00e8re","twitter_card":"summary_large_image","twitter_creator":"@univguyane","twitter_site":"@univguyane","twitter_misc":{"Geschreven door":"Erick Loiti\u00e8re","Geschatte leestijd":"3 minuten"},"schema":{"@context":"https:\/\/schema.org","@graph":[{"@type":"Article","@id":"https:\/\/www.univ-guyane.fr\/2024\/11\/26\/seminaire-se-deplacer-pour-habiter-et-dessiner-un-espace-mobile-en-arctique-inuit\/#article","isPartOf":{"@id":"https:\/\/www.univ-guyane.fr\/2024\/11\/26\/seminaire-se-deplacer-pour-habiter-et-dessiner-un-espace-mobile-en-arctique-inuit\/"},"author":{"name":"Erick Loiti\u00e8re","@id":"https:\/\/www.univ-guyane.fr\/#\/schema\/person\/86d946a28a8be51bb096ccfdf19db179"},"headline":"S\u00e9minaire : Se d\u00e9placer pour habiter et dessiner un espace mobile en Arctique inuit","datePublished":"2024-11-26T14:20:09+00:00","mainEntityOfPage":{"@id":"https:\/\/www.univ-guyane.fr\/2024\/11\/26\/seminaire-se-deplacer-pour-habiter-et-dessiner-un-espace-mobile-en-arctique-inuit\/"},"wordCount":744,"publisher":{"@id":"https:\/\/www.univ-guyane.fr\/#organization"},"image":{"@id":"https:\/\/www.univ-guyane.fr\/2024\/11\/26\/seminaire-se-deplacer-pour-habiter-et-dessiner-un-espace-mobile-en-arctique-inuit\/#primaryimage"},"thumbnailUrl":"https:\/\/www.univ-guyane.fr\/wp-content\/uploads\/seminaire-frontiere.jpg","articleSection":["\u2022\u00a0Campus"],"inLanguage":"nl-NL"},{"@type":"WebPage","@id":"https:\/\/www.univ-guyane.fr\/2024\/11\/26\/seminaire-se-deplacer-pour-habiter-et-dessiner-un-espace-mobile-en-arctique-inuit\/","url":"https:\/\/www.univ-guyane.fr\/2024\/11\/26\/seminaire-se-deplacer-pour-habiter-et-dessiner-un-espace-mobile-en-arctique-inuit\/","name":"Seminar: Bewegen om een mobiele ruimte te bewonen en te ontwerpen in het Inuit Arctisch gebied - Universit\u00e9 de Guyane","isPartOf":{"@id":"https:\/\/www.univ-guyane.fr\/#website"},"primaryImageOfPage":{"@id":"https:\/\/www.univ-guyane.fr\/2024\/11\/26\/seminaire-se-deplacer-pour-habiter-et-dessiner-un-espace-mobile-en-arctique-inuit\/#primaryimage"},"image":{"@id":"https:\/\/www.univ-guyane.fr\/2024\/11\/26\/seminaire-se-deplacer-pour-habiter-et-dessiner-un-espace-mobile-en-arctique-inuit\/#primaryimage"},"thumbnailUrl":"https:\/\/www.univ-guyane.fr\/wp-content\/uploads\/seminaire-frontiere.jpg","datePublished":"2024-11-26T14:20:09+00:00","description":"Verken de bewegingsgebieden van de Inuit van het Canadese Noordpoolgebied tijdens een seminar over grenzen aan de Universiteit van Guyana.","breadcrumb":{"@id":"https:\/\/www.univ-guyane.fr\/2024\/11\/26\/seminaire-se-deplacer-pour-habiter-et-dessiner-un-espace-mobile-en-arctique-inuit\/#breadcrumb"},"inLanguage":"nl-NL","potentialAction":[{"@type":"ReadAction","target":["https:\/\/www.univ-guyane.fr\/2024\/11\/26\/seminaire-se-deplacer-pour-habiter-et-dessiner-un-espace-mobile-en-arctique-inuit\/"]}]},{"@type":"ImageObject","inLanguage":"nl-NL","@id":"https:\/\/www.univ-guyane.fr\/2024\/11\/26\/seminaire-se-deplacer-pour-habiter-et-dessiner-un-espace-mobile-en-arctique-inuit\/#primaryimage","url":"https:\/\/www.univ-guyane.fr\/wp-content\/uploads\/seminaire-frontiere.jpg","contentUrl":"https:\/\/www.univ-guyane.fr\/wp-content\/uploads\/seminaire-frontiere.jpg","width":1920,"height":1080},{"@type":"BreadcrumbList","@id":"https:\/\/www.univ-guyane.fr\/2024\/11\/26\/seminaire-se-deplacer-pour-habiter-et-dessiner-un-espace-mobile-en-arctique-inuit\/#breadcrumb","itemListElement":[{"@type":"ListItem","position":1,"name":"Accueil","item":"https:\/\/www.univ-guyane.fr\/"},{"@type":"ListItem","position":2,"name":"S\u00e9minaire : Se d\u00e9placer pour habiter et dessiner un espace mobile en Arctique inuit"}]},{"@type":"WebSite","@id":"https:\/\/www.univ-guyane.fr\/#website","url":"https:\/\/www.univ-guyane.fr\/","name":"Universiteit van Guyana","description":"In het hart van Amazonia","publisher":{"@id":"https:\/\/www.univ-guyane.fr\/#organization"},"alternateName":"UG","potentialAction":[{"@type":"SearchAction","target":{"@type":"EntryPoint","urlTemplate":"https:\/\/www.univ-guyane.fr\/?s={search_term_string}"},"query-input":{"@type":"PropertyValueSpecification","valueRequired":true,"valueName":"search_term_string"}}],"inLanguage":"nl-NL"},{"@type":"Organization","@id":"https:\/\/www.univ-guyane.fr\/#organization","name":"Universiteit van Guyana","alternateName":"UG","url":"https:\/\/www.univ-guyane.fr\/","logo":{"@type":"ImageObject","inLanguage":"nl-NL","@id":"https:\/\/www.univ-guyane.fr\/#\/schema\/logo\/image\/","url":"https:\/\/www.univ-guyane.fr\/wp-content\/uploads\/2024\/05\/f.png","contentUrl":"https:\/\/www.univ-guyane.fr\/wp-content\/uploads\/2024\/05\/f.png","width":1024,"height":1024,"caption":"Universit\u00e9 de Guyane"},"image":{"@id":"https:\/\/www.univ-guyane.fr\/#\/schema\/logo\/image\/"},"sameAs":["https:\/\/www.facebook.com\/univguyane","https:\/\/x.com\/univguyane","https:\/\/gf.linkedin.com\/school\/universite-de-guyane\/","https:\/\/www.instagram.com\/univ_guyane\/"]},{"@type":"Person","@id":"https:\/\/www.univ-guyane.fr\/#\/schema\/person\/86d946a28a8be51bb096ccfdf19db179","name":"Erick Loiti\u00e8re","image":{"@type":"ImageObject","inLanguage":"nl-NL","@id":"https:\/\/secure.gravatar.com\/avatar\/0584f332103fbeaf37e52c73b15dca3c547fd9300deb05764e9ad8714839d072?s=96&d=robohash&r=g","url":"https:\/\/secure.gravatar.com\/avatar\/0584f332103fbeaf37e52c73b15dca3c547fd9300deb05764e9ad8714839d072?s=96&d=robohash&r=g","contentUrl":"https:\/\/secure.gravatar.com\/avatar\/0584f332103fbeaf37e52c73b15dca3c547fd9300deb05764e9ad8714839d072?s=96&d=robohash&r=g","caption":"Erick Loiti\u00e8re"},"sameAs":["http:\/\/www.univ-guyane.fr"],"url":"https:\/\/www.univ-guyane.fr\/nl\/author\/eloitierdbz\/"}]}},"_links":{"self":[{"href":"https:\/\/www.univ-guyane.fr\/nl\/wp-json\/wp\/v2\/posts\/11119","targetHints":{"allow":["GET"]}}],"collection":[{"href":"https:\/\/www.univ-guyane.fr\/nl\/wp-json\/wp\/v2\/posts"}],"about":[{"href":"https:\/\/www.univ-guyane.fr\/nl\/wp-json\/wp\/v2\/types\/post"}],"author":[{"embeddable":true,"href":"https:\/\/www.univ-guyane.fr\/nl\/wp-json\/wp\/v2\/users\/1"}],"replies":[{"embeddable":true,"href":"https:\/\/www.univ-guyane.fr\/nl\/wp-json\/wp\/v2\/comments?post=11119"}],"version-history":[{"count":2,"href":"https:\/\/www.univ-guyane.fr\/nl\/wp-json\/wp\/v2\/posts\/11119\/revisions"}],"predecessor-version":[{"id":11122,"href":"https:\/\/www.univ-guyane.fr\/nl\/wp-json\/wp\/v2\/posts\/11119\/revisions\/11122"}],"wp:featuredmedia":[{"embeddable":true,"href":"https:\/\/www.univ-guyane.fr\/nl\/wp-json\/wp\/v2\/media\/11120"}],"wp:attachment":[{"href":"https:\/\/www.univ-guyane.fr\/nl\/wp-json\/wp\/v2\/media?parent=11119"}],"wp:term":[{"taxonomy":"category","embeddable":true,"href":"https:\/\/www.univ-guyane.fr\/nl\/wp-json\/wp\/v2\/categories?post=11119"},{"taxonomy":"post_tag","embeddable":true,"href":"https:\/\/www.univ-guyane.fr\/nl\/wp-json\/wp\/v2\/tags?post=11119"}],"curies":[{"name":"wp","href":"https:\/\/api.w.org\/{rel}","templated":true}]}}