{"id":11652,"date":"2024-12-17T10:30:06","date_gmt":"2024-12-17T13:30:06","guid":{"rendered":"https:\/\/www.univ-guyane.fr\/?p=11652"},"modified":"2024-12-17T10:34:47","modified_gmt":"2024-12-17T13:34:47","slug":"deuxieme-rencontre-des-etudiants-et-des-enseignants-de-sciences-humaines-et-sociales-unifap-ug","status":"publish","type":"post","link":"https:\/\/www.univ-guyane.fr\/nl\/2024\/12\/17\/deuxieme-rencontre-des-etudiants-et-des-enseignants-de-sciences-humaines-et-sociales-unifap-ug\/","title":{"rendered":"Tweede bijeenkomst van studenten en docenten geesteswetenschappen en sociale wetenschappen UNIFAP-UG"},"content":{"rendered":"<div id=\"fws_69f20bd04eb5e\"  data-column-margin=\"default\" data-midnight=\"dark\"  class=\"wpb_row vc_row-fluid vc_row\"  style=\"padding-top: 0px; padding-bottom: 0px; \"><div class=\"row-bg-wrap\" data-bg-animation=\"none\" data-bg-animation-delay=\"\" data-bg-overlay=\"false\"><div class=\"inner-wrap row-bg-layer\" ><div class=\"row-bg viewport-desktop\"  style=\"\"><\/div><\/div><\/div><div class=\"row_col_wrap_12 col span_12 dark left\">\n\t<div  class=\"vc_col-sm-12 wpb_column column_container vc_column_container col no-extra-padding inherit_tablet inherit_phone\"  data-padding-pos=\"all\" data-has-bg-color=\"false\" data-bg-color=\"\" data-bg-opacity=\"1\" data-animation=\"\" data-delay=\"0\" >\n\t\t<div class=\"vc_column-inner\" >\n\t\t\t<div class=\"wpb_wrapper\">\n\t\t\t\t<div id=\"fws_69f20bd04f00c\" data-midnight=\"\" data-column-margin=\"default\" class=\"wpb_row vc_row-fluid vc_row inner_row\"  style=\"\"><div class=\"row-bg-wrap\"> <div class=\"row-bg\" ><\/div> <\/div><div class=\"row_col_wrap_12_inner col span_12  left\">\n\t<div style=\"margin-top: -40px; \" class=\"vc_col-sm-12 wpb_column column_container vc_column_container col child_column neg-marg no-extra-padding inherit_tablet inherit_phone\"   data-padding-pos=\"all\" data-has-bg-color=\"false\" data-bg-color=\"\" data-bg-opacity=\"1\" data-animation=\"\" data-delay=\"0\" >\n\t\t<div class=\"vc_column-inner\" >\n\t\t<div class=\"wpb_wrapper\">\n\t\t\t\n<div class=\"wpb_text_column wpb_content_element\" >\n\t<p style=\"text-align: center;\"><em>foto Hartmut Ziche<\/em><\/p>\n<\/div>\n\n\n\n\n\t\t<\/div> \n\t<\/div>\n\t<\/div> \n<\/div><\/div>\n<div class=\"wpb_text_column wpb_content_element  chapo\" >\n\t<h2>De 2e UNIFAP-UG bijeenkomst van studenten en docenten in de geesteswetenschappen en sociale wetenschappen, die van 13 tot 15 november 2024 werd gehouden in Oiapoque, bracht meer dan honderd deelnemers bij elkaar om de samenwerking tussen de Universiteit van Guyana en UNIFAP rond hedendaagse sociale wetenschappen te versterken.<\/h2>\n<\/div>\n\n\n\n\n<div class=\"wpb_text_column wpb_content_element\" >\n\t<h3>Nauwere academische samenwerking<\/h3>\n<p>De 2e UNIFAP-UG bijeenkomst van studenten en docenten geesteswetenschappen en sociale wetenschappen werd gehouden van 13 tot 15 november 2024 op de UNIFAP Binational Campus in Oiapoque. Het driedaagse evenement bracht meer dan honderd docenten, studenten en administratief personeel van de twee universiteiten samen voor een symposium over verschillende thema's in de hedendaagse sociale wetenschappen. De focus lag op onderzoek en onderwijspraktijken in zogenaamde 'perifere' universiteiten, zowel in de Europese Unie als in Brazili\u00eb, zonder het algemene onderzoek te verwaarlozen.<\/p>\n<p>Na een voorbereidende bijeenkomst in Oiapoque in april 2024 werd deze tweede editie gezamenlijk georganiseerd door Lucin\u00e9ia Alves dos Santos (UNIFAP) en Mabiane Batista Fran\u00e7a (UG). Een gezamenlijk wetenschappelijk en organiserend comit\u00e9 voor de conferentie werd gevormd door academici van beide instellingen:<\/p>\n<ul>\n<li><strong>UNIFAP<\/strong>\u00a0Evilania Bento da Cunha, Luis Carlos de Santana, Eduardo Margarit, S\u00e2mella Paungartten, Bianca Beatriz Roqu\u00e9 en Rafael Santos.<\/li>\n<li><strong>UG<\/strong>\u00a0Satenik Bagdasarova, Or\u00eba Garde-Le Bretton, Corinne Le Sergent, Nicola Todorov en Hartmut Ziche.<\/li>\n<\/ul>\n<h3><strong>Een plechtige opening en nauwere samenwerking<\/strong><\/h3>\n<p>Het symposium begon op 13 november met een offici\u00eble openingsceremonie, met toespraken van Weverton Sousa Matos, administratief medewerker, en Francisco Ot\u00e1vio Landim Neto, academisch directeur, van de campus Oiapoque. Aan de kant van de Universiteit van Guyana nam de vicevoorzitter voor internationale betrekkingen, Rosuel Lima-Pereira, het woord.<\/p>\n<p>De vertegenwoordigers van de twee universiteiten spraken hun tevredenheid uit over de omvang van deze tweede bijeenkomst, die de eerste editie in 2023 overtrof. Ze benadrukten het belang van samenwerking tussen twee naburige instellingen, gescheiden door een grens maar met vergelijkbare uitdagingen en ambities in hun respectieve academische context.<\/p>\n<h3>Inspirerende workshops en rondetafelgesprekken<\/h3>\n<p>Met de nadruk op multidisciplinariteit en academische inclusiviteit in de geestes- en sociale wetenschappen - met papers van zowel docerende als studerende onderzoekers - begon de conferentie met een inaugurele rondetafel over het thema 'Geschiedenis en Literatuur', die de basis legde voor stimulerende uitwisselingen.<\/p>\n<p>De tweede dag stond in het teken van drie thematische workshops op het gebied van literair en taalkundig onderzoek, geografie en onderwijswetenschappen.<strong>. <\/strong>Deze workshops stelden de deelnemers in staat om kwesties met betrekking tot de geesteswetenschappen en sociale wetenschappen in een regionale en internationale context te bespreken. De dag werd afgesloten met een dubbelseminar over literatuur en lingu\u00efstiek, waarin het onderzoekswerk van studenten van beide faculteiten werd gepresenteerd: Rayana Paranatinga Gomes, Joyce Felipe Anika en Florian Porfal.<\/p>\n<p>De laatste dag, 15 november, werd geopend met nog een dubbel seminar, gericht op regionale geografie en de presentatie van studentenonderzoek. Deze sessie bood Fernando Brito, Kyliannn Costrowa, Rosimere Guedes, Joselma Mendes, Mary Jane Santos en Ant\u00f4nio Silva de gelegenheid om hun werk te presenteren en van gedachten te wisselen met academici met verschillende achtergronden.<\/p>\n<h3>Een noodzakelijke en veelbelovende samenwerking<\/h3>\n<p>De campus Oiapoque van UNIFAP en de Universiteit van Guyana delen een ge\u00efsoleerde geografische ligging. Dit maakt de mobiliteit van studenten en personeel, essentieel voor onderzoek en universitaire studies, erg kostbaar. Tegen deze achtergrond willen de twee instellingen hun samenwerking versterken om gemeenschappelijke uitdagingen op het gebied van onderwijs, leren en onderzoek aan te gaan. Voor veel studenten was het colloquium een eerste kans om een dialoog aan te gaan met buitenlandse academici, nieuwe academische benaderingen te ontdekken en zich volledig ge\u00efntegreerd te voelen in een internationale academische gemeenschap.<\/p>\n<p>Het symposium toonde eens te meer aan dat, ondanks geografische en financi\u00eble beperkingen, initiatieven zoals de <em>UNIFAP-UG bijeenkomst mens- en maatschappijwetenschappen<\/em> leveren een belangrijke bijdrage aan het verbreden van de academische horizon en consolideren grensoverschrijdende partnerschappen die essentieel zijn voor de ontwikkeling van het pan-Amazongebied.<\/p>\n<\/div>\n\n\n\n<div id=\"fws_69f20bd04f502\" data-midnight=\"\" data-column-margin=\"default\" class=\"wpb_row vc_row-fluid vc_row inner_row\"  style=\"\"><div class=\"row-bg-wrap\"> <div class=\"row-bg\" ><\/div> <\/div><div class=\"row_col_wrap_12_inner col span_12  left\">\n\t<div style=\"\" class=\"vc_col-sm-12 wpb_column column_container vc_column_container col child_column left_padding_desktop_30px top_padding_desktop_30px right_padding_desktop_30px bottom_padding_desktop_30px\"  data-using-bg=\"true\" data-border-radius=\"5px\" data-padding-pos=\"all\" data-has-bg-color=\"true\" data-bg-color=\"#f5f5f5\" data-bg-opacity=\"1\" data-animation=\"\" data-delay=\"0\" >\n\t\t<div class=\"vc_column-inner\" ><div class=\"column-bg-overlay-wrap column-bg-layer\" data-bg-animation=\"none\"><div class=\"column-bg-overlay\" style=\"opacity: 1; background-color: #f5f5f5;\"><\/div><\/div>\n\t\t<div class=\"wpb_wrapper\">\n\t\t\t\n<div class=\"wpb_text_column wpb_content_element\" >\n\t<p>Voor een volledig verslag van de conferentie, zie <a href=\"https:\/\/www.univ-guyane.fr\/nl\/ugfm\/?dir=docs%2Flsh%2Frapports%2F2024%2F2e-rencontre-des-etudiants-et-des-enseignants-de-sciences-humaines-et-sociales-UNIFAP-UG&amp;response=1\" target=\"_blank\" rel=\"noopener\">klik hier<\/a>. <strong><br \/>\n<\/strong>Voor een volledig verslag van de conferentie, zie <a href=\"https:\/\/www.univ-guyane.fr\/nl\/ugfm\/?dir=docs%2Flsh%2Frapports%2F2024%2F2e-rencontre-des-etudiants-et-des-enseignants-de-sciences-humaines-et-sociales-UNIFAP-UG&amp;response=1\" target=\"_blank\" rel=\"noopener\">klik hier<\/a>.<strong><br \/>\n<\/strong>Bekijk het volledige verslag van de conferentie op de website van UNIFAP, <a href=\"https:\/\/www.unifap.br\/campus-oiapoque-e-universite-guiane-realizam-ii-encontro-unifap-ug-de-ciencias-humanas-e-sociais\/\" target=\"_blank\" rel=\"noopener\">klik hier<\/a>.<\/p>\n<\/div>\n\n\n\n\n\t\t<\/div> \n\t<\/div>\n\t<\/div> \n<\/div><\/div>\n\t\t\t<\/div> \n\t\t<\/div>\n\t<\/div> \n<\/div><\/div>","protected":false},"excerpt":{"rendered":"foto Hartmut Ziche De 2e bijeenkomst van studenten en docenten geesteswetenschappen en sociale wetenschappen...","protected":false},"author":1,"featured_media":11653,"comment_status":"closed","ping_status":"open","sticky":false,"template":"","format":"standard","meta":{"iawp_total_views":74,"footnotes":""},"categories":[14],"tags":[],"class_list":{"0":"post-11652","1":"post","2":"type-post","3":"status-publish","4":"format-standard","5":"has-post-thumbnail","7":"category-lsh"},"yoast_head":"<!-- This site is optimized with the Yoast SEO plugin v27.5 - https:\/\/yoast.com\/product\/yoast-seo-wordpress\/ -->\n<title>Deuxi\u00e8me rencontre des \u00e9tudiants et des enseignants de sciences humaines et sociales UNIFAP-UG &#8212; Universit\u00e9 de Guyane<\/title>\n<meta name=\"robots\" content=\"index, follow, max-snippet:-1, max-image-preview:large, max-video-preview:-1\" \/>\n<link rel=\"canonical\" href=\"https:\/\/www.univ-guyane.fr\/nl\/2024\/12\/17\/deuxieme-rencontre-des-etudiants-et-des-enseignants-de-sciences-humaines-et-sociales-unifap-ug\/\" \/>\n<meta property=\"og:locale\" content=\"nl_NL\" \/>\n<meta property=\"og:type\" content=\"article\" \/>\n<meta property=\"og:title\" content=\"Deuxi\u00e8me rencontre des \u00e9tudiants et des enseignants de sciences humaines et sociales UNIFAP-UG &#8212; Universit\u00e9 de Guyane\" \/>\n<meta property=\"og:url\" content=\"https:\/\/www.univ-guyane.fr\/nl\/2024\/12\/17\/deuxieme-rencontre-des-etudiants-et-des-enseignants-de-sciences-humaines-et-sociales-unifap-ug\/\" \/>\n<meta property=\"og:site_name\" content=\"Universit\u00e9 de Guyane\" \/>\n<meta property=\"article:publisher\" content=\"https:\/\/www.facebook.com\/univguyane\" \/>\n<meta property=\"article:published_time\" content=\"2024-12-17T13:30:06+00:00\" \/>\n<meta property=\"article:modified_time\" content=\"2024-12-17T13:34:47+00:00\" \/>\n<meta property=\"og:image\" content=\"https:\/\/www.univ-guyane.fr\/wp-content\/uploads\/2e-rencontre-des-etudiants-et-des-enseignants-de-sciences-humaines-et-sociales-UNIFAP-UG.jpg\" \/>\n\t<meta property=\"og:image:width\" content=\"1920\" \/>\n\t<meta property=\"og:image:height\" content=\"1272\" \/>\n\t<meta property=\"og:image:type\" content=\"image\/jpeg\" \/>\n<meta name=\"author\" content=\"Erick Loiti\u00e8re\" \/>\n<meta name=\"twitter:card\" content=\"summary_large_image\" \/>\n<meta name=\"twitter:creator\" content=\"@univguyane\" \/>\n<meta name=\"twitter:site\" content=\"@univguyane\" \/>\n<meta name=\"twitter:label1\" content=\"Geschreven door\" \/>\n\t<meta name=\"twitter:data1\" content=\"Erick Loiti\u00e8re\" \/>\n\t<meta name=\"twitter:label2\" content=\"Geschatte leestijd\" \/>\n\t<meta name=\"twitter:data2\" content=\"4 minuten\" \/>\n<script type=\"application\/ld+json\" class=\"yoast-schema-graph\">{\"@context\":\"https:\\\/\\\/schema.org\",\"@graph\":[{\"@type\":\"Article\",\"@id\":\"https:\\\/\\\/www.univ-guyane.fr\\\/2024\\\/12\\\/17\\\/deuxieme-rencontre-des-etudiants-et-des-enseignants-de-sciences-humaines-et-sociales-unifap-ug\\\/#article\",\"isPartOf\":{\"@id\":\"https:\\\/\\\/www.univ-guyane.fr\\\/2024\\\/12\\\/17\\\/deuxieme-rencontre-des-etudiants-et-des-enseignants-de-sciences-humaines-et-sociales-unifap-ug\\\/\"},\"author\":{\"name\":\"Erick Loiti\u00e8re\",\"@id\":\"https:\\\/\\\/www.univ-guyane.fr\\\/#\\\/schema\\\/person\\\/86d946a28a8be51bb096ccfdf19db179\"},\"headline\":\"Deuxi\u00e8me rencontre des \u00e9tudiants et des enseignants de sciences humaines et sociales UNIFAP-UG\",\"datePublished\":\"2024-12-17T13:30:06+00:00\",\"dateModified\":\"2024-12-17T13:34:47+00:00\",\"mainEntityOfPage\":{\"@id\":\"https:\\\/\\\/www.univ-guyane.fr\\\/2024\\\/12\\\/17\\\/deuxieme-rencontre-des-etudiants-et-des-enseignants-de-sciences-humaines-et-sociales-unifap-ug\\\/\"},\"wordCount\":1315,\"publisher\":{\"@id\":\"https:\\\/\\\/www.univ-guyane.fr\\\/#organization\"},\"image\":{\"@id\":\"https:\\\/\\\/www.univ-guyane.fr\\\/2024\\\/12\\\/17\\\/deuxieme-rencontre-des-etudiants-et-des-enseignants-de-sciences-humaines-et-sociales-unifap-ug\\\/#primaryimage\"},\"thumbnailUrl\":\"https:\\\/\\\/www.univ-guyane.fr\\\/wp-content\\\/uploads\\\/2e-rencontre-des-etudiants-et-des-enseignants-de-sciences-humaines-et-sociales-UNIFAP-UG.jpg\",\"articleSection\":[\"\u2022 LSH\"],\"inLanguage\":\"nl-NL\"},{\"@type\":\"WebPage\",\"@id\":\"https:\\\/\\\/www.univ-guyane.fr\\\/2024\\\/12\\\/17\\\/deuxieme-rencontre-des-etudiants-et-des-enseignants-de-sciences-humaines-et-sociales-unifap-ug\\\/\",\"url\":\"https:\\\/\\\/www.univ-guyane.fr\\\/2024\\\/12\\\/17\\\/deuxieme-rencontre-des-etudiants-et-des-enseignants-de-sciences-humaines-et-sociales-unifap-ug\\\/\",\"name\":\"Deuxi\u00e8me rencontre des \u00e9tudiants et des enseignants de sciences humaines et sociales UNIFAP-UG &#8212; Universit\u00e9 de Guyane\",\"isPartOf\":{\"@id\":\"https:\\\/\\\/www.univ-guyane.fr\\\/#website\"},\"primaryImageOfPage\":{\"@id\":\"https:\\\/\\\/www.univ-guyane.fr\\\/2024\\\/12\\\/17\\\/deuxieme-rencontre-des-etudiants-et-des-enseignants-de-sciences-humaines-et-sociales-unifap-ug\\\/#primaryimage\"},\"image\":{\"@id\":\"https:\\\/\\\/www.univ-guyane.fr\\\/2024\\\/12\\\/17\\\/deuxieme-rencontre-des-etudiants-et-des-enseignants-de-sciences-humaines-et-sociales-unifap-ug\\\/#primaryimage\"},\"thumbnailUrl\":\"https:\\\/\\\/www.univ-guyane.fr\\\/wp-content\\\/uploads\\\/2e-rencontre-des-etudiants-et-des-enseignants-de-sciences-humaines-et-sociales-UNIFAP-UG.jpg\",\"datePublished\":\"2024-12-17T13:30:06+00:00\",\"dateModified\":\"2024-12-17T13:34:47+00:00\",\"breadcrumb\":{\"@id\":\"https:\\\/\\\/www.univ-guyane.fr\\\/2024\\\/12\\\/17\\\/deuxieme-rencontre-des-etudiants-et-des-enseignants-de-sciences-humaines-et-sociales-unifap-ug\\\/#breadcrumb\"},\"inLanguage\":\"nl-NL\",\"potentialAction\":[{\"@type\":\"ReadAction\",\"target\":[\"https:\\\/\\\/www.univ-guyane.fr\\\/2024\\\/12\\\/17\\\/deuxieme-rencontre-des-etudiants-et-des-enseignants-de-sciences-humaines-et-sociales-unifap-ug\\\/\"]}]},{\"@type\":\"ImageObject\",\"inLanguage\":\"nl-NL\",\"@id\":\"https:\\\/\\\/www.univ-guyane.fr\\\/2024\\\/12\\\/17\\\/deuxieme-rencontre-des-etudiants-et-des-enseignants-de-sciences-humaines-et-sociales-unifap-ug\\\/#primaryimage\",\"url\":\"https:\\\/\\\/www.univ-guyane.fr\\\/wp-content\\\/uploads\\\/2e-rencontre-des-etudiants-et-des-enseignants-de-sciences-humaines-et-sociales-UNIFAP-UG.jpg\",\"contentUrl\":\"https:\\\/\\\/www.univ-guyane.fr\\\/wp-content\\\/uploads\\\/2e-rencontre-des-etudiants-et-des-enseignants-de-sciences-humaines-et-sociales-UNIFAP-UG.jpg\",\"width\":1920,\"height\":1272,\"caption\":\"Groupe de personnes sur une place a Oiapoque, AMAPA, Br\u00e9sil\"},{\"@type\":\"BreadcrumbList\",\"@id\":\"https:\\\/\\\/www.univ-guyane.fr\\\/2024\\\/12\\\/17\\\/deuxieme-rencontre-des-etudiants-et-des-enseignants-de-sciences-humaines-et-sociales-unifap-ug\\\/#breadcrumb\",\"itemListElement\":[{\"@type\":\"ListItem\",\"position\":1,\"name\":\"Accueil\",\"item\":\"https:\\\/\\\/www.univ-guyane.fr\\\/\"},{\"@type\":\"ListItem\",\"position\":2,\"name\":\"Deuxi\u00e8me rencontre des \u00e9tudiants et des enseignants de sciences humaines et sociales UNIFAP-UG\"}]},{\"@type\":\"WebSite\",\"@id\":\"https:\\\/\\\/www.univ-guyane.fr\\\/#website\",\"url\":\"https:\\\/\\\/www.univ-guyane.fr\\\/\",\"name\":\"Universit\u00e9 de Guyane\",\"description\":\"Au c\u0153ur de l&#039;amazonie\",\"publisher\":{\"@id\":\"https:\\\/\\\/www.univ-guyane.fr\\\/#organization\"},\"alternateName\":\"UG\",\"potentialAction\":[{\"@type\":\"SearchAction\",\"target\":{\"@type\":\"EntryPoint\",\"urlTemplate\":\"https:\\\/\\\/www.univ-guyane.fr\\\/?s={search_term_string}\"},\"query-input\":{\"@type\":\"PropertyValueSpecification\",\"valueRequired\":true,\"valueName\":\"search_term_string\"}}],\"inLanguage\":\"nl-NL\"},{\"@type\":\"Organization\",\"@id\":\"https:\\\/\\\/www.univ-guyane.fr\\\/#organization\",\"name\":\"Universit\u00e9 de Guyane\",\"alternateName\":\"UG\",\"url\":\"https:\\\/\\\/www.univ-guyane.fr\\\/\",\"logo\":{\"@type\":\"ImageObject\",\"inLanguage\":\"nl-NL\",\"@id\":\"https:\\\/\\\/www.univ-guyane.fr\\\/#\\\/schema\\\/logo\\\/image\\\/\",\"url\":\"https:\\\/\\\/www.univ-guyane.fr\\\/wp-content\\\/uploads\\\/2024\\\/05\\\/f.png\",\"contentUrl\":\"https:\\\/\\\/www.univ-guyane.fr\\\/wp-content\\\/uploads\\\/2024\\\/05\\\/f.png\",\"width\":1024,\"height\":1024,\"caption\":\"Universit\u00e9 de Guyane\"},\"image\":{\"@id\":\"https:\\\/\\\/www.univ-guyane.fr\\\/#\\\/schema\\\/logo\\\/image\\\/\"},\"sameAs\":[\"https:\\\/\\\/www.facebook.com\\\/univguyane\",\"https:\\\/\\\/x.com\\\/univguyane\",\"https:\\\/\\\/gf.linkedin.com\\\/school\\\/universite-de-guyane\\\/\",\"https:\\\/\\\/www.instagram.com\\\/univ_guyane\\\/\"]},{\"@type\":\"Person\",\"@id\":\"https:\\\/\\\/www.univ-guyane.fr\\\/#\\\/schema\\\/person\\\/86d946a28a8be51bb096ccfdf19db179\",\"name\":\"Erick Loiti\u00e8re\",\"image\":{\"@type\":\"ImageObject\",\"inLanguage\":\"nl-NL\",\"@id\":\"https:\\\/\\\/secure.gravatar.com\\\/avatar\\\/0584f332103fbeaf37e52c73b15dca3c547fd9300deb05764e9ad8714839d072?s=96&d=robohash&r=g\",\"url\":\"https:\\\/\\\/secure.gravatar.com\\\/avatar\\\/0584f332103fbeaf37e52c73b15dca3c547fd9300deb05764e9ad8714839d072?s=96&d=robohash&r=g\",\"contentUrl\":\"https:\\\/\\\/secure.gravatar.com\\\/avatar\\\/0584f332103fbeaf37e52c73b15dca3c547fd9300deb05764e9ad8714839d072?s=96&d=robohash&r=g\",\"caption\":\"Erick Loiti\u00e8re\"},\"sameAs\":[\"http:\\\/\\\/www.univ-guyane.fr\"],\"url\":\"https:\\\/\\\/www.univ-guyane.fr\\\/nl\\\/author\\\/eloitierdbz\\\/\"}]}<\/script>\n<!-- \/ Yoast SEO plugin. -->","yoast_head_json":{"title":"Tweede bijeenkomst van studenten en docenten geesteswetenschappen en sociale wetenschappen UNIFAP-UG - Universiteit van Guyana","robots":{"index":"index","follow":"follow","max-snippet":"max-snippet:-1","max-image-preview":"max-image-preview:large","max-video-preview":"max-video-preview:-1"},"canonical":"https:\/\/www.univ-guyane.fr\/nl\/2024\/12\/17\/deuxieme-rencontre-des-etudiants-et-des-enseignants-de-sciences-humaines-et-sociales-unifap-ug\/","og_locale":"nl_NL","og_type":"article","og_title":"Deuxi\u00e8me rencontre des \u00e9tudiants et des enseignants de sciences humaines et sociales UNIFAP-UG &#8212; Universit\u00e9 de Guyane","og_url":"https:\/\/www.univ-guyane.fr\/nl\/2024\/12\/17\/deuxieme-rencontre-des-etudiants-et-des-enseignants-de-sciences-humaines-et-sociales-unifap-ug\/","og_site_name":"Universit\u00e9 de Guyane","article_publisher":"https:\/\/www.facebook.com\/univguyane","article_published_time":"2024-12-17T13:30:06+00:00","article_modified_time":"2024-12-17T13:34:47+00:00","og_image":[{"width":1920,"height":1272,"url":"https:\/\/www.univ-guyane.fr\/wp-content\/uploads\/2e-rencontre-des-etudiants-et-des-enseignants-de-sciences-humaines-et-sociales-UNIFAP-UG.jpg","type":"image\/jpeg"}],"author":"Erick Loiti\u00e8re","twitter_card":"summary_large_image","twitter_creator":"@univguyane","twitter_site":"@univguyane","twitter_misc":{"Geschreven door":"Erick Loiti\u00e8re","Geschatte leestijd":"4 minuten"},"schema":{"@context":"https:\/\/schema.org","@graph":[{"@type":"Article","@id":"https:\/\/www.univ-guyane.fr\/2024\/12\/17\/deuxieme-rencontre-des-etudiants-et-des-enseignants-de-sciences-humaines-et-sociales-unifap-ug\/#article","isPartOf":{"@id":"https:\/\/www.univ-guyane.fr\/2024\/12\/17\/deuxieme-rencontre-des-etudiants-et-des-enseignants-de-sciences-humaines-et-sociales-unifap-ug\/"},"author":{"name":"Erick Loiti\u00e8re","@id":"https:\/\/www.univ-guyane.fr\/#\/schema\/person\/86d946a28a8be51bb096ccfdf19db179"},"headline":"Deuxi\u00e8me rencontre des \u00e9tudiants et des enseignants de sciences humaines et sociales UNIFAP-UG","datePublished":"2024-12-17T13:30:06+00:00","dateModified":"2024-12-17T13:34:47+00:00","mainEntityOfPage":{"@id":"https:\/\/www.univ-guyane.fr\/2024\/12\/17\/deuxieme-rencontre-des-etudiants-et-des-enseignants-de-sciences-humaines-et-sociales-unifap-ug\/"},"wordCount":1315,"publisher":{"@id":"https:\/\/www.univ-guyane.fr\/#organization"},"image":{"@id":"https:\/\/www.univ-guyane.fr\/2024\/12\/17\/deuxieme-rencontre-des-etudiants-et-des-enseignants-de-sciences-humaines-et-sociales-unifap-ug\/#primaryimage"},"thumbnailUrl":"https:\/\/www.univ-guyane.fr\/wp-content\/uploads\/2e-rencontre-des-etudiants-et-des-enseignants-de-sciences-humaines-et-sociales-UNIFAP-UG.jpg","articleSection":["\u2022 LSH"],"inLanguage":"nl-NL"},{"@type":"WebPage","@id":"https:\/\/www.univ-guyane.fr\/2024\/12\/17\/deuxieme-rencontre-des-etudiants-et-des-enseignants-de-sciences-humaines-et-sociales-unifap-ug\/","url":"https:\/\/www.univ-guyane.fr\/2024\/12\/17\/deuxieme-rencontre-des-etudiants-et-des-enseignants-de-sciences-humaines-et-sociales-unifap-ug\/","name":"Tweede bijeenkomst van studenten en docenten geesteswetenschappen en sociale wetenschappen UNIFAP-UG - Universiteit van Guyana","isPartOf":{"@id":"https:\/\/www.univ-guyane.fr\/#website"},"primaryImageOfPage":{"@id":"https:\/\/www.univ-guyane.fr\/2024\/12\/17\/deuxieme-rencontre-des-etudiants-et-des-enseignants-de-sciences-humaines-et-sociales-unifap-ug\/#primaryimage"},"image":{"@id":"https:\/\/www.univ-guyane.fr\/2024\/12\/17\/deuxieme-rencontre-des-etudiants-et-des-enseignants-de-sciences-humaines-et-sociales-unifap-ug\/#primaryimage"},"thumbnailUrl":"https:\/\/www.univ-guyane.fr\/wp-content\/uploads\/2e-rencontre-des-etudiants-et-des-enseignants-de-sciences-humaines-et-sociales-UNIFAP-UG.jpg","datePublished":"2024-12-17T13:30:06+00:00","dateModified":"2024-12-17T13:34:47+00:00","breadcrumb":{"@id":"https:\/\/www.univ-guyane.fr\/2024\/12\/17\/deuxieme-rencontre-des-etudiants-et-des-enseignants-de-sciences-humaines-et-sociales-unifap-ug\/#breadcrumb"},"inLanguage":"nl-NL","potentialAction":[{"@type":"ReadAction","target":["https:\/\/www.univ-guyane.fr\/2024\/12\/17\/deuxieme-rencontre-des-etudiants-et-des-enseignants-de-sciences-humaines-et-sociales-unifap-ug\/"]}]},{"@type":"ImageObject","inLanguage":"nl-NL","@id":"https:\/\/www.univ-guyane.fr\/2024\/12\/17\/deuxieme-rencontre-des-etudiants-et-des-enseignants-de-sciences-humaines-et-sociales-unifap-ug\/#primaryimage","url":"https:\/\/www.univ-guyane.fr\/wp-content\/uploads\/2e-rencontre-des-etudiants-et-des-enseignants-de-sciences-humaines-et-sociales-UNIFAP-UG.jpg","contentUrl":"https:\/\/www.univ-guyane.fr\/wp-content\/uploads\/2e-rencontre-des-etudiants-et-des-enseignants-de-sciences-humaines-et-sociales-UNIFAP-UG.jpg","width":1920,"height":1272,"caption":"Groupe de personnes sur une place a Oiapoque, AMAPA, Br\u00e9sil"},{"@type":"BreadcrumbList","@id":"https:\/\/www.univ-guyane.fr\/2024\/12\/17\/deuxieme-rencontre-des-etudiants-et-des-enseignants-de-sciences-humaines-et-sociales-unifap-ug\/#breadcrumb","itemListElement":[{"@type":"ListItem","position":1,"name":"Accueil","item":"https:\/\/www.univ-guyane.fr\/"},{"@type":"ListItem","position":2,"name":"Deuxi\u00e8me rencontre des \u00e9tudiants et des enseignants de sciences humaines et sociales UNIFAP-UG"}]},{"@type":"WebSite","@id":"https:\/\/www.univ-guyane.fr\/#website","url":"https:\/\/www.univ-guyane.fr\/","name":"Universiteit van Guyana","description":"In het hart van Amazonia","publisher":{"@id":"https:\/\/www.univ-guyane.fr\/#organization"},"alternateName":"UG","potentialAction":[{"@type":"SearchAction","target":{"@type":"EntryPoint","urlTemplate":"https:\/\/www.univ-guyane.fr\/?s={search_term_string}"},"query-input":{"@type":"PropertyValueSpecification","valueRequired":true,"valueName":"search_term_string"}}],"inLanguage":"nl-NL"},{"@type":"Organization","@id":"https:\/\/www.univ-guyane.fr\/#organization","name":"Universiteit van Guyana","alternateName":"UG","url":"https:\/\/www.univ-guyane.fr\/","logo":{"@type":"ImageObject","inLanguage":"nl-NL","@id":"https:\/\/www.univ-guyane.fr\/#\/schema\/logo\/image\/","url":"https:\/\/www.univ-guyane.fr\/wp-content\/uploads\/2024\/05\/f.png","contentUrl":"https:\/\/www.univ-guyane.fr\/wp-content\/uploads\/2024\/05\/f.png","width":1024,"height":1024,"caption":"Universit\u00e9 de Guyane"},"image":{"@id":"https:\/\/www.univ-guyane.fr\/#\/schema\/logo\/image\/"},"sameAs":["https:\/\/www.facebook.com\/univguyane","https:\/\/x.com\/univguyane","https:\/\/gf.linkedin.com\/school\/universite-de-guyane\/","https:\/\/www.instagram.com\/univ_guyane\/"]},{"@type":"Person","@id":"https:\/\/www.univ-guyane.fr\/#\/schema\/person\/86d946a28a8be51bb096ccfdf19db179","name":"Erick Loiti\u00e8re","image":{"@type":"ImageObject","inLanguage":"nl-NL","@id":"https:\/\/secure.gravatar.com\/avatar\/0584f332103fbeaf37e52c73b15dca3c547fd9300deb05764e9ad8714839d072?s=96&d=robohash&r=g","url":"https:\/\/secure.gravatar.com\/avatar\/0584f332103fbeaf37e52c73b15dca3c547fd9300deb05764e9ad8714839d072?s=96&d=robohash&r=g","contentUrl":"https:\/\/secure.gravatar.com\/avatar\/0584f332103fbeaf37e52c73b15dca3c547fd9300deb05764e9ad8714839d072?s=96&d=robohash&r=g","caption":"Erick Loiti\u00e8re"},"sameAs":["http:\/\/www.univ-guyane.fr"],"url":"https:\/\/www.univ-guyane.fr\/nl\/author\/eloitierdbz\/"}]}},"_links":{"self":[{"href":"https:\/\/www.univ-guyane.fr\/nl\/wp-json\/wp\/v2\/posts\/11652","targetHints":{"allow":["GET"]}}],"collection":[{"href":"https:\/\/www.univ-guyane.fr\/nl\/wp-json\/wp\/v2\/posts"}],"about":[{"href":"https:\/\/www.univ-guyane.fr\/nl\/wp-json\/wp\/v2\/types\/post"}],"author":[{"embeddable":true,"href":"https:\/\/www.univ-guyane.fr\/nl\/wp-json\/wp\/v2\/users\/1"}],"replies":[{"embeddable":true,"href":"https:\/\/www.univ-guyane.fr\/nl\/wp-json\/wp\/v2\/comments?post=11652"}],"version-history":[{"count":9,"href":"https:\/\/www.univ-guyane.fr\/nl\/wp-json\/wp\/v2\/posts\/11652\/revisions"}],"predecessor-version":[{"id":11662,"href":"https:\/\/www.univ-guyane.fr\/nl\/wp-json\/wp\/v2\/posts\/11652\/revisions\/11662"}],"wp:featuredmedia":[{"embeddable":true,"href":"https:\/\/www.univ-guyane.fr\/nl\/wp-json\/wp\/v2\/media\/11653"}],"wp:attachment":[{"href":"https:\/\/www.univ-guyane.fr\/nl\/wp-json\/wp\/v2\/media?parent=11652"}],"wp:term":[{"taxonomy":"category","embeddable":true,"href":"https:\/\/www.univ-guyane.fr\/nl\/wp-json\/wp\/v2\/categories?post=11652"},{"taxonomy":"post_tag","embeddable":true,"href":"https:\/\/www.univ-guyane.fr\/nl\/wp-json\/wp\/v2\/tags?post=11652"}],"curies":[{"name":"wp","href":"https:\/\/api.w.org\/{rel}","templated":true}]}}