{"id":12327,"date":"2025-02-14T09:44:01","date_gmt":"2025-02-14T12:44:01","guid":{"rendered":"https:\/\/www.univ-guyane.fr\/?p=12327"},"modified":"2025-02-14T09:45:48","modified_gmt":"2025-02-14T12:45:48","slug":"voyage-sonore-et-anthropologique-from-castries-to-saul","status":"publish","type":"post","link":"https:\/\/www.univ-guyane.fr\/nl\/2025\/02\/14\/voyage-sonore-et-anthropologique-from-castries-to-saul\/","title":{"rendered":"Een antropologische reis in geluid: van Castries naar Sa\u00fcl"},"content":{"rendered":"<div id=\"fws_69f1e87613b42\"  data-column-margin=\"default\" data-midnight=\"dark\"  class=\"wpb_row vc_row-fluid vc_row\"  style=\"padding-top: 0px; padding-bottom: 0px; \"><div class=\"row-bg-wrap\" data-bg-animation=\"none\" data-bg-animation-delay=\"\" data-bg-overlay=\"false\"><div class=\"inner-wrap row-bg-layer\" ><div class=\"row-bg viewport-desktop\"  style=\"\"><\/div><\/div><\/div><div class=\"row_col_wrap_12 col span_12 dark left\">\n\t<div  class=\"vc_col-sm-12 wpb_column column_container vc_column_container col no-extra-padding inherit_tablet inherit_phone\"  data-padding-pos=\"all\" data-has-bg-color=\"false\" data-bg-color=\"\" data-bg-opacity=\"1\" data-animation=\"\" data-delay=\"0\" >\n\t\t<div class=\"vc_column-inner\" >\n\t\t\t<div class=\"wpb_wrapper\">\n\t\t\t\t\n<div class=\"wpb_text_column wpb_content_element  chapo\" >\n\t<p><em>Foto: Karl Joseph.<\/em><\/p>\n<h2>De Universiteit van Guyana nodigt u uit voor een seminar over de banden tussen mens en milieu. Dit evenement wordt georganiseerd door Agn\u00e8s Clerc-Renaud (LEEISA), Damien Davy (LEEISA), Rosuel Lima-Pereira (MINEA) en Marianne Palisse (LEEISA) en vindt plaats op donderdag 20 februari 2025, van 18.00 tot 20.00 uur, in amfitheater E op de campus Troubiran.<\/h2>\n<\/div>\n\n\n\n\n<div class=\"wpb_text_column wpb_content_element\" >\n\t<p>Deze sessie wordt geleid door Marc-Alexandre Tareau (INSERM - CIC H\u00f4pital de Cayenne) en zal gaan over het geluidswerk \"From Castries to Sa\u00fcl\". Dit project, in 2021 bedacht door antropoloog Marc-Alexandre Tareau en geluidskunstenaar Thomas Tilly, werd ontwikkeld door de vereniging M\u00e9lisse in het kader van het project Milieu(x). Het biedt een originele verkenning van de culturen en interacties tussen de volkeren van Frans Guyana en hun omgeving door middel van geluid.<\/p>\n<p>Dit unieke werk beperkt zich niet tot eenvoudige etnografische documentatie, maar belicht de unieke geluiden van Frans Guyana: de talen, de stembuigingen en de geluiden van de natuur en menselijke activiteiten. Het project richt zich op de overdracht van kennis uit het Amazonegebied door middel van luisteren, een vaak onderschat maar essentieel medium.<\/p>\n<p>Het eerste stuk in deze serie, \"From Castries to Sa\u00fcl\", geeft een stem aan de gangan, ouderen van de Creoolse gemeenschap in het binnenland van Frans Guyana. Het schetst de geschiedenis en etnobotanische kennis van de Saint Luciaanse migranten die naar Frans Guyana kwamen op zoek naar economische mogelijkheden, met name in suikerrietplantages en goudmijnen. Dit fascinerende project belicht hun aanpassing aan het regenwoud van de Amazone en de uitwisseling van kennis met de indiaanse en zwart-bruine volkeren.<\/p>\n<p><strong>Marc-Alexandre Tareau<\/strong>D. in etnobotanie en gezondheidsantropologie, heeft zijn onderzoek gewijd aan de farmacopees van gemengde rassen in Frans Guyana en aan de studie van de etnomedische praktijken van de bevolking van het Guyana Plateau en het Caribisch gebied. Als onderzoeker bij INSERM onderzoekt hij de onderlinge relaties tussen mens en natuur, met name door middel van fytotherapie en voorstellingen van het lichaam en ziekte.<\/p>\n<p><strong>Thomas Tilly<\/strong>een geluidskunstenaar en componist van experimentele muziek, ontwikkelt een unieke benadering van fonografie. Zijn werk, op het kruispunt van biologie, antropologie en akoestische metingen, biedt een innovatief perspectief op geluidsomgevingen. Zijn creaties zijn gepresenteerd op talloze festivals en tentoonstellingen over de hele wereld.<\/p>\n<p>Dit seminar is een unieke kans om de rijke interacties tussen mensen en hun omgeving te ontdekken door middel van een originele zintuiglijke benadering. Kom en verken de geschiedenis en cultuur van Guyana door middel van geluid en de stemmen die het dragen.<\/p>\n<p><strong>Ontmoet ons op donderdag 20 februari 2025 om 18.00 uur in amfitheater E op de Troubiran campus.<\/strong>\u00a0voor een meeslepende en verrijkende ervaring!<\/p>\n<\/div>\n\n\n\n\n\t\t\t<\/div> \n\t\t<\/div>\n\t<\/div> \n<\/div><\/div>","protected":false},"excerpt":{"rendered":"Foto: Karl Joseph. De Universiteit van Guyana nodigt u uit voor een seminar over...","protected":false},"author":1,"featured_media":12329,"comment_status":"closed","ping_status":"open","sticky":false,"template":"","format":"standard","meta":{"iawp_total_views":132,"footnotes":""},"categories":[175,192,187],"tags":[193,191,274],"class_list":{"0":"post-12327","1":"post","2":"type-post","3":"status-publish","4":"format-standard","5":"has-post-thumbnail","7":"category-laboratoires","8":"category-leeisa","9":"category-minea","10":"tag-leeisa","11":"tag-minea","12":"tag-seminaire"},"yoast_head":"<!-- This site is optimized with the Yoast SEO plugin v27.5 - https:\/\/yoast.com\/product\/yoast-seo-wordpress\/ -->\n<title>Voyage sonore et anthropologique \u00e0 travers les cultures &#8212; Universit\u00e9 de Guyane<\/title>\n<meta name=\"description\" content=\"D\u00e9couvrez le voyage sonore et anthropologique \u00e0 travers la pi\u00e8ce &#039;From Castries to Sa\u00fcl&#039;, explorant les cultures de Guyane.\" \/>\n<meta name=\"robots\" content=\"index, follow, max-snippet:-1, max-image-preview:large, max-video-preview:-1\" \/>\n<link rel=\"canonical\" href=\"https:\/\/www.univ-guyane.fr\/nl\/2025\/02\/14\/voyage-sonore-et-anthropologique-from-castries-to-saul\/\" \/>\n<meta property=\"og:locale\" content=\"nl_NL\" \/>\n<meta property=\"og:type\" content=\"article\" \/>\n<meta property=\"og:title\" content=\"Voyage sonore et anthropologique \u00e0 travers les cultures &#8212; Universit\u00e9 de Guyane\" \/>\n<meta property=\"og:description\" content=\"D\u00e9couvrez le voyage sonore et anthropologique \u00e0 travers la pi\u00e8ce &#039;From Castries to Sa\u00fcl&#039;, explorant les cultures de Guyane.\" \/>\n<meta property=\"og:url\" content=\"https:\/\/www.univ-guyane.fr\/nl\/2025\/02\/14\/voyage-sonore-et-anthropologique-from-castries-to-saul\/\" \/>\n<meta property=\"og:site_name\" content=\"Universit\u00e9 de Guyane\" \/>\n<meta property=\"article:publisher\" content=\"https:\/\/www.facebook.com\/univguyane\" \/>\n<meta property=\"article:published_time\" content=\"2025-02-14T12:44:01+00:00\" \/>\n<meta property=\"article:modified_time\" content=\"2025-02-14T12:45:48+00:00\" \/>\n<meta property=\"og:image\" content=\"https:\/\/www.univ-guyane.fr\/wp-content\/uploads\/Voyage-sonore-et-anthropologique-From-Castries-to-Saul.jpg\" \/>\n\t<meta property=\"og:image:width\" content=\"1920\" \/>\n\t<meta property=\"og:image:height\" content=\"1080\" \/>\n\t<meta property=\"og:image:type\" content=\"image\/jpeg\" \/>\n<meta name=\"author\" content=\"Erick Loiti\u00e8re\" \/>\n<meta name=\"twitter:card\" content=\"summary_large_image\" \/>\n<meta name=\"twitter:creator\" content=\"@univguyane\" \/>\n<meta name=\"twitter:site\" content=\"@univguyane\" \/>\n<meta name=\"twitter:label1\" content=\"Geschreven door\" \/>\n\t<meta name=\"twitter:data1\" content=\"Erick Loiti\u00e8re\" \/>\n\t<meta name=\"twitter:label2\" content=\"Geschatte leestijd\" \/>\n\t<meta name=\"twitter:data2\" content=\"3 minuten\" \/>\n<script type=\"application\/ld+json\" class=\"yoast-schema-graph\">{\"@context\":\"https:\\\/\\\/schema.org\",\"@graph\":[{\"@type\":\"Article\",\"@id\":\"https:\\\/\\\/www.univ-guyane.fr\\\/2025\\\/02\\\/14\\\/voyage-sonore-et-anthropologique-from-castries-to-saul\\\/#article\",\"isPartOf\":{\"@id\":\"https:\\\/\\\/www.univ-guyane.fr\\\/2025\\\/02\\\/14\\\/voyage-sonore-et-anthropologique-from-castries-to-saul\\\/\"},\"author\":{\"name\":\"Erick Loiti\u00e8re\",\"@id\":\"https:\\\/\\\/www.univ-guyane.fr\\\/#\\\/schema\\\/person\\\/86d946a28a8be51bb096ccfdf19db179\"},\"headline\":\"Voyage sonore et anthropologique : From Castries to Sa\u00fcl\",\"datePublished\":\"2025-02-14T12:44:01+00:00\",\"dateModified\":\"2025-02-14T12:45:48+00:00\",\"mainEntityOfPage\":{\"@id\":\"https:\\\/\\\/www.univ-guyane.fr\\\/2025\\\/02\\\/14\\\/voyage-sonore-et-anthropologique-from-castries-to-saul\\\/\"},\"wordCount\":672,\"publisher\":{\"@id\":\"https:\\\/\\\/www.univ-guyane.fr\\\/#organization\"},\"image\":{\"@id\":\"https:\\\/\\\/www.univ-guyane.fr\\\/2025\\\/02\\\/14\\\/voyage-sonore-et-anthropologique-from-castries-to-saul\\\/#primaryimage\"},\"thumbnailUrl\":\"https:\\\/\\\/www.univ-guyane.fr\\\/wp-content\\\/uploads\\\/Voyage-sonore-et-anthropologique-From-Castries-to-Saul.jpg\",\"keywords\":[\"LEEISA\",\"MINEA\",\"S\u00e9minaire\"],\"articleSection\":[\"\u2022\u00a0Laboratoires\",\"\u2022 LEEISA\",\"\u2022\u00a0MINEA\"],\"inLanguage\":\"nl-NL\"},{\"@type\":\"WebPage\",\"@id\":\"https:\\\/\\\/www.univ-guyane.fr\\\/2025\\\/02\\\/14\\\/voyage-sonore-et-anthropologique-from-castries-to-saul\\\/\",\"url\":\"https:\\\/\\\/www.univ-guyane.fr\\\/2025\\\/02\\\/14\\\/voyage-sonore-et-anthropologique-from-castries-to-saul\\\/\",\"name\":\"Voyage sonore et anthropologique \u00e0 travers les cultures &#8212; Universit\u00e9 de Guyane\",\"isPartOf\":{\"@id\":\"https:\\\/\\\/www.univ-guyane.fr\\\/#website\"},\"primaryImageOfPage\":{\"@id\":\"https:\\\/\\\/www.univ-guyane.fr\\\/2025\\\/02\\\/14\\\/voyage-sonore-et-anthropologique-from-castries-to-saul\\\/#primaryimage\"},\"image\":{\"@id\":\"https:\\\/\\\/www.univ-guyane.fr\\\/2025\\\/02\\\/14\\\/voyage-sonore-et-anthropologique-from-castries-to-saul\\\/#primaryimage\"},\"thumbnailUrl\":\"https:\\\/\\\/www.univ-guyane.fr\\\/wp-content\\\/uploads\\\/Voyage-sonore-et-anthropologique-From-Castries-to-Saul.jpg\",\"datePublished\":\"2025-02-14T12:44:01+00:00\",\"dateModified\":\"2025-02-14T12:45:48+00:00\",\"description\":\"D\u00e9couvrez le voyage sonore et anthropologique \u00e0 travers la pi\u00e8ce 'From Castries to Sa\u00fcl', explorant les cultures de Guyane.\",\"breadcrumb\":{\"@id\":\"https:\\\/\\\/www.univ-guyane.fr\\\/2025\\\/02\\\/14\\\/voyage-sonore-et-anthropologique-from-castries-to-saul\\\/#breadcrumb\"},\"inLanguage\":\"nl-NL\",\"potentialAction\":[{\"@type\":\"ReadAction\",\"target\":[\"https:\\\/\\\/www.univ-guyane.fr\\\/2025\\\/02\\\/14\\\/voyage-sonore-et-anthropologique-from-castries-to-saul\\\/\"]}]},{\"@type\":\"ImageObject\",\"inLanguage\":\"nl-NL\",\"@id\":\"https:\\\/\\\/www.univ-guyane.fr\\\/2025\\\/02\\\/14\\\/voyage-sonore-et-anthropologique-from-castries-to-saul\\\/#primaryimage\",\"url\":\"https:\\\/\\\/www.univ-guyane.fr\\\/wp-content\\\/uploads\\\/Voyage-sonore-et-anthropologique-From-Castries-to-Saul.jpg\",\"contentUrl\":\"https:\\\/\\\/www.univ-guyane.fr\\\/wp-content\\\/uploads\\\/Voyage-sonore-et-anthropologique-From-Castries-to-Saul.jpg\",\"width\":1920,\"height\":1080,\"caption\":\"Voyage sonore et anthropologique : From Castries to Sa\u00fcl\"},{\"@type\":\"BreadcrumbList\",\"@id\":\"https:\\\/\\\/www.univ-guyane.fr\\\/2025\\\/02\\\/14\\\/voyage-sonore-et-anthropologique-from-castries-to-saul\\\/#breadcrumb\",\"itemListElement\":[{\"@type\":\"ListItem\",\"position\":1,\"name\":\"Accueil\",\"item\":\"https:\\\/\\\/www.univ-guyane.fr\\\/\"},{\"@type\":\"ListItem\",\"position\":2,\"name\":\"Voyage sonore et anthropologique : From Castries to Sa\u00fcl\"}]},{\"@type\":\"WebSite\",\"@id\":\"https:\\\/\\\/www.univ-guyane.fr\\\/#website\",\"url\":\"https:\\\/\\\/www.univ-guyane.fr\\\/\",\"name\":\"Universit\u00e9 de Guyane\",\"description\":\"Au c\u0153ur de l&#039;amazonie\",\"publisher\":{\"@id\":\"https:\\\/\\\/www.univ-guyane.fr\\\/#organization\"},\"alternateName\":\"UG\",\"potentialAction\":[{\"@type\":\"SearchAction\",\"target\":{\"@type\":\"EntryPoint\",\"urlTemplate\":\"https:\\\/\\\/www.univ-guyane.fr\\\/?s={search_term_string}\"},\"query-input\":{\"@type\":\"PropertyValueSpecification\",\"valueRequired\":true,\"valueName\":\"search_term_string\"}}],\"inLanguage\":\"nl-NL\"},{\"@type\":\"Organization\",\"@id\":\"https:\\\/\\\/www.univ-guyane.fr\\\/#organization\",\"name\":\"Universit\u00e9 de Guyane\",\"alternateName\":\"UG\",\"url\":\"https:\\\/\\\/www.univ-guyane.fr\\\/\",\"logo\":{\"@type\":\"ImageObject\",\"inLanguage\":\"nl-NL\",\"@id\":\"https:\\\/\\\/www.univ-guyane.fr\\\/#\\\/schema\\\/logo\\\/image\\\/\",\"url\":\"https:\\\/\\\/www.univ-guyane.fr\\\/wp-content\\\/uploads\\\/2024\\\/05\\\/f.png\",\"contentUrl\":\"https:\\\/\\\/www.univ-guyane.fr\\\/wp-content\\\/uploads\\\/2024\\\/05\\\/f.png\",\"width\":1024,\"height\":1024,\"caption\":\"Universit\u00e9 de Guyane\"},\"image\":{\"@id\":\"https:\\\/\\\/www.univ-guyane.fr\\\/#\\\/schema\\\/logo\\\/image\\\/\"},\"sameAs\":[\"https:\\\/\\\/www.facebook.com\\\/univguyane\",\"https:\\\/\\\/x.com\\\/univguyane\",\"https:\\\/\\\/gf.linkedin.com\\\/school\\\/universite-de-guyane\\\/\",\"https:\\\/\\\/www.instagram.com\\\/univ_guyane\\\/\"]},{\"@type\":\"Person\",\"@id\":\"https:\\\/\\\/www.univ-guyane.fr\\\/#\\\/schema\\\/person\\\/86d946a28a8be51bb096ccfdf19db179\",\"name\":\"Erick Loiti\u00e8re\",\"image\":{\"@type\":\"ImageObject\",\"inLanguage\":\"nl-NL\",\"@id\":\"https:\\\/\\\/secure.gravatar.com\\\/avatar\\\/0584f332103fbeaf37e52c73b15dca3c547fd9300deb05764e9ad8714839d072?s=96&d=robohash&r=g\",\"url\":\"https:\\\/\\\/secure.gravatar.com\\\/avatar\\\/0584f332103fbeaf37e52c73b15dca3c547fd9300deb05764e9ad8714839d072?s=96&d=robohash&r=g\",\"contentUrl\":\"https:\\\/\\\/secure.gravatar.com\\\/avatar\\\/0584f332103fbeaf37e52c73b15dca3c547fd9300deb05764e9ad8714839d072?s=96&d=robohash&r=g\",\"caption\":\"Erick Loiti\u00e8re\"},\"sameAs\":[\"http:\\\/\\\/www.univ-guyane.fr\"],\"url\":\"https:\\\/\\\/www.univ-guyane.fr\\\/nl\\\/author\\\/eloitierdbz\\\/\"}]}<\/script>\n<!-- \/ Yoast SEO plugin. -->","yoast_head_json":{"title":"Voyage sonore et anthropologique \u00e0 travers les cultures &#8212; Universit\u00e9 de Guyane","description":"D\u00e9couvrez le voyage sonore et anthropologique \u00e0 travers la pi\u00e8ce 'From Castries to Sa\u00fcl', explorant les cultures de Guyane.","robots":{"index":"index","follow":"follow","max-snippet":"max-snippet:-1","max-image-preview":"max-image-preview:large","max-video-preview":"max-video-preview:-1"},"canonical":"https:\/\/www.univ-guyane.fr\/nl\/2025\/02\/14\/voyage-sonore-et-anthropologique-from-castries-to-saul\/","og_locale":"nl_NL","og_type":"article","og_title":"Voyage sonore et anthropologique \u00e0 travers les cultures &#8212; Universit\u00e9 de Guyane","og_description":"D\u00e9couvrez le voyage sonore et anthropologique \u00e0 travers la pi\u00e8ce 'From Castries to Sa\u00fcl', explorant les cultures de Guyane.","og_url":"https:\/\/www.univ-guyane.fr\/nl\/2025\/02\/14\/voyage-sonore-et-anthropologique-from-castries-to-saul\/","og_site_name":"Universit\u00e9 de Guyane","article_publisher":"https:\/\/www.facebook.com\/univguyane","article_published_time":"2025-02-14T12:44:01+00:00","article_modified_time":"2025-02-14T12:45:48+00:00","og_image":[{"width":1920,"height":1080,"url":"https:\/\/www.univ-guyane.fr\/wp-content\/uploads\/Voyage-sonore-et-anthropologique-From-Castries-to-Saul.jpg","type":"image\/jpeg"}],"author":"Erick Loiti\u00e8re","twitter_card":"summary_large_image","twitter_creator":"@univguyane","twitter_site":"@univguyane","twitter_misc":{"Geschreven door":"Erick Loiti\u00e8re","Geschatte leestijd":"3 minuten"},"schema":{"@context":"https:\/\/schema.org","@graph":[{"@type":"Article","@id":"https:\/\/www.univ-guyane.fr\/2025\/02\/14\/voyage-sonore-et-anthropologique-from-castries-to-saul\/#article","isPartOf":{"@id":"https:\/\/www.univ-guyane.fr\/2025\/02\/14\/voyage-sonore-et-anthropologique-from-castries-to-saul\/"},"author":{"name":"Erick Loiti\u00e8re","@id":"https:\/\/www.univ-guyane.fr\/#\/schema\/person\/86d946a28a8be51bb096ccfdf19db179"},"headline":"Voyage sonore et anthropologique : From Castries to Sa\u00fcl","datePublished":"2025-02-14T12:44:01+00:00","dateModified":"2025-02-14T12:45:48+00:00","mainEntityOfPage":{"@id":"https:\/\/www.univ-guyane.fr\/2025\/02\/14\/voyage-sonore-et-anthropologique-from-castries-to-saul\/"},"wordCount":672,"publisher":{"@id":"https:\/\/www.univ-guyane.fr\/#organization"},"image":{"@id":"https:\/\/www.univ-guyane.fr\/2025\/02\/14\/voyage-sonore-et-anthropologique-from-castries-to-saul\/#primaryimage"},"thumbnailUrl":"https:\/\/www.univ-guyane.fr\/wp-content\/uploads\/Voyage-sonore-et-anthropologique-From-Castries-to-Saul.jpg","keywords":["LEEISA","MINEA","S\u00e9minaire"],"articleSection":["\u2022\u00a0Laboratoires","\u2022 LEEISA","\u2022\u00a0MINEA"],"inLanguage":"nl-NL"},{"@type":"WebPage","@id":"https:\/\/www.univ-guyane.fr\/2025\/02\/14\/voyage-sonore-et-anthropologique-from-castries-to-saul\/","url":"https:\/\/www.univ-guyane.fr\/2025\/02\/14\/voyage-sonore-et-anthropologique-from-castries-to-saul\/","name":"Voyage sonore et anthropologique \u00e0 travers les cultures &#8212; Universit\u00e9 de Guyane","isPartOf":{"@id":"https:\/\/www.univ-guyane.fr\/#website"},"primaryImageOfPage":{"@id":"https:\/\/www.univ-guyane.fr\/2025\/02\/14\/voyage-sonore-et-anthropologique-from-castries-to-saul\/#primaryimage"},"image":{"@id":"https:\/\/www.univ-guyane.fr\/2025\/02\/14\/voyage-sonore-et-anthropologique-from-castries-to-saul\/#primaryimage"},"thumbnailUrl":"https:\/\/www.univ-guyane.fr\/wp-content\/uploads\/Voyage-sonore-et-anthropologique-From-Castries-to-Saul.jpg","datePublished":"2025-02-14T12:44:01+00:00","dateModified":"2025-02-14T12:45:48+00:00","description":"D\u00e9couvrez le voyage sonore et anthropologique \u00e0 travers la pi\u00e8ce 'From Castries to Sa\u00fcl', explorant les cultures de Guyane.","breadcrumb":{"@id":"https:\/\/www.univ-guyane.fr\/2025\/02\/14\/voyage-sonore-et-anthropologique-from-castries-to-saul\/#breadcrumb"},"inLanguage":"nl-NL","potentialAction":[{"@type":"ReadAction","target":["https:\/\/www.univ-guyane.fr\/2025\/02\/14\/voyage-sonore-et-anthropologique-from-castries-to-saul\/"]}]},{"@type":"ImageObject","inLanguage":"nl-NL","@id":"https:\/\/www.univ-guyane.fr\/2025\/02\/14\/voyage-sonore-et-anthropologique-from-castries-to-saul\/#primaryimage","url":"https:\/\/www.univ-guyane.fr\/wp-content\/uploads\/Voyage-sonore-et-anthropologique-From-Castries-to-Saul.jpg","contentUrl":"https:\/\/www.univ-guyane.fr\/wp-content\/uploads\/Voyage-sonore-et-anthropologique-From-Castries-to-Saul.jpg","width":1920,"height":1080,"caption":"Voyage sonore et anthropologique : From Castries to Sa\u00fcl"},{"@type":"BreadcrumbList","@id":"https:\/\/www.univ-guyane.fr\/2025\/02\/14\/voyage-sonore-et-anthropologique-from-castries-to-saul\/#breadcrumb","itemListElement":[{"@type":"ListItem","position":1,"name":"Accueil","item":"https:\/\/www.univ-guyane.fr\/"},{"@type":"ListItem","position":2,"name":"Voyage sonore et anthropologique : From Castries to Sa\u00fcl"}]},{"@type":"WebSite","@id":"https:\/\/www.univ-guyane.fr\/#website","url":"https:\/\/www.univ-guyane.fr\/","name":"Universiteit van Guyana","description":"In het hart van Amazonia","publisher":{"@id":"https:\/\/www.univ-guyane.fr\/#organization"},"alternateName":"UG","potentialAction":[{"@type":"SearchAction","target":{"@type":"EntryPoint","urlTemplate":"https:\/\/www.univ-guyane.fr\/?s={search_term_string}"},"query-input":{"@type":"PropertyValueSpecification","valueRequired":true,"valueName":"search_term_string"}}],"inLanguage":"nl-NL"},{"@type":"Organization","@id":"https:\/\/www.univ-guyane.fr\/#organization","name":"Universiteit van Guyana","alternateName":"UG","url":"https:\/\/www.univ-guyane.fr\/","logo":{"@type":"ImageObject","inLanguage":"nl-NL","@id":"https:\/\/www.univ-guyane.fr\/#\/schema\/logo\/image\/","url":"https:\/\/www.univ-guyane.fr\/wp-content\/uploads\/2024\/05\/f.png","contentUrl":"https:\/\/www.univ-guyane.fr\/wp-content\/uploads\/2024\/05\/f.png","width":1024,"height":1024,"caption":"Universit\u00e9 de Guyane"},"image":{"@id":"https:\/\/www.univ-guyane.fr\/#\/schema\/logo\/image\/"},"sameAs":["https:\/\/www.facebook.com\/univguyane","https:\/\/x.com\/univguyane","https:\/\/gf.linkedin.com\/school\/universite-de-guyane\/","https:\/\/www.instagram.com\/univ_guyane\/"]},{"@type":"Person","@id":"https:\/\/www.univ-guyane.fr\/#\/schema\/person\/86d946a28a8be51bb096ccfdf19db179","name":"Erick Loiti\u00e8re","image":{"@type":"ImageObject","inLanguage":"nl-NL","@id":"https:\/\/secure.gravatar.com\/avatar\/0584f332103fbeaf37e52c73b15dca3c547fd9300deb05764e9ad8714839d072?s=96&d=robohash&r=g","url":"https:\/\/secure.gravatar.com\/avatar\/0584f332103fbeaf37e52c73b15dca3c547fd9300deb05764e9ad8714839d072?s=96&d=robohash&r=g","contentUrl":"https:\/\/secure.gravatar.com\/avatar\/0584f332103fbeaf37e52c73b15dca3c547fd9300deb05764e9ad8714839d072?s=96&d=robohash&r=g","caption":"Erick Loiti\u00e8re"},"sameAs":["http:\/\/www.univ-guyane.fr"],"url":"https:\/\/www.univ-guyane.fr\/nl\/author\/eloitierdbz\/"}]}},"_links":{"self":[{"href":"https:\/\/www.univ-guyane.fr\/nl\/wp-json\/wp\/v2\/posts\/12327","targetHints":{"allow":["GET"]}}],"collection":[{"href":"https:\/\/www.univ-guyane.fr\/nl\/wp-json\/wp\/v2\/posts"}],"about":[{"href":"https:\/\/www.univ-guyane.fr\/nl\/wp-json\/wp\/v2\/types\/post"}],"author":[{"embeddable":true,"href":"https:\/\/www.univ-guyane.fr\/nl\/wp-json\/wp\/v2\/users\/1"}],"replies":[{"embeddable":true,"href":"https:\/\/www.univ-guyane.fr\/nl\/wp-json\/wp\/v2\/comments?post=12327"}],"version-history":[{"count":3,"href":"https:\/\/www.univ-guyane.fr\/nl\/wp-json\/wp\/v2\/posts\/12327\/revisions"}],"predecessor-version":[{"id":12331,"href":"https:\/\/www.univ-guyane.fr\/nl\/wp-json\/wp\/v2\/posts\/12327\/revisions\/12331"}],"wp:featuredmedia":[{"embeddable":true,"href":"https:\/\/www.univ-guyane.fr\/nl\/wp-json\/wp\/v2\/media\/12329"}],"wp:attachment":[{"href":"https:\/\/www.univ-guyane.fr\/nl\/wp-json\/wp\/v2\/media?parent=12327"}],"wp:term":[{"taxonomy":"category","embeddable":true,"href":"https:\/\/www.univ-guyane.fr\/nl\/wp-json\/wp\/v2\/categories?post=12327"},{"taxonomy":"post_tag","embeddable":true,"href":"https:\/\/www.univ-guyane.fr\/nl\/wp-json\/wp\/v2\/tags?post=12327"}],"curies":[{"name":"wp","href":"https:\/\/api.w.org\/{rel}","templated":true}]}}