{"id":12332,"date":"2025-02-14T10:03:31","date_gmt":"2025-02-14T13:03:31","guid":{"rendered":"https:\/\/www.univ-guyane.fr\/?p=12332"},"modified":"2025-02-14T10:28:14","modified_gmt":"2025-02-14T13:28:14","slug":"partez-a-la-decouverte-du-monde-avec-le-programme-erasmus","status":"publish","type":"post","link":"https:\/\/www.univ-guyane.fr\/nl\/2025\/02\/14\/partez-a-la-decouverte-du-monde-avec-le-programme-erasmus\/","title":{"rendered":"Ontdek de wereld met het ERASMUS-programma!"},"content":{"rendered":"<div id=\"fws_69f1e8f0b3830\"  data-column-margin=\"default\" data-midnight=\"dark\"  class=\"wpb_row vc_row-fluid vc_row\"  style=\"padding-top: 0px; padding-bottom: 0px; \"><div class=\"row-bg-wrap\" data-bg-animation=\"none\" data-bg-animation-delay=\"\" data-bg-overlay=\"false\"><div class=\"inner-wrap row-bg-layer\" ><div class=\"row-bg viewport-desktop\"  style=\"\"><\/div><\/div><\/div><div class=\"row_col_wrap_12 col span_12 dark left\">\n\t<div  class=\"vc_col-sm-12 wpb_column column_container vc_column_container col no-extra-padding inherit_tablet inherit_phone\"  data-padding-pos=\"all\" data-has-bg-color=\"false\" data-bg-color=\"\" data-bg-opacity=\"1\" data-animation=\"\" data-delay=\"0\" >\n\t\t<div class=\"vc_column-inner\" >\n\t\t\t<div class=\"wpb_wrapper\">\n\t\t\t\t\n<div class=\"wpb_text_column wpb_content_element  chapo\" >\n\t<h2><strong>Droom je als student aan de Universiteit van Guyana van een internationale ervaring? Mis dan de informatiebijeenkomst over het ERASMUS-programma en internationale mobiliteit niet.<\/strong><\/h2>\n<\/div>\n\n\n\n\n<div class=\"wpb_text_column wpb_content_element\" >\n\t<p>Het ERASMUS-programma is een unieke kans om je academische en persoonlijke ontwikkeling te verrijken. Het stelt studenten in staat om een deel van hun studie in het buitenland door te brengen en tegelijkertijd een onvergetelijke culturele onderdompeling te ervaren. Verbeter je taalvaardigheden, ontdek nieuwe onderwijsmethoden en verken nieuwe horizonten: ERASMUS is de sleutel tot een verrijkende internationale ervaring.<\/p>\n<p>Dit programma staat open voor alle studenten, of ze nu studeren voor een bachelor, master of doctoraat, en omvat een breed scala aan disciplines. Bovendien worden de studiepunten die je in het buitenland hebt behaald over het algemeen erkend in je studie, waardoor het voor jou gemakkelijker wordt om terug te keren en je studiejaar te valideren.<\/p>\n<p>Tijdens deze bijeenkomst zullen de mensen die verantwoordelijk zijn voor het programma uitleggen hoe je je kunt aanmelden, wat de selectiecriteria zijn en welke bestemmingen beschikbaar zijn. Meer dan 13 Europese landen nemen deel aan deze uitwisseling, maar daar houdt het avontuur niet op: bestemmingen in Zuid-Amerika, zoals Brazili\u00eb, Guyana en Colombia, zijn ook beschikbaar. Studenten kunnen kiezen uit een groot aantal partneruniversiteiten die programma's aanbieden die zijn afgestemd op hun academische en professionele doelen.<\/p>\n<p>Je krijgt ook de kans om met oud-deelnemers te praten, die hun ervaringen en adviezen met je zullen delen. Het is ook een gelegenheid om de internationale studenten te ontmoeten die momenteel aan de Universiteit van Guyana studeren!<\/p>\n<p>Door deel te nemen aan dit evenement krijg je alle essenti\u00eble informatie over ERASMUS-beurzen, administratieve procedures en tips over hoe je je verblijf in het buitenland het beste kunt voorbereiden. Je krijgt alle informatie die je nodig hebt om je mobiliteitsproject te verwezenlijken en te genieten van een uitzonderlijke academische en menselijke ervaring.<\/p>\n<p>Laat deze kans niet aan je voorbij gaan! Ontmoet ons op woensdag 26 februari 2025 om 12.00 uur in collegezaal C van de Universiteit van Guyana en open de deuren naar jouw internationale toekomst!<\/p>\n<\/div>\n\n\n\n\n\t\t\t<\/div> \n\t\t<\/div>\n\t<\/div> \n<\/div><\/div>","protected":false},"excerpt":{"rendered":"Droom je als student aan de Universiteit van Guyana van een internationale ervaring? Mis dan niet...","protected":false},"author":1,"featured_media":12333,"comment_status":"closed","ping_status":"open","sticky":false,"template":"","format":"standard","meta":{"iawp_total_views":336,"footnotes":""},"categories":[171,170],"tags":[173,172],"class_list":{"0":"post-12332","1":"post","2":"type-post","3":"status-publish","4":"format-standard","5":"has-post-thumbnail","7":"category-erasmus","8":"category-international","9":"tag-erasmus","10":"tag-international"},"yoast_head":"<!-- This site is optimized with the Yoast SEO plugin v27.5 - https:\/\/yoast.com\/product\/yoast-seo-wordpress\/ -->\n<title>Partez \u00e0 la d\u00e9couverte du monde avec le programme ERASMUS ! &#8212; Universit\u00e9 de Guyane<\/title>\n<meta name=\"description\" content=\"D\u00e9couvrez les avantages du programme ERASMUS ! Partez \u00e0 la d\u00e9couverte du monde tout en enrichissant votre parcours acad\u00e9mique.\" \/>\n<meta name=\"robots\" content=\"index, follow, max-snippet:-1, max-image-preview:large, max-video-preview:-1\" \/>\n<link rel=\"canonical\" href=\"https:\/\/www.univ-guyane.fr\/nl\/2025\/02\/14\/partez-a-la-decouverte-du-monde-avec-le-programme-erasmus\/\" \/>\n<meta property=\"og:locale\" content=\"nl_NL\" \/>\n<meta property=\"og:type\" content=\"article\" \/>\n<meta property=\"og:title\" content=\"Partez \u00e0 la d\u00e9couverte du monde avec le programme ERASMUS ! &#8212; Universit\u00e9 de Guyane\" \/>\n<meta property=\"og:description\" content=\"D\u00e9couvrez les avantages du programme ERASMUS ! Partez \u00e0 la d\u00e9couverte du monde tout en enrichissant votre parcours acad\u00e9mique.\" \/>\n<meta property=\"og:url\" content=\"https:\/\/www.univ-guyane.fr\/nl\/2025\/02\/14\/partez-a-la-decouverte-du-monde-avec-le-programme-erasmus\/\" \/>\n<meta property=\"og:site_name\" content=\"Universit\u00e9 de Guyane\" \/>\n<meta property=\"article:publisher\" content=\"https:\/\/www.facebook.com\/univguyane\" \/>\n<meta property=\"article:published_time\" content=\"2025-02-14T13:03:31+00:00\" \/>\n<meta property=\"article:modified_time\" content=\"2025-02-14T13:28:14+00:00\" \/>\n<meta property=\"og:image\" content=\"https:\/\/www.univ-guyane.fr\/wp-content\/uploads\/international-universite-de-guyane.jpg\" \/>\n\t<meta property=\"og:image:width\" content=\"2000\" \/>\n\t<meta property=\"og:image:height\" content=\"1333\" \/>\n\t<meta property=\"og:image:type\" content=\"image\/jpeg\" \/>\n<meta name=\"author\" content=\"Erick Loiti\u00e8re\" \/>\n<meta name=\"twitter:card\" content=\"summary_large_image\" \/>\n<meta name=\"twitter:creator\" content=\"@univguyane\" \/>\n<meta name=\"twitter:site\" content=\"@univguyane\" \/>\n<meta name=\"twitter:label1\" content=\"Geschreven door\" \/>\n\t<meta name=\"twitter:data1\" content=\"Erick Loiti\u00e8re\" \/>\n\t<meta name=\"twitter:label2\" content=\"Geschatte leestijd\" \/>\n\t<meta name=\"twitter:data2\" content=\"2 minuten\" \/>\n<script type=\"application\/ld+json\" class=\"yoast-schema-graph\">{\"@context\":\"https:\\\/\\\/schema.org\",\"@graph\":[{\"@type\":\"Article\",\"@id\":\"https:\\\/\\\/www.univ-guyane.fr\\\/2025\\\/02\\\/14\\\/partez-a-la-decouverte-du-monde-avec-le-programme-erasmus\\\/#article\",\"isPartOf\":{\"@id\":\"https:\\\/\\\/www.univ-guyane.fr\\\/2025\\\/02\\\/14\\\/partez-a-la-decouverte-du-monde-avec-le-programme-erasmus\\\/\"},\"author\":{\"name\":\"Erick Loiti\u00e8re\",\"@id\":\"https:\\\/\\\/www.univ-guyane.fr\\\/#\\\/schema\\\/person\\\/86d946a28a8be51bb096ccfdf19db179\"},\"headline\":\"Partez \u00e0 la d\u00e9couverte du monde avec le programme ERASMUS !\",\"datePublished\":\"2025-02-14T13:03:31+00:00\",\"dateModified\":\"2025-02-14T13:28:14+00:00\",\"mainEntityOfPage\":{\"@id\":\"https:\\\/\\\/www.univ-guyane.fr\\\/2025\\\/02\\\/14\\\/partez-a-la-decouverte-du-monde-avec-le-programme-erasmus\\\/\"},\"wordCount\":543,\"publisher\":{\"@id\":\"https:\\\/\\\/www.univ-guyane.fr\\\/#organization\"},\"image\":{\"@id\":\"https:\\\/\\\/www.univ-guyane.fr\\\/2025\\\/02\\\/14\\\/partez-a-la-decouverte-du-monde-avec-le-programme-erasmus\\\/#primaryimage\"},\"thumbnailUrl\":\"https:\\\/\\\/www.univ-guyane.fr\\\/wp-content\\\/uploads\\\/international-universite-de-guyane.jpg\",\"keywords\":[\"Erasmus+\",\"International\"],\"articleSection\":[\"\u2022 Erasmus +\",\"\u2022 International\"],\"inLanguage\":\"nl-NL\"},{\"@type\":\"WebPage\",\"@id\":\"https:\\\/\\\/www.univ-guyane.fr\\\/2025\\\/02\\\/14\\\/partez-a-la-decouverte-du-monde-avec-le-programme-erasmus\\\/\",\"url\":\"https:\\\/\\\/www.univ-guyane.fr\\\/2025\\\/02\\\/14\\\/partez-a-la-decouverte-du-monde-avec-le-programme-erasmus\\\/\",\"name\":\"Partez \u00e0 la d\u00e9couverte du monde avec le programme ERASMUS ! &#8212; Universit\u00e9 de Guyane\",\"isPartOf\":{\"@id\":\"https:\\\/\\\/www.univ-guyane.fr\\\/#website\"},\"primaryImageOfPage\":{\"@id\":\"https:\\\/\\\/www.univ-guyane.fr\\\/2025\\\/02\\\/14\\\/partez-a-la-decouverte-du-monde-avec-le-programme-erasmus\\\/#primaryimage\"},\"image\":{\"@id\":\"https:\\\/\\\/www.univ-guyane.fr\\\/2025\\\/02\\\/14\\\/partez-a-la-decouverte-du-monde-avec-le-programme-erasmus\\\/#primaryimage\"},\"thumbnailUrl\":\"https:\\\/\\\/www.univ-guyane.fr\\\/wp-content\\\/uploads\\\/international-universite-de-guyane.jpg\",\"datePublished\":\"2025-02-14T13:03:31+00:00\",\"dateModified\":\"2025-02-14T13:28:14+00:00\",\"description\":\"D\u00e9couvrez les avantages du programme ERASMUS ! Partez \u00e0 la d\u00e9couverte du monde tout en enrichissant votre parcours acad\u00e9mique.\",\"breadcrumb\":{\"@id\":\"https:\\\/\\\/www.univ-guyane.fr\\\/2025\\\/02\\\/14\\\/partez-a-la-decouverte-du-monde-avec-le-programme-erasmus\\\/#breadcrumb\"},\"inLanguage\":\"nl-NL\",\"potentialAction\":[{\"@type\":\"ReadAction\",\"target\":[\"https:\\\/\\\/www.univ-guyane.fr\\\/2025\\\/02\\\/14\\\/partez-a-la-decouverte-du-monde-avec-le-programme-erasmus\\\/\"]}]},{\"@type\":\"ImageObject\",\"inLanguage\":\"nl-NL\",\"@id\":\"https:\\\/\\\/www.univ-guyane.fr\\\/2025\\\/02\\\/14\\\/partez-a-la-decouverte-du-monde-avec-le-programme-erasmus\\\/#primaryimage\",\"url\":\"https:\\\/\\\/www.univ-guyane.fr\\\/wp-content\\\/uploads\\\/international-universite-de-guyane.jpg\",\"contentUrl\":\"https:\\\/\\\/www.univ-guyane.fr\\\/wp-content\\\/uploads\\\/international-universite-de-guyane.jpg\",\"width\":2000,\"height\":1333,\"caption\":\"Partez \u00e0 la d\u00e9couverte du monde avec le programme ERASMUS !\"},{\"@type\":\"BreadcrumbList\",\"@id\":\"https:\\\/\\\/www.univ-guyane.fr\\\/2025\\\/02\\\/14\\\/partez-a-la-decouverte-du-monde-avec-le-programme-erasmus\\\/#breadcrumb\",\"itemListElement\":[{\"@type\":\"ListItem\",\"position\":1,\"name\":\"Accueil\",\"item\":\"https:\\\/\\\/www.univ-guyane.fr\\\/\"},{\"@type\":\"ListItem\",\"position\":2,\"name\":\"Partez \u00e0 la d\u00e9couverte du monde avec le programme ERASMUS !\"}]},{\"@type\":\"WebSite\",\"@id\":\"https:\\\/\\\/www.univ-guyane.fr\\\/#website\",\"url\":\"https:\\\/\\\/www.univ-guyane.fr\\\/\",\"name\":\"Universit\u00e9 de Guyane\",\"description\":\"Au c\u0153ur de l&#039;amazonie\",\"publisher\":{\"@id\":\"https:\\\/\\\/www.univ-guyane.fr\\\/#organization\"},\"alternateName\":\"UG\",\"potentialAction\":[{\"@type\":\"SearchAction\",\"target\":{\"@type\":\"EntryPoint\",\"urlTemplate\":\"https:\\\/\\\/www.univ-guyane.fr\\\/?s={search_term_string}\"},\"query-input\":{\"@type\":\"PropertyValueSpecification\",\"valueRequired\":true,\"valueName\":\"search_term_string\"}}],\"inLanguage\":\"nl-NL\"},{\"@type\":\"Organization\",\"@id\":\"https:\\\/\\\/www.univ-guyane.fr\\\/#organization\",\"name\":\"Universit\u00e9 de Guyane\",\"alternateName\":\"UG\",\"url\":\"https:\\\/\\\/www.univ-guyane.fr\\\/\",\"logo\":{\"@type\":\"ImageObject\",\"inLanguage\":\"nl-NL\",\"@id\":\"https:\\\/\\\/www.univ-guyane.fr\\\/#\\\/schema\\\/logo\\\/image\\\/\",\"url\":\"https:\\\/\\\/www.univ-guyane.fr\\\/wp-content\\\/uploads\\\/2024\\\/05\\\/f.png\",\"contentUrl\":\"https:\\\/\\\/www.univ-guyane.fr\\\/wp-content\\\/uploads\\\/2024\\\/05\\\/f.png\",\"width\":1024,\"height\":1024,\"caption\":\"Universit\u00e9 de Guyane\"},\"image\":{\"@id\":\"https:\\\/\\\/www.univ-guyane.fr\\\/#\\\/schema\\\/logo\\\/image\\\/\"},\"sameAs\":[\"https:\\\/\\\/www.facebook.com\\\/univguyane\",\"https:\\\/\\\/x.com\\\/univguyane\",\"https:\\\/\\\/gf.linkedin.com\\\/school\\\/universite-de-guyane\\\/\",\"https:\\\/\\\/www.instagram.com\\\/univ_guyane\\\/\"]},{\"@type\":\"Person\",\"@id\":\"https:\\\/\\\/www.univ-guyane.fr\\\/#\\\/schema\\\/person\\\/86d946a28a8be51bb096ccfdf19db179\",\"name\":\"Erick Loiti\u00e8re\",\"image\":{\"@type\":\"ImageObject\",\"inLanguage\":\"nl-NL\",\"@id\":\"https:\\\/\\\/secure.gravatar.com\\\/avatar\\\/0584f332103fbeaf37e52c73b15dca3c547fd9300deb05764e9ad8714839d072?s=96&d=robohash&r=g\",\"url\":\"https:\\\/\\\/secure.gravatar.com\\\/avatar\\\/0584f332103fbeaf37e52c73b15dca3c547fd9300deb05764e9ad8714839d072?s=96&d=robohash&r=g\",\"contentUrl\":\"https:\\\/\\\/secure.gravatar.com\\\/avatar\\\/0584f332103fbeaf37e52c73b15dca3c547fd9300deb05764e9ad8714839d072?s=96&d=robohash&r=g\",\"caption\":\"Erick Loiti\u00e8re\"},\"sameAs\":[\"http:\\\/\\\/www.univ-guyane.fr\"],\"url\":\"https:\\\/\\\/www.univ-guyane.fr\\\/nl\\\/author\\\/eloitierdbz\\\/\"}]}<\/script>\n<!-- \/ Yoast SEO plugin. -->","yoast_head_json":{"title":"Partez \u00e0 la d\u00e9couverte du monde avec le programme ERASMUS ! &#8212; Universit\u00e9 de Guyane","description":"D\u00e9couvrez les avantages du programme ERASMUS ! Partez \u00e0 la d\u00e9couverte du monde tout en enrichissant votre parcours acad\u00e9mique.","robots":{"index":"index","follow":"follow","max-snippet":"max-snippet:-1","max-image-preview":"max-image-preview:large","max-video-preview":"max-video-preview:-1"},"canonical":"https:\/\/www.univ-guyane.fr\/nl\/2025\/02\/14\/partez-a-la-decouverte-du-monde-avec-le-programme-erasmus\/","og_locale":"nl_NL","og_type":"article","og_title":"Partez \u00e0 la d\u00e9couverte du monde avec le programme ERASMUS ! &#8212; Universit\u00e9 de Guyane","og_description":"D\u00e9couvrez les avantages du programme ERASMUS ! Partez \u00e0 la d\u00e9couverte du monde tout en enrichissant votre parcours acad\u00e9mique.","og_url":"https:\/\/www.univ-guyane.fr\/nl\/2025\/02\/14\/partez-a-la-decouverte-du-monde-avec-le-programme-erasmus\/","og_site_name":"Universit\u00e9 de Guyane","article_publisher":"https:\/\/www.facebook.com\/univguyane","article_published_time":"2025-02-14T13:03:31+00:00","article_modified_time":"2025-02-14T13:28:14+00:00","og_image":[{"width":2000,"height":1333,"url":"https:\/\/www.univ-guyane.fr\/wp-content\/uploads\/international-universite-de-guyane.jpg","type":"image\/jpeg"}],"author":"Erick Loiti\u00e8re","twitter_card":"summary_large_image","twitter_creator":"@univguyane","twitter_site":"@univguyane","twitter_misc":{"Geschreven door":"Erick Loiti\u00e8re","Geschatte leestijd":"2 minuten"},"schema":{"@context":"https:\/\/schema.org","@graph":[{"@type":"Article","@id":"https:\/\/www.univ-guyane.fr\/2025\/02\/14\/partez-a-la-decouverte-du-monde-avec-le-programme-erasmus\/#article","isPartOf":{"@id":"https:\/\/www.univ-guyane.fr\/2025\/02\/14\/partez-a-la-decouverte-du-monde-avec-le-programme-erasmus\/"},"author":{"name":"Erick Loiti\u00e8re","@id":"https:\/\/www.univ-guyane.fr\/#\/schema\/person\/86d946a28a8be51bb096ccfdf19db179"},"headline":"Partez \u00e0 la d\u00e9couverte du monde avec le programme ERASMUS !","datePublished":"2025-02-14T13:03:31+00:00","dateModified":"2025-02-14T13:28:14+00:00","mainEntityOfPage":{"@id":"https:\/\/www.univ-guyane.fr\/2025\/02\/14\/partez-a-la-decouverte-du-monde-avec-le-programme-erasmus\/"},"wordCount":543,"publisher":{"@id":"https:\/\/www.univ-guyane.fr\/#organization"},"image":{"@id":"https:\/\/www.univ-guyane.fr\/2025\/02\/14\/partez-a-la-decouverte-du-monde-avec-le-programme-erasmus\/#primaryimage"},"thumbnailUrl":"https:\/\/www.univ-guyane.fr\/wp-content\/uploads\/international-universite-de-guyane.jpg","keywords":["Erasmus+","International"],"articleSection":["\u2022 Erasmus +","\u2022 International"],"inLanguage":"nl-NL"},{"@type":"WebPage","@id":"https:\/\/www.univ-guyane.fr\/2025\/02\/14\/partez-a-la-decouverte-du-monde-avec-le-programme-erasmus\/","url":"https:\/\/www.univ-guyane.fr\/2025\/02\/14\/partez-a-la-decouverte-du-monde-avec-le-programme-erasmus\/","name":"Partez \u00e0 la d\u00e9couverte du monde avec le programme ERASMUS ! &#8212; Universit\u00e9 de Guyane","isPartOf":{"@id":"https:\/\/www.univ-guyane.fr\/#website"},"primaryImageOfPage":{"@id":"https:\/\/www.univ-guyane.fr\/2025\/02\/14\/partez-a-la-decouverte-du-monde-avec-le-programme-erasmus\/#primaryimage"},"image":{"@id":"https:\/\/www.univ-guyane.fr\/2025\/02\/14\/partez-a-la-decouverte-du-monde-avec-le-programme-erasmus\/#primaryimage"},"thumbnailUrl":"https:\/\/www.univ-guyane.fr\/wp-content\/uploads\/international-universite-de-guyane.jpg","datePublished":"2025-02-14T13:03:31+00:00","dateModified":"2025-02-14T13:28:14+00:00","description":"D\u00e9couvrez les avantages du programme ERASMUS ! Partez \u00e0 la d\u00e9couverte du monde tout en enrichissant votre parcours acad\u00e9mique.","breadcrumb":{"@id":"https:\/\/www.univ-guyane.fr\/2025\/02\/14\/partez-a-la-decouverte-du-monde-avec-le-programme-erasmus\/#breadcrumb"},"inLanguage":"nl-NL","potentialAction":[{"@type":"ReadAction","target":["https:\/\/www.univ-guyane.fr\/2025\/02\/14\/partez-a-la-decouverte-du-monde-avec-le-programme-erasmus\/"]}]},{"@type":"ImageObject","inLanguage":"nl-NL","@id":"https:\/\/www.univ-guyane.fr\/2025\/02\/14\/partez-a-la-decouverte-du-monde-avec-le-programme-erasmus\/#primaryimage","url":"https:\/\/www.univ-guyane.fr\/wp-content\/uploads\/international-universite-de-guyane.jpg","contentUrl":"https:\/\/www.univ-guyane.fr\/wp-content\/uploads\/international-universite-de-guyane.jpg","width":2000,"height":1333,"caption":"Partez \u00e0 la d\u00e9couverte du monde avec le programme ERASMUS !"},{"@type":"BreadcrumbList","@id":"https:\/\/www.univ-guyane.fr\/2025\/02\/14\/partez-a-la-decouverte-du-monde-avec-le-programme-erasmus\/#breadcrumb","itemListElement":[{"@type":"ListItem","position":1,"name":"Accueil","item":"https:\/\/www.univ-guyane.fr\/"},{"@type":"ListItem","position":2,"name":"Partez \u00e0 la d\u00e9couverte du monde avec le programme ERASMUS !"}]},{"@type":"WebSite","@id":"https:\/\/www.univ-guyane.fr\/#website","url":"https:\/\/www.univ-guyane.fr\/","name":"Universiteit van Guyana","description":"In het hart van Amazonia","publisher":{"@id":"https:\/\/www.univ-guyane.fr\/#organization"},"alternateName":"UG","potentialAction":[{"@type":"SearchAction","target":{"@type":"EntryPoint","urlTemplate":"https:\/\/www.univ-guyane.fr\/?s={search_term_string}"},"query-input":{"@type":"PropertyValueSpecification","valueRequired":true,"valueName":"search_term_string"}}],"inLanguage":"nl-NL"},{"@type":"Organization","@id":"https:\/\/www.univ-guyane.fr\/#organization","name":"Universiteit van Guyana","alternateName":"UG","url":"https:\/\/www.univ-guyane.fr\/","logo":{"@type":"ImageObject","inLanguage":"nl-NL","@id":"https:\/\/www.univ-guyane.fr\/#\/schema\/logo\/image\/","url":"https:\/\/www.univ-guyane.fr\/wp-content\/uploads\/2024\/05\/f.png","contentUrl":"https:\/\/www.univ-guyane.fr\/wp-content\/uploads\/2024\/05\/f.png","width":1024,"height":1024,"caption":"Universit\u00e9 de Guyane"},"image":{"@id":"https:\/\/www.univ-guyane.fr\/#\/schema\/logo\/image\/"},"sameAs":["https:\/\/www.facebook.com\/univguyane","https:\/\/x.com\/univguyane","https:\/\/gf.linkedin.com\/school\/universite-de-guyane\/","https:\/\/www.instagram.com\/univ_guyane\/"]},{"@type":"Person","@id":"https:\/\/www.univ-guyane.fr\/#\/schema\/person\/86d946a28a8be51bb096ccfdf19db179","name":"Erick Loiti\u00e8re","image":{"@type":"ImageObject","inLanguage":"nl-NL","@id":"https:\/\/secure.gravatar.com\/avatar\/0584f332103fbeaf37e52c73b15dca3c547fd9300deb05764e9ad8714839d072?s=96&d=robohash&r=g","url":"https:\/\/secure.gravatar.com\/avatar\/0584f332103fbeaf37e52c73b15dca3c547fd9300deb05764e9ad8714839d072?s=96&d=robohash&r=g","contentUrl":"https:\/\/secure.gravatar.com\/avatar\/0584f332103fbeaf37e52c73b15dca3c547fd9300deb05764e9ad8714839d072?s=96&d=robohash&r=g","caption":"Erick Loiti\u00e8re"},"sameAs":["http:\/\/www.univ-guyane.fr"],"url":"https:\/\/www.univ-guyane.fr\/nl\/author\/eloitierdbz\/"}]}},"_links":{"self":[{"href":"https:\/\/www.univ-guyane.fr\/nl\/wp-json\/wp\/v2\/posts\/12332","targetHints":{"allow":["GET"]}}],"collection":[{"href":"https:\/\/www.univ-guyane.fr\/nl\/wp-json\/wp\/v2\/posts"}],"about":[{"href":"https:\/\/www.univ-guyane.fr\/nl\/wp-json\/wp\/v2\/types\/post"}],"author":[{"embeddable":true,"href":"https:\/\/www.univ-guyane.fr\/nl\/wp-json\/wp\/v2\/users\/1"}],"replies":[{"embeddable":true,"href":"https:\/\/www.univ-guyane.fr\/nl\/wp-json\/wp\/v2\/comments?post=12332"}],"version-history":[{"count":2,"href":"https:\/\/www.univ-guyane.fr\/nl\/wp-json\/wp\/v2\/posts\/12332\/revisions"}],"predecessor-version":[{"id":12335,"href":"https:\/\/www.univ-guyane.fr\/nl\/wp-json\/wp\/v2\/posts\/12332\/revisions\/12335"}],"wp:featuredmedia":[{"embeddable":true,"href":"https:\/\/www.univ-guyane.fr\/nl\/wp-json\/wp\/v2\/media\/12333"}],"wp:attachment":[{"href":"https:\/\/www.univ-guyane.fr\/nl\/wp-json\/wp\/v2\/media?parent=12332"}],"wp:term":[{"taxonomy":"category","embeddable":true,"href":"https:\/\/www.univ-guyane.fr\/nl\/wp-json\/wp\/v2\/categories?post=12332"},{"taxonomy":"post_tag","embeddable":true,"href":"https:\/\/www.univ-guyane.fr\/nl\/wp-json\/wp\/v2\/tags?post=12332"}],"curies":[{"name":"wp","href":"https:\/\/api.w.org\/{rel}","templated":true}]}}