{"id":12563,"date":"2025-02-27T12:03:48","date_gmt":"2025-02-27T15:03:48","guid":{"rendered":"https:\/\/www.univ-guyane.fr\/?p=12563"},"modified":"2025-02-27T12:03:48","modified_gmt":"2025-02-27T15:03:48","slug":"un-nouveau-lieu-daccueil-pour-le-centre-de-ressources-en-langues","status":"publish","type":"post","link":"https:\/\/www.univ-guyane.fr\/nl\/2025\/02\/27\/un-nouveau-lieu-daccueil-pour-le-centre-de-ressources-en-langues\/","title":{"rendered":"Een nieuw thuis voor het Talencentrum"},"content":{"rendered":"<div id=\"fws_69f39bbcc6cf9\"  data-column-margin=\"default\" data-midnight=\"dark\"  class=\"wpb_row vc_row-fluid vc_row\"  style=\"padding-top: 0px; padding-bottom: 0px; \"><div class=\"row-bg-wrap\" data-bg-animation=\"none\" data-bg-animation-delay=\"\" data-bg-overlay=\"false\"><div class=\"inner-wrap row-bg-layer\" ><div class=\"row-bg viewport-desktop\"  style=\"\"><\/div><\/div><\/div><div class=\"row_col_wrap_12 col span_12 dark left\">\n\t<div  class=\"vc_col-sm-12 wpb_column column_container vc_column_container col no-extra-padding inherit_tablet inherit_phone\"  data-padding-pos=\"all\" data-has-bg-color=\"false\" data-bg-color=\"\" data-bg-opacity=\"1\" data-animation=\"\" data-delay=\"0\" >\n\t\t<div class=\"vc_column-inner\" >\n\t\t\t<div class=\"wpb_wrapper\">\n\t\t\t\t\n<div class=\"wpb_text_column wpb_content_element  chapo\" >\n\t<h2>Goed nieuws voor studenten en medewerkers van de Universit\u00e9 de Guyane! Het Language Resource Centre (LRC) is net verhuisd naar een nieuw pand op de begane grond van het onderzoeksgebouw.<\/h2>\n<\/div>\n\n\n\n\n<div class=\"wpb_text_column wpb_content_element\" >\n\t<p>Met deze uitbreiding kan de <a href=\"https:\/\/www.univ-guyane.fr\/nl\/campus\/apprendre-une-langue-avec-le-crl\/\">CRL<\/a> twee receptieruimtes aan te bieden: de eerste in kamer BSI004 en de tweede op deze nieuwe locatie, zodat alle studenten en medewerkers van de universiteit gemakkelijker toegang hebben tot diensten.<\/p>\n<h3>Een toegankelijke en lonende leeromgeving<\/h3>\n<p>Het LRC is een omgeving gewijd aan het leren van talen en biedt studenten, docenten en universiteitsmedewerkers de hulpmiddelen die ze nodig hebben om hun taalvaardigheden te verbeteren. Of je nu een nieuwe taal wilt leren of je niveau wilt verbeteren, het LRC biedt een verscheidenheid aan leermiddelen:<\/p>\n<ul>\n<li>Interactieve multimedia<\/li>\n<li>Handleidingen en vakliteratuur<\/li>\n<li>Toegang tot een video- en spelletjesbibliotheek<\/li>\n<li>Ruimte voor zelfstudie<\/li>\n<li>Begeleiding door taaldocenten<\/li>\n<li>Thematische taalworkshops en activiteiten<\/li>\n<\/ul>\n<h3>Ondersteuning op maat<\/h3>\n<p>Een van de grootste pluspunten van het LRC is de diversiteit aan leermethoden die wordt aangeboden. Gebruikers kunnen kiezen tussen zelfgestuurd leren met behulp van de vele beschikbare materialen, of persoonlijke ondersteuning door middel van sessies met monitors. Deze ondersteuning maakt het mogelijk om te werken aan mondeling en schriftelijk begrip en expressie.<\/p>\n<p>Het LRC organiseert ook taalevenementen die praktijkervaring in een vriendelijke omgeving aanmoedigen.<\/p>\n<h3>Flexibele werktijden voor iedereen<\/h3>\n<p>Om je te helpen je studie beter te organiseren, biedt het LRC flexibele roosters:<\/p>\n<ul>\n<li>Maandag: 8u-12u \/ 14u-4u<\/li>\n<li>Dinsdag: 8u-12u \/ 14u-16u<\/li>\n<li>Woensdag: 8u-12u \/ 14u-18u<\/li>\n<li>Donderdag: 8u-1u<\/li>\n<li>Vrijdag: 8u-12u \/ 14u-4u<\/li>\n<\/ul>\n<p>Of je nu liever alleen leert of met de hulp van taaldocenten, de <a href=\"https:\/\/www.univ-guyane.fr\/nl\/campus\/apprendre-une-langue-avec-le-crl\/\">CRL<\/a> biedt oplossingen voor elke behoefte.<\/p>\n<p>Deze uitbreiding versterkt de toewijding van de universiteit aan toegankelijk en effectief leren, waardoor iedereen toegang krijgt tot bronnen van hoge kwaliteit.<\/p>\n<\/div>\n\n\n\n\n\t\t\t<\/div> \n\t\t<\/div>\n\t<\/div> \n<\/div><\/div>","protected":false},"excerpt":{"rendered":"Goed nieuws voor studenten en medewerkers van de Universiteit van Guyana! Het Centrum...","protected":false},"author":1,"featured_media":12565,"comment_status":"closed","ping_status":"open","sticky":false,"template":"","format":"standard","meta":{"iawp_total_views":178,"footnotes":""},"categories":[156,244],"tags":[],"class_list":{"0":"post-12563","1":"post","2":"type-post","3":"status-publish","4":"format-standard","5":"has-post-thumbnail","7":"category-campus","8":"category-crl"},"yoast_head":"<!-- This site is optimized with the Yoast SEO plugin v27.5 - https:\/\/yoast.com\/product\/yoast-seo-wordpress\/ -->\n<title>Un nouveau lieu d\u2019accueil pour le Centre de Ressources en Langues &#8212; Universit\u00e9 de Guyane<\/title>\n<meta name=\"description\" content=\"Le CRL propose des ressources vari\u00e9es pour am\u00e9liorer vos comp\u00e9tences linguistiques. D\u00e9couvrez les services offerts au CRL.\" \/>\n<meta name=\"robots\" content=\"index, follow, max-snippet:-1, max-image-preview:large, max-video-preview:-1\" \/>\n<link rel=\"canonical\" href=\"https:\/\/www.univ-guyane.fr\/nl\/2025\/02\/27\/un-nouveau-lieu-daccueil-pour-le-centre-de-ressources-en-langues\/\" \/>\n<meta property=\"og:locale\" content=\"nl_NL\" \/>\n<meta property=\"og:type\" content=\"article\" \/>\n<meta property=\"og:title\" content=\"Un nouveau lieu d\u2019accueil pour le Centre de Ressources en Langues &#8212; Universit\u00e9 de Guyane\" \/>\n<meta property=\"og:description\" content=\"Le CRL propose des ressources vari\u00e9es pour am\u00e9liorer vos comp\u00e9tences linguistiques. D\u00e9couvrez les services offerts au CRL.\" \/>\n<meta property=\"og:url\" content=\"https:\/\/www.univ-guyane.fr\/nl\/2025\/02\/27\/un-nouveau-lieu-daccueil-pour-le-centre-de-ressources-en-langues\/\" \/>\n<meta property=\"og:site_name\" content=\"Universit\u00e9 de Guyane\" \/>\n<meta property=\"article:publisher\" content=\"https:\/\/www.facebook.com\/univguyane\" \/>\n<meta property=\"article:published_time\" content=\"2025-02-27T15:03:48+00:00\" \/>\n<meta property=\"og:image\" content=\"https:\/\/www.univ-guyane.fr\/wp-content\/uploads\/CRL.jpg\" \/>\n\t<meta property=\"og:image:width\" content=\"1920\" \/>\n\t<meta property=\"og:image:height\" content=\"1080\" \/>\n\t<meta property=\"og:image:type\" content=\"image\/jpeg\" \/>\n<meta name=\"author\" content=\"Erick Loiti\u00e8re\" \/>\n<meta name=\"twitter:card\" content=\"summary_large_image\" \/>\n<meta name=\"twitter:creator\" content=\"@univguyane\" \/>\n<meta name=\"twitter:site\" content=\"@univguyane\" \/>\n<meta name=\"twitter:label1\" content=\"Geschreven door\" \/>\n\t<meta name=\"twitter:data1\" content=\"Erick Loiti\u00e8re\" \/>\n\t<meta name=\"twitter:label2\" content=\"Geschatte leestijd\" \/>\n\t<meta name=\"twitter:data2\" content=\"2 minuten\" \/>\n<script type=\"application\/ld+json\" class=\"yoast-schema-graph\">{\"@context\":\"https:\\\/\\\/schema.org\",\"@graph\":[{\"@type\":\"Article\",\"@id\":\"https:\\\/\\\/www.univ-guyane.fr\\\/2025\\\/02\\\/27\\\/un-nouveau-lieu-daccueil-pour-le-centre-de-ressources-en-langues\\\/#article\",\"isPartOf\":{\"@id\":\"https:\\\/\\\/www.univ-guyane.fr\\\/2025\\\/02\\\/27\\\/un-nouveau-lieu-daccueil-pour-le-centre-de-ressources-en-langues\\\/\"},\"author\":{\"name\":\"Erick Loiti\u00e8re\",\"@id\":\"https:\\\/\\\/www.univ-guyane.fr\\\/#\\\/schema\\\/person\\\/86d946a28a8be51bb096ccfdf19db179\"},\"headline\":\"Un nouveau lieu d\u2019accueil pour le Centre de Ressources en Langues\",\"datePublished\":\"2025-02-27T15:03:48+00:00\",\"mainEntityOfPage\":{\"@id\":\"https:\\\/\\\/www.univ-guyane.fr\\\/2025\\\/02\\\/27\\\/un-nouveau-lieu-daccueil-pour-le-centre-de-ressources-en-langues\\\/\"},\"wordCount\":538,\"publisher\":{\"@id\":\"https:\\\/\\\/www.univ-guyane.fr\\\/#organization\"},\"image\":{\"@id\":\"https:\\\/\\\/www.univ-guyane.fr\\\/2025\\\/02\\\/27\\\/un-nouveau-lieu-daccueil-pour-le-centre-de-ressources-en-langues\\\/#primaryimage\"},\"thumbnailUrl\":\"https:\\\/\\\/www.univ-guyane.fr\\\/wp-content\\\/uploads\\\/CRL.jpg\",\"articleSection\":[\"\u2022\u00a0Campus\",\"\u2022 CRL\"],\"inLanguage\":\"nl-NL\"},{\"@type\":\"WebPage\",\"@id\":\"https:\\\/\\\/www.univ-guyane.fr\\\/2025\\\/02\\\/27\\\/un-nouveau-lieu-daccueil-pour-le-centre-de-ressources-en-langues\\\/\",\"url\":\"https:\\\/\\\/www.univ-guyane.fr\\\/2025\\\/02\\\/27\\\/un-nouveau-lieu-daccueil-pour-le-centre-de-ressources-en-langues\\\/\",\"name\":\"Un nouveau lieu d\u2019accueil pour le Centre de Ressources en Langues &#8212; Universit\u00e9 de Guyane\",\"isPartOf\":{\"@id\":\"https:\\\/\\\/www.univ-guyane.fr\\\/#website\"},\"primaryImageOfPage\":{\"@id\":\"https:\\\/\\\/www.univ-guyane.fr\\\/2025\\\/02\\\/27\\\/un-nouveau-lieu-daccueil-pour-le-centre-de-ressources-en-langues\\\/#primaryimage\"},\"image\":{\"@id\":\"https:\\\/\\\/www.univ-guyane.fr\\\/2025\\\/02\\\/27\\\/un-nouveau-lieu-daccueil-pour-le-centre-de-ressources-en-langues\\\/#primaryimage\"},\"thumbnailUrl\":\"https:\\\/\\\/www.univ-guyane.fr\\\/wp-content\\\/uploads\\\/CRL.jpg\",\"datePublished\":\"2025-02-27T15:03:48+00:00\",\"description\":\"Le CRL propose des ressources vari\u00e9es pour am\u00e9liorer vos comp\u00e9tences linguistiques. D\u00e9couvrez les services offerts au CRL.\",\"breadcrumb\":{\"@id\":\"https:\\\/\\\/www.univ-guyane.fr\\\/2025\\\/02\\\/27\\\/un-nouveau-lieu-daccueil-pour-le-centre-de-ressources-en-langues\\\/#breadcrumb\"},\"inLanguage\":\"nl-NL\",\"potentialAction\":[{\"@type\":\"ReadAction\",\"target\":[\"https:\\\/\\\/www.univ-guyane.fr\\\/2025\\\/02\\\/27\\\/un-nouveau-lieu-daccueil-pour-le-centre-de-ressources-en-langues\\\/\"]}]},{\"@type\":\"ImageObject\",\"inLanguage\":\"nl-NL\",\"@id\":\"https:\\\/\\\/www.univ-guyane.fr\\\/2025\\\/02\\\/27\\\/un-nouveau-lieu-daccueil-pour-le-centre-de-ressources-en-langues\\\/#primaryimage\",\"url\":\"https:\\\/\\\/www.univ-guyane.fr\\\/wp-content\\\/uploads\\\/CRL.jpg\",\"contentUrl\":\"https:\\\/\\\/www.univ-guyane.fr\\\/wp-content\\\/uploads\\\/CRL.jpg\",\"width\":1920,\"height\":1080},{\"@type\":\"BreadcrumbList\",\"@id\":\"https:\\\/\\\/www.univ-guyane.fr\\\/2025\\\/02\\\/27\\\/un-nouveau-lieu-daccueil-pour-le-centre-de-ressources-en-langues\\\/#breadcrumb\",\"itemListElement\":[{\"@type\":\"ListItem\",\"position\":1,\"name\":\"Accueil\",\"item\":\"https:\\\/\\\/www.univ-guyane.fr\\\/\"},{\"@type\":\"ListItem\",\"position\":2,\"name\":\"Un nouveau lieu d\u2019accueil pour le Centre de Ressources en Langues\"}]},{\"@type\":\"WebSite\",\"@id\":\"https:\\\/\\\/www.univ-guyane.fr\\\/#website\",\"url\":\"https:\\\/\\\/www.univ-guyane.fr\\\/\",\"name\":\"Universit\u00e9 de Guyane\",\"description\":\"Au c\u0153ur de l&#039;amazonie\",\"publisher\":{\"@id\":\"https:\\\/\\\/www.univ-guyane.fr\\\/#organization\"},\"alternateName\":\"UG\",\"potentialAction\":[{\"@type\":\"SearchAction\",\"target\":{\"@type\":\"EntryPoint\",\"urlTemplate\":\"https:\\\/\\\/www.univ-guyane.fr\\\/?s={search_term_string}\"},\"query-input\":{\"@type\":\"PropertyValueSpecification\",\"valueRequired\":true,\"valueName\":\"search_term_string\"}}],\"inLanguage\":\"nl-NL\"},{\"@type\":\"Organization\",\"@id\":\"https:\\\/\\\/www.univ-guyane.fr\\\/#organization\",\"name\":\"Universit\u00e9 de Guyane\",\"alternateName\":\"UG\",\"url\":\"https:\\\/\\\/www.univ-guyane.fr\\\/\",\"logo\":{\"@type\":\"ImageObject\",\"inLanguage\":\"nl-NL\",\"@id\":\"https:\\\/\\\/www.univ-guyane.fr\\\/#\\\/schema\\\/logo\\\/image\\\/\",\"url\":\"https:\\\/\\\/www.univ-guyane.fr\\\/wp-content\\\/uploads\\\/2024\\\/05\\\/f.png\",\"contentUrl\":\"https:\\\/\\\/www.univ-guyane.fr\\\/wp-content\\\/uploads\\\/2024\\\/05\\\/f.png\",\"width\":1024,\"height\":1024,\"caption\":\"Universit\u00e9 de Guyane\"},\"image\":{\"@id\":\"https:\\\/\\\/www.univ-guyane.fr\\\/#\\\/schema\\\/logo\\\/image\\\/\"},\"sameAs\":[\"https:\\\/\\\/www.facebook.com\\\/univguyane\",\"https:\\\/\\\/x.com\\\/univguyane\",\"https:\\\/\\\/gf.linkedin.com\\\/school\\\/universite-de-guyane\\\/\",\"https:\\\/\\\/www.instagram.com\\\/univ_guyane\\\/\"]},{\"@type\":\"Person\",\"@id\":\"https:\\\/\\\/www.univ-guyane.fr\\\/#\\\/schema\\\/person\\\/86d946a28a8be51bb096ccfdf19db179\",\"name\":\"Erick Loiti\u00e8re\",\"image\":{\"@type\":\"ImageObject\",\"inLanguage\":\"nl-NL\",\"@id\":\"https:\\\/\\\/secure.gravatar.com\\\/avatar\\\/0584f332103fbeaf37e52c73b15dca3c547fd9300deb05764e9ad8714839d072?s=96&d=robohash&r=g\",\"url\":\"https:\\\/\\\/secure.gravatar.com\\\/avatar\\\/0584f332103fbeaf37e52c73b15dca3c547fd9300deb05764e9ad8714839d072?s=96&d=robohash&r=g\",\"contentUrl\":\"https:\\\/\\\/secure.gravatar.com\\\/avatar\\\/0584f332103fbeaf37e52c73b15dca3c547fd9300deb05764e9ad8714839d072?s=96&d=robohash&r=g\",\"caption\":\"Erick Loiti\u00e8re\"},\"sameAs\":[\"http:\\\/\\\/www.univ-guyane.fr\"],\"url\":\"https:\\\/\\\/www.univ-guyane.fr\\\/nl\\\/author\\\/eloitierdbz\\\/\"}]}<\/script>\n<!-- \/ Yoast SEO plugin. -->","yoast_head_json":{"title":"Un nouveau lieu d\u2019accueil pour le Centre de Ressources en Langues &#8212; Universit\u00e9 de Guyane","description":"Le CRL propose des ressources vari\u00e9es pour am\u00e9liorer vos comp\u00e9tences linguistiques. D\u00e9couvrez les services offerts au CRL.","robots":{"index":"index","follow":"follow","max-snippet":"max-snippet:-1","max-image-preview":"max-image-preview:large","max-video-preview":"max-video-preview:-1"},"canonical":"https:\/\/www.univ-guyane.fr\/nl\/2025\/02\/27\/un-nouveau-lieu-daccueil-pour-le-centre-de-ressources-en-langues\/","og_locale":"nl_NL","og_type":"article","og_title":"Un nouveau lieu d\u2019accueil pour le Centre de Ressources en Langues &#8212; Universit\u00e9 de Guyane","og_description":"Le CRL propose des ressources vari\u00e9es pour am\u00e9liorer vos comp\u00e9tences linguistiques. D\u00e9couvrez les services offerts au CRL.","og_url":"https:\/\/www.univ-guyane.fr\/nl\/2025\/02\/27\/un-nouveau-lieu-daccueil-pour-le-centre-de-ressources-en-langues\/","og_site_name":"Universit\u00e9 de Guyane","article_publisher":"https:\/\/www.facebook.com\/univguyane","article_published_time":"2025-02-27T15:03:48+00:00","og_image":[{"width":1920,"height":1080,"url":"https:\/\/www.univ-guyane.fr\/wp-content\/uploads\/CRL.jpg","type":"image\/jpeg"}],"author":"Erick Loiti\u00e8re","twitter_card":"summary_large_image","twitter_creator":"@univguyane","twitter_site":"@univguyane","twitter_misc":{"Geschreven door":"Erick Loiti\u00e8re","Geschatte leestijd":"2 minuten"},"schema":{"@context":"https:\/\/schema.org","@graph":[{"@type":"Article","@id":"https:\/\/www.univ-guyane.fr\/2025\/02\/27\/un-nouveau-lieu-daccueil-pour-le-centre-de-ressources-en-langues\/#article","isPartOf":{"@id":"https:\/\/www.univ-guyane.fr\/2025\/02\/27\/un-nouveau-lieu-daccueil-pour-le-centre-de-ressources-en-langues\/"},"author":{"name":"Erick Loiti\u00e8re","@id":"https:\/\/www.univ-guyane.fr\/#\/schema\/person\/86d946a28a8be51bb096ccfdf19db179"},"headline":"Un nouveau lieu d\u2019accueil pour le Centre de Ressources en Langues","datePublished":"2025-02-27T15:03:48+00:00","mainEntityOfPage":{"@id":"https:\/\/www.univ-guyane.fr\/2025\/02\/27\/un-nouveau-lieu-daccueil-pour-le-centre-de-ressources-en-langues\/"},"wordCount":538,"publisher":{"@id":"https:\/\/www.univ-guyane.fr\/#organization"},"image":{"@id":"https:\/\/www.univ-guyane.fr\/2025\/02\/27\/un-nouveau-lieu-daccueil-pour-le-centre-de-ressources-en-langues\/#primaryimage"},"thumbnailUrl":"https:\/\/www.univ-guyane.fr\/wp-content\/uploads\/CRL.jpg","articleSection":["\u2022\u00a0Campus","\u2022 CRL"],"inLanguage":"nl-NL"},{"@type":"WebPage","@id":"https:\/\/www.univ-guyane.fr\/2025\/02\/27\/un-nouveau-lieu-daccueil-pour-le-centre-de-ressources-en-langues\/","url":"https:\/\/www.univ-guyane.fr\/2025\/02\/27\/un-nouveau-lieu-daccueil-pour-le-centre-de-ressources-en-langues\/","name":"Un nouveau lieu d\u2019accueil pour le Centre de Ressources en Langues &#8212; Universit\u00e9 de Guyane","isPartOf":{"@id":"https:\/\/www.univ-guyane.fr\/#website"},"primaryImageOfPage":{"@id":"https:\/\/www.univ-guyane.fr\/2025\/02\/27\/un-nouveau-lieu-daccueil-pour-le-centre-de-ressources-en-langues\/#primaryimage"},"image":{"@id":"https:\/\/www.univ-guyane.fr\/2025\/02\/27\/un-nouveau-lieu-daccueil-pour-le-centre-de-ressources-en-langues\/#primaryimage"},"thumbnailUrl":"https:\/\/www.univ-guyane.fr\/wp-content\/uploads\/CRL.jpg","datePublished":"2025-02-27T15:03:48+00:00","description":"Le CRL propose des ressources vari\u00e9es pour am\u00e9liorer vos comp\u00e9tences linguistiques. D\u00e9couvrez les services offerts au CRL.","breadcrumb":{"@id":"https:\/\/www.univ-guyane.fr\/2025\/02\/27\/un-nouveau-lieu-daccueil-pour-le-centre-de-ressources-en-langues\/#breadcrumb"},"inLanguage":"nl-NL","potentialAction":[{"@type":"ReadAction","target":["https:\/\/www.univ-guyane.fr\/2025\/02\/27\/un-nouveau-lieu-daccueil-pour-le-centre-de-ressources-en-langues\/"]}]},{"@type":"ImageObject","inLanguage":"nl-NL","@id":"https:\/\/www.univ-guyane.fr\/2025\/02\/27\/un-nouveau-lieu-daccueil-pour-le-centre-de-ressources-en-langues\/#primaryimage","url":"https:\/\/www.univ-guyane.fr\/wp-content\/uploads\/CRL.jpg","contentUrl":"https:\/\/www.univ-guyane.fr\/wp-content\/uploads\/CRL.jpg","width":1920,"height":1080},{"@type":"BreadcrumbList","@id":"https:\/\/www.univ-guyane.fr\/2025\/02\/27\/un-nouveau-lieu-daccueil-pour-le-centre-de-ressources-en-langues\/#breadcrumb","itemListElement":[{"@type":"ListItem","position":1,"name":"Accueil","item":"https:\/\/www.univ-guyane.fr\/"},{"@type":"ListItem","position":2,"name":"Un nouveau lieu d\u2019accueil pour le Centre de Ressources en Langues"}]},{"@type":"WebSite","@id":"https:\/\/www.univ-guyane.fr\/#website","url":"https:\/\/www.univ-guyane.fr\/","name":"Universiteit van Guyana","description":"In het hart van Amazonia","publisher":{"@id":"https:\/\/www.univ-guyane.fr\/#organization"},"alternateName":"UG","potentialAction":[{"@type":"SearchAction","target":{"@type":"EntryPoint","urlTemplate":"https:\/\/www.univ-guyane.fr\/?s={search_term_string}"},"query-input":{"@type":"PropertyValueSpecification","valueRequired":true,"valueName":"search_term_string"}}],"inLanguage":"nl-NL"},{"@type":"Organization","@id":"https:\/\/www.univ-guyane.fr\/#organization","name":"Universiteit van Guyana","alternateName":"UG","url":"https:\/\/www.univ-guyane.fr\/","logo":{"@type":"ImageObject","inLanguage":"nl-NL","@id":"https:\/\/www.univ-guyane.fr\/#\/schema\/logo\/image\/","url":"https:\/\/www.univ-guyane.fr\/wp-content\/uploads\/2024\/05\/f.png","contentUrl":"https:\/\/www.univ-guyane.fr\/wp-content\/uploads\/2024\/05\/f.png","width":1024,"height":1024,"caption":"Universit\u00e9 de Guyane"},"image":{"@id":"https:\/\/www.univ-guyane.fr\/#\/schema\/logo\/image\/"},"sameAs":["https:\/\/www.facebook.com\/univguyane","https:\/\/x.com\/univguyane","https:\/\/gf.linkedin.com\/school\/universite-de-guyane\/","https:\/\/www.instagram.com\/univ_guyane\/"]},{"@type":"Person","@id":"https:\/\/www.univ-guyane.fr\/#\/schema\/person\/86d946a28a8be51bb096ccfdf19db179","name":"Erick Loiti\u00e8re","image":{"@type":"ImageObject","inLanguage":"nl-NL","@id":"https:\/\/secure.gravatar.com\/avatar\/0584f332103fbeaf37e52c73b15dca3c547fd9300deb05764e9ad8714839d072?s=96&d=robohash&r=g","url":"https:\/\/secure.gravatar.com\/avatar\/0584f332103fbeaf37e52c73b15dca3c547fd9300deb05764e9ad8714839d072?s=96&d=robohash&r=g","contentUrl":"https:\/\/secure.gravatar.com\/avatar\/0584f332103fbeaf37e52c73b15dca3c547fd9300deb05764e9ad8714839d072?s=96&d=robohash&r=g","caption":"Erick Loiti\u00e8re"},"sameAs":["http:\/\/www.univ-guyane.fr"],"url":"https:\/\/www.univ-guyane.fr\/nl\/author\/eloitierdbz\/"}]}},"_links":{"self":[{"href":"https:\/\/www.univ-guyane.fr\/nl\/wp-json\/wp\/v2\/posts\/12563","targetHints":{"allow":["GET"]}}],"collection":[{"href":"https:\/\/www.univ-guyane.fr\/nl\/wp-json\/wp\/v2\/posts"}],"about":[{"href":"https:\/\/www.univ-guyane.fr\/nl\/wp-json\/wp\/v2\/types\/post"}],"author":[{"embeddable":true,"href":"https:\/\/www.univ-guyane.fr\/nl\/wp-json\/wp\/v2\/users\/1"}],"replies":[{"embeddable":true,"href":"https:\/\/www.univ-guyane.fr\/nl\/wp-json\/wp\/v2\/comments?post=12563"}],"version-history":[{"count":1,"href":"https:\/\/www.univ-guyane.fr\/nl\/wp-json\/wp\/v2\/posts\/12563\/revisions"}],"predecessor-version":[{"id":12564,"href":"https:\/\/www.univ-guyane.fr\/nl\/wp-json\/wp\/v2\/posts\/12563\/revisions\/12564"}],"wp:featuredmedia":[{"embeddable":true,"href":"https:\/\/www.univ-guyane.fr\/nl\/wp-json\/wp\/v2\/media\/12565"}],"wp:attachment":[{"href":"https:\/\/www.univ-guyane.fr\/nl\/wp-json\/wp\/v2\/media?parent=12563"}],"wp:term":[{"taxonomy":"category","embeddable":true,"href":"https:\/\/www.univ-guyane.fr\/nl\/wp-json\/wp\/v2\/categories?post=12563"},{"taxonomy":"post_tag","embeddable":true,"href":"https:\/\/www.univ-guyane.fr\/nl\/wp-json\/wp\/v2\/tags?post=12563"}],"curies":[{"name":"wp","href":"https:\/\/api.w.org\/{rel}","templated":true}]}}