{"id":12684,"date":"2025-04-16T14:39:00","date_gmt":"2025-04-16T17:39:00","guid":{"rendered":"https:\/\/www.univ-guyane.fr\/?p=12684"},"modified":"2025-04-16T14:39:00","modified_gmt":"2025-04-16T17:39:00","slug":"des-collections-dispersees-a-une-memoire-partagee-restituer-le-patrimoine-sonore-au-dela-des-frontieres","status":"publish","type":"post","link":"https:\/\/www.univ-guyane.fr\/nl\/2025\/04\/16\/des-collections-dispersees-a-une-memoire-partagee-restituer-le-patrimoine-sonore-au-dela-des-frontieres\/","title":{"rendered":"Van verspreide collecties naar een gedeeld geheugen: het restaureren van geluidserfgoed over de grenzen heen"},"content":{"rendered":"<div id=\"fws_69f377fb10653\"  data-column-margin=\"default\" data-midnight=\"dark\"  class=\"wpb_row vc_row-fluid vc_row\"  style=\"padding-top: 0px; padding-bottom: 0px; \"><div class=\"row-bg-wrap\" data-bg-animation=\"none\" data-bg-animation-delay=\"\" data-bg-overlay=\"false\"><div class=\"inner-wrap row-bg-layer\" ><div class=\"row-bg viewport-desktop\"  style=\"\"><\/div><\/div><\/div><div class=\"row_col_wrap_12 col span_12 dark left\">\n\t<div  class=\"vc_col-sm-12 wpb_column column_container vc_column_container col no-extra-padding inherit_tablet inherit_phone\"  data-padding-pos=\"all\" data-has-bg-color=\"false\" data-bg-color=\"\" data-bg-opacity=\"1\" data-animation=\"\" data-delay=\"0\" >\n\t\t<div class=\"vc_column-inner\" >\n\t\t\t<div class=\"wpb_wrapper\">\n\t\t\t\t\n<div class=\"wpb_text_column wpb_content_element  chapo\" >\n\t<h2>In het kader van het seminar Borders, Circulations, Interculturalities and Human-Milieu Interactions vindt op woensdag 30 april 2025 van 18.00 tot 20.00 uur een speciale lezing plaats door V\u00e9ronique Ginouv\u00e8s in zaal F 108 op de Troubiran campus van de Universiteit van Guyana.<\/h2>\n<\/div>\n\n\n\n\n<div class=\"wpb_text_column wpb_content_element\" >\n\t<h2>Een gedeelde herinnering die grenzen overschrijdt<\/h2>\n<p>Deze lezing, getiteld \"From dispersed collections to a shared memory: restoring Niger's sound heritage across borders, a replicable experiment\", maakt deel uit van het ERC Langarchiv-project, geleid door historicus Camille Lefevbre, dat tot doel heeft de sociale geschiedenis van de Sahel en de centrale Sahara te schrijven aan de hand van de analyse van documenten in Afrikaanse talen.<br \/>\nDit werk omvat een grootschalig project om geluidsopnames die in de 20e eeuw in Niger zijn gemaakt te identificeren, digitaliseren, documenteren en in kaart te brengen. Deze archieven, in Hausa, Kanouri, Zarma-Songhay, Tamasheq en andere talen, werden in verschillende contexten geproduceerd door journalisten, onderzoekers en instellingen, zowel in Niger als internationaal.<\/p>\n<h2>Ons audio-erfgoed verbeteren en restaureren<\/h2>\n<p>In samenwerking met de Phonoth\u00e8que van het MMSH zal V\u00e9ronique Ginouv\u00e8s de tools en methoden presenteren die ontwikkeld zijn om deze geluidsarchieven te inventariseren en te promoten volgens de FAIR-principes (Easy to Find, Accessible, Interoperable and Reusable). Het initiatief heeft geresulteerd in het in kaart brengen van dit erfgoed zonder weerga, waarbij de rijkdom en verspreiding ervan aan het licht zijn gekomen, maar ook de uitdagingen van de restitutie en grensoverschrijdende toegankelijkheid.<br \/>\nDeze aanpak, gericht op het geval van Niger, biedt een repliceerbaar model voor andere contexten, met name in Frans Guyana, waar weinig ge\u00ebxploiteerde geluidscorpora het onderwerp zouden kunnen zijn van soortgelijk conserverings- en promotiewerk op internationale schaal.<\/p>\n<h2>Over de spreker<\/h2>\n<p>V\u00e9ronique Ginouv\u00e8s is gespecialiseerd in onderzoeksarchieven en houdt zich bezig met ethische en juridische kwesties rond de verspreiding van digitale gegevens. Ze is in het bijzonder medebestuurder van de research notebook ethiquedroit.hypotheses.org.<br \/>\nOnlangs publiceerde ze samen met socioloog Ibrahim Moussa (Universiteit van Zinder) een artikel in de Revue des Mondes Musulmans et de la M\u00e9diterran\u00e9e:<br \/>\n\"De la cassette au fichier num\u00e9rique : enjeux de l'archivage, du partage et de la restitution des archives orales enregistr\u00e9es au Niger\" (n\u00b0156, 2024).<\/p>\n<p><em>Dit seminar wordt georganiseerd door Agn\u00e8s Clerc-Renaud, Damien Davy, Rosuel Lima-Pereira en Marianne Palisse, onderzoekers bij LEEISA en MINEA.<\/em><\/p>\n<p><span style=\"color: #008080;\"><strong><em>Gratis toegang, afhankelijk van beschikbaarheid.<\/em><\/strong><\/span><\/p>\n<\/div>\n\n\n\n\n\t\t\t<\/div> \n\t\t<\/div>\n\t<\/div> \n<\/div><\/div>","protected":false},"excerpt":{"rendered":"Als onderdeel van het seminar Grenzen, Circulatie, Interculturaliteit en Mens-Milieu-interacties, een speciale lezing van V\u00e9ronique...","protected":false},"author":1,"featured_media":12686,"comment_status":"closed","ping_status":"open","sticky":false,"template":"","format":"standard","meta":{"iawp_total_views":98,"footnotes":""},"categories":[192,187],"tags":[],"class_list":{"0":"post-12684","1":"post","2":"type-post","3":"status-publish","4":"format-standard","5":"has-post-thumbnail","7":"category-leeisa","8":"category-minea"},"yoast_head":"<!-- This site is optimized with the Yoast SEO plugin v27.5 - https:\/\/yoast.com\/product\/yoast-seo-wordpress\/ -->\n<title>Des collections dispers\u00e9es \u00e0 une m\u00e9moire partag\u00e9e : restituer le patrimoine sonore au-del\u00e0 des fronti\u00e8res &#8212; Universit\u00e9 de Guyane<\/title>\n<meta name=\"description\" content=\"D\u00e9couvrez comment le patrimoine sonore du Niger transcende les fronti\u00e8res gr\u00e2ce \u00e0 des archives langagi\u00e8res.\" \/>\n<meta name=\"robots\" content=\"index, follow, max-snippet:-1, max-image-preview:large, max-video-preview:-1\" \/>\n<link rel=\"canonical\" href=\"https:\/\/www.univ-guyane.fr\/nl\/2025\/04\/16\/des-collections-dispersees-a-une-memoire-partagee-restituer-le-patrimoine-sonore-au-dela-des-frontieres\/\" \/>\n<meta property=\"og:locale\" content=\"nl_NL\" \/>\n<meta property=\"og:type\" content=\"article\" \/>\n<meta property=\"og:title\" content=\"Des collections dispers\u00e9es \u00e0 une m\u00e9moire partag\u00e9e : restituer le patrimoine sonore au-del\u00e0 des fronti\u00e8res &#8212; Universit\u00e9 de Guyane\" \/>\n<meta property=\"og:description\" content=\"D\u00e9couvrez comment le patrimoine sonore du Niger transcende les fronti\u00e8res gr\u00e2ce \u00e0 des archives langagi\u00e8res.\" \/>\n<meta property=\"og:url\" content=\"https:\/\/www.univ-guyane.fr\/nl\/2025\/04\/16\/des-collections-dispersees-a-une-memoire-partagee-restituer-le-patrimoine-sonore-au-dela-des-frontieres\/\" \/>\n<meta property=\"og:site_name\" content=\"Universit\u00e9 de Guyane\" \/>\n<meta property=\"article:publisher\" content=\"https:\/\/www.facebook.com\/univguyane\" \/>\n<meta property=\"article:published_time\" content=\"2025-04-16T17:39:00+00:00\" \/>\n<meta property=\"og:image\" content=\"https:\/\/www.univ-guyane.fr\/wp-content\/uploads\/Des-collections-dispersees-a-une-memoire-partagee.jpg\" \/>\n\t<meta property=\"og:image:width\" content=\"1920\" \/>\n\t<meta property=\"og:image:height\" content=\"1080\" \/>\n\t<meta property=\"og:image:type\" content=\"image\/jpeg\" \/>\n<meta name=\"author\" content=\"Erick Loiti\u00e8re\" \/>\n<meta name=\"twitter:card\" content=\"summary_large_image\" \/>\n<meta name=\"twitter:creator\" content=\"@univguyane\" \/>\n<meta name=\"twitter:site\" content=\"@univguyane\" \/>\n<meta name=\"twitter:label1\" content=\"Geschreven door\" \/>\n\t<meta name=\"twitter:data1\" content=\"Erick Loiti\u00e8re\" \/>\n\t<meta name=\"twitter:label2\" content=\"Geschatte leestijd\" \/>\n\t<meta name=\"twitter:data2\" content=\"3 minuten\" \/>\n<script type=\"application\/ld+json\" class=\"yoast-schema-graph\">{\"@context\":\"https:\\\/\\\/schema.org\",\"@graph\":[{\"@type\":\"Article\",\"@id\":\"https:\\\/\\\/www.univ-guyane.fr\\\/2025\\\/04\\\/16\\\/des-collections-dispersees-a-une-memoire-partagee-restituer-le-patrimoine-sonore-au-dela-des-frontieres\\\/#article\",\"isPartOf\":{\"@id\":\"https:\\\/\\\/www.univ-guyane.fr\\\/2025\\\/04\\\/16\\\/des-collections-dispersees-a-une-memoire-partagee-restituer-le-patrimoine-sonore-au-dela-des-frontieres\\\/\"},\"author\":{\"name\":\"Erick Loiti\u00e8re\",\"@id\":\"https:\\\/\\\/www.univ-guyane.fr\\\/#\\\/schema\\\/person\\\/86d946a28a8be51bb096ccfdf19db179\"},\"headline\":\"Des collections dispers\u00e9es \u00e0 une m\u00e9moire partag\u00e9e : restituer le patrimoine sonore au-del\u00e0 des fronti\u00e8res\",\"datePublished\":\"2025-04-16T17:39:00+00:00\",\"mainEntityOfPage\":{\"@id\":\"https:\\\/\\\/www.univ-guyane.fr\\\/2025\\\/04\\\/16\\\/des-collections-dispersees-a-une-memoire-partagee-restituer-le-patrimoine-sonore-au-dela-des-frontieres\\\/\"},\"wordCount\":618,\"publisher\":{\"@id\":\"https:\\\/\\\/www.univ-guyane.fr\\\/#organization\"},\"image\":{\"@id\":\"https:\\\/\\\/www.univ-guyane.fr\\\/2025\\\/04\\\/16\\\/des-collections-dispersees-a-une-memoire-partagee-restituer-le-patrimoine-sonore-au-dela-des-frontieres\\\/#primaryimage\"},\"thumbnailUrl\":\"https:\\\/\\\/www.univ-guyane.fr\\\/wp-content\\\/uploads\\\/Des-collections-dispersees-a-une-memoire-partagee.jpg\",\"articleSection\":[\"\u2022 LEEISA\",\"\u2022\u00a0MINEA\"],\"inLanguage\":\"nl-NL\"},{\"@type\":\"WebPage\",\"@id\":\"https:\\\/\\\/www.univ-guyane.fr\\\/2025\\\/04\\\/16\\\/des-collections-dispersees-a-une-memoire-partagee-restituer-le-patrimoine-sonore-au-dela-des-frontieres\\\/\",\"url\":\"https:\\\/\\\/www.univ-guyane.fr\\\/2025\\\/04\\\/16\\\/des-collections-dispersees-a-une-memoire-partagee-restituer-le-patrimoine-sonore-au-dela-des-frontieres\\\/\",\"name\":\"Des collections dispers\u00e9es \u00e0 une m\u00e9moire partag\u00e9e : restituer le patrimoine sonore au-del\u00e0 des fronti\u00e8res &#8212; Universit\u00e9 de Guyane\",\"isPartOf\":{\"@id\":\"https:\\\/\\\/www.univ-guyane.fr\\\/#website\"},\"primaryImageOfPage\":{\"@id\":\"https:\\\/\\\/www.univ-guyane.fr\\\/2025\\\/04\\\/16\\\/des-collections-dispersees-a-une-memoire-partagee-restituer-le-patrimoine-sonore-au-dela-des-frontieres\\\/#primaryimage\"},\"image\":{\"@id\":\"https:\\\/\\\/www.univ-guyane.fr\\\/2025\\\/04\\\/16\\\/des-collections-dispersees-a-une-memoire-partagee-restituer-le-patrimoine-sonore-au-dela-des-frontieres\\\/#primaryimage\"},\"thumbnailUrl\":\"https:\\\/\\\/www.univ-guyane.fr\\\/wp-content\\\/uploads\\\/Des-collections-dispersees-a-une-memoire-partagee.jpg\",\"datePublished\":\"2025-04-16T17:39:00+00:00\",\"description\":\"D\u00e9couvrez comment le patrimoine sonore du Niger transcende les fronti\u00e8res gr\u00e2ce \u00e0 des archives langagi\u00e8res.\",\"breadcrumb\":{\"@id\":\"https:\\\/\\\/www.univ-guyane.fr\\\/2025\\\/04\\\/16\\\/des-collections-dispersees-a-une-memoire-partagee-restituer-le-patrimoine-sonore-au-dela-des-frontieres\\\/#breadcrumb\"},\"inLanguage\":\"nl-NL\",\"potentialAction\":[{\"@type\":\"ReadAction\",\"target\":[\"https:\\\/\\\/www.univ-guyane.fr\\\/2025\\\/04\\\/16\\\/des-collections-dispersees-a-une-memoire-partagee-restituer-le-patrimoine-sonore-au-dela-des-frontieres\\\/\"]}]},{\"@type\":\"ImageObject\",\"inLanguage\":\"nl-NL\",\"@id\":\"https:\\\/\\\/www.univ-guyane.fr\\\/2025\\\/04\\\/16\\\/des-collections-dispersees-a-une-memoire-partagee-restituer-le-patrimoine-sonore-au-dela-des-frontieres\\\/#primaryimage\",\"url\":\"https:\\\/\\\/www.univ-guyane.fr\\\/wp-content\\\/uploads\\\/Des-collections-dispersees-a-une-memoire-partagee.jpg\",\"contentUrl\":\"https:\\\/\\\/www.univ-guyane.fr\\\/wp-content\\\/uploads\\\/Des-collections-dispersees-a-une-memoire-partagee.jpg\",\"width\":1920,\"height\":1080,\"caption\":\"photo d'archives.\"},{\"@type\":\"BreadcrumbList\",\"@id\":\"https:\\\/\\\/www.univ-guyane.fr\\\/2025\\\/04\\\/16\\\/des-collections-dispersees-a-une-memoire-partagee-restituer-le-patrimoine-sonore-au-dela-des-frontieres\\\/#breadcrumb\",\"itemListElement\":[{\"@type\":\"ListItem\",\"position\":1,\"name\":\"Accueil\",\"item\":\"https:\\\/\\\/www.univ-guyane.fr\\\/\"},{\"@type\":\"ListItem\",\"position\":2,\"name\":\"Des collections dispers\u00e9es \u00e0 une m\u00e9moire partag\u00e9e : restituer le patrimoine sonore au-del\u00e0 des fronti\u00e8res\"}]},{\"@type\":\"WebSite\",\"@id\":\"https:\\\/\\\/www.univ-guyane.fr\\\/#website\",\"url\":\"https:\\\/\\\/www.univ-guyane.fr\\\/\",\"name\":\"Universit\u00e9 de Guyane\",\"description\":\"Au c\u0153ur de l&#039;amazonie\",\"publisher\":{\"@id\":\"https:\\\/\\\/www.univ-guyane.fr\\\/#organization\"},\"alternateName\":\"UG\",\"potentialAction\":[{\"@type\":\"SearchAction\",\"target\":{\"@type\":\"EntryPoint\",\"urlTemplate\":\"https:\\\/\\\/www.univ-guyane.fr\\\/?s={search_term_string}\"},\"query-input\":{\"@type\":\"PropertyValueSpecification\",\"valueRequired\":true,\"valueName\":\"search_term_string\"}}],\"inLanguage\":\"nl-NL\"},{\"@type\":\"Organization\",\"@id\":\"https:\\\/\\\/www.univ-guyane.fr\\\/#organization\",\"name\":\"Universit\u00e9 de Guyane\",\"alternateName\":\"UG\",\"url\":\"https:\\\/\\\/www.univ-guyane.fr\\\/\",\"logo\":{\"@type\":\"ImageObject\",\"inLanguage\":\"nl-NL\",\"@id\":\"https:\\\/\\\/www.univ-guyane.fr\\\/#\\\/schema\\\/logo\\\/image\\\/\",\"url\":\"https:\\\/\\\/www.univ-guyane.fr\\\/wp-content\\\/uploads\\\/2024\\\/05\\\/f.png\",\"contentUrl\":\"https:\\\/\\\/www.univ-guyane.fr\\\/wp-content\\\/uploads\\\/2024\\\/05\\\/f.png\",\"width\":1024,\"height\":1024,\"caption\":\"Universit\u00e9 de Guyane\"},\"image\":{\"@id\":\"https:\\\/\\\/www.univ-guyane.fr\\\/#\\\/schema\\\/logo\\\/image\\\/\"},\"sameAs\":[\"https:\\\/\\\/www.facebook.com\\\/univguyane\",\"https:\\\/\\\/x.com\\\/univguyane\",\"https:\\\/\\\/gf.linkedin.com\\\/school\\\/universite-de-guyane\\\/\",\"https:\\\/\\\/www.instagram.com\\\/univ_guyane\\\/\"]},{\"@type\":\"Person\",\"@id\":\"https:\\\/\\\/www.univ-guyane.fr\\\/#\\\/schema\\\/person\\\/86d946a28a8be51bb096ccfdf19db179\",\"name\":\"Erick Loiti\u00e8re\",\"image\":{\"@type\":\"ImageObject\",\"inLanguage\":\"nl-NL\",\"@id\":\"https:\\\/\\\/secure.gravatar.com\\\/avatar\\\/0584f332103fbeaf37e52c73b15dca3c547fd9300deb05764e9ad8714839d072?s=96&d=robohash&r=g\",\"url\":\"https:\\\/\\\/secure.gravatar.com\\\/avatar\\\/0584f332103fbeaf37e52c73b15dca3c547fd9300deb05764e9ad8714839d072?s=96&d=robohash&r=g\",\"contentUrl\":\"https:\\\/\\\/secure.gravatar.com\\\/avatar\\\/0584f332103fbeaf37e52c73b15dca3c547fd9300deb05764e9ad8714839d072?s=96&d=robohash&r=g\",\"caption\":\"Erick Loiti\u00e8re\"},\"sameAs\":[\"http:\\\/\\\/www.univ-guyane.fr\"],\"url\":\"https:\\\/\\\/www.univ-guyane.fr\\\/nl\\\/author\\\/eloitierdbz\\\/\"}]}<\/script>\n<!-- \/ Yoast SEO plugin. -->","yoast_head_json":{"title":"Des collections dispers\u00e9es \u00e0 une m\u00e9moire partag\u00e9e : restituer le patrimoine sonore au-del\u00e0 des fronti\u00e8res &#8212; Universit\u00e9 de Guyane","description":"D\u00e9couvrez comment le patrimoine sonore du Niger transcende les fronti\u00e8res gr\u00e2ce \u00e0 des archives langagi\u00e8res.","robots":{"index":"index","follow":"follow","max-snippet":"max-snippet:-1","max-image-preview":"max-image-preview:large","max-video-preview":"max-video-preview:-1"},"canonical":"https:\/\/www.univ-guyane.fr\/nl\/2025\/04\/16\/des-collections-dispersees-a-une-memoire-partagee-restituer-le-patrimoine-sonore-au-dela-des-frontieres\/","og_locale":"nl_NL","og_type":"article","og_title":"Des collections dispers\u00e9es \u00e0 une m\u00e9moire partag\u00e9e : restituer le patrimoine sonore au-del\u00e0 des fronti\u00e8res &#8212; Universit\u00e9 de Guyane","og_description":"D\u00e9couvrez comment le patrimoine sonore du Niger transcende les fronti\u00e8res gr\u00e2ce \u00e0 des archives langagi\u00e8res.","og_url":"https:\/\/www.univ-guyane.fr\/nl\/2025\/04\/16\/des-collections-dispersees-a-une-memoire-partagee-restituer-le-patrimoine-sonore-au-dela-des-frontieres\/","og_site_name":"Universit\u00e9 de Guyane","article_publisher":"https:\/\/www.facebook.com\/univguyane","article_published_time":"2025-04-16T17:39:00+00:00","og_image":[{"width":1920,"height":1080,"url":"https:\/\/www.univ-guyane.fr\/wp-content\/uploads\/Des-collections-dispersees-a-une-memoire-partagee.jpg","type":"image\/jpeg"}],"author":"Erick Loiti\u00e8re","twitter_card":"summary_large_image","twitter_creator":"@univguyane","twitter_site":"@univguyane","twitter_misc":{"Geschreven door":"Erick Loiti\u00e8re","Geschatte leestijd":"3 minuten"},"schema":{"@context":"https:\/\/schema.org","@graph":[{"@type":"Article","@id":"https:\/\/www.univ-guyane.fr\/2025\/04\/16\/des-collections-dispersees-a-une-memoire-partagee-restituer-le-patrimoine-sonore-au-dela-des-frontieres\/#article","isPartOf":{"@id":"https:\/\/www.univ-guyane.fr\/2025\/04\/16\/des-collections-dispersees-a-une-memoire-partagee-restituer-le-patrimoine-sonore-au-dela-des-frontieres\/"},"author":{"name":"Erick Loiti\u00e8re","@id":"https:\/\/www.univ-guyane.fr\/#\/schema\/person\/86d946a28a8be51bb096ccfdf19db179"},"headline":"Des collections dispers\u00e9es \u00e0 une m\u00e9moire partag\u00e9e : restituer le patrimoine sonore au-del\u00e0 des fronti\u00e8res","datePublished":"2025-04-16T17:39:00+00:00","mainEntityOfPage":{"@id":"https:\/\/www.univ-guyane.fr\/2025\/04\/16\/des-collections-dispersees-a-une-memoire-partagee-restituer-le-patrimoine-sonore-au-dela-des-frontieres\/"},"wordCount":618,"publisher":{"@id":"https:\/\/www.univ-guyane.fr\/#organization"},"image":{"@id":"https:\/\/www.univ-guyane.fr\/2025\/04\/16\/des-collections-dispersees-a-une-memoire-partagee-restituer-le-patrimoine-sonore-au-dela-des-frontieres\/#primaryimage"},"thumbnailUrl":"https:\/\/www.univ-guyane.fr\/wp-content\/uploads\/Des-collections-dispersees-a-une-memoire-partagee.jpg","articleSection":["\u2022 LEEISA","\u2022\u00a0MINEA"],"inLanguage":"nl-NL"},{"@type":"WebPage","@id":"https:\/\/www.univ-guyane.fr\/2025\/04\/16\/des-collections-dispersees-a-une-memoire-partagee-restituer-le-patrimoine-sonore-au-dela-des-frontieres\/","url":"https:\/\/www.univ-guyane.fr\/2025\/04\/16\/des-collections-dispersees-a-une-memoire-partagee-restituer-le-patrimoine-sonore-au-dela-des-frontieres\/","name":"Des collections dispers\u00e9es \u00e0 une m\u00e9moire partag\u00e9e : restituer le patrimoine sonore au-del\u00e0 des fronti\u00e8res &#8212; Universit\u00e9 de Guyane","isPartOf":{"@id":"https:\/\/www.univ-guyane.fr\/#website"},"primaryImageOfPage":{"@id":"https:\/\/www.univ-guyane.fr\/2025\/04\/16\/des-collections-dispersees-a-une-memoire-partagee-restituer-le-patrimoine-sonore-au-dela-des-frontieres\/#primaryimage"},"image":{"@id":"https:\/\/www.univ-guyane.fr\/2025\/04\/16\/des-collections-dispersees-a-une-memoire-partagee-restituer-le-patrimoine-sonore-au-dela-des-frontieres\/#primaryimage"},"thumbnailUrl":"https:\/\/www.univ-guyane.fr\/wp-content\/uploads\/Des-collections-dispersees-a-une-memoire-partagee.jpg","datePublished":"2025-04-16T17:39:00+00:00","description":"D\u00e9couvrez comment le patrimoine sonore du Niger transcende les fronti\u00e8res gr\u00e2ce \u00e0 des archives langagi\u00e8res.","breadcrumb":{"@id":"https:\/\/www.univ-guyane.fr\/2025\/04\/16\/des-collections-dispersees-a-une-memoire-partagee-restituer-le-patrimoine-sonore-au-dela-des-frontieres\/#breadcrumb"},"inLanguage":"nl-NL","potentialAction":[{"@type":"ReadAction","target":["https:\/\/www.univ-guyane.fr\/2025\/04\/16\/des-collections-dispersees-a-une-memoire-partagee-restituer-le-patrimoine-sonore-au-dela-des-frontieres\/"]}]},{"@type":"ImageObject","inLanguage":"nl-NL","@id":"https:\/\/www.univ-guyane.fr\/2025\/04\/16\/des-collections-dispersees-a-une-memoire-partagee-restituer-le-patrimoine-sonore-au-dela-des-frontieres\/#primaryimage","url":"https:\/\/www.univ-guyane.fr\/wp-content\/uploads\/Des-collections-dispersees-a-une-memoire-partagee.jpg","contentUrl":"https:\/\/www.univ-guyane.fr\/wp-content\/uploads\/Des-collections-dispersees-a-une-memoire-partagee.jpg","width":1920,"height":1080,"caption":"photo d'archives."},{"@type":"BreadcrumbList","@id":"https:\/\/www.univ-guyane.fr\/2025\/04\/16\/des-collections-dispersees-a-une-memoire-partagee-restituer-le-patrimoine-sonore-au-dela-des-frontieres\/#breadcrumb","itemListElement":[{"@type":"ListItem","position":1,"name":"Accueil","item":"https:\/\/www.univ-guyane.fr\/"},{"@type":"ListItem","position":2,"name":"Des collections dispers\u00e9es \u00e0 une m\u00e9moire partag\u00e9e : restituer le patrimoine sonore au-del\u00e0 des fronti\u00e8res"}]},{"@type":"WebSite","@id":"https:\/\/www.univ-guyane.fr\/#website","url":"https:\/\/www.univ-guyane.fr\/","name":"Universiteit van Guyana","description":"In het hart van Amazonia","publisher":{"@id":"https:\/\/www.univ-guyane.fr\/#organization"},"alternateName":"UG","potentialAction":[{"@type":"SearchAction","target":{"@type":"EntryPoint","urlTemplate":"https:\/\/www.univ-guyane.fr\/?s={search_term_string}"},"query-input":{"@type":"PropertyValueSpecification","valueRequired":true,"valueName":"search_term_string"}}],"inLanguage":"nl-NL"},{"@type":"Organization","@id":"https:\/\/www.univ-guyane.fr\/#organization","name":"Universiteit van Guyana","alternateName":"UG","url":"https:\/\/www.univ-guyane.fr\/","logo":{"@type":"ImageObject","inLanguage":"nl-NL","@id":"https:\/\/www.univ-guyane.fr\/#\/schema\/logo\/image\/","url":"https:\/\/www.univ-guyane.fr\/wp-content\/uploads\/2024\/05\/f.png","contentUrl":"https:\/\/www.univ-guyane.fr\/wp-content\/uploads\/2024\/05\/f.png","width":1024,"height":1024,"caption":"Universit\u00e9 de Guyane"},"image":{"@id":"https:\/\/www.univ-guyane.fr\/#\/schema\/logo\/image\/"},"sameAs":["https:\/\/www.facebook.com\/univguyane","https:\/\/x.com\/univguyane","https:\/\/gf.linkedin.com\/school\/universite-de-guyane\/","https:\/\/www.instagram.com\/univ_guyane\/"]},{"@type":"Person","@id":"https:\/\/www.univ-guyane.fr\/#\/schema\/person\/86d946a28a8be51bb096ccfdf19db179","name":"Erick Loiti\u00e8re","image":{"@type":"ImageObject","inLanguage":"nl-NL","@id":"https:\/\/secure.gravatar.com\/avatar\/0584f332103fbeaf37e52c73b15dca3c547fd9300deb05764e9ad8714839d072?s=96&d=robohash&r=g","url":"https:\/\/secure.gravatar.com\/avatar\/0584f332103fbeaf37e52c73b15dca3c547fd9300deb05764e9ad8714839d072?s=96&d=robohash&r=g","contentUrl":"https:\/\/secure.gravatar.com\/avatar\/0584f332103fbeaf37e52c73b15dca3c547fd9300deb05764e9ad8714839d072?s=96&d=robohash&r=g","caption":"Erick Loiti\u00e8re"},"sameAs":["http:\/\/www.univ-guyane.fr"],"url":"https:\/\/www.univ-guyane.fr\/nl\/author\/eloitierdbz\/"}]}},"_links":{"self":[{"href":"https:\/\/www.univ-guyane.fr\/nl\/wp-json\/wp\/v2\/posts\/12684","targetHints":{"allow":["GET"]}}],"collection":[{"href":"https:\/\/www.univ-guyane.fr\/nl\/wp-json\/wp\/v2\/posts"}],"about":[{"href":"https:\/\/www.univ-guyane.fr\/nl\/wp-json\/wp\/v2\/types\/post"}],"author":[{"embeddable":true,"href":"https:\/\/www.univ-guyane.fr\/nl\/wp-json\/wp\/v2\/users\/1"}],"replies":[{"embeddable":true,"href":"https:\/\/www.univ-guyane.fr\/nl\/wp-json\/wp\/v2\/comments?post=12684"}],"version-history":[{"count":1,"href":"https:\/\/www.univ-guyane.fr\/nl\/wp-json\/wp\/v2\/posts\/12684\/revisions"}],"predecessor-version":[{"id":12685,"href":"https:\/\/www.univ-guyane.fr\/nl\/wp-json\/wp\/v2\/posts\/12684\/revisions\/12685"}],"wp:featuredmedia":[{"embeddable":true,"href":"https:\/\/www.univ-guyane.fr\/nl\/wp-json\/wp\/v2\/media\/12686"}],"wp:attachment":[{"href":"https:\/\/www.univ-guyane.fr\/nl\/wp-json\/wp\/v2\/media?parent=12684"}],"wp:term":[{"taxonomy":"category","embeddable":true,"href":"https:\/\/www.univ-guyane.fr\/nl\/wp-json\/wp\/v2\/categories?post=12684"},{"taxonomy":"post_tag","embeddable":true,"href":"https:\/\/www.univ-guyane.fr\/nl\/wp-json\/wp\/v2\/tags?post=12684"}],"curies":[{"name":"wp","href":"https:\/\/api.w.org\/{rel}","templated":true}]}}