{"id":12994,"date":"2025-06-11T09:20:24","date_gmt":"2025-06-11T12:20:24","guid":{"rendered":"https:\/\/www.univ-guyane.fr\/?p=12994"},"modified":"2025-06-11T09:22:35","modified_gmt":"2025-06-11T12:22:35","slug":"la-licence-staps-de-luniversite-de-guyane-recrute-pour-la-rentree-2025","status":"publish","type":"post","link":"https:\/\/www.univ-guyane.fr\/nl\/2025\/06\/11\/la-licence-staps-de-luniversite-de-guyane-recrute-pour-la-rentree-2025\/","title":{"rendered":"De STAPS-opleiding aan de Universiteit van Guyana werft mensen aan voor het begin van het academisch jaar 2025"},"content":{"rendered":"<div id=\"fws_69f186d85a725\"  data-column-margin=\"default\" data-midnight=\"dark\"  class=\"wpb_row vc_row-fluid vc_row\"  style=\"padding-top: 0px; padding-bottom: 0px; \"><div class=\"row-bg-wrap\" data-bg-animation=\"none\" data-bg-animation-delay=\"\" data-bg-overlay=\"false\"><div class=\"inner-wrap row-bg-layer\" ><div class=\"row-bg viewport-desktop\"  style=\"\"><\/div><\/div><\/div><div class=\"row_col_wrap_12 col span_12 dark left\">\n\t<div  class=\"vc_col-sm-12 wpb_column column_container vc_column_container col no-extra-padding inherit_tablet inherit_phone\"  data-padding-pos=\"all\" data-has-bg-color=\"false\" data-bg-color=\"\" data-bg-opacity=\"1\" data-animation=\"\" data-delay=\"0\" >\n\t\t<div class=\"vc_column-inner\" >\n\t\t\t<div class=\"wpb_wrapper\">\n\t\t\t\t\n<div class=\"wpb_text_column wpb_content_element\" >\n\t<p>Als onderdeel van de voorbereidingen voor de start van het academisch jaar 2025-2026 start de STAPS-opleiding (Sciences et Techniques des Activit\u00e9s Physiques et Sportives) aan de Universiteit van Guyana een wervingscampagne voor docenten voor de vakken Licentie 1 en Licentie 2.<\/p>\n<p>Het belangrijkste doel van deze cursus is om toekomstige gymleraren en sportleraren in de regio op te leiden, met het oog op lokale ontwikkeling, sociale integratie en de bevordering van lichaamsbeweging als een educatief, gezondheids- en burgerschapsinstrument.<\/p>\n<h3>Vacatures voor docenten<\/h3>\n<p>De cursussen die openstaan voor kandidaten bestrijken een breed scala aan gebieden<\/p>\n<\/div>\n\n\n\n\n\t\t\t<\/div> \n\t\t<\/div>\n\t<\/div> \n<\/div><\/div>\n\t\t<div id=\"fws_69f186d85ae15\"  data-column-margin=\"default\" data-midnight=\"dark\"  class=\"wpb_row vc_row-fluid vc_row vc_row-o-equal-height vc_row-flex\"  style=\"padding-top: 0px; padding-bottom: 0px; \"><div class=\"row-bg-wrap\" data-bg-animation=\"none\" data-bg-animation-delay=\"\" data-bg-overlay=\"false\"><div class=\"inner-wrap row-bg-layer\" ><div class=\"row-bg viewport-desktop\"  style=\"\"><\/div><\/div><\/div><div class=\"row_col_wrap_12 col span_12 dark left\">\n\t<div style=\"\" class=\"vc_col-sm-6 wpb_column column_container vc_column_container col left_padding_desktop_30px top_padding_desktop_30px right_padding_desktop_30px bottom_padding_desktop_30px\" data-using-bg=\"true\" data-border-radius=\"5px\" data-padding-pos=\"all\" data-has-bg-color=\"true\" data-bg-color=\"#f5f5f5\" data-bg-opacity=\"1\" data-animation=\"\" data-delay=\"0\" >\n\t\t<div class=\"vc_column-inner\" ><div class=\"column-bg-overlay-wrap column-bg-layer\" data-bg-animation=\"none\"><div class=\"column-bg-overlay\" style=\"opacity: 1; background-color: #f5f5f5;\"><\/div><\/div>\n\t\t\t<div class=\"wpb_wrapper\">\n\t\t\t\t\n<div class=\"wpb_text_column wpb_content_element\" >\n\t<p><strong>Algemene cultuur en interdisciplinaire hulpmiddelen<\/strong><\/p>\n<ul>\n<li>Engels,<\/li>\n<li>Methodologische basis,<\/li>\n<li>Ecologische overgang<\/li>\n<\/ul>\n<p><strong>Geesteswetenschappen en sociale wetenschappen<\/strong><\/p>\n<ul>\n<li>Sociologie van de sport,<\/li>\n<li>Sociologie van het lichaam en sportactiviteiten,<\/li>\n<li>Sociale psychologie,<\/li>\n<li>Psychologie van het leren<\/li>\n<\/ul>\n<p><strong>Bewegings- en prestatiewetenschappen<\/strong><\/p>\n<ul>\n<li>Functionele anatomie,<\/li>\n<li>Biomechanica, Motorbesturing,<\/li>\n<li>Anatomie van het sportieve gebaar<\/li>\n<\/ul>\n<\/div>\n\n\n\n\n\t\t\t<\/div> \n\t\t<\/div>\n\t<\/div> \n\n\t<div style=\"\" class=\"vc_col-sm-6 wpb_column column_container vc_column_container col left_padding_desktop_30px top_padding_desktop_30px right_padding_desktop_30px bottom_padding_desktop_30px\" data-using-bg=\"true\" data-border-radius=\"5px\" data-padding-pos=\"all\" data-has-bg-color=\"true\" data-bg-color=\"#f5f5f5\" data-bg-opacity=\"1\" data-animation=\"\" data-delay=\"0\" >\n\t\t<div class=\"vc_column-inner\" ><div class=\"column-bg-overlay-wrap column-bg-layer\" data-bg-animation=\"none\"><div class=\"column-bg-overlay\" style=\"opacity: 1; background-color: #f5f5f5;\"><\/div><\/div>\n\t\t\t<div class=\"wpb_wrapper\">\n\t\t\t\t\n<div class=\"wpb_text_column wpb_content_element\" >\n\t<p><strong>Fysiologie en gezondheid<\/strong><\/p>\n<ul>\n<li>Inspanningsfysiologie,<\/li>\n<li>Bio-energetica, Voeding,<\/li>\n<li>Fysieke kwaliteiten,<\/li>\n<li>Lichaamsbeweging en gezondheid<\/li>\n<\/ul>\n<p><strong>Inclusie en specifieke groepen<\/strong><\/p>\n<ul>\n<li>Handicap en lichaamsbeweging,<\/li>\n<li>Kennis van mensen met een handicap<\/li>\n<\/ul>\n<p><strong>Interventie en animatie<\/strong><\/p>\n<ul>\n<li>Onderwijswetenschappen,<\/li>\n<li>Technieken voor interventie en sportleiderschap<\/li>\n<\/ul>\n<\/div>\n\n\n\n\n\t\t\t<\/div> \n\t\t<\/div>\n\t<\/div> \n<\/div><\/div>\n\t\t<div id=\"fws_69f186d85b225\"  data-column-margin=\"default\" data-midnight=\"dark\"  class=\"wpb_row vc_row-fluid vc_row\"  style=\"padding-top: 0px; padding-bottom: 0px; \"><div class=\"row-bg-wrap\" data-bg-animation=\"none\" data-bg-animation-delay=\"\" data-bg-overlay=\"false\"><div class=\"inner-wrap row-bg-layer\" ><div class=\"row-bg viewport-desktop\"  style=\"\"><\/div><\/div><\/div><div class=\"row_col_wrap_12 col span_12 dark left\">\n\t<div  class=\"vc_col-sm-12 wpb_column column_container vc_column_container col no-extra-padding inherit_tablet inherit_phone\"  data-padding-pos=\"all\" data-has-bg-color=\"false\" data-bg-color=\"\" data-bg-opacity=\"1\" data-animation=\"\" data-delay=\"0\" >\n\t\t<div class=\"vc_column-inner\" >\n\t\t\t<div class=\"wpb_wrapper\">\n\t\t\t\t\n<div class=\"wpb_text_column wpb_content_element\" >\n\t<p>La <a href=\"https:\/\/www.univ-guyane.fr\/ugfm\/docs\/st\/maquette-de-formation-licence-staps-appel-a-candidature-universite-de-guyane.pdf\" target=\"_blank\" rel=\"noopener\">model<\/a> is bevestigd in <a href=\"https:\/\/www.univ-guyane.fr\/ugfm\/docs\/st\/maquette-de-formation-licence-staps-appel-a-candidature-universite-de-guyane.pdf\" target=\"_blank\" rel=\"noopener\">zijkamer<\/a>. Potenti\u00eble vacatures zijn aangegeven in blauw, onder voorbehoud van definitieve validatie. Sommige cursussen worden meerdere keren per twee jaar gegeven.<\/p>\n<h3>Hoe aanmelden<\/h3>\n<p>Belangstellenden wordt verzocht hun sollicitatie (CV, status, onderwerpen) uiterlijk in te dienen op <strong>Vrijdag 20 juni 2025<\/strong> \u00e0 :<\/p>\n<ul>\n<li>Christian Haridas - <a href=\"mailto:christian.haridas@univ-guyane.fr\">christian.haridas@univ-guyane.fr<\/a><\/li>\n<li>C\u00e9cile Chauffour - <a href=\"mailto:cecile.chauffour@univ-guyane.fr\">cecile.chauffour@univ-guyane.fr<\/a><\/li>\n<li>David Frion - <a href=\"mailto:david.frion@univ-guyane.fr\">david.frion@univ-guyane.fr<\/a><\/li>\n<\/ul>\n<p>Help de toekomstige spelers in sport en lichamelijke opvoeding in Frans Guyana op te leiden.<br \/>\nDoor je aan te sluiten bij het docententeam speel je een actieve rol in een opleidingsproject dat zich inzet voor de regio.<\/p>\n<\/div>\n\n\n\n\n\t\t\t<\/div> \n\t\t<\/div>\n\t<\/div> \n<\/div><\/div>","protected":false},"excerpt":{"rendered":"Als onderdeel van de voorbereidingen voor de start van het academisch jaar 2025-2026 heeft de STAPS (Sports Science and...","protected":false},"author":1,"featured_media":10776,"comment_status":"closed","ping_status":"open","sticky":false,"template":"","format":"standard","meta":{"iawp_total_views":1014,"footnotes":""},"categories":[9,283],"tags":[285,284],"class_list":{"0":"post-12994","1":"post","2":"type-post","3":"status-publish","4":"format-standard","5":"has-post-thumbnail","7":"category-st","8":"category-staps","9":"tag-sport","10":"tag-staps"},"yoast_head":"<!-- This site is optimized with the Yoast SEO plugin v27.5 - https:\/\/yoast.com\/product\/yoast-seo-wordpress\/ -->\n<title>La licence STAPS de l\u2019Universit\u00e9 de Guyane recrute\u00a0 pour la rentr\u00e9e 2025 &#8212; Universit\u00e9 de Guyane<\/title>\n<meta name=\"description\" content=\"Rejoignez la licence STAPS de l\u2019Universit\u00e9 de Guyane : enseignements vacants en L1 et L2 \u00e0 pourvoir pour la rentr\u00e9e 2025. Candidature avant le 20 juin.\" \/>\n<meta name=\"robots\" content=\"index, follow, max-snippet:-1, max-image-preview:large, max-video-preview:-1\" \/>\n<link rel=\"canonical\" href=\"https:\/\/www.univ-guyane.fr\/nl\/2025\/06\/11\/la-licence-staps-de-luniversite-de-guyane-recrute-pour-la-rentree-2025\/\" \/>\n<meta property=\"og:locale\" content=\"nl_NL\" \/>\n<meta property=\"og:type\" content=\"article\" \/>\n<meta property=\"og:title\" content=\"La licence STAPS de l\u2019Universit\u00e9 de Guyane recrute\u00a0 pour la rentr\u00e9e 2025 &#8212; Universit\u00e9 de Guyane\" \/>\n<meta property=\"og:description\" content=\"Rejoignez la licence STAPS de l\u2019Universit\u00e9 de Guyane : enseignements vacants en L1 et L2 \u00e0 pourvoir pour la rentr\u00e9e 2025. Candidature avant le 20 juin.\" \/>\n<meta property=\"og:url\" content=\"https:\/\/www.univ-guyane.fr\/nl\/2025\/06\/11\/la-licence-staps-de-luniversite-de-guyane-recrute-pour-la-rentree-2025\/\" \/>\n<meta property=\"og:site_name\" content=\"Universit\u00e9 de Guyane\" \/>\n<meta property=\"article:publisher\" content=\"https:\/\/www.facebook.com\/univguyane\" \/>\n<meta property=\"article:published_time\" content=\"2025-06-11T12:20:24+00:00\" \/>\n<meta property=\"article:modified_time\" content=\"2025-06-11T12:22:35+00:00\" \/>\n<meta property=\"og:image\" content=\"https:\/\/www.univ-guyane.fr\/wp-content\/uploads\/campus-sport-suaps.jpg\" \/>\n\t<meta property=\"og:image:width\" content=\"1920\" \/>\n\t<meta property=\"og:image:height\" content=\"1080\" \/>\n\t<meta property=\"og:image:type\" content=\"image\/jpeg\" \/>\n<meta name=\"author\" content=\"Erick Loiti\u00e8re\" \/>\n<meta name=\"twitter:card\" content=\"summary_large_image\" \/>\n<meta name=\"twitter:creator\" content=\"@univguyane\" \/>\n<meta name=\"twitter:site\" content=\"@univguyane\" \/>\n<meta name=\"twitter:label1\" content=\"Geschreven door\" \/>\n\t<meta name=\"twitter:data1\" content=\"Erick Loiti\u00e8re\" \/>\n\t<meta name=\"twitter:label2\" content=\"Geschatte leestijd\" \/>\n\t<meta name=\"twitter:data2\" content=\"2 minuten\" \/>\n<script type=\"application\/ld+json\" class=\"yoast-schema-graph\">{\"@context\":\"https:\\\/\\\/schema.org\",\"@graph\":[{\"@type\":\"Article\",\"@id\":\"https:\\\/\\\/www.univ-guyane.fr\\\/2025\\\/06\\\/11\\\/la-licence-staps-de-luniversite-de-guyane-recrute-pour-la-rentree-2025\\\/#article\",\"isPartOf\":{\"@id\":\"https:\\\/\\\/www.univ-guyane.fr\\\/2025\\\/06\\\/11\\\/la-licence-staps-de-luniversite-de-guyane-recrute-pour-la-rentree-2025\\\/\"},\"author\":{\"name\":\"Erick Loiti\u00e8re\",\"@id\":\"https:\\\/\\\/www.univ-guyane.fr\\\/#\\\/schema\\\/person\\\/86d946a28a8be51bb096ccfdf19db179\"},\"headline\":\"La licence STAPS de l\u2019Universit\u00e9 de Guyane recrute\u00a0 pour la rentr\u00e9e 2025\",\"datePublished\":\"2025-06-11T12:20:24+00:00\",\"dateModified\":\"2025-06-11T12:22:35+00:00\",\"mainEntityOfPage\":{\"@id\":\"https:\\\/\\\/www.univ-guyane.fr\\\/2025\\\/06\\\/11\\\/la-licence-staps-de-luniversite-de-guyane-recrute-pour-la-rentree-2025\\\/\"},\"wordCount\":964,\"publisher\":{\"@id\":\"https:\\\/\\\/www.univ-guyane.fr\\\/#organization\"},\"image\":{\"@id\":\"https:\\\/\\\/www.univ-guyane.fr\\\/2025\\\/06\\\/11\\\/la-licence-staps-de-luniversite-de-guyane-recrute-pour-la-rentree-2025\\\/#primaryimage\"},\"thumbnailUrl\":\"https:\\\/\\\/www.univ-guyane.fr\\\/wp-content\\\/uploads\\\/campus-sport-suaps.jpg\",\"keywords\":[\"Sport\",\"STAPS\"],\"articleSection\":[\"\u2022 ST\",\"\u2022 STAPS\"],\"inLanguage\":\"nl-NL\"},{\"@type\":\"WebPage\",\"@id\":\"https:\\\/\\\/www.univ-guyane.fr\\\/2025\\\/06\\\/11\\\/la-licence-staps-de-luniversite-de-guyane-recrute-pour-la-rentree-2025\\\/\",\"url\":\"https:\\\/\\\/www.univ-guyane.fr\\\/2025\\\/06\\\/11\\\/la-licence-staps-de-luniversite-de-guyane-recrute-pour-la-rentree-2025\\\/\",\"name\":\"La licence STAPS de l\u2019Universit\u00e9 de Guyane recrute\u00a0 pour la rentr\u00e9e 2025 &#8212; Universit\u00e9 de Guyane\",\"isPartOf\":{\"@id\":\"https:\\\/\\\/www.univ-guyane.fr\\\/#website\"},\"primaryImageOfPage\":{\"@id\":\"https:\\\/\\\/www.univ-guyane.fr\\\/2025\\\/06\\\/11\\\/la-licence-staps-de-luniversite-de-guyane-recrute-pour-la-rentree-2025\\\/#primaryimage\"},\"image\":{\"@id\":\"https:\\\/\\\/www.univ-guyane.fr\\\/2025\\\/06\\\/11\\\/la-licence-staps-de-luniversite-de-guyane-recrute-pour-la-rentree-2025\\\/#primaryimage\"},\"thumbnailUrl\":\"https:\\\/\\\/www.univ-guyane.fr\\\/wp-content\\\/uploads\\\/campus-sport-suaps.jpg\",\"datePublished\":\"2025-06-11T12:20:24+00:00\",\"dateModified\":\"2025-06-11T12:22:35+00:00\",\"description\":\"Rejoignez la licence STAPS de l\u2019Universit\u00e9 de Guyane : enseignements vacants en L1 et L2 \u00e0 pourvoir pour la rentr\u00e9e 2025. Candidature avant le 20 juin.\",\"breadcrumb\":{\"@id\":\"https:\\\/\\\/www.univ-guyane.fr\\\/2025\\\/06\\\/11\\\/la-licence-staps-de-luniversite-de-guyane-recrute-pour-la-rentree-2025\\\/#breadcrumb\"},\"inLanguage\":\"nl-NL\",\"potentialAction\":[{\"@type\":\"ReadAction\",\"target\":[\"https:\\\/\\\/www.univ-guyane.fr\\\/2025\\\/06\\\/11\\\/la-licence-staps-de-luniversite-de-guyane-recrute-pour-la-rentree-2025\\\/\"]}]},{\"@type\":\"ImageObject\",\"inLanguage\":\"nl-NL\",\"@id\":\"https:\\\/\\\/www.univ-guyane.fr\\\/2025\\\/06\\\/11\\\/la-licence-staps-de-luniversite-de-guyane-recrute-pour-la-rentree-2025\\\/#primaryimage\",\"url\":\"https:\\\/\\\/www.univ-guyane.fr\\\/wp-content\\\/uploads\\\/campus-sport-suaps.jpg\",\"contentUrl\":\"https:\\\/\\\/www.univ-guyane.fr\\\/wp-content\\\/uploads\\\/campus-sport-suaps.jpg\",\"width\":1920,\"height\":1080,\"caption\":\"SUAPS\"},{\"@type\":\"BreadcrumbList\",\"@id\":\"https:\\\/\\\/www.univ-guyane.fr\\\/2025\\\/06\\\/11\\\/la-licence-staps-de-luniversite-de-guyane-recrute-pour-la-rentree-2025\\\/#breadcrumb\",\"itemListElement\":[{\"@type\":\"ListItem\",\"position\":1,\"name\":\"Accueil\",\"item\":\"https:\\\/\\\/www.univ-guyane.fr\\\/\"},{\"@type\":\"ListItem\",\"position\":2,\"name\":\"La licence STAPS de l\u2019Universit\u00e9 de Guyane recrute\u00a0 pour la rentr\u00e9e 2025\"}]},{\"@type\":\"WebSite\",\"@id\":\"https:\\\/\\\/www.univ-guyane.fr\\\/#website\",\"url\":\"https:\\\/\\\/www.univ-guyane.fr\\\/\",\"name\":\"Universit\u00e9 de Guyane\",\"description\":\"Au c\u0153ur de l&#039;amazonie\",\"publisher\":{\"@id\":\"https:\\\/\\\/www.univ-guyane.fr\\\/#organization\"},\"alternateName\":\"UG\",\"potentialAction\":[{\"@type\":\"SearchAction\",\"target\":{\"@type\":\"EntryPoint\",\"urlTemplate\":\"https:\\\/\\\/www.univ-guyane.fr\\\/?s={search_term_string}\"},\"query-input\":{\"@type\":\"PropertyValueSpecification\",\"valueRequired\":true,\"valueName\":\"search_term_string\"}}],\"inLanguage\":\"nl-NL\"},{\"@type\":\"Organization\",\"@id\":\"https:\\\/\\\/www.univ-guyane.fr\\\/#organization\",\"name\":\"Universit\u00e9 de Guyane\",\"alternateName\":\"UG\",\"url\":\"https:\\\/\\\/www.univ-guyane.fr\\\/\",\"logo\":{\"@type\":\"ImageObject\",\"inLanguage\":\"nl-NL\",\"@id\":\"https:\\\/\\\/www.univ-guyane.fr\\\/#\\\/schema\\\/logo\\\/image\\\/\",\"url\":\"https:\\\/\\\/www.univ-guyane.fr\\\/wp-content\\\/uploads\\\/2024\\\/05\\\/f.png\",\"contentUrl\":\"https:\\\/\\\/www.univ-guyane.fr\\\/wp-content\\\/uploads\\\/2024\\\/05\\\/f.png\",\"width\":1024,\"height\":1024,\"caption\":\"Universit\u00e9 de Guyane\"},\"image\":{\"@id\":\"https:\\\/\\\/www.univ-guyane.fr\\\/#\\\/schema\\\/logo\\\/image\\\/\"},\"sameAs\":[\"https:\\\/\\\/www.facebook.com\\\/univguyane\",\"https:\\\/\\\/x.com\\\/univguyane\",\"https:\\\/\\\/gf.linkedin.com\\\/school\\\/universite-de-guyane\\\/\",\"https:\\\/\\\/www.instagram.com\\\/univ_guyane\\\/\"]},{\"@type\":\"Person\",\"@id\":\"https:\\\/\\\/www.univ-guyane.fr\\\/#\\\/schema\\\/person\\\/86d946a28a8be51bb096ccfdf19db179\",\"name\":\"Erick Loiti\u00e8re\",\"image\":{\"@type\":\"ImageObject\",\"inLanguage\":\"nl-NL\",\"@id\":\"https:\\\/\\\/secure.gravatar.com\\\/avatar\\\/0584f332103fbeaf37e52c73b15dca3c547fd9300deb05764e9ad8714839d072?s=96&d=robohash&r=g\",\"url\":\"https:\\\/\\\/secure.gravatar.com\\\/avatar\\\/0584f332103fbeaf37e52c73b15dca3c547fd9300deb05764e9ad8714839d072?s=96&d=robohash&r=g\",\"contentUrl\":\"https:\\\/\\\/secure.gravatar.com\\\/avatar\\\/0584f332103fbeaf37e52c73b15dca3c547fd9300deb05764e9ad8714839d072?s=96&d=robohash&r=g\",\"caption\":\"Erick Loiti\u00e8re\"},\"sameAs\":[\"http:\\\/\\\/www.univ-guyane.fr\"],\"url\":\"https:\\\/\\\/www.univ-guyane.fr\\\/nl\\\/author\\\/eloitierdbz\\\/\"}]}<\/script>\n<!-- \/ Yoast SEO plugin. -->","yoast_head_json":{"title":"De STAPS-opleiding aan de Universiteit van Guyana werft aan voor de start van het academisch jaar 2025 - Universit\u00e9 de Guyane","description":"Doe mee aan het STAPS-programma aan de Universiteit van Guyana: er zijn vacatures voor L1- en L2-opleidingen voor de start van het academisch jaar 2025. Inschrijvingstermijn: 20 juni.","robots":{"index":"index","follow":"follow","max-snippet":"max-snippet:-1","max-image-preview":"max-image-preview:large","max-video-preview":"max-video-preview:-1"},"canonical":"https:\/\/www.univ-guyane.fr\/nl\/2025\/06\/11\/la-licence-staps-de-luniversite-de-guyane-recrute-pour-la-rentree-2025\/","og_locale":"nl_NL","og_type":"article","og_title":"La licence STAPS de l\u2019Universit\u00e9 de Guyane recrute\u00a0 pour la rentr\u00e9e 2025 &#8212; Universit\u00e9 de Guyane","og_description":"Rejoignez la licence STAPS de l\u2019Universit\u00e9 de Guyane : enseignements vacants en L1 et L2 \u00e0 pourvoir pour la rentr\u00e9e 2025. Candidature avant le 20 juin.","og_url":"https:\/\/www.univ-guyane.fr\/nl\/2025\/06\/11\/la-licence-staps-de-luniversite-de-guyane-recrute-pour-la-rentree-2025\/","og_site_name":"Universit\u00e9 de Guyane","article_publisher":"https:\/\/www.facebook.com\/univguyane","article_published_time":"2025-06-11T12:20:24+00:00","article_modified_time":"2025-06-11T12:22:35+00:00","og_image":[{"width":1920,"height":1080,"url":"https:\/\/www.univ-guyane.fr\/wp-content\/uploads\/campus-sport-suaps.jpg","type":"image\/jpeg"}],"author":"Erick Loiti\u00e8re","twitter_card":"summary_large_image","twitter_creator":"@univguyane","twitter_site":"@univguyane","twitter_misc":{"Geschreven door":"Erick Loiti\u00e8re","Geschatte leestijd":"2 minuten"},"schema":{"@context":"https:\/\/schema.org","@graph":[{"@type":"Article","@id":"https:\/\/www.univ-guyane.fr\/2025\/06\/11\/la-licence-staps-de-luniversite-de-guyane-recrute-pour-la-rentree-2025\/#article","isPartOf":{"@id":"https:\/\/www.univ-guyane.fr\/2025\/06\/11\/la-licence-staps-de-luniversite-de-guyane-recrute-pour-la-rentree-2025\/"},"author":{"name":"Erick Loiti\u00e8re","@id":"https:\/\/www.univ-guyane.fr\/#\/schema\/person\/86d946a28a8be51bb096ccfdf19db179"},"headline":"La licence STAPS de l\u2019Universit\u00e9 de Guyane recrute\u00a0 pour la rentr\u00e9e 2025","datePublished":"2025-06-11T12:20:24+00:00","dateModified":"2025-06-11T12:22:35+00:00","mainEntityOfPage":{"@id":"https:\/\/www.univ-guyane.fr\/2025\/06\/11\/la-licence-staps-de-luniversite-de-guyane-recrute-pour-la-rentree-2025\/"},"wordCount":964,"publisher":{"@id":"https:\/\/www.univ-guyane.fr\/#organization"},"image":{"@id":"https:\/\/www.univ-guyane.fr\/2025\/06\/11\/la-licence-staps-de-luniversite-de-guyane-recrute-pour-la-rentree-2025\/#primaryimage"},"thumbnailUrl":"https:\/\/www.univ-guyane.fr\/wp-content\/uploads\/campus-sport-suaps.jpg","keywords":["Sport","STAPS"],"articleSection":["\u2022 ST","\u2022 STAPS"],"inLanguage":"nl-NL"},{"@type":"WebPage","@id":"https:\/\/www.univ-guyane.fr\/2025\/06\/11\/la-licence-staps-de-luniversite-de-guyane-recrute-pour-la-rentree-2025\/","url":"https:\/\/www.univ-guyane.fr\/2025\/06\/11\/la-licence-staps-de-luniversite-de-guyane-recrute-pour-la-rentree-2025\/","name":"De STAPS-opleiding aan de Universiteit van Guyana werft aan voor de start van het academisch jaar 2025 - Universit\u00e9 de Guyane","isPartOf":{"@id":"https:\/\/www.univ-guyane.fr\/#website"},"primaryImageOfPage":{"@id":"https:\/\/www.univ-guyane.fr\/2025\/06\/11\/la-licence-staps-de-luniversite-de-guyane-recrute-pour-la-rentree-2025\/#primaryimage"},"image":{"@id":"https:\/\/www.univ-guyane.fr\/2025\/06\/11\/la-licence-staps-de-luniversite-de-guyane-recrute-pour-la-rentree-2025\/#primaryimage"},"thumbnailUrl":"https:\/\/www.univ-guyane.fr\/wp-content\/uploads\/campus-sport-suaps.jpg","datePublished":"2025-06-11T12:20:24+00:00","dateModified":"2025-06-11T12:22:35+00:00","description":"Doe mee aan het STAPS-programma aan de Universiteit van Guyana: er zijn vacatures voor L1- en L2-opleidingen voor de start van het academisch jaar 2025. Inschrijvingstermijn: 20 juni.","breadcrumb":{"@id":"https:\/\/www.univ-guyane.fr\/2025\/06\/11\/la-licence-staps-de-luniversite-de-guyane-recrute-pour-la-rentree-2025\/#breadcrumb"},"inLanguage":"nl-NL","potentialAction":[{"@type":"ReadAction","target":["https:\/\/www.univ-guyane.fr\/2025\/06\/11\/la-licence-staps-de-luniversite-de-guyane-recrute-pour-la-rentree-2025\/"]}]},{"@type":"ImageObject","inLanguage":"nl-NL","@id":"https:\/\/www.univ-guyane.fr\/2025\/06\/11\/la-licence-staps-de-luniversite-de-guyane-recrute-pour-la-rentree-2025\/#primaryimage","url":"https:\/\/www.univ-guyane.fr\/wp-content\/uploads\/campus-sport-suaps.jpg","contentUrl":"https:\/\/www.univ-guyane.fr\/wp-content\/uploads\/campus-sport-suaps.jpg","width":1920,"height":1080,"caption":"SUAPS"},{"@type":"BreadcrumbList","@id":"https:\/\/www.univ-guyane.fr\/2025\/06\/11\/la-licence-staps-de-luniversite-de-guyane-recrute-pour-la-rentree-2025\/#breadcrumb","itemListElement":[{"@type":"ListItem","position":1,"name":"Accueil","item":"https:\/\/www.univ-guyane.fr\/"},{"@type":"ListItem","position":2,"name":"La licence STAPS de l\u2019Universit\u00e9 de Guyane recrute\u00a0 pour la rentr\u00e9e 2025"}]},{"@type":"WebSite","@id":"https:\/\/www.univ-guyane.fr\/#website","url":"https:\/\/www.univ-guyane.fr\/","name":"Universiteit van Guyana","description":"In het hart van Amazonia","publisher":{"@id":"https:\/\/www.univ-guyane.fr\/#organization"},"alternateName":"UG","potentialAction":[{"@type":"SearchAction","target":{"@type":"EntryPoint","urlTemplate":"https:\/\/www.univ-guyane.fr\/?s={search_term_string}"},"query-input":{"@type":"PropertyValueSpecification","valueRequired":true,"valueName":"search_term_string"}}],"inLanguage":"nl-NL"},{"@type":"Organization","@id":"https:\/\/www.univ-guyane.fr\/#organization","name":"Universiteit van Guyana","alternateName":"UG","url":"https:\/\/www.univ-guyane.fr\/","logo":{"@type":"ImageObject","inLanguage":"nl-NL","@id":"https:\/\/www.univ-guyane.fr\/#\/schema\/logo\/image\/","url":"https:\/\/www.univ-guyane.fr\/wp-content\/uploads\/2024\/05\/f.png","contentUrl":"https:\/\/www.univ-guyane.fr\/wp-content\/uploads\/2024\/05\/f.png","width":1024,"height":1024,"caption":"Universit\u00e9 de Guyane"},"image":{"@id":"https:\/\/www.univ-guyane.fr\/#\/schema\/logo\/image\/"},"sameAs":["https:\/\/www.facebook.com\/univguyane","https:\/\/x.com\/univguyane","https:\/\/gf.linkedin.com\/school\/universite-de-guyane\/","https:\/\/www.instagram.com\/univ_guyane\/"]},{"@type":"Person","@id":"https:\/\/www.univ-guyane.fr\/#\/schema\/person\/86d946a28a8be51bb096ccfdf19db179","name":"Erick Loiti\u00e8re","image":{"@type":"ImageObject","inLanguage":"nl-NL","@id":"https:\/\/secure.gravatar.com\/avatar\/0584f332103fbeaf37e52c73b15dca3c547fd9300deb05764e9ad8714839d072?s=96&d=robohash&r=g","url":"https:\/\/secure.gravatar.com\/avatar\/0584f332103fbeaf37e52c73b15dca3c547fd9300deb05764e9ad8714839d072?s=96&d=robohash&r=g","contentUrl":"https:\/\/secure.gravatar.com\/avatar\/0584f332103fbeaf37e52c73b15dca3c547fd9300deb05764e9ad8714839d072?s=96&d=robohash&r=g","caption":"Erick Loiti\u00e8re"},"sameAs":["http:\/\/www.univ-guyane.fr"],"url":"https:\/\/www.univ-guyane.fr\/nl\/author\/eloitierdbz\/"}]}},"_links":{"self":[{"href":"https:\/\/www.univ-guyane.fr\/nl\/wp-json\/wp\/v2\/posts\/12994","targetHints":{"allow":["GET"]}}],"collection":[{"href":"https:\/\/www.univ-guyane.fr\/nl\/wp-json\/wp\/v2\/posts"}],"about":[{"href":"https:\/\/www.univ-guyane.fr\/nl\/wp-json\/wp\/v2\/types\/post"}],"author":[{"embeddable":true,"href":"https:\/\/www.univ-guyane.fr\/nl\/wp-json\/wp\/v2\/users\/1"}],"replies":[{"embeddable":true,"href":"https:\/\/www.univ-guyane.fr\/nl\/wp-json\/wp\/v2\/comments?post=12994"}],"version-history":[{"count":5,"href":"https:\/\/www.univ-guyane.fr\/nl\/wp-json\/wp\/v2\/posts\/12994\/revisions"}],"predecessor-version":[{"id":12999,"href":"https:\/\/www.univ-guyane.fr\/nl\/wp-json\/wp\/v2\/posts\/12994\/revisions\/12999"}],"wp:featuredmedia":[{"embeddable":true,"href":"https:\/\/www.univ-guyane.fr\/nl\/wp-json\/wp\/v2\/media\/10776"}],"wp:attachment":[{"href":"https:\/\/www.univ-guyane.fr\/nl\/wp-json\/wp\/v2\/media?parent=12994"}],"wp:term":[{"taxonomy":"category","embeddable":true,"href":"https:\/\/www.univ-guyane.fr\/nl\/wp-json\/wp\/v2\/categories?post=12994"},{"taxonomy":"post_tag","embeddable":true,"href":"https:\/\/www.univ-guyane.fr\/nl\/wp-json\/wp\/v2\/tags?post=12994"}],"curies":[{"name":"wp","href":"https:\/\/api.w.org\/{rel}","templated":true}]}}