{"id":13875,"date":"2025-12-15T15:56:54","date_gmt":"2025-12-15T18:56:54","guid":{"rendered":"https:\/\/www.univ-guyane.fr\/?p=13875"},"modified":"2025-12-15T15:56:54","modified_gmt":"2025-12-15T18:56:54","slug":"distinction-de-deux-etudiantes-admises-a-lexamen-dentree-au-crfpa","status":"publish","type":"post","link":"https:\/\/www.univ-guyane.fr\/nl\/2025\/12\/15\/distinction-de-deux-etudiantes-admises-a-lexamen-dentree-au-crfpa\/","title":{"rendered":"Onderscheiding voor twee studentes die zijn toegelaten tot het toelatingsexamen voor het CRFPA"},"content":{"rendered":"<div id=\"fws_69f5854f25c04\"  data-column-margin=\"default\" data-midnight=\"dark\"  class=\"wpb_row vc_row-fluid vc_row\"  style=\"padding-top: 0px; padding-bottom: 0px; \"><div class=\"row-bg-wrap\" data-bg-animation=\"none\" data-bg-animation-delay=\"\" data-bg-overlay=\"false\"><div class=\"inner-wrap row-bg-layer\" ><div class=\"row-bg viewport-desktop\"  style=\"\"><\/div><\/div><\/div><div class=\"row_col_wrap_12 col span_12 dark left\">\n\t<div  class=\"vc_col-sm-12 wpb_column column_container vc_column_container col no-extra-padding inherit_tablet inherit_phone\"  data-padding-pos=\"all\" data-has-bg-color=\"false\" data-bg-color=\"\" data-bg-opacity=\"1\" data-animation=\"\" data-delay=\"0\" >\n\t\t<div class=\"vc_column-inner\" >\n\t\t\t<div class=\"wpb_wrapper\">\n\t\t\t\t\n<div class=\"wpb_text_column wpb_content_element  ug_chapo\" >\n\t<h2>Twee studentes van het Instituut voor Juridische Studies van de Universiteit van Guyana zijn met vlag en wimpel geslaagd voor het toelatingsexamen voor het regionale centrum voor beroepsopleiding van advocaten. Deze onderscheiding is een eerbetoon aan hun uitmuntende prestaties, de kwaliteit van de juridische opleiding die de UG biedt en de inzet van haar onderwijsteams om studenten te helpen slagen.<\/h2>\n<\/div>\n\n\n\n\n<div class=\"wpb_text_column wpb_content_element\" >\n\t<h3>De Universiteit van Guyana eert de uitmuntendheid en het succes van het IEJ<\/h3>\n<p>De Universiteit van Guyana feliciteert twee studentes van het Instituut voor Juridische Studies van harte met het behalen van het toelatingsexamen voor het Regionaal Centrum voor Beroepsopleiding van Advocaten (CRFPA). Dit succes is een erkenning voor de inzet, het harde werk en het doorzettingsvermogen van deze studentes, evenals voor de kwaliteit van de pedagogische begeleiding die binnen de UG wordt geboden.<\/p>\n<p>Deze toelating tot het CRFPA, een netwerk dat de 11 prestigieuze advocatenscholen centraliseert, vormt een beslissende stap in de opleiding van deze toekomstige juristen. Het illustreert de dynamiek en het hoge niveau van de lokale juridische opleiding en getuigt van het vermogen van het IEJ van de Universiteit van Guyana om zijn studenten sinds een jaar effectief voor te bereiden op de toelatingsexamens en examens voor beroepen in de justitie en het recht.<\/p>\n<p>Om dit voorbeeldige succes te eren en deze promotie in het zonnetje te zetten, werd op vrijdag 12 december een onderscheidingsceremonie georganiseerd aan de universiteit. In aanwezigheid van hun families, vertegenwoordigers van de CTG, de administratieve rechtbank en de balie van Cayenne werden Anne-Sophie N'DAMITE en Yasmine KRIM gefeliciteerd door Laurent LINGUET, de voorzitter van de universiteit, en Jean-Philippe VAUTHIER, directeur van het IEJ. Er werd zelfs een boodschap van steun en erkenning gestuurd, in de vorm van een video-opname, door Christiane TAUBIRA, voormalig minister van Justitie en peetmoeder van deze eerste promotie.<\/p>\n<p>De plechtige en gezellige ceremonie was een gelegenheid om terug te blikken op het parcours van de laureaten, ervaringen uit te wisselen en de banden tussen de verschillende promoties en de pedagogische teams te versterken. Deze aandacht past volledig in de missie van de Universiteit van Guyana om het succes van haar studenten te bevorderen, de professionele ambities van haar afgestudeerden te ondersteunen en meer in het algemeen bij te dragen aan de uitstraling van de rechtenstudie in het gebied.<\/p>\n<\/div>\n\n\n\n\n\t\t\t<\/div> \n\t\t<\/div>\n\t<\/div> \n<\/div><\/div>\n\t\t<div id=\"fws_69f5854f264e3\"  data-column-margin=\"default\" data-midnight=\"dark\"  class=\"wpb_row vc_row-fluid vc_row\"  style=\"padding-top: 0px; padding-bottom: 0px; \"><div class=\"row-bg-wrap\" data-bg-animation=\"none\" data-bg-animation-delay=\"\" data-bg-overlay=\"false\"><div class=\"inner-wrap row-bg-layer\" ><div class=\"row-bg viewport-desktop\"  style=\"\"><\/div><\/div><\/div><div class=\"row_col_wrap_12 col span_12 dark left\">\n\t<div style=\"\" class=\"vc_col-sm-12 wpb_column column_container vc_column_container col left_padding_desktop_30px top_padding_desktop_30px right_padding_desktop_30px bottom_padding_desktop_30px\" data-using-bg=\"true\" data-border-radius=\"20px\" data-padding-pos=\"all\" data-has-bg-color=\"true\" data-bg-color=\"#f6edfb\" data-bg-opacity=\"1\" data-animation=\"\" data-delay=\"0\" >\n\t\t<div class=\"vc_column-inner\" ><div class=\"column-bg-overlay-wrap column-bg-layer\" data-bg-animation=\"none\"><div class=\"column-bg-overlay\" style=\"opacity: 1; background-color: #f6edfb;\"><\/div><\/div>\n\t\t\t<div class=\"wpb_wrapper\">\n\t\t\t\t\n<div class=\"wpb_text_column wpb_content_element\" >\n\t<h3>FAQ \u2013 Onderscheiding voor twee studenten toegelaten tot het CRFPA<\/h3>\n<p><strong>1. Waar gaat het om?<\/strong><br \/>\nHet gaat om de onderscheiding van twee studentes van het IEJ van de Universiteit van Guyana die zijn toegelaten tot het toelatingsexamen voor het CRFPA.<\/p>\n<p><strong>2. Wie zijn de betrokken studentes?<\/strong><br \/>\nAnne-Sophie N'Damite en Yasmine Krim, geslaagd voor het toelatingsexamen van het CRFPA.<\/p>\n<p><strong>3. Waarom is dit succes belangrijk?<\/strong><br \/>\nToelating tot de CRFPA is een belangrijke stap op weg naar het beroep van advocaat en getuigt van de uitmuntende kwaliteit van de juridische opleiding aan de UG.<\/p>\n<p><strong>4. Hoe heeft de universiteit dit succes gewaardeerd?<\/strong><br \/>\nEr werd een onderscheidingsceremonie georganiseerd aan de Universiteit van Guyana in aanwezigheid van families en institutionele partners.<\/p>\n<\/div>\n\n\n\n\n\t\t\t<\/div> \n\t\t<\/div>\n\t<\/div> \n<\/div><\/div>","protected":false},"excerpt":{"rendered":"Twee studentes van het Instituut voor Juridische Studies van de Universiteit van Guyana zijn met glans geslaagd voor het toelatingsexamen...","protected":false},"author":1,"featured_media":13876,"comment_status":"closed","ping_status":"open","sticky":false,"template":"","format":"standard","meta":{"iawp_total_views":354,"footnotes":""},"categories":[252,3],"tags":[],"class_list":{"0":"post-13875","1":"post","2":"type-post","3":"status-publish","4":"format-standard","5":"has-post-thumbnail","7":"category-droit","8":"category-sje"},"yoast_head":"<!-- This site is optimized with the Yoast SEO plugin v27.5 - https:\/\/yoast.com\/product\/yoast-seo-wordpress\/ -->\n<title>Distinction de deux \u00e9tudiantes admises \u00e0 l\u2019examen d\u2019entr\u00e9e au CRFPA &#8212; Universit\u00e9 de Guyane<\/title>\n<meta name=\"description\" content=\"l\u2019universit\u00e9 de guyane distingue deux \u00e9tudiantes de l\u2019iej admises \u00e0 l\u2019examen d\u2019entr\u00e9e au crfpa, saluant leur excellence, leur engagement et la qualit\u00e9 de la formation juridique propos\u00e9e.\" \/>\n<meta name=\"robots\" content=\"index, follow, max-snippet:-1, max-image-preview:large, max-video-preview:-1\" \/>\n<link rel=\"canonical\" href=\"https:\/\/www.univ-guyane.fr\/nl\/2025\/12\/15\/distinction-de-deux-etudiantes-admises-a-lexamen-dentree-au-crfpa\/\" \/>\n<meta property=\"og:locale\" content=\"nl_NL\" \/>\n<meta property=\"og:type\" content=\"article\" \/>\n<meta property=\"og:title\" content=\"Distinction de deux \u00e9tudiantes admises \u00e0 l\u2019examen d\u2019entr\u00e9e au CRFPA &#8212; Universit\u00e9 de Guyane\" \/>\n<meta property=\"og:description\" content=\"l\u2019universit\u00e9 de guyane distingue deux \u00e9tudiantes de l\u2019iej admises \u00e0 l\u2019examen d\u2019entr\u00e9e au crfpa, saluant leur excellence, leur engagement et la qualit\u00e9 de la formation juridique propos\u00e9e.\" \/>\n<meta property=\"og:url\" content=\"https:\/\/www.univ-guyane.fr\/nl\/2025\/12\/15\/distinction-de-deux-etudiantes-admises-a-lexamen-dentree-au-crfpa\/\" \/>\n<meta property=\"og:site_name\" content=\"Universit\u00e9 de Guyane\" \/>\n<meta property=\"article:publisher\" content=\"https:\/\/www.facebook.com\/univguyane\" \/>\n<meta property=\"article:published_time\" content=\"2025-12-15T18:56:54+00:00\" \/>\n<meta property=\"og:image\" content=\"https:\/\/www.univ-guyane.fr\/wp-content\/uploads\/distinction-des-etudiantes-de-lug-au-crfpa-universite-de-guyane.jpg\" \/>\n\t<meta property=\"og:image:width\" content=\"1920\" \/>\n\t<meta property=\"og:image:height\" content=\"1080\" \/>\n\t<meta property=\"og:image:type\" content=\"image\/jpeg\" \/>\n<meta name=\"author\" content=\"Erick Loiti\u00e8re\" \/>\n<meta name=\"twitter:card\" content=\"summary_large_image\" \/>\n<meta name=\"twitter:creator\" content=\"@univguyane\" \/>\n<meta name=\"twitter:site\" content=\"@univguyane\" \/>\n<meta name=\"twitter:label1\" content=\"Geschreven door\" \/>\n\t<meta name=\"twitter:data1\" content=\"Erick Loiti\u00e8re\" \/>\n\t<meta name=\"twitter:label2\" content=\"Geschatte leestijd\" \/>\n\t<meta name=\"twitter:data2\" content=\"3 minuten\" \/>\n<script type=\"application\/ld+json\" class=\"yoast-schema-graph\">{\"@context\":\"https:\\\/\\\/schema.org\",\"@graph\":[{\"@type\":\"Article\",\"@id\":\"https:\\\/\\\/www.univ-guyane.fr\\\/2025\\\/12\\\/15\\\/distinction-de-deux-etudiantes-admises-a-lexamen-dentree-au-crfpa\\\/#article\",\"isPartOf\":{\"@id\":\"https:\\\/\\\/www.univ-guyane.fr\\\/2025\\\/12\\\/15\\\/distinction-de-deux-etudiantes-admises-a-lexamen-dentree-au-crfpa\\\/\"},\"author\":{\"name\":\"Erick Loiti\u00e8re\",\"@id\":\"https:\\\/\\\/www.univ-guyane.fr\\\/#\\\/schema\\\/person\\\/86d946a28a8be51bb096ccfdf19db179\"},\"headline\":\"Distinction de deux \u00e9tudiantes admises \u00e0 l\u2019examen d\u2019entr\u00e9e au CRFPA\",\"datePublished\":\"2025-12-15T18:56:54+00:00\",\"mainEntityOfPage\":{\"@id\":\"https:\\\/\\\/www.univ-guyane.fr\\\/2025\\\/12\\\/15\\\/distinction-de-deux-etudiantes-admises-a-lexamen-dentree-au-crfpa\\\/\"},\"wordCount\":912,\"publisher\":{\"@id\":\"https:\\\/\\\/www.univ-guyane.fr\\\/#organization\"},\"image\":{\"@id\":\"https:\\\/\\\/www.univ-guyane.fr\\\/2025\\\/12\\\/15\\\/distinction-de-deux-etudiantes-admises-a-lexamen-dentree-au-crfpa\\\/#primaryimage\"},\"thumbnailUrl\":\"https:\\\/\\\/www.univ-guyane.fr\\\/wp-content\\\/uploads\\\/distinction-des-etudiantes-de-lug-au-crfpa-universite-de-guyane.jpg\",\"articleSection\":[\"\u2022\u00a0Droit\",\"\u2022\u00a0SJE\"],\"inLanguage\":\"nl-NL\"},{\"@type\":\"WebPage\",\"@id\":\"https:\\\/\\\/www.univ-guyane.fr\\\/2025\\\/12\\\/15\\\/distinction-de-deux-etudiantes-admises-a-lexamen-dentree-au-crfpa\\\/\",\"url\":\"https:\\\/\\\/www.univ-guyane.fr\\\/2025\\\/12\\\/15\\\/distinction-de-deux-etudiantes-admises-a-lexamen-dentree-au-crfpa\\\/\",\"name\":\"Distinction de deux \u00e9tudiantes admises \u00e0 l\u2019examen d\u2019entr\u00e9e au CRFPA &#8212; Universit\u00e9 de Guyane\",\"isPartOf\":{\"@id\":\"https:\\\/\\\/www.univ-guyane.fr\\\/#website\"},\"primaryImageOfPage\":{\"@id\":\"https:\\\/\\\/www.univ-guyane.fr\\\/2025\\\/12\\\/15\\\/distinction-de-deux-etudiantes-admises-a-lexamen-dentree-au-crfpa\\\/#primaryimage\"},\"image\":{\"@id\":\"https:\\\/\\\/www.univ-guyane.fr\\\/2025\\\/12\\\/15\\\/distinction-de-deux-etudiantes-admises-a-lexamen-dentree-au-crfpa\\\/#primaryimage\"},\"thumbnailUrl\":\"https:\\\/\\\/www.univ-guyane.fr\\\/wp-content\\\/uploads\\\/distinction-des-etudiantes-de-lug-au-crfpa-universite-de-guyane.jpg\",\"datePublished\":\"2025-12-15T18:56:54+00:00\",\"description\":\"l\u2019universit\u00e9 de guyane distingue deux \u00e9tudiantes de l\u2019iej admises \u00e0 l\u2019examen d\u2019entr\u00e9e au crfpa, saluant leur excellence, leur engagement et la qualit\u00e9 de la formation juridique propos\u00e9e.\",\"breadcrumb\":{\"@id\":\"https:\\\/\\\/www.univ-guyane.fr\\\/2025\\\/12\\\/15\\\/distinction-de-deux-etudiantes-admises-a-lexamen-dentree-au-crfpa\\\/#breadcrumb\"},\"inLanguage\":\"nl-NL\",\"potentialAction\":[{\"@type\":\"ReadAction\",\"target\":[\"https:\\\/\\\/www.univ-guyane.fr\\\/2025\\\/12\\\/15\\\/distinction-de-deux-etudiantes-admises-a-lexamen-dentree-au-crfpa\\\/\"]}]},{\"@type\":\"ImageObject\",\"inLanguage\":\"nl-NL\",\"@id\":\"https:\\\/\\\/www.univ-guyane.fr\\\/2025\\\/12\\\/15\\\/distinction-de-deux-etudiantes-admises-a-lexamen-dentree-au-crfpa\\\/#primaryimage\",\"url\":\"https:\\\/\\\/www.univ-guyane.fr\\\/wp-content\\\/uploads\\\/distinction-des-etudiantes-de-lug-au-crfpa-universite-de-guyane.jpg\",\"contentUrl\":\"https:\\\/\\\/www.univ-guyane.fr\\\/wp-content\\\/uploads\\\/distinction-des-etudiantes-de-lug-au-crfpa-universite-de-guyane.jpg\",\"width\":1920,\"height\":1080},{\"@type\":\"BreadcrumbList\",\"@id\":\"https:\\\/\\\/www.univ-guyane.fr\\\/2025\\\/12\\\/15\\\/distinction-de-deux-etudiantes-admises-a-lexamen-dentree-au-crfpa\\\/#breadcrumb\",\"itemListElement\":[{\"@type\":\"ListItem\",\"position\":1,\"name\":\"Accueil\",\"item\":\"https:\\\/\\\/www.univ-guyane.fr\\\/\"},{\"@type\":\"ListItem\",\"position\":2,\"name\":\"Distinction de deux \u00e9tudiantes admises \u00e0 l\u2019examen d\u2019entr\u00e9e au CRFPA\"}]},{\"@type\":\"WebSite\",\"@id\":\"https:\\\/\\\/www.univ-guyane.fr\\\/#website\",\"url\":\"https:\\\/\\\/www.univ-guyane.fr\\\/\",\"name\":\"Universit\u00e9 de Guyane\",\"description\":\"Au c\u0153ur de l&#039;amazonie\",\"publisher\":{\"@id\":\"https:\\\/\\\/www.univ-guyane.fr\\\/#organization\"},\"alternateName\":\"UG\",\"potentialAction\":[{\"@type\":\"SearchAction\",\"target\":{\"@type\":\"EntryPoint\",\"urlTemplate\":\"https:\\\/\\\/www.univ-guyane.fr\\\/?s={search_term_string}\"},\"query-input\":{\"@type\":\"PropertyValueSpecification\",\"valueRequired\":true,\"valueName\":\"search_term_string\"}}],\"inLanguage\":\"nl-NL\"},{\"@type\":\"Organization\",\"@id\":\"https:\\\/\\\/www.univ-guyane.fr\\\/#organization\",\"name\":\"Universit\u00e9 de Guyane\",\"alternateName\":\"UG\",\"url\":\"https:\\\/\\\/www.univ-guyane.fr\\\/\",\"logo\":{\"@type\":\"ImageObject\",\"inLanguage\":\"nl-NL\",\"@id\":\"https:\\\/\\\/www.univ-guyane.fr\\\/#\\\/schema\\\/logo\\\/image\\\/\",\"url\":\"https:\\\/\\\/www.univ-guyane.fr\\\/wp-content\\\/uploads\\\/2024\\\/05\\\/f.png\",\"contentUrl\":\"https:\\\/\\\/www.univ-guyane.fr\\\/wp-content\\\/uploads\\\/2024\\\/05\\\/f.png\",\"width\":1024,\"height\":1024,\"caption\":\"Universit\u00e9 de Guyane\"},\"image\":{\"@id\":\"https:\\\/\\\/www.univ-guyane.fr\\\/#\\\/schema\\\/logo\\\/image\\\/\"},\"sameAs\":[\"https:\\\/\\\/www.facebook.com\\\/univguyane\",\"https:\\\/\\\/x.com\\\/univguyane\",\"https:\\\/\\\/gf.linkedin.com\\\/school\\\/universite-de-guyane\\\/\",\"https:\\\/\\\/www.instagram.com\\\/univ_guyane\\\/\"]},{\"@type\":\"Person\",\"@id\":\"https:\\\/\\\/www.univ-guyane.fr\\\/#\\\/schema\\\/person\\\/86d946a28a8be51bb096ccfdf19db179\",\"name\":\"Erick Loiti\u00e8re\",\"image\":{\"@type\":\"ImageObject\",\"inLanguage\":\"nl-NL\",\"@id\":\"https:\\\/\\\/secure.gravatar.com\\\/avatar\\\/0584f332103fbeaf37e52c73b15dca3c547fd9300deb05764e9ad8714839d072?s=96&d=robohash&r=g\",\"url\":\"https:\\\/\\\/secure.gravatar.com\\\/avatar\\\/0584f332103fbeaf37e52c73b15dca3c547fd9300deb05764e9ad8714839d072?s=96&d=robohash&r=g\",\"contentUrl\":\"https:\\\/\\\/secure.gravatar.com\\\/avatar\\\/0584f332103fbeaf37e52c73b15dca3c547fd9300deb05764e9ad8714839d072?s=96&d=robohash&r=g\",\"caption\":\"Erick Loiti\u00e8re\"},\"sameAs\":[\"http:\\\/\\\/www.univ-guyane.fr\"],\"url\":\"https:\\\/\\\/www.univ-guyane.fr\\\/nl\\\/author\\\/eloitierdbz\\\/\"}]}<\/script>\n<!-- \/ Yoast SEO plugin. -->","yoast_head_json":{"title":"Onderscheiding voor twee studentes die zijn toegelaten tot het toelatingsexamen voor het CRFPA \u2014 Universiteit van Guyana","description":"De Universiteit van Guyana onderscheidt twee studentes van het IEJ die zijn toegelaten tot het toelatingsexamen voor het CRFPA, en prijst hun uitmuntendheid, hun inzet en de kwaliteit van de aangeboden juridische opleiding.","robots":{"index":"index","follow":"follow","max-snippet":"max-snippet:-1","max-image-preview":"max-image-preview:large","max-video-preview":"max-video-preview:-1"},"canonical":"https:\/\/www.univ-guyane.fr\/nl\/2025\/12\/15\/distinction-de-deux-etudiantes-admises-a-lexamen-dentree-au-crfpa\/","og_locale":"nl_NL","og_type":"article","og_title":"Distinction de deux \u00e9tudiantes admises \u00e0 l\u2019examen d\u2019entr\u00e9e au CRFPA &#8212; Universit\u00e9 de Guyane","og_description":"l\u2019universit\u00e9 de guyane distingue deux \u00e9tudiantes de l\u2019iej admises \u00e0 l\u2019examen d\u2019entr\u00e9e au crfpa, saluant leur excellence, leur engagement et la qualit\u00e9 de la formation juridique propos\u00e9e.","og_url":"https:\/\/www.univ-guyane.fr\/nl\/2025\/12\/15\/distinction-de-deux-etudiantes-admises-a-lexamen-dentree-au-crfpa\/","og_site_name":"Universit\u00e9 de Guyane","article_publisher":"https:\/\/www.facebook.com\/univguyane","article_published_time":"2025-12-15T18:56:54+00:00","og_image":[{"width":1920,"height":1080,"url":"https:\/\/www.univ-guyane.fr\/wp-content\/uploads\/distinction-des-etudiantes-de-lug-au-crfpa-universite-de-guyane.jpg","type":"image\/jpeg"}],"author":"Erick Loiti\u00e8re","twitter_card":"summary_large_image","twitter_creator":"@univguyane","twitter_site":"@univguyane","twitter_misc":{"Geschreven door":"Erick Loiti\u00e8re","Geschatte leestijd":"3 minuten"},"schema":{"@context":"https:\/\/schema.org","@graph":[{"@type":"Article","@id":"https:\/\/www.univ-guyane.fr\/2025\/12\/15\/distinction-de-deux-etudiantes-admises-a-lexamen-dentree-au-crfpa\/#article","isPartOf":{"@id":"https:\/\/www.univ-guyane.fr\/2025\/12\/15\/distinction-de-deux-etudiantes-admises-a-lexamen-dentree-au-crfpa\/"},"author":{"name":"Erick Loiti\u00e8re","@id":"https:\/\/www.univ-guyane.fr\/#\/schema\/person\/86d946a28a8be51bb096ccfdf19db179"},"headline":"Distinction de deux \u00e9tudiantes admises \u00e0 l\u2019examen d\u2019entr\u00e9e au CRFPA","datePublished":"2025-12-15T18:56:54+00:00","mainEntityOfPage":{"@id":"https:\/\/www.univ-guyane.fr\/2025\/12\/15\/distinction-de-deux-etudiantes-admises-a-lexamen-dentree-au-crfpa\/"},"wordCount":912,"publisher":{"@id":"https:\/\/www.univ-guyane.fr\/#organization"},"image":{"@id":"https:\/\/www.univ-guyane.fr\/2025\/12\/15\/distinction-de-deux-etudiantes-admises-a-lexamen-dentree-au-crfpa\/#primaryimage"},"thumbnailUrl":"https:\/\/www.univ-guyane.fr\/wp-content\/uploads\/distinction-des-etudiantes-de-lug-au-crfpa-universite-de-guyane.jpg","articleSection":["\u2022\u00a0Droit","\u2022\u00a0SJE"],"inLanguage":"nl-NL"},{"@type":"WebPage","@id":"https:\/\/www.univ-guyane.fr\/2025\/12\/15\/distinction-de-deux-etudiantes-admises-a-lexamen-dentree-au-crfpa\/","url":"https:\/\/www.univ-guyane.fr\/2025\/12\/15\/distinction-de-deux-etudiantes-admises-a-lexamen-dentree-au-crfpa\/","name":"Onderscheiding voor twee studentes die zijn toegelaten tot het toelatingsexamen voor het CRFPA \u2014 Universiteit van Guyana","isPartOf":{"@id":"https:\/\/www.univ-guyane.fr\/#website"},"primaryImageOfPage":{"@id":"https:\/\/www.univ-guyane.fr\/2025\/12\/15\/distinction-de-deux-etudiantes-admises-a-lexamen-dentree-au-crfpa\/#primaryimage"},"image":{"@id":"https:\/\/www.univ-guyane.fr\/2025\/12\/15\/distinction-de-deux-etudiantes-admises-a-lexamen-dentree-au-crfpa\/#primaryimage"},"thumbnailUrl":"https:\/\/www.univ-guyane.fr\/wp-content\/uploads\/distinction-des-etudiantes-de-lug-au-crfpa-universite-de-guyane.jpg","datePublished":"2025-12-15T18:56:54+00:00","description":"De Universiteit van Guyana onderscheidt twee studentes van het IEJ die zijn toegelaten tot het toelatingsexamen voor het CRFPA, en prijst hun uitmuntendheid, hun inzet en de kwaliteit van de aangeboden juridische opleiding.","breadcrumb":{"@id":"https:\/\/www.univ-guyane.fr\/2025\/12\/15\/distinction-de-deux-etudiantes-admises-a-lexamen-dentree-au-crfpa\/#breadcrumb"},"inLanguage":"nl-NL","potentialAction":[{"@type":"ReadAction","target":["https:\/\/www.univ-guyane.fr\/2025\/12\/15\/distinction-de-deux-etudiantes-admises-a-lexamen-dentree-au-crfpa\/"]}]},{"@type":"ImageObject","inLanguage":"nl-NL","@id":"https:\/\/www.univ-guyane.fr\/2025\/12\/15\/distinction-de-deux-etudiantes-admises-a-lexamen-dentree-au-crfpa\/#primaryimage","url":"https:\/\/www.univ-guyane.fr\/wp-content\/uploads\/distinction-des-etudiantes-de-lug-au-crfpa-universite-de-guyane.jpg","contentUrl":"https:\/\/www.univ-guyane.fr\/wp-content\/uploads\/distinction-des-etudiantes-de-lug-au-crfpa-universite-de-guyane.jpg","width":1920,"height":1080},{"@type":"BreadcrumbList","@id":"https:\/\/www.univ-guyane.fr\/2025\/12\/15\/distinction-de-deux-etudiantes-admises-a-lexamen-dentree-au-crfpa\/#breadcrumb","itemListElement":[{"@type":"ListItem","position":1,"name":"Accueil","item":"https:\/\/www.univ-guyane.fr\/"},{"@type":"ListItem","position":2,"name":"Distinction de deux \u00e9tudiantes admises \u00e0 l\u2019examen d\u2019entr\u00e9e au CRFPA"}]},{"@type":"WebSite","@id":"https:\/\/www.univ-guyane.fr\/#website","url":"https:\/\/www.univ-guyane.fr\/","name":"Universiteit van Guyana","description":"In het hart van Amazonia","publisher":{"@id":"https:\/\/www.univ-guyane.fr\/#organization"},"alternateName":"UG","potentialAction":[{"@type":"SearchAction","target":{"@type":"EntryPoint","urlTemplate":"https:\/\/www.univ-guyane.fr\/?s={search_term_string}"},"query-input":{"@type":"PropertyValueSpecification","valueRequired":true,"valueName":"search_term_string"}}],"inLanguage":"nl-NL"},{"@type":"Organization","@id":"https:\/\/www.univ-guyane.fr\/#organization","name":"Universiteit van Guyana","alternateName":"UG","url":"https:\/\/www.univ-guyane.fr\/","logo":{"@type":"ImageObject","inLanguage":"nl-NL","@id":"https:\/\/www.univ-guyane.fr\/#\/schema\/logo\/image\/","url":"https:\/\/www.univ-guyane.fr\/wp-content\/uploads\/2024\/05\/f.png","contentUrl":"https:\/\/www.univ-guyane.fr\/wp-content\/uploads\/2024\/05\/f.png","width":1024,"height":1024,"caption":"Universit\u00e9 de Guyane"},"image":{"@id":"https:\/\/www.univ-guyane.fr\/#\/schema\/logo\/image\/"},"sameAs":["https:\/\/www.facebook.com\/univguyane","https:\/\/x.com\/univguyane","https:\/\/gf.linkedin.com\/school\/universite-de-guyane\/","https:\/\/www.instagram.com\/univ_guyane\/"]},{"@type":"Person","@id":"https:\/\/www.univ-guyane.fr\/#\/schema\/person\/86d946a28a8be51bb096ccfdf19db179","name":"Erick Loiti\u00e8re","image":{"@type":"ImageObject","inLanguage":"nl-NL","@id":"https:\/\/secure.gravatar.com\/avatar\/0584f332103fbeaf37e52c73b15dca3c547fd9300deb05764e9ad8714839d072?s=96&d=robohash&r=g","url":"https:\/\/secure.gravatar.com\/avatar\/0584f332103fbeaf37e52c73b15dca3c547fd9300deb05764e9ad8714839d072?s=96&d=robohash&r=g","contentUrl":"https:\/\/secure.gravatar.com\/avatar\/0584f332103fbeaf37e52c73b15dca3c547fd9300deb05764e9ad8714839d072?s=96&d=robohash&r=g","caption":"Erick Loiti\u00e8re"},"sameAs":["http:\/\/www.univ-guyane.fr"],"url":"https:\/\/www.univ-guyane.fr\/nl\/author\/eloitierdbz\/"}]}},"_links":{"self":[{"href":"https:\/\/www.univ-guyane.fr\/nl\/wp-json\/wp\/v2\/posts\/13875","targetHints":{"allow":["GET"]}}],"collection":[{"href":"https:\/\/www.univ-guyane.fr\/nl\/wp-json\/wp\/v2\/posts"}],"about":[{"href":"https:\/\/www.univ-guyane.fr\/nl\/wp-json\/wp\/v2\/types\/post"}],"author":[{"embeddable":true,"href":"https:\/\/www.univ-guyane.fr\/nl\/wp-json\/wp\/v2\/users\/1"}],"replies":[{"embeddable":true,"href":"https:\/\/www.univ-guyane.fr\/nl\/wp-json\/wp\/v2\/comments?post=13875"}],"version-history":[{"count":1,"href":"https:\/\/www.univ-guyane.fr\/nl\/wp-json\/wp\/v2\/posts\/13875\/revisions"}],"predecessor-version":[{"id":13877,"href":"https:\/\/www.univ-guyane.fr\/nl\/wp-json\/wp\/v2\/posts\/13875\/revisions\/13877"}],"wp:featuredmedia":[{"embeddable":true,"href":"https:\/\/www.univ-guyane.fr\/nl\/wp-json\/wp\/v2\/media\/13876"}],"wp:attachment":[{"href":"https:\/\/www.univ-guyane.fr\/nl\/wp-json\/wp\/v2\/media?parent=13875"}],"wp:term":[{"taxonomy":"category","embeddable":true,"href":"https:\/\/www.univ-guyane.fr\/nl\/wp-json\/wp\/v2\/categories?post=13875"},{"taxonomy":"post_tag","embeddable":true,"href":"https:\/\/www.univ-guyane.fr\/nl\/wp-json\/wp\/v2\/tags?post=13875"}],"curies":[{"name":"wp","href":"https:\/\/api.w.org\/{rel}","templated":true}]}}