{"id":14071,"date":"2026-03-13T09:28:45","date_gmt":"2026-03-13T12:28:45","guid":{"rendered":"https:\/\/www.univ-guyane.fr\/?p=14071"},"modified":"2026-03-13T09:28:45","modified_gmt":"2026-03-13T12:28:45","slug":"semaine-des-mathematiques-2026-universite-de-guyane-conferences-et-programme","status":"publish","type":"post","link":"https:\/\/www.univ-guyane.fr\/nl\/2026\/03\/13\/semaine-des-mathematiques-2026-universite-de-guyane-conferences-et-programme\/","title":{"rendered":"Wiskundeweek 2026 van de Universiteit van Guyana: lezingen en programma"},"content":{"rendered":"<div id=\"fws_69f2024a104e4\"  data-column-margin=\"default\" data-midnight=\"dark\"  class=\"wpb_row vc_row-fluid vc_row\"  style=\"padding-top: 0px; padding-bottom: 0px; \"><div class=\"row-bg-wrap\" data-bg-animation=\"none\" data-bg-animation-delay=\"\" data-bg-overlay=\"false\"><div class=\"inner-wrap row-bg-layer\" ><div class=\"row-bg viewport-desktop\"  style=\"\"><\/div><\/div><\/div><div class=\"row_col_wrap_12 col span_12 dark left\">\n\t<div  class=\"vc_col-sm-12 wpb_column column_container vc_column_container col no-extra-padding inherit_tablet inherit_phone flex_gap_desktop_10px\"  data-padding-pos=\"all\" data-has-bg-color=\"false\" data-bg-color=\"\" data-bg-opacity=\"1\" data-animation=\"\" data-delay=\"0\" >\n\t\t<div class=\"vc_column-inner\" >\n\t\t\t<div class=\"wpb_wrapper\">\n\t\t\t\t\n<div class=\"wpb_text_column wpb_content_element  ug_chapo\" >\n\t<h2>De Wiskundeweek 2026 aan de Universiteit van Guyana vindt plaats van 14 tot 25 maart en heeft als thema \u00abGelijkwaardigheid\u00bb. Er worden drie voor het publiek toegankelijke wetenschappelijke conferenties gehouden in persoon en via videoconferentie om onderzoek en wiskundige cultuur te promoten.<\/h2>\n<\/div>\n\n\n\n\n<div class=\"wpb_text_column wpb_content_element\" >\n\t<p>Elk jaar viert de Wiskundeweek de wiskunde door middel van educatieve en wetenschappelijke evenementen. In 2026 speelt de Universiteit van Guyana een actieve rol in dit nationale initiatief door verschillende conferenties aan te bieden die toegankelijk zijn voor het publiek.<\/p>\n<p>De editie van 2026 loopt van 14 tot 25 maart en richt zich op het thema \u00abGelijkheid\u00bb. Dit thema nodigt ons uit om na te denken over de fundamentele rol van gelijkheid in wiskundig redeneren, maar ook over de toepassingen ervan op vele wetenschappelijke gebieden.<\/p>\n<p>Bij deze gelegenheid zullen docenten en specialisten hun werk presenteren en hun gedachten delen tijdens conferenties die op de campus worden georganiseerd. De lezingen zijn zowel persoonlijk als via videoconferentie toegankelijk.<\/p>\n<h3>Een 2026-thema gericht op gelijkheid in wiskunde<\/h3>\n<p>Gelijkheden\u00ab is een centraal concept in de wiskunde. Het stelt ons in staat om de relaties tussen verschillende uitdrukkingen, structuren of fenomenen te begrijpen.<\/p>\n<p>Een gelijkheid kan een wiskundige identiteit, een logische equivalentie of een structurele relatie tussen wiskundige objecten uitdrukken. Het is daarom de kern van veel wetenschappelijke demonstraties en modellen.<\/p>\n<p>Dit thema opent ook interdisciplinaire perspectieven. Het biedt de mogelijkheid om vraagstukken aan te pakken met betrekking tot onderwijs, modellering en de analyse van natuurverschijnselen.<\/p>\n<h3>Conferentie op 16 maart 2026: Gelijkheid in wiskunde<\/h3>\n<p>De eerste lezing vindt plaats op maandag 16 maart 2026 van 14.00 tot 16.00 uur (Guyana tijd). De lezing wordt geleid door Silv\u00e8re Paul NUIRO, HDR-docent aan de Universiteit van Guyana.<\/p>\n<p>Deze lezing, getiteld \u00abGelijkheden in de wiskunde: identiteit, gelijkwaardigheid en structuur\u00bb, zal een diepgaande blik werpen op het begrip gelijkheid in de wiskunde.<\/p>\n<p>De conferentie vindt plaats in amfitheater A en is zowel face-to-face als op afstand toegankelijk.<\/p>\n<h3>Conferentie op 17 maart 2026: mentale rekenpraktijken<\/h3>\n<p>De tweede lezing vindt plaats op dinsdag 17 maart 2026, ook van 14.00 tot 16.00 uur. Deze wordt gepresenteerd door Manuel Gar\u00e7on, doctor in de wiskunde en lid van INSPE op Martinique.<\/p>\n<p>Deze lezing gaat over \u00abMentale rekenpraktijken: een vergelijkende analyse van Martinique en Senegal\u00bb. Er wordt een analyse gemaakt van de onderwijsmethoden die in verschillende onderwijscontexten worden gebruikt.<\/p>\n<p>Het doel is om een beter inzicht te krijgen in strategie\u00ebn voor het leren van mentaal rekenen en hun invloed op academisch succes. De conferentie wordt aangeboden als afstandsonderwijs en uitgezonden in amfitheater A.<\/p>\n<h3>Conferentie op 19 maart 2026: modelleren en het milieu<\/h3>\n<p>De derde lezing vindt plaats op donderdag 19 maart 2026 van 14.00 tot 16.00 uur. De lezing wordt geleid door Alain Pietrus, hoogleraar wiskunde aan de Universiteit van Guyana.<\/p>\n<p>Haar titel is \u00abModelling the effects of human pressure and climate change on forest biomass\u00bb. Ze zal het gebruik van wiskundige modellen bespreken om veranderingen in bosecosystemen te analyseren.<\/p>\n<p>Deze conferentie laat zien hoe wiskunde bijdraagt aan het begrijpen van milieukwesties. De conferentie vindt plaats in amfitheater C en is zowel face-to-face als via videoconferentie toegankelijk.<\/p>\n<h3>Een wetenschappelijk evenement toegankelijk voor studenten en het publiek<\/h3>\n<p>De Wiskundeweek 2026 aan de Universiteit van Guyana is bedoeld voor studenten, docenten en iedereen die ge\u00efnteresseerd is in wetenschappelijke cultuur.<\/p>\n<p>Het hybride formaat maakt het gemakkelijk om deel te nemen aan conferenties, op de campus of op afstand. Deze toegankelijkheid betekent dat wiskundige kennis breder verspreid kan worden.<\/p>\n<p>Naast de conferenties helpt dit evenement ook om het wetenschappelijk onderzoek in Guyana te promoten en mensen aan te moedigen om een wetenschappelijke richting in te slaan.<\/p>\n<p>De wiskundeweek 2026 van de Universiteit van Guyana belicht de rijkdom aan onderzoek en idee\u00ebn rond het thema \u00abGelijkwaardigheid\u00bb. Door middel van drie conferenties die persoonlijk en per videoconferentie toegankelijk zijn, biedt dit evenement een wetenschappelijke en educatieve kijk op wiskunde. Studenten, leraren en liefhebbers van wetenschap worden uitgenodigd om deel te nemen en te ontdekken hoe wiskunde ons helpt om de wereld te begrijpen. Aarzel niet om de conferenties bij te wonen om je kennis uit te breiden en idee\u00ebn uit te wisselen met onderzoekers.<\/p>\n<\/div>\n\n\n\n\n\t\t\t<\/div> \n\t\t<\/div>\n\t<\/div> \n<\/div><\/div>\n\t\t<div id=\"fws_69f2024a10a56\"  data-column-margin=\"default\" data-midnight=\"dark\"  class=\"wpb_row vc_row-fluid vc_row\"  style=\"padding-top: 0px; padding-bottom: 0px; \"><div class=\"row-bg-wrap\" data-bg-animation=\"none\" data-bg-animation-delay=\"\" data-bg-overlay=\"false\"><div class=\"inner-wrap row-bg-layer\" ><div class=\"row-bg viewport-desktop\"  style=\"\"><\/div><\/div><\/div><div class=\"row_col_wrap_12 col span_12 dark left\">\n\t<div style=\"\" class=\"vc_col-sm-12 wpb_column column_container vc_column_container col left_padding_desktop_30px top_padding_desktop_30px right_padding_desktop_30px bottom_padding_desktop_30px flex_gap_desktop_10px\" data-using-bg=\"true\" data-border-radius=\"20px\" data-padding-pos=\"all\" data-has-bg-color=\"true\" data-bg-color=\"#f6edfb\" data-bg-opacity=\"1\" data-animation=\"\" data-delay=\"0\" >\n\t\t<div class=\"vc_column-inner\" ><div class=\"column-bg-overlay-wrap column-bg-layer\" data-bg-animation=\"none\"><div class=\"column-bg-overlay\" style=\"opacity: 1; background-color: #f6edfb;\"><\/div><\/div>\n\t\t\t<div class=\"wpb_wrapper\">\n\t\t\t\t\n<div class=\"wpb_text_column wpb_content_element\" >\n\t<p><strong>Wat is de wiskundeweek 2026?<\/strong><br \/>\nDe Week van de Wiskunde 2026 is een nationaal evenement ter bevordering van de wiskundige cultuur. Het loopt van 14 tot 25 maart en omvat conferenties, workshops en wetenschappelijke bijeenkomsten.<\/p>\n<p><strong>Wat is het thema van de Wiskundeweek 2026?<\/strong><br \/>\nHet gekozen thema voor 2026 is \u00abGelijkheid\u00bb. Het nodigt ons uit om de rol van gelijkheid in wiskundig redeneren en in verschillende wetenschappelijke toepassingen te verkennen.<\/p>\n<p><strong>Waar vinden conferenties plaats aan de Universiteit van Guyana?<\/strong><br \/>\nDe conferenties vinden plaats in amfitheaters A en C van de Universiteit van Guyana. Ze zijn ook toegankelijk via videoconferentie om deelname op afstand mogelijk te maken.<\/p>\n<p><strong>Wie kan de conferenties bijwonen?<\/strong><br \/>\nDe lezingen zijn toegankelijk voor studenten, docenten en het grote publiek. Iedereen met interesse in wiskunde of wetenschap is welkom.<\/p>\n<p><strong>Hoeveel conferenties worden er tijdens het evenement aangeboden?<\/strong><br \/>\nDe Universiteit van Guyana biedt drie wetenschappelijke conferenties aan op 16, 17 en 19 maart 2026. Ze behandelen een breed scala aan onderwerpen, van wiskundige concepten tot milieutoepassingen.<\/p>\n<p><strong>Waarom deelnemen aan de Wiskundeweek 2026 aan de Universiteit van Guyana?<\/strong><br \/>\nDeelnemen aan dit evenement is een kans om onderzoekswerk te ontdekken, een beter begrip te krijgen van de toepassingen van wiskunde en te praten met gespecialiseerde onderzoekers en docenten.<\/p>\n<\/div>\n\n\n\n\n\t\t\t<\/div> \n\t\t<\/div>\n\t<\/div> \n<\/div><\/div>","protected":false},"excerpt":{"rendered":"De Wiskundeweek 2026 aan de Universiteit van Guyana loopt van 14 tot 25 maart...","protected":false},"author":1,"featured_media":14072,"comment_status":"closed","ping_status":"open","sticky":false,"template":"","format":"standard","meta":{"iawp_total_views":63,"footnotes":""},"categories":[9],"tags":[334],"class_list":{"0":"post-14071","1":"post","2":"type-post","3":"status-publish","4":"format-standard","5":"has-post-thumbnail","7":"category-st","8":"tag-mathematiques"},"yoast_head":"<!-- This site is optimized with the Yoast SEO plugin v27.5 - https:\/\/yoast.com\/product\/yoast-seo-wordpress\/ -->\n<title>Semaine des Math\u00e9matiques 2026 universit\u00e9 de Guyane : conf\u00e9rences et programme &#8212; Universit\u00e9 de Guyane<\/title>\n<meta name=\"description\" content=\"La semaine des Math\u00e9matiques 2026 universit\u00e9 de Guyane propose trois conf\u00e9rences sur le th\u00e8me \u00ab Les \u00e9galit\u00e9s \u00bb, du 16 au 19 mars, en pr\u00e9sentiel et visioconf\u00e9rence.\" \/>\n<meta name=\"robots\" content=\"index, follow, max-snippet:-1, max-image-preview:large, max-video-preview:-1\" \/>\n<link rel=\"canonical\" href=\"https:\/\/www.univ-guyane.fr\/nl\/2026\/03\/13\/semaine-des-mathematiques-2026-universite-de-guyane-conferences-et-programme\/\" \/>\n<meta property=\"og:locale\" content=\"nl_NL\" \/>\n<meta property=\"og:type\" content=\"article\" \/>\n<meta property=\"og:title\" content=\"Semaine des Math\u00e9matiques 2026 universit\u00e9 de Guyane : conf\u00e9rences et programme &#8212; Universit\u00e9 de Guyane\" \/>\n<meta property=\"og:description\" content=\"La semaine des Math\u00e9matiques 2026 universit\u00e9 de Guyane propose trois conf\u00e9rences sur le th\u00e8me \u00ab Les \u00e9galit\u00e9s \u00bb, du 16 au 19 mars, en pr\u00e9sentiel et visioconf\u00e9rence.\" \/>\n<meta property=\"og:url\" content=\"https:\/\/www.univ-guyane.fr\/nl\/2026\/03\/13\/semaine-des-mathematiques-2026-universite-de-guyane-conferences-et-programme\/\" \/>\n<meta property=\"og:site_name\" content=\"Universit\u00e9 de Guyane\" \/>\n<meta property=\"article:publisher\" content=\"https:\/\/www.facebook.com\/univguyane\" \/>\n<meta property=\"article:published_time\" content=\"2026-03-13T12:28:45+00:00\" \/>\n<meta property=\"og:image\" content=\"https:\/\/www.univ-guyane.fr\/wp-content\/uploads\/semaine-des-mathematiques-2026-conferences-et-programme-universite-de-guyane.jpg\" \/>\n\t<meta property=\"og:image:width\" content=\"1920\" \/>\n\t<meta property=\"og:image:height\" content=\"1280\" \/>\n\t<meta property=\"og:image:type\" content=\"image\/jpeg\" \/>\n<meta name=\"author\" content=\"Erick Loiti\u00e8re\" \/>\n<meta name=\"twitter:card\" content=\"summary_large_image\" \/>\n<meta name=\"twitter:creator\" content=\"@univguyane\" \/>\n<meta name=\"twitter:site\" content=\"@univguyane\" \/>\n<meta name=\"twitter:label1\" content=\"Geschreven door\" \/>\n\t<meta name=\"twitter:data1\" content=\"Erick Loiti\u00e8re\" \/>\n\t<meta name=\"twitter:label2\" content=\"Geschatte leestijd\" \/>\n\t<meta name=\"twitter:data2\" content=\"5 minuten\" \/>\n<script type=\"application\/ld+json\" class=\"yoast-schema-graph\">{\"@context\":\"https:\\\/\\\/schema.org\",\"@graph\":[{\"@type\":\"Article\",\"@id\":\"https:\\\/\\\/www.univ-guyane.fr\\\/2026\\\/03\\\/13\\\/semaine-des-mathematiques-2026-universite-de-guyane-conferences-et-programme\\\/#article\",\"isPartOf\":{\"@id\":\"https:\\\/\\\/www.univ-guyane.fr\\\/2026\\\/03\\\/13\\\/semaine-des-mathematiques-2026-universite-de-guyane-conferences-et-programme\\\/\"},\"author\":{\"name\":\"Erick Loiti\u00e8re\",\"@id\":\"https:\\\/\\\/www.univ-guyane.fr\\\/#\\\/schema\\\/person\\\/86d946a28a8be51bb096ccfdf19db179\"},\"headline\":\"Semaine des Math\u00e9matiques 2026 universit\u00e9 de Guyane : conf\u00e9rences et programme\",\"datePublished\":\"2026-03-13T12:28:45+00:00\",\"mainEntityOfPage\":{\"@id\":\"https:\\\/\\\/www.univ-guyane.fr\\\/2026\\\/03\\\/13\\\/semaine-des-mathematiques-2026-universite-de-guyane-conferences-et-programme\\\/\"},\"wordCount\":1414,\"publisher\":{\"@id\":\"https:\\\/\\\/www.univ-guyane.fr\\\/#organization\"},\"image\":{\"@id\":\"https:\\\/\\\/www.univ-guyane.fr\\\/2026\\\/03\\\/13\\\/semaine-des-mathematiques-2026-universite-de-guyane-conferences-et-programme\\\/#primaryimage\"},\"thumbnailUrl\":\"https:\\\/\\\/www.univ-guyane.fr\\\/wp-content\\\/uploads\\\/semaine-des-mathematiques-2026-conferences-et-programme-universite-de-guyane.jpg\",\"keywords\":[\"Math\u00e9matiques\"],\"articleSection\":[\"\u2022 ST\"],\"inLanguage\":\"nl-NL\"},{\"@type\":\"WebPage\",\"@id\":\"https:\\\/\\\/www.univ-guyane.fr\\\/2026\\\/03\\\/13\\\/semaine-des-mathematiques-2026-universite-de-guyane-conferences-et-programme\\\/\",\"url\":\"https:\\\/\\\/www.univ-guyane.fr\\\/2026\\\/03\\\/13\\\/semaine-des-mathematiques-2026-universite-de-guyane-conferences-et-programme\\\/\",\"name\":\"Semaine des Math\u00e9matiques 2026 universit\u00e9 de Guyane : conf\u00e9rences et programme &#8212; Universit\u00e9 de Guyane\",\"isPartOf\":{\"@id\":\"https:\\\/\\\/www.univ-guyane.fr\\\/#website\"},\"primaryImageOfPage\":{\"@id\":\"https:\\\/\\\/www.univ-guyane.fr\\\/2026\\\/03\\\/13\\\/semaine-des-mathematiques-2026-universite-de-guyane-conferences-et-programme\\\/#primaryimage\"},\"image\":{\"@id\":\"https:\\\/\\\/www.univ-guyane.fr\\\/2026\\\/03\\\/13\\\/semaine-des-mathematiques-2026-universite-de-guyane-conferences-et-programme\\\/#primaryimage\"},\"thumbnailUrl\":\"https:\\\/\\\/www.univ-guyane.fr\\\/wp-content\\\/uploads\\\/semaine-des-mathematiques-2026-conferences-et-programme-universite-de-guyane.jpg\",\"datePublished\":\"2026-03-13T12:28:45+00:00\",\"description\":\"La semaine des Math\u00e9matiques 2026 universit\u00e9 de Guyane propose trois conf\u00e9rences sur le th\u00e8me \u00ab Les \u00e9galit\u00e9s \u00bb, du 16 au 19 mars, en pr\u00e9sentiel et visioconf\u00e9rence.\",\"breadcrumb\":{\"@id\":\"https:\\\/\\\/www.univ-guyane.fr\\\/2026\\\/03\\\/13\\\/semaine-des-mathematiques-2026-universite-de-guyane-conferences-et-programme\\\/#breadcrumb\"},\"inLanguage\":\"nl-NL\",\"potentialAction\":[{\"@type\":\"ReadAction\",\"target\":[\"https:\\\/\\\/www.univ-guyane.fr\\\/2026\\\/03\\\/13\\\/semaine-des-mathematiques-2026-universite-de-guyane-conferences-et-programme\\\/\"]}]},{\"@type\":\"ImageObject\",\"inLanguage\":\"nl-NL\",\"@id\":\"https:\\\/\\\/www.univ-guyane.fr\\\/2026\\\/03\\\/13\\\/semaine-des-mathematiques-2026-universite-de-guyane-conferences-et-programme\\\/#primaryimage\",\"url\":\"https:\\\/\\\/www.univ-guyane.fr\\\/wp-content\\\/uploads\\\/semaine-des-mathematiques-2026-conferences-et-programme-universite-de-guyane.jpg\",\"contentUrl\":\"https:\\\/\\\/www.univ-guyane.fr\\\/wp-content\\\/uploads\\\/semaine-des-mathematiques-2026-conferences-et-programme-universite-de-guyane.jpg\",\"width\":1920,\"height\":1280,\"caption\":\"Conf\u00e9rences de la semaine des Math\u00e9matiques 2026 universit\u00e9 de Guyane en amphith\u00e9\u00e2tre\"},{\"@type\":\"BreadcrumbList\",\"@id\":\"https:\\\/\\\/www.univ-guyane.fr\\\/2026\\\/03\\\/13\\\/semaine-des-mathematiques-2026-universite-de-guyane-conferences-et-programme\\\/#breadcrumb\",\"itemListElement\":[{\"@type\":\"ListItem\",\"position\":1,\"name\":\"Accueil\",\"item\":\"https:\\\/\\\/www.univ-guyane.fr\\\/\"},{\"@type\":\"ListItem\",\"position\":2,\"name\":\"Semaine des Math\u00e9matiques 2026 universit\u00e9 de Guyane : conf\u00e9rences et programme\"}]},{\"@type\":\"WebSite\",\"@id\":\"https:\\\/\\\/www.univ-guyane.fr\\\/#website\",\"url\":\"https:\\\/\\\/www.univ-guyane.fr\\\/\",\"name\":\"Universit\u00e9 de Guyane\",\"description\":\"Au c\u0153ur de l&#039;amazonie\",\"publisher\":{\"@id\":\"https:\\\/\\\/www.univ-guyane.fr\\\/#organization\"},\"alternateName\":\"UG\",\"potentialAction\":[{\"@type\":\"SearchAction\",\"target\":{\"@type\":\"EntryPoint\",\"urlTemplate\":\"https:\\\/\\\/www.univ-guyane.fr\\\/?s={search_term_string}\"},\"query-input\":{\"@type\":\"PropertyValueSpecification\",\"valueRequired\":true,\"valueName\":\"search_term_string\"}}],\"inLanguage\":\"nl-NL\"},{\"@type\":\"Organization\",\"@id\":\"https:\\\/\\\/www.univ-guyane.fr\\\/#organization\",\"name\":\"Universit\u00e9 de Guyane\",\"alternateName\":\"UG\",\"url\":\"https:\\\/\\\/www.univ-guyane.fr\\\/\",\"logo\":{\"@type\":\"ImageObject\",\"inLanguage\":\"nl-NL\",\"@id\":\"https:\\\/\\\/www.univ-guyane.fr\\\/#\\\/schema\\\/logo\\\/image\\\/\",\"url\":\"https:\\\/\\\/www.univ-guyane.fr\\\/wp-content\\\/uploads\\\/2024\\\/05\\\/f.png\",\"contentUrl\":\"https:\\\/\\\/www.univ-guyane.fr\\\/wp-content\\\/uploads\\\/2024\\\/05\\\/f.png\",\"width\":1024,\"height\":1024,\"caption\":\"Universit\u00e9 de Guyane\"},\"image\":{\"@id\":\"https:\\\/\\\/www.univ-guyane.fr\\\/#\\\/schema\\\/logo\\\/image\\\/\"},\"sameAs\":[\"https:\\\/\\\/www.facebook.com\\\/univguyane\",\"https:\\\/\\\/x.com\\\/univguyane\",\"https:\\\/\\\/gf.linkedin.com\\\/school\\\/universite-de-guyane\\\/\",\"https:\\\/\\\/www.instagram.com\\\/univ_guyane\\\/\"]},{\"@type\":\"Person\",\"@id\":\"https:\\\/\\\/www.univ-guyane.fr\\\/#\\\/schema\\\/person\\\/86d946a28a8be51bb096ccfdf19db179\",\"name\":\"Erick Loiti\u00e8re\",\"image\":{\"@type\":\"ImageObject\",\"inLanguage\":\"nl-NL\",\"@id\":\"https:\\\/\\\/secure.gravatar.com\\\/avatar\\\/0584f332103fbeaf37e52c73b15dca3c547fd9300deb05764e9ad8714839d072?s=96&d=robohash&r=g\",\"url\":\"https:\\\/\\\/secure.gravatar.com\\\/avatar\\\/0584f332103fbeaf37e52c73b15dca3c547fd9300deb05764e9ad8714839d072?s=96&d=robohash&r=g\",\"contentUrl\":\"https:\\\/\\\/secure.gravatar.com\\\/avatar\\\/0584f332103fbeaf37e52c73b15dca3c547fd9300deb05764e9ad8714839d072?s=96&d=robohash&r=g\",\"caption\":\"Erick Loiti\u00e8re\"},\"sameAs\":[\"http:\\\/\\\/www.univ-guyane.fr\"],\"url\":\"https:\\\/\\\/www.univ-guyane.fr\\\/nl\\\/author\\\/eloitierdbz\\\/\"}]}<\/script>\n<!-- \/ Yoast SEO plugin. -->","yoast_head_json":{"title":"Wiskundeweek 2026 aan de Universiteit van Guyana: lezingen en programma - Universiteit van Guyana","description":"De wiskundeweek 2026 van de Universiteit van Guyana biedt van 16 tot 19 maart drie lezingen over het thema \u00abGelijkwaardigheid\u00bb, zowel face-to-face als via videoconferentie.","robots":{"index":"index","follow":"follow","max-snippet":"max-snippet:-1","max-image-preview":"max-image-preview:large","max-video-preview":"max-video-preview:-1"},"canonical":"https:\/\/www.univ-guyane.fr\/nl\/2026\/03\/13\/semaine-des-mathematiques-2026-universite-de-guyane-conferences-et-programme\/","og_locale":"nl_NL","og_type":"article","og_title":"Semaine des Math\u00e9matiques 2026 universit\u00e9 de Guyane : conf\u00e9rences et programme &#8212; Universit\u00e9 de Guyane","og_description":"La semaine des Math\u00e9matiques 2026 universit\u00e9 de Guyane propose trois conf\u00e9rences sur le th\u00e8me \u00ab Les \u00e9galit\u00e9s \u00bb, du 16 au 19 mars, en pr\u00e9sentiel et visioconf\u00e9rence.","og_url":"https:\/\/www.univ-guyane.fr\/nl\/2026\/03\/13\/semaine-des-mathematiques-2026-universite-de-guyane-conferences-et-programme\/","og_site_name":"Universit\u00e9 de Guyane","article_publisher":"https:\/\/www.facebook.com\/univguyane","article_published_time":"2026-03-13T12:28:45+00:00","og_image":[{"width":1920,"height":1280,"url":"https:\/\/www.univ-guyane.fr\/wp-content\/uploads\/semaine-des-mathematiques-2026-conferences-et-programme-universite-de-guyane.jpg","type":"image\/jpeg"}],"author":"Erick Loiti\u00e8re","twitter_card":"summary_large_image","twitter_creator":"@univguyane","twitter_site":"@univguyane","twitter_misc":{"Geschreven door":"Erick Loiti\u00e8re","Geschatte leestijd":"5 minuten"},"schema":{"@context":"https:\/\/schema.org","@graph":[{"@type":"Article","@id":"https:\/\/www.univ-guyane.fr\/2026\/03\/13\/semaine-des-mathematiques-2026-universite-de-guyane-conferences-et-programme\/#article","isPartOf":{"@id":"https:\/\/www.univ-guyane.fr\/2026\/03\/13\/semaine-des-mathematiques-2026-universite-de-guyane-conferences-et-programme\/"},"author":{"name":"Erick Loiti\u00e8re","@id":"https:\/\/www.univ-guyane.fr\/#\/schema\/person\/86d946a28a8be51bb096ccfdf19db179"},"headline":"Semaine des Math\u00e9matiques 2026 universit\u00e9 de Guyane : conf\u00e9rences et programme","datePublished":"2026-03-13T12:28:45+00:00","mainEntityOfPage":{"@id":"https:\/\/www.univ-guyane.fr\/2026\/03\/13\/semaine-des-mathematiques-2026-universite-de-guyane-conferences-et-programme\/"},"wordCount":1414,"publisher":{"@id":"https:\/\/www.univ-guyane.fr\/#organization"},"image":{"@id":"https:\/\/www.univ-guyane.fr\/2026\/03\/13\/semaine-des-mathematiques-2026-universite-de-guyane-conferences-et-programme\/#primaryimage"},"thumbnailUrl":"https:\/\/www.univ-guyane.fr\/wp-content\/uploads\/semaine-des-mathematiques-2026-conferences-et-programme-universite-de-guyane.jpg","keywords":["Math\u00e9matiques"],"articleSection":["\u2022 ST"],"inLanguage":"nl-NL"},{"@type":"WebPage","@id":"https:\/\/www.univ-guyane.fr\/2026\/03\/13\/semaine-des-mathematiques-2026-universite-de-guyane-conferences-et-programme\/","url":"https:\/\/www.univ-guyane.fr\/2026\/03\/13\/semaine-des-mathematiques-2026-universite-de-guyane-conferences-et-programme\/","name":"Wiskundeweek 2026 aan de Universiteit van Guyana: lezingen en programma - Universiteit van Guyana","isPartOf":{"@id":"https:\/\/www.univ-guyane.fr\/#website"},"primaryImageOfPage":{"@id":"https:\/\/www.univ-guyane.fr\/2026\/03\/13\/semaine-des-mathematiques-2026-universite-de-guyane-conferences-et-programme\/#primaryimage"},"image":{"@id":"https:\/\/www.univ-guyane.fr\/2026\/03\/13\/semaine-des-mathematiques-2026-universite-de-guyane-conferences-et-programme\/#primaryimage"},"thumbnailUrl":"https:\/\/www.univ-guyane.fr\/wp-content\/uploads\/semaine-des-mathematiques-2026-conferences-et-programme-universite-de-guyane.jpg","datePublished":"2026-03-13T12:28:45+00:00","description":"De wiskundeweek 2026 van de Universiteit van Guyana biedt van 16 tot 19 maart drie lezingen over het thema \u00abGelijkwaardigheid\u00bb, zowel face-to-face als via videoconferentie.","breadcrumb":{"@id":"https:\/\/www.univ-guyane.fr\/2026\/03\/13\/semaine-des-mathematiques-2026-universite-de-guyane-conferences-et-programme\/#breadcrumb"},"inLanguage":"nl-NL","potentialAction":[{"@type":"ReadAction","target":["https:\/\/www.univ-guyane.fr\/2026\/03\/13\/semaine-des-mathematiques-2026-universite-de-guyane-conferences-et-programme\/"]}]},{"@type":"ImageObject","inLanguage":"nl-NL","@id":"https:\/\/www.univ-guyane.fr\/2026\/03\/13\/semaine-des-mathematiques-2026-universite-de-guyane-conferences-et-programme\/#primaryimage","url":"https:\/\/www.univ-guyane.fr\/wp-content\/uploads\/semaine-des-mathematiques-2026-conferences-et-programme-universite-de-guyane.jpg","contentUrl":"https:\/\/www.univ-guyane.fr\/wp-content\/uploads\/semaine-des-mathematiques-2026-conferences-et-programme-universite-de-guyane.jpg","width":1920,"height":1280,"caption":"Conf\u00e9rences de la semaine des Math\u00e9matiques 2026 universit\u00e9 de Guyane en amphith\u00e9\u00e2tre"},{"@type":"BreadcrumbList","@id":"https:\/\/www.univ-guyane.fr\/2026\/03\/13\/semaine-des-mathematiques-2026-universite-de-guyane-conferences-et-programme\/#breadcrumb","itemListElement":[{"@type":"ListItem","position":1,"name":"Accueil","item":"https:\/\/www.univ-guyane.fr\/"},{"@type":"ListItem","position":2,"name":"Semaine des Math\u00e9matiques 2026 universit\u00e9 de Guyane : conf\u00e9rences et programme"}]},{"@type":"WebSite","@id":"https:\/\/www.univ-guyane.fr\/#website","url":"https:\/\/www.univ-guyane.fr\/","name":"Universiteit van Guyana","description":"In het hart van Amazonia","publisher":{"@id":"https:\/\/www.univ-guyane.fr\/#organization"},"alternateName":"UG","potentialAction":[{"@type":"SearchAction","target":{"@type":"EntryPoint","urlTemplate":"https:\/\/www.univ-guyane.fr\/?s={search_term_string}"},"query-input":{"@type":"PropertyValueSpecification","valueRequired":true,"valueName":"search_term_string"}}],"inLanguage":"nl-NL"},{"@type":"Organization","@id":"https:\/\/www.univ-guyane.fr\/#organization","name":"Universiteit van Guyana","alternateName":"UG","url":"https:\/\/www.univ-guyane.fr\/","logo":{"@type":"ImageObject","inLanguage":"nl-NL","@id":"https:\/\/www.univ-guyane.fr\/#\/schema\/logo\/image\/","url":"https:\/\/www.univ-guyane.fr\/wp-content\/uploads\/2024\/05\/f.png","contentUrl":"https:\/\/www.univ-guyane.fr\/wp-content\/uploads\/2024\/05\/f.png","width":1024,"height":1024,"caption":"Universit\u00e9 de Guyane"},"image":{"@id":"https:\/\/www.univ-guyane.fr\/#\/schema\/logo\/image\/"},"sameAs":["https:\/\/www.facebook.com\/univguyane","https:\/\/x.com\/univguyane","https:\/\/gf.linkedin.com\/school\/universite-de-guyane\/","https:\/\/www.instagram.com\/univ_guyane\/"]},{"@type":"Person","@id":"https:\/\/www.univ-guyane.fr\/#\/schema\/person\/86d946a28a8be51bb096ccfdf19db179","name":"Erick Loiti\u00e8re","image":{"@type":"ImageObject","inLanguage":"nl-NL","@id":"https:\/\/secure.gravatar.com\/avatar\/0584f332103fbeaf37e52c73b15dca3c547fd9300deb05764e9ad8714839d072?s=96&d=robohash&r=g","url":"https:\/\/secure.gravatar.com\/avatar\/0584f332103fbeaf37e52c73b15dca3c547fd9300deb05764e9ad8714839d072?s=96&d=robohash&r=g","contentUrl":"https:\/\/secure.gravatar.com\/avatar\/0584f332103fbeaf37e52c73b15dca3c547fd9300deb05764e9ad8714839d072?s=96&d=robohash&r=g","caption":"Erick Loiti\u00e8re"},"sameAs":["http:\/\/www.univ-guyane.fr"],"url":"https:\/\/www.univ-guyane.fr\/nl\/author\/eloitierdbz\/"}]}},"_links":{"self":[{"href":"https:\/\/www.univ-guyane.fr\/nl\/wp-json\/wp\/v2\/posts\/14071","targetHints":{"allow":["GET"]}}],"collection":[{"href":"https:\/\/www.univ-guyane.fr\/nl\/wp-json\/wp\/v2\/posts"}],"about":[{"href":"https:\/\/www.univ-guyane.fr\/nl\/wp-json\/wp\/v2\/types\/post"}],"author":[{"embeddable":true,"href":"https:\/\/www.univ-guyane.fr\/nl\/wp-json\/wp\/v2\/users\/1"}],"replies":[{"embeddable":true,"href":"https:\/\/www.univ-guyane.fr\/nl\/wp-json\/wp\/v2\/comments?post=14071"}],"version-history":[{"count":1,"href":"https:\/\/www.univ-guyane.fr\/nl\/wp-json\/wp\/v2\/posts\/14071\/revisions"}],"predecessor-version":[{"id":14073,"href":"https:\/\/www.univ-guyane.fr\/nl\/wp-json\/wp\/v2\/posts\/14071\/revisions\/14073"}],"wp:featuredmedia":[{"embeddable":true,"href":"https:\/\/www.univ-guyane.fr\/nl\/wp-json\/wp\/v2\/media\/14072"}],"wp:attachment":[{"href":"https:\/\/www.univ-guyane.fr\/nl\/wp-json\/wp\/v2\/media?parent=14071"}],"wp:term":[{"taxonomy":"category","embeddable":true,"href":"https:\/\/www.univ-guyane.fr\/nl\/wp-json\/wp\/v2\/categories?post=14071"},{"taxonomy":"post_tag","embeddable":true,"href":"https:\/\/www.univ-guyane.fr\/nl\/wp-json\/wp\/v2\/tags?post=14071"}],"curies":[{"name":"wp","href":"https:\/\/api.w.org\/{rel}","templated":true}]}}