{"id":14166,"date":"2026-04-29T11:35:29","date_gmt":"2026-04-29T14:35:29","guid":{"rendered":"https:\/\/www.univ-guyane.fr\/?p=14166"},"modified":"2026-04-29T11:35:29","modified_gmt":"2026-04-29T14:35:29","slug":"zone-atelier-guyane-une-inauguration-strategique-pour-luniversite-de-guyane","status":"publish","type":"post","link":"https:\/\/www.univ-guyane.fr\/nl\/2026\/04\/29\/zone-atelier-guyane-une-inauguration-strategique-pour-luniversite-de-guyane\/","title":{"rendered":"Zone Atelier Guyane: een strategische opening voor de Universiteit van Guyana"},"content":{"rendered":"<div id=\"fws_69f2345662d18\"  data-column-margin=\"default\" data-midnight=\"dark\"  class=\"wpb_row vc_row-fluid vc_row\"  style=\"padding-top: 0px; padding-bottom: 0px; \"><div class=\"row-bg-wrap\" data-bg-animation=\"none\" data-bg-animation-delay=\"\" data-bg-overlay=\"false\"><div class=\"inner-wrap row-bg-layer\" ><div class=\"row-bg viewport-desktop\"  style=\"\"><\/div><\/div><\/div><div class=\"row_col_wrap_12 col span_12 dark left\">\n\t<div  class=\"vc_col-sm-12 wpb_column column_container vc_column_container col no-extra-padding inherit_tablet inherit_phone flex_gap_desktop_10px\"  data-padding-pos=\"all\" data-has-bg-color=\"false\" data-bg-color=\"\" data-bg-opacity=\"1\" data-animation=\"\" data-delay=\"0\" >\n\t\t<div class=\"vc_column-inner\" >\n\t\t\t<div class=\"wpb_wrapper\">\n\t\t\t\t\n<div class=\"wpb_text_column wpb_content_element  ug_chapo\" >\n\t<h2>Le 24 avril 2026, l\u2019Universit\u00e9 de Guyane a inaugur\u00e9 la Zone Atelier Guyane, dispositif du CNRS r\u00e9unissant chercheurs et acteurs locaux pour coconstruire la recherche et r\u00e9pondre aux enjeux environnementaux, climatiques et soci\u00e9taux du territoire.<\/h2>\n<\/div>\n\n\n\n\n<div class=\"wpb_text_column wpb_content_element\" >\n\t<h3>Une avanc\u00e9e majeure pour la recherche en Guyane<\/h3>\n<p>Le 24 avril 2026, l\u2019Universit\u00e9 de Guyane a marqu\u00e9 une \u00e9tape importante avec l\u2019inauguration de la Zone Atelier Guyane. Ce dispositif de recherche, port\u00e9 par le CNRS, s\u2019impose comme un levier cl\u00e9 pour renforcer le d\u00e9veloppement scientifique et technologique du territoire.<\/p>\n<p>L\u2019\u00e9v\u00e9nement s\u2019est d\u00e9roul\u00e9 en pr\u00e9sence de Mme Martine S\u00c9B\u00c9LOU\u00c9, Administratrice provisoire de l\u2019Universit\u00e9 de Guyane. Elle a mis en avant l\u2019importance strat\u00e9gique de cette infrastructure pour r\u00e9pondre aux enjeux d\u2019autonomie scientifique en Guyane.<\/p>\n<h3>Un espace de dialogue entre science et territoire<\/h3>\n<p>La Zone Atelier Guyane offre une opportunit\u00e9 unique de rapprocher les scientifiques et les acteurs locaux. Ce dialogue est essentiel pour mieux comprendre les r\u00e9alit\u00e9s du territoire et construire des r\u00e9ponses adapt\u00e9es aux d\u00e9fis actuels.<\/p>\n<p>Ce dispositif favorise le partage des connaissances et encourage une approche collaborative. Il permet ainsi d\u2019aborder les probl\u00e9matiques environnementales en tenant compte des interactions entre activit\u00e9s humaines et \u00e9cosyst\u00e8mes tropicaux.<\/p>\n<h3>Une recherche coconstruite sur les socio-\u00e9cosyst\u00e8mes<\/h3>\n<p>L\u2019objectif principal de la Zone Atelier Guyane est de coconstruire la recherche autour des socio-\u00e9cosyst\u00e8mes. Elle met l\u2019accent sur l\u2019identification des besoins scientifiques en lien direct avec les sp\u00e9cificit\u00e9s locales.<\/p>\n<p>Cette approche permet de d\u00e9velopper des projets pertinents et ancr\u00e9s dans le territoire. Elle contribue aussi \u00e0 mieux anticiper les \u00e9volutions environnementales et soci\u00e9tales en Guyane.<\/p>\n<h3>Un projet inscrit dans un r\u00e9seau national<\/h3>\n<p>La Zone Atelier Guyane s\u2019int\u00e8gre dans un r\u00e9seau national d\u00e9di\u00e9 \u00e0 l\u2019\u00e9tude des dynamiques environnementales et sociales sur le long terme. Ce cadre renforce la coh\u00e9rence des recherches men\u00e9es \u00e0 diff\u00e9rentes \u00e9chelles.<\/p>\n<p>Le dispositif s\u2019appuie sur plus de vingt ans de recherche interdisciplinaire. Il repose sur des partenariats solides avec l\u2019Universit\u00e9 de Guyane, l\u2019Ifremer, l\u2019Institut Pasteur de Guyane et d\u2019autres acteurs locaux.<\/p>\n<h3>Des enjeux environnementaux prioritaires<\/h3>\n<p>La Guyane poss\u00e8de une biodiversit\u00e9 exceptionnelle, mais elle fait face \u00e0 des d\u00e9fis croissants li\u00e9s aux changements climatiques. La Zone Atelier Guyane apporte des r\u00e9ponses concr\u00e8tes \u00e0 ces probl\u00e9matiques.<\/p>\n<p>La plateforme s\u2019organise autour de quatre axes principaux : les trajectoires des socio-\u00e9cosyst\u00e8mes, la gestion durable des ressources naturelles, la sant\u00e9 globale et les mobilit\u00e9s. Cette structuration permet une approche globale et coh\u00e9rente.<\/p>\n<h3>Un outil au service des politiques publiques<\/h3>\n<p>La Zone Atelier Guyane vise \u00e0 identifier et prioriser les besoins de recherche. Elle accompagne ainsi les politiques publiques dans la prise de d\u00e9cision face \u00e0 des enjeux majeurs comme le climat ou la gestion des ressources.<\/p>\n<p>L\u2019inauguration a permis de pr\u00e9senter le concept de Zone Atelier. Des ateliers de discussion ont \u00e9galement \u00e9t\u00e9 organis\u00e9s pour recueillir les pr\u00e9occupations des acteurs locaux et structurer les futures orientations scientifiques.<\/p>\n<h3>Une nouvelle dynamique scientifique en Guyane<\/h3>\n<p>Avec la Zone Atelier Guyane, une nouvelle \u00e8re de collaboration s\u2019ouvre. Ce dispositif favorise une science ouverte, tourn\u00e9e vers les besoins du territoire et de ses habitants.<\/p>\n<p>Cette initiative confirme l\u2019engagement de l\u2019Universit\u00e9 de Guyane en faveur du d\u00e9veloppement durable. Elle renforce aussi la volont\u00e9 de pr\u00e9server un environnement unique tout en soutenant l\u2019innovation scientifique.<\/p>\n<\/div>\n\n\n\n\n\t\t\t<\/div> \n\t\t<\/div>\n\t<\/div> \n<\/div><\/div>\n\t\t<div id=\"fws_69f2345663241\"  data-column-margin=\"default\" data-midnight=\"dark\"  class=\"wpb_row vc_row-fluid vc_row\"  style=\"padding-top: 0px; padding-bottom: 0px; \"><div class=\"row-bg-wrap\" data-bg-animation=\"none\" data-bg-animation-delay=\"\" data-bg-overlay=\"false\"><div class=\"inner-wrap row-bg-layer\" ><div class=\"row-bg viewport-desktop\"  style=\"\"><\/div><\/div><\/div><div class=\"row_col_wrap_12 col span_12 dark left\">\n\t<div style=\"\" class=\"vc_col-sm-12 wpb_column column_container vc_column_container col left_padding_desktop_30px top_padding_desktop_30px right_padding_desktop_30px bottom_padding_desktop_30px flex_gap_desktop_10px\" data-using-bg=\"true\" data-border-radius=\"20px\" data-padding-pos=\"all\" data-has-bg-color=\"true\" data-bg-color=\"#f6edfb\" data-bg-opacity=\"1\" data-animation=\"\" data-delay=\"0\" >\n\t\t<div class=\"vc_column-inner\" ><div class=\"column-bg-overlay-wrap column-bg-layer\" data-bg-animation=\"none\"><div class=\"column-bg-overlay\" style=\"opacity: 1; background-color: #f6edfb;\"><\/div><\/div>\n\t\t\t<div class=\"wpb_wrapper\">\n\t\t\t\t\n<div class=\"wpb_text_column wpb_content_element\" >\n\t<h3>FAQ<\/h3>\n<p><strong>Qu\u2019est-ce que la Zone Atelier Guyane ?<\/strong><br \/>\nLa Zone Atelier Guyane est un dispositif de recherche port\u00e9 par le CNRS. Elle vise \u00e0 \u00e9tudier les socio-\u00e9cosyst\u00e8mes et \u00e0 renforcer la coop\u00e9ration entre scientifiques et acteurs locaux.<\/p>\n<p><strong>Quand la Zone Atelier Guyane a-t-elle \u00e9t\u00e9 inaugur\u00e9e ?<\/strong><br \/>\nElle a \u00e9t\u00e9 inaugur\u00e9e le 24 avril 2026 \u00e0 l\u2019Universit\u00e9 de Guyane. Cet \u00e9v\u00e9nement marque une \u00e9tape importante pour le territoire.<\/p>\n<p><strong>Pourquoi l\u2019inauguration de la Zone Atelier Guyane est-elle importante ?<\/strong><br \/>\nCette inauguration marque une \u00e9tape cl\u00e9 pour la recherche en Guyane. Elle renforce la coop\u00e9ration entre scientifiques et acteurs locaux et permet de mieux r\u00e9pondre aux enjeux environnementaux et climatiques du territoire.<\/p>\n<p><strong>Quels sont les axes de recherche principaux ?<\/strong><br \/>\nLa Zone Atelier Guyane s\u2019articule autour de quatre axes : socio-\u00e9cosyst\u00e8mes, ressources naturelles, sant\u00e9 globale et mobilit\u00e9s.<\/p>\n<p><strong>Quels partenaires sont impliqu\u00e9s dans le projet ?<\/strong><br \/>\nLe projet associe l\u2019Universit\u00e9 de Guyane, le CNRS, l\u2019Ifremer, l\u2019Institut Pasteur de Guyane et d\u2019autres acteurs locaux.<\/p>\n<p><strong>Pourquoi ce dispositif est-il important pour la Guyane ?<\/strong><br \/>\nIl permet de r\u00e9pondre aux d\u00e9fis environnementaux et climatiques. Il contribue aussi \u00e0 renforcer l\u2019autonomie scientifique et le d\u00e9veloppement durable du territoire.<\/p>\n<\/div>\n\n\n\n\n\t\t\t<\/div> \n\t\t<\/div>\n\t<\/div> \n<\/div><\/div>","protected":false},"excerpt":{"rendered":"Op 24 april 2026 huldigde de Universiteit van Guyana de Zone Atelier Guyane in, een...","protected":false},"author":1,"featured_media":14167,"comment_status":"closed","ping_status":"open","sticky":false,"template":"","format":"standard","meta":{"iawp_total_views":2,"footnotes":""},"categories":[175,192,155],"tags":[177,193,345],"class_list":{"0":"post-14166","1":"post","2":"type-post","3":"status-publish","4":"format-standard","5":"has-post-thumbnail","7":"category-laboratoires","8":"category-leeisa","9":"category-recherche","10":"tag-laboratoires","11":"tag-leeisa","12":"tag-zone-atelier"},"yoast_head":"<!-- This site is optimized with the Yoast SEO plugin v27.5 - https:\/\/yoast.com\/product\/yoast-seo-wordpress\/ -->\n<title>Zone Atelier Guyane : une inauguration strat\u00e9gique pour l\u2019Universit\u00e9 de Guyane &#8212; Universit\u00e9 de Guyane<\/title>\n<meta name=\"description\" content=\"La Zone Atelier Guyane, inaugur\u00e9e le 24 avril 2026, dynamise la recherche et accompagne les politiques face aux enjeux environnementaux.\" \/>\n<meta name=\"robots\" content=\"index, follow, max-snippet:-1, max-image-preview:large, max-video-preview:-1\" \/>\n<link rel=\"canonical\" href=\"https:\/\/www.univ-guyane.fr\/nl\/2026\/04\/29\/zone-atelier-guyane-une-inauguration-strategique-pour-luniversite-de-guyane\/\" \/>\n<meta property=\"og:locale\" content=\"nl_NL\" \/>\n<meta property=\"og:type\" content=\"article\" \/>\n<meta property=\"og:title\" content=\"Zone Atelier Guyane : une inauguration strat\u00e9gique pour l\u2019Universit\u00e9 de Guyane &#8212; Universit\u00e9 de Guyane\" \/>\n<meta property=\"og:description\" content=\"La Zone Atelier Guyane, inaugur\u00e9e le 24 avril 2026, dynamise la recherche et accompagne les politiques face aux enjeux environnementaux.\" \/>\n<meta property=\"og:url\" content=\"https:\/\/www.univ-guyane.fr\/nl\/2026\/04\/29\/zone-atelier-guyane-une-inauguration-strategique-pour-luniversite-de-guyane\/\" \/>\n<meta property=\"og:site_name\" content=\"Universit\u00e9 de Guyane\" \/>\n<meta property=\"article:publisher\" content=\"https:\/\/www.facebook.com\/univguyane\" \/>\n<meta property=\"article:published_time\" content=\"2026-04-29T14:35:29+00:00\" \/>\n<meta property=\"og:image\" content=\"https:\/\/www.univ-guyane.fr\/wp-content\/uploads\/inauguration-zone-atelier-universite-de-guyane.jpg\" \/>\n\t<meta property=\"og:image:width\" content=\"1920\" \/>\n\t<meta property=\"og:image:height\" content=\"1440\" \/>\n\t<meta property=\"og:image:type\" content=\"image\/jpeg\" \/>\n<meta name=\"author\" content=\"Erick Loiti\u00e8re\" \/>\n<meta name=\"twitter:card\" content=\"summary_large_image\" \/>\n<meta name=\"twitter:creator\" content=\"@univguyane\" \/>\n<meta name=\"twitter:site\" content=\"@univguyane\" \/>\n<meta name=\"twitter:label1\" content=\"Geschreven door\" \/>\n\t<meta name=\"twitter:data1\" content=\"Erick Loiti\u00e8re\" \/>\n\t<meta name=\"twitter:label2\" content=\"Geschatte leestijd\" \/>\n\t<meta name=\"twitter:data2\" content=\"4 minuten\" \/>\n<script type=\"application\/ld+json\" class=\"yoast-schema-graph\">{\"@context\":\"https:\\\/\\\/schema.org\",\"@graph\":[{\"@type\":\"Article\",\"@id\":\"https:\\\/\\\/www.univ-guyane.fr\\\/2026\\\/04\\\/29\\\/zone-atelier-guyane-une-inauguration-strategique-pour-luniversite-de-guyane\\\/#article\",\"isPartOf\":{\"@id\":\"https:\\\/\\\/www.univ-guyane.fr\\\/2026\\\/04\\\/29\\\/zone-atelier-guyane-une-inauguration-strategique-pour-luniversite-de-guyane\\\/\"},\"author\":{\"name\":\"Erick Loiti\u00e8re\",\"@id\":\"https:\\\/\\\/www.univ-guyane.fr\\\/#\\\/schema\\\/person\\\/86d946a28a8be51bb096ccfdf19db179\"},\"headline\":\"Zone Atelier Guyane : une inauguration strat\u00e9gique pour l\u2019Universit\u00e9 de Guyane\",\"datePublished\":\"2026-04-29T14:35:29+00:00\",\"mainEntityOfPage\":{\"@id\":\"https:\\\/\\\/www.univ-guyane.fr\\\/2026\\\/04\\\/29\\\/zone-atelier-guyane-une-inauguration-strategique-pour-luniversite-de-guyane\\\/\"},\"wordCount\":1195,\"publisher\":{\"@id\":\"https:\\\/\\\/www.univ-guyane.fr\\\/#organization\"},\"image\":{\"@id\":\"https:\\\/\\\/www.univ-guyane.fr\\\/2026\\\/04\\\/29\\\/zone-atelier-guyane-une-inauguration-strategique-pour-luniversite-de-guyane\\\/#primaryimage\"},\"thumbnailUrl\":\"https:\\\/\\\/www.univ-guyane.fr\\\/wp-content\\\/uploads\\\/inauguration-zone-atelier-universite-de-guyane.jpg\",\"keywords\":[\"Laboratoires\",\"LEEISA\",\"Zone atelier\"],\"articleSection\":[\"\u2022\u00a0Laboratoires\",\"\u2022 LEEISA\",\"\u2022\u00a0Recherche\"],\"inLanguage\":\"nl-NL\"},{\"@type\":\"WebPage\",\"@id\":\"https:\\\/\\\/www.univ-guyane.fr\\\/2026\\\/04\\\/29\\\/zone-atelier-guyane-une-inauguration-strategique-pour-luniversite-de-guyane\\\/\",\"url\":\"https:\\\/\\\/www.univ-guyane.fr\\\/2026\\\/04\\\/29\\\/zone-atelier-guyane-une-inauguration-strategique-pour-luniversite-de-guyane\\\/\",\"name\":\"Zone Atelier Guyane : une inauguration strat\u00e9gique pour l\u2019Universit\u00e9 de Guyane &#8212; Universit\u00e9 de Guyane\",\"isPartOf\":{\"@id\":\"https:\\\/\\\/www.univ-guyane.fr\\\/#website\"},\"primaryImageOfPage\":{\"@id\":\"https:\\\/\\\/www.univ-guyane.fr\\\/2026\\\/04\\\/29\\\/zone-atelier-guyane-une-inauguration-strategique-pour-luniversite-de-guyane\\\/#primaryimage\"},\"image\":{\"@id\":\"https:\\\/\\\/www.univ-guyane.fr\\\/2026\\\/04\\\/29\\\/zone-atelier-guyane-une-inauguration-strategique-pour-luniversite-de-guyane\\\/#primaryimage\"},\"thumbnailUrl\":\"https:\\\/\\\/www.univ-guyane.fr\\\/wp-content\\\/uploads\\\/inauguration-zone-atelier-universite-de-guyane.jpg\",\"datePublished\":\"2026-04-29T14:35:29+00:00\",\"description\":\"La Zone Atelier Guyane, inaugur\u00e9e le 24 avril 2026, dynamise la recherche et accompagne les politiques face aux enjeux environnementaux.\",\"breadcrumb\":{\"@id\":\"https:\\\/\\\/www.univ-guyane.fr\\\/2026\\\/04\\\/29\\\/zone-atelier-guyane-une-inauguration-strategique-pour-luniversite-de-guyane\\\/#breadcrumb\"},\"inLanguage\":\"nl-NL\",\"potentialAction\":[{\"@type\":\"ReadAction\",\"target\":[\"https:\\\/\\\/www.univ-guyane.fr\\\/2026\\\/04\\\/29\\\/zone-atelier-guyane-une-inauguration-strategique-pour-luniversite-de-guyane\\\/\"]}]},{\"@type\":\"ImageObject\",\"inLanguage\":\"nl-NL\",\"@id\":\"https:\\\/\\\/www.univ-guyane.fr\\\/2026\\\/04\\\/29\\\/zone-atelier-guyane-une-inauguration-strategique-pour-luniversite-de-guyane\\\/#primaryimage\",\"url\":\"https:\\\/\\\/www.univ-guyane.fr\\\/wp-content\\\/uploads\\\/inauguration-zone-atelier-universite-de-guyane.jpg\",\"contentUrl\":\"https:\\\/\\\/www.univ-guyane.fr\\\/wp-content\\\/uploads\\\/inauguration-zone-atelier-universite-de-guyane.jpg\",\"width\":1920,\"height\":1440,\"caption\":\"Inauguration Zone Atelier Guyane Universit\u00e9 de Guyane collaboration scientifique\"},{\"@type\":\"BreadcrumbList\",\"@id\":\"https:\\\/\\\/www.univ-guyane.fr\\\/2026\\\/04\\\/29\\\/zone-atelier-guyane-une-inauguration-strategique-pour-luniversite-de-guyane\\\/#breadcrumb\",\"itemListElement\":[{\"@type\":\"ListItem\",\"position\":1,\"name\":\"Accueil\",\"item\":\"https:\\\/\\\/www.univ-guyane.fr\\\/\"},{\"@type\":\"ListItem\",\"position\":2,\"name\":\"Zone Atelier Guyane : une inauguration strat\u00e9gique pour l\u2019Universit\u00e9 de Guyane\"}]},{\"@type\":\"WebSite\",\"@id\":\"https:\\\/\\\/www.univ-guyane.fr\\\/#website\",\"url\":\"https:\\\/\\\/www.univ-guyane.fr\\\/\",\"name\":\"Universit\u00e9 de Guyane\",\"description\":\"Au c\u0153ur de l&#039;amazonie\",\"publisher\":{\"@id\":\"https:\\\/\\\/www.univ-guyane.fr\\\/#organization\"},\"alternateName\":\"UG\",\"potentialAction\":[{\"@type\":\"SearchAction\",\"target\":{\"@type\":\"EntryPoint\",\"urlTemplate\":\"https:\\\/\\\/www.univ-guyane.fr\\\/?s={search_term_string}\"},\"query-input\":{\"@type\":\"PropertyValueSpecification\",\"valueRequired\":true,\"valueName\":\"search_term_string\"}}],\"inLanguage\":\"nl-NL\"},{\"@type\":\"Organization\",\"@id\":\"https:\\\/\\\/www.univ-guyane.fr\\\/#organization\",\"name\":\"Universit\u00e9 de Guyane\",\"alternateName\":\"UG\",\"url\":\"https:\\\/\\\/www.univ-guyane.fr\\\/\",\"logo\":{\"@type\":\"ImageObject\",\"inLanguage\":\"nl-NL\",\"@id\":\"https:\\\/\\\/www.univ-guyane.fr\\\/#\\\/schema\\\/logo\\\/image\\\/\",\"url\":\"https:\\\/\\\/www.univ-guyane.fr\\\/wp-content\\\/uploads\\\/2024\\\/05\\\/f.png\",\"contentUrl\":\"https:\\\/\\\/www.univ-guyane.fr\\\/wp-content\\\/uploads\\\/2024\\\/05\\\/f.png\",\"width\":1024,\"height\":1024,\"caption\":\"Universit\u00e9 de Guyane\"},\"image\":{\"@id\":\"https:\\\/\\\/www.univ-guyane.fr\\\/#\\\/schema\\\/logo\\\/image\\\/\"},\"sameAs\":[\"https:\\\/\\\/www.facebook.com\\\/univguyane\",\"https:\\\/\\\/x.com\\\/univguyane\",\"https:\\\/\\\/gf.linkedin.com\\\/school\\\/universite-de-guyane\\\/\",\"https:\\\/\\\/www.instagram.com\\\/univ_guyane\\\/\"]},{\"@type\":\"Person\",\"@id\":\"https:\\\/\\\/www.univ-guyane.fr\\\/#\\\/schema\\\/person\\\/86d946a28a8be51bb096ccfdf19db179\",\"name\":\"Erick Loiti\u00e8re\",\"image\":{\"@type\":\"ImageObject\",\"inLanguage\":\"nl-NL\",\"@id\":\"https:\\\/\\\/secure.gravatar.com\\\/avatar\\\/0584f332103fbeaf37e52c73b15dca3c547fd9300deb05764e9ad8714839d072?s=96&d=robohash&r=g\",\"url\":\"https:\\\/\\\/secure.gravatar.com\\\/avatar\\\/0584f332103fbeaf37e52c73b15dca3c547fd9300deb05764e9ad8714839d072?s=96&d=robohash&r=g\",\"contentUrl\":\"https:\\\/\\\/secure.gravatar.com\\\/avatar\\\/0584f332103fbeaf37e52c73b15dca3c547fd9300deb05764e9ad8714839d072?s=96&d=robohash&r=g\",\"caption\":\"Erick Loiti\u00e8re\"},\"sameAs\":[\"http:\\\/\\\/www.univ-guyane.fr\"],\"url\":\"https:\\\/\\\/www.univ-guyane.fr\\\/nl\\\/author\\\/eloitierdbz\\\/\"}]}<\/script>\n<!-- \/ Yoast SEO plugin. -->","yoast_head_json":{"title":"Zone Atelier Guyane : une inauguration strat\u00e9gique pour l\u2019Universit\u00e9 de Guyane &#8212; Universit\u00e9 de Guyane","description":"La Zone Atelier Guyane, inaugur\u00e9e le 24 avril 2026, dynamise la recherche et accompagne les politiques face aux enjeux environnementaux.","robots":{"index":"index","follow":"follow","max-snippet":"max-snippet:-1","max-image-preview":"max-image-preview:large","max-video-preview":"max-video-preview:-1"},"canonical":"https:\/\/www.univ-guyane.fr\/nl\/2026\/04\/29\/zone-atelier-guyane-une-inauguration-strategique-pour-luniversite-de-guyane\/","og_locale":"nl_NL","og_type":"article","og_title":"Zone Atelier Guyane : une inauguration strat\u00e9gique pour l\u2019Universit\u00e9 de Guyane &#8212; Universit\u00e9 de Guyane","og_description":"La Zone Atelier Guyane, inaugur\u00e9e le 24 avril 2026, dynamise la recherche et accompagne les politiques face aux enjeux environnementaux.","og_url":"https:\/\/www.univ-guyane.fr\/nl\/2026\/04\/29\/zone-atelier-guyane-une-inauguration-strategique-pour-luniversite-de-guyane\/","og_site_name":"Universit\u00e9 de Guyane","article_publisher":"https:\/\/www.facebook.com\/univguyane","article_published_time":"2026-04-29T14:35:29+00:00","og_image":[{"width":1920,"height":1440,"url":"https:\/\/www.univ-guyane.fr\/wp-content\/uploads\/inauguration-zone-atelier-universite-de-guyane.jpg","type":"image\/jpeg"}],"author":"Erick Loiti\u00e8re","twitter_card":"summary_large_image","twitter_creator":"@univguyane","twitter_site":"@univguyane","twitter_misc":{"Geschreven door":"Erick Loiti\u00e8re","Geschatte leestijd":"4 minuten"},"schema":{"@context":"https:\/\/schema.org","@graph":[{"@type":"Article","@id":"https:\/\/www.univ-guyane.fr\/2026\/04\/29\/zone-atelier-guyane-une-inauguration-strategique-pour-luniversite-de-guyane\/#article","isPartOf":{"@id":"https:\/\/www.univ-guyane.fr\/2026\/04\/29\/zone-atelier-guyane-une-inauguration-strategique-pour-luniversite-de-guyane\/"},"author":{"name":"Erick Loiti\u00e8re","@id":"https:\/\/www.univ-guyane.fr\/#\/schema\/person\/86d946a28a8be51bb096ccfdf19db179"},"headline":"Zone Atelier Guyane : une inauguration strat\u00e9gique pour l\u2019Universit\u00e9 de Guyane","datePublished":"2026-04-29T14:35:29+00:00","mainEntityOfPage":{"@id":"https:\/\/www.univ-guyane.fr\/2026\/04\/29\/zone-atelier-guyane-une-inauguration-strategique-pour-luniversite-de-guyane\/"},"wordCount":1195,"publisher":{"@id":"https:\/\/www.univ-guyane.fr\/#organization"},"image":{"@id":"https:\/\/www.univ-guyane.fr\/2026\/04\/29\/zone-atelier-guyane-une-inauguration-strategique-pour-luniversite-de-guyane\/#primaryimage"},"thumbnailUrl":"https:\/\/www.univ-guyane.fr\/wp-content\/uploads\/inauguration-zone-atelier-universite-de-guyane.jpg","keywords":["Laboratoires","LEEISA","Zone atelier"],"articleSection":["\u2022\u00a0Laboratoires","\u2022 LEEISA","\u2022\u00a0Recherche"],"inLanguage":"nl-NL"},{"@type":"WebPage","@id":"https:\/\/www.univ-guyane.fr\/2026\/04\/29\/zone-atelier-guyane-une-inauguration-strategique-pour-luniversite-de-guyane\/","url":"https:\/\/www.univ-guyane.fr\/2026\/04\/29\/zone-atelier-guyane-une-inauguration-strategique-pour-luniversite-de-guyane\/","name":"Zone Atelier Guyane : une inauguration strat\u00e9gique pour l\u2019Universit\u00e9 de Guyane &#8212; Universit\u00e9 de Guyane","isPartOf":{"@id":"https:\/\/www.univ-guyane.fr\/#website"},"primaryImageOfPage":{"@id":"https:\/\/www.univ-guyane.fr\/2026\/04\/29\/zone-atelier-guyane-une-inauguration-strategique-pour-luniversite-de-guyane\/#primaryimage"},"image":{"@id":"https:\/\/www.univ-guyane.fr\/2026\/04\/29\/zone-atelier-guyane-une-inauguration-strategique-pour-luniversite-de-guyane\/#primaryimage"},"thumbnailUrl":"https:\/\/www.univ-guyane.fr\/wp-content\/uploads\/inauguration-zone-atelier-universite-de-guyane.jpg","datePublished":"2026-04-29T14:35:29+00:00","description":"La Zone Atelier Guyane, inaugur\u00e9e le 24 avril 2026, dynamise la recherche et accompagne les politiques face aux enjeux environnementaux.","breadcrumb":{"@id":"https:\/\/www.univ-guyane.fr\/2026\/04\/29\/zone-atelier-guyane-une-inauguration-strategique-pour-luniversite-de-guyane\/#breadcrumb"},"inLanguage":"nl-NL","potentialAction":[{"@type":"ReadAction","target":["https:\/\/www.univ-guyane.fr\/2026\/04\/29\/zone-atelier-guyane-une-inauguration-strategique-pour-luniversite-de-guyane\/"]}]},{"@type":"ImageObject","inLanguage":"nl-NL","@id":"https:\/\/www.univ-guyane.fr\/2026\/04\/29\/zone-atelier-guyane-une-inauguration-strategique-pour-luniversite-de-guyane\/#primaryimage","url":"https:\/\/www.univ-guyane.fr\/wp-content\/uploads\/inauguration-zone-atelier-universite-de-guyane.jpg","contentUrl":"https:\/\/www.univ-guyane.fr\/wp-content\/uploads\/inauguration-zone-atelier-universite-de-guyane.jpg","width":1920,"height":1440,"caption":"Inauguration Zone Atelier Guyane Universit\u00e9 de Guyane collaboration scientifique"},{"@type":"BreadcrumbList","@id":"https:\/\/www.univ-guyane.fr\/2026\/04\/29\/zone-atelier-guyane-une-inauguration-strategique-pour-luniversite-de-guyane\/#breadcrumb","itemListElement":[{"@type":"ListItem","position":1,"name":"Accueil","item":"https:\/\/www.univ-guyane.fr\/"},{"@type":"ListItem","position":2,"name":"Zone Atelier Guyane : une inauguration strat\u00e9gique pour l\u2019Universit\u00e9 de Guyane"}]},{"@type":"WebSite","@id":"https:\/\/www.univ-guyane.fr\/#website","url":"https:\/\/www.univ-guyane.fr\/","name":"Universiteit van Guyana","description":"In het hart van Amazonia","publisher":{"@id":"https:\/\/www.univ-guyane.fr\/#organization"},"alternateName":"UG","potentialAction":[{"@type":"SearchAction","target":{"@type":"EntryPoint","urlTemplate":"https:\/\/www.univ-guyane.fr\/?s={search_term_string}"},"query-input":{"@type":"PropertyValueSpecification","valueRequired":true,"valueName":"search_term_string"}}],"inLanguage":"nl-NL"},{"@type":"Organization","@id":"https:\/\/www.univ-guyane.fr\/#organization","name":"Universiteit van Guyana","alternateName":"UG","url":"https:\/\/www.univ-guyane.fr\/","logo":{"@type":"ImageObject","inLanguage":"nl-NL","@id":"https:\/\/www.univ-guyane.fr\/#\/schema\/logo\/image\/","url":"https:\/\/www.univ-guyane.fr\/wp-content\/uploads\/2024\/05\/f.png","contentUrl":"https:\/\/www.univ-guyane.fr\/wp-content\/uploads\/2024\/05\/f.png","width":1024,"height":1024,"caption":"Universit\u00e9 de Guyane"},"image":{"@id":"https:\/\/www.univ-guyane.fr\/#\/schema\/logo\/image\/"},"sameAs":["https:\/\/www.facebook.com\/univguyane","https:\/\/x.com\/univguyane","https:\/\/gf.linkedin.com\/school\/universite-de-guyane\/","https:\/\/www.instagram.com\/univ_guyane\/"]},{"@type":"Person","@id":"https:\/\/www.univ-guyane.fr\/#\/schema\/person\/86d946a28a8be51bb096ccfdf19db179","name":"Erick Loiti\u00e8re","image":{"@type":"ImageObject","inLanguage":"nl-NL","@id":"https:\/\/secure.gravatar.com\/avatar\/0584f332103fbeaf37e52c73b15dca3c547fd9300deb05764e9ad8714839d072?s=96&d=robohash&r=g","url":"https:\/\/secure.gravatar.com\/avatar\/0584f332103fbeaf37e52c73b15dca3c547fd9300deb05764e9ad8714839d072?s=96&d=robohash&r=g","contentUrl":"https:\/\/secure.gravatar.com\/avatar\/0584f332103fbeaf37e52c73b15dca3c547fd9300deb05764e9ad8714839d072?s=96&d=robohash&r=g","caption":"Erick Loiti\u00e8re"},"sameAs":["http:\/\/www.univ-guyane.fr"],"url":"https:\/\/www.univ-guyane.fr\/nl\/author\/eloitierdbz\/"}]}},"_links":{"self":[{"href":"https:\/\/www.univ-guyane.fr\/nl\/wp-json\/wp\/v2\/posts\/14166","targetHints":{"allow":["GET"]}}],"collection":[{"href":"https:\/\/www.univ-guyane.fr\/nl\/wp-json\/wp\/v2\/posts"}],"about":[{"href":"https:\/\/www.univ-guyane.fr\/nl\/wp-json\/wp\/v2\/types\/post"}],"author":[{"embeddable":true,"href":"https:\/\/www.univ-guyane.fr\/nl\/wp-json\/wp\/v2\/users\/1"}],"replies":[{"embeddable":true,"href":"https:\/\/www.univ-guyane.fr\/nl\/wp-json\/wp\/v2\/comments?post=14166"}],"version-history":[{"count":1,"href":"https:\/\/www.univ-guyane.fr\/nl\/wp-json\/wp\/v2\/posts\/14166\/revisions"}],"predecessor-version":[{"id":14168,"href":"https:\/\/www.univ-guyane.fr\/nl\/wp-json\/wp\/v2\/posts\/14166\/revisions\/14168"}],"wp:featuredmedia":[{"embeddable":true,"href":"https:\/\/www.univ-guyane.fr\/nl\/wp-json\/wp\/v2\/media\/14167"}],"wp:attachment":[{"href":"https:\/\/www.univ-guyane.fr\/nl\/wp-json\/wp\/v2\/media?parent=14166"}],"wp:term":[{"taxonomy":"category","embeddable":true,"href":"https:\/\/www.univ-guyane.fr\/nl\/wp-json\/wp\/v2\/categories?post=14166"},{"taxonomy":"post_tag","embeddable":true,"href":"https:\/\/www.univ-guyane.fr\/nl\/wp-json\/wp\/v2\/tags?post=14166"}],"curies":[{"name":"wp","href":"https:\/\/api.w.org\/{rel}","templated":true}]}}