{"id":8312,"date":"2024-02-05T09:48:51","date_gmt":"2024-02-05T12:48:51","guid":{"rendered":"https:\/\/www.univ-guyane.fr\/?p=8312"},"modified":"2024-07-12T13:08:10","modified_gmt":"2024-07-12T16:08:10","slug":"conferences-sur-la-biologie-marine-par-joao-pedro-barreiros","status":"publish","type":"post","link":"https:\/\/www.univ-guyane.fr\/nl\/2024\/02\/05\/conferences-sur-la-biologie-marine-par-joao-pedro-barreiros\/","title":{"rendered":"Lezingen over mariene biologie door Jo\u00e3o Pedro Barreiros"},"content":{"rendered":"<div id=\"fws_69f1e6930b55d\"  data-column-margin=\"default\" data-midnight=\"dark\"  class=\"wpb_row vc_row-fluid vc_row\"  style=\"padding-top: 0px; padding-bottom: 0px; \"><div class=\"row-bg-wrap\" data-bg-animation=\"none\" data-bg-animation-delay=\"\" data-bg-overlay=\"false\"><div class=\"inner-wrap row-bg-layer\" ><div class=\"row-bg viewport-desktop\"  style=\"\"><\/div><\/div><\/div><div class=\"row_col_wrap_12 col span_12 dark left\">\n\t<div  class=\"vc_col-sm-12 wpb_column column_container vc_column_container col no-extra-padding inherit_tablet inherit_phone\"  data-padding-pos=\"all\" data-has-bg-color=\"false\" data-bg-color=\"\" data-bg-opacity=\"1\" data-animation=\"\" data-delay=\"0\" >\n\t\t<div class=\"vc_column-inner\" >\n\t\t\t<div class=\"wpb_wrapper\">\n\t\t\t\t\n<div class=\"wpb_text_column wpb_content_element  chapo\" >\n\t<h2>Het Department of Training and Research (DFR) Science and Technology organiseert twee exclusieve lezingen door professor Jo\u00e3o Pedro Barreiros, universitair hoofddocent aan de Universiteit van de Azoren (Portugal) en erkend expert op het gebied van mariene biologie. De lezingen zullen de kennis van het publiek over het zeeleven vergroten door twee fascinerende thema's te verkennen: mariene biologie en de evolutie van vissen.<\/h2>\n<\/div>\n\n\n\n\n<div class=\"wpb_text_column wpb_content_element\" >\n\t<h3>Visevolutie en aanpassing aan mariene habitats<\/h3>\n<h4><em>Datum en tijd: dinsdag 6 februari, van 13.00 tot 13.55 uur<\/em><br \/>\n<em>Plaats: Amphi C<\/em><\/h4>\n<p>Vissen ontwikkelden zich uit oude chordaten - waarschijnlijk vergelijkbaar met de huidige cefalochordaten - tijdens de Cambrische explosie van het leven, ongeveer 530 miljoen jaar voor Christus. Hoewel een groot aantal taxa nu is uitgestorven en zelfs het woord 'vis' een kunstmatige niet-zo\u00f6logische term is, hebben we nog steeds hedendaagse soorten uit de belangrijkste takken van de visfylogenie: van de Agnatha's tot de Chondrichthyes, van de Coelacanths tot de Actinopterygians, enzovoort. Vissen hebben zich aangepast aan alle aquatische omgevingen en vormen de meest diverse groep gewervelde dieren (Craniata), die overal ter wereld voorkomen, van de diepten van de oceaan tot rivieren, meren en zelfs hydrothermale bronnen in het binnenland en op tektonische ruggen op de oceaanbodem. Sommige soorten hebben longen ontwikkeld en andere vermijden zelfs meestal water. In deze presentatie neemt de spreker je mee op een 'reis' door de tijd en laat hij je zien hoe vissen evolueerden en zich aanpasten, wat uiteindelijk een evolutionair pad gaf naar amfibie\u00ebn, reptielen en natuurlijk zoogdieren en onszelf.<\/p>\n<h3>Elasmobranchs van het noordoostelijke deel van de Atlantische Oceaan - soorten van de Azoren als casestudy<\/h3>\n<h4><em>Datum en tijd: woensdag 7 februari, van 13.00 tot 13.55 uur<\/em><br \/>\n<em>Plaats: Amphi C<\/em><\/h4>\n<p>De Azoren, de meest noordelijke archipel in Macaronesi\u00eb, worden gedomineerd door diepe wateren in hun uitgestrekte Exclusieve Economische Zone. In deze wateren komen Elasmobranchs voor, vari\u00ebrend van pelagische tot oceanische kustsoorten, en vooral een grote en weinig bestudeerde reeks diepzeesoorten. In deze presentatie zal de spreker alle huidige soorten laten zien die bekend zijn uit deze regio en hun relatieve abundantie, onregelmatige\/agrarische voorkomen en verticale distributies bespreken, terwijl de soorten van enig economisch belang gedetailleerd worden beschreven.<\/p>\n<\/div>\n\n\n\n\n<div class=\"wpb_text_column wpb_content_element  vc_custom_1720800486930\" >\n\t<h4><strong>Een paar woorden over de spreker<\/strong><\/h4>\n<p>Jo\u00e3o Pedro Barreiros werd op 21 oktober 1964 in Lissabon geboren in een Macanees gezin dat in Angola en Lissabon had gewoond, maar ervoor koos om op de Azoren te gaan studeren en wonen toen hij de middelbare school had afgemaakt. Hij was al afgestudeerd in Zo\u00f6techniek en ging in 1991 aan de slag als assistent in opleiding aan de Universiteit van de Azoren. In 1995 slaagde hij voor de pedagogische en wetenschappelijke proeven van bekwaamheid in de specialiteit dierethologie en in 2001 voltooide hij zijn doctoraat in Dierbiologie\/Ecologie. In 2008 slaagde hij voor de agr\u00e9gatie-examens in dierethologie en momenteel is hij universitair hoofddocent agr\u00e9gatie aan de Universiteit van de Azoren, waar hij verschillende vakken doceert in de studierichtingen Natuur en erfgoed, Agronomische wetenschappen, Diergeneeskunde en Zo\u00f6techniek. Hij is auteur en medeauteur van een honderdtal publicaties in internationale peer-reviewed tijdschriften en van diverse artikelen, columns en populair-wetenschappelijke boeken. Hij heeft zijn onderzoek voornamelijk gericht op aquatische roofdieren op de Azoren, in de Golf van Guinee en in Brazili\u00eb, waar hij zich de laatste jaren vooral heeft geconcentreerd op het Amazonebekken.<\/p>\n<p>Onderzoeker bij de Azoren Biodiversiteit Groep (GBA, ABG), Centre d'\u00c9volution de l'Ecologie et des Changements Environnementaux (ce3c) en lid van het CHANGE geassocieerd laboratorium.<\/p>\n<p>Als wetenschappelijk illustrator en lid van de Guild of Natural Science Illustrators wijdt hij zich ook aan het bestuderen van de klassieke gitaar. Van jongs af aan speelt de zee een belangrijke rol in zijn leven, als onderzoeker en als onderwaterjager, een bezigheid die hij combineert met zijn werk op het gebied van gegevensverzamelingstechnieken. Hij is lid van een aantal nationale en internationale verenigingen, waaronder de Class of Arts, Letters and Sciences van de Marine Academy als volwaardig lid. Hij is ook lid van de specialisatiegroep voor tandbaarzen en lipvissen van de International Union for Conservation of Nature.<\/p>\n<\/div>\n\n\n\n\n\t\t\t<\/div> \n\t\t<\/div>\n\t<\/div> \n<\/div><\/div>","protected":false},"excerpt":{"rendered":"Het Department of Training and Research (DFR) Science and Technology organiseert twee exclusieve conferenties...","protected":false},"author":1,"featured_media":8313,"comment_status":"closed","ping_status":"open","sticky":false,"template":"","format":"standard","meta":{"iawp_total_views":67,"footnotes":""},"categories":[9],"tags":[],"class_list":{"0":"post-8312","1":"post","2":"type-post","3":"status-publish","4":"format-standard","5":"has-post-thumbnail","7":"category-st"},"yoast_head":"<!-- This site is optimized with the Yoast SEO plugin v27.5 - https:\/\/yoast.com\/product\/yoast-seo-wordpress\/ -->\n<title>Conf\u00e9rences sur la biologie marine par Jo\u00e3o Pedro Barreiros &#8212; Universit\u00e9 de Guyane<\/title>\n<meta name=\"description\" content=\"Plongez dans l&#039;univers des poissons et d\u00e9couvrez leur incroyable diversit\u00e9 et leur adaptation \u00e0 diff\u00e9rents milieux.\" \/>\n<meta name=\"robots\" content=\"index, follow, max-snippet:-1, max-image-preview:large, max-video-preview:-1\" \/>\n<link rel=\"canonical\" href=\"https:\/\/www.univ-guyane.fr\/nl\/2024\/02\/05\/conferences-sur-la-biologie-marine-par-joao-pedro-barreiros\/\" \/>\n<meta property=\"og:locale\" content=\"nl_NL\" \/>\n<meta property=\"og:type\" content=\"article\" \/>\n<meta property=\"og:title\" content=\"Conf\u00e9rences sur la biologie marine par Jo\u00e3o Pedro Barreiros &#8212; Universit\u00e9 de Guyane\" \/>\n<meta property=\"og:description\" content=\"Plongez dans l&#039;univers des poissons et d\u00e9couvrez leur incroyable diversit\u00e9 et leur adaptation \u00e0 diff\u00e9rents milieux.\" \/>\n<meta property=\"og:url\" content=\"https:\/\/www.univ-guyane.fr\/nl\/2024\/02\/05\/conferences-sur-la-biologie-marine-par-joao-pedro-barreiros\/\" \/>\n<meta property=\"og:site_name\" content=\"Universit\u00e9 de Guyane\" \/>\n<meta property=\"article:publisher\" content=\"https:\/\/www.facebook.com\/univguyane\" \/>\n<meta property=\"article:published_time\" content=\"2024-02-05T12:48:51+00:00\" \/>\n<meta property=\"article:modified_time\" content=\"2024-07-12T16:08:10+00:00\" \/>\n<meta property=\"og:image\" content=\"https:\/\/www.univ-guyane.fr\/wp-content\/uploads\/conference-st-biologie-marine.jpeg\" \/>\n\t<meta property=\"og:image:width\" content=\"1800\" \/>\n\t<meta property=\"og:image:height\" content=\"1013\" \/>\n\t<meta property=\"og:image:type\" content=\"image\/jpeg\" \/>\n<meta name=\"author\" content=\"Erick Loiti\u00e8re\" \/>\n<meta name=\"twitter:card\" content=\"summary_large_image\" \/>\n<meta name=\"twitter:creator\" content=\"@univguyane\" \/>\n<meta name=\"twitter:site\" content=\"@univguyane\" \/>\n<meta name=\"twitter:label1\" content=\"Geschreven door\" \/>\n\t<meta name=\"twitter:data1\" content=\"Erick Loiti\u00e8re\" \/>\n\t<meta name=\"twitter:label2\" content=\"Geschatte leestijd\" \/>\n\t<meta name=\"twitter:data2\" content=\"3 minuten\" \/>\n<script type=\"application\/ld+json\" class=\"yoast-schema-graph\">{\"@context\":\"https:\\\/\\\/schema.org\",\"@graph\":[{\"@type\":\"Article\",\"@id\":\"https:\\\/\\\/www.univ-guyane.fr\\\/2024\\\/02\\\/05\\\/conferences-sur-la-biologie-marine-par-joao-pedro-barreiros\\\/#article\",\"isPartOf\":{\"@id\":\"https:\\\/\\\/www.univ-guyane.fr\\\/2024\\\/02\\\/05\\\/conferences-sur-la-biologie-marine-par-joao-pedro-barreiros\\\/\"},\"author\":{\"name\":\"Erick Loiti\u00e8re\",\"@id\":\"https:\\\/\\\/www.univ-guyane.fr\\\/#\\\/schema\\\/person\\\/86d946a28a8be51bb096ccfdf19db179\"},\"headline\":\"Conf\u00e9rences sur la biologie marine par Jo\u00e3o Pedro Barreiros\",\"datePublished\":\"2024-02-05T12:48:51+00:00\",\"dateModified\":\"2024-07-12T16:08:10+00:00\",\"mainEntityOfPage\":{\"@id\":\"https:\\\/\\\/www.univ-guyane.fr\\\/2024\\\/02\\\/05\\\/conferences-sur-la-biologie-marine-par-joao-pedro-barreiros\\\/\"},\"wordCount\":995,\"publisher\":{\"@id\":\"https:\\\/\\\/www.univ-guyane.fr\\\/#organization\"},\"image\":{\"@id\":\"https:\\\/\\\/www.univ-guyane.fr\\\/2024\\\/02\\\/05\\\/conferences-sur-la-biologie-marine-par-joao-pedro-barreiros\\\/#primaryimage\"},\"thumbnailUrl\":\"https:\\\/\\\/www.univ-guyane.fr\\\/wp-content\\\/uploads\\\/conference-st-biologie-marine.jpeg\",\"articleSection\":[\"\u2022 ST\"],\"inLanguage\":\"nl-NL\"},{\"@type\":\"WebPage\",\"@id\":\"https:\\\/\\\/www.univ-guyane.fr\\\/2024\\\/02\\\/05\\\/conferences-sur-la-biologie-marine-par-joao-pedro-barreiros\\\/\",\"url\":\"https:\\\/\\\/www.univ-guyane.fr\\\/2024\\\/02\\\/05\\\/conferences-sur-la-biologie-marine-par-joao-pedro-barreiros\\\/\",\"name\":\"Conf\u00e9rences sur la biologie marine par Jo\u00e3o Pedro Barreiros &#8212; Universit\u00e9 de Guyane\",\"isPartOf\":{\"@id\":\"https:\\\/\\\/www.univ-guyane.fr\\\/#website\"},\"primaryImageOfPage\":{\"@id\":\"https:\\\/\\\/www.univ-guyane.fr\\\/2024\\\/02\\\/05\\\/conferences-sur-la-biologie-marine-par-joao-pedro-barreiros\\\/#primaryimage\"},\"image\":{\"@id\":\"https:\\\/\\\/www.univ-guyane.fr\\\/2024\\\/02\\\/05\\\/conferences-sur-la-biologie-marine-par-joao-pedro-barreiros\\\/#primaryimage\"},\"thumbnailUrl\":\"https:\\\/\\\/www.univ-guyane.fr\\\/wp-content\\\/uploads\\\/conference-st-biologie-marine.jpeg\",\"datePublished\":\"2024-02-05T12:48:51+00:00\",\"dateModified\":\"2024-07-12T16:08:10+00:00\",\"description\":\"Plongez dans l'univers des poissons et d\u00e9couvrez leur incroyable diversit\u00e9 et leur adaptation \u00e0 diff\u00e9rents milieux.\",\"breadcrumb\":{\"@id\":\"https:\\\/\\\/www.univ-guyane.fr\\\/2024\\\/02\\\/05\\\/conferences-sur-la-biologie-marine-par-joao-pedro-barreiros\\\/#breadcrumb\"},\"inLanguage\":\"nl-NL\",\"potentialAction\":[{\"@type\":\"ReadAction\",\"target\":[\"https:\\\/\\\/www.univ-guyane.fr\\\/2024\\\/02\\\/05\\\/conferences-sur-la-biologie-marine-par-joao-pedro-barreiros\\\/\"]}]},{\"@type\":\"ImageObject\",\"inLanguage\":\"nl-NL\",\"@id\":\"https:\\\/\\\/www.univ-guyane.fr\\\/2024\\\/02\\\/05\\\/conferences-sur-la-biologie-marine-par-joao-pedro-barreiros\\\/#primaryimage\",\"url\":\"https:\\\/\\\/www.univ-guyane.fr\\\/wp-content\\\/uploads\\\/conference-st-biologie-marine.jpeg\",\"contentUrl\":\"https:\\\/\\\/www.univ-guyane.fr\\\/wp-content\\\/uploads\\\/conference-st-biologie-marine.jpeg\",\"width\":1800,\"height\":1013,\"caption\":\"Conf\u00e9rences sur la biologie marine par Jo\u00e3o Pedro Barreiros\"},{\"@type\":\"BreadcrumbList\",\"@id\":\"https:\\\/\\\/www.univ-guyane.fr\\\/2024\\\/02\\\/05\\\/conferences-sur-la-biologie-marine-par-joao-pedro-barreiros\\\/#breadcrumb\",\"itemListElement\":[{\"@type\":\"ListItem\",\"position\":1,\"name\":\"Accueil\",\"item\":\"https:\\\/\\\/www.univ-guyane.fr\\\/\"},{\"@type\":\"ListItem\",\"position\":2,\"name\":\"Conf\u00e9rences sur la biologie marine par Jo\u00e3o Pedro Barreiros\"}]},{\"@type\":\"WebSite\",\"@id\":\"https:\\\/\\\/www.univ-guyane.fr\\\/#website\",\"url\":\"https:\\\/\\\/www.univ-guyane.fr\\\/\",\"name\":\"Universit\u00e9 de Guyane\",\"description\":\"Au c\u0153ur de l&#039;amazonie\",\"publisher\":{\"@id\":\"https:\\\/\\\/www.univ-guyane.fr\\\/#organization\"},\"alternateName\":\"UG\",\"potentialAction\":[{\"@type\":\"SearchAction\",\"target\":{\"@type\":\"EntryPoint\",\"urlTemplate\":\"https:\\\/\\\/www.univ-guyane.fr\\\/?s={search_term_string}\"},\"query-input\":{\"@type\":\"PropertyValueSpecification\",\"valueRequired\":true,\"valueName\":\"search_term_string\"}}],\"inLanguage\":\"nl-NL\"},{\"@type\":\"Organization\",\"@id\":\"https:\\\/\\\/www.univ-guyane.fr\\\/#organization\",\"name\":\"Universit\u00e9 de Guyane\",\"alternateName\":\"UG\",\"url\":\"https:\\\/\\\/www.univ-guyane.fr\\\/\",\"logo\":{\"@type\":\"ImageObject\",\"inLanguage\":\"nl-NL\",\"@id\":\"https:\\\/\\\/www.univ-guyane.fr\\\/#\\\/schema\\\/logo\\\/image\\\/\",\"url\":\"https:\\\/\\\/www.univ-guyane.fr\\\/wp-content\\\/uploads\\\/2024\\\/05\\\/f.png\",\"contentUrl\":\"https:\\\/\\\/www.univ-guyane.fr\\\/wp-content\\\/uploads\\\/2024\\\/05\\\/f.png\",\"width\":1024,\"height\":1024,\"caption\":\"Universit\u00e9 de Guyane\"},\"image\":{\"@id\":\"https:\\\/\\\/www.univ-guyane.fr\\\/#\\\/schema\\\/logo\\\/image\\\/\"},\"sameAs\":[\"https:\\\/\\\/www.facebook.com\\\/univguyane\",\"https:\\\/\\\/x.com\\\/univguyane\",\"https:\\\/\\\/gf.linkedin.com\\\/school\\\/universite-de-guyane\\\/\",\"https:\\\/\\\/www.instagram.com\\\/univ_guyane\\\/\"]},{\"@type\":\"Person\",\"@id\":\"https:\\\/\\\/www.univ-guyane.fr\\\/#\\\/schema\\\/person\\\/86d946a28a8be51bb096ccfdf19db179\",\"name\":\"Erick Loiti\u00e8re\",\"image\":{\"@type\":\"ImageObject\",\"inLanguage\":\"nl-NL\",\"@id\":\"https:\\\/\\\/secure.gravatar.com\\\/avatar\\\/0584f332103fbeaf37e52c73b15dca3c547fd9300deb05764e9ad8714839d072?s=96&d=robohash&r=g\",\"url\":\"https:\\\/\\\/secure.gravatar.com\\\/avatar\\\/0584f332103fbeaf37e52c73b15dca3c547fd9300deb05764e9ad8714839d072?s=96&d=robohash&r=g\",\"contentUrl\":\"https:\\\/\\\/secure.gravatar.com\\\/avatar\\\/0584f332103fbeaf37e52c73b15dca3c547fd9300deb05764e9ad8714839d072?s=96&d=robohash&r=g\",\"caption\":\"Erick Loiti\u00e8re\"},\"sameAs\":[\"http:\\\/\\\/www.univ-guyane.fr\"],\"url\":\"https:\\\/\\\/www.univ-guyane.fr\\\/nl\\\/author\\\/eloitierdbz\\\/\"}]}<\/script>\n<!-- \/ Yoast SEO plugin. -->","yoast_head_json":{"title":"Lezingen over mariene biologie door Jo\u00e3o Pedro Barreiros - Universiteit van Guyana","description":"Duik in de wereld van de vissen en ontdek hun ongelooflijke diversiteit en aanpassing aan verschillende omgevingen.","robots":{"index":"index","follow":"follow","max-snippet":"max-snippet:-1","max-image-preview":"max-image-preview:large","max-video-preview":"max-video-preview:-1"},"canonical":"https:\/\/www.univ-guyane.fr\/nl\/2024\/02\/05\/conferences-sur-la-biologie-marine-par-joao-pedro-barreiros\/","og_locale":"nl_NL","og_type":"article","og_title":"Conf\u00e9rences sur la biologie marine par Jo\u00e3o Pedro Barreiros &#8212; Universit\u00e9 de Guyane","og_description":"Plongez dans l'univers des poissons et d\u00e9couvrez leur incroyable diversit\u00e9 et leur adaptation \u00e0 diff\u00e9rents milieux.","og_url":"https:\/\/www.univ-guyane.fr\/nl\/2024\/02\/05\/conferences-sur-la-biologie-marine-par-joao-pedro-barreiros\/","og_site_name":"Universit\u00e9 de Guyane","article_publisher":"https:\/\/www.facebook.com\/univguyane","article_published_time":"2024-02-05T12:48:51+00:00","article_modified_time":"2024-07-12T16:08:10+00:00","og_image":[{"width":1800,"height":1013,"url":"https:\/\/www.univ-guyane.fr\/wp-content\/uploads\/conference-st-biologie-marine.jpeg","type":"image\/jpeg"}],"author":"Erick Loiti\u00e8re","twitter_card":"summary_large_image","twitter_creator":"@univguyane","twitter_site":"@univguyane","twitter_misc":{"Geschreven door":"Erick Loiti\u00e8re","Geschatte leestijd":"3 minuten"},"schema":{"@context":"https:\/\/schema.org","@graph":[{"@type":"Article","@id":"https:\/\/www.univ-guyane.fr\/2024\/02\/05\/conferences-sur-la-biologie-marine-par-joao-pedro-barreiros\/#article","isPartOf":{"@id":"https:\/\/www.univ-guyane.fr\/2024\/02\/05\/conferences-sur-la-biologie-marine-par-joao-pedro-barreiros\/"},"author":{"name":"Erick Loiti\u00e8re","@id":"https:\/\/www.univ-guyane.fr\/#\/schema\/person\/86d946a28a8be51bb096ccfdf19db179"},"headline":"Conf\u00e9rences sur la biologie marine par Jo\u00e3o Pedro Barreiros","datePublished":"2024-02-05T12:48:51+00:00","dateModified":"2024-07-12T16:08:10+00:00","mainEntityOfPage":{"@id":"https:\/\/www.univ-guyane.fr\/2024\/02\/05\/conferences-sur-la-biologie-marine-par-joao-pedro-barreiros\/"},"wordCount":995,"publisher":{"@id":"https:\/\/www.univ-guyane.fr\/#organization"},"image":{"@id":"https:\/\/www.univ-guyane.fr\/2024\/02\/05\/conferences-sur-la-biologie-marine-par-joao-pedro-barreiros\/#primaryimage"},"thumbnailUrl":"https:\/\/www.univ-guyane.fr\/wp-content\/uploads\/conference-st-biologie-marine.jpeg","articleSection":["\u2022 ST"],"inLanguage":"nl-NL"},{"@type":"WebPage","@id":"https:\/\/www.univ-guyane.fr\/2024\/02\/05\/conferences-sur-la-biologie-marine-par-joao-pedro-barreiros\/","url":"https:\/\/www.univ-guyane.fr\/2024\/02\/05\/conferences-sur-la-biologie-marine-par-joao-pedro-barreiros\/","name":"Lezingen over mariene biologie door Jo\u00e3o Pedro Barreiros - Universiteit van Guyana","isPartOf":{"@id":"https:\/\/www.univ-guyane.fr\/#website"},"primaryImageOfPage":{"@id":"https:\/\/www.univ-guyane.fr\/2024\/02\/05\/conferences-sur-la-biologie-marine-par-joao-pedro-barreiros\/#primaryimage"},"image":{"@id":"https:\/\/www.univ-guyane.fr\/2024\/02\/05\/conferences-sur-la-biologie-marine-par-joao-pedro-barreiros\/#primaryimage"},"thumbnailUrl":"https:\/\/www.univ-guyane.fr\/wp-content\/uploads\/conference-st-biologie-marine.jpeg","datePublished":"2024-02-05T12:48:51+00:00","dateModified":"2024-07-12T16:08:10+00:00","description":"Duik in de wereld van de vissen en ontdek hun ongelooflijke diversiteit en aanpassing aan verschillende omgevingen.","breadcrumb":{"@id":"https:\/\/www.univ-guyane.fr\/2024\/02\/05\/conferences-sur-la-biologie-marine-par-joao-pedro-barreiros\/#breadcrumb"},"inLanguage":"nl-NL","potentialAction":[{"@type":"ReadAction","target":["https:\/\/www.univ-guyane.fr\/2024\/02\/05\/conferences-sur-la-biologie-marine-par-joao-pedro-barreiros\/"]}]},{"@type":"ImageObject","inLanguage":"nl-NL","@id":"https:\/\/www.univ-guyane.fr\/2024\/02\/05\/conferences-sur-la-biologie-marine-par-joao-pedro-barreiros\/#primaryimage","url":"https:\/\/www.univ-guyane.fr\/wp-content\/uploads\/conference-st-biologie-marine.jpeg","contentUrl":"https:\/\/www.univ-guyane.fr\/wp-content\/uploads\/conference-st-biologie-marine.jpeg","width":1800,"height":1013,"caption":"Conf\u00e9rences sur la biologie marine par Jo\u00e3o Pedro Barreiros"},{"@type":"BreadcrumbList","@id":"https:\/\/www.univ-guyane.fr\/2024\/02\/05\/conferences-sur-la-biologie-marine-par-joao-pedro-barreiros\/#breadcrumb","itemListElement":[{"@type":"ListItem","position":1,"name":"Accueil","item":"https:\/\/www.univ-guyane.fr\/"},{"@type":"ListItem","position":2,"name":"Conf\u00e9rences sur la biologie marine par Jo\u00e3o Pedro Barreiros"}]},{"@type":"WebSite","@id":"https:\/\/www.univ-guyane.fr\/#website","url":"https:\/\/www.univ-guyane.fr\/","name":"Universiteit van Guyana","description":"In het hart van Amazonia","publisher":{"@id":"https:\/\/www.univ-guyane.fr\/#organization"},"alternateName":"UG","potentialAction":[{"@type":"SearchAction","target":{"@type":"EntryPoint","urlTemplate":"https:\/\/www.univ-guyane.fr\/?s={search_term_string}"},"query-input":{"@type":"PropertyValueSpecification","valueRequired":true,"valueName":"search_term_string"}}],"inLanguage":"nl-NL"},{"@type":"Organization","@id":"https:\/\/www.univ-guyane.fr\/#organization","name":"Universiteit van Guyana","alternateName":"UG","url":"https:\/\/www.univ-guyane.fr\/","logo":{"@type":"ImageObject","inLanguage":"nl-NL","@id":"https:\/\/www.univ-guyane.fr\/#\/schema\/logo\/image\/","url":"https:\/\/www.univ-guyane.fr\/wp-content\/uploads\/2024\/05\/f.png","contentUrl":"https:\/\/www.univ-guyane.fr\/wp-content\/uploads\/2024\/05\/f.png","width":1024,"height":1024,"caption":"Universit\u00e9 de Guyane"},"image":{"@id":"https:\/\/www.univ-guyane.fr\/#\/schema\/logo\/image\/"},"sameAs":["https:\/\/www.facebook.com\/univguyane","https:\/\/x.com\/univguyane","https:\/\/gf.linkedin.com\/school\/universite-de-guyane\/","https:\/\/www.instagram.com\/univ_guyane\/"]},{"@type":"Person","@id":"https:\/\/www.univ-guyane.fr\/#\/schema\/person\/86d946a28a8be51bb096ccfdf19db179","name":"Erick Loiti\u00e8re","image":{"@type":"ImageObject","inLanguage":"nl-NL","@id":"https:\/\/secure.gravatar.com\/avatar\/0584f332103fbeaf37e52c73b15dca3c547fd9300deb05764e9ad8714839d072?s=96&d=robohash&r=g","url":"https:\/\/secure.gravatar.com\/avatar\/0584f332103fbeaf37e52c73b15dca3c547fd9300deb05764e9ad8714839d072?s=96&d=robohash&r=g","contentUrl":"https:\/\/secure.gravatar.com\/avatar\/0584f332103fbeaf37e52c73b15dca3c547fd9300deb05764e9ad8714839d072?s=96&d=robohash&r=g","caption":"Erick Loiti\u00e8re"},"sameAs":["http:\/\/www.univ-guyane.fr"],"url":"https:\/\/www.univ-guyane.fr\/nl\/author\/eloitierdbz\/"}]}},"_links":{"self":[{"href":"https:\/\/www.univ-guyane.fr\/nl\/wp-json\/wp\/v2\/posts\/8312","targetHints":{"allow":["GET"]}}],"collection":[{"href":"https:\/\/www.univ-guyane.fr\/nl\/wp-json\/wp\/v2\/posts"}],"about":[{"href":"https:\/\/www.univ-guyane.fr\/nl\/wp-json\/wp\/v2\/types\/post"}],"author":[{"embeddable":true,"href":"https:\/\/www.univ-guyane.fr\/nl\/wp-json\/wp\/v2\/users\/1"}],"replies":[{"embeddable":true,"href":"https:\/\/www.univ-guyane.fr\/nl\/wp-json\/wp\/v2\/comments?post=8312"}],"version-history":[{"count":4,"href":"https:\/\/www.univ-guyane.fr\/nl\/wp-json\/wp\/v2\/posts\/8312\/revisions"}],"predecessor-version":[{"id":9978,"href":"https:\/\/www.univ-guyane.fr\/nl\/wp-json\/wp\/v2\/posts\/8312\/revisions\/9978"}],"wp:featuredmedia":[{"embeddable":true,"href":"https:\/\/www.univ-guyane.fr\/nl\/wp-json\/wp\/v2\/media\/8313"}],"wp:attachment":[{"href":"https:\/\/www.univ-guyane.fr\/nl\/wp-json\/wp\/v2\/media?parent=8312"}],"wp:term":[{"taxonomy":"category","embeddable":true,"href":"https:\/\/www.univ-guyane.fr\/nl\/wp-json\/wp\/v2\/categories?post=8312"},{"taxonomy":"post_tag","embeddable":true,"href":"https:\/\/www.univ-guyane.fr\/nl\/wp-json\/wp\/v2\/tags?post=8312"}],"curies":[{"name":"wp","href":"https:\/\/api.w.org\/{rel}","templated":true}]}}