{"id":8343,"date":"2024-01-16T11:00:56","date_gmt":"2024-01-16T14:00:56","guid":{"rendered":"https:\/\/www.univ-guyane.fr\/?p=8343"},"modified":"2024-06-17T11:08:56","modified_gmt":"2024-06-17T14:08:56","slug":"jean-tously-laureat-du-prix-memoires-et-theses-anacofi-2023","status":"publish","type":"post","link":"https:\/\/www.univ-guyane.fr\/nl\/2024\/01\/16\/jean-tously-laureat-du-prix-memoires-et-theses-anacofi-2023\/","title":{"rendered":"Jean-Tously, winnaar van de prijs M\u00e9moires et Th\u00e8ses Anacofi 2023"},"content":{"rendered":"<div id=\"fws_69f401488beeb\"  data-column-margin=\"default\" data-midnight=\"dark\"  class=\"wpb_row vc_row-fluid vc_row\"  style=\"padding-top: 0px; padding-bottom: 0px; \"><div class=\"row-bg-wrap\" data-bg-animation=\"none\" data-bg-animation-delay=\"\" data-bg-overlay=\"false\"><div class=\"inner-wrap row-bg-layer\" ><div class=\"row-bg viewport-desktop\"  style=\"\"><\/div><\/div><\/div><div class=\"row_col_wrap_12 col span_12 dark left\">\n\t<div  class=\"vc_col-sm-12 wpb_column column_container vc_column_container col no-extra-padding inherit_tablet inherit_phone\"  data-padding-pos=\"all\" data-has-bg-color=\"false\" data-bg-color=\"\" data-bg-opacity=\"1\" data-animation=\"\" data-delay=\"0\" >\n\t\t<div class=\"vc_column-inner\" >\n\t\t\t<div class=\"wpb_wrapper\">\n\t\t\t\t\n<div class=\"wpb_text_column wpb_content_element  chapo\" >\n\t<h2>Jean-Tously Fortune Montina ontving de Grand Prix M\u00e9moires et Th\u00e8ses Anacofi 2023 tijdens een prestigieuze ceremonie in de Cercle de l'Union Interalli\u00e9e in Parijs op 14 december 2023.<\/h2>\n<\/div>\n\n\n\n\n<div class=\"wpb_text_column wpb_content_element\" >\n\t<p><span class=\"nectar-dropcap\" >C <\/span>Dit evenement, dat wordt georganiseerd door de Association Nationale des Conseillers Financiers (ANACOFI), de grootste beroepsvereniging van makelaars en adviesbureaus in het bank-, financi\u00eble en verzekeringswezen, beloont elk jaar uitmuntende scripties en dissertaties op het gebied van Corporate, Wealth Management, Real Estate en Environmental, Social and Governance (ESG).<\/p>\n<p>Jean-Tously voerde haar onderzoek uit in het MINEA laboratorium van de Universiteit van Guyana, onder de deskundige begeleiding van professoren Florence Faberon en Fr\u00e9d\u00e9ric Bondil. Er vonden ook vruchtbare samenwerkingen plaats op McGill University en Oxford University, waardoor de internationale reikwijdte van zijn proefschrift werd verrijkt.<\/p>\n<p>Haar onderzoek, dat zich richt op het beheer van Soci\u00e9t\u00e9s Civiles de Placement Immobilier (SCPI) in het licht van de milieu-uitdagingen, is van bijzonder belang nu de Europese Unie zich heeft verbonden tot het bereiken van koolstofneutraliteit tegen 2050. Gebouwen, die verantwoordelijk zijn voor 40 % van het energieverbruik in de EU en 36 % van de CO2-uitstoot, vormen de kern van de klimaatproblemen.<\/p>\n<p>Het proefschrift van Jean-Tously identificeert de regelgevende en financi\u00eble hiaten die milieuacties door SCPI's in de weg staan en stelt theoretische en praktische oplossingen voor om deze moeilijkheden te overwinnen. In een tijd waarin de Europese Commissie de noodzaak benadrukt om emissiereducties te versnellen, kunnen SCPI's, als collectieve investeringsvehikels, een cruciale rol spelen in het duurzame beheer van hun gebouwen.<\/p>\n<p><strong>Innoveren voor een duurzame toekomst<\/strong><\/p>\n<p>Naast zijn academische werk is Jean-Tously de oprichter en directeur van DEXSO, een jonge universitaire onderneming (JEU) die is ondergebracht bij Guyane D\u00e9veloppement Innovation. DEXSO, dat gespecialiseerd is in vermogensbeheer, bank- en verzekeringsmakelaardij en vastgoedtransacties, onderscheidt zich door zijn inzet voor academisch onderzoek. In samenwerking met de Universiteit van Guyana werkt DEXSO aan innovatieve oplossingen op haar werkterreinen.<\/p>\n<p>Het bedrijf is zich volledig bewust van de milieuproblemen die op het spel staan en investeert veel in onderzoek en innovatie om publieke en private spelers te helpen anticiperen op de risico's van hun activiteiten en zo bij te dragen aan de ambitieuze doelstelling van koolstofneutraliteit tegen 2050. Jean-Tously en DEXSO belichamen een visie die academische uitmuntendheid, maatschappelijke betrokkenheid en verantwoordelijkheid voor het milieu combineert.<\/p>\n<\/div>\n\n\n\n\n\t\t\t<\/div> \n\t\t<\/div>\n\t<\/div> \n<\/div><\/div>","protected":false},"excerpt":{"rendered":"Jean-Tously Fortune Montina is onderscheiden met de Grand Prix M\u00e9moires et Th\u00e8ses Anacofi 2023, toegekend...","protected":false},"author":1,"featured_media":8344,"comment_status":"closed","ping_status":"open","sticky":false,"template":"","format":"standard","meta":{"iawp_total_views":164,"footnotes":""},"categories":[175,187,3,145],"tags":[],"class_list":{"0":"post-8343","1":"post","2":"type-post","3":"status-publish","4":"format-standard","5":"has-post-thumbnail","7":"category-laboratoires","8":"category-minea","9":"category-sje","10":"category-actualites"},"yoast_head":"<!-- This site is optimized with the Yoast SEO plugin v27.5 - https:\/\/yoast.com\/product\/yoast-seo-wordpress\/ -->\n<title>Jean-Tously, laur\u00e9at du prix M\u00e9moires et Th\u00e8ses Anacofi 2023 &#8212; Universit\u00e9 de Guyane<\/title>\n<meta name=\"description\" content=\"ANACOFI r\u00e9compense les meilleures th\u00e8ses et m\u00e9moires de 2023 dans les domaines de l&#039;Entreprise, de la Gestion de Patrimoine, de l&#039;Immobilier et de l&#039;Environnement, du social et de la gouvernance (ESG).\" \/>\n<meta name=\"robots\" content=\"index, follow, max-snippet:-1, max-image-preview:large, max-video-preview:-1\" \/>\n<link rel=\"canonical\" href=\"https:\/\/www.univ-guyane.fr\/nl\/2024\/01\/16\/jean-tously-laureat-du-prix-memoires-et-theses-anacofi-2023\/\" \/>\n<meta property=\"og:locale\" content=\"nl_NL\" \/>\n<meta property=\"og:type\" content=\"article\" \/>\n<meta property=\"og:title\" content=\"Jean-Tously, laur\u00e9at du prix M\u00e9moires et Th\u00e8ses Anacofi 2023 &#8212; Universit\u00e9 de Guyane\" \/>\n<meta property=\"og:description\" content=\"ANACOFI r\u00e9compense les meilleures th\u00e8ses et m\u00e9moires de 2023 dans les domaines de l&#039;Entreprise, de la Gestion de Patrimoine, de l&#039;Immobilier et de l&#039;Environnement, du social et de la gouvernance (ESG).\" \/>\n<meta property=\"og:url\" content=\"https:\/\/www.univ-guyane.fr\/nl\/2024\/01\/16\/jean-tously-laureat-du-prix-memoires-et-theses-anacofi-2023\/\" \/>\n<meta property=\"og:site_name\" content=\"Universit\u00e9 de Guyane\" \/>\n<meta property=\"article:publisher\" content=\"https:\/\/www.facebook.com\/univguyane\" \/>\n<meta property=\"article:published_time\" content=\"2024-01-16T14:00:56+00:00\" \/>\n<meta property=\"article:modified_time\" content=\"2024-06-17T14:08:56+00:00\" \/>\n<meta property=\"og:image\" content=\"https:\/\/www.univ-guyane.fr\/wp-content\/uploads\/jean-tously.jpeg\" \/>\n\t<meta property=\"og:image:width\" content=\"1800\" \/>\n\t<meta property=\"og:image:height\" content=\"1013\" \/>\n\t<meta property=\"og:image:type\" content=\"image\/jpeg\" \/>\n<meta name=\"author\" content=\"Erick Loiti\u00e8re\" \/>\n<meta name=\"twitter:card\" content=\"summary_large_image\" \/>\n<meta name=\"twitter:creator\" content=\"@univguyane\" \/>\n<meta name=\"twitter:site\" content=\"@univguyane\" \/>\n<meta name=\"twitter:label1\" content=\"Geschreven door\" \/>\n\t<meta name=\"twitter:data1\" content=\"Erick Loiti\u00e8re\" \/>\n\t<meta name=\"twitter:label2\" content=\"Geschatte leestijd\" \/>\n\t<meta name=\"twitter:data2\" content=\"3 minuten\" \/>\n<script type=\"application\/ld+json\" class=\"yoast-schema-graph\">{\"@context\":\"https:\\\/\\\/schema.org\",\"@graph\":[{\"@type\":\"Article\",\"@id\":\"https:\\\/\\\/www.univ-guyane.fr\\\/2024\\\/01\\\/16\\\/jean-tously-laureat-du-prix-memoires-et-theses-anacofi-2023\\\/#article\",\"isPartOf\":{\"@id\":\"https:\\\/\\\/www.univ-guyane.fr\\\/2024\\\/01\\\/16\\\/jean-tously-laureat-du-prix-memoires-et-theses-anacofi-2023\\\/\"},\"author\":{\"name\":\"Erick Loiti\u00e8re\",\"@id\":\"https:\\\/\\\/www.univ-guyane.fr\\\/#\\\/schema\\\/person\\\/86d946a28a8be51bb096ccfdf19db179\"},\"headline\":\"Jean-Tously, laur\u00e9at du prix M\u00e9moires et Th\u00e8ses Anacofi 2023\",\"datePublished\":\"2024-01-16T14:00:56+00:00\",\"dateModified\":\"2024-06-17T14:08:56+00:00\",\"mainEntityOfPage\":{\"@id\":\"https:\\\/\\\/www.univ-guyane.fr\\\/2024\\\/01\\\/16\\\/jean-tously-laureat-du-prix-memoires-et-theses-anacofi-2023\\\/\"},\"wordCount\":632,\"publisher\":{\"@id\":\"https:\\\/\\\/www.univ-guyane.fr\\\/#organization\"},\"image\":{\"@id\":\"https:\\\/\\\/www.univ-guyane.fr\\\/2024\\\/01\\\/16\\\/jean-tously-laureat-du-prix-memoires-et-theses-anacofi-2023\\\/#primaryimage\"},\"thumbnailUrl\":\"https:\\\/\\\/www.univ-guyane.fr\\\/wp-content\\\/uploads\\\/jean-tously.jpeg\",\"articleSection\":[\"\u2022\u00a0Laboratoires\",\"\u2022\u00a0MINEA\",\"\u2022\u00a0SJE\",\"Actualit\u00e9s\"],\"inLanguage\":\"nl-NL\"},{\"@type\":\"WebPage\",\"@id\":\"https:\\\/\\\/www.univ-guyane.fr\\\/2024\\\/01\\\/16\\\/jean-tously-laureat-du-prix-memoires-et-theses-anacofi-2023\\\/\",\"url\":\"https:\\\/\\\/www.univ-guyane.fr\\\/2024\\\/01\\\/16\\\/jean-tously-laureat-du-prix-memoires-et-theses-anacofi-2023\\\/\",\"name\":\"Jean-Tously, laur\u00e9at du prix M\u00e9moires et Th\u00e8ses Anacofi 2023 &#8212; Universit\u00e9 de Guyane\",\"isPartOf\":{\"@id\":\"https:\\\/\\\/www.univ-guyane.fr\\\/#website\"},\"primaryImageOfPage\":{\"@id\":\"https:\\\/\\\/www.univ-guyane.fr\\\/2024\\\/01\\\/16\\\/jean-tously-laureat-du-prix-memoires-et-theses-anacofi-2023\\\/#primaryimage\"},\"image\":{\"@id\":\"https:\\\/\\\/www.univ-guyane.fr\\\/2024\\\/01\\\/16\\\/jean-tously-laureat-du-prix-memoires-et-theses-anacofi-2023\\\/#primaryimage\"},\"thumbnailUrl\":\"https:\\\/\\\/www.univ-guyane.fr\\\/wp-content\\\/uploads\\\/jean-tously.jpeg\",\"datePublished\":\"2024-01-16T14:00:56+00:00\",\"dateModified\":\"2024-06-17T14:08:56+00:00\",\"description\":\"ANACOFI r\u00e9compense les meilleures th\u00e8ses et m\u00e9moires de 2023 dans les domaines de l'Entreprise, de la Gestion de Patrimoine, de l'Immobilier et de l'Environnement, du social et de la gouvernance (ESG).\",\"breadcrumb\":{\"@id\":\"https:\\\/\\\/www.univ-guyane.fr\\\/2024\\\/01\\\/16\\\/jean-tously-laureat-du-prix-memoires-et-theses-anacofi-2023\\\/#breadcrumb\"},\"inLanguage\":\"nl-NL\",\"potentialAction\":[{\"@type\":\"ReadAction\",\"target\":[\"https:\\\/\\\/www.univ-guyane.fr\\\/2024\\\/01\\\/16\\\/jean-tously-laureat-du-prix-memoires-et-theses-anacofi-2023\\\/\"]}]},{\"@type\":\"ImageObject\",\"inLanguage\":\"nl-NL\",\"@id\":\"https:\\\/\\\/www.univ-guyane.fr\\\/2024\\\/01\\\/16\\\/jean-tously-laureat-du-prix-memoires-et-theses-anacofi-2023\\\/#primaryimage\",\"url\":\"https:\\\/\\\/www.univ-guyane.fr\\\/wp-content\\\/uploads\\\/jean-tously.jpeg\",\"contentUrl\":\"https:\\\/\\\/www.univ-guyane.fr\\\/wp-content\\\/uploads\\\/jean-tously.jpeg\",\"width\":1800,\"height\":1013,\"caption\":\"Jean-Tously, laur\u00e9at du prix M\u00e9moires et Th\u00e8ses Anacofi 2023\"},{\"@type\":\"BreadcrumbList\",\"@id\":\"https:\\\/\\\/www.univ-guyane.fr\\\/2024\\\/01\\\/16\\\/jean-tously-laureat-du-prix-memoires-et-theses-anacofi-2023\\\/#breadcrumb\",\"itemListElement\":[{\"@type\":\"ListItem\",\"position\":1,\"name\":\"Accueil\",\"item\":\"https:\\\/\\\/www.univ-guyane.fr\\\/\"},{\"@type\":\"ListItem\",\"position\":2,\"name\":\"Jean-Tously, laur\u00e9at du prix M\u00e9moires et Th\u00e8ses Anacofi 2023\"}]},{\"@type\":\"WebSite\",\"@id\":\"https:\\\/\\\/www.univ-guyane.fr\\\/#website\",\"url\":\"https:\\\/\\\/www.univ-guyane.fr\\\/\",\"name\":\"Universit\u00e9 de Guyane\",\"description\":\"Au c\u0153ur de l&#039;amazonie\",\"publisher\":{\"@id\":\"https:\\\/\\\/www.univ-guyane.fr\\\/#organization\"},\"alternateName\":\"UG\",\"potentialAction\":[{\"@type\":\"SearchAction\",\"target\":{\"@type\":\"EntryPoint\",\"urlTemplate\":\"https:\\\/\\\/www.univ-guyane.fr\\\/?s={search_term_string}\"},\"query-input\":{\"@type\":\"PropertyValueSpecification\",\"valueRequired\":true,\"valueName\":\"search_term_string\"}}],\"inLanguage\":\"nl-NL\"},{\"@type\":\"Organization\",\"@id\":\"https:\\\/\\\/www.univ-guyane.fr\\\/#organization\",\"name\":\"Universit\u00e9 de Guyane\",\"alternateName\":\"UG\",\"url\":\"https:\\\/\\\/www.univ-guyane.fr\\\/\",\"logo\":{\"@type\":\"ImageObject\",\"inLanguage\":\"nl-NL\",\"@id\":\"https:\\\/\\\/www.univ-guyane.fr\\\/#\\\/schema\\\/logo\\\/image\\\/\",\"url\":\"https:\\\/\\\/www.univ-guyane.fr\\\/wp-content\\\/uploads\\\/2024\\\/05\\\/f.png\",\"contentUrl\":\"https:\\\/\\\/www.univ-guyane.fr\\\/wp-content\\\/uploads\\\/2024\\\/05\\\/f.png\",\"width\":1024,\"height\":1024,\"caption\":\"Universit\u00e9 de Guyane\"},\"image\":{\"@id\":\"https:\\\/\\\/www.univ-guyane.fr\\\/#\\\/schema\\\/logo\\\/image\\\/\"},\"sameAs\":[\"https:\\\/\\\/www.facebook.com\\\/univguyane\",\"https:\\\/\\\/x.com\\\/univguyane\",\"https:\\\/\\\/gf.linkedin.com\\\/school\\\/universite-de-guyane\\\/\",\"https:\\\/\\\/www.instagram.com\\\/univ_guyane\\\/\"]},{\"@type\":\"Person\",\"@id\":\"https:\\\/\\\/www.univ-guyane.fr\\\/#\\\/schema\\\/person\\\/86d946a28a8be51bb096ccfdf19db179\",\"name\":\"Erick Loiti\u00e8re\",\"image\":{\"@type\":\"ImageObject\",\"inLanguage\":\"nl-NL\",\"@id\":\"https:\\\/\\\/secure.gravatar.com\\\/avatar\\\/0584f332103fbeaf37e52c73b15dca3c547fd9300deb05764e9ad8714839d072?s=96&d=robohash&r=g\",\"url\":\"https:\\\/\\\/secure.gravatar.com\\\/avatar\\\/0584f332103fbeaf37e52c73b15dca3c547fd9300deb05764e9ad8714839d072?s=96&d=robohash&r=g\",\"contentUrl\":\"https:\\\/\\\/secure.gravatar.com\\\/avatar\\\/0584f332103fbeaf37e52c73b15dca3c547fd9300deb05764e9ad8714839d072?s=96&d=robohash&r=g\",\"caption\":\"Erick Loiti\u00e8re\"},\"sameAs\":[\"http:\\\/\\\/www.univ-guyane.fr\"],\"url\":\"https:\\\/\\\/www.univ-guyane.fr\\\/nl\\\/author\\\/eloitierdbz\\\/\"}]}<\/script>\n<!-- \/ Yoast SEO plugin. -->","yoast_head_json":{"title":"Jean-Tously, laur\u00e9at du prix M\u00e9moires et Th\u00e8ses Anacofi 2023 &#8212; Universit\u00e9 de Guyane","description":"ANACOFI r\u00e9compense les meilleures th\u00e8ses et m\u00e9moires de 2023 dans les domaines de l'Entreprise, de la Gestion de Patrimoine, de l'Immobilier et de l'Environnement, du social et de la gouvernance (ESG).","robots":{"index":"index","follow":"follow","max-snippet":"max-snippet:-1","max-image-preview":"max-image-preview:large","max-video-preview":"max-video-preview:-1"},"canonical":"https:\/\/www.univ-guyane.fr\/nl\/2024\/01\/16\/jean-tously-laureat-du-prix-memoires-et-theses-anacofi-2023\/","og_locale":"nl_NL","og_type":"article","og_title":"Jean-Tously, laur\u00e9at du prix M\u00e9moires et Th\u00e8ses Anacofi 2023 &#8212; Universit\u00e9 de Guyane","og_description":"ANACOFI r\u00e9compense les meilleures th\u00e8ses et m\u00e9moires de 2023 dans les domaines de l'Entreprise, de la Gestion de Patrimoine, de l'Immobilier et de l'Environnement, du social et de la gouvernance (ESG).","og_url":"https:\/\/www.univ-guyane.fr\/nl\/2024\/01\/16\/jean-tously-laureat-du-prix-memoires-et-theses-anacofi-2023\/","og_site_name":"Universit\u00e9 de Guyane","article_publisher":"https:\/\/www.facebook.com\/univguyane","article_published_time":"2024-01-16T14:00:56+00:00","article_modified_time":"2024-06-17T14:08:56+00:00","og_image":[{"width":1800,"height":1013,"url":"https:\/\/www.univ-guyane.fr\/wp-content\/uploads\/jean-tously.jpeg","type":"image\/jpeg"}],"author":"Erick Loiti\u00e8re","twitter_card":"summary_large_image","twitter_creator":"@univguyane","twitter_site":"@univguyane","twitter_misc":{"Geschreven door":"Erick Loiti\u00e8re","Geschatte leestijd":"3 minuten"},"schema":{"@context":"https:\/\/schema.org","@graph":[{"@type":"Article","@id":"https:\/\/www.univ-guyane.fr\/2024\/01\/16\/jean-tously-laureat-du-prix-memoires-et-theses-anacofi-2023\/#article","isPartOf":{"@id":"https:\/\/www.univ-guyane.fr\/2024\/01\/16\/jean-tously-laureat-du-prix-memoires-et-theses-anacofi-2023\/"},"author":{"name":"Erick Loiti\u00e8re","@id":"https:\/\/www.univ-guyane.fr\/#\/schema\/person\/86d946a28a8be51bb096ccfdf19db179"},"headline":"Jean-Tously, laur\u00e9at du prix M\u00e9moires et Th\u00e8ses Anacofi 2023","datePublished":"2024-01-16T14:00:56+00:00","dateModified":"2024-06-17T14:08:56+00:00","mainEntityOfPage":{"@id":"https:\/\/www.univ-guyane.fr\/2024\/01\/16\/jean-tously-laureat-du-prix-memoires-et-theses-anacofi-2023\/"},"wordCount":632,"publisher":{"@id":"https:\/\/www.univ-guyane.fr\/#organization"},"image":{"@id":"https:\/\/www.univ-guyane.fr\/2024\/01\/16\/jean-tously-laureat-du-prix-memoires-et-theses-anacofi-2023\/#primaryimage"},"thumbnailUrl":"https:\/\/www.univ-guyane.fr\/wp-content\/uploads\/jean-tously.jpeg","articleSection":["\u2022\u00a0Laboratoires","\u2022\u00a0MINEA","\u2022\u00a0SJE","Actualit\u00e9s"],"inLanguage":"nl-NL"},{"@type":"WebPage","@id":"https:\/\/www.univ-guyane.fr\/2024\/01\/16\/jean-tously-laureat-du-prix-memoires-et-theses-anacofi-2023\/","url":"https:\/\/www.univ-guyane.fr\/2024\/01\/16\/jean-tously-laureat-du-prix-memoires-et-theses-anacofi-2023\/","name":"Jean-Tously, laur\u00e9at du prix M\u00e9moires et Th\u00e8ses Anacofi 2023 &#8212; Universit\u00e9 de Guyane","isPartOf":{"@id":"https:\/\/www.univ-guyane.fr\/#website"},"primaryImageOfPage":{"@id":"https:\/\/www.univ-guyane.fr\/2024\/01\/16\/jean-tously-laureat-du-prix-memoires-et-theses-anacofi-2023\/#primaryimage"},"image":{"@id":"https:\/\/www.univ-guyane.fr\/2024\/01\/16\/jean-tously-laureat-du-prix-memoires-et-theses-anacofi-2023\/#primaryimage"},"thumbnailUrl":"https:\/\/www.univ-guyane.fr\/wp-content\/uploads\/jean-tously.jpeg","datePublished":"2024-01-16T14:00:56+00:00","dateModified":"2024-06-17T14:08:56+00:00","description":"ANACOFI r\u00e9compense les meilleures th\u00e8ses et m\u00e9moires de 2023 dans les domaines de l'Entreprise, de la Gestion de Patrimoine, de l'Immobilier et de l'Environnement, du social et de la gouvernance (ESG).","breadcrumb":{"@id":"https:\/\/www.univ-guyane.fr\/2024\/01\/16\/jean-tously-laureat-du-prix-memoires-et-theses-anacofi-2023\/#breadcrumb"},"inLanguage":"nl-NL","potentialAction":[{"@type":"ReadAction","target":["https:\/\/www.univ-guyane.fr\/2024\/01\/16\/jean-tously-laureat-du-prix-memoires-et-theses-anacofi-2023\/"]}]},{"@type":"ImageObject","inLanguage":"nl-NL","@id":"https:\/\/www.univ-guyane.fr\/2024\/01\/16\/jean-tously-laureat-du-prix-memoires-et-theses-anacofi-2023\/#primaryimage","url":"https:\/\/www.univ-guyane.fr\/wp-content\/uploads\/jean-tously.jpeg","contentUrl":"https:\/\/www.univ-guyane.fr\/wp-content\/uploads\/jean-tously.jpeg","width":1800,"height":1013,"caption":"Jean-Tously, laur\u00e9at du prix M\u00e9moires et Th\u00e8ses Anacofi 2023"},{"@type":"BreadcrumbList","@id":"https:\/\/www.univ-guyane.fr\/2024\/01\/16\/jean-tously-laureat-du-prix-memoires-et-theses-anacofi-2023\/#breadcrumb","itemListElement":[{"@type":"ListItem","position":1,"name":"Accueil","item":"https:\/\/www.univ-guyane.fr\/"},{"@type":"ListItem","position":2,"name":"Jean-Tously, laur\u00e9at du prix M\u00e9moires et Th\u00e8ses Anacofi 2023"}]},{"@type":"WebSite","@id":"https:\/\/www.univ-guyane.fr\/#website","url":"https:\/\/www.univ-guyane.fr\/","name":"Universiteit van Guyana","description":"In het hart van Amazonia","publisher":{"@id":"https:\/\/www.univ-guyane.fr\/#organization"},"alternateName":"UG","potentialAction":[{"@type":"SearchAction","target":{"@type":"EntryPoint","urlTemplate":"https:\/\/www.univ-guyane.fr\/?s={search_term_string}"},"query-input":{"@type":"PropertyValueSpecification","valueRequired":true,"valueName":"search_term_string"}}],"inLanguage":"nl-NL"},{"@type":"Organization","@id":"https:\/\/www.univ-guyane.fr\/#organization","name":"Universiteit van Guyana","alternateName":"UG","url":"https:\/\/www.univ-guyane.fr\/","logo":{"@type":"ImageObject","inLanguage":"nl-NL","@id":"https:\/\/www.univ-guyane.fr\/#\/schema\/logo\/image\/","url":"https:\/\/www.univ-guyane.fr\/wp-content\/uploads\/2024\/05\/f.png","contentUrl":"https:\/\/www.univ-guyane.fr\/wp-content\/uploads\/2024\/05\/f.png","width":1024,"height":1024,"caption":"Universit\u00e9 de Guyane"},"image":{"@id":"https:\/\/www.univ-guyane.fr\/#\/schema\/logo\/image\/"},"sameAs":["https:\/\/www.facebook.com\/univguyane","https:\/\/x.com\/univguyane","https:\/\/gf.linkedin.com\/school\/universite-de-guyane\/","https:\/\/www.instagram.com\/univ_guyane\/"]},{"@type":"Person","@id":"https:\/\/www.univ-guyane.fr\/#\/schema\/person\/86d946a28a8be51bb096ccfdf19db179","name":"Erick Loiti\u00e8re","image":{"@type":"ImageObject","inLanguage":"nl-NL","@id":"https:\/\/secure.gravatar.com\/avatar\/0584f332103fbeaf37e52c73b15dca3c547fd9300deb05764e9ad8714839d072?s=96&d=robohash&r=g","url":"https:\/\/secure.gravatar.com\/avatar\/0584f332103fbeaf37e52c73b15dca3c547fd9300deb05764e9ad8714839d072?s=96&d=robohash&r=g","contentUrl":"https:\/\/secure.gravatar.com\/avatar\/0584f332103fbeaf37e52c73b15dca3c547fd9300deb05764e9ad8714839d072?s=96&d=robohash&r=g","caption":"Erick Loiti\u00e8re"},"sameAs":["http:\/\/www.univ-guyane.fr"],"url":"https:\/\/www.univ-guyane.fr\/nl\/author\/eloitierdbz\/"}]}},"_links":{"self":[{"href":"https:\/\/www.univ-guyane.fr\/nl\/wp-json\/wp\/v2\/posts\/8343","targetHints":{"allow":["GET"]}}],"collection":[{"href":"https:\/\/www.univ-guyane.fr\/nl\/wp-json\/wp\/v2\/posts"}],"about":[{"href":"https:\/\/www.univ-guyane.fr\/nl\/wp-json\/wp\/v2\/types\/post"}],"author":[{"embeddable":true,"href":"https:\/\/www.univ-guyane.fr\/nl\/wp-json\/wp\/v2\/users\/1"}],"replies":[{"embeddable":true,"href":"https:\/\/www.univ-guyane.fr\/nl\/wp-json\/wp\/v2\/comments?post=8343"}],"version-history":[{"count":1,"href":"https:\/\/www.univ-guyane.fr\/nl\/wp-json\/wp\/v2\/posts\/8343\/revisions"}],"predecessor-version":[{"id":8345,"href":"https:\/\/www.univ-guyane.fr\/nl\/wp-json\/wp\/v2\/posts\/8343\/revisions\/8345"}],"wp:featuredmedia":[{"embeddable":true,"href":"https:\/\/www.univ-guyane.fr\/nl\/wp-json\/wp\/v2\/media\/8344"}],"wp:attachment":[{"href":"https:\/\/www.univ-guyane.fr\/nl\/wp-json\/wp\/v2\/media?parent=8343"}],"wp:term":[{"taxonomy":"category","embeddable":true,"href":"https:\/\/www.univ-guyane.fr\/nl\/wp-json\/wp\/v2\/categories?post=8343"},{"taxonomy":"post_tag","embeddable":true,"href":"https:\/\/www.univ-guyane.fr\/nl\/wp-json\/wp\/v2\/tags?post=8343"}],"curies":[{"name":"wp","href":"https:\/\/api.w.org\/{rel}","templated":true}]}}