{"id":8349,"date":"2023-12-21T11:15:08","date_gmt":"2023-12-21T14:15:08","guid":{"rendered":"https:\/\/www.univ-guyane.fr\/?p=8349"},"modified":"2024-06-17T11:22:25","modified_gmt":"2024-06-17T14:22:25","slug":"combler-les-blancs-des-cartes-pour-marquer-ses-frontieres","status":"publish","type":"post","link":"https:\/\/www.univ-guyane.fr\/nl\/2023\/12\/21\/combler-les-blancs-des-cartes-pour-marquer-ses-frontieres\/","title":{"rendered":"Vul de lege vakken in om je grenzen aan te geven"},"content":{"rendered":"<div id=\"fws_69f585be8eb2d\"  data-column-margin=\"default\" data-midnight=\"dark\"  class=\"wpb_row vc_row-fluid vc_row\"  style=\"padding-top: 0px; padding-bottom: 0px; \"><div class=\"row-bg-wrap\" data-bg-animation=\"none\" data-bg-animation-delay=\"\" data-bg-overlay=\"false\"><div class=\"inner-wrap row-bg-layer\" ><div class=\"row-bg viewport-desktop\"  style=\"\"><\/div><\/div><\/div><div class=\"row_col_wrap_12 col span_12 dark left\">\n\t<div  class=\"vc_col-sm-12 wpb_column column_container vc_column_container col no-extra-padding inherit_tablet inherit_phone\"  data-padding-pos=\"all\" data-has-bg-color=\"false\" data-bg-color=\"\" data-bg-opacity=\"1\" data-animation=\"\" data-delay=\"0\" >\n\t\t<div class=\"vc_column-inner\" >\n\t\t\t<div class=\"wpb_wrapper\">\n\t\t\t\t\n<div class=\"wpb_text_column wpb_content_element  chapo\" >\n\t<h2>In het kader van het seminar \"Grenzen, circulatie, interculturaliteit en interacties tussen mens en omgeving\" nodigen de laboratoria LEEISA en MINEA, in samenwerking met de DFR LSH, u graag uit voor een conferentie met als titel \"De lege plekken op de kaarten invullen om je grenzen aan te geven\". Deze presentatie wordt gegeven door Matthieu NOUCHER, geograaf en onderzoeksdirecteur bij het CNRS, en vindt plaats op vrijdag 12 januari 2024 van 18.00 tot 20.00 uur in zaal F 002.<\/h2>\n<\/div>\n\n\n\n\n<div class=\"wpb_text_column wpb_content_element\" >\n\t<div class=\"wpb_text_column wpb_content_element\">\n<div class=\"wpb_wrapper\">\n<div id=\"lipsum\">\n<p>&nbsp;<\/p>\n<p><span class=\"nectar-dropcap\" >T <\/span>Elke cartografie heeft haar eigen lege plekken, gaten of weglatingen, opzettelijk of onbewust. Historici van de cartografie hebben gewezen op de politieke implicaties van deze cartografische stiltes, vooral tijdens perioden van koloniale verovering of wanneer grenzen werden getrokken. De hypothese die ten grondslag ligt aan dit werk is dat kaartfragmenten, verre van verouderd, vandaag de dag nog steeds heuristische mogelijkheden bieden voor het analyseren van de politieke inzet van symbolische voorstellingen van de grens. Hoe worden blanco kaarten gebruikt om bepaalde gebieden (in-)zichtbaar te maken, nu de staat niet langer het monopolie heeft op het wit of zwart maken van de kaart? Welke kwesties van informatieve (de-)regulering komen naar voren als we kijken naar de logica van het weglaten die vandaag de dag aan het werk is, met name in grensoverschrijdende gebieden waarvan de grenzen soms onzeker zijn? Het Amazonegebied, en meer specifiek Frans Guyana, is een ideale plek om op zoek te gaan naar antwoorden op deze vragen. Historisch en symbolisch gemarkeerd door lege kaarten, kan deze territoriale marge in veel opzichten ook worden beschouwd als een cartografische marge. Onderzoek naar drie metrologische systemen voor het opsporen van illegale goudpannen, het meten van biodiversiteit en het in kaart brengen van informele nederzettingen biedt de mogelijkheid om systemen uit de institutionele, wetenschappelijke, burgerlijke en inheemse sfeer te onderzoeken. Door het belang van empirisch onderzoek te verdedigen om zo dicht mogelijk bij de actoren (kaartproducenten en -gebruikers), systemen (codes en gegevens) en methoden (in situ en op afstand) te blijven, en door een aanpak te ontwikkelen die zowel multi-sited als interdisciplinair is en geografie, geografische informatiewetenschappen en wetenschaps- en technologiestudies (STS) combineert, maakt dit onderzoek deel uit van het opkomende veld van kritische gegevensstudies. Op basis van deze casestudies leidt het tot een interdisciplinaire reflectie over de twee belangrijkste vormen van verzet tegen het invullen van de leemtes op de kaarten die zijn waargenomen vanaf de oevers van de Maroni tot aan de grenzen van de Oyapock: counter-mapping en cartografische fuga. Dit voorstel maakt het mogelijk om enerzijds een geografie van geodigitale onwetendheid te overwegen die vergeten, verborgen of vernietigde kennis blootlegt en anderzijds een geografie van geodigitale weerstand die alternatieven voor dominante ruimtelijke representaties zichtbaar maakt. Samen maken deze twee logica's van cartografische ongedisciplineerdheid het mogelijk om de lege plekken in hedendaagse kaarten op te vatten als een kans om onze manieren van kijken naar deze grensregio's te diversifi\u00ebren, die verre van alleen maar 'lege werelden' zijn, zoals ze soms worden beschreven.<\/p>\n<\/div>\n<\/div>\n<\/div>\n<div class=\"wpb_text_column wpb_content_element vc_custom_1703164159438\">\n<div class=\"wpb_wrapper\">\n<p><strong>Over de spreker<br \/>\n<\/strong><\/p>\n<p><strong>Matthieu Noucher<\/strong>\u00a0is geograaf, onderzoeksdirecteur van het CNRS-laboratorium PASSAGES in Bordeaux en adjunct-directeur van het Franse onderzoeksnetwerk in geografische informatiewetenschappen (GdR MAGIS). Hij heeft gepubliceerd\u00a0<em>Kleine kaarten van het web<\/em>\u00a0in 2017 (\u00c9ditions de la rue d'Ulm) en was co-redacteur van de<em>Kritische atlas van Frans Guyana<\/em>\u00a0gepubliceerd in 2020 door CNRS. In juni 2023 publiceerde hij\u00a0<em>Kaart blanco's en algoritmische zwarte dozen<\/em>Een herziene en uitgebreide versie van het ongepubliceerde deel van het dossier Habilitation \u00e0 Diriger des Recherches (HDR) dat hij in 2022 verdedigde aan de universiteit van Bordeaux Montaigne en dat als basis zal dienen voor deze paper.<\/p>\n<\/div>\n<\/div>\n<\/div>\n\n\n\n\n\t\t\t<\/div> \n\t\t<\/div>\n\t<\/div> \n<\/div><\/div>","protected":false},"excerpt":{"rendered":"Als onderdeel van het seminar \"Grenzen, Circulatie, Interculturaliteit en Mens-Milieu Interactie\" hebben de Franse laboratoria...","protected":false},"author":1,"featured_media":8351,"comment_status":"closed","ping_status":"open","sticky":false,"template":"","format":"standard","meta":{"iawp_total_views":30,"footnotes":""},"categories":[192,14,187],"tags":[],"class_list":{"0":"post-8349","1":"post","2":"type-post","3":"status-publish","4":"format-standard","5":"has-post-thumbnail","7":"category-leeisa","8":"category-lsh","9":"category-minea"},"yoast_head":"<!-- This site is optimized with the Yoast SEO plugin v27.5 - https:\/\/yoast.com\/product\/yoast-seo-wordpress\/ -->\n<title>Combler les blancs des cartes pour marquer ses fronti\u00e8res &#8212; Universit\u00e9 de Guyane<\/title>\n<meta name=\"description\" content=\"D\u00e9couvrez le potentiel heuristique des blancs des cartes pour analyser les enjeux politiques des fronti\u00e8res dans les repr\u00e9sentations symboliques.\" \/>\n<meta name=\"robots\" content=\"index, follow, max-snippet:-1, max-image-preview:large, max-video-preview:-1\" \/>\n<link rel=\"canonical\" href=\"https:\/\/www.univ-guyane.fr\/nl\/2023\/12\/21\/combler-les-blancs-des-cartes-pour-marquer-ses-frontieres\/\" \/>\n<meta property=\"og:locale\" content=\"nl_NL\" \/>\n<meta property=\"og:type\" content=\"article\" \/>\n<meta property=\"og:title\" content=\"Combler les blancs des cartes pour marquer ses fronti\u00e8res &#8212; Universit\u00e9 de Guyane\" \/>\n<meta property=\"og:description\" content=\"D\u00e9couvrez le potentiel heuristique des blancs des cartes pour analyser les enjeux politiques des fronti\u00e8res dans les repr\u00e9sentations symboliques.\" \/>\n<meta property=\"og:url\" content=\"https:\/\/www.univ-guyane.fr\/nl\/2023\/12\/21\/combler-les-blancs-des-cartes-pour-marquer-ses-frontieres\/\" \/>\n<meta property=\"og:site_name\" content=\"Universit\u00e9 de Guyane\" \/>\n<meta property=\"article:publisher\" content=\"https:\/\/www.facebook.com\/univguyane\" \/>\n<meta property=\"article:published_time\" content=\"2023-12-21T14:15:08+00:00\" \/>\n<meta property=\"article:modified_time\" content=\"2024-06-17T14:22:25+00:00\" \/>\n<meta property=\"og:image\" content=\"https:\/\/www.univ-guyane.fr\/wp-content\/uploads\/conference-combler-le-blanc-des-cartes.jpeg\" \/>\n\t<meta property=\"og:image:width\" content=\"1800\" \/>\n\t<meta property=\"og:image:height\" content=\"1013\" \/>\n\t<meta property=\"og:image:type\" content=\"image\/jpeg\" \/>\n<meta name=\"author\" content=\"Erick Loiti\u00e8re\" \/>\n<meta name=\"twitter:card\" content=\"summary_large_image\" \/>\n<meta name=\"twitter:creator\" content=\"@univguyane\" \/>\n<meta name=\"twitter:site\" content=\"@univguyane\" \/>\n<meta name=\"twitter:label1\" content=\"Geschreven door\" \/>\n\t<meta name=\"twitter:data1\" content=\"Erick Loiti\u00e8re\" \/>\n\t<meta name=\"twitter:label2\" content=\"Geschatte leestijd\" \/>\n\t<meta name=\"twitter:data2\" content=\"4 minuten\" \/>\n<script type=\"application\/ld+json\" class=\"yoast-schema-graph\">{\"@context\":\"https:\\\/\\\/schema.org\",\"@graph\":[{\"@type\":\"Article\",\"@id\":\"https:\\\/\\\/www.univ-guyane.fr\\\/2023\\\/12\\\/21\\\/combler-les-blancs-des-cartes-pour-marquer-ses-frontieres\\\/#article\",\"isPartOf\":{\"@id\":\"https:\\\/\\\/www.univ-guyane.fr\\\/2023\\\/12\\\/21\\\/combler-les-blancs-des-cartes-pour-marquer-ses-frontieres\\\/\"},\"author\":{\"name\":\"Erick Loiti\u00e8re\",\"@id\":\"https:\\\/\\\/www.univ-guyane.fr\\\/#\\\/schema\\\/person\\\/86d946a28a8be51bb096ccfdf19db179\"},\"headline\":\"Combler les blancs des cartes pour marquer ses fronti\u00e8res\",\"datePublished\":\"2023-12-21T14:15:08+00:00\",\"dateModified\":\"2024-06-17T14:22:25+00:00\",\"mainEntityOfPage\":{\"@id\":\"https:\\\/\\\/www.univ-guyane.fr\\\/2023\\\/12\\\/21\\\/combler-les-blancs-des-cartes-pour-marquer-ses-frontieres\\\/\"},\"wordCount\":862,\"publisher\":{\"@id\":\"https:\\\/\\\/www.univ-guyane.fr\\\/#organization\"},\"image\":{\"@id\":\"https:\\\/\\\/www.univ-guyane.fr\\\/2023\\\/12\\\/21\\\/combler-les-blancs-des-cartes-pour-marquer-ses-frontieres\\\/#primaryimage\"},\"thumbnailUrl\":\"https:\\\/\\\/www.univ-guyane.fr\\\/wp-content\\\/uploads\\\/conference-combler-le-blanc-des-cartes.jpeg\",\"articleSection\":[\"\u2022 LEEISA\",\"\u2022 LSH\",\"\u2022\u00a0MINEA\"],\"inLanguage\":\"nl-NL\"},{\"@type\":\"WebPage\",\"@id\":\"https:\\\/\\\/www.univ-guyane.fr\\\/2023\\\/12\\\/21\\\/combler-les-blancs-des-cartes-pour-marquer-ses-frontieres\\\/\",\"url\":\"https:\\\/\\\/www.univ-guyane.fr\\\/2023\\\/12\\\/21\\\/combler-les-blancs-des-cartes-pour-marquer-ses-frontieres\\\/\",\"name\":\"Combler les blancs des cartes pour marquer ses fronti\u00e8res &#8212; Universit\u00e9 de Guyane\",\"isPartOf\":{\"@id\":\"https:\\\/\\\/www.univ-guyane.fr\\\/#website\"},\"primaryImageOfPage\":{\"@id\":\"https:\\\/\\\/www.univ-guyane.fr\\\/2023\\\/12\\\/21\\\/combler-les-blancs-des-cartes-pour-marquer-ses-frontieres\\\/#primaryimage\"},\"image\":{\"@id\":\"https:\\\/\\\/www.univ-guyane.fr\\\/2023\\\/12\\\/21\\\/combler-les-blancs-des-cartes-pour-marquer-ses-frontieres\\\/#primaryimage\"},\"thumbnailUrl\":\"https:\\\/\\\/www.univ-guyane.fr\\\/wp-content\\\/uploads\\\/conference-combler-le-blanc-des-cartes.jpeg\",\"datePublished\":\"2023-12-21T14:15:08+00:00\",\"dateModified\":\"2024-06-17T14:22:25+00:00\",\"description\":\"D\u00e9couvrez le potentiel heuristique des blancs des cartes pour analyser les enjeux politiques des fronti\u00e8res dans les repr\u00e9sentations symboliques.\",\"breadcrumb\":{\"@id\":\"https:\\\/\\\/www.univ-guyane.fr\\\/2023\\\/12\\\/21\\\/combler-les-blancs-des-cartes-pour-marquer-ses-frontieres\\\/#breadcrumb\"},\"inLanguage\":\"nl-NL\",\"potentialAction\":[{\"@type\":\"ReadAction\",\"target\":[\"https:\\\/\\\/www.univ-guyane.fr\\\/2023\\\/12\\\/21\\\/combler-les-blancs-des-cartes-pour-marquer-ses-frontieres\\\/\"]}]},{\"@type\":\"ImageObject\",\"inLanguage\":\"nl-NL\",\"@id\":\"https:\\\/\\\/www.univ-guyane.fr\\\/2023\\\/12\\\/21\\\/combler-les-blancs-des-cartes-pour-marquer-ses-frontieres\\\/#primaryimage\",\"url\":\"https:\\\/\\\/www.univ-guyane.fr\\\/wp-content\\\/uploads\\\/conference-combler-le-blanc-des-cartes.jpeg\",\"contentUrl\":\"https:\\\/\\\/www.univ-guyane.fr\\\/wp-content\\\/uploads\\\/conference-combler-le-blanc-des-cartes.jpeg\",\"width\":1800,\"height\":1013,\"caption\":\"Combler les blancs des cartes pour marquer ses fronti\u00e8res\"},{\"@type\":\"BreadcrumbList\",\"@id\":\"https:\\\/\\\/www.univ-guyane.fr\\\/2023\\\/12\\\/21\\\/combler-les-blancs-des-cartes-pour-marquer-ses-frontieres\\\/#breadcrumb\",\"itemListElement\":[{\"@type\":\"ListItem\",\"position\":1,\"name\":\"Accueil\",\"item\":\"https:\\\/\\\/www.univ-guyane.fr\\\/\"},{\"@type\":\"ListItem\",\"position\":2,\"name\":\"Combler les blancs des cartes pour marquer ses fronti\u00e8res\"}]},{\"@type\":\"WebSite\",\"@id\":\"https:\\\/\\\/www.univ-guyane.fr\\\/#website\",\"url\":\"https:\\\/\\\/www.univ-guyane.fr\\\/\",\"name\":\"Universit\u00e9 de Guyane\",\"description\":\"Au c\u0153ur de l&#039;amazonie\",\"publisher\":{\"@id\":\"https:\\\/\\\/www.univ-guyane.fr\\\/#organization\"},\"alternateName\":\"UG\",\"potentialAction\":[{\"@type\":\"SearchAction\",\"target\":{\"@type\":\"EntryPoint\",\"urlTemplate\":\"https:\\\/\\\/www.univ-guyane.fr\\\/?s={search_term_string}\"},\"query-input\":{\"@type\":\"PropertyValueSpecification\",\"valueRequired\":true,\"valueName\":\"search_term_string\"}}],\"inLanguage\":\"nl-NL\"},{\"@type\":\"Organization\",\"@id\":\"https:\\\/\\\/www.univ-guyane.fr\\\/#organization\",\"name\":\"Universit\u00e9 de Guyane\",\"alternateName\":\"UG\",\"url\":\"https:\\\/\\\/www.univ-guyane.fr\\\/\",\"logo\":{\"@type\":\"ImageObject\",\"inLanguage\":\"nl-NL\",\"@id\":\"https:\\\/\\\/www.univ-guyane.fr\\\/#\\\/schema\\\/logo\\\/image\\\/\",\"url\":\"https:\\\/\\\/www.univ-guyane.fr\\\/wp-content\\\/uploads\\\/2024\\\/05\\\/f.png\",\"contentUrl\":\"https:\\\/\\\/www.univ-guyane.fr\\\/wp-content\\\/uploads\\\/2024\\\/05\\\/f.png\",\"width\":1024,\"height\":1024,\"caption\":\"Universit\u00e9 de Guyane\"},\"image\":{\"@id\":\"https:\\\/\\\/www.univ-guyane.fr\\\/#\\\/schema\\\/logo\\\/image\\\/\"},\"sameAs\":[\"https:\\\/\\\/www.facebook.com\\\/univguyane\",\"https:\\\/\\\/x.com\\\/univguyane\",\"https:\\\/\\\/gf.linkedin.com\\\/school\\\/universite-de-guyane\\\/\",\"https:\\\/\\\/www.instagram.com\\\/univ_guyane\\\/\"]},{\"@type\":\"Person\",\"@id\":\"https:\\\/\\\/www.univ-guyane.fr\\\/#\\\/schema\\\/person\\\/86d946a28a8be51bb096ccfdf19db179\",\"name\":\"Erick Loiti\u00e8re\",\"image\":{\"@type\":\"ImageObject\",\"inLanguage\":\"nl-NL\",\"@id\":\"https:\\\/\\\/secure.gravatar.com\\\/avatar\\\/0584f332103fbeaf37e52c73b15dca3c547fd9300deb05764e9ad8714839d072?s=96&d=robohash&r=g\",\"url\":\"https:\\\/\\\/secure.gravatar.com\\\/avatar\\\/0584f332103fbeaf37e52c73b15dca3c547fd9300deb05764e9ad8714839d072?s=96&d=robohash&r=g\",\"contentUrl\":\"https:\\\/\\\/secure.gravatar.com\\\/avatar\\\/0584f332103fbeaf37e52c73b15dca3c547fd9300deb05764e9ad8714839d072?s=96&d=robohash&r=g\",\"caption\":\"Erick Loiti\u00e8re\"},\"sameAs\":[\"http:\\\/\\\/www.univ-guyane.fr\"],\"url\":\"https:\\\/\\\/www.univ-guyane.fr\\\/nl\\\/author\\\/eloitierdbz\\\/\"}]}<\/script>\n<!-- \/ Yoast SEO plugin. -->","yoast_head_json":{"title":"Combler les blancs des cartes pour marquer ses fronti\u00e8res &#8212; Universit\u00e9 de Guyane","description":"D\u00e9couvrez le potentiel heuristique des blancs des cartes pour analyser les enjeux politiques des fronti\u00e8res dans les repr\u00e9sentations symboliques.","robots":{"index":"index","follow":"follow","max-snippet":"max-snippet:-1","max-image-preview":"max-image-preview:large","max-video-preview":"max-video-preview:-1"},"canonical":"https:\/\/www.univ-guyane.fr\/nl\/2023\/12\/21\/combler-les-blancs-des-cartes-pour-marquer-ses-frontieres\/","og_locale":"nl_NL","og_type":"article","og_title":"Combler les blancs des cartes pour marquer ses fronti\u00e8res &#8212; Universit\u00e9 de Guyane","og_description":"D\u00e9couvrez le potentiel heuristique des blancs des cartes pour analyser les enjeux politiques des fronti\u00e8res dans les repr\u00e9sentations symboliques.","og_url":"https:\/\/www.univ-guyane.fr\/nl\/2023\/12\/21\/combler-les-blancs-des-cartes-pour-marquer-ses-frontieres\/","og_site_name":"Universit\u00e9 de Guyane","article_publisher":"https:\/\/www.facebook.com\/univguyane","article_published_time":"2023-12-21T14:15:08+00:00","article_modified_time":"2024-06-17T14:22:25+00:00","og_image":[{"width":1800,"height":1013,"url":"https:\/\/www.univ-guyane.fr\/wp-content\/uploads\/conference-combler-le-blanc-des-cartes.jpeg","type":"image\/jpeg"}],"author":"Erick Loiti\u00e8re","twitter_card":"summary_large_image","twitter_creator":"@univguyane","twitter_site":"@univguyane","twitter_misc":{"Geschreven door":"Erick Loiti\u00e8re","Geschatte leestijd":"4 minuten"},"schema":{"@context":"https:\/\/schema.org","@graph":[{"@type":"Article","@id":"https:\/\/www.univ-guyane.fr\/2023\/12\/21\/combler-les-blancs-des-cartes-pour-marquer-ses-frontieres\/#article","isPartOf":{"@id":"https:\/\/www.univ-guyane.fr\/2023\/12\/21\/combler-les-blancs-des-cartes-pour-marquer-ses-frontieres\/"},"author":{"name":"Erick Loiti\u00e8re","@id":"https:\/\/www.univ-guyane.fr\/#\/schema\/person\/86d946a28a8be51bb096ccfdf19db179"},"headline":"Combler les blancs des cartes pour marquer ses fronti\u00e8res","datePublished":"2023-12-21T14:15:08+00:00","dateModified":"2024-06-17T14:22:25+00:00","mainEntityOfPage":{"@id":"https:\/\/www.univ-guyane.fr\/2023\/12\/21\/combler-les-blancs-des-cartes-pour-marquer-ses-frontieres\/"},"wordCount":862,"publisher":{"@id":"https:\/\/www.univ-guyane.fr\/#organization"},"image":{"@id":"https:\/\/www.univ-guyane.fr\/2023\/12\/21\/combler-les-blancs-des-cartes-pour-marquer-ses-frontieres\/#primaryimage"},"thumbnailUrl":"https:\/\/www.univ-guyane.fr\/wp-content\/uploads\/conference-combler-le-blanc-des-cartes.jpeg","articleSection":["\u2022 LEEISA","\u2022 LSH","\u2022\u00a0MINEA"],"inLanguage":"nl-NL"},{"@type":"WebPage","@id":"https:\/\/www.univ-guyane.fr\/2023\/12\/21\/combler-les-blancs-des-cartes-pour-marquer-ses-frontieres\/","url":"https:\/\/www.univ-guyane.fr\/2023\/12\/21\/combler-les-blancs-des-cartes-pour-marquer-ses-frontieres\/","name":"Combler les blancs des cartes pour marquer ses fronti\u00e8res &#8212; Universit\u00e9 de Guyane","isPartOf":{"@id":"https:\/\/www.univ-guyane.fr\/#website"},"primaryImageOfPage":{"@id":"https:\/\/www.univ-guyane.fr\/2023\/12\/21\/combler-les-blancs-des-cartes-pour-marquer-ses-frontieres\/#primaryimage"},"image":{"@id":"https:\/\/www.univ-guyane.fr\/2023\/12\/21\/combler-les-blancs-des-cartes-pour-marquer-ses-frontieres\/#primaryimage"},"thumbnailUrl":"https:\/\/www.univ-guyane.fr\/wp-content\/uploads\/conference-combler-le-blanc-des-cartes.jpeg","datePublished":"2023-12-21T14:15:08+00:00","dateModified":"2024-06-17T14:22:25+00:00","description":"D\u00e9couvrez le potentiel heuristique des blancs des cartes pour analyser les enjeux politiques des fronti\u00e8res dans les repr\u00e9sentations symboliques.","breadcrumb":{"@id":"https:\/\/www.univ-guyane.fr\/2023\/12\/21\/combler-les-blancs-des-cartes-pour-marquer-ses-frontieres\/#breadcrumb"},"inLanguage":"nl-NL","potentialAction":[{"@type":"ReadAction","target":["https:\/\/www.univ-guyane.fr\/2023\/12\/21\/combler-les-blancs-des-cartes-pour-marquer-ses-frontieres\/"]}]},{"@type":"ImageObject","inLanguage":"nl-NL","@id":"https:\/\/www.univ-guyane.fr\/2023\/12\/21\/combler-les-blancs-des-cartes-pour-marquer-ses-frontieres\/#primaryimage","url":"https:\/\/www.univ-guyane.fr\/wp-content\/uploads\/conference-combler-le-blanc-des-cartes.jpeg","contentUrl":"https:\/\/www.univ-guyane.fr\/wp-content\/uploads\/conference-combler-le-blanc-des-cartes.jpeg","width":1800,"height":1013,"caption":"Combler les blancs des cartes pour marquer ses fronti\u00e8res"},{"@type":"BreadcrumbList","@id":"https:\/\/www.univ-guyane.fr\/2023\/12\/21\/combler-les-blancs-des-cartes-pour-marquer-ses-frontieres\/#breadcrumb","itemListElement":[{"@type":"ListItem","position":1,"name":"Accueil","item":"https:\/\/www.univ-guyane.fr\/"},{"@type":"ListItem","position":2,"name":"Combler les blancs des cartes pour marquer ses fronti\u00e8res"}]},{"@type":"WebSite","@id":"https:\/\/www.univ-guyane.fr\/#website","url":"https:\/\/www.univ-guyane.fr\/","name":"Universiteit van Guyana","description":"In het hart van Amazonia","publisher":{"@id":"https:\/\/www.univ-guyane.fr\/#organization"},"alternateName":"UG","potentialAction":[{"@type":"SearchAction","target":{"@type":"EntryPoint","urlTemplate":"https:\/\/www.univ-guyane.fr\/?s={search_term_string}"},"query-input":{"@type":"PropertyValueSpecification","valueRequired":true,"valueName":"search_term_string"}}],"inLanguage":"nl-NL"},{"@type":"Organization","@id":"https:\/\/www.univ-guyane.fr\/#organization","name":"Universiteit van Guyana","alternateName":"UG","url":"https:\/\/www.univ-guyane.fr\/","logo":{"@type":"ImageObject","inLanguage":"nl-NL","@id":"https:\/\/www.univ-guyane.fr\/#\/schema\/logo\/image\/","url":"https:\/\/www.univ-guyane.fr\/wp-content\/uploads\/2024\/05\/f.png","contentUrl":"https:\/\/www.univ-guyane.fr\/wp-content\/uploads\/2024\/05\/f.png","width":1024,"height":1024,"caption":"Universit\u00e9 de Guyane"},"image":{"@id":"https:\/\/www.univ-guyane.fr\/#\/schema\/logo\/image\/"},"sameAs":["https:\/\/www.facebook.com\/univguyane","https:\/\/x.com\/univguyane","https:\/\/gf.linkedin.com\/school\/universite-de-guyane\/","https:\/\/www.instagram.com\/univ_guyane\/"]},{"@type":"Person","@id":"https:\/\/www.univ-guyane.fr\/#\/schema\/person\/86d946a28a8be51bb096ccfdf19db179","name":"Erick Loiti\u00e8re","image":{"@type":"ImageObject","inLanguage":"nl-NL","@id":"https:\/\/secure.gravatar.com\/avatar\/0584f332103fbeaf37e52c73b15dca3c547fd9300deb05764e9ad8714839d072?s=96&d=robohash&r=g","url":"https:\/\/secure.gravatar.com\/avatar\/0584f332103fbeaf37e52c73b15dca3c547fd9300deb05764e9ad8714839d072?s=96&d=robohash&r=g","contentUrl":"https:\/\/secure.gravatar.com\/avatar\/0584f332103fbeaf37e52c73b15dca3c547fd9300deb05764e9ad8714839d072?s=96&d=robohash&r=g","caption":"Erick Loiti\u00e8re"},"sameAs":["http:\/\/www.univ-guyane.fr"],"url":"https:\/\/www.univ-guyane.fr\/nl\/author\/eloitierdbz\/"}]}},"_links":{"self":[{"href":"https:\/\/www.univ-guyane.fr\/nl\/wp-json\/wp\/v2\/posts\/8349","targetHints":{"allow":["GET"]}}],"collection":[{"href":"https:\/\/www.univ-guyane.fr\/nl\/wp-json\/wp\/v2\/posts"}],"about":[{"href":"https:\/\/www.univ-guyane.fr\/nl\/wp-json\/wp\/v2\/types\/post"}],"author":[{"embeddable":true,"href":"https:\/\/www.univ-guyane.fr\/nl\/wp-json\/wp\/v2\/users\/1"}],"replies":[{"embeddable":true,"href":"https:\/\/www.univ-guyane.fr\/nl\/wp-json\/wp\/v2\/comments?post=8349"}],"version-history":[{"count":2,"href":"https:\/\/www.univ-guyane.fr\/nl\/wp-json\/wp\/v2\/posts\/8349\/revisions"}],"predecessor-version":[{"id":8353,"href":"https:\/\/www.univ-guyane.fr\/nl\/wp-json\/wp\/v2\/posts\/8349\/revisions\/8353"}],"wp:featuredmedia":[{"embeddable":true,"href":"https:\/\/www.univ-guyane.fr\/nl\/wp-json\/wp\/v2\/media\/8351"}],"wp:attachment":[{"href":"https:\/\/www.univ-guyane.fr\/nl\/wp-json\/wp\/v2\/media?parent=8349"}],"wp:term":[{"taxonomy":"category","embeddable":true,"href":"https:\/\/www.univ-guyane.fr\/nl\/wp-json\/wp\/v2\/categories?post=8349"},{"taxonomy":"post_tag","embeddable":true,"href":"https:\/\/www.univ-guyane.fr\/nl\/wp-json\/wp\/v2\/tags?post=8349"}],"curies":[{"name":"wp","href":"https:\/\/api.w.org\/{rel}","templated":true}]}}