{"id":8354,"date":"2023-12-15T11:23:44","date_gmt":"2023-12-15T14:23:44","guid":{"rendered":"https:\/\/www.univ-guyane.fr\/?p=8354"},"modified":"2024-06-17T11:30:43","modified_gmt":"2024-06-17T14:30:43","slug":"luniversite-de-guyane-renforce-ses-liens-scientifiques-avec-le-bresil","status":"publish","type":"post","link":"https:\/\/www.univ-guyane.fr\/nl\/2023\/12\/15\/luniversite-de-guyane-renforce-ses-liens-scientifiques-avec-le-bresil\/","title":{"rendered":"De Universiteit van Frans-Guyana versterkt haar wetenschappelijke banden met Brazili\u00eb"},"content":{"rendered":"<div id=\"fws_69f20c7b94c76\"  data-column-margin=\"default\" data-midnight=\"dark\"  class=\"wpb_row vc_row-fluid vc_row\"  style=\"padding-top: 0px; padding-bottom: 0px; \"><div class=\"row-bg-wrap\" data-bg-animation=\"none\" data-bg-animation-delay=\"\" data-bg-overlay=\"false\"><div class=\"inner-wrap row-bg-layer\" ><div class=\"row-bg viewport-desktop\"  style=\"\"><\/div><\/div><\/div><div class=\"row_col_wrap_12 col span_12 dark left\">\n\t<div  class=\"vc_col-sm-12 wpb_column column_container vc_column_container col no-extra-padding inherit_tablet inherit_phone\"  data-padding-pos=\"all\" data-has-bg-color=\"false\" data-bg-color=\"\" data-bg-opacity=\"1\" data-animation=\"\" data-delay=\"0\" >\n\t\t<div class=\"vc_column-inner\" >\n\t\t\t<div class=\"wpb_wrapper\">\n\t\t\t\t\n<div class=\"wpb_text_column wpb_content_element  chapo\" >\n\t<h2>Van 24 november tot 2 december ondernam een delegatie van de universiteit een missie naar Sao Paulo, Brazili\u00eb, die in het teken stond van de ondertekening van drie fundamentele kaderovereenkomsten met belangrijke partners. Dit initiatief heeft tot doel de wetenschappelijke samenwerking en het onderzoek te versterken, met bijzondere aandacht voor het Amazonegebied.<\/h2>\n<\/div>\n\n\n\n\n<div class=\"wpb_text_column wpb_content_element\" >\n\t<p><span class=\"nectar-dropcap\" >L <\/span>e universitaire delegatie, bestaande uit Laurent Linguet, voorzitter van de Universit\u00e9 de Guyane, Ghislaine Pr\u00e9vot, vicevoorzitter Onderzoek, Antoine Primerose, directeur van AIBSI en Giulia Manera, delegatie Internationale Partnerschappen, heeft drie raamovereenkomsten getekend met toonaangevende partners.<\/p>\n<p>De Universiteit van Sao Paulo (USP), de grootste universiteit van Latijns-Amerika en toonaangevend op het gebied van wetenschappelijke invloed, was de eerste partner die een overeenkomst tekende. USP onderscheidt zich door haar belangrijke bijdrage aan het Amazone-onderzoek op nationaal niveau en heeft een indrukwekkend aantal studies over deze cruciale regio geproduceerd.<\/p>\n<p>De Staatsuniversiteit van Campinas (UNICAMP), een dynamische en internationaal actieve instelling, was ook het onderwerp van een overeenkomst. De besprekingen concentreerden zich op een duurzaam campusproject dat momenteel wordt ontwikkeld, wat een gedeelde toewijding aan innovatieve initiatieven weerspiegelt.<\/p>\n<p>De derde partner was de Sao Paulo State Research Support Foundation (FAPESP), de grootste financier van onderzoek in het land. De besprekingen met de voorzitter van de Universiteit van Guyana, Laurent LINGUET, en de directeur van FAPESP, Marco Antonio ZAGO, waren gericht op de mogelijke oprichting van een gezamenlijke oproep voor projecten gericht op Amazoni\u00eb, op gebieden als biodiversiteit, gezondheid, duurzame ontwikkeling en innovatie.<\/p>\n<p>De delegatie had ook een ontmoeting met de Paulista State University (UNESP) met het oog op de ondertekening van een kaderovereenkomst in de toekomst. In januari is een werkvergadering gepland met de directeuren van de laboratoria die in Guyana aanwezig zijn, waarbij het belang van uitgebreide wetenschappelijke samenwerking wordt onderstreept.<\/p>\n<p>Naast de universitaire partnerschappen bezocht de delegatie het Institut Pasteur in Sao Paulo, waar ze de directeur Paula Minoprio ontmoette. De bijeenkomst bood de gelegenheid om mogelijkheden voor samenwerking op het gebied van medisch en gezondheidsonderzoek te verkennen.<\/p>\n<p>Tijdens een diner dat werd bijgewoond door de Franse ambassadeur in Brazili\u00eb en de Franse consul-generaal in Sao Paulo werd de cruciale rol van Guyana in transnationale projecten in het Amazonegebied belicht en werd de belangrijke bijdrage van de regio aan onderzoek naar gezondheid, duurzame ontwikkeling en biodiversiteit benadrukt.<\/p>\n<\/div>\n\n\n\n\n\t\t\t<\/div> \n\t\t<\/div>\n\t<\/div> \n<\/div><\/div>","protected":false},"excerpt":{"rendered":"Van 24 november tot 2 december ondernam een delegatie van de universiteit een missie naar...","protected":false},"author":1,"featured_media":8357,"comment_status":"closed","ping_status":"open","sticky":false,"template":"","format":"standard","meta":{"iawp_total_views":58,"footnotes":""},"categories":[170],"tags":[],"class_list":{"0":"post-8354","1":"post","2":"type-post","3":"status-publish","4":"format-standard","5":"has-post-thumbnail","7":"category-international"},"yoast_head":"<!-- This site is optimized with the Yoast SEO plugin v27.5 - https:\/\/yoast.com\/product\/yoast-seo-wordpress\/ -->\n<title>L\u2019Universit\u00e9 de Guyane renforce ses liens scientifiques avec le Br\u00e9sil &#8212; Universit\u00e9 de Guyane<\/title>\n<meta name=\"description\" content=\"L&#039;Universit\u00e9 de Guyane \u00e9tablit des accords de partenariat scientifique avec les universit\u00e9s de Sao Paulo et Campinas. Une coop\u00e9ration fructueuse pour la recherche et l&#039;innovation.\" \/>\n<meta name=\"robots\" content=\"index, follow, max-snippet:-1, max-image-preview:large, max-video-preview:-1\" \/>\n<link rel=\"canonical\" href=\"https:\/\/www.univ-guyane.fr\/nl\/2023\/12\/15\/luniversite-de-guyane-renforce-ses-liens-scientifiques-avec-le-bresil\/\" \/>\n<meta property=\"og:locale\" content=\"nl_NL\" \/>\n<meta property=\"og:type\" content=\"article\" \/>\n<meta property=\"og:title\" content=\"L\u2019Universit\u00e9 de Guyane renforce ses liens scientifiques avec le Br\u00e9sil &#8212; Universit\u00e9 de Guyane\" \/>\n<meta property=\"og:description\" content=\"L&#039;Universit\u00e9 de Guyane \u00e9tablit des accords de partenariat scientifique avec les universit\u00e9s de Sao Paulo et Campinas. Une coop\u00e9ration fructueuse pour la recherche et l&#039;innovation.\" \/>\n<meta property=\"og:url\" content=\"https:\/\/www.univ-guyane.fr\/nl\/2023\/12\/15\/luniversite-de-guyane-renforce-ses-liens-scientifiques-avec-le-bresil\/\" \/>\n<meta property=\"og:site_name\" content=\"Universit\u00e9 de Guyane\" \/>\n<meta property=\"article:publisher\" content=\"https:\/\/www.facebook.com\/univguyane\" \/>\n<meta property=\"article:published_time\" content=\"2023-12-15T14:23:44+00:00\" \/>\n<meta property=\"article:modified_time\" content=\"2024-06-17T14:30:43+00:00\" \/>\n<meta property=\"og:image\" content=\"https:\/\/www.univ-guyane.fr\/wp-content\/uploads\/luniversite-de-guyane-renforce-ses-liens-scientifiques-avec-le-bresil-universite-de-guyane.jpeg\" \/>\n\t<meta property=\"og:image:width\" content=\"1800\" \/>\n\t<meta property=\"og:image:height\" content=\"1013\" \/>\n\t<meta property=\"og:image:type\" content=\"image\/jpeg\" \/>\n<meta name=\"author\" content=\"Erick Loiti\u00e8re\" \/>\n<meta name=\"twitter:card\" content=\"summary_large_image\" \/>\n<meta name=\"twitter:creator\" content=\"@univguyane\" \/>\n<meta name=\"twitter:site\" content=\"@univguyane\" \/>\n<meta name=\"twitter:label1\" content=\"Geschreven door\" \/>\n\t<meta name=\"twitter:data1\" content=\"Erick Loiti\u00e8re\" \/>\n\t<meta name=\"twitter:label2\" content=\"Geschatte leestijd\" \/>\n\t<meta name=\"twitter:data2\" content=\"3 minuten\" \/>\n<script type=\"application\/ld+json\" class=\"yoast-schema-graph\">{\"@context\":\"https:\\\/\\\/schema.org\",\"@graph\":[{\"@type\":\"Article\",\"@id\":\"https:\\\/\\\/www.univ-guyane.fr\\\/2023\\\/12\\\/15\\\/luniversite-de-guyane-renforce-ses-liens-scientifiques-avec-le-bresil\\\/#article\",\"isPartOf\":{\"@id\":\"https:\\\/\\\/www.univ-guyane.fr\\\/2023\\\/12\\\/15\\\/luniversite-de-guyane-renforce-ses-liens-scientifiques-avec-le-bresil\\\/\"},\"author\":{\"name\":\"Erick Loiti\u00e8re\",\"@id\":\"https:\\\/\\\/www.univ-guyane.fr\\\/#\\\/schema\\\/person\\\/86d946a28a8be51bb096ccfdf19db179\"},\"headline\":\"L\u2019Universit\u00e9 de Guyane renforce ses liens scientifiques avec le Br\u00e9sil\",\"datePublished\":\"2023-12-15T14:23:44+00:00\",\"dateModified\":\"2024-06-17T14:30:43+00:00\",\"mainEntityOfPage\":{\"@id\":\"https:\\\/\\\/www.univ-guyane.fr\\\/2023\\\/12\\\/15\\\/luniversite-de-guyane-renforce-ses-liens-scientifiques-avec-le-bresil\\\/\"},\"wordCount\":654,\"publisher\":{\"@id\":\"https:\\\/\\\/www.univ-guyane.fr\\\/#organization\"},\"image\":{\"@id\":\"https:\\\/\\\/www.univ-guyane.fr\\\/2023\\\/12\\\/15\\\/luniversite-de-guyane-renforce-ses-liens-scientifiques-avec-le-bresil\\\/#primaryimage\"},\"thumbnailUrl\":\"https:\\\/\\\/www.univ-guyane.fr\\\/wp-content\\\/uploads\\\/luniversite-de-guyane-renforce-ses-liens-scientifiques-avec-le-bresil-universite-de-guyane.jpeg\",\"articleSection\":[\"\u2022 International\"],\"inLanguage\":\"nl-NL\"},{\"@type\":\"WebPage\",\"@id\":\"https:\\\/\\\/www.univ-guyane.fr\\\/2023\\\/12\\\/15\\\/luniversite-de-guyane-renforce-ses-liens-scientifiques-avec-le-bresil\\\/\",\"url\":\"https:\\\/\\\/www.univ-guyane.fr\\\/2023\\\/12\\\/15\\\/luniversite-de-guyane-renforce-ses-liens-scientifiques-avec-le-bresil\\\/\",\"name\":\"L\u2019Universit\u00e9 de Guyane renforce ses liens scientifiques avec le Br\u00e9sil &#8212; Universit\u00e9 de Guyane\",\"isPartOf\":{\"@id\":\"https:\\\/\\\/www.univ-guyane.fr\\\/#website\"},\"primaryImageOfPage\":{\"@id\":\"https:\\\/\\\/www.univ-guyane.fr\\\/2023\\\/12\\\/15\\\/luniversite-de-guyane-renforce-ses-liens-scientifiques-avec-le-bresil\\\/#primaryimage\"},\"image\":{\"@id\":\"https:\\\/\\\/www.univ-guyane.fr\\\/2023\\\/12\\\/15\\\/luniversite-de-guyane-renforce-ses-liens-scientifiques-avec-le-bresil\\\/#primaryimage\"},\"thumbnailUrl\":\"https:\\\/\\\/www.univ-guyane.fr\\\/wp-content\\\/uploads\\\/luniversite-de-guyane-renforce-ses-liens-scientifiques-avec-le-bresil-universite-de-guyane.jpeg\",\"datePublished\":\"2023-12-15T14:23:44+00:00\",\"dateModified\":\"2024-06-17T14:30:43+00:00\",\"description\":\"L'Universit\u00e9 de Guyane \u00e9tablit des accords de partenariat scientifique avec les universit\u00e9s de Sao Paulo et Campinas. Une coop\u00e9ration fructueuse pour la recherche et l'innovation.\",\"breadcrumb\":{\"@id\":\"https:\\\/\\\/www.univ-guyane.fr\\\/2023\\\/12\\\/15\\\/luniversite-de-guyane-renforce-ses-liens-scientifiques-avec-le-bresil\\\/#breadcrumb\"},\"inLanguage\":\"nl-NL\",\"potentialAction\":[{\"@type\":\"ReadAction\",\"target\":[\"https:\\\/\\\/www.univ-guyane.fr\\\/2023\\\/12\\\/15\\\/luniversite-de-guyane-renforce-ses-liens-scientifiques-avec-le-bresil\\\/\"]}]},{\"@type\":\"ImageObject\",\"inLanguage\":\"nl-NL\",\"@id\":\"https:\\\/\\\/www.univ-guyane.fr\\\/2023\\\/12\\\/15\\\/luniversite-de-guyane-renforce-ses-liens-scientifiques-avec-le-bresil\\\/#primaryimage\",\"url\":\"https:\\\/\\\/www.univ-guyane.fr\\\/wp-content\\\/uploads\\\/luniversite-de-guyane-renforce-ses-liens-scientifiques-avec-le-bresil-universite-de-guyane.jpeg\",\"contentUrl\":\"https:\\\/\\\/www.univ-guyane.fr\\\/wp-content\\\/uploads\\\/luniversite-de-guyane-renforce-ses-liens-scientifiques-avec-le-bresil-universite-de-guyane.jpeg\",\"width\":1800,\"height\":1013,\"caption\":\"L\u2019Universit\u00e9 de Guyane renforce ses liens scientifiques avec le Br\u00e9sil\"},{\"@type\":\"BreadcrumbList\",\"@id\":\"https:\\\/\\\/www.univ-guyane.fr\\\/2023\\\/12\\\/15\\\/luniversite-de-guyane-renforce-ses-liens-scientifiques-avec-le-bresil\\\/#breadcrumb\",\"itemListElement\":[{\"@type\":\"ListItem\",\"position\":1,\"name\":\"Accueil\",\"item\":\"https:\\\/\\\/www.univ-guyane.fr\\\/\"},{\"@type\":\"ListItem\",\"position\":2,\"name\":\"L\u2019Universit\u00e9 de Guyane renforce ses liens scientifiques avec le Br\u00e9sil\"}]},{\"@type\":\"WebSite\",\"@id\":\"https:\\\/\\\/www.univ-guyane.fr\\\/#website\",\"url\":\"https:\\\/\\\/www.univ-guyane.fr\\\/\",\"name\":\"Universit\u00e9 de Guyane\",\"description\":\"Au c\u0153ur de l&#039;amazonie\",\"publisher\":{\"@id\":\"https:\\\/\\\/www.univ-guyane.fr\\\/#organization\"},\"alternateName\":\"UG\",\"potentialAction\":[{\"@type\":\"SearchAction\",\"target\":{\"@type\":\"EntryPoint\",\"urlTemplate\":\"https:\\\/\\\/www.univ-guyane.fr\\\/?s={search_term_string}\"},\"query-input\":{\"@type\":\"PropertyValueSpecification\",\"valueRequired\":true,\"valueName\":\"search_term_string\"}}],\"inLanguage\":\"nl-NL\"},{\"@type\":\"Organization\",\"@id\":\"https:\\\/\\\/www.univ-guyane.fr\\\/#organization\",\"name\":\"Universit\u00e9 de Guyane\",\"alternateName\":\"UG\",\"url\":\"https:\\\/\\\/www.univ-guyane.fr\\\/\",\"logo\":{\"@type\":\"ImageObject\",\"inLanguage\":\"nl-NL\",\"@id\":\"https:\\\/\\\/www.univ-guyane.fr\\\/#\\\/schema\\\/logo\\\/image\\\/\",\"url\":\"https:\\\/\\\/www.univ-guyane.fr\\\/wp-content\\\/uploads\\\/2024\\\/05\\\/f.png\",\"contentUrl\":\"https:\\\/\\\/www.univ-guyane.fr\\\/wp-content\\\/uploads\\\/2024\\\/05\\\/f.png\",\"width\":1024,\"height\":1024,\"caption\":\"Universit\u00e9 de Guyane\"},\"image\":{\"@id\":\"https:\\\/\\\/www.univ-guyane.fr\\\/#\\\/schema\\\/logo\\\/image\\\/\"},\"sameAs\":[\"https:\\\/\\\/www.facebook.com\\\/univguyane\",\"https:\\\/\\\/x.com\\\/univguyane\",\"https:\\\/\\\/gf.linkedin.com\\\/school\\\/universite-de-guyane\\\/\",\"https:\\\/\\\/www.instagram.com\\\/univ_guyane\\\/\"]},{\"@type\":\"Person\",\"@id\":\"https:\\\/\\\/www.univ-guyane.fr\\\/#\\\/schema\\\/person\\\/86d946a28a8be51bb096ccfdf19db179\",\"name\":\"Erick Loiti\u00e8re\",\"image\":{\"@type\":\"ImageObject\",\"inLanguage\":\"nl-NL\",\"@id\":\"https:\\\/\\\/secure.gravatar.com\\\/avatar\\\/0584f332103fbeaf37e52c73b15dca3c547fd9300deb05764e9ad8714839d072?s=96&d=robohash&r=g\",\"url\":\"https:\\\/\\\/secure.gravatar.com\\\/avatar\\\/0584f332103fbeaf37e52c73b15dca3c547fd9300deb05764e9ad8714839d072?s=96&d=robohash&r=g\",\"contentUrl\":\"https:\\\/\\\/secure.gravatar.com\\\/avatar\\\/0584f332103fbeaf37e52c73b15dca3c547fd9300deb05764e9ad8714839d072?s=96&d=robohash&r=g\",\"caption\":\"Erick Loiti\u00e8re\"},\"sameAs\":[\"http:\\\/\\\/www.univ-guyane.fr\"],\"url\":\"https:\\\/\\\/www.univ-guyane.fr\\\/nl\\\/author\\\/eloitierdbz\\\/\"}]}<\/script>\n<!-- \/ Yoast SEO plugin. -->","yoast_head_json":{"title":"L\u2019Universit\u00e9 de Guyane renforce ses liens scientifiques avec le Br\u00e9sil &#8212; Universit\u00e9 de Guyane","description":"L'Universit\u00e9 de Guyane \u00e9tablit des accords de partenariat scientifique avec les universit\u00e9s de Sao Paulo et Campinas. Une coop\u00e9ration fructueuse pour la recherche et l'innovation.","robots":{"index":"index","follow":"follow","max-snippet":"max-snippet:-1","max-image-preview":"max-image-preview:large","max-video-preview":"max-video-preview:-1"},"canonical":"https:\/\/www.univ-guyane.fr\/nl\/2023\/12\/15\/luniversite-de-guyane-renforce-ses-liens-scientifiques-avec-le-bresil\/","og_locale":"nl_NL","og_type":"article","og_title":"L\u2019Universit\u00e9 de Guyane renforce ses liens scientifiques avec le Br\u00e9sil &#8212; Universit\u00e9 de Guyane","og_description":"L'Universit\u00e9 de Guyane \u00e9tablit des accords de partenariat scientifique avec les universit\u00e9s de Sao Paulo et Campinas. Une coop\u00e9ration fructueuse pour la recherche et l'innovation.","og_url":"https:\/\/www.univ-guyane.fr\/nl\/2023\/12\/15\/luniversite-de-guyane-renforce-ses-liens-scientifiques-avec-le-bresil\/","og_site_name":"Universit\u00e9 de Guyane","article_publisher":"https:\/\/www.facebook.com\/univguyane","article_published_time":"2023-12-15T14:23:44+00:00","article_modified_time":"2024-06-17T14:30:43+00:00","og_image":[{"width":1800,"height":1013,"url":"https:\/\/www.univ-guyane.fr\/wp-content\/uploads\/luniversite-de-guyane-renforce-ses-liens-scientifiques-avec-le-bresil-universite-de-guyane.jpeg","type":"image\/jpeg"}],"author":"Erick Loiti\u00e8re","twitter_card":"summary_large_image","twitter_creator":"@univguyane","twitter_site":"@univguyane","twitter_misc":{"Geschreven door":"Erick Loiti\u00e8re","Geschatte leestijd":"3 minuten"},"schema":{"@context":"https:\/\/schema.org","@graph":[{"@type":"Article","@id":"https:\/\/www.univ-guyane.fr\/2023\/12\/15\/luniversite-de-guyane-renforce-ses-liens-scientifiques-avec-le-bresil\/#article","isPartOf":{"@id":"https:\/\/www.univ-guyane.fr\/2023\/12\/15\/luniversite-de-guyane-renforce-ses-liens-scientifiques-avec-le-bresil\/"},"author":{"name":"Erick Loiti\u00e8re","@id":"https:\/\/www.univ-guyane.fr\/#\/schema\/person\/86d946a28a8be51bb096ccfdf19db179"},"headline":"L\u2019Universit\u00e9 de Guyane renforce ses liens scientifiques avec le Br\u00e9sil","datePublished":"2023-12-15T14:23:44+00:00","dateModified":"2024-06-17T14:30:43+00:00","mainEntityOfPage":{"@id":"https:\/\/www.univ-guyane.fr\/2023\/12\/15\/luniversite-de-guyane-renforce-ses-liens-scientifiques-avec-le-bresil\/"},"wordCount":654,"publisher":{"@id":"https:\/\/www.univ-guyane.fr\/#organization"},"image":{"@id":"https:\/\/www.univ-guyane.fr\/2023\/12\/15\/luniversite-de-guyane-renforce-ses-liens-scientifiques-avec-le-bresil\/#primaryimage"},"thumbnailUrl":"https:\/\/www.univ-guyane.fr\/wp-content\/uploads\/luniversite-de-guyane-renforce-ses-liens-scientifiques-avec-le-bresil-universite-de-guyane.jpeg","articleSection":["\u2022 International"],"inLanguage":"nl-NL"},{"@type":"WebPage","@id":"https:\/\/www.univ-guyane.fr\/2023\/12\/15\/luniversite-de-guyane-renforce-ses-liens-scientifiques-avec-le-bresil\/","url":"https:\/\/www.univ-guyane.fr\/2023\/12\/15\/luniversite-de-guyane-renforce-ses-liens-scientifiques-avec-le-bresil\/","name":"L\u2019Universit\u00e9 de Guyane renforce ses liens scientifiques avec le Br\u00e9sil &#8212; Universit\u00e9 de Guyane","isPartOf":{"@id":"https:\/\/www.univ-guyane.fr\/#website"},"primaryImageOfPage":{"@id":"https:\/\/www.univ-guyane.fr\/2023\/12\/15\/luniversite-de-guyane-renforce-ses-liens-scientifiques-avec-le-bresil\/#primaryimage"},"image":{"@id":"https:\/\/www.univ-guyane.fr\/2023\/12\/15\/luniversite-de-guyane-renforce-ses-liens-scientifiques-avec-le-bresil\/#primaryimage"},"thumbnailUrl":"https:\/\/www.univ-guyane.fr\/wp-content\/uploads\/luniversite-de-guyane-renforce-ses-liens-scientifiques-avec-le-bresil-universite-de-guyane.jpeg","datePublished":"2023-12-15T14:23:44+00:00","dateModified":"2024-06-17T14:30:43+00:00","description":"L'Universit\u00e9 de Guyane \u00e9tablit des accords de partenariat scientifique avec les universit\u00e9s de Sao Paulo et Campinas. Une coop\u00e9ration fructueuse pour la recherche et l'innovation.","breadcrumb":{"@id":"https:\/\/www.univ-guyane.fr\/2023\/12\/15\/luniversite-de-guyane-renforce-ses-liens-scientifiques-avec-le-bresil\/#breadcrumb"},"inLanguage":"nl-NL","potentialAction":[{"@type":"ReadAction","target":["https:\/\/www.univ-guyane.fr\/2023\/12\/15\/luniversite-de-guyane-renforce-ses-liens-scientifiques-avec-le-bresil\/"]}]},{"@type":"ImageObject","inLanguage":"nl-NL","@id":"https:\/\/www.univ-guyane.fr\/2023\/12\/15\/luniversite-de-guyane-renforce-ses-liens-scientifiques-avec-le-bresil\/#primaryimage","url":"https:\/\/www.univ-guyane.fr\/wp-content\/uploads\/luniversite-de-guyane-renforce-ses-liens-scientifiques-avec-le-bresil-universite-de-guyane.jpeg","contentUrl":"https:\/\/www.univ-guyane.fr\/wp-content\/uploads\/luniversite-de-guyane-renforce-ses-liens-scientifiques-avec-le-bresil-universite-de-guyane.jpeg","width":1800,"height":1013,"caption":"L\u2019Universit\u00e9 de Guyane renforce ses liens scientifiques avec le Br\u00e9sil"},{"@type":"BreadcrumbList","@id":"https:\/\/www.univ-guyane.fr\/2023\/12\/15\/luniversite-de-guyane-renforce-ses-liens-scientifiques-avec-le-bresil\/#breadcrumb","itemListElement":[{"@type":"ListItem","position":1,"name":"Accueil","item":"https:\/\/www.univ-guyane.fr\/"},{"@type":"ListItem","position":2,"name":"L\u2019Universit\u00e9 de Guyane renforce ses liens scientifiques avec le Br\u00e9sil"}]},{"@type":"WebSite","@id":"https:\/\/www.univ-guyane.fr\/#website","url":"https:\/\/www.univ-guyane.fr\/","name":"Universiteit van Guyana","description":"In het hart van Amazonia","publisher":{"@id":"https:\/\/www.univ-guyane.fr\/#organization"},"alternateName":"UG","potentialAction":[{"@type":"SearchAction","target":{"@type":"EntryPoint","urlTemplate":"https:\/\/www.univ-guyane.fr\/?s={search_term_string}"},"query-input":{"@type":"PropertyValueSpecification","valueRequired":true,"valueName":"search_term_string"}}],"inLanguage":"nl-NL"},{"@type":"Organization","@id":"https:\/\/www.univ-guyane.fr\/#organization","name":"Universiteit van Guyana","alternateName":"UG","url":"https:\/\/www.univ-guyane.fr\/","logo":{"@type":"ImageObject","inLanguage":"nl-NL","@id":"https:\/\/www.univ-guyane.fr\/#\/schema\/logo\/image\/","url":"https:\/\/www.univ-guyane.fr\/wp-content\/uploads\/2024\/05\/f.png","contentUrl":"https:\/\/www.univ-guyane.fr\/wp-content\/uploads\/2024\/05\/f.png","width":1024,"height":1024,"caption":"Universit\u00e9 de Guyane"},"image":{"@id":"https:\/\/www.univ-guyane.fr\/#\/schema\/logo\/image\/"},"sameAs":["https:\/\/www.facebook.com\/univguyane","https:\/\/x.com\/univguyane","https:\/\/gf.linkedin.com\/school\/universite-de-guyane\/","https:\/\/www.instagram.com\/univ_guyane\/"]},{"@type":"Person","@id":"https:\/\/www.univ-guyane.fr\/#\/schema\/person\/86d946a28a8be51bb096ccfdf19db179","name":"Erick Loiti\u00e8re","image":{"@type":"ImageObject","inLanguage":"nl-NL","@id":"https:\/\/secure.gravatar.com\/avatar\/0584f332103fbeaf37e52c73b15dca3c547fd9300deb05764e9ad8714839d072?s=96&d=robohash&r=g","url":"https:\/\/secure.gravatar.com\/avatar\/0584f332103fbeaf37e52c73b15dca3c547fd9300deb05764e9ad8714839d072?s=96&d=robohash&r=g","contentUrl":"https:\/\/secure.gravatar.com\/avatar\/0584f332103fbeaf37e52c73b15dca3c547fd9300deb05764e9ad8714839d072?s=96&d=robohash&r=g","caption":"Erick Loiti\u00e8re"},"sameAs":["http:\/\/www.univ-guyane.fr"],"url":"https:\/\/www.univ-guyane.fr\/nl\/author\/eloitierdbz\/"}]}},"_links":{"self":[{"href":"https:\/\/www.univ-guyane.fr\/nl\/wp-json\/wp\/v2\/posts\/8354","targetHints":{"allow":["GET"]}}],"collection":[{"href":"https:\/\/www.univ-guyane.fr\/nl\/wp-json\/wp\/v2\/posts"}],"about":[{"href":"https:\/\/www.univ-guyane.fr\/nl\/wp-json\/wp\/v2\/types\/post"}],"author":[{"embeddable":true,"href":"https:\/\/www.univ-guyane.fr\/nl\/wp-json\/wp\/v2\/users\/1"}],"replies":[{"embeddable":true,"href":"https:\/\/www.univ-guyane.fr\/nl\/wp-json\/wp\/v2\/comments?post=8354"}],"version-history":[{"count":1,"href":"https:\/\/www.univ-guyane.fr\/nl\/wp-json\/wp\/v2\/posts\/8354\/revisions"}],"predecessor-version":[{"id":8356,"href":"https:\/\/www.univ-guyane.fr\/nl\/wp-json\/wp\/v2\/posts\/8354\/revisions\/8356"}],"wp:featuredmedia":[{"embeddable":true,"href":"https:\/\/www.univ-guyane.fr\/nl\/wp-json\/wp\/v2\/media\/8357"}],"wp:attachment":[{"href":"https:\/\/www.univ-guyane.fr\/nl\/wp-json\/wp\/v2\/media?parent=8354"}],"wp:term":[{"taxonomy":"category","embeddable":true,"href":"https:\/\/www.univ-guyane.fr\/nl\/wp-json\/wp\/v2\/categories?post=8354"},{"taxonomy":"post_tag","embeddable":true,"href":"https:\/\/www.univ-guyane.fr\/nl\/wp-json\/wp\/v2\/tags?post=8354"}],"curies":[{"name":"wp","href":"https:\/\/api.w.org\/{rel}","templated":true}]}}