{"id":8403,"date":"2023-12-01T13:58:13","date_gmt":"2023-12-01T16:58:13","guid":{"rendered":"https:\/\/www.univ-guyane.fr\/?p=8403"},"modified":"2024-06-17T14:04:27","modified_gmt":"2024-06-17T17:04:27","slug":"la-lutte-des-migrants-pour-la-liberte-de-circulation-le-cas-de-la-frontiere-franco-italienne-et-de-la-ville-frontaliere-de-vintimille","status":"publish","type":"post","link":"https:\/\/www.univ-guyane.fr\/nl\/2023\/12\/01\/la-lutte-des-migrants-pour-la-liberte-de-circulation-le-cas-de-la-frontiere-franco-italienne-et-de-la-ville-frontaliere-de-vintimille\/","title":{"rendered":"De strijd van migranten voor vrij verkeer: het geval van de Frans-Italiaanse grens en de grensstad Ventimiglia"},"content":{"rendered":"<div id=\"fws_69f3970268e2b\"  data-column-margin=\"default\" data-midnight=\"dark\"  class=\"wpb_row vc_row-fluid vc_row\"  style=\"padding-top: 0px; padding-bottom: 0px; \"><div class=\"row-bg-wrap\" data-bg-animation=\"none\" data-bg-animation-delay=\"\" data-bg-overlay=\"false\"><div class=\"inner-wrap row-bg-layer\" ><div class=\"row-bg viewport-desktop\"  style=\"\"><\/div><\/div><\/div><div class=\"row_col_wrap_12 col span_12 dark left\">\n\t<div  class=\"vc_col-sm-12 wpb_column column_container vc_column_container col no-extra-padding inherit_tablet inherit_phone\"  data-padding-pos=\"all\" data-has-bg-color=\"false\" data-bg-color=\"\" data-bg-opacity=\"1\" data-animation=\"\" data-delay=\"0\" >\n\t\t<div class=\"vc_column-inner\" >\n\t\t\t<div class=\"wpb_wrapper\">\n\t\t\t\t\n<div class=\"wpb_text_column wpb_content_element  chapo\" >\n\t<h2>In het kader van het seminar \"Grenzen, circulatie, interculturaliteit en interactie tussen mens en omgeving\" organiseren de laboratoria LEEISA en MINEA, in samenwerking met de DFR LSH, een conferentie getiteld \"De strijd van migranten voor vrij verkeer: de casus van de Frans-Italiaanse grens en de grensstad Ventimiglia\", op vrijdag 8 december 2023 van 16.00 tot 20.00 uur in F 108.<\/h2>\n<\/div>\n\n\n\n\n<div class=\"wpb_text_column wpb_content_element\" >\n\t<div class=\"wpb_text_column wpb_content_element\">\n<div class=\"wpb_wrapper\">\n<div id=\"lipsum\">\n<span class=\"nectar-dropcap\" >C <\/span>Deze paper wil de strijd beschrijven tussen de autonome sociale migratiebeweging en het Europese en nationale mobiliteitsregime in de context van de zogenaamde \"binnengrenzen van het Schengengebied van vrij verkeer\".<\/p>\n<p>De herinvoering door Frankrijk van controles langs de landsgrens met Itali\u00eb moet worden beoordeeld in de bredere Europese context van de 'crisis' die is veroorzaakt door de omvang van de migratie in de afgelopen jaren. Sinds 2015 zijn de praktijken van het controleren en terugsturen van ongeoorloofde verplaatsingen in grensoverschrijdende treinen en bussen, op provinciale wegen, bij tolwegen en zelfs op bergpaden werkelijkheid geworden ten nadele van racistische personen. Dit heeft niet geleid tot een stopzetting van de migratiestromen, omdat mensen er nog steeds doorheen komen, maar het heeft de menselijke kosten van het reizen verhoogd in termen van doden, gewonden, vermoeidheid en lijden. In dit opzicht hebben de zelforganisatiepraktijken van migranten, de sociale infrastructuren van Europese solidariteit en de niet-menselijke omgeving een sleutelrol gespeeld in het mogelijk maken van ongeoorloofde verplaatsingen.<\/p>\n<p>Ventimiglia ligt aan de Ligurische kust, op slechts 6 km van de Frans-Italiaanse grens. Deze stad met 20.000 inwoners ligt in het hart van een historisch poreus grensgebied en heeft een lange traditie van handel, douane en smokkelactiviteiten. De herinvoering van grenscontroles in 2015 veranderde het sociale landschap van de plaats radicaal zoals het was geworden na de liberalisering van het verkeer onder het Schengenakkoord. De stad is zowel een informele wachtruimte en informatieknooppunt geworden voor mensen die onderweg zijn, als een locatie voor het beheer, de discriminatie en de repressie van de migrantenbevolking.<\/p>\n<p>De Ligurische Ponente, vervormd door de gevoeligheid van de schrijver uit San Biagio della Cima, met zijn ontelbare kleine grensverhalen, verschijnt als de absolute hoofdpersoon van het verhaal en de grensentiteit kenmerkt het op beslissende wijze. De relatie tussen het schrijven van Biamonti en de grens is intiem en intens, en de lezer kan er inspiratie uit putten om na te denken over thema's die de auteur na aan het hart liggen: in de eerste plaats, de oude <em>pietas<\/em> midden in de storm van de geschiedenis.<\/p>\n<\/div>\n<\/div>\n<\/div>\n<div class=\"wpb_text_column wpb_content_element vc_custom_1701429426851\">\n<div class=\"wpb_wrapper\">\n<p><strong>Over de spreker<\/strong><br \/>\nIvan Bonnin is kritisch socioloog en momenteel postdoctoraal onderzoeker aan de Universiteit van Genua. Zijn onderzoeksinteresses vari\u00ebren van grensstudies tot raciaal kapitalisme in Europa en het Middellandse Zeegebied, van sociale theorie tot internationale betrekkingen 'van onderaf'. Sinds 2015 heeft Ivan veel gewerkt in het grensgebied van Ventimiglia, waar hij verschillende etnografische analyses heeft uitgevoerd. Als socioloog en activist gelooft hij in de transformatieve energie van solidariteit en steunt hij radicale democratische praktijken.<\/p>\n<\/div>\n<\/div>\n<\/div>\n\n\n\n\n\t\t\t<\/div> \n\t\t<\/div>\n\t<\/div> \n<\/div><\/div>","protected":false},"excerpt":{"rendered":"Als onderdeel van het seminar \"Grenzen, Circulatie, Interculturaliteit en Mens-Milieu Interactie\",...","protected":false},"author":1,"featured_media":8404,"comment_status":"closed","ping_status":"open","sticky":false,"template":"","format":"standard","meta":{"iawp_total_views":38,"footnotes":""},"categories":[192,187],"tags":[],"class_list":{"0":"post-8403","1":"post","2":"type-post","3":"status-publish","4":"format-standard","5":"has-post-thumbnail","7":"category-leeisa","8":"category-minea"},"yoast_head":"<!-- This site is optimized with the Yoast SEO plugin v27.5 - https:\/\/yoast.com\/product\/yoast-seo-wordpress\/ -->\n<title>La lutte des migrants pour la libert\u00e9 de circulation : le cas de la fronti\u00e8re franco-italienne et de la ville frontali\u00e8re de Vintimille &#8212; Universit\u00e9 de Guyane<\/title>\n<meta name=\"description\" content=\"D\u00e9couvrez la lutte des migrants pour la libert\u00e9 de circuler en Europe. Une analyse du mouvement social autonome face aux fronti\u00e8res int\u00e9rieures de l&#039;espace Schengen.\" \/>\n<meta name=\"robots\" content=\"index, follow, max-snippet:-1, max-image-preview:large, max-video-preview:-1\" \/>\n<link rel=\"canonical\" href=\"https:\/\/www.univ-guyane.fr\/nl\/2023\/12\/01\/la-lutte-des-migrants-pour-la-liberte-de-circulation-le-cas-de-la-frontiere-franco-italienne-et-de-la-ville-frontaliere-de-vintimille\/\" \/>\n<meta property=\"og:locale\" content=\"nl_NL\" \/>\n<meta property=\"og:type\" content=\"article\" \/>\n<meta property=\"og:title\" content=\"La lutte des migrants pour la libert\u00e9 de circulation : le cas de la fronti\u00e8re franco-italienne et de la ville frontali\u00e8re de Vintimille &#8212; Universit\u00e9 de Guyane\" \/>\n<meta property=\"og:description\" content=\"D\u00e9couvrez la lutte des migrants pour la libert\u00e9 de circuler en Europe. Une analyse du mouvement social autonome face aux fronti\u00e8res int\u00e9rieures de l&#039;espace Schengen.\" \/>\n<meta property=\"og:url\" content=\"https:\/\/www.univ-guyane.fr\/nl\/2023\/12\/01\/la-lutte-des-migrants-pour-la-liberte-de-circulation-le-cas-de-la-frontiere-franco-italienne-et-de-la-ville-frontaliere-de-vintimille\/\" \/>\n<meta property=\"og:site_name\" content=\"Universit\u00e9 de Guyane\" \/>\n<meta property=\"article:publisher\" content=\"https:\/\/www.facebook.com\/univguyane\" \/>\n<meta property=\"article:published_time\" content=\"2023-12-01T16:58:13+00:00\" \/>\n<meta property=\"article:modified_time\" content=\"2024-06-17T17:04:27+00:00\" \/>\n<meta property=\"og:image\" content=\"https:\/\/www.univ-guyane.fr\/wp-content\/uploads\/la-lutte-des-migrants-pour-la-liberte-de-circulation-universite-de-guyane.jpeg\" \/>\n\t<meta property=\"og:image:width\" content=\"1800\" \/>\n\t<meta property=\"og:image:height\" content=\"1013\" \/>\n\t<meta property=\"og:image:type\" content=\"image\/jpeg\" \/>\n<meta name=\"author\" content=\"Erick Loiti\u00e8re\" \/>\n<meta name=\"twitter:card\" content=\"summary_large_image\" \/>\n<meta name=\"twitter:creator\" content=\"@univguyane\" \/>\n<meta name=\"twitter:site\" content=\"@univguyane\" \/>\n<meta name=\"twitter:label1\" content=\"Geschreven door\" \/>\n\t<meta name=\"twitter:data1\" content=\"Erick Loiti\u00e8re\" \/>\n\t<meta name=\"twitter:label2\" content=\"Geschatte leestijd\" \/>\n\t<meta name=\"twitter:data2\" content=\"4 minuten\" \/>\n<script type=\"application\/ld+json\" class=\"yoast-schema-graph\">{\"@context\":\"https:\\\/\\\/schema.org\",\"@graph\":[{\"@type\":\"Article\",\"@id\":\"https:\\\/\\\/www.univ-guyane.fr\\\/2023\\\/12\\\/01\\\/la-lutte-des-migrants-pour-la-liberte-de-circulation-le-cas-de-la-frontiere-franco-italienne-et-de-la-ville-frontaliere-de-vintimille\\\/#article\",\"isPartOf\":{\"@id\":\"https:\\\/\\\/www.univ-guyane.fr\\\/2023\\\/12\\\/01\\\/la-lutte-des-migrants-pour-la-liberte-de-circulation-le-cas-de-la-frontiere-franco-italienne-et-de-la-ville-frontaliere-de-vintimille\\\/\"},\"author\":{\"name\":\"Erick Loiti\u00e8re\",\"@id\":\"https:\\\/\\\/www.univ-guyane.fr\\\/#\\\/schema\\\/person\\\/86d946a28a8be51bb096ccfdf19db179\"},\"headline\":\"La lutte des migrants pour la libert\u00e9 de circulation : le cas de la fronti\u00e8re franco-italienne et de la ville frontali\u00e8re de Vintimille\",\"datePublished\":\"2023-12-01T16:58:13+00:00\",\"dateModified\":\"2024-06-17T17:04:27+00:00\",\"mainEntityOfPage\":{\"@id\":\"https:\\\/\\\/www.univ-guyane.fr\\\/2023\\\/12\\\/01\\\/la-lutte-des-migrants-pour-la-liberte-de-circulation-le-cas-de-la-frontiere-franco-italienne-et-de-la-ville-frontaliere-de-vintimille\\\/\"},\"wordCount\":803,\"publisher\":{\"@id\":\"https:\\\/\\\/www.univ-guyane.fr\\\/#organization\"},\"image\":{\"@id\":\"https:\\\/\\\/www.univ-guyane.fr\\\/2023\\\/12\\\/01\\\/la-lutte-des-migrants-pour-la-liberte-de-circulation-le-cas-de-la-frontiere-franco-italienne-et-de-la-ville-frontaliere-de-vintimille\\\/#primaryimage\"},\"thumbnailUrl\":\"https:\\\/\\\/www.univ-guyane.fr\\\/wp-content\\\/uploads\\\/la-lutte-des-migrants-pour-la-liberte-de-circulation-universite-de-guyane.jpeg\",\"articleSection\":[\"\u2022 LEEISA\",\"\u2022\u00a0MINEA\"],\"inLanguage\":\"nl-NL\"},{\"@type\":\"WebPage\",\"@id\":\"https:\\\/\\\/www.univ-guyane.fr\\\/2023\\\/12\\\/01\\\/la-lutte-des-migrants-pour-la-liberte-de-circulation-le-cas-de-la-frontiere-franco-italienne-et-de-la-ville-frontaliere-de-vintimille\\\/\",\"url\":\"https:\\\/\\\/www.univ-guyane.fr\\\/2023\\\/12\\\/01\\\/la-lutte-des-migrants-pour-la-liberte-de-circulation-le-cas-de-la-frontiere-franco-italienne-et-de-la-ville-frontaliere-de-vintimille\\\/\",\"name\":\"La lutte des migrants pour la libert\u00e9 de circulation : le cas de la fronti\u00e8re franco-italienne et de la ville frontali\u00e8re de Vintimille &#8212; Universit\u00e9 de Guyane\",\"isPartOf\":{\"@id\":\"https:\\\/\\\/www.univ-guyane.fr\\\/#website\"},\"primaryImageOfPage\":{\"@id\":\"https:\\\/\\\/www.univ-guyane.fr\\\/2023\\\/12\\\/01\\\/la-lutte-des-migrants-pour-la-liberte-de-circulation-le-cas-de-la-frontiere-franco-italienne-et-de-la-ville-frontaliere-de-vintimille\\\/#primaryimage\"},\"image\":{\"@id\":\"https:\\\/\\\/www.univ-guyane.fr\\\/2023\\\/12\\\/01\\\/la-lutte-des-migrants-pour-la-liberte-de-circulation-le-cas-de-la-frontiere-franco-italienne-et-de-la-ville-frontaliere-de-vintimille\\\/#primaryimage\"},\"thumbnailUrl\":\"https:\\\/\\\/www.univ-guyane.fr\\\/wp-content\\\/uploads\\\/la-lutte-des-migrants-pour-la-liberte-de-circulation-universite-de-guyane.jpeg\",\"datePublished\":\"2023-12-01T16:58:13+00:00\",\"dateModified\":\"2024-06-17T17:04:27+00:00\",\"description\":\"D\u00e9couvrez la lutte des migrants pour la libert\u00e9 de circuler en Europe. Une analyse du mouvement social autonome face aux fronti\u00e8res int\u00e9rieures de l'espace Schengen.\",\"breadcrumb\":{\"@id\":\"https:\\\/\\\/www.univ-guyane.fr\\\/2023\\\/12\\\/01\\\/la-lutte-des-migrants-pour-la-liberte-de-circulation-le-cas-de-la-frontiere-franco-italienne-et-de-la-ville-frontaliere-de-vintimille\\\/#breadcrumb\"},\"inLanguage\":\"nl-NL\",\"potentialAction\":[{\"@type\":\"ReadAction\",\"target\":[\"https:\\\/\\\/www.univ-guyane.fr\\\/2023\\\/12\\\/01\\\/la-lutte-des-migrants-pour-la-liberte-de-circulation-le-cas-de-la-frontiere-franco-italienne-et-de-la-ville-frontaliere-de-vintimille\\\/\"]}]},{\"@type\":\"ImageObject\",\"inLanguage\":\"nl-NL\",\"@id\":\"https:\\\/\\\/www.univ-guyane.fr\\\/2023\\\/12\\\/01\\\/la-lutte-des-migrants-pour-la-liberte-de-circulation-le-cas-de-la-frontiere-franco-italienne-et-de-la-ville-frontaliere-de-vintimille\\\/#primaryimage\",\"url\":\"https:\\\/\\\/www.univ-guyane.fr\\\/wp-content\\\/uploads\\\/la-lutte-des-migrants-pour-la-liberte-de-circulation-universite-de-guyane.jpeg\",\"contentUrl\":\"https:\\\/\\\/www.univ-guyane.fr\\\/wp-content\\\/uploads\\\/la-lutte-des-migrants-pour-la-liberte-de-circulation-universite-de-guyane.jpeg\",\"width\":1800,\"height\":1013,\"caption\":\"La lutte des migrants pour la libert\u00e9 de circulation : le cas de la fronti\u00e8re franco-italienne et de la ville frontali\u00e8re de Vintimille\"},{\"@type\":\"BreadcrumbList\",\"@id\":\"https:\\\/\\\/www.univ-guyane.fr\\\/2023\\\/12\\\/01\\\/la-lutte-des-migrants-pour-la-liberte-de-circulation-le-cas-de-la-frontiere-franco-italienne-et-de-la-ville-frontaliere-de-vintimille\\\/#breadcrumb\",\"itemListElement\":[{\"@type\":\"ListItem\",\"position\":1,\"name\":\"Accueil\",\"item\":\"https:\\\/\\\/www.univ-guyane.fr\\\/\"},{\"@type\":\"ListItem\",\"position\":2,\"name\":\"La lutte des migrants pour la libert\u00e9 de circulation : le cas de la fronti\u00e8re franco-italienne et de la ville frontali\u00e8re de Vintimille\"}]},{\"@type\":\"WebSite\",\"@id\":\"https:\\\/\\\/www.univ-guyane.fr\\\/#website\",\"url\":\"https:\\\/\\\/www.univ-guyane.fr\\\/\",\"name\":\"Universit\u00e9 de Guyane\",\"description\":\"Au c\u0153ur de l&#039;amazonie\",\"publisher\":{\"@id\":\"https:\\\/\\\/www.univ-guyane.fr\\\/#organization\"},\"alternateName\":\"UG\",\"potentialAction\":[{\"@type\":\"SearchAction\",\"target\":{\"@type\":\"EntryPoint\",\"urlTemplate\":\"https:\\\/\\\/www.univ-guyane.fr\\\/?s={search_term_string}\"},\"query-input\":{\"@type\":\"PropertyValueSpecification\",\"valueRequired\":true,\"valueName\":\"search_term_string\"}}],\"inLanguage\":\"nl-NL\"},{\"@type\":\"Organization\",\"@id\":\"https:\\\/\\\/www.univ-guyane.fr\\\/#organization\",\"name\":\"Universit\u00e9 de Guyane\",\"alternateName\":\"UG\",\"url\":\"https:\\\/\\\/www.univ-guyane.fr\\\/\",\"logo\":{\"@type\":\"ImageObject\",\"inLanguage\":\"nl-NL\",\"@id\":\"https:\\\/\\\/www.univ-guyane.fr\\\/#\\\/schema\\\/logo\\\/image\\\/\",\"url\":\"https:\\\/\\\/www.univ-guyane.fr\\\/wp-content\\\/uploads\\\/2024\\\/05\\\/f.png\",\"contentUrl\":\"https:\\\/\\\/www.univ-guyane.fr\\\/wp-content\\\/uploads\\\/2024\\\/05\\\/f.png\",\"width\":1024,\"height\":1024,\"caption\":\"Universit\u00e9 de Guyane\"},\"image\":{\"@id\":\"https:\\\/\\\/www.univ-guyane.fr\\\/#\\\/schema\\\/logo\\\/image\\\/\"},\"sameAs\":[\"https:\\\/\\\/www.facebook.com\\\/univguyane\",\"https:\\\/\\\/x.com\\\/univguyane\",\"https:\\\/\\\/gf.linkedin.com\\\/school\\\/universite-de-guyane\\\/\",\"https:\\\/\\\/www.instagram.com\\\/univ_guyane\\\/\"]},{\"@type\":\"Person\",\"@id\":\"https:\\\/\\\/www.univ-guyane.fr\\\/#\\\/schema\\\/person\\\/86d946a28a8be51bb096ccfdf19db179\",\"name\":\"Erick Loiti\u00e8re\",\"image\":{\"@type\":\"ImageObject\",\"inLanguage\":\"nl-NL\",\"@id\":\"https:\\\/\\\/secure.gravatar.com\\\/avatar\\\/0584f332103fbeaf37e52c73b15dca3c547fd9300deb05764e9ad8714839d072?s=96&d=robohash&r=g\",\"url\":\"https:\\\/\\\/secure.gravatar.com\\\/avatar\\\/0584f332103fbeaf37e52c73b15dca3c547fd9300deb05764e9ad8714839d072?s=96&d=robohash&r=g\",\"contentUrl\":\"https:\\\/\\\/secure.gravatar.com\\\/avatar\\\/0584f332103fbeaf37e52c73b15dca3c547fd9300deb05764e9ad8714839d072?s=96&d=robohash&r=g\",\"caption\":\"Erick Loiti\u00e8re\"},\"sameAs\":[\"http:\\\/\\\/www.univ-guyane.fr\"],\"url\":\"https:\\\/\\\/www.univ-guyane.fr\\\/nl\\\/author\\\/eloitierdbz\\\/\"}]}<\/script>\n<!-- \/ Yoast SEO plugin. -->","yoast_head_json":{"title":"De strijd van migranten voor vrij verkeer: het geval van de Frans-Italiaanse grens en de grensstad Ventimiglia - Universit\u00e9 de Guyane","description":"Lees meer over de strijd van migranten voor vrij verkeer in Europa. Een analyse van de autonome sociale beweging tegen de binnengrenzen van het Schengengebied.","robots":{"index":"index","follow":"follow","max-snippet":"max-snippet:-1","max-image-preview":"max-image-preview:large","max-video-preview":"max-video-preview:-1"},"canonical":"https:\/\/www.univ-guyane.fr\/nl\/2023\/12\/01\/la-lutte-des-migrants-pour-la-liberte-de-circulation-le-cas-de-la-frontiere-franco-italienne-et-de-la-ville-frontaliere-de-vintimille\/","og_locale":"nl_NL","og_type":"article","og_title":"La lutte des migrants pour la libert\u00e9 de circulation : le cas de la fronti\u00e8re franco-italienne et de la ville frontali\u00e8re de Vintimille &#8212; Universit\u00e9 de Guyane","og_description":"D\u00e9couvrez la lutte des migrants pour la libert\u00e9 de circuler en Europe. Une analyse du mouvement social autonome face aux fronti\u00e8res int\u00e9rieures de l'espace Schengen.","og_url":"https:\/\/www.univ-guyane.fr\/nl\/2023\/12\/01\/la-lutte-des-migrants-pour-la-liberte-de-circulation-le-cas-de-la-frontiere-franco-italienne-et-de-la-ville-frontaliere-de-vintimille\/","og_site_name":"Universit\u00e9 de Guyane","article_publisher":"https:\/\/www.facebook.com\/univguyane","article_published_time":"2023-12-01T16:58:13+00:00","article_modified_time":"2024-06-17T17:04:27+00:00","og_image":[{"width":1800,"height":1013,"url":"https:\/\/www.univ-guyane.fr\/wp-content\/uploads\/la-lutte-des-migrants-pour-la-liberte-de-circulation-universite-de-guyane.jpeg","type":"image\/jpeg"}],"author":"Erick Loiti\u00e8re","twitter_card":"summary_large_image","twitter_creator":"@univguyane","twitter_site":"@univguyane","twitter_misc":{"Geschreven door":"Erick Loiti\u00e8re","Geschatte leestijd":"4 minuten"},"schema":{"@context":"https:\/\/schema.org","@graph":[{"@type":"Article","@id":"https:\/\/www.univ-guyane.fr\/2023\/12\/01\/la-lutte-des-migrants-pour-la-liberte-de-circulation-le-cas-de-la-frontiere-franco-italienne-et-de-la-ville-frontaliere-de-vintimille\/#article","isPartOf":{"@id":"https:\/\/www.univ-guyane.fr\/2023\/12\/01\/la-lutte-des-migrants-pour-la-liberte-de-circulation-le-cas-de-la-frontiere-franco-italienne-et-de-la-ville-frontaliere-de-vintimille\/"},"author":{"name":"Erick Loiti\u00e8re","@id":"https:\/\/www.univ-guyane.fr\/#\/schema\/person\/86d946a28a8be51bb096ccfdf19db179"},"headline":"La lutte des migrants pour la libert\u00e9 de circulation : le cas de la fronti\u00e8re franco-italienne et de la ville frontali\u00e8re de Vintimille","datePublished":"2023-12-01T16:58:13+00:00","dateModified":"2024-06-17T17:04:27+00:00","mainEntityOfPage":{"@id":"https:\/\/www.univ-guyane.fr\/2023\/12\/01\/la-lutte-des-migrants-pour-la-liberte-de-circulation-le-cas-de-la-frontiere-franco-italienne-et-de-la-ville-frontaliere-de-vintimille\/"},"wordCount":803,"publisher":{"@id":"https:\/\/www.univ-guyane.fr\/#organization"},"image":{"@id":"https:\/\/www.univ-guyane.fr\/2023\/12\/01\/la-lutte-des-migrants-pour-la-liberte-de-circulation-le-cas-de-la-frontiere-franco-italienne-et-de-la-ville-frontaliere-de-vintimille\/#primaryimage"},"thumbnailUrl":"https:\/\/www.univ-guyane.fr\/wp-content\/uploads\/la-lutte-des-migrants-pour-la-liberte-de-circulation-universite-de-guyane.jpeg","articleSection":["\u2022 LEEISA","\u2022\u00a0MINEA"],"inLanguage":"nl-NL"},{"@type":"WebPage","@id":"https:\/\/www.univ-guyane.fr\/2023\/12\/01\/la-lutte-des-migrants-pour-la-liberte-de-circulation-le-cas-de-la-frontiere-franco-italienne-et-de-la-ville-frontaliere-de-vintimille\/","url":"https:\/\/www.univ-guyane.fr\/2023\/12\/01\/la-lutte-des-migrants-pour-la-liberte-de-circulation-le-cas-de-la-frontiere-franco-italienne-et-de-la-ville-frontaliere-de-vintimille\/","name":"De strijd van migranten voor vrij verkeer: het geval van de Frans-Italiaanse grens en de grensstad Ventimiglia - Universit\u00e9 de Guyane","isPartOf":{"@id":"https:\/\/www.univ-guyane.fr\/#website"},"primaryImageOfPage":{"@id":"https:\/\/www.univ-guyane.fr\/2023\/12\/01\/la-lutte-des-migrants-pour-la-liberte-de-circulation-le-cas-de-la-frontiere-franco-italienne-et-de-la-ville-frontaliere-de-vintimille\/#primaryimage"},"image":{"@id":"https:\/\/www.univ-guyane.fr\/2023\/12\/01\/la-lutte-des-migrants-pour-la-liberte-de-circulation-le-cas-de-la-frontiere-franco-italienne-et-de-la-ville-frontaliere-de-vintimille\/#primaryimage"},"thumbnailUrl":"https:\/\/www.univ-guyane.fr\/wp-content\/uploads\/la-lutte-des-migrants-pour-la-liberte-de-circulation-universite-de-guyane.jpeg","datePublished":"2023-12-01T16:58:13+00:00","dateModified":"2024-06-17T17:04:27+00:00","description":"Lees meer over de strijd van migranten voor vrij verkeer in Europa. Een analyse van de autonome sociale beweging tegen de binnengrenzen van het Schengengebied.","breadcrumb":{"@id":"https:\/\/www.univ-guyane.fr\/2023\/12\/01\/la-lutte-des-migrants-pour-la-liberte-de-circulation-le-cas-de-la-frontiere-franco-italienne-et-de-la-ville-frontaliere-de-vintimille\/#breadcrumb"},"inLanguage":"nl-NL","potentialAction":[{"@type":"ReadAction","target":["https:\/\/www.univ-guyane.fr\/2023\/12\/01\/la-lutte-des-migrants-pour-la-liberte-de-circulation-le-cas-de-la-frontiere-franco-italienne-et-de-la-ville-frontaliere-de-vintimille\/"]}]},{"@type":"ImageObject","inLanguage":"nl-NL","@id":"https:\/\/www.univ-guyane.fr\/2023\/12\/01\/la-lutte-des-migrants-pour-la-liberte-de-circulation-le-cas-de-la-frontiere-franco-italienne-et-de-la-ville-frontaliere-de-vintimille\/#primaryimage","url":"https:\/\/www.univ-guyane.fr\/wp-content\/uploads\/la-lutte-des-migrants-pour-la-liberte-de-circulation-universite-de-guyane.jpeg","contentUrl":"https:\/\/www.univ-guyane.fr\/wp-content\/uploads\/la-lutte-des-migrants-pour-la-liberte-de-circulation-universite-de-guyane.jpeg","width":1800,"height":1013,"caption":"La lutte des migrants pour la libert\u00e9 de circulation : le cas de la fronti\u00e8re franco-italienne et de la ville frontali\u00e8re de Vintimille"},{"@type":"BreadcrumbList","@id":"https:\/\/www.univ-guyane.fr\/2023\/12\/01\/la-lutte-des-migrants-pour-la-liberte-de-circulation-le-cas-de-la-frontiere-franco-italienne-et-de-la-ville-frontaliere-de-vintimille\/#breadcrumb","itemListElement":[{"@type":"ListItem","position":1,"name":"Accueil","item":"https:\/\/www.univ-guyane.fr\/"},{"@type":"ListItem","position":2,"name":"La lutte des migrants pour la libert\u00e9 de circulation : le cas de la fronti\u00e8re franco-italienne et de la ville frontali\u00e8re de Vintimille"}]},{"@type":"WebSite","@id":"https:\/\/www.univ-guyane.fr\/#website","url":"https:\/\/www.univ-guyane.fr\/","name":"Universiteit van Guyana","description":"In het hart van Amazonia","publisher":{"@id":"https:\/\/www.univ-guyane.fr\/#organization"},"alternateName":"UG","potentialAction":[{"@type":"SearchAction","target":{"@type":"EntryPoint","urlTemplate":"https:\/\/www.univ-guyane.fr\/?s={search_term_string}"},"query-input":{"@type":"PropertyValueSpecification","valueRequired":true,"valueName":"search_term_string"}}],"inLanguage":"nl-NL"},{"@type":"Organization","@id":"https:\/\/www.univ-guyane.fr\/#organization","name":"Universiteit van Guyana","alternateName":"UG","url":"https:\/\/www.univ-guyane.fr\/","logo":{"@type":"ImageObject","inLanguage":"nl-NL","@id":"https:\/\/www.univ-guyane.fr\/#\/schema\/logo\/image\/","url":"https:\/\/www.univ-guyane.fr\/wp-content\/uploads\/2024\/05\/f.png","contentUrl":"https:\/\/www.univ-guyane.fr\/wp-content\/uploads\/2024\/05\/f.png","width":1024,"height":1024,"caption":"Universit\u00e9 de Guyane"},"image":{"@id":"https:\/\/www.univ-guyane.fr\/#\/schema\/logo\/image\/"},"sameAs":["https:\/\/www.facebook.com\/univguyane","https:\/\/x.com\/univguyane","https:\/\/gf.linkedin.com\/school\/universite-de-guyane\/","https:\/\/www.instagram.com\/univ_guyane\/"]},{"@type":"Person","@id":"https:\/\/www.univ-guyane.fr\/#\/schema\/person\/86d946a28a8be51bb096ccfdf19db179","name":"Erick Loiti\u00e8re","image":{"@type":"ImageObject","inLanguage":"nl-NL","@id":"https:\/\/secure.gravatar.com\/avatar\/0584f332103fbeaf37e52c73b15dca3c547fd9300deb05764e9ad8714839d072?s=96&d=robohash&r=g","url":"https:\/\/secure.gravatar.com\/avatar\/0584f332103fbeaf37e52c73b15dca3c547fd9300deb05764e9ad8714839d072?s=96&d=robohash&r=g","contentUrl":"https:\/\/secure.gravatar.com\/avatar\/0584f332103fbeaf37e52c73b15dca3c547fd9300deb05764e9ad8714839d072?s=96&d=robohash&r=g","caption":"Erick Loiti\u00e8re"},"sameAs":["http:\/\/www.univ-guyane.fr"],"url":"https:\/\/www.univ-guyane.fr\/nl\/author\/eloitierdbz\/"}]}},"_links":{"self":[{"href":"https:\/\/www.univ-guyane.fr\/nl\/wp-json\/wp\/v2\/posts\/8403","targetHints":{"allow":["GET"]}}],"collection":[{"href":"https:\/\/www.univ-guyane.fr\/nl\/wp-json\/wp\/v2\/posts"}],"about":[{"href":"https:\/\/www.univ-guyane.fr\/nl\/wp-json\/wp\/v2\/types\/post"}],"author":[{"embeddable":true,"href":"https:\/\/www.univ-guyane.fr\/nl\/wp-json\/wp\/v2\/users\/1"}],"replies":[{"embeddable":true,"href":"https:\/\/www.univ-guyane.fr\/nl\/wp-json\/wp\/v2\/comments?post=8403"}],"version-history":[{"count":1,"href":"https:\/\/www.univ-guyane.fr\/nl\/wp-json\/wp\/v2\/posts\/8403\/revisions"}],"predecessor-version":[{"id":8405,"href":"https:\/\/www.univ-guyane.fr\/nl\/wp-json\/wp\/v2\/posts\/8403\/revisions\/8405"}],"wp:featuredmedia":[{"embeddable":true,"href":"https:\/\/www.univ-guyane.fr\/nl\/wp-json\/wp\/v2\/media\/8404"}],"wp:attachment":[{"href":"https:\/\/www.univ-guyane.fr\/nl\/wp-json\/wp\/v2\/media?parent=8403"}],"wp:term":[{"taxonomy":"category","embeddable":true,"href":"https:\/\/www.univ-guyane.fr\/nl\/wp-json\/wp\/v2\/categories?post=8403"},{"taxonomy":"post_tag","embeddable":true,"href":"https:\/\/www.univ-guyane.fr\/nl\/wp-json\/wp\/v2\/tags?post=8403"}],"curies":[{"name":"wp","href":"https:\/\/api.w.org\/{rel}","templated":true}]}}