{"id":8420,"date":"2023-11-28T14:24:26","date_gmt":"2023-11-28T17:24:26","guid":{"rendered":"https:\/\/www.univ-guyane.fr\/?p=8420"},"modified":"2024-06-17T14:30:53","modified_gmt":"2024-06-17T17:30:53","slug":"une-cooperation-triangulaire-ambitieuse-entre-lamazonie-les-caraibes-et-lafrique","status":"publish","type":"post","link":"https:\/\/www.univ-guyane.fr\/nl\/2023\/11\/28\/une-cooperation-triangulaire-ambitieuse-entre-lamazonie-les-caraibes-et-lafrique\/","title":{"rendered":"Ambitieuze driehoekssamenwerking tussen Amazoni\u00eb, het Caribisch gebied en Afrika"},"content":{"rendered":"<div id=\"fws_69f3a8352b303\"  data-column-margin=\"default\" data-midnight=\"dark\"  class=\"wpb_row vc_row-fluid vc_row\"  style=\"padding-top: 0px; padding-bottom: 0px; \"><div class=\"row-bg-wrap\" data-bg-animation=\"none\" data-bg-animation-delay=\"\" data-bg-overlay=\"false\"><div class=\"inner-wrap row-bg-layer\" ><div class=\"row-bg viewport-desktop\"  style=\"\"><\/div><\/div><\/div><div class=\"row_col_wrap_12 col span_12 dark left\">\n\t<div  class=\"vc_col-sm-12 wpb_column column_container vc_column_container col no-extra-padding inherit_tablet inherit_phone\"  data-padding-pos=\"all\" data-has-bg-color=\"false\" data-bg-color=\"\" data-bg-opacity=\"1\" data-animation=\"\" data-delay=\"0\" >\n\t\t<div class=\"vc_column-inner\" >\n\t\t\t<div class=\"wpb_wrapper\">\n\t\t\t\t\n<div class=\"wpb_text_column wpb_content_element  chapo\" >\n\t<h2>Onlangs heeft een ambitieus internationaal samenwerkingsproject tussen het Amazonegebied, het Caribisch gebied en Afrika vorm gekregen, georkestreerd door de Universiteit van Guyana.<\/h2>\n<\/div>\n\n\n\n\n<div class=\"wpb_text_column wpb_content_element\" >\n\t<p><span class=\"nectar-dropcap\" >C <\/span>et doel van deze samenwerking is om educatieve en wetenschappelijke ontmoetingen te stimuleren, waarbij de nadruk ligt op de dimensies identiteit, taal en erfgoed. Door middel van uitwisselingen en mobiliteit tussen studenten, onderzoekers en bestuurders wil dit initiatief de culturele en academische banden versterken tussen drie regio's die geografisch van elkaar verschillen maar verenigd zijn door gemeenschappelijke kwesties.<\/p>\n<p>Het project begon met ontmoetingen tussen studenten en onderzoekers van de universiteiten van Guyana, Amapa (Brazili\u00eb), Senegal en Benin, maar ook van andere regio's in het Caribisch gebied. Deze bijeenkomsten, die zich richtten op cruciale onderwerpen als identiteit, taal en erfgoed, legden de basis voor gezamenlijke actie en maakten de weg vrij voor grensoverschrijdende reflectie.<br \/>\nMobiliteit van studenten, docenten en administratief personeel vormde de dynamische kern van het project. De deelnemers verdiepten zich in de ruimte van het Amazonegebied, de Cara\u00efben en Afrika en verkenden verschillende thema's zoals Franstalige literatuur, podiumkunsten, ecosystemen, gewoonterechten en interculturele dynamiek. Deze uitwisselingen hebben geholpen om de intellectuele horizon te verbreden en een cultuur van internationale betrekkingen en samenwerking te bevorderen.<\/p>\n<p>Een seminar, georganiseerd van 06 tot 10 november 2023, leidde tot de presentatie van een collectief werk getiteld Litt\u00e9rature, d\u00e9colonialit\u00e9 et transits entre la Guyane et le Suriname. Dit initiatief werd mogelijk gemaakt dankzij de inkomende mobiliteit van de Braziliaanse collega's Natali COSTA van de Federale Universiteit van Amapa in Brazili\u00eb en Juliana SANTINI van de Universidade Estuadual Paulista de Sao Paulo (UNESP), als onderdeel van de Inter-UG Brazili\u00eb en Latijns-Amerika beurs. Twee Afrikaanse collega's, Charles Dossou LIGAN uit Benin en Aminata AIDARA uit Senegal, namen ook deel aan het seminar, dankzij een aanvraag voor een 'Andere geografische gebieden'-beurs.<\/p>\n<p>Dit project beperkt zich niet tot eenmalige uitwisselingen, maar effent de weg voor voortdurende samenwerking. Deze kruisbestuivingen hebben de weg ge\u00ebffend voor toekomstige projecten. De uitwisselingen op het drumstel tussen Afrika en de Antillen-Guyane, georkestreerd door een collega van de Universiteit van de Antillen, Apollinaire ANAKESA KULULUKA, zijn al de voorbode van toekomstige multidisciplinaire grensoverschrijdende projecten.<\/p>\n<p>De driehoekssamenwerking tussen het Amazonegebied, het Caribisch gebied en Afrika die in dit project wordt belichaamd, overstijgt de geografische grenzen en cre\u00ebert een ruimte voor leren en wederzijds begrip. Door creatieve geesten uit verschillende regio's samen te brengen, biedt deze samenwerking een platform om gemeenschappelijke problemen aan te pakken, diversiteit te vieren en blijvende bruggen te bouwen tussen continenten.<\/p>\n<\/div>\n\n\n\n\n\t\t\t<\/div> \n\t\t<\/div>\n\t<\/div> \n<\/div><\/div>","protected":false},"excerpt":{"rendered":"Onlangs is een ambitieus internationaal samenwerkingsproject tussen het Amazonegebied, het Caribisch gebied en Afrika van start gegaan....","protected":false},"author":1,"featured_media":8421,"comment_status":"closed","ping_status":"open","sticky":false,"template":"","format":"standard","meta":{"iawp_total_views":43,"footnotes":""},"categories":[187],"tags":[],"class_list":{"0":"post-8420","1":"post","2":"type-post","3":"status-publish","4":"format-standard","5":"has-post-thumbnail","7":"category-minea"},"yoast_head":"<!-- This site is optimized with the Yoast SEO plugin v27.5 - https:\/\/yoast.com\/product\/yoast-seo-wordpress\/ -->\n<title>Une Coop\u00e9ration Triangulaire ambitieuse entre l\u2019Amazonie, les Cara\u00efbes et l\u2019Afrique &#8212; Universit\u00e9 de Guyane<\/title>\n<meta name=\"description\" content=\"D\u00e9couvrez la coop\u00e9ration triangulaire entre l&#039;Amazonie, les Cara\u00efbes et l&#039;Afrique. Renforcez les liens culturels et acad\u00e9miques gr\u00e2ce \u00e0 des \u00e9changes et des mobilit\u00e9s \u00e9tudiantes.\" \/>\n<meta name=\"robots\" content=\"index, follow, max-snippet:-1, max-image-preview:large, max-video-preview:-1\" \/>\n<link rel=\"canonical\" href=\"https:\/\/www.univ-guyane.fr\/nl\/2023\/11\/28\/une-cooperation-triangulaire-ambitieuse-entre-lamazonie-les-caraibes-et-lafrique\/\" \/>\n<meta property=\"og:locale\" content=\"nl_NL\" \/>\n<meta property=\"og:type\" content=\"article\" \/>\n<meta property=\"og:title\" content=\"Une Coop\u00e9ration Triangulaire ambitieuse entre l\u2019Amazonie, les Cara\u00efbes et l\u2019Afrique &#8212; Universit\u00e9 de Guyane\" \/>\n<meta property=\"og:description\" content=\"D\u00e9couvrez la coop\u00e9ration triangulaire entre l&#039;Amazonie, les Cara\u00efbes et l&#039;Afrique. Renforcez les liens culturels et acad\u00e9miques gr\u00e2ce \u00e0 des \u00e9changes et des mobilit\u00e9s \u00e9tudiantes.\" \/>\n<meta property=\"og:url\" content=\"https:\/\/www.univ-guyane.fr\/nl\/2023\/11\/28\/une-cooperation-triangulaire-ambitieuse-entre-lamazonie-les-caraibes-et-lafrique\/\" \/>\n<meta property=\"og:site_name\" content=\"Universit\u00e9 de Guyane\" \/>\n<meta property=\"article:publisher\" content=\"https:\/\/www.facebook.com\/univguyane\" \/>\n<meta property=\"article:published_time\" content=\"2023-11-28T17:24:26+00:00\" \/>\n<meta property=\"article:modified_time\" content=\"2024-06-17T17:30:53+00:00\" \/>\n<meta property=\"og:image\" content=\"https:\/\/www.univ-guyane.fr\/wp-content\/uploads\/une-cooperation-triangulaire-ambitieuse-entre-l-amazonie-les-caraibes-et-l-afrique-universite-de-guyane.jpeg\" \/>\n\t<meta property=\"og:image:width\" content=\"1800\" \/>\n\t<meta property=\"og:image:height\" content=\"1013\" \/>\n\t<meta property=\"og:image:type\" content=\"image\/jpeg\" \/>\n<meta name=\"author\" content=\"Erick Loiti\u00e8re\" \/>\n<meta name=\"twitter:card\" content=\"summary_large_image\" \/>\n<meta name=\"twitter:creator\" content=\"@univguyane\" \/>\n<meta name=\"twitter:site\" content=\"@univguyane\" \/>\n<meta name=\"twitter:label1\" content=\"Geschreven door\" \/>\n\t<meta name=\"twitter:data1\" content=\"Erick Loiti\u00e8re\" \/>\n\t<meta name=\"twitter:label2\" content=\"Geschatte leestijd\" \/>\n\t<meta name=\"twitter:data2\" content=\"3 minuten\" \/>\n<script type=\"application\/ld+json\" class=\"yoast-schema-graph\">{\"@context\":\"https:\\\/\\\/schema.org\",\"@graph\":[{\"@type\":\"Article\",\"@id\":\"https:\\\/\\\/www.univ-guyane.fr\\\/2023\\\/11\\\/28\\\/une-cooperation-triangulaire-ambitieuse-entre-lamazonie-les-caraibes-et-lafrique\\\/#article\",\"isPartOf\":{\"@id\":\"https:\\\/\\\/www.univ-guyane.fr\\\/2023\\\/11\\\/28\\\/une-cooperation-triangulaire-ambitieuse-entre-lamazonie-les-caraibes-et-lafrique\\\/\"},\"author\":{\"name\":\"Erick Loiti\u00e8re\",\"@id\":\"https:\\\/\\\/www.univ-guyane.fr\\\/#\\\/schema\\\/person\\\/86d946a28a8be51bb096ccfdf19db179\"},\"headline\":\"Une Coop\u00e9ration Triangulaire ambitieuse entre l\u2019Amazonie, les Cara\u00efbes et l\u2019Afrique\",\"datePublished\":\"2023-11-28T17:24:26+00:00\",\"dateModified\":\"2024-06-17T17:30:53+00:00\",\"mainEntityOfPage\":{\"@id\":\"https:\\\/\\\/www.univ-guyane.fr\\\/2023\\\/11\\\/28\\\/une-cooperation-triangulaire-ambitieuse-entre-lamazonie-les-caraibes-et-lafrique\\\/\"},\"wordCount\":685,\"publisher\":{\"@id\":\"https:\\\/\\\/www.univ-guyane.fr\\\/#organization\"},\"image\":{\"@id\":\"https:\\\/\\\/www.univ-guyane.fr\\\/2023\\\/11\\\/28\\\/une-cooperation-triangulaire-ambitieuse-entre-lamazonie-les-caraibes-et-lafrique\\\/#primaryimage\"},\"thumbnailUrl\":\"https:\\\/\\\/www.univ-guyane.fr\\\/wp-content\\\/uploads\\\/une-cooperation-triangulaire-ambitieuse-entre-l-amazonie-les-caraibes-et-l-afrique-universite-de-guyane.jpeg\",\"articleSection\":[\"\u2022\u00a0MINEA\"],\"inLanguage\":\"nl-NL\"},{\"@type\":\"WebPage\",\"@id\":\"https:\\\/\\\/www.univ-guyane.fr\\\/2023\\\/11\\\/28\\\/une-cooperation-triangulaire-ambitieuse-entre-lamazonie-les-caraibes-et-lafrique\\\/\",\"url\":\"https:\\\/\\\/www.univ-guyane.fr\\\/2023\\\/11\\\/28\\\/une-cooperation-triangulaire-ambitieuse-entre-lamazonie-les-caraibes-et-lafrique\\\/\",\"name\":\"Une Coop\u00e9ration Triangulaire ambitieuse entre l\u2019Amazonie, les Cara\u00efbes et l\u2019Afrique &#8212; Universit\u00e9 de Guyane\",\"isPartOf\":{\"@id\":\"https:\\\/\\\/www.univ-guyane.fr\\\/#website\"},\"primaryImageOfPage\":{\"@id\":\"https:\\\/\\\/www.univ-guyane.fr\\\/2023\\\/11\\\/28\\\/une-cooperation-triangulaire-ambitieuse-entre-lamazonie-les-caraibes-et-lafrique\\\/#primaryimage\"},\"image\":{\"@id\":\"https:\\\/\\\/www.univ-guyane.fr\\\/2023\\\/11\\\/28\\\/une-cooperation-triangulaire-ambitieuse-entre-lamazonie-les-caraibes-et-lafrique\\\/#primaryimage\"},\"thumbnailUrl\":\"https:\\\/\\\/www.univ-guyane.fr\\\/wp-content\\\/uploads\\\/une-cooperation-triangulaire-ambitieuse-entre-l-amazonie-les-caraibes-et-l-afrique-universite-de-guyane.jpeg\",\"datePublished\":\"2023-11-28T17:24:26+00:00\",\"dateModified\":\"2024-06-17T17:30:53+00:00\",\"description\":\"D\u00e9couvrez la coop\u00e9ration triangulaire entre l'Amazonie, les Cara\u00efbes et l'Afrique. Renforcez les liens culturels et acad\u00e9miques gr\u00e2ce \u00e0 des \u00e9changes et des mobilit\u00e9s \u00e9tudiantes.\",\"breadcrumb\":{\"@id\":\"https:\\\/\\\/www.univ-guyane.fr\\\/2023\\\/11\\\/28\\\/une-cooperation-triangulaire-ambitieuse-entre-lamazonie-les-caraibes-et-lafrique\\\/#breadcrumb\"},\"inLanguage\":\"nl-NL\",\"potentialAction\":[{\"@type\":\"ReadAction\",\"target\":[\"https:\\\/\\\/www.univ-guyane.fr\\\/2023\\\/11\\\/28\\\/une-cooperation-triangulaire-ambitieuse-entre-lamazonie-les-caraibes-et-lafrique\\\/\"]}]},{\"@type\":\"ImageObject\",\"inLanguage\":\"nl-NL\",\"@id\":\"https:\\\/\\\/www.univ-guyane.fr\\\/2023\\\/11\\\/28\\\/une-cooperation-triangulaire-ambitieuse-entre-lamazonie-les-caraibes-et-lafrique\\\/#primaryimage\",\"url\":\"https:\\\/\\\/www.univ-guyane.fr\\\/wp-content\\\/uploads\\\/une-cooperation-triangulaire-ambitieuse-entre-l-amazonie-les-caraibes-et-l-afrique-universite-de-guyane.jpeg\",\"contentUrl\":\"https:\\\/\\\/www.univ-guyane.fr\\\/wp-content\\\/uploads\\\/une-cooperation-triangulaire-ambitieuse-entre-l-amazonie-les-caraibes-et-l-afrique-universite-de-guyane.jpeg\",\"width\":1800,\"height\":1013,\"caption\":\"Une Coop\u00e9ration Triangulaire ambitieuse entre l\u2019Amazonie, les Cara\u00efbes et l\u2019Afrique\"},{\"@type\":\"BreadcrumbList\",\"@id\":\"https:\\\/\\\/www.univ-guyane.fr\\\/2023\\\/11\\\/28\\\/une-cooperation-triangulaire-ambitieuse-entre-lamazonie-les-caraibes-et-lafrique\\\/#breadcrumb\",\"itemListElement\":[{\"@type\":\"ListItem\",\"position\":1,\"name\":\"Accueil\",\"item\":\"https:\\\/\\\/www.univ-guyane.fr\\\/\"},{\"@type\":\"ListItem\",\"position\":2,\"name\":\"Une Coop\u00e9ration Triangulaire ambitieuse entre l\u2019Amazonie, les Cara\u00efbes et l\u2019Afrique\"}]},{\"@type\":\"WebSite\",\"@id\":\"https:\\\/\\\/www.univ-guyane.fr\\\/#website\",\"url\":\"https:\\\/\\\/www.univ-guyane.fr\\\/\",\"name\":\"Universit\u00e9 de Guyane\",\"description\":\"Au c\u0153ur de l&#039;amazonie\",\"publisher\":{\"@id\":\"https:\\\/\\\/www.univ-guyane.fr\\\/#organization\"},\"alternateName\":\"UG\",\"potentialAction\":[{\"@type\":\"SearchAction\",\"target\":{\"@type\":\"EntryPoint\",\"urlTemplate\":\"https:\\\/\\\/www.univ-guyane.fr\\\/?s={search_term_string}\"},\"query-input\":{\"@type\":\"PropertyValueSpecification\",\"valueRequired\":true,\"valueName\":\"search_term_string\"}}],\"inLanguage\":\"nl-NL\"},{\"@type\":\"Organization\",\"@id\":\"https:\\\/\\\/www.univ-guyane.fr\\\/#organization\",\"name\":\"Universit\u00e9 de Guyane\",\"alternateName\":\"UG\",\"url\":\"https:\\\/\\\/www.univ-guyane.fr\\\/\",\"logo\":{\"@type\":\"ImageObject\",\"inLanguage\":\"nl-NL\",\"@id\":\"https:\\\/\\\/www.univ-guyane.fr\\\/#\\\/schema\\\/logo\\\/image\\\/\",\"url\":\"https:\\\/\\\/www.univ-guyane.fr\\\/wp-content\\\/uploads\\\/2024\\\/05\\\/f.png\",\"contentUrl\":\"https:\\\/\\\/www.univ-guyane.fr\\\/wp-content\\\/uploads\\\/2024\\\/05\\\/f.png\",\"width\":1024,\"height\":1024,\"caption\":\"Universit\u00e9 de Guyane\"},\"image\":{\"@id\":\"https:\\\/\\\/www.univ-guyane.fr\\\/#\\\/schema\\\/logo\\\/image\\\/\"},\"sameAs\":[\"https:\\\/\\\/www.facebook.com\\\/univguyane\",\"https:\\\/\\\/x.com\\\/univguyane\",\"https:\\\/\\\/gf.linkedin.com\\\/school\\\/universite-de-guyane\\\/\",\"https:\\\/\\\/www.instagram.com\\\/univ_guyane\\\/\"]},{\"@type\":\"Person\",\"@id\":\"https:\\\/\\\/www.univ-guyane.fr\\\/#\\\/schema\\\/person\\\/86d946a28a8be51bb096ccfdf19db179\",\"name\":\"Erick Loiti\u00e8re\",\"image\":{\"@type\":\"ImageObject\",\"inLanguage\":\"nl-NL\",\"@id\":\"https:\\\/\\\/secure.gravatar.com\\\/avatar\\\/0584f332103fbeaf37e52c73b15dca3c547fd9300deb05764e9ad8714839d072?s=96&d=robohash&r=g\",\"url\":\"https:\\\/\\\/secure.gravatar.com\\\/avatar\\\/0584f332103fbeaf37e52c73b15dca3c547fd9300deb05764e9ad8714839d072?s=96&d=robohash&r=g\",\"contentUrl\":\"https:\\\/\\\/secure.gravatar.com\\\/avatar\\\/0584f332103fbeaf37e52c73b15dca3c547fd9300deb05764e9ad8714839d072?s=96&d=robohash&r=g\",\"caption\":\"Erick Loiti\u00e8re\"},\"sameAs\":[\"http:\\\/\\\/www.univ-guyane.fr\"],\"url\":\"https:\\\/\\\/www.univ-guyane.fr\\\/nl\\\/author\\\/eloitierdbz\\\/\"}]}<\/script>\n<!-- \/ Yoast SEO plugin. -->","yoast_head_json":{"title":"Une Coop\u00e9ration Triangulaire ambitieuse entre l\u2019Amazonie, les Cara\u00efbes et l\u2019Afrique &#8212; Universit\u00e9 de Guyane","description":"D\u00e9couvrez la coop\u00e9ration triangulaire entre l'Amazonie, les Cara\u00efbes et l'Afrique. Renforcez les liens culturels et acad\u00e9miques gr\u00e2ce \u00e0 des \u00e9changes et des mobilit\u00e9s \u00e9tudiantes.","robots":{"index":"index","follow":"follow","max-snippet":"max-snippet:-1","max-image-preview":"max-image-preview:large","max-video-preview":"max-video-preview:-1"},"canonical":"https:\/\/www.univ-guyane.fr\/nl\/2023\/11\/28\/une-cooperation-triangulaire-ambitieuse-entre-lamazonie-les-caraibes-et-lafrique\/","og_locale":"nl_NL","og_type":"article","og_title":"Une Coop\u00e9ration Triangulaire ambitieuse entre l\u2019Amazonie, les Cara\u00efbes et l\u2019Afrique &#8212; Universit\u00e9 de Guyane","og_description":"D\u00e9couvrez la coop\u00e9ration triangulaire entre l'Amazonie, les Cara\u00efbes et l'Afrique. Renforcez les liens culturels et acad\u00e9miques gr\u00e2ce \u00e0 des \u00e9changes et des mobilit\u00e9s \u00e9tudiantes.","og_url":"https:\/\/www.univ-guyane.fr\/nl\/2023\/11\/28\/une-cooperation-triangulaire-ambitieuse-entre-lamazonie-les-caraibes-et-lafrique\/","og_site_name":"Universit\u00e9 de Guyane","article_publisher":"https:\/\/www.facebook.com\/univguyane","article_published_time":"2023-11-28T17:24:26+00:00","article_modified_time":"2024-06-17T17:30:53+00:00","og_image":[{"width":1800,"height":1013,"url":"https:\/\/www.univ-guyane.fr\/wp-content\/uploads\/une-cooperation-triangulaire-ambitieuse-entre-l-amazonie-les-caraibes-et-l-afrique-universite-de-guyane.jpeg","type":"image\/jpeg"}],"author":"Erick Loiti\u00e8re","twitter_card":"summary_large_image","twitter_creator":"@univguyane","twitter_site":"@univguyane","twitter_misc":{"Geschreven door":"Erick Loiti\u00e8re","Geschatte leestijd":"3 minuten"},"schema":{"@context":"https:\/\/schema.org","@graph":[{"@type":"Article","@id":"https:\/\/www.univ-guyane.fr\/2023\/11\/28\/une-cooperation-triangulaire-ambitieuse-entre-lamazonie-les-caraibes-et-lafrique\/#article","isPartOf":{"@id":"https:\/\/www.univ-guyane.fr\/2023\/11\/28\/une-cooperation-triangulaire-ambitieuse-entre-lamazonie-les-caraibes-et-lafrique\/"},"author":{"name":"Erick Loiti\u00e8re","@id":"https:\/\/www.univ-guyane.fr\/#\/schema\/person\/86d946a28a8be51bb096ccfdf19db179"},"headline":"Une Coop\u00e9ration Triangulaire ambitieuse entre l\u2019Amazonie, les Cara\u00efbes et l\u2019Afrique","datePublished":"2023-11-28T17:24:26+00:00","dateModified":"2024-06-17T17:30:53+00:00","mainEntityOfPage":{"@id":"https:\/\/www.univ-guyane.fr\/2023\/11\/28\/une-cooperation-triangulaire-ambitieuse-entre-lamazonie-les-caraibes-et-lafrique\/"},"wordCount":685,"publisher":{"@id":"https:\/\/www.univ-guyane.fr\/#organization"},"image":{"@id":"https:\/\/www.univ-guyane.fr\/2023\/11\/28\/une-cooperation-triangulaire-ambitieuse-entre-lamazonie-les-caraibes-et-lafrique\/#primaryimage"},"thumbnailUrl":"https:\/\/www.univ-guyane.fr\/wp-content\/uploads\/une-cooperation-triangulaire-ambitieuse-entre-l-amazonie-les-caraibes-et-l-afrique-universite-de-guyane.jpeg","articleSection":["\u2022\u00a0MINEA"],"inLanguage":"nl-NL"},{"@type":"WebPage","@id":"https:\/\/www.univ-guyane.fr\/2023\/11\/28\/une-cooperation-triangulaire-ambitieuse-entre-lamazonie-les-caraibes-et-lafrique\/","url":"https:\/\/www.univ-guyane.fr\/2023\/11\/28\/une-cooperation-triangulaire-ambitieuse-entre-lamazonie-les-caraibes-et-lafrique\/","name":"Une Coop\u00e9ration Triangulaire ambitieuse entre l\u2019Amazonie, les Cara\u00efbes et l\u2019Afrique &#8212; Universit\u00e9 de Guyane","isPartOf":{"@id":"https:\/\/www.univ-guyane.fr\/#website"},"primaryImageOfPage":{"@id":"https:\/\/www.univ-guyane.fr\/2023\/11\/28\/une-cooperation-triangulaire-ambitieuse-entre-lamazonie-les-caraibes-et-lafrique\/#primaryimage"},"image":{"@id":"https:\/\/www.univ-guyane.fr\/2023\/11\/28\/une-cooperation-triangulaire-ambitieuse-entre-lamazonie-les-caraibes-et-lafrique\/#primaryimage"},"thumbnailUrl":"https:\/\/www.univ-guyane.fr\/wp-content\/uploads\/une-cooperation-triangulaire-ambitieuse-entre-l-amazonie-les-caraibes-et-l-afrique-universite-de-guyane.jpeg","datePublished":"2023-11-28T17:24:26+00:00","dateModified":"2024-06-17T17:30:53+00:00","description":"D\u00e9couvrez la coop\u00e9ration triangulaire entre l'Amazonie, les Cara\u00efbes et l'Afrique. Renforcez les liens culturels et acad\u00e9miques gr\u00e2ce \u00e0 des \u00e9changes et des mobilit\u00e9s \u00e9tudiantes.","breadcrumb":{"@id":"https:\/\/www.univ-guyane.fr\/2023\/11\/28\/une-cooperation-triangulaire-ambitieuse-entre-lamazonie-les-caraibes-et-lafrique\/#breadcrumb"},"inLanguage":"nl-NL","potentialAction":[{"@type":"ReadAction","target":["https:\/\/www.univ-guyane.fr\/2023\/11\/28\/une-cooperation-triangulaire-ambitieuse-entre-lamazonie-les-caraibes-et-lafrique\/"]}]},{"@type":"ImageObject","inLanguage":"nl-NL","@id":"https:\/\/www.univ-guyane.fr\/2023\/11\/28\/une-cooperation-triangulaire-ambitieuse-entre-lamazonie-les-caraibes-et-lafrique\/#primaryimage","url":"https:\/\/www.univ-guyane.fr\/wp-content\/uploads\/une-cooperation-triangulaire-ambitieuse-entre-l-amazonie-les-caraibes-et-l-afrique-universite-de-guyane.jpeg","contentUrl":"https:\/\/www.univ-guyane.fr\/wp-content\/uploads\/une-cooperation-triangulaire-ambitieuse-entre-l-amazonie-les-caraibes-et-l-afrique-universite-de-guyane.jpeg","width":1800,"height":1013,"caption":"Une Coop\u00e9ration Triangulaire ambitieuse entre l\u2019Amazonie, les Cara\u00efbes et l\u2019Afrique"},{"@type":"BreadcrumbList","@id":"https:\/\/www.univ-guyane.fr\/2023\/11\/28\/une-cooperation-triangulaire-ambitieuse-entre-lamazonie-les-caraibes-et-lafrique\/#breadcrumb","itemListElement":[{"@type":"ListItem","position":1,"name":"Accueil","item":"https:\/\/www.univ-guyane.fr\/"},{"@type":"ListItem","position":2,"name":"Une Coop\u00e9ration Triangulaire ambitieuse entre l\u2019Amazonie, les Cara\u00efbes et l\u2019Afrique"}]},{"@type":"WebSite","@id":"https:\/\/www.univ-guyane.fr\/#website","url":"https:\/\/www.univ-guyane.fr\/","name":"Universiteit van Guyana","description":"In het hart van Amazonia","publisher":{"@id":"https:\/\/www.univ-guyane.fr\/#organization"},"alternateName":"UG","potentialAction":[{"@type":"SearchAction","target":{"@type":"EntryPoint","urlTemplate":"https:\/\/www.univ-guyane.fr\/?s={search_term_string}"},"query-input":{"@type":"PropertyValueSpecification","valueRequired":true,"valueName":"search_term_string"}}],"inLanguage":"nl-NL"},{"@type":"Organization","@id":"https:\/\/www.univ-guyane.fr\/#organization","name":"Universiteit van Guyana","alternateName":"UG","url":"https:\/\/www.univ-guyane.fr\/","logo":{"@type":"ImageObject","inLanguage":"nl-NL","@id":"https:\/\/www.univ-guyane.fr\/#\/schema\/logo\/image\/","url":"https:\/\/www.univ-guyane.fr\/wp-content\/uploads\/2024\/05\/f.png","contentUrl":"https:\/\/www.univ-guyane.fr\/wp-content\/uploads\/2024\/05\/f.png","width":1024,"height":1024,"caption":"Universit\u00e9 de Guyane"},"image":{"@id":"https:\/\/www.univ-guyane.fr\/#\/schema\/logo\/image\/"},"sameAs":["https:\/\/www.facebook.com\/univguyane","https:\/\/x.com\/univguyane","https:\/\/gf.linkedin.com\/school\/universite-de-guyane\/","https:\/\/www.instagram.com\/univ_guyane\/"]},{"@type":"Person","@id":"https:\/\/www.univ-guyane.fr\/#\/schema\/person\/86d946a28a8be51bb096ccfdf19db179","name":"Erick Loiti\u00e8re","image":{"@type":"ImageObject","inLanguage":"nl-NL","@id":"https:\/\/secure.gravatar.com\/avatar\/0584f332103fbeaf37e52c73b15dca3c547fd9300deb05764e9ad8714839d072?s=96&d=robohash&r=g","url":"https:\/\/secure.gravatar.com\/avatar\/0584f332103fbeaf37e52c73b15dca3c547fd9300deb05764e9ad8714839d072?s=96&d=robohash&r=g","contentUrl":"https:\/\/secure.gravatar.com\/avatar\/0584f332103fbeaf37e52c73b15dca3c547fd9300deb05764e9ad8714839d072?s=96&d=robohash&r=g","caption":"Erick Loiti\u00e8re"},"sameAs":["http:\/\/www.univ-guyane.fr"],"url":"https:\/\/www.univ-guyane.fr\/nl\/author\/eloitierdbz\/"}]}},"_links":{"self":[{"href":"https:\/\/www.univ-guyane.fr\/nl\/wp-json\/wp\/v2\/posts\/8420","targetHints":{"allow":["GET"]}}],"collection":[{"href":"https:\/\/www.univ-guyane.fr\/nl\/wp-json\/wp\/v2\/posts"}],"about":[{"href":"https:\/\/www.univ-guyane.fr\/nl\/wp-json\/wp\/v2\/types\/post"}],"author":[{"embeddable":true,"href":"https:\/\/www.univ-guyane.fr\/nl\/wp-json\/wp\/v2\/users\/1"}],"replies":[{"embeddable":true,"href":"https:\/\/www.univ-guyane.fr\/nl\/wp-json\/wp\/v2\/comments?post=8420"}],"version-history":[{"count":1,"href":"https:\/\/www.univ-guyane.fr\/nl\/wp-json\/wp\/v2\/posts\/8420\/revisions"}],"predecessor-version":[{"id":8422,"href":"https:\/\/www.univ-guyane.fr\/nl\/wp-json\/wp\/v2\/posts\/8420\/revisions\/8422"}],"wp:featuredmedia":[{"embeddable":true,"href":"https:\/\/www.univ-guyane.fr\/nl\/wp-json\/wp\/v2\/media\/8421"}],"wp:attachment":[{"href":"https:\/\/www.univ-guyane.fr\/nl\/wp-json\/wp\/v2\/media?parent=8420"}],"wp:term":[{"taxonomy":"category","embeddable":true,"href":"https:\/\/www.univ-guyane.fr\/nl\/wp-json\/wp\/v2\/categories?post=8420"},{"taxonomy":"post_tag","embeddable":true,"href":"https:\/\/www.univ-guyane.fr\/nl\/wp-json\/wp\/v2\/tags?post=8420"}],"curies":[{"name":"wp","href":"https:\/\/api.w.org\/{rel}","templated":true}]}}