{"id":8507,"date":"2023-09-12T08:13:54","date_gmt":"2023-09-12T11:13:54","guid":{"rendered":"https:\/\/www.univ-guyane.fr\/?p=8507"},"modified":"2024-07-12T13:37:02","modified_gmt":"2024-07-12T16:37:02","slug":"un-nouveau-format-de-rentree-pour-les-primo-entrants","status":"publish","type":"post","link":"https:\/\/www.univ-guyane.fr\/nl\/2023\/09\/12\/un-nouveau-format-de-rentree-pour-les-primo-entrants\/","title":{"rendered":"Een nieuw back-to-school format voor beginnende studenten"},"content":{"rendered":"<div id=\"fws_69f212a806a2f\"  data-column-margin=\"default\" data-midnight=\"dark\"  class=\"wpb_row vc_row-fluid vc_row\"  style=\"padding-top: 0px; padding-bottom: 0px; \"><div class=\"row-bg-wrap\" data-bg-animation=\"none\" data-bg-animation-delay=\"\" data-bg-overlay=\"false\"><div class=\"inner-wrap row-bg-layer\" ><div class=\"row-bg viewport-desktop\"  style=\"\"><\/div><\/div><\/div><div class=\"row_col_wrap_12 col span_12 dark left\">\n\t<div  class=\"vc_col-sm-12 wpb_column column_container vc_column_container col no-extra-padding inherit_tablet inherit_phone\"  data-padding-pos=\"all\" data-has-bg-color=\"false\" data-bg-color=\"\" data-bg-opacity=\"1\" data-animation=\"\" data-delay=\"0\" >\n\t\t<div class=\"vc_column-inner\" >\n\t\t\t<div class=\"wpb_wrapper\">\n\t\t\t\t\n<div class=\"wpb_text_column wpb_content_element  chapo\" >\n\t<h2>Voor het nieuwe academische jaar is het welkomstprogramma voor nieuwe studenten vernieuwd. De traditionele welkomstochtend is vervangen door twee integratiedagen. Op 4 en 5 september bruiste de Troubiran campus van sport, cultuur en andere leuke activiteiten voor nieuwe studenten.<\/h2>\n<\/div>\n\n\n\n\n<div class=\"wpb_text_column wpb_content_element\" >\n\t<div class=\"wpb_text_column wpb_content_element\">\n<div class=\"wpb_wrapper\">\n<div id=\"lipsum\">\n<span class=\"nectar-dropcap\" >Q <\/span>et nieuwe schooljaar betekent een nieuwe indeling! Dit jaar is de traditionele welkomstceremonie in het amfitheater vervangen door twee volledige welkomstdagen. Deze waren gericht op integratie en cohesie door nieuwe studenten een totale onderdompeling te bieden. Nieuwe studenten werden uitgenodigd om hun nieuwe studieplek te bezoeken, de campus en het personeel te ontdekken en hun toekomstige klasgenoten te leren kennen. Het programma, dat gevarieerd en bewust leuk was, zorgde voor een soepele overgang naar deze nieuwe fase in hun academische leven.<\/p>\n<p>Om deze ervaring onvergetelijk te maken, werden de dagen begeleid door master- en bachelorstudenten. Deze studenten, die dezelfde ervaring hadden meegemaakt als de nieuwkomers, speelden een essenti\u00eble rol in het begeleiden, adviseren en geruststellen van de nieuwkomers. Dankzij deze begeleiding konden de nieuwkomers al hun vragen vrij stellen en kregen ze feedback van hun medestudenten over het universiteitsleven.<\/p>\n<p>Dit initiatief laat zien dat de Universiteit van Guyana haar ondersteuning aan studenten voortdurend wil verbeteren en het leven op de campus dynamischer wil maken.<\/p>\n<p>Er waren informatiestands van de DOSIP (Direction de l'Orientation, des Stages et de l'Insertion Professionnelle), gedeelde diensten (Bureau des Relations Internationales, SUAPS, Centre de Ressources en langues, Bureau de la vie \u00e9tudiante, enz.) en studentenverenigingen om de vragen van de nieuwe instroom van studenten te beantwoorden. Administratieve vragen, het vinden van stageplaatsen, studeren in het buitenland, culturele of sportieve activiteiten... alle diensten stonden klaar om ervoor te zorgen dat elke student zijn of haar universitaire carri\u00e8re kon beginnen met alle sleutels in de hand.<\/p>\n<p>Een aantal studentenverenigingen kwam samen om een overzicht te geven van de activiteiten, evenementen en engagementen op de campus. Van cultuur en sport tot sociale en solidariteitsinitiatieven, deze verenigingen illustreerden de rijkdom en diversiteit van het studentenleven aan de Universiteit van Guyana.<\/p>\n<\/div>\n<\/div>\n<\/div>\n<div class=\"wpb_text_column wpb_content_element\">\n<div class=\"wpb_wrapper\">\n<h3>De Universiteit van Frans-Guyana gaat door met haar uitrol<\/h3>\n<p>De start van het academisch jaar 2023-2024 staat ook in het teken van de uitbreiding van het academisch aanbod van de universiteit. Voor het nieuwe jaar zijn er drie nieuwe opleidingen gelanceerd. Een masteropleiding Chemie en Levenswetenschappen, met als specialisatie Actieve biomoleculen\/Advancement Management, die specialisten zal opleiden in milieuanalyse, -beheer en -behandeling. Een masteropleiding in Civiele Techniek (Digitale en milieutransities in de bouw- en openbare werkensector), die tot doel heeft bouwmanagers\/ingenieurs op te leiden in de implementatie van het digitale ontwerp- en projectbeheerproces (Building Information Modeling of BIM) binnen bouwbedrijven en ontwerpbureaus, en in het rekening houden met kwesties op het gebied van duurzame ontwikkeling in de bouw in tropische omgevingen. Tot slot het tweede jaar geneeskunde (DFGSM2), waarmee de eerste volledige cyclus geneeskunde in Frans-Guyana (3 jaar) van start ging.<\/p>\n<p>De Universiteit van Frans Guyana zet haar expansie in het westen van Frans Guyana voort met de opening van een beroepsopleiding in civiele techniek in Saint-Laurent-du-Maroni. Deze sandwichopleiding wordt gegeven in een hybride vorm, met zowel face-to-face als afstandsonderwijs.<\/p>\n<p>Deze ontwikkeling getuigt van het reactievermogen van de universiteit om steeds meer cursussen van hoge kwaliteit aan te bieden die voldoen aan de behoeften van heel Guyana.<\/p>\n<\/div>\n<\/div>\n<\/div>\n\n\n\n\n\t\t\t<\/div> \n\t\t<\/div>\n\t<\/div> \n<\/div><\/div>","protected":false},"excerpt":{"rendered":"Voor het nieuwe academische jaar heeft het welkom voor nieuwe studenten een make-over gekregen. De traditionele...","protected":false},"author":1,"featured_media":8508,"comment_status":"closed","ping_status":"open","sticky":false,"template":"","format":"standard","meta":{"iawp_total_views":95,"footnotes":""},"categories":[152],"tags":[],"class_list":{"0":"post-8507","1":"post","2":"type-post","3":"status-publish","4":"format-standard","5":"has-post-thumbnail","7":"category-dosip"},"yoast_head":"<!-- This site is optimized with the Yoast SEO plugin v27.5 - https:\/\/yoast.com\/product\/yoast-seo-wordpress\/ -->\n<title>Un nouveau format de rentr\u00e9e pour les primo-entrants &#8212; Universit\u00e9 de Guyane<\/title>\n<meta name=\"description\" content=\"Vivez une rentr\u00e9e inoubliable : d\u00e9couvrez votre campus, rencontrez vos futurs camarades et profitez d&#039;un accompagnement personnalis\u00e9.\" \/>\n<meta name=\"robots\" content=\"index, follow, max-snippet:-1, max-image-preview:large, max-video-preview:-1\" \/>\n<link rel=\"canonical\" href=\"https:\/\/www.univ-guyane.fr\/nl\/2023\/09\/12\/un-nouveau-format-de-rentree-pour-les-primo-entrants\/\" \/>\n<meta property=\"og:locale\" content=\"nl_NL\" \/>\n<meta property=\"og:type\" content=\"article\" \/>\n<meta property=\"og:title\" content=\"Un nouveau format de rentr\u00e9e pour les primo-entrants &#8212; Universit\u00e9 de Guyane\" \/>\n<meta property=\"og:description\" content=\"Vivez une rentr\u00e9e inoubliable : d\u00e9couvrez votre campus, rencontrez vos futurs camarades et profitez d&#039;un accompagnement personnalis\u00e9.\" \/>\n<meta property=\"og:url\" content=\"https:\/\/www.univ-guyane.fr\/nl\/2023\/09\/12\/un-nouveau-format-de-rentree-pour-les-primo-entrants\/\" \/>\n<meta property=\"og:site_name\" content=\"Universit\u00e9 de Guyane\" \/>\n<meta property=\"article:publisher\" content=\"https:\/\/www.facebook.com\/univguyane\" \/>\n<meta property=\"article:published_time\" content=\"2023-09-12T11:13:54+00:00\" \/>\n<meta property=\"article:modified_time\" content=\"2024-07-12T16:37:02+00:00\" \/>\n<meta property=\"og:image\" content=\"https:\/\/www.univ-guyane.fr\/wp-content\/uploads\/rentee-nouveaux-etudiants-2023-2024-7-universite-de-guyane.jpeg\" \/>\n\t<meta property=\"og:image:width\" content=\"1800\" \/>\n\t<meta property=\"og:image:height\" content=\"1013\" \/>\n\t<meta property=\"og:image:type\" content=\"image\/jpeg\" \/>\n<meta name=\"author\" content=\"Erick Loiti\u00e8re\" \/>\n<meta name=\"twitter:card\" content=\"summary_large_image\" \/>\n<meta name=\"twitter:creator\" content=\"@univguyane\" \/>\n<meta name=\"twitter:site\" content=\"@univguyane\" \/>\n<meta name=\"twitter:label1\" content=\"Geschreven door\" \/>\n\t<meta name=\"twitter:data1\" content=\"Erick Loiti\u00e8re\" \/>\n\t<meta name=\"twitter:label2\" content=\"Geschatte leestijd\" \/>\n\t<meta name=\"twitter:data2\" content=\"4 minuten\" \/>\n<script type=\"application\/ld+json\" class=\"yoast-schema-graph\">{\"@context\":\"https:\\\/\\\/schema.org\",\"@graph\":[{\"@type\":\"Article\",\"@id\":\"https:\\\/\\\/www.univ-guyane.fr\\\/2023\\\/09\\\/12\\\/un-nouveau-format-de-rentree-pour-les-primo-entrants\\\/#article\",\"isPartOf\":{\"@id\":\"https:\\\/\\\/www.univ-guyane.fr\\\/2023\\\/09\\\/12\\\/un-nouveau-format-de-rentree-pour-les-primo-entrants\\\/\"},\"author\":{\"name\":\"Erick Loiti\u00e8re\",\"@id\":\"https:\\\/\\\/www.univ-guyane.fr\\\/#\\\/schema\\\/person\\\/86d946a28a8be51bb096ccfdf19db179\"},\"headline\":\"Un nouveau format de rentr\u00e9e pour les primo-entrants\",\"datePublished\":\"2023-09-12T11:13:54+00:00\",\"dateModified\":\"2024-07-12T16:37:02+00:00\",\"mainEntityOfPage\":{\"@id\":\"https:\\\/\\\/www.univ-guyane.fr\\\/2023\\\/09\\\/12\\\/un-nouveau-format-de-rentree-pour-les-primo-entrants\\\/\"},\"wordCount\":875,\"publisher\":{\"@id\":\"https:\\\/\\\/www.univ-guyane.fr\\\/#organization\"},\"image\":{\"@id\":\"https:\\\/\\\/www.univ-guyane.fr\\\/2023\\\/09\\\/12\\\/un-nouveau-format-de-rentree-pour-les-primo-entrants\\\/#primaryimage\"},\"thumbnailUrl\":\"https:\\\/\\\/www.univ-guyane.fr\\\/wp-content\\\/uploads\\\/rentee-nouveaux-etudiants-2023-2024-7-universite-de-guyane.jpeg\",\"articleSection\":[\"\u2022 DOSIP\"],\"inLanguage\":\"nl-NL\"},{\"@type\":\"WebPage\",\"@id\":\"https:\\\/\\\/www.univ-guyane.fr\\\/2023\\\/09\\\/12\\\/un-nouveau-format-de-rentree-pour-les-primo-entrants\\\/\",\"url\":\"https:\\\/\\\/www.univ-guyane.fr\\\/2023\\\/09\\\/12\\\/un-nouveau-format-de-rentree-pour-les-primo-entrants\\\/\",\"name\":\"Un nouveau format de rentr\u00e9e pour les primo-entrants &#8212; Universit\u00e9 de Guyane\",\"isPartOf\":{\"@id\":\"https:\\\/\\\/www.univ-guyane.fr\\\/#website\"},\"primaryImageOfPage\":{\"@id\":\"https:\\\/\\\/www.univ-guyane.fr\\\/2023\\\/09\\\/12\\\/un-nouveau-format-de-rentree-pour-les-primo-entrants\\\/#primaryimage\"},\"image\":{\"@id\":\"https:\\\/\\\/www.univ-guyane.fr\\\/2023\\\/09\\\/12\\\/un-nouveau-format-de-rentree-pour-les-primo-entrants\\\/#primaryimage\"},\"thumbnailUrl\":\"https:\\\/\\\/www.univ-guyane.fr\\\/wp-content\\\/uploads\\\/rentee-nouveaux-etudiants-2023-2024-7-universite-de-guyane.jpeg\",\"datePublished\":\"2023-09-12T11:13:54+00:00\",\"dateModified\":\"2024-07-12T16:37:02+00:00\",\"description\":\"Vivez une rentr\u00e9e inoubliable : d\u00e9couvrez votre campus, rencontrez vos futurs camarades et profitez d'un accompagnement personnalis\u00e9.\",\"breadcrumb\":{\"@id\":\"https:\\\/\\\/www.univ-guyane.fr\\\/2023\\\/09\\\/12\\\/un-nouveau-format-de-rentree-pour-les-primo-entrants\\\/#breadcrumb\"},\"inLanguage\":\"nl-NL\",\"potentialAction\":[{\"@type\":\"ReadAction\",\"target\":[\"https:\\\/\\\/www.univ-guyane.fr\\\/2023\\\/09\\\/12\\\/un-nouveau-format-de-rentree-pour-les-primo-entrants\\\/\"]}]},{\"@type\":\"ImageObject\",\"inLanguage\":\"nl-NL\",\"@id\":\"https:\\\/\\\/www.univ-guyane.fr\\\/2023\\\/09\\\/12\\\/un-nouveau-format-de-rentree-pour-les-primo-entrants\\\/#primaryimage\",\"url\":\"https:\\\/\\\/www.univ-guyane.fr\\\/wp-content\\\/uploads\\\/rentee-nouveaux-etudiants-2023-2024-7-universite-de-guyane.jpeg\",\"contentUrl\":\"https:\\\/\\\/www.univ-guyane.fr\\\/wp-content\\\/uploads\\\/rentee-nouveaux-etudiants-2023-2024-7-universite-de-guyane.jpeg\",\"width\":1800,\"height\":1013,\"caption\":\"Un nouveau format de rentr\u00e9e pour les primo-entrants\"},{\"@type\":\"BreadcrumbList\",\"@id\":\"https:\\\/\\\/www.univ-guyane.fr\\\/2023\\\/09\\\/12\\\/un-nouveau-format-de-rentree-pour-les-primo-entrants\\\/#breadcrumb\",\"itemListElement\":[{\"@type\":\"ListItem\",\"position\":1,\"name\":\"Accueil\",\"item\":\"https:\\\/\\\/www.univ-guyane.fr\\\/\"},{\"@type\":\"ListItem\",\"position\":2,\"name\":\"Un nouveau format de rentr\u00e9e pour les primo-entrants\"}]},{\"@type\":\"WebSite\",\"@id\":\"https:\\\/\\\/www.univ-guyane.fr\\\/#website\",\"url\":\"https:\\\/\\\/www.univ-guyane.fr\\\/\",\"name\":\"Universit\u00e9 de Guyane\",\"description\":\"Au c\u0153ur de l&#039;amazonie\",\"publisher\":{\"@id\":\"https:\\\/\\\/www.univ-guyane.fr\\\/#organization\"},\"alternateName\":\"UG\",\"potentialAction\":[{\"@type\":\"SearchAction\",\"target\":{\"@type\":\"EntryPoint\",\"urlTemplate\":\"https:\\\/\\\/www.univ-guyane.fr\\\/?s={search_term_string}\"},\"query-input\":{\"@type\":\"PropertyValueSpecification\",\"valueRequired\":true,\"valueName\":\"search_term_string\"}}],\"inLanguage\":\"nl-NL\"},{\"@type\":\"Organization\",\"@id\":\"https:\\\/\\\/www.univ-guyane.fr\\\/#organization\",\"name\":\"Universit\u00e9 de Guyane\",\"alternateName\":\"UG\",\"url\":\"https:\\\/\\\/www.univ-guyane.fr\\\/\",\"logo\":{\"@type\":\"ImageObject\",\"inLanguage\":\"nl-NL\",\"@id\":\"https:\\\/\\\/www.univ-guyane.fr\\\/#\\\/schema\\\/logo\\\/image\\\/\",\"url\":\"https:\\\/\\\/www.univ-guyane.fr\\\/wp-content\\\/uploads\\\/2024\\\/05\\\/f.png\",\"contentUrl\":\"https:\\\/\\\/www.univ-guyane.fr\\\/wp-content\\\/uploads\\\/2024\\\/05\\\/f.png\",\"width\":1024,\"height\":1024,\"caption\":\"Universit\u00e9 de Guyane\"},\"image\":{\"@id\":\"https:\\\/\\\/www.univ-guyane.fr\\\/#\\\/schema\\\/logo\\\/image\\\/\"},\"sameAs\":[\"https:\\\/\\\/www.facebook.com\\\/univguyane\",\"https:\\\/\\\/x.com\\\/univguyane\",\"https:\\\/\\\/gf.linkedin.com\\\/school\\\/universite-de-guyane\\\/\",\"https:\\\/\\\/www.instagram.com\\\/univ_guyane\\\/\"]},{\"@type\":\"Person\",\"@id\":\"https:\\\/\\\/www.univ-guyane.fr\\\/#\\\/schema\\\/person\\\/86d946a28a8be51bb096ccfdf19db179\",\"name\":\"Erick Loiti\u00e8re\",\"image\":{\"@type\":\"ImageObject\",\"inLanguage\":\"nl-NL\",\"@id\":\"https:\\\/\\\/secure.gravatar.com\\\/avatar\\\/0584f332103fbeaf37e52c73b15dca3c547fd9300deb05764e9ad8714839d072?s=96&d=robohash&r=g\",\"url\":\"https:\\\/\\\/secure.gravatar.com\\\/avatar\\\/0584f332103fbeaf37e52c73b15dca3c547fd9300deb05764e9ad8714839d072?s=96&d=robohash&r=g\",\"contentUrl\":\"https:\\\/\\\/secure.gravatar.com\\\/avatar\\\/0584f332103fbeaf37e52c73b15dca3c547fd9300deb05764e9ad8714839d072?s=96&d=robohash&r=g\",\"caption\":\"Erick Loiti\u00e8re\"},\"sameAs\":[\"http:\\\/\\\/www.univ-guyane.fr\"],\"url\":\"https:\\\/\\\/www.univ-guyane.fr\\\/nl\\\/author\\\/eloitierdbz\\\/\"}]}<\/script>\n<!-- \/ Yoast SEO plugin. -->","yoast_head_json":{"title":"Een nieuw back-to-school format voor nieuwkomers - Universit\u00e9 de Guyane","description":"Beleef een onvergetelijke back-to-school ervaring: ontdek je campus, ontmoet je toekomstige klasgenoten en profiteer van persoonlijke ondersteuning.","robots":{"index":"index","follow":"follow","max-snippet":"max-snippet:-1","max-image-preview":"max-image-preview:large","max-video-preview":"max-video-preview:-1"},"canonical":"https:\/\/www.univ-guyane.fr\/nl\/2023\/09\/12\/un-nouveau-format-de-rentree-pour-les-primo-entrants\/","og_locale":"nl_NL","og_type":"article","og_title":"Un nouveau format de rentr\u00e9e pour les primo-entrants &#8212; Universit\u00e9 de Guyane","og_description":"Vivez une rentr\u00e9e inoubliable : d\u00e9couvrez votre campus, rencontrez vos futurs camarades et profitez d'un accompagnement personnalis\u00e9.","og_url":"https:\/\/www.univ-guyane.fr\/nl\/2023\/09\/12\/un-nouveau-format-de-rentree-pour-les-primo-entrants\/","og_site_name":"Universit\u00e9 de Guyane","article_publisher":"https:\/\/www.facebook.com\/univguyane","article_published_time":"2023-09-12T11:13:54+00:00","article_modified_time":"2024-07-12T16:37:02+00:00","og_image":[{"width":1800,"height":1013,"url":"https:\/\/www.univ-guyane.fr\/wp-content\/uploads\/rentee-nouveaux-etudiants-2023-2024-7-universite-de-guyane.jpeg","type":"image\/jpeg"}],"author":"Erick Loiti\u00e8re","twitter_card":"summary_large_image","twitter_creator":"@univguyane","twitter_site":"@univguyane","twitter_misc":{"Geschreven door":"Erick Loiti\u00e8re","Geschatte leestijd":"4 minuten"},"schema":{"@context":"https:\/\/schema.org","@graph":[{"@type":"Article","@id":"https:\/\/www.univ-guyane.fr\/2023\/09\/12\/un-nouveau-format-de-rentree-pour-les-primo-entrants\/#article","isPartOf":{"@id":"https:\/\/www.univ-guyane.fr\/2023\/09\/12\/un-nouveau-format-de-rentree-pour-les-primo-entrants\/"},"author":{"name":"Erick Loiti\u00e8re","@id":"https:\/\/www.univ-guyane.fr\/#\/schema\/person\/86d946a28a8be51bb096ccfdf19db179"},"headline":"Un nouveau format de rentr\u00e9e pour les primo-entrants","datePublished":"2023-09-12T11:13:54+00:00","dateModified":"2024-07-12T16:37:02+00:00","mainEntityOfPage":{"@id":"https:\/\/www.univ-guyane.fr\/2023\/09\/12\/un-nouveau-format-de-rentree-pour-les-primo-entrants\/"},"wordCount":875,"publisher":{"@id":"https:\/\/www.univ-guyane.fr\/#organization"},"image":{"@id":"https:\/\/www.univ-guyane.fr\/2023\/09\/12\/un-nouveau-format-de-rentree-pour-les-primo-entrants\/#primaryimage"},"thumbnailUrl":"https:\/\/www.univ-guyane.fr\/wp-content\/uploads\/rentee-nouveaux-etudiants-2023-2024-7-universite-de-guyane.jpeg","articleSection":["\u2022 DOSIP"],"inLanguage":"nl-NL"},{"@type":"WebPage","@id":"https:\/\/www.univ-guyane.fr\/2023\/09\/12\/un-nouveau-format-de-rentree-pour-les-primo-entrants\/","url":"https:\/\/www.univ-guyane.fr\/2023\/09\/12\/un-nouveau-format-de-rentree-pour-les-primo-entrants\/","name":"Een nieuw back-to-school format voor nieuwkomers - Universit\u00e9 de Guyane","isPartOf":{"@id":"https:\/\/www.univ-guyane.fr\/#website"},"primaryImageOfPage":{"@id":"https:\/\/www.univ-guyane.fr\/2023\/09\/12\/un-nouveau-format-de-rentree-pour-les-primo-entrants\/#primaryimage"},"image":{"@id":"https:\/\/www.univ-guyane.fr\/2023\/09\/12\/un-nouveau-format-de-rentree-pour-les-primo-entrants\/#primaryimage"},"thumbnailUrl":"https:\/\/www.univ-guyane.fr\/wp-content\/uploads\/rentee-nouveaux-etudiants-2023-2024-7-universite-de-guyane.jpeg","datePublished":"2023-09-12T11:13:54+00:00","dateModified":"2024-07-12T16:37:02+00:00","description":"Beleef een onvergetelijke back-to-school ervaring: ontdek je campus, ontmoet je toekomstige klasgenoten en profiteer van persoonlijke ondersteuning.","breadcrumb":{"@id":"https:\/\/www.univ-guyane.fr\/2023\/09\/12\/un-nouveau-format-de-rentree-pour-les-primo-entrants\/#breadcrumb"},"inLanguage":"nl-NL","potentialAction":[{"@type":"ReadAction","target":["https:\/\/www.univ-guyane.fr\/2023\/09\/12\/un-nouveau-format-de-rentree-pour-les-primo-entrants\/"]}]},{"@type":"ImageObject","inLanguage":"nl-NL","@id":"https:\/\/www.univ-guyane.fr\/2023\/09\/12\/un-nouveau-format-de-rentree-pour-les-primo-entrants\/#primaryimage","url":"https:\/\/www.univ-guyane.fr\/wp-content\/uploads\/rentee-nouveaux-etudiants-2023-2024-7-universite-de-guyane.jpeg","contentUrl":"https:\/\/www.univ-guyane.fr\/wp-content\/uploads\/rentee-nouveaux-etudiants-2023-2024-7-universite-de-guyane.jpeg","width":1800,"height":1013,"caption":"Un nouveau format de rentr\u00e9e pour les primo-entrants"},{"@type":"BreadcrumbList","@id":"https:\/\/www.univ-guyane.fr\/2023\/09\/12\/un-nouveau-format-de-rentree-pour-les-primo-entrants\/#breadcrumb","itemListElement":[{"@type":"ListItem","position":1,"name":"Accueil","item":"https:\/\/www.univ-guyane.fr\/"},{"@type":"ListItem","position":2,"name":"Un nouveau format de rentr\u00e9e pour les primo-entrants"}]},{"@type":"WebSite","@id":"https:\/\/www.univ-guyane.fr\/#website","url":"https:\/\/www.univ-guyane.fr\/","name":"Universiteit van Guyana","description":"In het hart van Amazonia","publisher":{"@id":"https:\/\/www.univ-guyane.fr\/#organization"},"alternateName":"UG","potentialAction":[{"@type":"SearchAction","target":{"@type":"EntryPoint","urlTemplate":"https:\/\/www.univ-guyane.fr\/?s={search_term_string}"},"query-input":{"@type":"PropertyValueSpecification","valueRequired":true,"valueName":"search_term_string"}}],"inLanguage":"nl-NL"},{"@type":"Organization","@id":"https:\/\/www.univ-guyane.fr\/#organization","name":"Universiteit van Guyana","alternateName":"UG","url":"https:\/\/www.univ-guyane.fr\/","logo":{"@type":"ImageObject","inLanguage":"nl-NL","@id":"https:\/\/www.univ-guyane.fr\/#\/schema\/logo\/image\/","url":"https:\/\/www.univ-guyane.fr\/wp-content\/uploads\/2024\/05\/f.png","contentUrl":"https:\/\/www.univ-guyane.fr\/wp-content\/uploads\/2024\/05\/f.png","width":1024,"height":1024,"caption":"Universit\u00e9 de Guyane"},"image":{"@id":"https:\/\/www.univ-guyane.fr\/#\/schema\/logo\/image\/"},"sameAs":["https:\/\/www.facebook.com\/univguyane","https:\/\/x.com\/univguyane","https:\/\/gf.linkedin.com\/school\/universite-de-guyane\/","https:\/\/www.instagram.com\/univ_guyane\/"]},{"@type":"Person","@id":"https:\/\/www.univ-guyane.fr\/#\/schema\/person\/86d946a28a8be51bb096ccfdf19db179","name":"Erick Loiti\u00e8re","image":{"@type":"ImageObject","inLanguage":"nl-NL","@id":"https:\/\/secure.gravatar.com\/avatar\/0584f332103fbeaf37e52c73b15dca3c547fd9300deb05764e9ad8714839d072?s=96&d=robohash&r=g","url":"https:\/\/secure.gravatar.com\/avatar\/0584f332103fbeaf37e52c73b15dca3c547fd9300deb05764e9ad8714839d072?s=96&d=robohash&r=g","contentUrl":"https:\/\/secure.gravatar.com\/avatar\/0584f332103fbeaf37e52c73b15dca3c547fd9300deb05764e9ad8714839d072?s=96&d=robohash&r=g","caption":"Erick Loiti\u00e8re"},"sameAs":["http:\/\/www.univ-guyane.fr"],"url":"https:\/\/www.univ-guyane.fr\/nl\/author\/eloitierdbz\/"}]}},"_links":{"self":[{"href":"https:\/\/www.univ-guyane.fr\/nl\/wp-json\/wp\/v2\/posts\/8507","targetHints":{"allow":["GET"]}}],"collection":[{"href":"https:\/\/www.univ-guyane.fr\/nl\/wp-json\/wp\/v2\/posts"}],"about":[{"href":"https:\/\/www.univ-guyane.fr\/nl\/wp-json\/wp\/v2\/types\/post"}],"author":[{"embeddable":true,"href":"https:\/\/www.univ-guyane.fr\/nl\/wp-json\/wp\/v2\/users\/1"}],"replies":[{"embeddable":true,"href":"https:\/\/www.univ-guyane.fr\/nl\/wp-json\/wp\/v2\/comments?post=8507"}],"version-history":[{"count":1,"href":"https:\/\/www.univ-guyane.fr\/nl\/wp-json\/wp\/v2\/posts\/8507\/revisions"}],"predecessor-version":[{"id":8509,"href":"https:\/\/www.univ-guyane.fr\/nl\/wp-json\/wp\/v2\/posts\/8507\/revisions\/8509"}],"wp:featuredmedia":[{"embeddable":true,"href":"https:\/\/www.univ-guyane.fr\/nl\/wp-json\/wp\/v2\/media\/8508"}],"wp:attachment":[{"href":"https:\/\/www.univ-guyane.fr\/nl\/wp-json\/wp\/v2\/media?parent=8507"}],"wp:term":[{"taxonomy":"category","embeddable":true,"href":"https:\/\/www.univ-guyane.fr\/nl\/wp-json\/wp\/v2\/categories?post=8507"},{"taxonomy":"post_tag","embeddable":true,"href":"https:\/\/www.univ-guyane.fr\/nl\/wp-json\/wp\/v2\/tags?post=8507"}],"curies":[{"name":"wp","href":"https:\/\/api.w.org\/{rel}","templated":true}]}}