{"id":8526,"date":"2023-06-22T08:47:43","date_gmt":"2023-06-22T11:47:43","guid":{"rendered":"https:\/\/www.univ-guyane.fr\/?p=8526"},"modified":"2024-06-18T08:49:54","modified_gmt":"2024-06-18T11:49:54","slug":"colloque-international-esclavage-engagisme-et-immigration","status":"publish","type":"post","link":"https:\/\/www.univ-guyane.fr\/nl\/2023\/06\/22\/colloque-international-esclavage-engagisme-et-immigration\/","title":{"rendered":"Internationale conferentie: \"Slavernij, engagement en immigratie\"."},"content":{"rendered":"<div id=\"fws_69f2429728b4f\"  data-column-margin=\"default\" data-midnight=\"dark\"  class=\"wpb_row vc_row-fluid vc_row\"  style=\"padding-top: 0px; padding-bottom: 0px; \"><div class=\"row-bg-wrap\" data-bg-animation=\"none\" data-bg-animation-delay=\"\" data-bg-overlay=\"false\"><div class=\"inner-wrap row-bg-layer\" ><div class=\"row-bg viewport-desktop\"  style=\"\"><\/div><\/div><\/div><div class=\"row_col_wrap_12 col span_12 dark left\">\n\t<div  class=\"vc_col-sm-12 wpb_column column_container vc_column_container col no-extra-padding inherit_tablet inherit_phone\"  data-padding-pos=\"all\" data-has-bg-color=\"false\" data-bg-color=\"\" data-bg-opacity=\"1\" data-animation=\"\" data-delay=\"0\" >\n\t\t<div class=\"vc_column-inner\" >\n\t\t\t<div class=\"wpb_wrapper\">\n\t\t\t\t\n<div class=\"wpb_text_column wpb_content_element  chapo\" >\n\t<h2>Een delegatie van de Universiteit van Guyana reisde van 06 tot 10 juni naar Suriname om deel te nemen aan een internationale conferentie georganiseerd door de Surinaamse Anton de Kom Universiteit over slavernij, engagement en de impact van immigratie op hedendaagse samenlevingen.<\/h2>\n<p>Baba en Mai\", Kleine Combeweg<\/p>\n<\/div>\n\n\n\n\n<div class=\"wpb_text_column wpb_content_element\" >\n\t<div class=\"wpb_text_column wpb_content_element\">\n<div class=\"wpb_wrapper\">\n<p class=\"p1\"><span class=\"nectar-dropcap\" >G <\/span>dankzij de steun van het BRI (Bureau des Relations Internationales) kreeg een delegatie van de Universiteit van Guyana, bestaande uit docent-onderzoekers Agn\u00e8s Clerc-Renaud en Marianne Palisse van de DFR LSH, en twee promovendi, Marquisar Jean-Jacques en Alex Greene, de kans om deel te nemen aan een grote conferentie die werd georganiseerd door de Anton de Kom Universiteit in Suriname. De conferentie richtte zich op de gevolgen van slavernij en immigratie in hedendaagse samenlevingen. Het doel van het evenement was het herdenken van een aantal belangrijke gebeurtenissen voor Suriname, waaronder :<\/p>\n<ul class=\"ul1\">\n<li class=\"li1\">De 170e verjaardag van de Chinese immigratie<\/li>\n<li class=\"li1\">De 170e verjaardag van de Portugese immigratie<\/li>\n<li class=\"li1\">De 160e verjaardag van de afschaffing van de slavernij<\/li>\n<li class=\"li1\">De 150e verjaardag van de Indiase immigratie<\/li>\n<\/ul>\n<\/div>\n<\/div>\n<div class=\"img-with-aniamtion-wrap custom-size\" data-max-width=\"100%\" data-max-width-mobile=\"default\" data-shadow=\"none\" data-animation=\"none\">\n<div class=\"inner\"><\/div>\n<\/div>\n<div class=\"wpb_text_column wpb_content_element\">\n<div class=\"wpb_wrapper\">\n<div id=\"lipsum\">\n<h3><\/h3>\n<h3>Actieve deelname<\/h3>\n<p>Het symposium begon op 6 juni 2023, vlak nadat de president van India een bezoek had gebracht aan Paramaribo om de 150e verjaardag van de aankomst van de eerste Indiase contractarbeiders te vieren. De openingstoespraak werd gehouden door de president van de Republiek Suriname. Vier dagen lang ontmoetten onderzoekers van over de hele wereld elkaar persoonlijk en soms per videoconferentie, met opvallende vertegenwoordiging uit Guyana, de Verenigde Staten, India, Brazili\u00eb, Trinidad en Tobago, Fiji, Duitsland en Nederland.<\/p>\n<p>Leden van de delegatie van onze universiteit namen deel aan dit symposium en hielden een aantal voordrachten over culturele en religieuze kwesties en de verplaatsing van mensen op het Guyana-schild. Ze bespraken in het bijzonder het Kali'na-gebied in de lagere Maroni-lagen, de Hmong-diaspora op het Guyana-schild, evenals de migratie van Ha\u00eftianen en hun beweging tussen Frans Guyana, Suriname en Brazili\u00eb.<\/p>\n<h3>Samenwerking en reflectie op onderzoek in de geesteswetenschappen en sociale wetenschappen<\/h3>\n<p>Opgemerkt moet worden dat dit colloquium een gelegenheid was voor een vruchtbare dialoog tussen delegaties van de Universiteit van Guyana en hun Surinaamse collega's, zoals Jack Menke, Kirtie Algoe en Maurits Hassankhan. Het Department of Training and Research in the Humanities and Social Sciences (DFR LSH) van de Universiteit van Guyana is van plan om samen met hen internationale trainingsprojecten op te zetten als onderdeel van het AIBSI (Amazon Institute for Biodiversity and Sustainable Innovation).<\/p>\n<p>Dankzij de aanwezigheid van mevrouw Evilania Bento da Cunha van de Federale Universiteit van Amap\u00e1, campus Oiapoque (Brazili\u00eb), kon een tripartiete uitwisseling worden opgezet die bevorderlijk is voor de samenwerking tussen de opleidingen die door deze drie universiteiten op het Guyana Plateau worden aangeboden. Het was ook een stimulans om na te denken over de opbouw van een onderzoeksnetwerk in de geesteswetenschappen en sociale wetenschappen.<\/p>\n<\/div>\n<\/div>\n<\/div>\n<\/div>\n\n\n\n\n\t\t\t<\/div> \n\t\t<\/div>\n\t<\/div> \n<\/div><\/div>","protected":false},"excerpt":{"rendered":"Een delegatie van de Universiteit van Guyana bezocht Suriname van 06 tot 10 juni...","protected":false},"author":1,"featured_media":8523,"comment_status":"closed","ping_status":"open","sticky":false,"template":"","format":"standard","meta":{"iawp_total_views":44,"footnotes":""},"categories":[14,145],"tags":[],"class_list":{"0":"post-8526","1":"post","2":"type-post","3":"status-publish","4":"format-standard","5":"has-post-thumbnail","7":"category-lsh","8":"category-actualites"},"yoast_head":"<!-- This site is optimized with the Yoast SEO plugin v27.5 - https:\/\/yoast.com\/product\/yoast-seo-wordpress\/ -->\n<title>Colloque international : \u00ab Esclavage, engagisme et immigration \u00bb &#8212; Universit\u00e9 de Guyane<\/title>\n<meta name=\"description\" content=\"D\u00e9couvrez les cons\u00e9quences de l&#039;esclavage et de l&#039;immigration lors d&#039;un colloque international. Un \u00e9v\u00e9nement majeur pour comm\u00e9morer ces \u00e9v\u00e9nements importants dans la soci\u00e9t\u00e9 contemporaine.\" \/>\n<meta name=\"robots\" content=\"index, follow, max-snippet:-1, max-image-preview:large, max-video-preview:-1\" \/>\n<link rel=\"canonical\" href=\"https:\/\/www.univ-guyane.fr\/nl\/2023\/06\/22\/colloque-international-esclavage-engagisme-et-immigration\/\" \/>\n<meta property=\"og:locale\" content=\"nl_NL\" \/>\n<meta property=\"og:type\" content=\"article\" \/>\n<meta property=\"og:title\" content=\"Colloque international : \u00ab Esclavage, engagisme et immigration \u00bb &#8212; Universit\u00e9 de Guyane\" \/>\n<meta property=\"og:description\" content=\"D\u00e9couvrez les cons\u00e9quences de l&#039;esclavage et de l&#039;immigration lors d&#039;un colloque international. Un \u00e9v\u00e9nement majeur pour comm\u00e9morer ces \u00e9v\u00e9nements importants dans la soci\u00e9t\u00e9 contemporaine.\" \/>\n<meta property=\"og:url\" content=\"https:\/\/www.univ-guyane.fr\/nl\/2023\/06\/22\/colloque-international-esclavage-engagisme-et-immigration\/\" \/>\n<meta property=\"og:site_name\" content=\"Universit\u00e9 de Guyane\" \/>\n<meta property=\"article:publisher\" content=\"https:\/\/www.facebook.com\/univguyane\" \/>\n<meta property=\"article:published_time\" content=\"2023-06-22T11:47:43+00:00\" \/>\n<meta property=\"article:modified_time\" content=\"2024-06-18T11:49:54+00:00\" \/>\n<meta property=\"og:image\" content=\"https:\/\/www.univ-guyane.fr\/wp-content\/uploads\/Paramaribo-Kleine-Combeweg-Baba_en_Mai.jpeg\" \/>\n\t<meta property=\"og:image:width\" content=\"1800\" \/>\n\t<meta property=\"og:image:height\" content=\"1013\" \/>\n\t<meta property=\"og:image:type\" content=\"image\/jpeg\" \/>\n<meta name=\"author\" content=\"Erick Loiti\u00e8re\" \/>\n<meta name=\"twitter:card\" content=\"summary_large_image\" \/>\n<meta name=\"twitter:creator\" content=\"@univguyane\" \/>\n<meta name=\"twitter:site\" content=\"@univguyane\" \/>\n<meta name=\"twitter:label1\" content=\"Geschreven door\" \/>\n\t<meta name=\"twitter:data1\" content=\"Erick Loiti\u00e8re\" \/>\n\t<meta name=\"twitter:label2\" content=\"Geschatte leestijd\" \/>\n\t<meta name=\"twitter:data2\" content=\"3 minuten\" \/>\n<script type=\"application\/ld+json\" class=\"yoast-schema-graph\">{\"@context\":\"https:\\\/\\\/schema.org\",\"@graph\":[{\"@type\":\"Article\",\"@id\":\"https:\\\/\\\/www.univ-guyane.fr\\\/2023\\\/06\\\/22\\\/colloque-international-esclavage-engagisme-et-immigration\\\/#article\",\"isPartOf\":{\"@id\":\"https:\\\/\\\/www.univ-guyane.fr\\\/2023\\\/06\\\/22\\\/colloque-international-esclavage-engagisme-et-immigration\\\/\"},\"author\":{\"name\":\"Erick Loiti\u00e8re\",\"@id\":\"https:\\\/\\\/www.univ-guyane.fr\\\/#\\\/schema\\\/person\\\/86d946a28a8be51bb096ccfdf19db179\"},\"headline\":\"Colloque international : \u00ab Esclavage, engagisme et immigration \u00bb\",\"datePublished\":\"2023-06-22T11:47:43+00:00\",\"dateModified\":\"2024-06-18T11:49:54+00:00\",\"mainEntityOfPage\":{\"@id\":\"https:\\\/\\\/www.univ-guyane.fr\\\/2023\\\/06\\\/22\\\/colloque-international-esclavage-engagisme-et-immigration\\\/\"},\"wordCount\":721,\"publisher\":{\"@id\":\"https:\\\/\\\/www.univ-guyane.fr\\\/#organization\"},\"image\":{\"@id\":\"https:\\\/\\\/www.univ-guyane.fr\\\/2023\\\/06\\\/22\\\/colloque-international-esclavage-engagisme-et-immigration\\\/#primaryimage\"},\"thumbnailUrl\":\"https:\\\/\\\/www.univ-guyane.fr\\\/wp-content\\\/uploads\\\/Paramaribo-Kleine-Combeweg-Baba_en_Mai.jpeg\",\"articleSection\":[\"\u2022 LSH\",\"Actualit\u00e9s\"],\"inLanguage\":\"nl-NL\"},{\"@type\":\"WebPage\",\"@id\":\"https:\\\/\\\/www.univ-guyane.fr\\\/2023\\\/06\\\/22\\\/colloque-international-esclavage-engagisme-et-immigration\\\/\",\"url\":\"https:\\\/\\\/www.univ-guyane.fr\\\/2023\\\/06\\\/22\\\/colloque-international-esclavage-engagisme-et-immigration\\\/\",\"name\":\"Colloque international : \u00ab Esclavage, engagisme et immigration \u00bb &#8212; Universit\u00e9 de Guyane\",\"isPartOf\":{\"@id\":\"https:\\\/\\\/www.univ-guyane.fr\\\/#website\"},\"primaryImageOfPage\":{\"@id\":\"https:\\\/\\\/www.univ-guyane.fr\\\/2023\\\/06\\\/22\\\/colloque-international-esclavage-engagisme-et-immigration\\\/#primaryimage\"},\"image\":{\"@id\":\"https:\\\/\\\/www.univ-guyane.fr\\\/2023\\\/06\\\/22\\\/colloque-international-esclavage-engagisme-et-immigration\\\/#primaryimage\"},\"thumbnailUrl\":\"https:\\\/\\\/www.univ-guyane.fr\\\/wp-content\\\/uploads\\\/Paramaribo-Kleine-Combeweg-Baba_en_Mai.jpeg\",\"datePublished\":\"2023-06-22T11:47:43+00:00\",\"dateModified\":\"2024-06-18T11:49:54+00:00\",\"description\":\"D\u00e9couvrez les cons\u00e9quences de l'esclavage et de l'immigration lors d'un colloque international. Un \u00e9v\u00e9nement majeur pour comm\u00e9morer ces \u00e9v\u00e9nements importants dans la soci\u00e9t\u00e9 contemporaine.\",\"breadcrumb\":{\"@id\":\"https:\\\/\\\/www.univ-guyane.fr\\\/2023\\\/06\\\/22\\\/colloque-international-esclavage-engagisme-et-immigration\\\/#breadcrumb\"},\"inLanguage\":\"nl-NL\",\"potentialAction\":[{\"@type\":\"ReadAction\",\"target\":[\"https:\\\/\\\/www.univ-guyane.fr\\\/2023\\\/06\\\/22\\\/colloque-international-esclavage-engagisme-et-immigration\\\/\"]}]},{\"@type\":\"ImageObject\",\"inLanguage\":\"nl-NL\",\"@id\":\"https:\\\/\\\/www.univ-guyane.fr\\\/2023\\\/06\\\/22\\\/colloque-international-esclavage-engagisme-et-immigration\\\/#primaryimage\",\"url\":\"https:\\\/\\\/www.univ-guyane.fr\\\/wp-content\\\/uploads\\\/Paramaribo-Kleine-Combeweg-Baba_en_Mai.jpeg\",\"contentUrl\":\"https:\\\/\\\/www.univ-guyane.fr\\\/wp-content\\\/uploads\\\/Paramaribo-Kleine-Combeweg-Baba_en_Mai.jpeg\",\"width\":1800,\"height\":1013,\"caption\":\"Colloque international : \u00ab Esclavage, engagisme et immigration \u00bb\"},{\"@type\":\"BreadcrumbList\",\"@id\":\"https:\\\/\\\/www.univ-guyane.fr\\\/2023\\\/06\\\/22\\\/colloque-international-esclavage-engagisme-et-immigration\\\/#breadcrumb\",\"itemListElement\":[{\"@type\":\"ListItem\",\"position\":1,\"name\":\"Accueil\",\"item\":\"https:\\\/\\\/www.univ-guyane.fr\\\/\"},{\"@type\":\"ListItem\",\"position\":2,\"name\":\"Colloque international : \u00ab Esclavage, engagisme et immigration \u00bb\"}]},{\"@type\":\"WebSite\",\"@id\":\"https:\\\/\\\/www.univ-guyane.fr\\\/#website\",\"url\":\"https:\\\/\\\/www.univ-guyane.fr\\\/\",\"name\":\"Universit\u00e9 de Guyane\",\"description\":\"Au c\u0153ur de l&#039;amazonie\",\"publisher\":{\"@id\":\"https:\\\/\\\/www.univ-guyane.fr\\\/#organization\"},\"alternateName\":\"UG\",\"potentialAction\":[{\"@type\":\"SearchAction\",\"target\":{\"@type\":\"EntryPoint\",\"urlTemplate\":\"https:\\\/\\\/www.univ-guyane.fr\\\/?s={search_term_string}\"},\"query-input\":{\"@type\":\"PropertyValueSpecification\",\"valueRequired\":true,\"valueName\":\"search_term_string\"}}],\"inLanguage\":\"nl-NL\"},{\"@type\":\"Organization\",\"@id\":\"https:\\\/\\\/www.univ-guyane.fr\\\/#organization\",\"name\":\"Universit\u00e9 de Guyane\",\"alternateName\":\"UG\",\"url\":\"https:\\\/\\\/www.univ-guyane.fr\\\/\",\"logo\":{\"@type\":\"ImageObject\",\"inLanguage\":\"nl-NL\",\"@id\":\"https:\\\/\\\/www.univ-guyane.fr\\\/#\\\/schema\\\/logo\\\/image\\\/\",\"url\":\"https:\\\/\\\/www.univ-guyane.fr\\\/wp-content\\\/uploads\\\/2024\\\/05\\\/f.png\",\"contentUrl\":\"https:\\\/\\\/www.univ-guyane.fr\\\/wp-content\\\/uploads\\\/2024\\\/05\\\/f.png\",\"width\":1024,\"height\":1024,\"caption\":\"Universit\u00e9 de Guyane\"},\"image\":{\"@id\":\"https:\\\/\\\/www.univ-guyane.fr\\\/#\\\/schema\\\/logo\\\/image\\\/\"},\"sameAs\":[\"https:\\\/\\\/www.facebook.com\\\/univguyane\",\"https:\\\/\\\/x.com\\\/univguyane\",\"https:\\\/\\\/gf.linkedin.com\\\/school\\\/universite-de-guyane\\\/\",\"https:\\\/\\\/www.instagram.com\\\/univ_guyane\\\/\"]},{\"@type\":\"Person\",\"@id\":\"https:\\\/\\\/www.univ-guyane.fr\\\/#\\\/schema\\\/person\\\/86d946a28a8be51bb096ccfdf19db179\",\"name\":\"Erick Loiti\u00e8re\",\"image\":{\"@type\":\"ImageObject\",\"inLanguage\":\"nl-NL\",\"@id\":\"https:\\\/\\\/secure.gravatar.com\\\/avatar\\\/0584f332103fbeaf37e52c73b15dca3c547fd9300deb05764e9ad8714839d072?s=96&d=robohash&r=g\",\"url\":\"https:\\\/\\\/secure.gravatar.com\\\/avatar\\\/0584f332103fbeaf37e52c73b15dca3c547fd9300deb05764e9ad8714839d072?s=96&d=robohash&r=g\",\"contentUrl\":\"https:\\\/\\\/secure.gravatar.com\\\/avatar\\\/0584f332103fbeaf37e52c73b15dca3c547fd9300deb05764e9ad8714839d072?s=96&d=robohash&r=g\",\"caption\":\"Erick Loiti\u00e8re\"},\"sameAs\":[\"http:\\\/\\\/www.univ-guyane.fr\"],\"url\":\"https:\\\/\\\/www.univ-guyane.fr\\\/nl\\\/author\\\/eloitierdbz\\\/\"}]}<\/script>\n<!-- \/ Yoast SEO plugin. -->","yoast_head_json":{"title":"Colloque international : \u00ab Esclavage, engagisme et immigration \u00bb &#8212; Universit\u00e9 de Guyane","description":"D\u00e9couvrez les cons\u00e9quences de l'esclavage et de l'immigration lors d'un colloque international. Un \u00e9v\u00e9nement majeur pour comm\u00e9morer ces \u00e9v\u00e9nements importants dans la soci\u00e9t\u00e9 contemporaine.","robots":{"index":"index","follow":"follow","max-snippet":"max-snippet:-1","max-image-preview":"max-image-preview:large","max-video-preview":"max-video-preview:-1"},"canonical":"https:\/\/www.univ-guyane.fr\/nl\/2023\/06\/22\/colloque-international-esclavage-engagisme-et-immigration\/","og_locale":"nl_NL","og_type":"article","og_title":"Colloque international : \u00ab Esclavage, engagisme et immigration \u00bb &#8212; Universit\u00e9 de Guyane","og_description":"D\u00e9couvrez les cons\u00e9quences de l'esclavage et de l'immigration lors d'un colloque international. Un \u00e9v\u00e9nement majeur pour comm\u00e9morer ces \u00e9v\u00e9nements importants dans la soci\u00e9t\u00e9 contemporaine.","og_url":"https:\/\/www.univ-guyane.fr\/nl\/2023\/06\/22\/colloque-international-esclavage-engagisme-et-immigration\/","og_site_name":"Universit\u00e9 de Guyane","article_publisher":"https:\/\/www.facebook.com\/univguyane","article_published_time":"2023-06-22T11:47:43+00:00","article_modified_time":"2024-06-18T11:49:54+00:00","og_image":[{"width":1800,"height":1013,"url":"https:\/\/www.univ-guyane.fr\/wp-content\/uploads\/Paramaribo-Kleine-Combeweg-Baba_en_Mai.jpeg","type":"image\/jpeg"}],"author":"Erick Loiti\u00e8re","twitter_card":"summary_large_image","twitter_creator":"@univguyane","twitter_site":"@univguyane","twitter_misc":{"Geschreven door":"Erick Loiti\u00e8re","Geschatte leestijd":"3 minuten"},"schema":{"@context":"https:\/\/schema.org","@graph":[{"@type":"Article","@id":"https:\/\/www.univ-guyane.fr\/2023\/06\/22\/colloque-international-esclavage-engagisme-et-immigration\/#article","isPartOf":{"@id":"https:\/\/www.univ-guyane.fr\/2023\/06\/22\/colloque-international-esclavage-engagisme-et-immigration\/"},"author":{"name":"Erick Loiti\u00e8re","@id":"https:\/\/www.univ-guyane.fr\/#\/schema\/person\/86d946a28a8be51bb096ccfdf19db179"},"headline":"Colloque international : \u00ab Esclavage, engagisme et immigration \u00bb","datePublished":"2023-06-22T11:47:43+00:00","dateModified":"2024-06-18T11:49:54+00:00","mainEntityOfPage":{"@id":"https:\/\/www.univ-guyane.fr\/2023\/06\/22\/colloque-international-esclavage-engagisme-et-immigration\/"},"wordCount":721,"publisher":{"@id":"https:\/\/www.univ-guyane.fr\/#organization"},"image":{"@id":"https:\/\/www.univ-guyane.fr\/2023\/06\/22\/colloque-international-esclavage-engagisme-et-immigration\/#primaryimage"},"thumbnailUrl":"https:\/\/www.univ-guyane.fr\/wp-content\/uploads\/Paramaribo-Kleine-Combeweg-Baba_en_Mai.jpeg","articleSection":["\u2022 LSH","Actualit\u00e9s"],"inLanguage":"nl-NL"},{"@type":"WebPage","@id":"https:\/\/www.univ-guyane.fr\/2023\/06\/22\/colloque-international-esclavage-engagisme-et-immigration\/","url":"https:\/\/www.univ-guyane.fr\/2023\/06\/22\/colloque-international-esclavage-engagisme-et-immigration\/","name":"Colloque international : \u00ab Esclavage, engagisme et immigration \u00bb &#8212; Universit\u00e9 de Guyane","isPartOf":{"@id":"https:\/\/www.univ-guyane.fr\/#website"},"primaryImageOfPage":{"@id":"https:\/\/www.univ-guyane.fr\/2023\/06\/22\/colloque-international-esclavage-engagisme-et-immigration\/#primaryimage"},"image":{"@id":"https:\/\/www.univ-guyane.fr\/2023\/06\/22\/colloque-international-esclavage-engagisme-et-immigration\/#primaryimage"},"thumbnailUrl":"https:\/\/www.univ-guyane.fr\/wp-content\/uploads\/Paramaribo-Kleine-Combeweg-Baba_en_Mai.jpeg","datePublished":"2023-06-22T11:47:43+00:00","dateModified":"2024-06-18T11:49:54+00:00","description":"D\u00e9couvrez les cons\u00e9quences de l'esclavage et de l'immigration lors d'un colloque international. Un \u00e9v\u00e9nement majeur pour comm\u00e9morer ces \u00e9v\u00e9nements importants dans la soci\u00e9t\u00e9 contemporaine.","breadcrumb":{"@id":"https:\/\/www.univ-guyane.fr\/2023\/06\/22\/colloque-international-esclavage-engagisme-et-immigration\/#breadcrumb"},"inLanguage":"nl-NL","potentialAction":[{"@type":"ReadAction","target":["https:\/\/www.univ-guyane.fr\/2023\/06\/22\/colloque-international-esclavage-engagisme-et-immigration\/"]}]},{"@type":"ImageObject","inLanguage":"nl-NL","@id":"https:\/\/www.univ-guyane.fr\/2023\/06\/22\/colloque-international-esclavage-engagisme-et-immigration\/#primaryimage","url":"https:\/\/www.univ-guyane.fr\/wp-content\/uploads\/Paramaribo-Kleine-Combeweg-Baba_en_Mai.jpeg","contentUrl":"https:\/\/www.univ-guyane.fr\/wp-content\/uploads\/Paramaribo-Kleine-Combeweg-Baba_en_Mai.jpeg","width":1800,"height":1013,"caption":"Colloque international : \u00ab Esclavage, engagisme et immigration \u00bb"},{"@type":"BreadcrumbList","@id":"https:\/\/www.univ-guyane.fr\/2023\/06\/22\/colloque-international-esclavage-engagisme-et-immigration\/#breadcrumb","itemListElement":[{"@type":"ListItem","position":1,"name":"Accueil","item":"https:\/\/www.univ-guyane.fr\/"},{"@type":"ListItem","position":2,"name":"Colloque international : \u00ab Esclavage, engagisme et immigration \u00bb"}]},{"@type":"WebSite","@id":"https:\/\/www.univ-guyane.fr\/#website","url":"https:\/\/www.univ-guyane.fr\/","name":"Universiteit van Guyana","description":"In het hart van Amazonia","publisher":{"@id":"https:\/\/www.univ-guyane.fr\/#organization"},"alternateName":"UG","potentialAction":[{"@type":"SearchAction","target":{"@type":"EntryPoint","urlTemplate":"https:\/\/www.univ-guyane.fr\/?s={search_term_string}"},"query-input":{"@type":"PropertyValueSpecification","valueRequired":true,"valueName":"search_term_string"}}],"inLanguage":"nl-NL"},{"@type":"Organization","@id":"https:\/\/www.univ-guyane.fr\/#organization","name":"Universiteit van Guyana","alternateName":"UG","url":"https:\/\/www.univ-guyane.fr\/","logo":{"@type":"ImageObject","inLanguage":"nl-NL","@id":"https:\/\/www.univ-guyane.fr\/#\/schema\/logo\/image\/","url":"https:\/\/www.univ-guyane.fr\/wp-content\/uploads\/2024\/05\/f.png","contentUrl":"https:\/\/www.univ-guyane.fr\/wp-content\/uploads\/2024\/05\/f.png","width":1024,"height":1024,"caption":"Universit\u00e9 de Guyane"},"image":{"@id":"https:\/\/www.univ-guyane.fr\/#\/schema\/logo\/image\/"},"sameAs":["https:\/\/www.facebook.com\/univguyane","https:\/\/x.com\/univguyane","https:\/\/gf.linkedin.com\/school\/universite-de-guyane\/","https:\/\/www.instagram.com\/univ_guyane\/"]},{"@type":"Person","@id":"https:\/\/www.univ-guyane.fr\/#\/schema\/person\/86d946a28a8be51bb096ccfdf19db179","name":"Erick Loiti\u00e8re","image":{"@type":"ImageObject","inLanguage":"nl-NL","@id":"https:\/\/secure.gravatar.com\/avatar\/0584f332103fbeaf37e52c73b15dca3c547fd9300deb05764e9ad8714839d072?s=96&d=robohash&r=g","url":"https:\/\/secure.gravatar.com\/avatar\/0584f332103fbeaf37e52c73b15dca3c547fd9300deb05764e9ad8714839d072?s=96&d=robohash&r=g","contentUrl":"https:\/\/secure.gravatar.com\/avatar\/0584f332103fbeaf37e52c73b15dca3c547fd9300deb05764e9ad8714839d072?s=96&d=robohash&r=g","caption":"Erick Loiti\u00e8re"},"sameAs":["http:\/\/www.univ-guyane.fr"],"url":"https:\/\/www.univ-guyane.fr\/nl\/author\/eloitierdbz\/"}]}},"_links":{"self":[{"href":"https:\/\/www.univ-guyane.fr\/nl\/wp-json\/wp\/v2\/posts\/8526","targetHints":{"allow":["GET"]}}],"collection":[{"href":"https:\/\/www.univ-guyane.fr\/nl\/wp-json\/wp\/v2\/posts"}],"about":[{"href":"https:\/\/www.univ-guyane.fr\/nl\/wp-json\/wp\/v2\/types\/post"}],"author":[{"embeddable":true,"href":"https:\/\/www.univ-guyane.fr\/nl\/wp-json\/wp\/v2\/users\/1"}],"replies":[{"embeddable":true,"href":"https:\/\/www.univ-guyane.fr\/nl\/wp-json\/wp\/v2\/comments?post=8526"}],"version-history":[{"count":1,"href":"https:\/\/www.univ-guyane.fr\/nl\/wp-json\/wp\/v2\/posts\/8526\/revisions"}],"predecessor-version":[{"id":8527,"href":"https:\/\/www.univ-guyane.fr\/nl\/wp-json\/wp\/v2\/posts\/8526\/revisions\/8527"}],"wp:featuredmedia":[{"embeddable":true,"href":"https:\/\/www.univ-guyane.fr\/nl\/wp-json\/wp\/v2\/media\/8523"}],"wp:attachment":[{"href":"https:\/\/www.univ-guyane.fr\/nl\/wp-json\/wp\/v2\/media?parent=8526"}],"wp:term":[{"taxonomy":"category","embeddable":true,"href":"https:\/\/www.univ-guyane.fr\/nl\/wp-json\/wp\/v2\/categories?post=8526"},{"taxonomy":"post_tag","embeddable":true,"href":"https:\/\/www.univ-guyane.fr\/nl\/wp-json\/wp\/v2\/tags?post=8526"}],"curies":[{"name":"wp","href":"https:\/\/api.w.org\/{rel}","templated":true}]}}