{"id":8528,"date":"2023-06-01T08:50:19","date_gmt":"2023-06-01T11:50:19","guid":{"rendered":"https:\/\/www.univ-guyane.fr\/?p=8528"},"modified":"2024-06-18T08:55:21","modified_gmt":"2024-06-18T11:55:21","slug":"table-ronde-sur-le-developpement-des-formations-universitaires-dans-louest-guyanais","status":"publish","type":"post","link":"https:\/\/www.univ-guyane.fr\/nl\/2023\/06\/01\/table-ronde-sur-le-developpement-des-formations-universitaires-dans-louest-guyanais\/","title":{"rendered":"Rondetafelconferentie over de ontwikkeling van universitair onderwijs in West-Guyana"},"content":{"rendered":"<div id=\"fws_69f465cbac4a5\"  data-column-margin=\"default\" data-midnight=\"dark\"  class=\"wpb_row vc_row-fluid vc_row\"  style=\"padding-top: 0px; padding-bottom: 0px; \"><div class=\"row-bg-wrap\" data-bg-animation=\"none\" data-bg-animation-delay=\"\" data-bg-overlay=\"false\"><div class=\"inner-wrap row-bg-layer\" ><div class=\"row-bg viewport-desktop\"  style=\"\"><\/div><\/div><\/div><div class=\"row_col_wrap_12 col span_12 dark left\">\n\t<div  class=\"vc_col-sm-12 wpb_column column_container vc_column_container col no-extra-padding inherit_tablet inherit_phone\"  data-padding-pos=\"all\" data-has-bg-color=\"false\" data-bg-color=\"\" data-bg-opacity=\"1\" data-animation=\"\" data-delay=\"0\" >\n\t\t<div class=\"vc_column-inner\" >\n\t\t\t<div class=\"wpb_wrapper\">\n\t\t\t\t\n<div class=\"wpb_text_column wpb_content_element  chapo\" >\n\t<h2><strong>De president, Laurent LINGUET, vergezeld door een delegatie van de Universiteit van Frans Guyana (UG), was van donderdag 25 tot vrijdag 26 mei 2023 in West-Guyana om een rondetafelgesprek te leiden over \"De ontwikkeling van universitair onderwijs in West-Guyana\".<\/strong><\/h2>\n<\/div>\n\n\n\n\n<div class=\"wpb_text_column wpb_content_element\" >\n\t<p><span class=\"nectar-dropcap\" >C' <\/span>t was in samenwerking met mevrouw Sophie Charles, burgemeester van Saint-Laurent-du-Maroni en de heer Philippe Dulbecco, rector van de Acad\u00e9mie de Guyane en kanselier van de universiteiten dat Laurent Linguet, voorzitter van de UG, zijn eerste rondetafelgesprek hield over de ontplooiing van de Universiteit van Guyana in West-Guyana. Het evenement vond plaats in het gemeentehuis van Saint-Laurent, met deelname van economische actoren (MEDEF, FR BTP, R\u00e9seau Entreprendre, etc.), academici, onderwijs (schoolhoofden van middelbare scholen) en opleiding (PP+, IRDTS, etc.), evenals lokale overheden (CTG, gemeentehuizen, etc.) en andere overheidsinstanties (DGCOP, subprefectuur, etc.).<\/p>\n<div id=\"lipsum\">\n<h3><strong>West-Guyana, een regio voor de toekomst. Wat zijn de prognoses?<\/strong><\/h3>\n<p>Thierry Nicolas, die verantwoordelijk is voor de regio West-Guyana, gaf een overzicht van de cursussen die momenteel worden aangeboden door de UG in Saint-Laurent. Het huidige cursusaanbod is vooral gericht op het beroep van leraar, met een DUSED en een 3PE wiskunde bachelor die leiden tot een MEEF master aan het INSPE. Aan de kant van de onderwijsautoriteiten zijn er ook BTS-cursussen in middelbare scholen.<\/p>\n<p>In een regio waar veel gebouwd en veranderd wordt, is er een groeiende behoefte aan vaardigheden. In tal van sectoren, zoals sociale dienstverlening, gezondheidszorg, onderwijs, bouw en openbare werken, cultuur, erfgoed en digitale technologie, is er veel vraag naar vaardigheden. Er is een groeiende vraag naar opleidingen voor leidinggevenden. Veel bedrijven zijn gedwongen om buiten de regio te kijken vanwege een gebrek aan lokale vaardigheden. Om aan deze behoeften te voldoen, heeft Fr\u00e9d\u00e9ric Bondil, vicevoorzitter van Training en Universitair Leven, een aantal voorstellen gedaan om de bestaande BTS-opleidingen in het westen uit te breiden met professionele graden van de UG. Deze cursussen zouden hybride kunnen worden aangeboden. Er werden ook voorstellen gedaan om civieltechnische opleidingen aan de UG open te stellen. De discussie met de deelnemers was zeer leerzaam en constructief.<\/p>\n<p>Gebleken is dat het westen van Frans-Guyana specifieke geografische, culturele en economische kenmerken heeft die het verdienen te worden benadrukt (grensstad, historisch erfgoed, roeping voor culturele evenementen, enz. Het is niet de bedoeling dat de UG een copy\/paste wordt van de bestaande campus Troubiran. Er is ook geen sprake van om het minder goed te doen dan in Cayenne. Het doel is om een kwaliteitsvolle service te bieden aan potenti\u00eble studenten zodat ze dezelfde kansen hebben om een job te vinden als studenten op de campussen van Cayenne en Kourou.<\/p>\n<p>Er werd een grondreserve van enkele hectaren aangekondigd voor de bouw van een toekomstige campus aan de ingang van Saint-Laurent en de deelnemers waren het erover eens dat de mogelijke opening van de toekomstige universiteitscampus tegen 2030 zou moeten plaatsvinden.<\/p>\n<h3>Een plaatselijke universiteit<\/h3>\n<p>De delegatie vervolgde op vrijdag 26 mei met ontmoetingen met mevrouw C\u00e9line R\u00e9gis, burgemeester van Iracoubo en de heer Michel-Ange J\u00e9r\u00e9mie, burgemeester van Sinnamary. Deze ontmoetingen, die in een intiemere setting plaatsvonden, boden de gelegenheid om de problemen en regionale projecten van deze twee gemeenten te bespreken en om de diensten van de UG op het gebied van opleiding, onderzoek, engineering en projectontwikkeling aan te bieden.<\/p>\n<p>Door middel van deze bijeenkomsten bevestigt de Universiteit van Frans Guyana haar rol als lokale universiteit, in harmonie met de lokale gemeenschap en erop gebrand om een rol te spelen in de sociale, economische en culturele ontwikkeling van Frans Guyana.<\/p>\n<\/div>\n<\/div>\n\n\n\n\n\t\t\t<\/div> \n\t\t<\/div>\n\t<\/div> \n<\/div><\/div>","protected":false},"excerpt":{"rendered":"De president, Laurent LINGUET, vergezeld door een delegatie van de Universiteit van Guyana (UG), was op reis naar...","protected":false},"author":1,"featured_media":8529,"comment_status":"closed","ping_status":"open","sticky":false,"template":"","format":"standard","meta":{"iawp_total_views":41,"footnotes":""},"categories":[145],"tags":[],"class_list":{"0":"post-8528","1":"post","2":"type-post","3":"status-publish","4":"format-standard","5":"has-post-thumbnail","7":"category-actualites"},"yoast_head":"<!-- This site is optimized with the Yoast SEO plugin v27.5 - https:\/\/yoast.com\/product\/yoast-seo-wordpress\/ -->\n<title>Table ronde sur le d\u00e9veloppement des formations universitaires dans l\u2019Ouest Guyanais &#8212; Universit\u00e9 de Guyane<\/title>\n<meta name=\"description\" content=\"D\u00e9couvrez le d\u00e9ploiement de l&#039;Universit\u00e9 de Guyane dans l&#039;Ouest guyanais en collaboration avec les acteurs \u00e9conomiques et les collectivit\u00e9s locales.\" \/>\n<meta name=\"robots\" content=\"index, follow, max-snippet:-1, max-image-preview:large, max-video-preview:-1\" \/>\n<link rel=\"canonical\" href=\"https:\/\/www.univ-guyane.fr\/nl\/2023\/06\/01\/table-ronde-sur-le-developpement-des-formations-universitaires-dans-louest-guyanais\/\" \/>\n<meta property=\"og:locale\" content=\"nl_NL\" \/>\n<meta property=\"og:type\" content=\"article\" \/>\n<meta property=\"og:title\" content=\"Table ronde sur le d\u00e9veloppement des formations universitaires dans l\u2019Ouest Guyanais &#8212; Universit\u00e9 de Guyane\" \/>\n<meta property=\"og:description\" content=\"D\u00e9couvrez le d\u00e9ploiement de l&#039;Universit\u00e9 de Guyane dans l&#039;Ouest guyanais en collaboration avec les acteurs \u00e9conomiques et les collectivit\u00e9s locales.\" \/>\n<meta property=\"og:url\" content=\"https:\/\/www.univ-guyane.fr\/nl\/2023\/06\/01\/table-ronde-sur-le-developpement-des-formations-universitaires-dans-louest-guyanais\/\" \/>\n<meta property=\"og:site_name\" content=\"Universit\u00e9 de Guyane\" \/>\n<meta property=\"article:publisher\" content=\"https:\/\/www.facebook.com\/univguyane\" \/>\n<meta property=\"article:published_time\" content=\"2023-06-01T11:50:19+00:00\" \/>\n<meta property=\"article:modified_time\" content=\"2024-06-18T11:55:21+00:00\" \/>\n<meta property=\"og:image\" content=\"https:\/\/www.univ-guyane.fr\/wp-content\/uploads\/table-ronde-sur-le-developpement-des-formations-universitaires-dans-lOuest-Guyanais-universite-de-guyane.jpeg\" \/>\n\t<meta property=\"og:image:width\" content=\"1800\" \/>\n\t<meta property=\"og:image:height\" content=\"1013\" \/>\n\t<meta property=\"og:image:type\" content=\"image\/jpeg\" \/>\n<meta name=\"author\" content=\"Erick Loiti\u00e8re\" \/>\n<meta name=\"twitter:card\" content=\"summary_large_image\" \/>\n<meta name=\"twitter:creator\" content=\"@univguyane\" \/>\n<meta name=\"twitter:site\" content=\"@univguyane\" \/>\n<meta name=\"twitter:label1\" content=\"Geschreven door\" \/>\n\t<meta name=\"twitter:data1\" content=\"Erick Loiti\u00e8re\" \/>\n\t<meta name=\"twitter:label2\" content=\"Geschatte leestijd\" \/>\n\t<meta name=\"twitter:data2\" content=\"4 minuten\" \/>\n<script type=\"application\/ld+json\" class=\"yoast-schema-graph\">{\"@context\":\"https:\\\/\\\/schema.org\",\"@graph\":[{\"@type\":\"Article\",\"@id\":\"https:\\\/\\\/www.univ-guyane.fr\\\/2023\\\/06\\\/01\\\/table-ronde-sur-le-developpement-des-formations-universitaires-dans-louest-guyanais\\\/#article\",\"isPartOf\":{\"@id\":\"https:\\\/\\\/www.univ-guyane.fr\\\/2023\\\/06\\\/01\\\/table-ronde-sur-le-developpement-des-formations-universitaires-dans-louest-guyanais\\\/\"},\"author\":{\"name\":\"Erick Loiti\u00e8re\",\"@id\":\"https:\\\/\\\/www.univ-guyane.fr\\\/#\\\/schema\\\/person\\\/86d946a28a8be51bb096ccfdf19db179\"},\"headline\":\"Table ronde sur le d\u00e9veloppement des formations universitaires dans l\u2019Ouest Guyanais\",\"datePublished\":\"2023-06-01T11:50:19+00:00\",\"dateModified\":\"2024-06-18T11:55:21+00:00\",\"mainEntityOfPage\":{\"@id\":\"https:\\\/\\\/www.univ-guyane.fr\\\/2023\\\/06\\\/01\\\/table-ronde-sur-le-developpement-des-formations-universitaires-dans-louest-guyanais\\\/\"},\"wordCount\":872,\"publisher\":{\"@id\":\"https:\\\/\\\/www.univ-guyane.fr\\\/#organization\"},\"image\":{\"@id\":\"https:\\\/\\\/www.univ-guyane.fr\\\/2023\\\/06\\\/01\\\/table-ronde-sur-le-developpement-des-formations-universitaires-dans-louest-guyanais\\\/#primaryimage\"},\"thumbnailUrl\":\"https:\\\/\\\/www.univ-guyane.fr\\\/wp-content\\\/uploads\\\/table-ronde-sur-le-developpement-des-formations-universitaires-dans-lOuest-Guyanais-universite-de-guyane.jpeg\",\"articleSection\":[\"Actualit\u00e9s\"],\"inLanguage\":\"nl-NL\"},{\"@type\":\"WebPage\",\"@id\":\"https:\\\/\\\/www.univ-guyane.fr\\\/2023\\\/06\\\/01\\\/table-ronde-sur-le-developpement-des-formations-universitaires-dans-louest-guyanais\\\/\",\"url\":\"https:\\\/\\\/www.univ-guyane.fr\\\/2023\\\/06\\\/01\\\/table-ronde-sur-le-developpement-des-formations-universitaires-dans-louest-guyanais\\\/\",\"name\":\"Table ronde sur le d\u00e9veloppement des formations universitaires dans l\u2019Ouest Guyanais &#8212; Universit\u00e9 de Guyane\",\"isPartOf\":{\"@id\":\"https:\\\/\\\/www.univ-guyane.fr\\\/#website\"},\"primaryImageOfPage\":{\"@id\":\"https:\\\/\\\/www.univ-guyane.fr\\\/2023\\\/06\\\/01\\\/table-ronde-sur-le-developpement-des-formations-universitaires-dans-louest-guyanais\\\/#primaryimage\"},\"image\":{\"@id\":\"https:\\\/\\\/www.univ-guyane.fr\\\/2023\\\/06\\\/01\\\/table-ronde-sur-le-developpement-des-formations-universitaires-dans-louest-guyanais\\\/#primaryimage\"},\"thumbnailUrl\":\"https:\\\/\\\/www.univ-guyane.fr\\\/wp-content\\\/uploads\\\/table-ronde-sur-le-developpement-des-formations-universitaires-dans-lOuest-Guyanais-universite-de-guyane.jpeg\",\"datePublished\":\"2023-06-01T11:50:19+00:00\",\"dateModified\":\"2024-06-18T11:55:21+00:00\",\"description\":\"D\u00e9couvrez le d\u00e9ploiement de l'Universit\u00e9 de Guyane dans l'Ouest guyanais en collaboration avec les acteurs \u00e9conomiques et les collectivit\u00e9s locales.\",\"breadcrumb\":{\"@id\":\"https:\\\/\\\/www.univ-guyane.fr\\\/2023\\\/06\\\/01\\\/table-ronde-sur-le-developpement-des-formations-universitaires-dans-louest-guyanais\\\/#breadcrumb\"},\"inLanguage\":\"nl-NL\",\"potentialAction\":[{\"@type\":\"ReadAction\",\"target\":[\"https:\\\/\\\/www.univ-guyane.fr\\\/2023\\\/06\\\/01\\\/table-ronde-sur-le-developpement-des-formations-universitaires-dans-louest-guyanais\\\/\"]}]},{\"@type\":\"ImageObject\",\"inLanguage\":\"nl-NL\",\"@id\":\"https:\\\/\\\/www.univ-guyane.fr\\\/2023\\\/06\\\/01\\\/table-ronde-sur-le-developpement-des-formations-universitaires-dans-louest-guyanais\\\/#primaryimage\",\"url\":\"https:\\\/\\\/www.univ-guyane.fr\\\/wp-content\\\/uploads\\\/table-ronde-sur-le-developpement-des-formations-universitaires-dans-lOuest-Guyanais-universite-de-guyane.jpeg\",\"contentUrl\":\"https:\\\/\\\/www.univ-guyane.fr\\\/wp-content\\\/uploads\\\/table-ronde-sur-le-developpement-des-formations-universitaires-dans-lOuest-Guyanais-universite-de-guyane.jpeg\",\"width\":1800,\"height\":1013,\"caption\":\"Table ronde sur le d\u00e9veloppement des formations universitaires dans l\u2019Ouest Guyanais\"},{\"@type\":\"BreadcrumbList\",\"@id\":\"https:\\\/\\\/www.univ-guyane.fr\\\/2023\\\/06\\\/01\\\/table-ronde-sur-le-developpement-des-formations-universitaires-dans-louest-guyanais\\\/#breadcrumb\",\"itemListElement\":[{\"@type\":\"ListItem\",\"position\":1,\"name\":\"Accueil\",\"item\":\"https:\\\/\\\/www.univ-guyane.fr\\\/\"},{\"@type\":\"ListItem\",\"position\":2,\"name\":\"Table ronde sur le d\u00e9veloppement des formations universitaires dans l\u2019Ouest Guyanais\"}]},{\"@type\":\"WebSite\",\"@id\":\"https:\\\/\\\/www.univ-guyane.fr\\\/#website\",\"url\":\"https:\\\/\\\/www.univ-guyane.fr\\\/\",\"name\":\"Universit\u00e9 de Guyane\",\"description\":\"Au c\u0153ur de l&#039;amazonie\",\"publisher\":{\"@id\":\"https:\\\/\\\/www.univ-guyane.fr\\\/#organization\"},\"alternateName\":\"UG\",\"potentialAction\":[{\"@type\":\"SearchAction\",\"target\":{\"@type\":\"EntryPoint\",\"urlTemplate\":\"https:\\\/\\\/www.univ-guyane.fr\\\/?s={search_term_string}\"},\"query-input\":{\"@type\":\"PropertyValueSpecification\",\"valueRequired\":true,\"valueName\":\"search_term_string\"}}],\"inLanguage\":\"nl-NL\"},{\"@type\":\"Organization\",\"@id\":\"https:\\\/\\\/www.univ-guyane.fr\\\/#organization\",\"name\":\"Universit\u00e9 de Guyane\",\"alternateName\":\"UG\",\"url\":\"https:\\\/\\\/www.univ-guyane.fr\\\/\",\"logo\":{\"@type\":\"ImageObject\",\"inLanguage\":\"nl-NL\",\"@id\":\"https:\\\/\\\/www.univ-guyane.fr\\\/#\\\/schema\\\/logo\\\/image\\\/\",\"url\":\"https:\\\/\\\/www.univ-guyane.fr\\\/wp-content\\\/uploads\\\/2024\\\/05\\\/f.png\",\"contentUrl\":\"https:\\\/\\\/www.univ-guyane.fr\\\/wp-content\\\/uploads\\\/2024\\\/05\\\/f.png\",\"width\":1024,\"height\":1024,\"caption\":\"Universit\u00e9 de Guyane\"},\"image\":{\"@id\":\"https:\\\/\\\/www.univ-guyane.fr\\\/#\\\/schema\\\/logo\\\/image\\\/\"},\"sameAs\":[\"https:\\\/\\\/www.facebook.com\\\/univguyane\",\"https:\\\/\\\/x.com\\\/univguyane\",\"https:\\\/\\\/gf.linkedin.com\\\/school\\\/universite-de-guyane\\\/\",\"https:\\\/\\\/www.instagram.com\\\/univ_guyane\\\/\"]},{\"@type\":\"Person\",\"@id\":\"https:\\\/\\\/www.univ-guyane.fr\\\/#\\\/schema\\\/person\\\/86d946a28a8be51bb096ccfdf19db179\",\"name\":\"Erick Loiti\u00e8re\",\"image\":{\"@type\":\"ImageObject\",\"inLanguage\":\"nl-NL\",\"@id\":\"https:\\\/\\\/secure.gravatar.com\\\/avatar\\\/0584f332103fbeaf37e52c73b15dca3c547fd9300deb05764e9ad8714839d072?s=96&d=robohash&r=g\",\"url\":\"https:\\\/\\\/secure.gravatar.com\\\/avatar\\\/0584f332103fbeaf37e52c73b15dca3c547fd9300deb05764e9ad8714839d072?s=96&d=robohash&r=g\",\"contentUrl\":\"https:\\\/\\\/secure.gravatar.com\\\/avatar\\\/0584f332103fbeaf37e52c73b15dca3c547fd9300deb05764e9ad8714839d072?s=96&d=robohash&r=g\",\"caption\":\"Erick Loiti\u00e8re\"},\"sameAs\":[\"http:\\\/\\\/www.univ-guyane.fr\"],\"url\":\"https:\\\/\\\/www.univ-guyane.fr\\\/nl\\\/author\\\/eloitierdbz\\\/\"}]}<\/script>\n<!-- \/ Yoast SEO plugin. -->","yoast_head_json":{"title":"Ronde tafel over de ontwikkeling van het universitair onderwijs in West-Guyana - Universit\u00e9 de Guyane","description":"Lees meer over de inzet van de Universiteit van Frans Guyana in West-Guyana in samenwerking met economische spelers en lokale autoriteiten.","robots":{"index":"index","follow":"follow","max-snippet":"max-snippet:-1","max-image-preview":"max-image-preview:large","max-video-preview":"max-video-preview:-1"},"canonical":"https:\/\/www.univ-guyane.fr\/nl\/2023\/06\/01\/table-ronde-sur-le-developpement-des-formations-universitaires-dans-louest-guyanais\/","og_locale":"nl_NL","og_type":"article","og_title":"Table ronde sur le d\u00e9veloppement des formations universitaires dans l\u2019Ouest Guyanais &#8212; Universit\u00e9 de Guyane","og_description":"D\u00e9couvrez le d\u00e9ploiement de l'Universit\u00e9 de Guyane dans l'Ouest guyanais en collaboration avec les acteurs \u00e9conomiques et les collectivit\u00e9s locales.","og_url":"https:\/\/www.univ-guyane.fr\/nl\/2023\/06\/01\/table-ronde-sur-le-developpement-des-formations-universitaires-dans-louest-guyanais\/","og_site_name":"Universit\u00e9 de Guyane","article_publisher":"https:\/\/www.facebook.com\/univguyane","article_published_time":"2023-06-01T11:50:19+00:00","article_modified_time":"2024-06-18T11:55:21+00:00","og_image":[{"width":1800,"height":1013,"url":"https:\/\/www.univ-guyane.fr\/wp-content\/uploads\/table-ronde-sur-le-developpement-des-formations-universitaires-dans-lOuest-Guyanais-universite-de-guyane.jpeg","type":"image\/jpeg"}],"author":"Erick Loiti\u00e8re","twitter_card":"summary_large_image","twitter_creator":"@univguyane","twitter_site":"@univguyane","twitter_misc":{"Geschreven door":"Erick Loiti\u00e8re","Geschatte leestijd":"4 minuten"},"schema":{"@context":"https:\/\/schema.org","@graph":[{"@type":"Article","@id":"https:\/\/www.univ-guyane.fr\/2023\/06\/01\/table-ronde-sur-le-developpement-des-formations-universitaires-dans-louest-guyanais\/#article","isPartOf":{"@id":"https:\/\/www.univ-guyane.fr\/2023\/06\/01\/table-ronde-sur-le-developpement-des-formations-universitaires-dans-louest-guyanais\/"},"author":{"name":"Erick Loiti\u00e8re","@id":"https:\/\/www.univ-guyane.fr\/#\/schema\/person\/86d946a28a8be51bb096ccfdf19db179"},"headline":"Table ronde sur le d\u00e9veloppement des formations universitaires dans l\u2019Ouest Guyanais","datePublished":"2023-06-01T11:50:19+00:00","dateModified":"2024-06-18T11:55:21+00:00","mainEntityOfPage":{"@id":"https:\/\/www.univ-guyane.fr\/2023\/06\/01\/table-ronde-sur-le-developpement-des-formations-universitaires-dans-louest-guyanais\/"},"wordCount":872,"publisher":{"@id":"https:\/\/www.univ-guyane.fr\/#organization"},"image":{"@id":"https:\/\/www.univ-guyane.fr\/2023\/06\/01\/table-ronde-sur-le-developpement-des-formations-universitaires-dans-louest-guyanais\/#primaryimage"},"thumbnailUrl":"https:\/\/www.univ-guyane.fr\/wp-content\/uploads\/table-ronde-sur-le-developpement-des-formations-universitaires-dans-lOuest-Guyanais-universite-de-guyane.jpeg","articleSection":["Actualit\u00e9s"],"inLanguage":"nl-NL"},{"@type":"WebPage","@id":"https:\/\/www.univ-guyane.fr\/2023\/06\/01\/table-ronde-sur-le-developpement-des-formations-universitaires-dans-louest-guyanais\/","url":"https:\/\/www.univ-guyane.fr\/2023\/06\/01\/table-ronde-sur-le-developpement-des-formations-universitaires-dans-louest-guyanais\/","name":"Ronde tafel over de ontwikkeling van het universitair onderwijs in West-Guyana - Universit\u00e9 de Guyane","isPartOf":{"@id":"https:\/\/www.univ-guyane.fr\/#website"},"primaryImageOfPage":{"@id":"https:\/\/www.univ-guyane.fr\/2023\/06\/01\/table-ronde-sur-le-developpement-des-formations-universitaires-dans-louest-guyanais\/#primaryimage"},"image":{"@id":"https:\/\/www.univ-guyane.fr\/2023\/06\/01\/table-ronde-sur-le-developpement-des-formations-universitaires-dans-louest-guyanais\/#primaryimage"},"thumbnailUrl":"https:\/\/www.univ-guyane.fr\/wp-content\/uploads\/table-ronde-sur-le-developpement-des-formations-universitaires-dans-lOuest-Guyanais-universite-de-guyane.jpeg","datePublished":"2023-06-01T11:50:19+00:00","dateModified":"2024-06-18T11:55:21+00:00","description":"Lees meer over de inzet van de Universiteit van Frans Guyana in West-Guyana in samenwerking met economische spelers en lokale autoriteiten.","breadcrumb":{"@id":"https:\/\/www.univ-guyane.fr\/2023\/06\/01\/table-ronde-sur-le-developpement-des-formations-universitaires-dans-louest-guyanais\/#breadcrumb"},"inLanguage":"nl-NL","potentialAction":[{"@type":"ReadAction","target":["https:\/\/www.univ-guyane.fr\/2023\/06\/01\/table-ronde-sur-le-developpement-des-formations-universitaires-dans-louest-guyanais\/"]}]},{"@type":"ImageObject","inLanguage":"nl-NL","@id":"https:\/\/www.univ-guyane.fr\/2023\/06\/01\/table-ronde-sur-le-developpement-des-formations-universitaires-dans-louest-guyanais\/#primaryimage","url":"https:\/\/www.univ-guyane.fr\/wp-content\/uploads\/table-ronde-sur-le-developpement-des-formations-universitaires-dans-lOuest-Guyanais-universite-de-guyane.jpeg","contentUrl":"https:\/\/www.univ-guyane.fr\/wp-content\/uploads\/table-ronde-sur-le-developpement-des-formations-universitaires-dans-lOuest-Guyanais-universite-de-guyane.jpeg","width":1800,"height":1013,"caption":"Table ronde sur le d\u00e9veloppement des formations universitaires dans l\u2019Ouest Guyanais"},{"@type":"BreadcrumbList","@id":"https:\/\/www.univ-guyane.fr\/2023\/06\/01\/table-ronde-sur-le-developpement-des-formations-universitaires-dans-louest-guyanais\/#breadcrumb","itemListElement":[{"@type":"ListItem","position":1,"name":"Accueil","item":"https:\/\/www.univ-guyane.fr\/"},{"@type":"ListItem","position":2,"name":"Table ronde sur le d\u00e9veloppement des formations universitaires dans l\u2019Ouest Guyanais"}]},{"@type":"WebSite","@id":"https:\/\/www.univ-guyane.fr\/#website","url":"https:\/\/www.univ-guyane.fr\/","name":"Universiteit van Guyana","description":"In het hart van Amazonia","publisher":{"@id":"https:\/\/www.univ-guyane.fr\/#organization"},"alternateName":"UG","potentialAction":[{"@type":"SearchAction","target":{"@type":"EntryPoint","urlTemplate":"https:\/\/www.univ-guyane.fr\/?s={search_term_string}"},"query-input":{"@type":"PropertyValueSpecification","valueRequired":true,"valueName":"search_term_string"}}],"inLanguage":"nl-NL"},{"@type":"Organization","@id":"https:\/\/www.univ-guyane.fr\/#organization","name":"Universiteit van Guyana","alternateName":"UG","url":"https:\/\/www.univ-guyane.fr\/","logo":{"@type":"ImageObject","inLanguage":"nl-NL","@id":"https:\/\/www.univ-guyane.fr\/#\/schema\/logo\/image\/","url":"https:\/\/www.univ-guyane.fr\/wp-content\/uploads\/2024\/05\/f.png","contentUrl":"https:\/\/www.univ-guyane.fr\/wp-content\/uploads\/2024\/05\/f.png","width":1024,"height":1024,"caption":"Universit\u00e9 de Guyane"},"image":{"@id":"https:\/\/www.univ-guyane.fr\/#\/schema\/logo\/image\/"},"sameAs":["https:\/\/www.facebook.com\/univguyane","https:\/\/x.com\/univguyane","https:\/\/gf.linkedin.com\/school\/universite-de-guyane\/","https:\/\/www.instagram.com\/univ_guyane\/"]},{"@type":"Person","@id":"https:\/\/www.univ-guyane.fr\/#\/schema\/person\/86d946a28a8be51bb096ccfdf19db179","name":"Erick Loiti\u00e8re","image":{"@type":"ImageObject","inLanguage":"nl-NL","@id":"https:\/\/secure.gravatar.com\/avatar\/0584f332103fbeaf37e52c73b15dca3c547fd9300deb05764e9ad8714839d072?s=96&d=robohash&r=g","url":"https:\/\/secure.gravatar.com\/avatar\/0584f332103fbeaf37e52c73b15dca3c547fd9300deb05764e9ad8714839d072?s=96&d=robohash&r=g","contentUrl":"https:\/\/secure.gravatar.com\/avatar\/0584f332103fbeaf37e52c73b15dca3c547fd9300deb05764e9ad8714839d072?s=96&d=robohash&r=g","caption":"Erick Loiti\u00e8re"},"sameAs":["http:\/\/www.univ-guyane.fr"],"url":"https:\/\/www.univ-guyane.fr\/nl\/author\/eloitierdbz\/"}]}},"_links":{"self":[{"href":"https:\/\/www.univ-guyane.fr\/nl\/wp-json\/wp\/v2\/posts\/8528","targetHints":{"allow":["GET"]}}],"collection":[{"href":"https:\/\/www.univ-guyane.fr\/nl\/wp-json\/wp\/v2\/posts"}],"about":[{"href":"https:\/\/www.univ-guyane.fr\/nl\/wp-json\/wp\/v2\/types\/post"}],"author":[{"embeddable":true,"href":"https:\/\/www.univ-guyane.fr\/nl\/wp-json\/wp\/v2\/users\/1"}],"replies":[{"embeddable":true,"href":"https:\/\/www.univ-guyane.fr\/nl\/wp-json\/wp\/v2\/comments?post=8528"}],"version-history":[{"count":2,"href":"https:\/\/www.univ-guyane.fr\/nl\/wp-json\/wp\/v2\/posts\/8528\/revisions"}],"predecessor-version":[{"id":8531,"href":"https:\/\/www.univ-guyane.fr\/nl\/wp-json\/wp\/v2\/posts\/8528\/revisions\/8531"}],"wp:featuredmedia":[{"embeddable":true,"href":"https:\/\/www.univ-guyane.fr\/nl\/wp-json\/wp\/v2\/media\/8529"}],"wp:attachment":[{"href":"https:\/\/www.univ-guyane.fr\/nl\/wp-json\/wp\/v2\/media?parent=8528"}],"wp:term":[{"taxonomy":"category","embeddable":true,"href":"https:\/\/www.univ-guyane.fr\/nl\/wp-json\/wp\/v2\/categories?post=8528"},{"taxonomy":"post_tag","embeddable":true,"href":"https:\/\/www.univ-guyane.fr\/nl\/wp-json\/wp\/v2\/tags?post=8528"}],"curies":[{"name":"wp","href":"https:\/\/api.w.org\/{rel}","templated":true}]}}