{"id":8532,"date":"2023-05-10T08:56:04","date_gmt":"2023-05-10T11:56:04","guid":{"rendered":"https:\/\/www.univ-guyane.fr\/?p=8532"},"modified":"2024-06-18T09:01:06","modified_gmt":"2024-06-18T12:01:06","slug":"concours-de-plaidoirie-les-24-heures-du-droit-de-la-sante","status":"publish","type":"post","link":"https:\/\/www.univ-guyane.fr\/nl\/2023\/05\/10\/concours-de-plaidoirie-les-24-heures-du-droit-de-la-sante\/","title":{"rendered":"24 Uur Gezondheidsrecht Moot Court Competitie"},"content":{"rendered":"<div id=\"fws_69f45427ec669\"  data-column-margin=\"default\" data-midnight=\"dark\"  class=\"wpb_row vc_row-fluid vc_row\"  style=\"padding-top: 0px; padding-bottom: 0px; \"><div class=\"row-bg-wrap\" data-bg-animation=\"none\" data-bg-animation-delay=\"\" data-bg-overlay=\"false\"><div class=\"inner-wrap row-bg-layer\" ><div class=\"row-bg viewport-desktop\"  style=\"\"><\/div><\/div><\/div><div class=\"row_col_wrap_12 col span_12 dark left\">\n\t<div  class=\"vc_col-sm-12 wpb_column column_container vc_column_container col no-extra-padding inherit_tablet inherit_phone\"  data-padding-pos=\"all\" data-has-bg-color=\"false\" data-bg-color=\"\" data-bg-opacity=\"1\" data-animation=\"\" data-delay=\"0\" >\n\t\t<div class=\"vc_column-inner\" >\n\t\t\t<div class=\"wpb_wrapper\">\n\t\t\t\t\n<div class=\"wpb_text_column wpb_content_element  chapo\" >\n\t<h2>Op 3 en 4 mei werd in Lille de pleitwedstrijd \"24 uur gezondheidsrecht\" gehouden. Deze 22e editie van de wedstrijd werd georganiseerd door de Health Law School van de Universiteit van Montpellier, onder leiding van professor Fran\u00e7ois Vialla, en georganiseerd door de Katholieke Universiteit van Lille en professor Lina Williate.<\/h2>\n<\/div>\n\n\n\n\n<div class=\"wpb_text_column wpb_content_element\" >\n\t<p><span class=\"nectar-dropcap\" >1 <\/span>4 teams van 4 masterstudenten van Franstalige universiteiten namen het tegen elkaar op in de zaak van mevrouw Tube die na een verkeersongeval meerdere bloedtransfusies kreeg toegediend, ook al had ze daartegen bezwaar aangetekend. Gedurende 24 uur bereidden de studenten een schriftelijke verklaring voor. Sommigen vertegenwoordigden de openbare aanklager en moesten de openbare aanklager ervan overtuigen dat de arts schuldig was aan opzettelijk geweld, terwijl anderen de arts moesten verdedigen. Daarna kregen ze de kans om hun argumenten te presenteren voor een jury bestaande uit advocaten, rechters en academici, aan het einde waarvan 4 prijzen werden uitgereikt: voor het beste schriftelijke stuk, voor de beste procespartij, voor het beste slotpleidooi en voor het beste team.<\/p>\n<p>Voor de eerste keer, en dankzij de financi\u00eble steun van de Student Life Office en de DFR SJE, werd de Universiteit van Guyana vertegenwoordigd op de wedstrijd door 4 studenten van de Master 1 opleiding \"Justice, trials and procedures\": de heer Gabriel Amory, mevrouw Fa\u00efdati Mohamed, de heer Ryan Rubichon en mevrouw Maloris Tessonneau, vergezeld door de heer Jean-Philippe Vauthier, universitair hoofddocent privaatrecht en strafwetenschappen. Deze eerste deelname werd met succes bekroond, aangezien de Universiteit van Guyana zich onderscheidde door de prijs voor beste procesadvocaat te winnen, waarmee de oratorische talenten van mevrouw Fa\u00efdati Mohamed worden beloond, maar ook hulde wordt gebracht aan het werk dat door het hele team is verricht.<\/p>\n<p>Goed gedaan, en tot volgend jaar... in Cayenne!<\/p>\n<\/div>\n\n\n\n\n\t\t\t<\/div> \n\t\t<\/div>\n\t<\/div> \n<\/div><\/div>","protected":false},"excerpt":{"rendered":"Op 3 en 4 mei van dit jaar werd in Lille de pleitwedstrijd \"Les Belles\" gehouden.","protected":false},"author":1,"featured_media":8534,"comment_status":"closed","ping_status":"open","sticky":false,"template":"","format":"standard","meta":{"iawp_total_views":80,"footnotes":""},"categories":[145],"tags":[],"class_list":{"0":"post-8532","1":"post","2":"type-post","3":"status-publish","4":"format-standard","5":"has-post-thumbnail","7":"category-actualites"},"yoast_head":"<!-- This site is optimized with the Yoast SEO plugin v27.5 - https:\/\/yoast.com\/product\/yoast-seo-wordpress\/ -->\n<title>Concours de plaidoirie les 24 heures du droit de la sant\u00e9 &#8212; Universit\u00e9 de Guyane<\/title>\n<meta name=\"description\" content=\"D\u00e9couvrez le concours de plaidoirie francophone avec 16 \u00e9tudiants en droit qui ont pr\u00e9sent\u00e9 leurs arguments devant un jury d&#039;experts.\" \/>\n<meta name=\"robots\" content=\"index, follow, max-snippet:-1, max-image-preview:large, max-video-preview:-1\" \/>\n<link rel=\"canonical\" href=\"https:\/\/www.univ-guyane.fr\/nl\/2023\/05\/10\/concours-de-plaidoirie-les-24-heures-du-droit-de-la-sante\/\" \/>\n<meta property=\"og:locale\" content=\"nl_NL\" \/>\n<meta property=\"og:type\" content=\"article\" \/>\n<meta property=\"og:title\" content=\"Concours de plaidoirie les 24 heures du droit de la sant\u00e9 &#8212; Universit\u00e9 de Guyane\" \/>\n<meta property=\"og:description\" content=\"D\u00e9couvrez le concours de plaidoirie francophone avec 16 \u00e9tudiants en droit qui ont pr\u00e9sent\u00e9 leurs arguments devant un jury d&#039;experts.\" \/>\n<meta property=\"og:url\" content=\"https:\/\/www.univ-guyane.fr\/nl\/2023\/05\/10\/concours-de-plaidoirie-les-24-heures-du-droit-de-la-sante\/\" \/>\n<meta property=\"og:site_name\" content=\"Universit\u00e9 de Guyane\" \/>\n<meta property=\"article:publisher\" content=\"https:\/\/www.facebook.com\/univguyane\" \/>\n<meta property=\"article:published_time\" content=\"2023-05-10T11:56:04+00:00\" \/>\n<meta property=\"article:modified_time\" content=\"2024-06-18T12:01:06+00:00\" \/>\n<meta property=\"og:image\" content=\"https:\/\/www.univ-guyane.fr\/wp-content\/uploads\/les-24h-du-droit-de-la-sante.jpeg\" \/>\n\t<meta property=\"og:image:width\" content=\"1800\" \/>\n\t<meta property=\"og:image:height\" content=\"1013\" \/>\n\t<meta property=\"og:image:type\" content=\"image\/jpeg\" \/>\n<meta name=\"author\" content=\"Erick Loiti\u00e8re\" \/>\n<meta name=\"twitter:card\" content=\"summary_large_image\" \/>\n<meta name=\"twitter:creator\" content=\"@univguyane\" \/>\n<meta name=\"twitter:site\" content=\"@univguyane\" \/>\n<meta name=\"twitter:label1\" content=\"Geschreven door\" \/>\n\t<meta name=\"twitter:data1\" content=\"Erick Loiti\u00e8re\" \/>\n\t<meta name=\"twitter:label2\" content=\"Geschatte leestijd\" \/>\n\t<meta name=\"twitter:data2\" content=\"2 minuten\" \/>\n<script type=\"application\/ld+json\" class=\"yoast-schema-graph\">{\"@context\":\"https:\\\/\\\/schema.org\",\"@graph\":[{\"@type\":\"Article\",\"@id\":\"https:\\\/\\\/www.univ-guyane.fr\\\/2023\\\/05\\\/10\\\/concours-de-plaidoirie-les-24-heures-du-droit-de-la-sante\\\/#article\",\"isPartOf\":{\"@id\":\"https:\\\/\\\/www.univ-guyane.fr\\\/2023\\\/05\\\/10\\\/concours-de-plaidoirie-les-24-heures-du-droit-de-la-sante\\\/\"},\"author\":{\"name\":\"Erick Loiti\u00e8re\",\"@id\":\"https:\\\/\\\/www.univ-guyane.fr\\\/#\\\/schema\\\/person\\\/86d946a28a8be51bb096ccfdf19db179\"},\"headline\":\"Concours de plaidoirie les 24 heures du droit de la sant\u00e9\",\"datePublished\":\"2023-05-10T11:56:04+00:00\",\"dateModified\":\"2024-06-18T12:01:06+00:00\",\"mainEntityOfPage\":{\"@id\":\"https:\\\/\\\/www.univ-guyane.fr\\\/2023\\\/05\\\/10\\\/concours-de-plaidoirie-les-24-heures-du-droit-de-la-sante\\\/\"},\"wordCount\":519,\"publisher\":{\"@id\":\"https:\\\/\\\/www.univ-guyane.fr\\\/#organization\"},\"image\":{\"@id\":\"https:\\\/\\\/www.univ-guyane.fr\\\/2023\\\/05\\\/10\\\/concours-de-plaidoirie-les-24-heures-du-droit-de-la-sante\\\/#primaryimage\"},\"thumbnailUrl\":\"https:\\\/\\\/www.univ-guyane.fr\\\/wp-content\\\/uploads\\\/les-24h-du-droit-de-la-sante.jpeg\",\"articleSection\":[\"Actualit\u00e9s\"],\"inLanguage\":\"nl-NL\"},{\"@type\":\"WebPage\",\"@id\":\"https:\\\/\\\/www.univ-guyane.fr\\\/2023\\\/05\\\/10\\\/concours-de-plaidoirie-les-24-heures-du-droit-de-la-sante\\\/\",\"url\":\"https:\\\/\\\/www.univ-guyane.fr\\\/2023\\\/05\\\/10\\\/concours-de-plaidoirie-les-24-heures-du-droit-de-la-sante\\\/\",\"name\":\"Concours de plaidoirie les 24 heures du droit de la sant\u00e9 &#8212; Universit\u00e9 de Guyane\",\"isPartOf\":{\"@id\":\"https:\\\/\\\/www.univ-guyane.fr\\\/#website\"},\"primaryImageOfPage\":{\"@id\":\"https:\\\/\\\/www.univ-guyane.fr\\\/2023\\\/05\\\/10\\\/concours-de-plaidoirie-les-24-heures-du-droit-de-la-sante\\\/#primaryimage\"},\"image\":{\"@id\":\"https:\\\/\\\/www.univ-guyane.fr\\\/2023\\\/05\\\/10\\\/concours-de-plaidoirie-les-24-heures-du-droit-de-la-sante\\\/#primaryimage\"},\"thumbnailUrl\":\"https:\\\/\\\/www.univ-guyane.fr\\\/wp-content\\\/uploads\\\/les-24h-du-droit-de-la-sante.jpeg\",\"datePublished\":\"2023-05-10T11:56:04+00:00\",\"dateModified\":\"2024-06-18T12:01:06+00:00\",\"description\":\"D\u00e9couvrez le concours de plaidoirie francophone avec 16 \u00e9tudiants en droit qui ont pr\u00e9sent\u00e9 leurs arguments devant un jury d'experts.\",\"breadcrumb\":{\"@id\":\"https:\\\/\\\/www.univ-guyane.fr\\\/2023\\\/05\\\/10\\\/concours-de-plaidoirie-les-24-heures-du-droit-de-la-sante\\\/#breadcrumb\"},\"inLanguage\":\"nl-NL\",\"potentialAction\":[{\"@type\":\"ReadAction\",\"target\":[\"https:\\\/\\\/www.univ-guyane.fr\\\/2023\\\/05\\\/10\\\/concours-de-plaidoirie-les-24-heures-du-droit-de-la-sante\\\/\"]}]},{\"@type\":\"ImageObject\",\"inLanguage\":\"nl-NL\",\"@id\":\"https:\\\/\\\/www.univ-guyane.fr\\\/2023\\\/05\\\/10\\\/concours-de-plaidoirie-les-24-heures-du-droit-de-la-sante\\\/#primaryimage\",\"url\":\"https:\\\/\\\/www.univ-guyane.fr\\\/wp-content\\\/uploads\\\/les-24h-du-droit-de-la-sante.jpeg\",\"contentUrl\":\"https:\\\/\\\/www.univ-guyane.fr\\\/wp-content\\\/uploads\\\/les-24h-du-droit-de-la-sante.jpeg\",\"width\":1800,\"height\":1013,\"caption\":\"Concours de plaidoirie les 24 heures du droit de la sant\u00e9\"},{\"@type\":\"BreadcrumbList\",\"@id\":\"https:\\\/\\\/www.univ-guyane.fr\\\/2023\\\/05\\\/10\\\/concours-de-plaidoirie-les-24-heures-du-droit-de-la-sante\\\/#breadcrumb\",\"itemListElement\":[{\"@type\":\"ListItem\",\"position\":1,\"name\":\"Accueil\",\"item\":\"https:\\\/\\\/www.univ-guyane.fr\\\/\"},{\"@type\":\"ListItem\",\"position\":2,\"name\":\"Concours de plaidoirie les 24 heures du droit de la sant\u00e9\"}]},{\"@type\":\"WebSite\",\"@id\":\"https:\\\/\\\/www.univ-guyane.fr\\\/#website\",\"url\":\"https:\\\/\\\/www.univ-guyane.fr\\\/\",\"name\":\"Universit\u00e9 de Guyane\",\"description\":\"Au c\u0153ur de l&#039;amazonie\",\"publisher\":{\"@id\":\"https:\\\/\\\/www.univ-guyane.fr\\\/#organization\"},\"alternateName\":\"UG\",\"potentialAction\":[{\"@type\":\"SearchAction\",\"target\":{\"@type\":\"EntryPoint\",\"urlTemplate\":\"https:\\\/\\\/www.univ-guyane.fr\\\/?s={search_term_string}\"},\"query-input\":{\"@type\":\"PropertyValueSpecification\",\"valueRequired\":true,\"valueName\":\"search_term_string\"}}],\"inLanguage\":\"nl-NL\"},{\"@type\":\"Organization\",\"@id\":\"https:\\\/\\\/www.univ-guyane.fr\\\/#organization\",\"name\":\"Universit\u00e9 de Guyane\",\"alternateName\":\"UG\",\"url\":\"https:\\\/\\\/www.univ-guyane.fr\\\/\",\"logo\":{\"@type\":\"ImageObject\",\"inLanguage\":\"nl-NL\",\"@id\":\"https:\\\/\\\/www.univ-guyane.fr\\\/#\\\/schema\\\/logo\\\/image\\\/\",\"url\":\"https:\\\/\\\/www.univ-guyane.fr\\\/wp-content\\\/uploads\\\/2024\\\/05\\\/f.png\",\"contentUrl\":\"https:\\\/\\\/www.univ-guyane.fr\\\/wp-content\\\/uploads\\\/2024\\\/05\\\/f.png\",\"width\":1024,\"height\":1024,\"caption\":\"Universit\u00e9 de Guyane\"},\"image\":{\"@id\":\"https:\\\/\\\/www.univ-guyane.fr\\\/#\\\/schema\\\/logo\\\/image\\\/\"},\"sameAs\":[\"https:\\\/\\\/www.facebook.com\\\/univguyane\",\"https:\\\/\\\/x.com\\\/univguyane\",\"https:\\\/\\\/gf.linkedin.com\\\/school\\\/universite-de-guyane\\\/\",\"https:\\\/\\\/www.instagram.com\\\/univ_guyane\\\/\"]},{\"@type\":\"Person\",\"@id\":\"https:\\\/\\\/www.univ-guyane.fr\\\/#\\\/schema\\\/person\\\/86d946a28a8be51bb096ccfdf19db179\",\"name\":\"Erick Loiti\u00e8re\",\"image\":{\"@type\":\"ImageObject\",\"inLanguage\":\"nl-NL\",\"@id\":\"https:\\\/\\\/secure.gravatar.com\\\/avatar\\\/0584f332103fbeaf37e52c73b15dca3c547fd9300deb05764e9ad8714839d072?s=96&d=robohash&r=g\",\"url\":\"https:\\\/\\\/secure.gravatar.com\\\/avatar\\\/0584f332103fbeaf37e52c73b15dca3c547fd9300deb05764e9ad8714839d072?s=96&d=robohash&r=g\",\"contentUrl\":\"https:\\\/\\\/secure.gravatar.com\\\/avatar\\\/0584f332103fbeaf37e52c73b15dca3c547fd9300deb05764e9ad8714839d072?s=96&d=robohash&r=g\",\"caption\":\"Erick Loiti\u00e8re\"},\"sameAs\":[\"http:\\\/\\\/www.univ-guyane.fr\"],\"url\":\"https:\\\/\\\/www.univ-guyane.fr\\\/nl\\\/author\\\/eloitierdbz\\\/\"}]}<\/script>\n<!-- \/ Yoast SEO plugin. -->","yoast_head_json":{"title":"Concours de plaidoirie les 24 heures du droit de la sant\u00e9 &#8212; Universit\u00e9 de Guyane","description":"D\u00e9couvrez le concours de plaidoirie francophone avec 16 \u00e9tudiants en droit qui ont pr\u00e9sent\u00e9 leurs arguments devant un jury d'experts.","robots":{"index":"index","follow":"follow","max-snippet":"max-snippet:-1","max-image-preview":"max-image-preview:large","max-video-preview":"max-video-preview:-1"},"canonical":"https:\/\/www.univ-guyane.fr\/nl\/2023\/05\/10\/concours-de-plaidoirie-les-24-heures-du-droit-de-la-sante\/","og_locale":"nl_NL","og_type":"article","og_title":"Concours de plaidoirie les 24 heures du droit de la sant\u00e9 &#8212; Universit\u00e9 de Guyane","og_description":"D\u00e9couvrez le concours de plaidoirie francophone avec 16 \u00e9tudiants en droit qui ont pr\u00e9sent\u00e9 leurs arguments devant un jury d'experts.","og_url":"https:\/\/www.univ-guyane.fr\/nl\/2023\/05\/10\/concours-de-plaidoirie-les-24-heures-du-droit-de-la-sante\/","og_site_name":"Universit\u00e9 de Guyane","article_publisher":"https:\/\/www.facebook.com\/univguyane","article_published_time":"2023-05-10T11:56:04+00:00","article_modified_time":"2024-06-18T12:01:06+00:00","og_image":[{"width":1800,"height":1013,"url":"https:\/\/www.univ-guyane.fr\/wp-content\/uploads\/les-24h-du-droit-de-la-sante.jpeg","type":"image\/jpeg"}],"author":"Erick Loiti\u00e8re","twitter_card":"summary_large_image","twitter_creator":"@univguyane","twitter_site":"@univguyane","twitter_misc":{"Geschreven door":"Erick Loiti\u00e8re","Geschatte leestijd":"2 minuten"},"schema":{"@context":"https:\/\/schema.org","@graph":[{"@type":"Article","@id":"https:\/\/www.univ-guyane.fr\/2023\/05\/10\/concours-de-plaidoirie-les-24-heures-du-droit-de-la-sante\/#article","isPartOf":{"@id":"https:\/\/www.univ-guyane.fr\/2023\/05\/10\/concours-de-plaidoirie-les-24-heures-du-droit-de-la-sante\/"},"author":{"name":"Erick Loiti\u00e8re","@id":"https:\/\/www.univ-guyane.fr\/#\/schema\/person\/86d946a28a8be51bb096ccfdf19db179"},"headline":"Concours de plaidoirie les 24 heures du droit de la sant\u00e9","datePublished":"2023-05-10T11:56:04+00:00","dateModified":"2024-06-18T12:01:06+00:00","mainEntityOfPage":{"@id":"https:\/\/www.univ-guyane.fr\/2023\/05\/10\/concours-de-plaidoirie-les-24-heures-du-droit-de-la-sante\/"},"wordCount":519,"publisher":{"@id":"https:\/\/www.univ-guyane.fr\/#organization"},"image":{"@id":"https:\/\/www.univ-guyane.fr\/2023\/05\/10\/concours-de-plaidoirie-les-24-heures-du-droit-de-la-sante\/#primaryimage"},"thumbnailUrl":"https:\/\/www.univ-guyane.fr\/wp-content\/uploads\/les-24h-du-droit-de-la-sante.jpeg","articleSection":["Actualit\u00e9s"],"inLanguage":"nl-NL"},{"@type":"WebPage","@id":"https:\/\/www.univ-guyane.fr\/2023\/05\/10\/concours-de-plaidoirie-les-24-heures-du-droit-de-la-sante\/","url":"https:\/\/www.univ-guyane.fr\/2023\/05\/10\/concours-de-plaidoirie-les-24-heures-du-droit-de-la-sante\/","name":"Concours de plaidoirie les 24 heures du droit de la sant\u00e9 &#8212; Universit\u00e9 de Guyane","isPartOf":{"@id":"https:\/\/www.univ-guyane.fr\/#website"},"primaryImageOfPage":{"@id":"https:\/\/www.univ-guyane.fr\/2023\/05\/10\/concours-de-plaidoirie-les-24-heures-du-droit-de-la-sante\/#primaryimage"},"image":{"@id":"https:\/\/www.univ-guyane.fr\/2023\/05\/10\/concours-de-plaidoirie-les-24-heures-du-droit-de-la-sante\/#primaryimage"},"thumbnailUrl":"https:\/\/www.univ-guyane.fr\/wp-content\/uploads\/les-24h-du-droit-de-la-sante.jpeg","datePublished":"2023-05-10T11:56:04+00:00","dateModified":"2024-06-18T12:01:06+00:00","description":"D\u00e9couvrez le concours de plaidoirie francophone avec 16 \u00e9tudiants en droit qui ont pr\u00e9sent\u00e9 leurs arguments devant un jury d'experts.","breadcrumb":{"@id":"https:\/\/www.univ-guyane.fr\/2023\/05\/10\/concours-de-plaidoirie-les-24-heures-du-droit-de-la-sante\/#breadcrumb"},"inLanguage":"nl-NL","potentialAction":[{"@type":"ReadAction","target":["https:\/\/www.univ-guyane.fr\/2023\/05\/10\/concours-de-plaidoirie-les-24-heures-du-droit-de-la-sante\/"]}]},{"@type":"ImageObject","inLanguage":"nl-NL","@id":"https:\/\/www.univ-guyane.fr\/2023\/05\/10\/concours-de-plaidoirie-les-24-heures-du-droit-de-la-sante\/#primaryimage","url":"https:\/\/www.univ-guyane.fr\/wp-content\/uploads\/les-24h-du-droit-de-la-sante.jpeg","contentUrl":"https:\/\/www.univ-guyane.fr\/wp-content\/uploads\/les-24h-du-droit-de-la-sante.jpeg","width":1800,"height":1013,"caption":"Concours de plaidoirie les 24 heures du droit de la sant\u00e9"},{"@type":"BreadcrumbList","@id":"https:\/\/www.univ-guyane.fr\/2023\/05\/10\/concours-de-plaidoirie-les-24-heures-du-droit-de-la-sante\/#breadcrumb","itemListElement":[{"@type":"ListItem","position":1,"name":"Accueil","item":"https:\/\/www.univ-guyane.fr\/"},{"@type":"ListItem","position":2,"name":"Concours de plaidoirie les 24 heures du droit de la sant\u00e9"}]},{"@type":"WebSite","@id":"https:\/\/www.univ-guyane.fr\/#website","url":"https:\/\/www.univ-guyane.fr\/","name":"Universiteit van Guyana","description":"In het hart van Amazonia","publisher":{"@id":"https:\/\/www.univ-guyane.fr\/#organization"},"alternateName":"UG","potentialAction":[{"@type":"SearchAction","target":{"@type":"EntryPoint","urlTemplate":"https:\/\/www.univ-guyane.fr\/?s={search_term_string}"},"query-input":{"@type":"PropertyValueSpecification","valueRequired":true,"valueName":"search_term_string"}}],"inLanguage":"nl-NL"},{"@type":"Organization","@id":"https:\/\/www.univ-guyane.fr\/#organization","name":"Universiteit van Guyana","alternateName":"UG","url":"https:\/\/www.univ-guyane.fr\/","logo":{"@type":"ImageObject","inLanguage":"nl-NL","@id":"https:\/\/www.univ-guyane.fr\/#\/schema\/logo\/image\/","url":"https:\/\/www.univ-guyane.fr\/wp-content\/uploads\/2024\/05\/f.png","contentUrl":"https:\/\/www.univ-guyane.fr\/wp-content\/uploads\/2024\/05\/f.png","width":1024,"height":1024,"caption":"Universit\u00e9 de Guyane"},"image":{"@id":"https:\/\/www.univ-guyane.fr\/#\/schema\/logo\/image\/"},"sameAs":["https:\/\/www.facebook.com\/univguyane","https:\/\/x.com\/univguyane","https:\/\/gf.linkedin.com\/school\/universite-de-guyane\/","https:\/\/www.instagram.com\/univ_guyane\/"]},{"@type":"Person","@id":"https:\/\/www.univ-guyane.fr\/#\/schema\/person\/86d946a28a8be51bb096ccfdf19db179","name":"Erick Loiti\u00e8re","image":{"@type":"ImageObject","inLanguage":"nl-NL","@id":"https:\/\/secure.gravatar.com\/avatar\/0584f332103fbeaf37e52c73b15dca3c547fd9300deb05764e9ad8714839d072?s=96&d=robohash&r=g","url":"https:\/\/secure.gravatar.com\/avatar\/0584f332103fbeaf37e52c73b15dca3c547fd9300deb05764e9ad8714839d072?s=96&d=robohash&r=g","contentUrl":"https:\/\/secure.gravatar.com\/avatar\/0584f332103fbeaf37e52c73b15dca3c547fd9300deb05764e9ad8714839d072?s=96&d=robohash&r=g","caption":"Erick Loiti\u00e8re"},"sameAs":["http:\/\/www.univ-guyane.fr"],"url":"https:\/\/www.univ-guyane.fr\/nl\/author\/eloitierdbz\/"}]}},"_links":{"self":[{"href":"https:\/\/www.univ-guyane.fr\/nl\/wp-json\/wp\/v2\/posts\/8532","targetHints":{"allow":["GET"]}}],"collection":[{"href":"https:\/\/www.univ-guyane.fr\/nl\/wp-json\/wp\/v2\/posts"}],"about":[{"href":"https:\/\/www.univ-guyane.fr\/nl\/wp-json\/wp\/v2\/types\/post"}],"author":[{"embeddable":true,"href":"https:\/\/www.univ-guyane.fr\/nl\/wp-json\/wp\/v2\/users\/1"}],"replies":[{"embeddable":true,"href":"https:\/\/www.univ-guyane.fr\/nl\/wp-json\/wp\/v2\/comments?post=8532"}],"version-history":[{"count":1,"href":"https:\/\/www.univ-guyane.fr\/nl\/wp-json\/wp\/v2\/posts\/8532\/revisions"}],"predecessor-version":[{"id":8533,"href":"https:\/\/www.univ-guyane.fr\/nl\/wp-json\/wp\/v2\/posts\/8532\/revisions\/8533"}],"wp:featuredmedia":[{"embeddable":true,"href":"https:\/\/www.univ-guyane.fr\/nl\/wp-json\/wp\/v2\/media\/8534"}],"wp:attachment":[{"href":"https:\/\/www.univ-guyane.fr\/nl\/wp-json\/wp\/v2\/media?parent=8532"}],"wp:term":[{"taxonomy":"category","embeddable":true,"href":"https:\/\/www.univ-guyane.fr\/nl\/wp-json\/wp\/v2\/categories?post=8532"},{"taxonomy":"post_tag","embeddable":true,"href":"https:\/\/www.univ-guyane.fr\/nl\/wp-json\/wp\/v2\/tags?post=8532"}],"curies":[{"name":"wp","href":"https:\/\/api.w.org\/{rel}","templated":true}]}}