{"id":8535,"date":"2023-05-04T09:01:40","date_gmt":"2023-05-04T12:01:40","guid":{"rendered":"https:\/\/www.univ-guyane.fr\/?p=8535"},"modified":"2024-06-18T09:05:41","modified_gmt":"2024-06-18T12:05:41","slug":"13eme-journee-scientifique-du-tourisme-durable-et-de-la-biodiversite","status":"publish","type":"post","link":"https:\/\/www.univ-guyane.fr\/nl\/2023\/05\/04\/13eme-journee-scientifique-du-tourisme-durable-et-de-la-biodiversite\/","title":{"rendered":"13e wetenschappelijke dag over duurzaam toerisme en biodiversiteit"},"content":{"rendered":"<div id=\"fws_69f209d0af0c5\"  data-column-margin=\"default\" data-midnight=\"dark\"  class=\"wpb_row vc_row-fluid vc_row\"  style=\"padding-top: 0px; padding-bottom: 0px; \"><div class=\"row-bg-wrap\" data-bg-animation=\"none\" data-bg-animation-delay=\"\" data-bg-overlay=\"false\"><div class=\"inner-wrap row-bg-layer\" ><div class=\"row-bg viewport-desktop\"  style=\"\"><\/div><\/div><\/div><div class=\"row_col_wrap_12 col span_12 dark left\">\n\t<div  class=\"vc_col-sm-12 wpb_column column_container vc_column_container col no-extra-padding inherit_tablet inherit_phone\"  data-padding-pos=\"all\" data-has-bg-color=\"false\" data-bg-color=\"\" data-bg-opacity=\"1\" data-animation=\"\" data-delay=\"0\" >\n\t\t<div class=\"vc_column-inner\" >\n\t\t\t<div class=\"wpb_wrapper\">\n\t\t\t\t\n<div class=\"wpb_text_column wpb_content_element  chapo\" >\n\t<h2>Het BETA EMADD BIO team van het MINEA laboratorium organiseert van 10 tot 12 mei de 13e Journ\u00e9es Scientifiques du Tourisme Durable et de la Biodiversit\u00e9 (Wetenschappelijke dagen over duurzaam toerisme en biodiversiteit). In samenwerking met de Sorbonne Paris Nord Universiteit, UMR-CNRS-CEPN 7234, het CNRS, LabEX en AIMTD, zullen zij werk uit verschillende landen samenbrengen.<\/h2>\n<\/div>\n\n\n\n\n<div class=\"wpb_text_column wpb_content_element\" >\n\t<div class=\"wpb_text_column wpb_content_element\">\n<div class=\"wpb_wrapper\">\n<div id=\"lipsum\">\n<span class=\"nectar-dropcap\" >C <\/span>Deze internationale conferentie onderzoekt het thema \"Toerisme en Biodiversiteit\" vanuit de invalshoek \"Nieuwe horizonten voor het beheer van duurzaam toerisme en recreatie\". Het doel is een antwoord te geven op de volgende fundamentele vragen: \"Hoe kan rekening worden gehouden met de dynamiek van toerisme als een permanente component van de ontwikkeling van regio's met een indrukwekkende biodiversiteit op het land, de rivier en de zee? En hoe kunnen we de comparatieve voordelen van onze natuurlijke rijkdom benutten voor het concurrentievermogen op alle gebieden van de economie zonder deze voor toekomstige generaties in gevaar te brengen?<\/p>\n<p>Gedurende drie dagen zullen de panels werk uit de Verenigde Staten (VS), Canada, Marokko, Frankrijk, West-Afrika, Azi\u00eb, West-Indi\u00eb en Frans Guyana samenbrengen.<\/p>\n<\/div>\n<\/div>\n<\/div>\n<div class=\"wpb_text_column wpb_content_element vc_custom_1683201251183\">\n<div class=\"wpb_wrapper\">\n<h2><strong>Programma<\/strong><\/h2>\n<h3><strong>Woensdag 10 mei<\/strong><\/h3>\n<p><strong>08h - 10h :<\/strong> Openingslezingen - Duurzaam toerisme en biodiversiteit: feiten en theorie.<\/p>\n<p>Professor Mbaye FALL DIALLO - Universiteit van Lille<\/p>\n<p>Professor Erick LEROUX - Universiteit van de Sorbonne Paris Nord<\/p>\n<p><strong>10.00 - 12.00 uur :<\/strong><\/p>\n<h4><strong>Paneel 1 - amfitheater A (gebouw A)<\/strong><\/h4>\n<p>Voorgezeten door Dr. Bertrand PANHUIS, EQR BETA MINEA UR 7485, Universiteit van Guyana<\/p>\n<p>Professor ZACH HALLAB | Post-COVID-19 | Duurzaam toerisme en mogelijke bijdragen aan gezondheid en welzijn<\/p>\n<p>Professor Amel SOUISSI: De determinanten van reisintentie naar de Valais-bestemming na de covid-19 pandemie: fs\/QCA-analyse.<\/p>\n<p>NAOUFEL BELHAJ: Bevordering van het financieel bestuur van steden in Europa<br \/>\nMarokko voor duurzame stedelijke ontwikkeling. (Het geval van Rabat-Sal\u00e9-K\u00e9nitra en Casablanca-Settat)<\/p>\n<p>M. LE BA Quynh Chau: Langzaam toerisme: een nieuwe trend in het hedendaagse toerisme<\/p>\n<p>Dr. Catherine HOUENOUHO: Sociale voorstellingen van duurzaam toerisme, een vergelijkende benadering tussen professionals in Benin en Frankrijk<\/p>\n<h4><strong>Paneel 2 - kamer F002 (gebouw F)<\/strong><\/h4>\n<p>Voorgezeten door mevrouw Corinne LANDAIS, CREDDI EA 4541, Universit\u00e9 des Antilles en EQR BETA MINEA UR 7485 Universit\u00e9 de Guyane<\/p>\n<p>Professor Dominique BLANCHET en Dr. HDR Jo\u00ebl RABOTEUR: De jurisprudentie van de kosten-batenbalans als instrument voor de bevordering van duurzaam toerisme<\/p>\n<p>Dr Guylaine BOURGUIGNON: De rol van milieuverenigingen in de ontwikkeling van duurzaam toerisme en biodiversiteit<\/p>\n<p>Dr. HDR Jo\u00ebl RABOTEUR: Van duurzame toeristische ontwikkeling tot milieubeheer<\/p>\n<p>Dr. Nestor RADJOU en professor Paul ROSELE-CHIM: Duurzaam toerisme en ontwikkeling in Frans Guyana<\/p>\n<p><strong>14.00 - 16.00<\/strong><\/p>\n<h4><strong>Paneel 3 - Amfitheater A (gebouw A)<\/strong><\/h4>\n<p>Voorgezeten door Dr. HDR Jo\u00ebl RABOTEUR CREDDI EA 4541, Universit\u00e9 des Antilles en EQR BETA MINEA UR 7485 Universit\u00e9 de Guyane<\/p>\n<p>Professor Zahra MANSOURI en mevrouw Ibtissam ZOUBEIR: De rol van medisch toerisme in de economische ontwikkeling: het geval Marokko<\/p>\n<p>Dr. Amenda BRON: De omvang van het gebruik van toeristische locaties in West-Guyana<\/p>\n<p>Ga\u00eblle LEBEAU en Ouissal EL MAKHANTER: De ontwikkeling van het toerisme en de informele sector in Frans-Guyana<\/p>\n<p>Mevrouw Ouissal EL MAKHANTER: De impact van de Covid-19 crisis op het toerisme en de duurzaamheid ervan in Frans-Guyana.<\/p>\n<h4><strong>Paneel 4 - Amfitheater C (gebouw C)<\/strong><\/h4>\n<p>Voorgezeten door Dr. Thierry NICOLAS MINEA UR 7485, Universiteit van Guyana<\/p>\n<p>Dr. Moustapha ALADJI en professor Paul ROSELE CHIM: De uitdagingen en vooruitzichten voor de ontwikkeling van duurzaam toerisme in Frans-Guyana<\/p>\n<p>Dr Hugues DOMINGO, Dr Amenda BRON, Dr Moustapha ALADJI Dr Micka\u00ebl CITA, Professor Paul ROSELE CHIM: Ontwikkeling van duurzaam toerisme in Frans-Guyana: leren van academische literatuur en buitenlandse ervaring.<\/p>\n<p>Professor Fatima Zahra GUERTAOUI: De illusie van hernieuwd toerisme in de nasleep van de COVID-19 gezondheidscrisis<\/p>\n<p>Dr. Bertrand PANHUYS: Territorium en aantrekkelijkheid: toerisme en sport in het hart van ontwikkelingsstrategie\u00ebn<\/p>\n<p>Dr. Catherine HOUENOUHO: Duurzaam toerisme en CSR: tussen de sociale identiteit van professionals en een gevoel van prestatie.<\/p>\n<p><strong>16.15 - 18.15<\/strong><\/p>\n<h4><strong>Paneel 5 - Amfitheater A<\/strong><\/h4>\n<p>Voorgezeten door Dr Micka\u00ebl, CITA CREDDI EA 4541 Universit\u00e9 des Antilles en EQR BETA MINEA UR 7485 Universit\u00e9 de Guyane<\/p>\n<p>Dr. SAID LAQABI: Bescherming en opwaardering van materieel en immaterieel erfgoed voor duurzaam toerisme Safi- Koninkrijk Marokko<\/p>\n<p>Dr. Mireille SAMMARCELLI en professor Erick LEROUX: Bewustmaken van lokale belanghebbenden van biodiversiteit: het geval van de oostelijke vlakte van Corsica<\/p>\n<p>Professor Zahra MANSOURI en mevrouw Ibtissam ZOUBEIR: De rol van medisch toerisme in de economische ontwikkeling: het geval Marokko<\/p>\n<p>Dr. Yves DUPLAN en professor Paul ROSELE CHIM: De duurzaamheid van toerisme door commerci\u00eble en recreatievisserij: een analyse toegepast op Frans Guyana.<\/p>\n<h4><strong>Paneel 6 - Amfitheater C<\/strong><\/h4>\n<p>Voorgezeten door Professor Zack HALLAB, Staatsuniversiteit<\/p>\n<p>van San Francisco USA<\/p>\n<p>Professor Jean Louis YENGUE - Wat de natuur en biodiversiteit ons kunnen leren over toeristische praktijken<\/p>\n<p>Professoren Socrat GHADHAN en Andrea PIERONI - Dr Maya SHAMES :<\/p>\n<p>Wilde planten als onderdeel van het lokale biocultuurerfgoed: verzamelen, consumptie, markten en voordelen voor de plattelandsgemeenschappen in Libanon<\/p>\n<p>Professor Salwa MKIK: Marketing van groen toerisme en Marokkaans consumentengedrag<\/p>\n<p>Dr. Ren\u00e9 Kiminou: Over traditionele kennis tegenover toerisme en biodiversiteit in Frans Guyana.<\/p>\n<hr \/>\n<h3><strong>Donderdag 11 mei<\/strong><\/h3>\n<p><strong>8.30 - 10.00<\/strong><\/p>\n<h4><strong>Paneel 7 - Amfitheater A<\/strong><\/h4>\n<p>Voorgezeten door Professor Zahra MANSOURI, Universiteit van Marrakech<\/p>\n<p>Professoren Mamadou SAMB, Fatou Diop SALL, Yvon PESQUEUX, Malick NDIAYE: De dualiteit van bemiddeling\/ontbemiddeling via ICT: naar duurzaam toerisme in Senegal?<\/p>\n<p>Professor Yann RIVAL: Culinair toerisme in Frans-Polynesi\u00eb en de uitdagingen van duurzaamheid en bestemmingspromotie.<\/p>\n<p>Professor Jalila AIT SOUDANE: Innovatie en ondernemerschap als pijlers van duurzaam toerisme in Marokko.<\/p>\n<p>Professor Aziz HMIOUI en professor Bouchra RAJOUANI: Marokko: een duurzame toeristische bestemming?<\/p>\n<h4><strong>Paneel 8 - Zaal F002<\/strong><\/h4>\n<p>Voorgezeten door Dr Emmanuel GUEMATCHA, EQR BETA MINEA UR 7485, Universiteit van Guyana<\/p>\n<p>Professor Do Thi THANH VINH en M. Le Ba QUYNH CHAU: Langzaam toerisme - een nieuwe trend in het hedendaagse toerisme<\/p>\n<p>De heer Naoufel BELHAJ: Bevordering van het financieel bestuur van steden in Afrika<br \/>\nMarokko voor duurzame stedelijke ontwikkeling (Rabat-Sal\u00e9-K\u00e9nitra en Casablanca-Settat)<\/p>\n<p>Professor Edgar BELLOW en professor Thomas MADJ: Creatieve toeristische ontwikkeling en duurzaamheid: een voorstel voor duurzame en innovatieve toerismemodellen<\/p>\n<p>M. Koulani REZAIRE: De strategische integratie van duurzaam toerisme: karakterisering van een hoogwaardig, maatschappelijk verantwoord toeristisch aanbod in Frans-Guyana met behulp van het causale-kringloopmodel.<\/p>\n<p><strong>10.15 tot 12.15 uur.<\/strong><\/p>\n<h4><strong>Junior Panel 1 - Amfitheater A<\/strong><\/h4>\n<p>Juniorworkshop over toerisme in Frans Guyana (Deze workshop wordt gepresenteerd door masterstudenten van het programma Economie en Managementstudies)<\/p>\n<p>Voorgezeten door Ouissal EL MAKHANTER, EQR BETA MINEA UR 7485, Universiteit van Guyana. Ga\u00eblle LEBEAU, EQR BETA MINEA UR 7485, Universiteit van Guyana.<\/p>\n<p>Berline NOEL, Marthe SANDAIRE, Dimitri SEJOUR, Sylvana TJON-A-TJOEN: Toerisme, erfgoed en duurzame strategie in Frans Guyana.<\/p>\n<p>Saindieu DORSINVILLE, Alicia fRANEL, Jimy GODA, Jean Max BONY, Dieustuarde LISMAT: Toerisme, cultuur en sociale praktijken: wat is het verband met biodiversiteit?<\/p>\n<p>Ratnoh KERTOSARI, Christina ESTRAME, Alexia LARANCE: Kan ecotoerisme de economische aantrekkelijkheid van Frans Guyana verbeteren?<\/p>\n<p>Renise ALEXY, Mariola CLOSSY, Alexandra DOR, Alphonse NOEL: Is het toeristisch aanbod van Guyana aangepast aan zijn klanten?<\/p>\n<h4><strong>Junior Panel 2 - Kamer F002<\/strong><\/h4>\n<p>Juniorworkshop over toerisme in Frans Guyana (Deze workshop wordt gepresenteerd door masterstudenten van het programma Economie en Managementstudies)<\/p>\n<p>Voorgezeten door Micka\u00ebl CITA, CREDDI EA 4541 Universit\u00e9 des Antilles en EQR BETA MINEA UR 7485, Universit\u00e9 de Guyane - Moustapha ALADJI EQR BETA MINEA UR 7485 Universit\u00e9 de Guyane<\/p>\n<p>Vanessa CEBERT, Ulerisia DEEL: Vergelijkende analyse van bezoeken aan toeristische locaties: Iles du salut, het ruimtevaartcentrum en de dierentuin van Guyana.<\/p>\n<p>Georgine DOUDOU, Marie-Pierre CESAR, Rose Melissa JEAN-LOUIS, Merline LACROIX: Enkele voordelen en kansen in het toeristisch aanbod van Frans Guyana<\/p>\n<p>Kelyane Pauline LANGLOIS-BURAC,lande BAZILE, Briana DURAN ROJAS, Nath-Alerte AUGUSTE: Kan toerisme worden ontwikkeld met behoud van biodiversiteit in Frans Guyana? Effecten en grenzen?<\/p>\n<p>James NELSON, Dalmat DADA, Roseline AFIE, Val\u00e9riane BACHIS: Toerisme en het behoud van biodiversiteit in Frans Guyana: een onderzoek naar de weg die de economie, de politiek en de sociale praktijken zijn ingeslagen.<\/p>\n<p><strong>14.00 uur 15.30 uur<\/strong><\/p>\n<h4><strong>Paneel 10 - Amfitheater A<\/strong><\/h4>\n<p>Ronde tafel presentatie van tijdschriften en boeken<\/p>\n<p>Voorgezeten door Professor Erick LEROUX<\/p>\n<p>Joel RABOTEUR MCF HDR, Duurzaam toerisme, de molenroute van Europa naar het Caribisch gebied<\/p>\n<p>Olivier DEHOORNE MCF HDR, het tijdschrift \u00c9tudes Carib\u00e9ennes en publicaties over de geo-economie van toerisme Erick LEROUX, het tijdschrift Avenir et Management<br \/>\nPaul ROSELE CHIM, tijdschrift AJIDMS en publicaties over toeristische ontwikkeling<\/p>\n<p><strong>15.45 - 17.00 uur<\/strong><\/p>\n<h4><strong>Paneel 11 - Amfitheater A<\/strong><\/h4>\n<p>Ronde tafel met lokale belanghebbenden over toerisme, biodiversiteit en duurzaamheid<\/p>\n<p>Voorgezeten door Professor Mbaye FALL DIALLO<\/p>\n<p>Pascal GOMBAUD, projectdirecteur duurzame ontwikkeling CCSD<\/p>\n<p>Nancy MARTIN, hoofd van de ontwikkelingsmissie van West-Guyana<\/p>\n<p>Stefano KANA, verkozen vertegenwoordiger voor West-Guyana<\/p>\n<p>Rosa Redimossou, projectmanager, gemeente Mana<\/p>\n<p>Philippe BOUBA, vice-voorzitter van het Collectivit\u00e9 Territoriale de Guyane (regionale autoriteit Guyana)<\/p>\n<hr \/>\n<h3><strong>Vrijdag 12 mei 2023<\/strong><\/h3>\n<p><strong>08h00<\/strong><\/p>\n<p>Ontdekkingstocht door het Guiana Space Centre (CSG)<\/p>\n<\/div>\n<\/div>\n<\/div>\n\n\n\n\n\t\t\t<\/div> \n\t\t<\/div>\n\t<\/div> \n<\/div><\/div>","protected":false},"excerpt":{"rendered":"Het interne BETA EMADD BIO team van het MINEA laboratorium organiseert de...","protected":false},"author":1,"featured_media":8537,"comment_status":"closed","ping_status":"open","sticky":false,"template":"","format":"standard","meta":{"iawp_total_views":85,"footnotes":""},"categories":[187,3],"tags":[],"class_list":{"0":"post-8535","1":"post","2":"type-post","3":"status-publish","4":"format-standard","5":"has-post-thumbnail","7":"category-minea","8":"category-sje"},"yoast_head":"<!-- This site is optimized with the Yoast SEO plugin v27.5 - https:\/\/yoast.com\/product\/yoast-seo-wordpress\/ -->\n<title>13\u00e8me Journ\u00e9e scientifique du tourisme durable et de la biodiversit\u00e9 &#8212; Universit\u00e9 de Guyane<\/title>\n<meta name=\"description\" content=\"D\u00e9couvrez les enseignements de cette journ\u00e9e scientifique sur le tourisme et la biodiversit\u00e9, r\u00e9unissant des experts du monde entier.\" \/>\n<meta name=\"robots\" content=\"index, follow, max-snippet:-1, max-image-preview:large, max-video-preview:-1\" \/>\n<link rel=\"canonical\" href=\"https:\/\/www.univ-guyane.fr\/nl\/2023\/05\/04\/13eme-journee-scientifique-du-tourisme-durable-et-de-la-biodiversite\/\" \/>\n<meta property=\"og:locale\" content=\"nl_NL\" \/>\n<meta property=\"og:type\" content=\"article\" \/>\n<meta property=\"og:title\" content=\"13\u00e8me Journ\u00e9e scientifique du tourisme durable et de la biodiversit\u00e9 &#8212; Universit\u00e9 de Guyane\" \/>\n<meta property=\"og:description\" content=\"D\u00e9couvrez les enseignements de cette journ\u00e9e scientifique sur le tourisme et la biodiversit\u00e9, r\u00e9unissant des experts du monde entier.\" \/>\n<meta property=\"og:url\" content=\"https:\/\/www.univ-guyane.fr\/nl\/2023\/05\/04\/13eme-journee-scientifique-du-tourisme-durable-et-de-la-biodiversite\/\" \/>\n<meta property=\"og:site_name\" content=\"Universit\u00e9 de Guyane\" \/>\n<meta property=\"article:publisher\" content=\"https:\/\/www.facebook.com\/univguyane\" \/>\n<meta property=\"article:published_time\" content=\"2023-05-04T12:01:40+00:00\" \/>\n<meta property=\"article:modified_time\" content=\"2024-06-18T12:05:41+00:00\" \/>\n<meta property=\"og:image\" content=\"https:\/\/www.univ-guyane.fr\/wp-content\/uploads\/13e-journee-scientifique-du-tourisme-durable-universite-de-guyane.jpeg\" \/>\n\t<meta property=\"og:image:width\" content=\"1800\" \/>\n\t<meta property=\"og:image:height\" content=\"1013\" \/>\n\t<meta property=\"og:image:type\" content=\"image\/jpeg\" \/>\n<meta name=\"author\" content=\"Erick Loiti\u00e8re\" \/>\n<meta name=\"twitter:card\" content=\"summary_large_image\" \/>\n<meta name=\"twitter:creator\" content=\"@univguyane\" \/>\n<meta name=\"twitter:site\" content=\"@univguyane\" \/>\n<meta name=\"twitter:label1\" content=\"Geschreven door\" \/>\n\t<meta name=\"twitter:data1\" content=\"Erick Loiti\u00e8re\" \/>\n\t<meta name=\"twitter:label2\" content=\"Geschatte leestijd\" \/>\n\t<meta name=\"twitter:data2\" content=\"8 minuten\" \/>\n<script type=\"application\/ld+json\" class=\"yoast-schema-graph\">{\"@context\":\"https:\\\/\\\/schema.org\",\"@graph\":[{\"@type\":\"Article\",\"@id\":\"https:\\\/\\\/www.univ-guyane.fr\\\/2023\\\/05\\\/04\\\/13eme-journee-scientifique-du-tourisme-durable-et-de-la-biodiversite\\\/#article\",\"isPartOf\":{\"@id\":\"https:\\\/\\\/www.univ-guyane.fr\\\/2023\\\/05\\\/04\\\/13eme-journee-scientifique-du-tourisme-durable-et-de-la-biodiversite\\\/\"},\"author\":{\"name\":\"Erick Loiti\u00e8re\",\"@id\":\"https:\\\/\\\/www.univ-guyane.fr\\\/#\\\/schema\\\/person\\\/86d946a28a8be51bb096ccfdf19db179\"},\"headline\":\"13\u00e8me Journ\u00e9e scientifique du tourisme durable et de la biodiversit\u00e9\",\"datePublished\":\"2023-05-04T12:01:40+00:00\",\"dateModified\":\"2024-06-18T12:05:41+00:00\",\"mainEntityOfPage\":{\"@id\":\"https:\\\/\\\/www.univ-guyane.fr\\\/2023\\\/05\\\/04\\\/13eme-journee-scientifique-du-tourisme-durable-et-de-la-biodiversite\\\/\"},\"wordCount\":1776,\"publisher\":{\"@id\":\"https:\\\/\\\/www.univ-guyane.fr\\\/#organization\"},\"image\":{\"@id\":\"https:\\\/\\\/www.univ-guyane.fr\\\/2023\\\/05\\\/04\\\/13eme-journee-scientifique-du-tourisme-durable-et-de-la-biodiversite\\\/#primaryimage\"},\"thumbnailUrl\":\"https:\\\/\\\/www.univ-guyane.fr\\\/wp-content\\\/uploads\\\/13e-journee-scientifique-du-tourisme-durable-universite-de-guyane.jpeg\",\"articleSection\":[\"\u2022\u00a0MINEA\",\"\u2022\u00a0SJE\"],\"inLanguage\":\"nl-NL\"},{\"@type\":\"WebPage\",\"@id\":\"https:\\\/\\\/www.univ-guyane.fr\\\/2023\\\/05\\\/04\\\/13eme-journee-scientifique-du-tourisme-durable-et-de-la-biodiversite\\\/\",\"url\":\"https:\\\/\\\/www.univ-guyane.fr\\\/2023\\\/05\\\/04\\\/13eme-journee-scientifique-du-tourisme-durable-et-de-la-biodiversite\\\/\",\"name\":\"13\u00e8me Journ\u00e9e scientifique du tourisme durable et de la biodiversit\u00e9 &#8212; Universit\u00e9 de Guyane\",\"isPartOf\":{\"@id\":\"https:\\\/\\\/www.univ-guyane.fr\\\/#website\"},\"primaryImageOfPage\":{\"@id\":\"https:\\\/\\\/www.univ-guyane.fr\\\/2023\\\/05\\\/04\\\/13eme-journee-scientifique-du-tourisme-durable-et-de-la-biodiversite\\\/#primaryimage\"},\"image\":{\"@id\":\"https:\\\/\\\/www.univ-guyane.fr\\\/2023\\\/05\\\/04\\\/13eme-journee-scientifique-du-tourisme-durable-et-de-la-biodiversite\\\/#primaryimage\"},\"thumbnailUrl\":\"https:\\\/\\\/www.univ-guyane.fr\\\/wp-content\\\/uploads\\\/13e-journee-scientifique-du-tourisme-durable-universite-de-guyane.jpeg\",\"datePublished\":\"2023-05-04T12:01:40+00:00\",\"dateModified\":\"2024-06-18T12:05:41+00:00\",\"description\":\"D\u00e9couvrez les enseignements de cette journ\u00e9e scientifique sur le tourisme et la biodiversit\u00e9, r\u00e9unissant des experts du monde entier.\",\"breadcrumb\":{\"@id\":\"https:\\\/\\\/www.univ-guyane.fr\\\/2023\\\/05\\\/04\\\/13eme-journee-scientifique-du-tourisme-durable-et-de-la-biodiversite\\\/#breadcrumb\"},\"inLanguage\":\"nl-NL\",\"potentialAction\":[{\"@type\":\"ReadAction\",\"target\":[\"https:\\\/\\\/www.univ-guyane.fr\\\/2023\\\/05\\\/04\\\/13eme-journee-scientifique-du-tourisme-durable-et-de-la-biodiversite\\\/\"]}]},{\"@type\":\"ImageObject\",\"inLanguage\":\"nl-NL\",\"@id\":\"https:\\\/\\\/www.univ-guyane.fr\\\/2023\\\/05\\\/04\\\/13eme-journee-scientifique-du-tourisme-durable-et-de-la-biodiversite\\\/#primaryimage\",\"url\":\"https:\\\/\\\/www.univ-guyane.fr\\\/wp-content\\\/uploads\\\/13e-journee-scientifique-du-tourisme-durable-universite-de-guyane.jpeg\",\"contentUrl\":\"https:\\\/\\\/www.univ-guyane.fr\\\/wp-content\\\/uploads\\\/13e-journee-scientifique-du-tourisme-durable-universite-de-guyane.jpeg\",\"width\":1800,\"height\":1013,\"caption\":\"13\u00e8me Journ\u00e9e scientifique du tourisme durable et de la biodiversit\u00e9\"},{\"@type\":\"BreadcrumbList\",\"@id\":\"https:\\\/\\\/www.univ-guyane.fr\\\/2023\\\/05\\\/04\\\/13eme-journee-scientifique-du-tourisme-durable-et-de-la-biodiversite\\\/#breadcrumb\",\"itemListElement\":[{\"@type\":\"ListItem\",\"position\":1,\"name\":\"Accueil\",\"item\":\"https:\\\/\\\/www.univ-guyane.fr\\\/\"},{\"@type\":\"ListItem\",\"position\":2,\"name\":\"13\u00e8me Journ\u00e9e scientifique du tourisme durable et de la biodiversit\u00e9\"}]},{\"@type\":\"WebSite\",\"@id\":\"https:\\\/\\\/www.univ-guyane.fr\\\/#website\",\"url\":\"https:\\\/\\\/www.univ-guyane.fr\\\/\",\"name\":\"Universit\u00e9 de Guyane\",\"description\":\"Au c\u0153ur de l&#039;amazonie\",\"publisher\":{\"@id\":\"https:\\\/\\\/www.univ-guyane.fr\\\/#organization\"},\"alternateName\":\"UG\",\"potentialAction\":[{\"@type\":\"SearchAction\",\"target\":{\"@type\":\"EntryPoint\",\"urlTemplate\":\"https:\\\/\\\/www.univ-guyane.fr\\\/?s={search_term_string}\"},\"query-input\":{\"@type\":\"PropertyValueSpecification\",\"valueRequired\":true,\"valueName\":\"search_term_string\"}}],\"inLanguage\":\"nl-NL\"},{\"@type\":\"Organization\",\"@id\":\"https:\\\/\\\/www.univ-guyane.fr\\\/#organization\",\"name\":\"Universit\u00e9 de Guyane\",\"alternateName\":\"UG\",\"url\":\"https:\\\/\\\/www.univ-guyane.fr\\\/\",\"logo\":{\"@type\":\"ImageObject\",\"inLanguage\":\"nl-NL\",\"@id\":\"https:\\\/\\\/www.univ-guyane.fr\\\/#\\\/schema\\\/logo\\\/image\\\/\",\"url\":\"https:\\\/\\\/www.univ-guyane.fr\\\/wp-content\\\/uploads\\\/2024\\\/05\\\/f.png\",\"contentUrl\":\"https:\\\/\\\/www.univ-guyane.fr\\\/wp-content\\\/uploads\\\/2024\\\/05\\\/f.png\",\"width\":1024,\"height\":1024,\"caption\":\"Universit\u00e9 de Guyane\"},\"image\":{\"@id\":\"https:\\\/\\\/www.univ-guyane.fr\\\/#\\\/schema\\\/logo\\\/image\\\/\"},\"sameAs\":[\"https:\\\/\\\/www.facebook.com\\\/univguyane\",\"https:\\\/\\\/x.com\\\/univguyane\",\"https:\\\/\\\/gf.linkedin.com\\\/school\\\/universite-de-guyane\\\/\",\"https:\\\/\\\/www.instagram.com\\\/univ_guyane\\\/\"]},{\"@type\":\"Person\",\"@id\":\"https:\\\/\\\/www.univ-guyane.fr\\\/#\\\/schema\\\/person\\\/86d946a28a8be51bb096ccfdf19db179\",\"name\":\"Erick Loiti\u00e8re\",\"image\":{\"@type\":\"ImageObject\",\"inLanguage\":\"nl-NL\",\"@id\":\"https:\\\/\\\/secure.gravatar.com\\\/avatar\\\/0584f332103fbeaf37e52c73b15dca3c547fd9300deb05764e9ad8714839d072?s=96&d=robohash&r=g\",\"url\":\"https:\\\/\\\/secure.gravatar.com\\\/avatar\\\/0584f332103fbeaf37e52c73b15dca3c547fd9300deb05764e9ad8714839d072?s=96&d=robohash&r=g\",\"contentUrl\":\"https:\\\/\\\/secure.gravatar.com\\\/avatar\\\/0584f332103fbeaf37e52c73b15dca3c547fd9300deb05764e9ad8714839d072?s=96&d=robohash&r=g\",\"caption\":\"Erick Loiti\u00e8re\"},\"sameAs\":[\"http:\\\/\\\/www.univ-guyane.fr\"],\"url\":\"https:\\\/\\\/www.univ-guyane.fr\\\/nl\\\/author\\\/eloitierdbz\\\/\"}]}<\/script>\n<!-- \/ Yoast SEO plugin. -->","yoast_head_json":{"title":"13e wetenschappelijke dag over duurzaam toerisme en biodiversiteit - Universit\u00e9 de Guyane","description":"Lees wat er is geleerd van deze wetenschappelijke dag over toerisme en biodiversiteit, waaraan deskundigen van over de hele wereld deelnamen.","robots":{"index":"index","follow":"follow","max-snippet":"max-snippet:-1","max-image-preview":"max-image-preview:large","max-video-preview":"max-video-preview:-1"},"canonical":"https:\/\/www.univ-guyane.fr\/nl\/2023\/05\/04\/13eme-journee-scientifique-du-tourisme-durable-et-de-la-biodiversite\/","og_locale":"nl_NL","og_type":"article","og_title":"13\u00e8me Journ\u00e9e scientifique du tourisme durable et de la biodiversit\u00e9 &#8212; Universit\u00e9 de Guyane","og_description":"D\u00e9couvrez les enseignements de cette journ\u00e9e scientifique sur le tourisme et la biodiversit\u00e9, r\u00e9unissant des experts du monde entier.","og_url":"https:\/\/www.univ-guyane.fr\/nl\/2023\/05\/04\/13eme-journee-scientifique-du-tourisme-durable-et-de-la-biodiversite\/","og_site_name":"Universit\u00e9 de Guyane","article_publisher":"https:\/\/www.facebook.com\/univguyane","article_published_time":"2023-05-04T12:01:40+00:00","article_modified_time":"2024-06-18T12:05:41+00:00","og_image":[{"width":1800,"height":1013,"url":"https:\/\/www.univ-guyane.fr\/wp-content\/uploads\/13e-journee-scientifique-du-tourisme-durable-universite-de-guyane.jpeg","type":"image\/jpeg"}],"author":"Erick Loiti\u00e8re","twitter_card":"summary_large_image","twitter_creator":"@univguyane","twitter_site":"@univguyane","twitter_misc":{"Geschreven door":"Erick Loiti\u00e8re","Geschatte leestijd":"8 minuten"},"schema":{"@context":"https:\/\/schema.org","@graph":[{"@type":"Article","@id":"https:\/\/www.univ-guyane.fr\/2023\/05\/04\/13eme-journee-scientifique-du-tourisme-durable-et-de-la-biodiversite\/#article","isPartOf":{"@id":"https:\/\/www.univ-guyane.fr\/2023\/05\/04\/13eme-journee-scientifique-du-tourisme-durable-et-de-la-biodiversite\/"},"author":{"name":"Erick Loiti\u00e8re","@id":"https:\/\/www.univ-guyane.fr\/#\/schema\/person\/86d946a28a8be51bb096ccfdf19db179"},"headline":"13\u00e8me Journ\u00e9e scientifique du tourisme durable et de la biodiversit\u00e9","datePublished":"2023-05-04T12:01:40+00:00","dateModified":"2024-06-18T12:05:41+00:00","mainEntityOfPage":{"@id":"https:\/\/www.univ-guyane.fr\/2023\/05\/04\/13eme-journee-scientifique-du-tourisme-durable-et-de-la-biodiversite\/"},"wordCount":1776,"publisher":{"@id":"https:\/\/www.univ-guyane.fr\/#organization"},"image":{"@id":"https:\/\/www.univ-guyane.fr\/2023\/05\/04\/13eme-journee-scientifique-du-tourisme-durable-et-de-la-biodiversite\/#primaryimage"},"thumbnailUrl":"https:\/\/www.univ-guyane.fr\/wp-content\/uploads\/13e-journee-scientifique-du-tourisme-durable-universite-de-guyane.jpeg","articleSection":["\u2022\u00a0MINEA","\u2022\u00a0SJE"],"inLanguage":"nl-NL"},{"@type":"WebPage","@id":"https:\/\/www.univ-guyane.fr\/2023\/05\/04\/13eme-journee-scientifique-du-tourisme-durable-et-de-la-biodiversite\/","url":"https:\/\/www.univ-guyane.fr\/2023\/05\/04\/13eme-journee-scientifique-du-tourisme-durable-et-de-la-biodiversite\/","name":"13e wetenschappelijke dag over duurzaam toerisme en biodiversiteit - Universit\u00e9 de Guyane","isPartOf":{"@id":"https:\/\/www.univ-guyane.fr\/#website"},"primaryImageOfPage":{"@id":"https:\/\/www.univ-guyane.fr\/2023\/05\/04\/13eme-journee-scientifique-du-tourisme-durable-et-de-la-biodiversite\/#primaryimage"},"image":{"@id":"https:\/\/www.univ-guyane.fr\/2023\/05\/04\/13eme-journee-scientifique-du-tourisme-durable-et-de-la-biodiversite\/#primaryimage"},"thumbnailUrl":"https:\/\/www.univ-guyane.fr\/wp-content\/uploads\/13e-journee-scientifique-du-tourisme-durable-universite-de-guyane.jpeg","datePublished":"2023-05-04T12:01:40+00:00","dateModified":"2024-06-18T12:05:41+00:00","description":"Lees wat er is geleerd van deze wetenschappelijke dag over toerisme en biodiversiteit, waaraan deskundigen van over de hele wereld deelnamen.","breadcrumb":{"@id":"https:\/\/www.univ-guyane.fr\/2023\/05\/04\/13eme-journee-scientifique-du-tourisme-durable-et-de-la-biodiversite\/#breadcrumb"},"inLanguage":"nl-NL","potentialAction":[{"@type":"ReadAction","target":["https:\/\/www.univ-guyane.fr\/2023\/05\/04\/13eme-journee-scientifique-du-tourisme-durable-et-de-la-biodiversite\/"]}]},{"@type":"ImageObject","inLanguage":"nl-NL","@id":"https:\/\/www.univ-guyane.fr\/2023\/05\/04\/13eme-journee-scientifique-du-tourisme-durable-et-de-la-biodiversite\/#primaryimage","url":"https:\/\/www.univ-guyane.fr\/wp-content\/uploads\/13e-journee-scientifique-du-tourisme-durable-universite-de-guyane.jpeg","contentUrl":"https:\/\/www.univ-guyane.fr\/wp-content\/uploads\/13e-journee-scientifique-du-tourisme-durable-universite-de-guyane.jpeg","width":1800,"height":1013,"caption":"13\u00e8me Journ\u00e9e scientifique du tourisme durable et de la biodiversit\u00e9"},{"@type":"BreadcrumbList","@id":"https:\/\/www.univ-guyane.fr\/2023\/05\/04\/13eme-journee-scientifique-du-tourisme-durable-et-de-la-biodiversite\/#breadcrumb","itemListElement":[{"@type":"ListItem","position":1,"name":"Accueil","item":"https:\/\/www.univ-guyane.fr\/"},{"@type":"ListItem","position":2,"name":"13\u00e8me Journ\u00e9e scientifique du tourisme durable et de la biodiversit\u00e9"}]},{"@type":"WebSite","@id":"https:\/\/www.univ-guyane.fr\/#website","url":"https:\/\/www.univ-guyane.fr\/","name":"Universiteit van Guyana","description":"In het hart van Amazonia","publisher":{"@id":"https:\/\/www.univ-guyane.fr\/#organization"},"alternateName":"UG","potentialAction":[{"@type":"SearchAction","target":{"@type":"EntryPoint","urlTemplate":"https:\/\/www.univ-guyane.fr\/?s={search_term_string}"},"query-input":{"@type":"PropertyValueSpecification","valueRequired":true,"valueName":"search_term_string"}}],"inLanguage":"nl-NL"},{"@type":"Organization","@id":"https:\/\/www.univ-guyane.fr\/#organization","name":"Universiteit van Guyana","alternateName":"UG","url":"https:\/\/www.univ-guyane.fr\/","logo":{"@type":"ImageObject","inLanguage":"nl-NL","@id":"https:\/\/www.univ-guyane.fr\/#\/schema\/logo\/image\/","url":"https:\/\/www.univ-guyane.fr\/wp-content\/uploads\/2024\/05\/f.png","contentUrl":"https:\/\/www.univ-guyane.fr\/wp-content\/uploads\/2024\/05\/f.png","width":1024,"height":1024,"caption":"Universit\u00e9 de Guyane"},"image":{"@id":"https:\/\/www.univ-guyane.fr\/#\/schema\/logo\/image\/"},"sameAs":["https:\/\/www.facebook.com\/univguyane","https:\/\/x.com\/univguyane","https:\/\/gf.linkedin.com\/school\/universite-de-guyane\/","https:\/\/www.instagram.com\/univ_guyane\/"]},{"@type":"Person","@id":"https:\/\/www.univ-guyane.fr\/#\/schema\/person\/86d946a28a8be51bb096ccfdf19db179","name":"Erick Loiti\u00e8re","image":{"@type":"ImageObject","inLanguage":"nl-NL","@id":"https:\/\/secure.gravatar.com\/avatar\/0584f332103fbeaf37e52c73b15dca3c547fd9300deb05764e9ad8714839d072?s=96&d=robohash&r=g","url":"https:\/\/secure.gravatar.com\/avatar\/0584f332103fbeaf37e52c73b15dca3c547fd9300deb05764e9ad8714839d072?s=96&d=robohash&r=g","contentUrl":"https:\/\/secure.gravatar.com\/avatar\/0584f332103fbeaf37e52c73b15dca3c547fd9300deb05764e9ad8714839d072?s=96&d=robohash&r=g","caption":"Erick Loiti\u00e8re"},"sameAs":["http:\/\/www.univ-guyane.fr"],"url":"https:\/\/www.univ-guyane.fr\/nl\/author\/eloitierdbz\/"}]}},"_links":{"self":[{"href":"https:\/\/www.univ-guyane.fr\/nl\/wp-json\/wp\/v2\/posts\/8535","targetHints":{"allow":["GET"]}}],"collection":[{"href":"https:\/\/www.univ-guyane.fr\/nl\/wp-json\/wp\/v2\/posts"}],"about":[{"href":"https:\/\/www.univ-guyane.fr\/nl\/wp-json\/wp\/v2\/types\/post"}],"author":[{"embeddable":true,"href":"https:\/\/www.univ-guyane.fr\/nl\/wp-json\/wp\/v2\/users\/1"}],"replies":[{"embeddable":true,"href":"https:\/\/www.univ-guyane.fr\/nl\/wp-json\/wp\/v2\/comments?post=8535"}],"version-history":[{"count":1,"href":"https:\/\/www.univ-guyane.fr\/nl\/wp-json\/wp\/v2\/posts\/8535\/revisions"}],"predecessor-version":[{"id":8536,"href":"https:\/\/www.univ-guyane.fr\/nl\/wp-json\/wp\/v2\/posts\/8535\/revisions\/8536"}],"wp:featuredmedia":[{"embeddable":true,"href":"https:\/\/www.univ-guyane.fr\/nl\/wp-json\/wp\/v2\/media\/8537"}],"wp:attachment":[{"href":"https:\/\/www.univ-guyane.fr\/nl\/wp-json\/wp\/v2\/media?parent=8535"}],"wp:term":[{"taxonomy":"category","embeddable":true,"href":"https:\/\/www.univ-guyane.fr\/nl\/wp-json\/wp\/v2\/categories?post=8535"},{"taxonomy":"post_tag","embeddable":true,"href":"https:\/\/www.univ-guyane.fr\/nl\/wp-json\/wp\/v2\/tags?post=8535"}],"curies":[{"name":"wp","href":"https:\/\/api.w.org\/{rel}","templated":true}]}}