{"id":8553,"date":"2023-04-21T09:27:05","date_gmt":"2023-04-21T12:27:05","guid":{"rendered":"https:\/\/www.univ-guyane.fr\/?p=8553"},"modified":"2024-06-18T09:30:10","modified_gmt":"2024-06-18T12:30:10","slug":"prise-en-charge-des-maladies-chroniques-un-regard-croise-benin-guyane-francaise","status":"publish","type":"post","link":"https:\/\/www.univ-guyane.fr\/nl\/2023\/04\/21\/prise-en-charge-des-maladies-chroniques-un-regard-croise-benin-guyane-francaise\/","title":{"rendered":"Beheer van chronische ziekten: een Benins-Frans-Guyaans perspectief"},"content":{"rendered":"<div id=\"fws_69f38a1837842\"  data-column-margin=\"default\" data-midnight=\"dark\"  class=\"wpb_row vc_row-fluid vc_row\"  style=\"padding-top: 0px; padding-bottom: 0px; \"><div class=\"row-bg-wrap\" data-bg-animation=\"none\" data-bg-animation-delay=\"\" data-bg-overlay=\"false\"><div class=\"inner-wrap row-bg-layer\" ><div class=\"row-bg viewport-desktop\"  style=\"\"><\/div><\/div><\/div><div class=\"row_col_wrap_12 col span_12 dark left\">\n\t<div  class=\"vc_col-sm-12 wpb_column column_container vc_column_container col no-extra-padding inherit_tablet inherit_phone\"  data-padding-pos=\"all\" data-has-bg-color=\"false\" data-bg-color=\"\" data-bg-opacity=\"1\" data-animation=\"\" data-delay=\"0\" >\n\t\t<div class=\"vc_column-inner\" >\n\t\t\t<div class=\"wpb_wrapper\">\n\t\t\t\t\n<div class=\"wpb_text_column wpb_content_element  chapo\" >\n\t<h2><strong>Ter gelegenheid van het bezoek aan Frans-Guyana van mevrouw Doroth\u00e9e KINDE-GAZARD, hoogleraar geneeskunde aan de universiteit van Abomey Calavi, organiseert het laboratorium van MINEA een conferentie. Deze vindt plaats op woensdag 26 april 2023 vanaf 9 uur in amfitheater A op de campus Troubiran. De conferentie richt zich op het beheer van chronische ziekten.<\/strong><\/h2>\n<\/div>\n\n\n\n\n<div class=\"wpb_text_column wpb_content_element\" >\n\t<div class=\"wpb_text_column wpb_content_element\">\n<div class=\"wpb_wrapper\">\n<div id=\"lipsum\">\n<span class=\"nectar-dropcap\" >L <\/span>zijn conferentie zal worden geleid door mevrouw Doroth\u00e9e KINDE-GAZARD, hoogleraar geneeskunde aan de universiteit van Abomey Calavi, specialist in tropische gezondheid en voormalig minister van Volksgezondheid in Benin. Zij zal ook aanwezig zijn in Frans Guyana tijdens het seminar over maatschappij, cultuur en gezondheid, georganiseerd door het MINEA laboratorium en hun partners.<\/p>\n<p>Dit seminar biedt een landoverschrijdend perspectief tussen Frans-Guyana en Benin en belicht praktijken en ervaringen in het beheer van chronische ziekten in deze twee gebieden, die te maken hebben met specifieke gezondheidsomstandigheden.<\/p>\n<p>Tijdens het bezoek zullen een aantal bijeenkomsten en conferenties worden gehouden in Cayenne, Saint-Laurent du Maroni en Macouria. Tijdens deze conferenties zullen verschillende spelers uit de gezondheidszorg in de regio het woord nemen. Docenten en onderzoekers van de Universiteit van Guyana zullen verschillende aspecten van het beheer van chronische ziekten bespreken, met bijzondere aandacht voor hoge bloeddruk, HIV en malaria; een transversale aanpak tussen Guyana en Benin.<\/p>\n<\/div>\n<\/div>\n<\/div>\n<div class=\"wpb_text_column wpb_content_element vc_custom_1682347295099\">\n<div class=\"wpb_wrapper\">\n<h3><strong>Programma<\/strong><\/h3>\n<p>Maandag 24 april<\/p>\n<ul>\n<li>Vertrek voor een ontdekkingstocht door Macouria.<\/li>\n<li>Conferentie over volksgezondheid \"Tuberculose\" - Stad Macouria \/ ARS Guyane.<\/li>\n<\/ul>\n<hr \/>\n<p>Dinsdag 25 april<\/p>\n<ul>\n<li>Bezoek aan de lokale onderzoekseenheden: TBIPP en Institut PASTEUR.<\/li>\n<li>Conferentie over volksgezondheid \"Malaria\" - Stad Macouria \/ ARS Guyane.<\/li>\n<\/ul>\n<hr \/>\n<p>Woensdag 26 april<\/p>\n<ul>\n<li>Multidisciplinaire rondetafelconferenties: \"Het beheer van chronische ziekten, een dwarsdoorsnede van Benin en Frans-Guyana\" - Universiteit van Frans-Guyana \/ MINEA Laboratorium.<\/li>\n<li>Bijeenkomst met studenten gezondheidszorg - Universit\u00e9 de Guyane \/ IFSI \/ Externat \/ IUT de Kourou.<\/li>\n<\/ul>\n<hr \/>\n<p>Donderdag 27 april<\/p>\n<ul>\n<li>Bezoek aan Saint-Laurent du Maroni.<\/li>\n<li>Bijeenkomst met de vereniging Mama Bobi - Local de l'<\/li>\n<li>Conferentie \"Alternatieve geneeswijzen en interculturaliteit\" - bij het SLM CHOG.<\/li>\n<\/ul>\n<\/div>\n<\/div>\n<div class=\"wpb_text_column wpb_content_element\">\n<div class=\"wpb_wrapper\">\n<h3><strong>Informatie en registratie voor conferenties<\/strong><\/h3>\n<p>Stadhuis Macouria: kaGRACEETIENNE@villedemacouria.fr<br \/>\nUniversiteit van Guyana: 0694244450 monique.blerald@univ-guyane.fr<br \/>\nMINEA: +33 6 95008069 hugues.domingo@univ-guyane.fr<br \/>\nCorrespondent Guyana-Benin: 0694226062 happykoffi@gmail.com<\/p>\n<\/div>\n<\/div>\n<div class=\"wpb_text_column wpb_content_element vc_custom_1682347060343\">\n<div class=\"wpb_wrapper\">\n<p><strong>Een paar woorden over Doroth\u00e9e Akoko Kind\u00e9<\/strong><strong>-Gazard<\/strong><\/p>\n<p>Doroth\u00e9e Akoko Kind\u00e9-Gazard (KINDE-GAZARD) bekleedt sinds 2012 de leerstoel Parasitologie-Mycologie aan de Universiteit van Abomey Calavi in Benin, na het behalen van haar agr\u00e9gatie in 2004. Haar internationaal gerenommeerde expertise heeft haar verschillende onderscheidingen opgeleverd, waaronder:<\/p>\n<ul>\n<li>Ridder van het Legioen van Eer van de Franse Republiek (2009)<\/li>\n<li>Ridder van het Legioen van Eer van Benin (2014)<\/li>\n<li>Ministerieel Leiderschap Heide Harvard (2014)<\/li>\n<li>Paul Harris Fellow van de Rotary Club Medaille<\/li>\n<\/ul>\n<p>Professor KINDE-GAZARD is momenteel voorzitter van het strategiecomit\u00e9 van het Wereldfonds en was co\u00f6rdinator van het nationale malariabestrijdingsprogramma (2001-2005) in Benin en mededirecteur van de 1e en 2e internationale Franstalige cursussen voor malariabestrijding als onderdeel van het initiatief \"Roll Back Malaria\" (2000 en 2003).<\/p>\n<p>Professor Doroth\u00e9e KINDE-GAZARD is een internationaal expert en consultant en heeft samengewerkt met een aantal internationale instellingen, waaronder de WHO (Wereldgezondheidsorganisatie; ze was in 2014 zelfs kandidaat voor het regionale directoraat Afrika). UNICEF, Pan-Afrikaanse Stuurgroep, UNFPA enz.<\/p>\n<p>Voorzitter van het CCM van het Wereldfonds: Mobilisation of rounds 5 HIV\/AIDS, round 6 Tuberculosis, round 7 and Chair of the Regional Coordination Committee of the Abidjan-Lagos Corridor project to combat HIV\/AIDS among migrant populations, Professor KINDE-GAZARD heeft onlangs de functies bekleed van Hoofd van de Parasitologie-Mycologie Training en Onderzoekseenheid aan de Faculteit Gezondheidswetenschappen in Cotonou; Co\u00f6rdinator van het Centrum voor Ge\u00efntegreerde Malariabestrijding (CLIP); Adjunct-directeur van het Klinisch Onderzoeksinstituut van Benin (IRCB); en Co\u00f6rdinator van het Diploma of Special Studies in Klinische Biologie van 2015-2022.<\/p>\n<p>Professor Doroth\u00e9e Akoko KINDE-GAZARD is 65 jaar oud en pensioengerechtigd. Ze is auteur van meer dan zeventig (70) wetenschappelijke publicaties en directeur van ongeveer zestig proefschriften in de geneeskunde en farmacie in Afrika.<\/p>\n<\/div>\n<\/div>\n<\/div>\n\n\n\n\n\t\t\t<\/div> \n\t\t<\/div>\n\t<\/div> \n<\/div><\/div>","protected":false},"excerpt":{"rendered":"Ter gelegenheid van het bezoek aan Guyana van Doroth\u00e9e KINDE-GAZARD, hoogleraar geneeskunde aan...","protected":false},"author":1,"featured_media":8554,"comment_status":"closed","ping_status":"open","sticky":false,"template":"","format":"standard","meta":{"iawp_total_views":42,"footnotes":""},"categories":[187],"tags":[],"class_list":{"0":"post-8553","1":"post","2":"type-post","3":"status-publish","4":"format-standard","5":"has-post-thumbnail","7":"category-minea"},"yoast_head":"<!-- This site is optimized with the Yoast SEO plugin v27.5 - https:\/\/yoast.com\/product\/yoast-seo-wordpress\/ -->\n<title>Prise en charge des maladies chroniques : un regard crois\u00e9 B\u00e9nin-Guyane fran\u00e7aise &#8212; Universit\u00e9 de Guyane<\/title>\n<meta name=\"description\" content=\"Conf\u00e9rence sur la prise en charge des maladies chroniques en Guyane et au B\u00e9nin par Doroth\u00e9e KINDE-GAZARD, sp\u00e9cialiste de sant\u00e9 tropicale.\" \/>\n<meta name=\"robots\" content=\"index, follow, max-snippet:-1, max-image-preview:large, max-video-preview:-1\" \/>\n<link rel=\"canonical\" href=\"https:\/\/www.univ-guyane.fr\/nl\/2023\/04\/21\/prise-en-charge-des-maladies-chroniques-un-regard-croise-benin-guyane-francaise\/\" \/>\n<meta property=\"og:locale\" content=\"nl_NL\" \/>\n<meta property=\"og:type\" content=\"article\" \/>\n<meta property=\"og:title\" content=\"Prise en charge des maladies chroniques : un regard crois\u00e9 B\u00e9nin-Guyane fran\u00e7aise &#8212; Universit\u00e9 de Guyane\" \/>\n<meta property=\"og:description\" content=\"Conf\u00e9rence sur la prise en charge des maladies chroniques en Guyane et au B\u00e9nin par Doroth\u00e9e KINDE-GAZARD, sp\u00e9cialiste de sant\u00e9 tropicale.\" \/>\n<meta property=\"og:url\" content=\"https:\/\/www.univ-guyane.fr\/nl\/2023\/04\/21\/prise-en-charge-des-maladies-chroniques-un-regard-croise-benin-guyane-francaise\/\" \/>\n<meta property=\"og:site_name\" content=\"Universit\u00e9 de Guyane\" \/>\n<meta property=\"article:publisher\" content=\"https:\/\/www.facebook.com\/univguyane\" \/>\n<meta property=\"article:published_time\" content=\"2023-04-21T12:27:05+00:00\" \/>\n<meta property=\"article:modified_time\" content=\"2024-06-18T12:30:10+00:00\" \/>\n<meta property=\"og:image\" content=\"https:\/\/www.univ-guyane.fr\/wp-content\/uploads\/conference-prise-en-charge-des-maladies-chroniques-un-regard-croise-benin-guyane-universite-de-guyane.jpeg\" \/>\n\t<meta property=\"og:image:width\" content=\"1800\" \/>\n\t<meta property=\"og:image:height\" content=\"1013\" \/>\n\t<meta property=\"og:image:type\" content=\"image\/jpeg\" \/>\n<meta name=\"author\" content=\"Erick Loiti\u00e8re\" \/>\n<meta name=\"twitter:card\" content=\"summary_large_image\" \/>\n<meta name=\"twitter:creator\" content=\"@univguyane\" \/>\n<meta name=\"twitter:site\" content=\"@univguyane\" \/>\n<meta name=\"twitter:label1\" content=\"Geschreven door\" \/>\n\t<meta name=\"twitter:data1\" content=\"Erick Loiti\u00e8re\" \/>\n\t<meta name=\"twitter:label2\" content=\"Geschatte leestijd\" \/>\n\t<meta name=\"twitter:data2\" content=\"4 minuten\" \/>\n<script type=\"application\/ld+json\" class=\"yoast-schema-graph\">{\"@context\":\"https:\\\/\\\/schema.org\",\"@graph\":[{\"@type\":\"Article\",\"@id\":\"https:\\\/\\\/www.univ-guyane.fr\\\/2023\\\/04\\\/21\\\/prise-en-charge-des-maladies-chroniques-un-regard-croise-benin-guyane-francaise\\\/#article\",\"isPartOf\":{\"@id\":\"https:\\\/\\\/www.univ-guyane.fr\\\/2023\\\/04\\\/21\\\/prise-en-charge-des-maladies-chroniques-un-regard-croise-benin-guyane-francaise\\\/\"},\"author\":{\"name\":\"Erick Loiti\u00e8re\",\"@id\":\"https:\\\/\\\/www.univ-guyane.fr\\\/#\\\/schema\\\/person\\\/86d946a28a8be51bb096ccfdf19db179\"},\"headline\":\"Prise en charge des maladies chroniques : un regard crois\u00e9 B\u00e9nin-Guyane fran\u00e7aise\",\"datePublished\":\"2023-04-21T12:27:05+00:00\",\"dateModified\":\"2024-06-18T12:30:10+00:00\",\"mainEntityOfPage\":{\"@id\":\"https:\\\/\\\/www.univ-guyane.fr\\\/2023\\\/04\\\/21\\\/prise-en-charge-des-maladies-chroniques-un-regard-croise-benin-guyane-francaise\\\/\"},\"wordCount\":929,\"publisher\":{\"@id\":\"https:\\\/\\\/www.univ-guyane.fr\\\/#organization\"},\"image\":{\"@id\":\"https:\\\/\\\/www.univ-guyane.fr\\\/2023\\\/04\\\/21\\\/prise-en-charge-des-maladies-chroniques-un-regard-croise-benin-guyane-francaise\\\/#primaryimage\"},\"thumbnailUrl\":\"https:\\\/\\\/www.univ-guyane.fr\\\/wp-content\\\/uploads\\\/conference-prise-en-charge-des-maladies-chroniques-un-regard-croise-benin-guyane-universite-de-guyane.jpeg\",\"articleSection\":[\"\u2022\u00a0MINEA\"],\"inLanguage\":\"nl-NL\"},{\"@type\":\"WebPage\",\"@id\":\"https:\\\/\\\/www.univ-guyane.fr\\\/2023\\\/04\\\/21\\\/prise-en-charge-des-maladies-chroniques-un-regard-croise-benin-guyane-francaise\\\/\",\"url\":\"https:\\\/\\\/www.univ-guyane.fr\\\/2023\\\/04\\\/21\\\/prise-en-charge-des-maladies-chroniques-un-regard-croise-benin-guyane-francaise\\\/\",\"name\":\"Prise en charge des maladies chroniques : un regard crois\u00e9 B\u00e9nin-Guyane fran\u00e7aise &#8212; Universit\u00e9 de Guyane\",\"isPartOf\":{\"@id\":\"https:\\\/\\\/www.univ-guyane.fr\\\/#website\"},\"primaryImageOfPage\":{\"@id\":\"https:\\\/\\\/www.univ-guyane.fr\\\/2023\\\/04\\\/21\\\/prise-en-charge-des-maladies-chroniques-un-regard-croise-benin-guyane-francaise\\\/#primaryimage\"},\"image\":{\"@id\":\"https:\\\/\\\/www.univ-guyane.fr\\\/2023\\\/04\\\/21\\\/prise-en-charge-des-maladies-chroniques-un-regard-croise-benin-guyane-francaise\\\/#primaryimage\"},\"thumbnailUrl\":\"https:\\\/\\\/www.univ-guyane.fr\\\/wp-content\\\/uploads\\\/conference-prise-en-charge-des-maladies-chroniques-un-regard-croise-benin-guyane-universite-de-guyane.jpeg\",\"datePublished\":\"2023-04-21T12:27:05+00:00\",\"dateModified\":\"2024-06-18T12:30:10+00:00\",\"description\":\"Conf\u00e9rence sur la prise en charge des maladies chroniques en Guyane et au B\u00e9nin par Doroth\u00e9e KINDE-GAZARD, sp\u00e9cialiste de sant\u00e9 tropicale.\",\"breadcrumb\":{\"@id\":\"https:\\\/\\\/www.univ-guyane.fr\\\/2023\\\/04\\\/21\\\/prise-en-charge-des-maladies-chroniques-un-regard-croise-benin-guyane-francaise\\\/#breadcrumb\"},\"inLanguage\":\"nl-NL\",\"potentialAction\":[{\"@type\":\"ReadAction\",\"target\":[\"https:\\\/\\\/www.univ-guyane.fr\\\/2023\\\/04\\\/21\\\/prise-en-charge-des-maladies-chroniques-un-regard-croise-benin-guyane-francaise\\\/\"]}]},{\"@type\":\"ImageObject\",\"inLanguage\":\"nl-NL\",\"@id\":\"https:\\\/\\\/www.univ-guyane.fr\\\/2023\\\/04\\\/21\\\/prise-en-charge-des-maladies-chroniques-un-regard-croise-benin-guyane-francaise\\\/#primaryimage\",\"url\":\"https:\\\/\\\/www.univ-guyane.fr\\\/wp-content\\\/uploads\\\/conference-prise-en-charge-des-maladies-chroniques-un-regard-croise-benin-guyane-universite-de-guyane.jpeg\",\"contentUrl\":\"https:\\\/\\\/www.univ-guyane.fr\\\/wp-content\\\/uploads\\\/conference-prise-en-charge-des-maladies-chroniques-un-regard-croise-benin-guyane-universite-de-guyane.jpeg\",\"width\":1800,\"height\":1013,\"caption\":\"Prise en charge des maladies chroniques : un regard crois\u00e9 B\u00e9nin-Guyane fran\u00e7aise\"},{\"@type\":\"BreadcrumbList\",\"@id\":\"https:\\\/\\\/www.univ-guyane.fr\\\/2023\\\/04\\\/21\\\/prise-en-charge-des-maladies-chroniques-un-regard-croise-benin-guyane-francaise\\\/#breadcrumb\",\"itemListElement\":[{\"@type\":\"ListItem\",\"position\":1,\"name\":\"Accueil\",\"item\":\"https:\\\/\\\/www.univ-guyane.fr\\\/\"},{\"@type\":\"ListItem\",\"position\":2,\"name\":\"Prise en charge des maladies chroniques : un regard crois\u00e9 B\u00e9nin-Guyane fran\u00e7aise\"}]},{\"@type\":\"WebSite\",\"@id\":\"https:\\\/\\\/www.univ-guyane.fr\\\/#website\",\"url\":\"https:\\\/\\\/www.univ-guyane.fr\\\/\",\"name\":\"Universit\u00e9 de Guyane\",\"description\":\"Au c\u0153ur de l&#039;amazonie\",\"publisher\":{\"@id\":\"https:\\\/\\\/www.univ-guyane.fr\\\/#organization\"},\"alternateName\":\"UG\",\"potentialAction\":[{\"@type\":\"SearchAction\",\"target\":{\"@type\":\"EntryPoint\",\"urlTemplate\":\"https:\\\/\\\/www.univ-guyane.fr\\\/?s={search_term_string}\"},\"query-input\":{\"@type\":\"PropertyValueSpecification\",\"valueRequired\":true,\"valueName\":\"search_term_string\"}}],\"inLanguage\":\"nl-NL\"},{\"@type\":\"Organization\",\"@id\":\"https:\\\/\\\/www.univ-guyane.fr\\\/#organization\",\"name\":\"Universit\u00e9 de Guyane\",\"alternateName\":\"UG\",\"url\":\"https:\\\/\\\/www.univ-guyane.fr\\\/\",\"logo\":{\"@type\":\"ImageObject\",\"inLanguage\":\"nl-NL\",\"@id\":\"https:\\\/\\\/www.univ-guyane.fr\\\/#\\\/schema\\\/logo\\\/image\\\/\",\"url\":\"https:\\\/\\\/www.univ-guyane.fr\\\/wp-content\\\/uploads\\\/2024\\\/05\\\/f.png\",\"contentUrl\":\"https:\\\/\\\/www.univ-guyane.fr\\\/wp-content\\\/uploads\\\/2024\\\/05\\\/f.png\",\"width\":1024,\"height\":1024,\"caption\":\"Universit\u00e9 de Guyane\"},\"image\":{\"@id\":\"https:\\\/\\\/www.univ-guyane.fr\\\/#\\\/schema\\\/logo\\\/image\\\/\"},\"sameAs\":[\"https:\\\/\\\/www.facebook.com\\\/univguyane\",\"https:\\\/\\\/x.com\\\/univguyane\",\"https:\\\/\\\/gf.linkedin.com\\\/school\\\/universite-de-guyane\\\/\",\"https:\\\/\\\/www.instagram.com\\\/univ_guyane\\\/\"]},{\"@type\":\"Person\",\"@id\":\"https:\\\/\\\/www.univ-guyane.fr\\\/#\\\/schema\\\/person\\\/86d946a28a8be51bb096ccfdf19db179\",\"name\":\"Erick Loiti\u00e8re\",\"image\":{\"@type\":\"ImageObject\",\"inLanguage\":\"nl-NL\",\"@id\":\"https:\\\/\\\/secure.gravatar.com\\\/avatar\\\/0584f332103fbeaf37e52c73b15dca3c547fd9300deb05764e9ad8714839d072?s=96&d=robohash&r=g\",\"url\":\"https:\\\/\\\/secure.gravatar.com\\\/avatar\\\/0584f332103fbeaf37e52c73b15dca3c547fd9300deb05764e9ad8714839d072?s=96&d=robohash&r=g\",\"contentUrl\":\"https:\\\/\\\/secure.gravatar.com\\\/avatar\\\/0584f332103fbeaf37e52c73b15dca3c547fd9300deb05764e9ad8714839d072?s=96&d=robohash&r=g\",\"caption\":\"Erick Loiti\u00e8re\"},\"sameAs\":[\"http:\\\/\\\/www.univ-guyane.fr\"],\"url\":\"https:\\\/\\\/www.univ-guyane.fr\\\/nl\\\/author\\\/eloitierdbz\\\/\"}]}<\/script>\n<!-- \/ Yoast SEO plugin. -->","yoast_head_json":{"title":"Beheer van chronische ziekten: een Benins-Frans-Guyaans perspectief - Universit\u00e9 de Guyane","description":"Conferentie over het beheer van chronische ziekten in Frans Guyana en Benin door Doroth\u00e9e KINDE-GAZARD, specialist in tropische gezondheidszorg.","robots":{"index":"index","follow":"follow","max-snippet":"max-snippet:-1","max-image-preview":"max-image-preview:large","max-video-preview":"max-video-preview:-1"},"canonical":"https:\/\/www.univ-guyane.fr\/nl\/2023\/04\/21\/prise-en-charge-des-maladies-chroniques-un-regard-croise-benin-guyane-francaise\/","og_locale":"nl_NL","og_type":"article","og_title":"Prise en charge des maladies chroniques : un regard crois\u00e9 B\u00e9nin-Guyane fran\u00e7aise &#8212; Universit\u00e9 de Guyane","og_description":"Conf\u00e9rence sur la prise en charge des maladies chroniques en Guyane et au B\u00e9nin par Doroth\u00e9e KINDE-GAZARD, sp\u00e9cialiste de sant\u00e9 tropicale.","og_url":"https:\/\/www.univ-guyane.fr\/nl\/2023\/04\/21\/prise-en-charge-des-maladies-chroniques-un-regard-croise-benin-guyane-francaise\/","og_site_name":"Universit\u00e9 de Guyane","article_publisher":"https:\/\/www.facebook.com\/univguyane","article_published_time":"2023-04-21T12:27:05+00:00","article_modified_time":"2024-06-18T12:30:10+00:00","og_image":[{"width":1800,"height":1013,"url":"https:\/\/www.univ-guyane.fr\/wp-content\/uploads\/conference-prise-en-charge-des-maladies-chroniques-un-regard-croise-benin-guyane-universite-de-guyane.jpeg","type":"image\/jpeg"}],"author":"Erick Loiti\u00e8re","twitter_card":"summary_large_image","twitter_creator":"@univguyane","twitter_site":"@univguyane","twitter_misc":{"Geschreven door":"Erick Loiti\u00e8re","Geschatte leestijd":"4 minuten"},"schema":{"@context":"https:\/\/schema.org","@graph":[{"@type":"Article","@id":"https:\/\/www.univ-guyane.fr\/2023\/04\/21\/prise-en-charge-des-maladies-chroniques-un-regard-croise-benin-guyane-francaise\/#article","isPartOf":{"@id":"https:\/\/www.univ-guyane.fr\/2023\/04\/21\/prise-en-charge-des-maladies-chroniques-un-regard-croise-benin-guyane-francaise\/"},"author":{"name":"Erick Loiti\u00e8re","@id":"https:\/\/www.univ-guyane.fr\/#\/schema\/person\/86d946a28a8be51bb096ccfdf19db179"},"headline":"Prise en charge des maladies chroniques : un regard crois\u00e9 B\u00e9nin-Guyane fran\u00e7aise","datePublished":"2023-04-21T12:27:05+00:00","dateModified":"2024-06-18T12:30:10+00:00","mainEntityOfPage":{"@id":"https:\/\/www.univ-guyane.fr\/2023\/04\/21\/prise-en-charge-des-maladies-chroniques-un-regard-croise-benin-guyane-francaise\/"},"wordCount":929,"publisher":{"@id":"https:\/\/www.univ-guyane.fr\/#organization"},"image":{"@id":"https:\/\/www.univ-guyane.fr\/2023\/04\/21\/prise-en-charge-des-maladies-chroniques-un-regard-croise-benin-guyane-francaise\/#primaryimage"},"thumbnailUrl":"https:\/\/www.univ-guyane.fr\/wp-content\/uploads\/conference-prise-en-charge-des-maladies-chroniques-un-regard-croise-benin-guyane-universite-de-guyane.jpeg","articleSection":["\u2022\u00a0MINEA"],"inLanguage":"nl-NL"},{"@type":"WebPage","@id":"https:\/\/www.univ-guyane.fr\/2023\/04\/21\/prise-en-charge-des-maladies-chroniques-un-regard-croise-benin-guyane-francaise\/","url":"https:\/\/www.univ-guyane.fr\/2023\/04\/21\/prise-en-charge-des-maladies-chroniques-un-regard-croise-benin-guyane-francaise\/","name":"Beheer van chronische ziekten: een Benins-Frans-Guyaans perspectief - Universit\u00e9 de Guyane","isPartOf":{"@id":"https:\/\/www.univ-guyane.fr\/#website"},"primaryImageOfPage":{"@id":"https:\/\/www.univ-guyane.fr\/2023\/04\/21\/prise-en-charge-des-maladies-chroniques-un-regard-croise-benin-guyane-francaise\/#primaryimage"},"image":{"@id":"https:\/\/www.univ-guyane.fr\/2023\/04\/21\/prise-en-charge-des-maladies-chroniques-un-regard-croise-benin-guyane-francaise\/#primaryimage"},"thumbnailUrl":"https:\/\/www.univ-guyane.fr\/wp-content\/uploads\/conference-prise-en-charge-des-maladies-chroniques-un-regard-croise-benin-guyane-universite-de-guyane.jpeg","datePublished":"2023-04-21T12:27:05+00:00","dateModified":"2024-06-18T12:30:10+00:00","description":"Conferentie over het beheer van chronische ziekten in Frans Guyana en Benin door Doroth\u00e9e KINDE-GAZARD, specialist in tropische gezondheidszorg.","breadcrumb":{"@id":"https:\/\/www.univ-guyane.fr\/2023\/04\/21\/prise-en-charge-des-maladies-chroniques-un-regard-croise-benin-guyane-francaise\/#breadcrumb"},"inLanguage":"nl-NL","potentialAction":[{"@type":"ReadAction","target":["https:\/\/www.univ-guyane.fr\/2023\/04\/21\/prise-en-charge-des-maladies-chroniques-un-regard-croise-benin-guyane-francaise\/"]}]},{"@type":"ImageObject","inLanguage":"nl-NL","@id":"https:\/\/www.univ-guyane.fr\/2023\/04\/21\/prise-en-charge-des-maladies-chroniques-un-regard-croise-benin-guyane-francaise\/#primaryimage","url":"https:\/\/www.univ-guyane.fr\/wp-content\/uploads\/conference-prise-en-charge-des-maladies-chroniques-un-regard-croise-benin-guyane-universite-de-guyane.jpeg","contentUrl":"https:\/\/www.univ-guyane.fr\/wp-content\/uploads\/conference-prise-en-charge-des-maladies-chroniques-un-regard-croise-benin-guyane-universite-de-guyane.jpeg","width":1800,"height":1013,"caption":"Prise en charge des maladies chroniques : un regard crois\u00e9 B\u00e9nin-Guyane fran\u00e7aise"},{"@type":"BreadcrumbList","@id":"https:\/\/www.univ-guyane.fr\/2023\/04\/21\/prise-en-charge-des-maladies-chroniques-un-regard-croise-benin-guyane-francaise\/#breadcrumb","itemListElement":[{"@type":"ListItem","position":1,"name":"Accueil","item":"https:\/\/www.univ-guyane.fr\/"},{"@type":"ListItem","position":2,"name":"Prise en charge des maladies chroniques : un regard crois\u00e9 B\u00e9nin-Guyane fran\u00e7aise"}]},{"@type":"WebSite","@id":"https:\/\/www.univ-guyane.fr\/#website","url":"https:\/\/www.univ-guyane.fr\/","name":"Universiteit van Guyana","description":"In het hart van Amazonia","publisher":{"@id":"https:\/\/www.univ-guyane.fr\/#organization"},"alternateName":"UG","potentialAction":[{"@type":"SearchAction","target":{"@type":"EntryPoint","urlTemplate":"https:\/\/www.univ-guyane.fr\/?s={search_term_string}"},"query-input":{"@type":"PropertyValueSpecification","valueRequired":true,"valueName":"search_term_string"}}],"inLanguage":"nl-NL"},{"@type":"Organization","@id":"https:\/\/www.univ-guyane.fr\/#organization","name":"Universiteit van Guyana","alternateName":"UG","url":"https:\/\/www.univ-guyane.fr\/","logo":{"@type":"ImageObject","inLanguage":"nl-NL","@id":"https:\/\/www.univ-guyane.fr\/#\/schema\/logo\/image\/","url":"https:\/\/www.univ-guyane.fr\/wp-content\/uploads\/2024\/05\/f.png","contentUrl":"https:\/\/www.univ-guyane.fr\/wp-content\/uploads\/2024\/05\/f.png","width":1024,"height":1024,"caption":"Universit\u00e9 de Guyane"},"image":{"@id":"https:\/\/www.univ-guyane.fr\/#\/schema\/logo\/image\/"},"sameAs":["https:\/\/www.facebook.com\/univguyane","https:\/\/x.com\/univguyane","https:\/\/gf.linkedin.com\/school\/universite-de-guyane\/","https:\/\/www.instagram.com\/univ_guyane\/"]},{"@type":"Person","@id":"https:\/\/www.univ-guyane.fr\/#\/schema\/person\/86d946a28a8be51bb096ccfdf19db179","name":"Erick Loiti\u00e8re","image":{"@type":"ImageObject","inLanguage":"nl-NL","@id":"https:\/\/secure.gravatar.com\/avatar\/0584f332103fbeaf37e52c73b15dca3c547fd9300deb05764e9ad8714839d072?s=96&d=robohash&r=g","url":"https:\/\/secure.gravatar.com\/avatar\/0584f332103fbeaf37e52c73b15dca3c547fd9300deb05764e9ad8714839d072?s=96&d=robohash&r=g","contentUrl":"https:\/\/secure.gravatar.com\/avatar\/0584f332103fbeaf37e52c73b15dca3c547fd9300deb05764e9ad8714839d072?s=96&d=robohash&r=g","caption":"Erick Loiti\u00e8re"},"sameAs":["http:\/\/www.univ-guyane.fr"],"url":"https:\/\/www.univ-guyane.fr\/nl\/author\/eloitierdbz\/"}]}},"_links":{"self":[{"href":"https:\/\/www.univ-guyane.fr\/nl\/wp-json\/wp\/v2\/posts\/8553","targetHints":{"allow":["GET"]}}],"collection":[{"href":"https:\/\/www.univ-guyane.fr\/nl\/wp-json\/wp\/v2\/posts"}],"about":[{"href":"https:\/\/www.univ-guyane.fr\/nl\/wp-json\/wp\/v2\/types\/post"}],"author":[{"embeddable":true,"href":"https:\/\/www.univ-guyane.fr\/nl\/wp-json\/wp\/v2\/users\/1"}],"replies":[{"embeddable":true,"href":"https:\/\/www.univ-guyane.fr\/nl\/wp-json\/wp\/v2\/comments?post=8553"}],"version-history":[{"count":1,"href":"https:\/\/www.univ-guyane.fr\/nl\/wp-json\/wp\/v2\/posts\/8553\/revisions"}],"predecessor-version":[{"id":8555,"href":"https:\/\/www.univ-guyane.fr\/nl\/wp-json\/wp\/v2\/posts\/8553\/revisions\/8555"}],"wp:featuredmedia":[{"embeddable":true,"href":"https:\/\/www.univ-guyane.fr\/nl\/wp-json\/wp\/v2\/media\/8554"}],"wp:attachment":[{"href":"https:\/\/www.univ-guyane.fr\/nl\/wp-json\/wp\/v2\/media?parent=8553"}],"wp:term":[{"taxonomy":"category","embeddable":true,"href":"https:\/\/www.univ-guyane.fr\/nl\/wp-json\/wp\/v2\/categories?post=8553"},{"taxonomy":"post_tag","embeddable":true,"href":"https:\/\/www.univ-guyane.fr\/nl\/wp-json\/wp\/v2\/tags?post=8553"}],"curies":[{"name":"wp","href":"https:\/\/api.w.org\/{rel}","templated":true}]}}