{"id":8573,"date":"2023-03-17T09:50:03","date_gmt":"2023-03-17T12:50:03","guid":{"rendered":"https:\/\/www.univ-guyane.fr\/?p=8573"},"modified":"2024-06-18T09:53:03","modified_gmt":"2024-06-18T12:53:03","slug":"la-place-de-la-femme-est-elle-dans-la-cuisine-parlons-en","status":"publish","type":"post","link":"https:\/\/www.univ-guyane.fr\/nl\/2023\/03\/17\/la-place-de-la-femme-est-elle-dans-la-cuisine-parlons-en\/","title":{"rendered":"Horen vrouwen in de keuken? Laten we erover praten!"},"content":{"rendered":"<div id=\"fws_69f3d85e78fda\"  data-column-margin=\"default\" data-midnight=\"dark\"  class=\"wpb_row vc_row-fluid vc_row\"  style=\"padding-top: 0px; padding-bottom: 0px; \"><div class=\"row-bg-wrap\" data-bg-animation=\"none\" data-bg-animation-delay=\"\" data-bg-overlay=\"false\"><div class=\"inner-wrap row-bg-layer\" ><div class=\"row-bg viewport-desktop\"  style=\"\"><\/div><\/div><\/div><div class=\"row_col_wrap_12 col span_12 dark left\">\n\t<div  class=\"vc_col-sm-12 wpb_column column_container vc_column_container col no-extra-padding inherit_tablet inherit_phone\"  data-padding-pos=\"all\" data-has-bg-color=\"false\" data-bg-color=\"\" data-bg-opacity=\"1\" data-animation=\"\" data-delay=\"0\" >\n\t\t<div class=\"vc_column-inner\" >\n\t\t\t<div class=\"wpb_wrapper\">\n\t\t\t\t\n<div class=\"wpb_text_column wpb_content_element  chapo\" >\n\t<h2>Op woensdag 8 maart 2023, ter gelegenheid van de Internationale Dag van de Rechten van de Vrouw, organiseerde de Universiteit van Frans-Guyana in samenwerking met de Prefectuur van Frans-Guyana een discussieochtend over de veranderende rol van vrouwen in de samenleving.<\/h2>\n<\/div>\n\n\n\n\n<div class=\"wpb_text_column wpb_content_element\" >\n\t<div class=\"wpb_text_column wpb_content_element\">\n<div class=\"wpb_wrapper\">\n<span class=\"nectar-dropcap\" >D <\/span>Bijna 4 uur lang waren studenten, personeelsleden en mensen van buiten de Universiteit van Guyana uitgenodigd om te debatteren op het terras van het universiteitsrestaurant. Het thema van de ochtend was bewust provocerend: is de plaats van vrouwen in de keuken? Laten we erover praten! Dit zette de toon voor de ochtend en zorgde voor een ontspannen setting voor deelnemers en publiek. Het doel van de ochtend was om de sociale druk die op vrouwen kan worden uitgeoefend uit te leggen, om bestaande en soms hardnekkige vooroordelen te deconstrueren, om een debat op gang te brengen en om de obstakels weg te nemen die sommige vrouwen, met name studenten, in de weg kunnen zitten.<\/p>\n<\/div>\n<\/div>\n<div class=\"wpb_text_column wpb_content_element\">\n<div class=\"wpb_wrapper\">\n<div id=\"lipsum\">\n<h3>Een ochtend om mensen aan het praten te krijgen<\/h3>\n<p>De ochtend werd geleid door Ayodele Germa en bestond uit drie delen.<\/p>\n<p><strong>Het eerste deel was gewijd aan wat de experts te zeggen hadden<\/strong>. Een aantal mensen die 'experts' zijn op hun gebied waren uitgenodigd om te discussi\u00ebren over het thema van de dag en, meer in het algemeen, de veranderende plaats van vrouwen in de samenleving (zowel op lokaal als op breder niveau). Het publiek kon vragen stellen en debatteren met de volgende gasten: Isabelle Hidair (antropologe en regionaal afgevaardigde voor vrouwenrechten en gelijkheid in Frans Guyana), Pascale Legendry (directeur personeelszaken van de Universiteit van Frans Guyana), Marc Pave (doctor in de geschiedenis, docent voorbereidende klassen voor de grandes \u00e9coles) en Myl\u00e8ne DANGLADES (directeur van het MINEA laboratorium en schrijfster).<\/p>\n<p><strong>Het tweede deel gaf een stem aan vrouwen door middel van een reeks van tien getuigenissen van talentvolle vrouwen.<\/strong> Twaalf vrouwen met totaal verschillende achtergronden (studente, repatriant, bedrijfsdirecteur, wetenschapper, sportvrouw, etc.) presenteerden hun professionele en persoonlijke carri\u00e8re aan het publiek. Ze beschreven hun successen, mislukkingen, moeilijkheden en voordelen als vrouw.<\/p>\n<p><strong>In het derde en laatste deel werd het publiek getrakteerd op een voordracht van gedichten op muziek van N\u00e9gr\u00e8s Comou. <\/strong>Het publiek werd ook uitgenodigd om samen met de sprekers te lunchen en de discussies voort te zetten.<\/p>\n<\/div>\n<\/div>\n<\/div>\n<\/div>\n\n\n\n\n\t\t\t<\/div> \n\t\t<\/div>\n\t<\/div> \n<\/div><\/div>","protected":false},"excerpt":{"rendered":"Op woensdag 8 maart 2023, ter gelegenheid van de Internationale Dag van de Rechten van...","protected":false},"author":1,"featured_media":8574,"comment_status":"closed","ping_status":"open","sticky":false,"template":"","format":"standard","meta":{"iawp_total_views":127,"footnotes":""},"categories":[239],"tags":[],"class_list":{"0":"post-8573","1":"post","2":"type-post","3":"status-publish","4":"format-standard","5":"has-post-thumbnail","7":"category-culture"},"yoast_head":"<!-- This site is optimized with the Yoast SEO plugin v27.5 - https:\/\/yoast.com\/product\/yoast-seo-wordpress\/ -->\n<title>La place de la femme est-elle dans la cuisine? Parlons-en ! &#8212; Universit\u00e9 de Guyane<\/title>\n<meta name=\"description\" content=\"D\u00e9couvrez le d\u00e9bat sur la place de la femme dans la cuisine. Une discussion anim\u00e9e pour d\u00e9construire les pr\u00e9jug\u00e9s et lever les freins.\" \/>\n<meta name=\"robots\" content=\"index, follow, max-snippet:-1, max-image-preview:large, max-video-preview:-1\" \/>\n<link rel=\"canonical\" href=\"https:\/\/www.univ-guyane.fr\/nl\/2023\/03\/17\/la-place-de-la-femme-est-elle-dans-la-cuisine-parlons-en\/\" \/>\n<meta property=\"og:locale\" content=\"nl_NL\" \/>\n<meta property=\"og:type\" content=\"article\" \/>\n<meta property=\"og:title\" content=\"La place de la femme est-elle dans la cuisine? Parlons-en ! &#8212; Universit\u00e9 de Guyane\" \/>\n<meta property=\"og:description\" content=\"D\u00e9couvrez le d\u00e9bat sur la place de la femme dans la cuisine. Une discussion anim\u00e9e pour d\u00e9construire les pr\u00e9jug\u00e9s et lever les freins.\" \/>\n<meta property=\"og:url\" content=\"https:\/\/www.univ-guyane.fr\/nl\/2023\/03\/17\/la-place-de-la-femme-est-elle-dans-la-cuisine-parlons-en\/\" \/>\n<meta property=\"og:site_name\" content=\"Universit\u00e9 de Guyane\" \/>\n<meta property=\"article:publisher\" content=\"https:\/\/www.facebook.com\/univguyane\" \/>\n<meta property=\"article:published_time\" content=\"2023-03-17T12:50:03+00:00\" \/>\n<meta property=\"article:modified_time\" content=\"2024-06-18T12:53:03+00:00\" \/>\n<meta property=\"og:image\" content=\"https:\/\/www.univ-guyane.fr\/wp-content\/uploads\/journee-droit-de-la-femme-2023.jpeg\" \/>\n\t<meta property=\"og:image:width\" content=\"1800\" \/>\n\t<meta property=\"og:image:height\" content=\"1013\" \/>\n\t<meta property=\"og:image:type\" content=\"image\/jpeg\" \/>\n<meta name=\"author\" content=\"Erick Loiti\u00e8re\" \/>\n<meta name=\"twitter:card\" content=\"summary_large_image\" \/>\n<meta name=\"twitter:creator\" content=\"@univguyane\" \/>\n<meta name=\"twitter:site\" content=\"@univguyane\" \/>\n<meta name=\"twitter:label1\" content=\"Geschreven door\" \/>\n\t<meta name=\"twitter:data1\" content=\"Erick Loiti\u00e8re\" \/>\n\t<meta name=\"twitter:label2\" content=\"Geschatte leestijd\" \/>\n\t<meta name=\"twitter:data2\" content=\"3 minuten\" \/>\n<script type=\"application\/ld+json\" class=\"yoast-schema-graph\">{\"@context\":\"https:\\\/\\\/schema.org\",\"@graph\":[{\"@type\":\"Article\",\"@id\":\"https:\\\/\\\/www.univ-guyane.fr\\\/2023\\\/03\\\/17\\\/la-place-de-la-femme-est-elle-dans-la-cuisine-parlons-en\\\/#article\",\"isPartOf\":{\"@id\":\"https:\\\/\\\/www.univ-guyane.fr\\\/2023\\\/03\\\/17\\\/la-place-de-la-femme-est-elle-dans-la-cuisine-parlons-en\\\/\"},\"author\":{\"name\":\"Erick Loiti\u00e8re\",\"@id\":\"https:\\\/\\\/www.univ-guyane.fr\\\/#\\\/schema\\\/person\\\/86d946a28a8be51bb096ccfdf19db179\"},\"headline\":\"La place de la femme est-elle dans la cuisine? Parlons-en !\",\"datePublished\":\"2023-03-17T12:50:03+00:00\",\"dateModified\":\"2024-06-18T12:53:03+00:00\",\"mainEntityOfPage\":{\"@id\":\"https:\\\/\\\/www.univ-guyane.fr\\\/2023\\\/03\\\/17\\\/la-place-de-la-femme-est-elle-dans-la-cuisine-parlons-en\\\/\"},\"wordCount\":634,\"publisher\":{\"@id\":\"https:\\\/\\\/www.univ-guyane.fr\\\/#organization\"},\"image\":{\"@id\":\"https:\\\/\\\/www.univ-guyane.fr\\\/2023\\\/03\\\/17\\\/la-place-de-la-femme-est-elle-dans-la-cuisine-parlons-en\\\/#primaryimage\"},\"thumbnailUrl\":\"https:\\\/\\\/www.univ-guyane.fr\\\/wp-content\\\/uploads\\\/journee-droit-de-la-femme-2023.jpeg\",\"articleSection\":[\"\u2022 Culture\"],\"inLanguage\":\"nl-NL\"},{\"@type\":\"WebPage\",\"@id\":\"https:\\\/\\\/www.univ-guyane.fr\\\/2023\\\/03\\\/17\\\/la-place-de-la-femme-est-elle-dans-la-cuisine-parlons-en\\\/\",\"url\":\"https:\\\/\\\/www.univ-guyane.fr\\\/2023\\\/03\\\/17\\\/la-place-de-la-femme-est-elle-dans-la-cuisine-parlons-en\\\/\",\"name\":\"La place de la femme est-elle dans la cuisine? Parlons-en ! &#8212; Universit\u00e9 de Guyane\",\"isPartOf\":{\"@id\":\"https:\\\/\\\/www.univ-guyane.fr\\\/#website\"},\"primaryImageOfPage\":{\"@id\":\"https:\\\/\\\/www.univ-guyane.fr\\\/2023\\\/03\\\/17\\\/la-place-de-la-femme-est-elle-dans-la-cuisine-parlons-en\\\/#primaryimage\"},\"image\":{\"@id\":\"https:\\\/\\\/www.univ-guyane.fr\\\/2023\\\/03\\\/17\\\/la-place-de-la-femme-est-elle-dans-la-cuisine-parlons-en\\\/#primaryimage\"},\"thumbnailUrl\":\"https:\\\/\\\/www.univ-guyane.fr\\\/wp-content\\\/uploads\\\/journee-droit-de-la-femme-2023.jpeg\",\"datePublished\":\"2023-03-17T12:50:03+00:00\",\"dateModified\":\"2024-06-18T12:53:03+00:00\",\"description\":\"D\u00e9couvrez le d\u00e9bat sur la place de la femme dans la cuisine. Une discussion anim\u00e9e pour d\u00e9construire les pr\u00e9jug\u00e9s et lever les freins.\",\"breadcrumb\":{\"@id\":\"https:\\\/\\\/www.univ-guyane.fr\\\/2023\\\/03\\\/17\\\/la-place-de-la-femme-est-elle-dans-la-cuisine-parlons-en\\\/#breadcrumb\"},\"inLanguage\":\"nl-NL\",\"potentialAction\":[{\"@type\":\"ReadAction\",\"target\":[\"https:\\\/\\\/www.univ-guyane.fr\\\/2023\\\/03\\\/17\\\/la-place-de-la-femme-est-elle-dans-la-cuisine-parlons-en\\\/\"]}]},{\"@type\":\"ImageObject\",\"inLanguage\":\"nl-NL\",\"@id\":\"https:\\\/\\\/www.univ-guyane.fr\\\/2023\\\/03\\\/17\\\/la-place-de-la-femme-est-elle-dans-la-cuisine-parlons-en\\\/#primaryimage\",\"url\":\"https:\\\/\\\/www.univ-guyane.fr\\\/wp-content\\\/uploads\\\/journee-droit-de-la-femme-2023.jpeg\",\"contentUrl\":\"https:\\\/\\\/www.univ-guyane.fr\\\/wp-content\\\/uploads\\\/journee-droit-de-la-femme-2023.jpeg\",\"width\":1800,\"height\":1013,\"caption\":\"La place de la femme est-elle dans la cuisine? Parlons-en !\"},{\"@type\":\"BreadcrumbList\",\"@id\":\"https:\\\/\\\/www.univ-guyane.fr\\\/2023\\\/03\\\/17\\\/la-place-de-la-femme-est-elle-dans-la-cuisine-parlons-en\\\/#breadcrumb\",\"itemListElement\":[{\"@type\":\"ListItem\",\"position\":1,\"name\":\"Accueil\",\"item\":\"https:\\\/\\\/www.univ-guyane.fr\\\/\"},{\"@type\":\"ListItem\",\"position\":2,\"name\":\"La place de la femme est-elle dans la cuisine? Parlons-en !\"}]},{\"@type\":\"WebSite\",\"@id\":\"https:\\\/\\\/www.univ-guyane.fr\\\/#website\",\"url\":\"https:\\\/\\\/www.univ-guyane.fr\\\/\",\"name\":\"Universit\u00e9 de Guyane\",\"description\":\"Au c\u0153ur de l&#039;amazonie\",\"publisher\":{\"@id\":\"https:\\\/\\\/www.univ-guyane.fr\\\/#organization\"},\"alternateName\":\"UG\",\"potentialAction\":[{\"@type\":\"SearchAction\",\"target\":{\"@type\":\"EntryPoint\",\"urlTemplate\":\"https:\\\/\\\/www.univ-guyane.fr\\\/?s={search_term_string}\"},\"query-input\":{\"@type\":\"PropertyValueSpecification\",\"valueRequired\":true,\"valueName\":\"search_term_string\"}}],\"inLanguage\":\"nl-NL\"},{\"@type\":\"Organization\",\"@id\":\"https:\\\/\\\/www.univ-guyane.fr\\\/#organization\",\"name\":\"Universit\u00e9 de Guyane\",\"alternateName\":\"UG\",\"url\":\"https:\\\/\\\/www.univ-guyane.fr\\\/\",\"logo\":{\"@type\":\"ImageObject\",\"inLanguage\":\"nl-NL\",\"@id\":\"https:\\\/\\\/www.univ-guyane.fr\\\/#\\\/schema\\\/logo\\\/image\\\/\",\"url\":\"https:\\\/\\\/www.univ-guyane.fr\\\/wp-content\\\/uploads\\\/2024\\\/05\\\/f.png\",\"contentUrl\":\"https:\\\/\\\/www.univ-guyane.fr\\\/wp-content\\\/uploads\\\/2024\\\/05\\\/f.png\",\"width\":1024,\"height\":1024,\"caption\":\"Universit\u00e9 de Guyane\"},\"image\":{\"@id\":\"https:\\\/\\\/www.univ-guyane.fr\\\/#\\\/schema\\\/logo\\\/image\\\/\"},\"sameAs\":[\"https:\\\/\\\/www.facebook.com\\\/univguyane\",\"https:\\\/\\\/x.com\\\/univguyane\",\"https:\\\/\\\/gf.linkedin.com\\\/school\\\/universite-de-guyane\\\/\",\"https:\\\/\\\/www.instagram.com\\\/univ_guyane\\\/\"]},{\"@type\":\"Person\",\"@id\":\"https:\\\/\\\/www.univ-guyane.fr\\\/#\\\/schema\\\/person\\\/86d946a28a8be51bb096ccfdf19db179\",\"name\":\"Erick Loiti\u00e8re\",\"image\":{\"@type\":\"ImageObject\",\"inLanguage\":\"nl-NL\",\"@id\":\"https:\\\/\\\/secure.gravatar.com\\\/avatar\\\/0584f332103fbeaf37e52c73b15dca3c547fd9300deb05764e9ad8714839d072?s=96&d=robohash&r=g\",\"url\":\"https:\\\/\\\/secure.gravatar.com\\\/avatar\\\/0584f332103fbeaf37e52c73b15dca3c547fd9300deb05764e9ad8714839d072?s=96&d=robohash&r=g\",\"contentUrl\":\"https:\\\/\\\/secure.gravatar.com\\\/avatar\\\/0584f332103fbeaf37e52c73b15dca3c547fd9300deb05764e9ad8714839d072?s=96&d=robohash&r=g\",\"caption\":\"Erick Loiti\u00e8re\"},\"sameAs\":[\"http:\\\/\\\/www.univ-guyane.fr\"],\"url\":\"https:\\\/\\\/www.univ-guyane.fr\\\/nl\\\/author\\\/eloitierdbz\\\/\"}]}<\/script>\n<!-- \/ Yoast SEO plugin. -->","yoast_head_json":{"title":"Horen vrouwen in de keuken? Laten we erover praten! - Universiteit van Guyana","description":"Ontdek het debat over de plaats van vrouwen in de keuken. Een levendige discussie om vooroordelen te deconstrueren en obstakels uit de weg te ruimen.","robots":{"index":"index","follow":"follow","max-snippet":"max-snippet:-1","max-image-preview":"max-image-preview:large","max-video-preview":"max-video-preview:-1"},"canonical":"https:\/\/www.univ-guyane.fr\/nl\/2023\/03\/17\/la-place-de-la-femme-est-elle-dans-la-cuisine-parlons-en\/","og_locale":"nl_NL","og_type":"article","og_title":"La place de la femme est-elle dans la cuisine? Parlons-en ! &#8212; Universit\u00e9 de Guyane","og_description":"D\u00e9couvrez le d\u00e9bat sur la place de la femme dans la cuisine. Une discussion anim\u00e9e pour d\u00e9construire les pr\u00e9jug\u00e9s et lever les freins.","og_url":"https:\/\/www.univ-guyane.fr\/nl\/2023\/03\/17\/la-place-de-la-femme-est-elle-dans-la-cuisine-parlons-en\/","og_site_name":"Universit\u00e9 de Guyane","article_publisher":"https:\/\/www.facebook.com\/univguyane","article_published_time":"2023-03-17T12:50:03+00:00","article_modified_time":"2024-06-18T12:53:03+00:00","og_image":[{"width":1800,"height":1013,"url":"https:\/\/www.univ-guyane.fr\/wp-content\/uploads\/journee-droit-de-la-femme-2023.jpeg","type":"image\/jpeg"}],"author":"Erick Loiti\u00e8re","twitter_card":"summary_large_image","twitter_creator":"@univguyane","twitter_site":"@univguyane","twitter_misc":{"Geschreven door":"Erick Loiti\u00e8re","Geschatte leestijd":"3 minuten"},"schema":{"@context":"https:\/\/schema.org","@graph":[{"@type":"Article","@id":"https:\/\/www.univ-guyane.fr\/2023\/03\/17\/la-place-de-la-femme-est-elle-dans-la-cuisine-parlons-en\/#article","isPartOf":{"@id":"https:\/\/www.univ-guyane.fr\/2023\/03\/17\/la-place-de-la-femme-est-elle-dans-la-cuisine-parlons-en\/"},"author":{"name":"Erick Loiti\u00e8re","@id":"https:\/\/www.univ-guyane.fr\/#\/schema\/person\/86d946a28a8be51bb096ccfdf19db179"},"headline":"La place de la femme est-elle dans la cuisine? Parlons-en !","datePublished":"2023-03-17T12:50:03+00:00","dateModified":"2024-06-18T12:53:03+00:00","mainEntityOfPage":{"@id":"https:\/\/www.univ-guyane.fr\/2023\/03\/17\/la-place-de-la-femme-est-elle-dans-la-cuisine-parlons-en\/"},"wordCount":634,"publisher":{"@id":"https:\/\/www.univ-guyane.fr\/#organization"},"image":{"@id":"https:\/\/www.univ-guyane.fr\/2023\/03\/17\/la-place-de-la-femme-est-elle-dans-la-cuisine-parlons-en\/#primaryimage"},"thumbnailUrl":"https:\/\/www.univ-guyane.fr\/wp-content\/uploads\/journee-droit-de-la-femme-2023.jpeg","articleSection":["\u2022 Culture"],"inLanguage":"nl-NL"},{"@type":"WebPage","@id":"https:\/\/www.univ-guyane.fr\/2023\/03\/17\/la-place-de-la-femme-est-elle-dans-la-cuisine-parlons-en\/","url":"https:\/\/www.univ-guyane.fr\/2023\/03\/17\/la-place-de-la-femme-est-elle-dans-la-cuisine-parlons-en\/","name":"Horen vrouwen in de keuken? Laten we erover praten! - Universiteit van Guyana","isPartOf":{"@id":"https:\/\/www.univ-guyane.fr\/#website"},"primaryImageOfPage":{"@id":"https:\/\/www.univ-guyane.fr\/2023\/03\/17\/la-place-de-la-femme-est-elle-dans-la-cuisine-parlons-en\/#primaryimage"},"image":{"@id":"https:\/\/www.univ-guyane.fr\/2023\/03\/17\/la-place-de-la-femme-est-elle-dans-la-cuisine-parlons-en\/#primaryimage"},"thumbnailUrl":"https:\/\/www.univ-guyane.fr\/wp-content\/uploads\/journee-droit-de-la-femme-2023.jpeg","datePublished":"2023-03-17T12:50:03+00:00","dateModified":"2024-06-18T12:53:03+00:00","description":"Ontdek het debat over de plaats van vrouwen in de keuken. Een levendige discussie om vooroordelen te deconstrueren en obstakels uit de weg te ruimen.","breadcrumb":{"@id":"https:\/\/www.univ-guyane.fr\/2023\/03\/17\/la-place-de-la-femme-est-elle-dans-la-cuisine-parlons-en\/#breadcrumb"},"inLanguage":"nl-NL","potentialAction":[{"@type":"ReadAction","target":["https:\/\/www.univ-guyane.fr\/2023\/03\/17\/la-place-de-la-femme-est-elle-dans-la-cuisine-parlons-en\/"]}]},{"@type":"ImageObject","inLanguage":"nl-NL","@id":"https:\/\/www.univ-guyane.fr\/2023\/03\/17\/la-place-de-la-femme-est-elle-dans-la-cuisine-parlons-en\/#primaryimage","url":"https:\/\/www.univ-guyane.fr\/wp-content\/uploads\/journee-droit-de-la-femme-2023.jpeg","contentUrl":"https:\/\/www.univ-guyane.fr\/wp-content\/uploads\/journee-droit-de-la-femme-2023.jpeg","width":1800,"height":1013,"caption":"La place de la femme est-elle dans la cuisine? Parlons-en !"},{"@type":"BreadcrumbList","@id":"https:\/\/www.univ-guyane.fr\/2023\/03\/17\/la-place-de-la-femme-est-elle-dans-la-cuisine-parlons-en\/#breadcrumb","itemListElement":[{"@type":"ListItem","position":1,"name":"Accueil","item":"https:\/\/www.univ-guyane.fr\/"},{"@type":"ListItem","position":2,"name":"La place de la femme est-elle dans la cuisine? Parlons-en !"}]},{"@type":"WebSite","@id":"https:\/\/www.univ-guyane.fr\/#website","url":"https:\/\/www.univ-guyane.fr\/","name":"Universiteit van Guyana","description":"In het hart van Amazonia","publisher":{"@id":"https:\/\/www.univ-guyane.fr\/#organization"},"alternateName":"UG","potentialAction":[{"@type":"SearchAction","target":{"@type":"EntryPoint","urlTemplate":"https:\/\/www.univ-guyane.fr\/?s={search_term_string}"},"query-input":{"@type":"PropertyValueSpecification","valueRequired":true,"valueName":"search_term_string"}}],"inLanguage":"nl-NL"},{"@type":"Organization","@id":"https:\/\/www.univ-guyane.fr\/#organization","name":"Universiteit van Guyana","alternateName":"UG","url":"https:\/\/www.univ-guyane.fr\/","logo":{"@type":"ImageObject","inLanguage":"nl-NL","@id":"https:\/\/www.univ-guyane.fr\/#\/schema\/logo\/image\/","url":"https:\/\/www.univ-guyane.fr\/wp-content\/uploads\/2024\/05\/f.png","contentUrl":"https:\/\/www.univ-guyane.fr\/wp-content\/uploads\/2024\/05\/f.png","width":1024,"height":1024,"caption":"Universit\u00e9 de Guyane"},"image":{"@id":"https:\/\/www.univ-guyane.fr\/#\/schema\/logo\/image\/"},"sameAs":["https:\/\/www.facebook.com\/univguyane","https:\/\/x.com\/univguyane","https:\/\/gf.linkedin.com\/school\/universite-de-guyane\/","https:\/\/www.instagram.com\/univ_guyane\/"]},{"@type":"Person","@id":"https:\/\/www.univ-guyane.fr\/#\/schema\/person\/86d946a28a8be51bb096ccfdf19db179","name":"Erick Loiti\u00e8re","image":{"@type":"ImageObject","inLanguage":"nl-NL","@id":"https:\/\/secure.gravatar.com\/avatar\/0584f332103fbeaf37e52c73b15dca3c547fd9300deb05764e9ad8714839d072?s=96&d=robohash&r=g","url":"https:\/\/secure.gravatar.com\/avatar\/0584f332103fbeaf37e52c73b15dca3c547fd9300deb05764e9ad8714839d072?s=96&d=robohash&r=g","contentUrl":"https:\/\/secure.gravatar.com\/avatar\/0584f332103fbeaf37e52c73b15dca3c547fd9300deb05764e9ad8714839d072?s=96&d=robohash&r=g","caption":"Erick Loiti\u00e8re"},"sameAs":["http:\/\/www.univ-guyane.fr"],"url":"https:\/\/www.univ-guyane.fr\/nl\/author\/eloitierdbz\/"}]}},"_links":{"self":[{"href":"https:\/\/www.univ-guyane.fr\/nl\/wp-json\/wp\/v2\/posts\/8573","targetHints":{"allow":["GET"]}}],"collection":[{"href":"https:\/\/www.univ-guyane.fr\/nl\/wp-json\/wp\/v2\/posts"}],"about":[{"href":"https:\/\/www.univ-guyane.fr\/nl\/wp-json\/wp\/v2\/types\/post"}],"author":[{"embeddable":true,"href":"https:\/\/www.univ-guyane.fr\/nl\/wp-json\/wp\/v2\/users\/1"}],"replies":[{"embeddable":true,"href":"https:\/\/www.univ-guyane.fr\/nl\/wp-json\/wp\/v2\/comments?post=8573"}],"version-history":[{"count":1,"href":"https:\/\/www.univ-guyane.fr\/nl\/wp-json\/wp\/v2\/posts\/8573\/revisions"}],"predecessor-version":[{"id":8576,"href":"https:\/\/www.univ-guyane.fr\/nl\/wp-json\/wp\/v2\/posts\/8573\/revisions\/8576"}],"wp:featuredmedia":[{"embeddable":true,"href":"https:\/\/www.univ-guyane.fr\/nl\/wp-json\/wp\/v2\/media\/8574"}],"wp:attachment":[{"href":"https:\/\/www.univ-guyane.fr\/nl\/wp-json\/wp\/v2\/media?parent=8573"}],"wp:term":[{"taxonomy":"category","embeddable":true,"href":"https:\/\/www.univ-guyane.fr\/nl\/wp-json\/wp\/v2\/categories?post=8573"},{"taxonomy":"post_tag","embeddable":true,"href":"https:\/\/www.univ-guyane.fr\/nl\/wp-json\/wp\/v2\/tags?post=8573"}],"curies":[{"name":"wp","href":"https:\/\/api.w.org\/{rel}","templated":true}]}}