{"id":8577,"date":"2023-03-10T09:53:29","date_gmt":"2023-03-10T12:53:29","guid":{"rendered":"https:\/\/www.univ-guyane.fr\/?p=8577"},"modified":"2024-06-18T09:56:54","modified_gmt":"2024-06-18T12:56:54","slug":"elections-du-21-28-mars-2023","status":"publish","type":"post","link":"https:\/\/www.univ-guyane.fr\/nl\/2023\/03\/10\/elections-du-21-28-mars-2023\/","title":{"rendered":"Verkiezingen op 21 &amp; 28 maart 2023"},"content":{"rendered":"<div id=\"fws_69f3c8cb4f514\"  data-column-margin=\"default\" data-midnight=\"dark\"  class=\"wpb_row vc_row-fluid vc_row\"  style=\"padding-top: 0px; padding-bottom: 0px; \"><div class=\"row-bg-wrap\" data-bg-animation=\"none\" data-bg-animation-delay=\"\" data-bg-overlay=\"false\"><div class=\"inner-wrap row-bg-layer\" ><div class=\"row-bg viewport-desktop\"  style=\"\"><\/div><\/div><\/div><div class=\"row_col_wrap_12 col span_12 dark left\">\n\t<div  class=\"vc_col-sm-12 wpb_column column_container vc_column_container col no-extra-padding inherit_tablet inherit_phone\"  data-padding-pos=\"all\" data-has-bg-color=\"false\" data-bg-color=\"\" data-bg-opacity=\"1\" data-animation=\"\" data-delay=\"0\" >\n\t\t<div class=\"vc_column-inner\" >\n\t\t\t<div class=\"wpb_wrapper\">\n\t\t\t\t\n<div class=\"wpb_text_column wpb_content_element  chapo\" >\n\t<div id=\"fws_64b5d2e2bac9d\" class=\"wpb_row vc_row-fluid vc_row\" data-column-margin=\"default\" data-midnight=\"dark\">\n<div class=\"row_col_wrap_12 col span_12 dark left\">\n<div class=\"vc_col-sm-12 wpb_column column_container vc_column_container col no-extra-padding inherit_tablet inherit_phone\" data-padding-pos=\"all\" data-has-bg-color=\"false\" data-bg-color=\"\" data-bg-opacity=\"1\" data-animation=\"\" data-delay=\"0\">\n<div class=\"vc_column-inner\">\n<div class=\"wpb_wrapper\">\n<div class=\"wpb_text_column wpb_content_element\">\n<div class=\"wpb_wrapper\">\n<h2>Op 21 en 28 maart is het tijd om de mensen te kiezen die zitting willen nemen in de besturen en beslissingen willen nemen over INSPE, de doctoraalschool, de afdelingen SJE, LSH en ST, het MINEA-laboratorium, de IUT van Kourou, de CFA U en SUAPS.<\/h2>\n<\/div>\n<\/div>\n<\/div>\n<\/div>\n<\/div>\n<\/div>\n<\/div>\n<\/div>\n\n\n\n\n<div class=\"wpb_text_column wpb_content_element\" >\n\t<div class=\"wpb_text_column wpb_content_element vc_custom_1679941778005\">\n<div class=\"wpb_wrapper\">\n<span class=\"nectar-dropcap\" >E <\/span>n verband met de oproep tot actie voor pensioenhervorming op 28 maart, zijn de verkiezingen voor het MIN\u00c9A laboratorium, het INSP\u00c9 en de LSH, ST en SJE opleidings- en onderzoeksafdelingen uitgesteld naar dezelfde datum.\u00a0<strong>29 maart. Ze vinden plaats in het INSPE cultureel centrum van 8.00 tot 15.00 uur en de stemmen worden daarna geteld.<\/strong><\/p>\n<\/div>\n<\/div>\n<div class=\"wpb_text_column wpb_content_element vc_custom_1679941848793\">\n<div class=\"wpb_wrapper\">\n<p><strong>21 maart :\u00a0<\/strong>Doctoraalschool Kourou IUT, CFA U en SUAPS<br \/>\n<strong>29 maart : <\/strong>MINEA INSPE, LSH, ST en SJE<\/p>\n<\/div>\n<\/div>\n<div class=\"wpb_text_column wpb_content_element\">\n<div class=\"wpb_wrapper\">\n<div id=\"lipsum\">\n<p><strong>Wie kan lid worden van deze raden?<br \/>\n<\/strong>Mensen die aangesteld of verkozen zijn om de belangen te verdedigen van degenen die tot dezelfde groepen (colleges) behoren als zij.<\/p>\n<h3>Stemming op 21 maart 2023<\/h3>\n<p><strong>Wie wordt er gekozen?<br \/>\n<\/strong>Doctoraatsschool: Doctoraatsstudenten: (3 gewone leden en 3 plaatsvervangers) Kourou IUT: Gebruikers (studenten): (2 gewone leden en 2 plaatsvervangers) CFA U: Afgevaardigden voor werkstudies (1 gewoon lid en 1 plaatsvervanger)<\/p>\n<p>SUAPS: Vertegenwoordigers van studenten ingeschreven bij SUAPS (2 gewone leden en 2 plaatsvervangers) Vertegenwoordigers van de sportvereniging van de UG<br \/>\n(1 gewoon lid en 1 plaatsvervanger)<\/p>\n<p><strong>Mag ik stemmen?<\/strong><br \/>\nJA als je geregistreerd bent bij het betreffende onderdeel, de betreffende structuur of de betreffende afdeling.<\/p>\n<h3>Stemming op 29 maart 2023<\/h3>\n<p><strong>Wie wordt er gekozen?<\/strong><\/p>\n<ul>\n<li>MINEA: Vertegenwoordigers van doctoraatsstudenten (4 gewone leden en 4 plaatsvervangers)<\/li>\n<li>INSPE : Werknemers en\/of gebruikers<\/li>\n<li>DFR LSH: Personeel en\/of gebruikers<\/li>\n<li>DFR ST: Personeel en\/of gebruikers<\/li>\n<li>DFR SJE: Personeel en\/of gebruikers<\/li>\n<li>DFR SANTE: Personeel en\/of gebruikers<\/li>\n<\/ul>\n<p><strong>Mag ik stemmen?<br \/>\n<\/strong>JA, als je staat ingeschreven op de kiezerslijsten (lijsten van mensen die mogen stemmen) of als je voldoet aan de voorwaarden om op deze lijsten te worden opgenomen.<\/p>\n<\/div>\n<\/div>\n<\/div>\n<div class=\"wpb_text_column wpb_content_element\">\n<div class=\"wpb_wrapper\">\n<h3>Een volmacht geven<\/h3>\n<p><strong>Wie kan het doneren?<\/strong><br \/>\nKiezers (mensen op de kiezerslijst).<\/p>\n<p><strong>Aan wie moet ik het geven?<\/strong><br \/>\nEen persoon die op dezelfde kieslijst staat ingeschreven.<\/p>\n<p><strong>Hoe geef je het weg?<\/strong><br \/>\nEen genummerd formulier aanvragen en een identiteitsbewijs bijvoegen. Vul het door de DAJ toegezonden genummerde formulier in en stuur het uiterlijk om 12.00 uur op de dag v\u00f3\u00f3r de stemming terug.<\/p>\n<h3><strong>Stem<\/strong><\/h3>\n<p><strong>Hoe stem ik?<\/strong><\/p>\n<ol>\n<li>Bewijs van identiteit en inschrijving op een kiezerslijst.<\/li>\n<li>Neem een envelop + de stembiljetten voor elke lijst<\/li>\n<li>Doe in het stemhokje alleen het stembiljet van je keuze in de envelop.<\/li>\n<li>Doe je envelop in de stembus en teken de kiezerslijst.<\/li>\n<\/ol>\n<p><strong>Wie mag stemmen?<br \/>\n<\/strong>De kiezers.<\/p>\n<p><strong>Waar kan ik stemmen?<\/strong><br \/>\nIn de stembureaus (ruimten op de universiteit die zijn gereserveerd voor de verkiezingen) die zijn aangegeven in het besluit dat de verkiezingen organiseert.<\/p>\n<p><strong>Wanneer moet je stemmen?<\/strong><br \/>\nStemdag: verkiezingsdag voor een college tijdens de geplande uren.<\/p>\n<h3>Uw aanvraag indienen<\/h3>\n<p>De formulieren invullen: (neem contact op met het onderdeel, de structuur of de afdeling die verantwoordelijk is voor het formulier)<br \/>\nbetreft). Vergeet je bewijsstukken niet. Respecteer deadlines en verzendprocedures.<\/p>\n<p><strong>Wie kan solliciteren?<br \/>\n<\/strong>Kiezers<\/p>\n<p><strong>Welke documenten moet ik invullen?<br \/>\n<\/strong>Als er slechts \u00e9\u00e9n persoon wordt gekozen: het individuele nominatieformulier<br \/>\nAls er ten minste twee personen moeten worden gekozen: het nominatieformulier voor de lijst + het individuele nominatieformulier voor elke persoon op de lijst<\/p>\n<\/div>\n<\/div>\n<div class=\"wpb_text_column wpb_content_element\">\n<div class=\"wpb_wrapper\">\n<p>*Voor gebruikers waarbij een gewoon lid moet worden gekozen, wordt het aanmeldingsformulier voor de lijst gebruikt om de naam van het plaatsvervangende lid in te vullen.<\/p>\n<\/div>\n<\/div>\n<div class=\"wpb_text_column wpb_content_element\">\n<div class=\"wpb_wrapper\">\n<h3>Contacten<\/h3>\n<div class=\"page\" title=\"Pagina 2\">\n<div class=\"section\">\n<div class=\"layoutArea\">\n<div class=\"column\">\n<p><a href=\"https:\/\/web.archive.org\/web\/20230717234642\/mailto:electionsecoledoctorale2023@univ-guyane.fr\">electionsecoledoctorale2023@univ-guyane.fr<\/a><br \/>\n<a href=\"https:\/\/web.archive.org\/web\/20230717234642\/mailto:electionsIUTDEKOUROU2023@univ-guyane.fr\">electionsIUTDEKOUROU2023@univ-guyane.fr<\/a><br \/>\n<a href=\"https:\/\/web.archive.org\/web\/20230717234642\/http:\/\/univ-guyane.fr\/\">electionsCFAU2023@univ-guyane.fr<\/a><br \/>\n<a href=\"https:\/\/web.archive.org\/web\/20230717234642\/mailto:electionsSUAPS2023@univ-guyane.fr\">electionsSUAPS2023@univ-guyane.fr<\/a><br \/>\n<a href=\"https:\/\/web.archive.org\/web\/20230717234642\/mailto:electionsMINEA2023@univ-guyane.fr\">electionsMINEA2023@univ-guyane.fr<\/a><br \/>\n<a href=\"https:\/\/web.archive.org\/web\/20230717234642\/mailto:electionsINSPE2023@univ-guyane.fr\">electionsINSPE2023@univ-guyane.fr<\/a><br \/>\n<a href=\"https:\/\/web.archive.org\/web\/20230717234642\/mailto:electionsLSH2023@univ-guyane.fr\">electionsLSH2023@univ-guyane.fr<\/a><br \/>\n<a href=\"https:\/\/web.archive.org\/web\/20230717234642\/mailto:electionsST2023@univ-guyane.fr\">electionsST2023@univ-guyane.fr<\/a><br \/>\n<a href=\"https:\/\/web.archive.org\/web\/20230717234642\/mailto:electionsSJE2023@univ-guyane.fr\">electionsSJE2023@univ-guyane.fr<\/a><\/p>\n<h3>De documenten downloaden<\/h3>\n<p><strong>Poll op 21 maart<\/strong><br \/>\n<a href=\"https:\/\/web.archive.org\/web\/20230717234642\/https:\/\/www.univ-guyane.fr\/ugfm\/docs\/elections\/2023\/ELECTIONS-ECOLE-DOCTORALE---IUT-DE-KOUROU---CFA-U-ET-SUAPS\/DECLARATION-DE-CANDIDATURE-DE-LISTE-POUR-L-ECOLE-DOCTORALE---IUT-DE-KOUROU---CFA-U---SUAPS_SCRUTIN-DU-21-MARS-2023.pdf\">Kandidatenlijst<\/a><br \/>\n<a href=\"https:\/\/web.archive.org\/web\/20230717234642\/https:\/\/www.univ-guyane.fr\/ugfm\/docs\/elections\/2023\/ELECTIONS-ECOLE-DOCTORALE---IUT-DE-KOUROU---CFA-U-ET-SUAPS\/DECLARATION-INDIVIDUELLE-DE-CANDIDATURE-POUR-L-ECOLE-DOCTORALE---IUT-DE-KOUROU---CFA-U---SUAPS_SCRUTIN-DU-21-MARS-2023.pdf\">Individuele kandidaatstelling<\/a><br \/>\n<a href=\"https:\/\/web.archive.org\/web\/20230717234642\/https:\/\/www.univ-guyane.fr\/ugfm\/docs\/elections\/2023\/ELECTIONS-ECOLE-DOCTORALE---IUT-DE-KOUROU---CFA-U-ET-SUAPS\/DEMANDE-D-INSCRIPTION-OU-DE-RECTIFICATION---LISTE-ELECTORALE-POUR-L-ECOLE-DOCTORALE---IUT-DE-KOUROU---CFA-U---SUAPS_SCRUTIN-21-MARS.pdf\">Verzoek om inschrijving op\/correctie van kiezerslijst<\/a><\/p>\n<p><strong>Poll op 28 maart<\/strong><br \/>\n<a href=\"https:\/\/web.archive.org\/web\/20230717234642\/https:\/\/www.univ-guyane.fr\/ugfm\/docs\/elections\/2023\/ELECTIONS-MINEA---INSPE---CFA-U---DFR-LSH---DFR-ST---DFR-SJE\/DECLARATION-DE-CANDIDATURE-DE-LISTE-POUR-MINEA---L-INSPE---LE-CFA-U---DFR-LSH---DFR-ST---DFR-SJE_SCRUTIN-DU-28-MARS-2023.pdf\">Kandidatenlijst<\/a><br \/>\n<a href=\"https:\/\/web.archive.org\/web\/20230717234642\/https:\/\/www.univ-guyane.fr\/ugfm\/docs\/elections\/2023\/ELECTIONS-MINEA---INSPE---CFA-U---DFR-LSH---DFR-ST---DFR-SJE\/DECLARATION-INDIVIDUELLE-DE-CANDIDATURE-POUR-MINEA---L-INSPE---LE-CFA-U---DFR-LSH---DFR-ST---DFR-SJE_SCRUTIN-DU-28-MARS-2023.pdf\">Individuele kandidaatstelling<\/a><br \/>\n<a href=\"https:\/\/web.archive.org\/web\/20230717234642\/https:\/\/www.univ-guyane.fr\/ugfm\/docs\/elections\/2023\/ELECTIONS-MINEA---INSPE---CFA-U---DFR-LSH---DFR-ST---DFR-SJE\/DEMANDE-D-INSCRIPTION-OU-DE-RECTIFICATION---LISTE-ELECTORALE-POUR--MINEA---L-INSPE---LE-CFA-U---DFR-LSH---DFR-ST---DFR-SJE_SCRUTIN-DU-28-MARS-2023.pdf\">Verzoek om inschrijving op\/correctie van kiezerslijst<\/a><\/p>\n<\/div>\n<\/div>\n<\/div>\n<\/div>\n<\/div>\n<\/div>\n<\/div>\n\n\n\n\n\t\t\t<\/div> \n\t\t<\/div>\n\t<\/div> \n<\/div><\/div>","protected":false},"excerpt":{"rendered":"Op 21 en 28 maart is het tijd om de mensen te kiezen die deel willen uitmaken van...","protected":false},"author":1,"featured_media":8579,"comment_status":"closed","ping_status":"open","sticky":false,"template":"","format":"standard","meta":{"iawp_total_views":40,"footnotes":""},"categories":[230],"tags":[],"class_list":{"0":"post-8577","1":"post","2":"type-post","3":"status-publish","4":"format-standard","5":"has-post-thumbnail","7":"category-elections"},"yoast_head":"<!-- This site is optimized with the Yoast SEO plugin v27.5 - https:\/\/yoast.com\/product\/yoast-seo-wordpress\/ -->\n<title>\u00c9lections du 21 &amp; 28 mars 2023 &#8212; Universit\u00e9 de Guyane<\/title>\n<meta name=\"description\" content=\"D\u00e9couvrez les \u00e9lections au sein du laboratoire MIN\u00c9A, de l\u2019INSP\u00c9, des d\u00e9partements de formation et de recherche LSH, ST et SJE.\" \/>\n<meta name=\"robots\" content=\"index, follow, max-snippet:-1, max-image-preview:large, max-video-preview:-1\" \/>\n<link rel=\"canonical\" href=\"https:\/\/www.univ-guyane.fr\/nl\/2023\/03\/10\/elections-du-21-28-mars-2023\/\" \/>\n<meta property=\"og:locale\" content=\"nl_NL\" \/>\n<meta property=\"og:type\" content=\"article\" \/>\n<meta property=\"og:title\" content=\"\u00c9lections du 21 &amp; 28 mars 2023 &#8212; Universit\u00e9 de Guyane\" \/>\n<meta property=\"og:description\" content=\"D\u00e9couvrez les \u00e9lections au sein du laboratoire MIN\u00c9A, de l\u2019INSP\u00c9, des d\u00e9partements de formation et de recherche LSH, ST et SJE.\" \/>\n<meta property=\"og:url\" content=\"https:\/\/www.univ-guyane.fr\/nl\/2023\/03\/10\/elections-du-21-28-mars-2023\/\" \/>\n<meta property=\"og:site_name\" content=\"Universit\u00e9 de Guyane\" \/>\n<meta property=\"article:publisher\" content=\"https:\/\/www.facebook.com\/univguyane\" \/>\n<meta property=\"article:published_time\" content=\"2023-03-10T12:53:29+00:00\" \/>\n<meta property=\"article:modified_time\" content=\"2024-06-18T12:56:54+00:00\" \/>\n<meta property=\"og:image\" content=\"https:\/\/www.univ-guyane.fr\/wp-content\/uploads\/elections-dfrs-suaps-cac-universite-de-guyane-janvier-2016-2-3-1.jpeg\" \/>\n\t<meta property=\"og:image:width\" content=\"2000\" \/>\n\t<meta property=\"og:image:height\" content=\"1406\" \/>\n\t<meta property=\"og:image:type\" content=\"image\/jpeg\" \/>\n<meta name=\"author\" content=\"Erick Loiti\u00e8re\" \/>\n<meta name=\"twitter:card\" content=\"summary_large_image\" \/>\n<meta name=\"twitter:creator\" content=\"@univguyane\" \/>\n<meta name=\"twitter:site\" content=\"@univguyane\" \/>\n<meta name=\"twitter:label1\" content=\"Geschreven door\" \/>\n\t<meta name=\"twitter:data1\" content=\"Erick Loiti\u00e8re\" \/>\n\t<meta name=\"twitter:label2\" content=\"Geschatte leestijd\" \/>\n\t<meta name=\"twitter:data2\" content=\"4 minuten\" \/>\n<script type=\"application\/ld+json\" class=\"yoast-schema-graph\">{\"@context\":\"https:\\\/\\\/schema.org\",\"@graph\":[{\"@type\":\"Article\",\"@id\":\"https:\\\/\\\/www.univ-guyane.fr\\\/2023\\\/03\\\/10\\\/elections-du-21-28-mars-2023\\\/#article\",\"isPartOf\":{\"@id\":\"https:\\\/\\\/www.univ-guyane.fr\\\/2023\\\/03\\\/10\\\/elections-du-21-28-mars-2023\\\/\"},\"author\":{\"name\":\"Erick Loiti\u00e8re\",\"@id\":\"https:\\\/\\\/www.univ-guyane.fr\\\/#\\\/schema\\\/person\\\/86d946a28a8be51bb096ccfdf19db179\"},\"headline\":\"\u00c9lections du 21 &#038; 28 mars 2023\",\"datePublished\":\"2023-03-10T12:53:29+00:00\",\"dateModified\":\"2024-06-18T12:56:54+00:00\",\"mainEntityOfPage\":{\"@id\":\"https:\\\/\\\/www.univ-guyane.fr\\\/2023\\\/03\\\/10\\\/elections-du-21-28-mars-2023\\\/\"},\"wordCount\":877,\"publisher\":{\"@id\":\"https:\\\/\\\/www.univ-guyane.fr\\\/#organization\"},\"image\":{\"@id\":\"https:\\\/\\\/www.univ-guyane.fr\\\/2023\\\/03\\\/10\\\/elections-du-21-28-mars-2023\\\/#primaryimage\"},\"thumbnailUrl\":\"https:\\\/\\\/www.univ-guyane.fr\\\/wp-content\\\/uploads\\\/elections-dfrs-suaps-cac-universite-de-guyane-janvier-2016-2-3-1.jpeg\",\"articleSection\":[\"\u2022 \u00c9lections\"],\"inLanguage\":\"nl-NL\"},{\"@type\":\"WebPage\",\"@id\":\"https:\\\/\\\/www.univ-guyane.fr\\\/2023\\\/03\\\/10\\\/elections-du-21-28-mars-2023\\\/\",\"url\":\"https:\\\/\\\/www.univ-guyane.fr\\\/2023\\\/03\\\/10\\\/elections-du-21-28-mars-2023\\\/\",\"name\":\"\u00c9lections du 21 & 28 mars 2023 &#8212; Universit\u00e9 de Guyane\",\"isPartOf\":{\"@id\":\"https:\\\/\\\/www.univ-guyane.fr\\\/#website\"},\"primaryImageOfPage\":{\"@id\":\"https:\\\/\\\/www.univ-guyane.fr\\\/2023\\\/03\\\/10\\\/elections-du-21-28-mars-2023\\\/#primaryimage\"},\"image\":{\"@id\":\"https:\\\/\\\/www.univ-guyane.fr\\\/2023\\\/03\\\/10\\\/elections-du-21-28-mars-2023\\\/#primaryimage\"},\"thumbnailUrl\":\"https:\\\/\\\/www.univ-guyane.fr\\\/wp-content\\\/uploads\\\/elections-dfrs-suaps-cac-universite-de-guyane-janvier-2016-2-3-1.jpeg\",\"datePublished\":\"2023-03-10T12:53:29+00:00\",\"dateModified\":\"2024-06-18T12:56:54+00:00\",\"description\":\"D\u00e9couvrez les \u00e9lections au sein du laboratoire MIN\u00c9A, de l\u2019INSP\u00c9, des d\u00e9partements de formation et de recherche LSH, ST et SJE.\",\"breadcrumb\":{\"@id\":\"https:\\\/\\\/www.univ-guyane.fr\\\/2023\\\/03\\\/10\\\/elections-du-21-28-mars-2023\\\/#breadcrumb\"},\"inLanguage\":\"nl-NL\",\"potentialAction\":[{\"@type\":\"ReadAction\",\"target\":[\"https:\\\/\\\/www.univ-guyane.fr\\\/2023\\\/03\\\/10\\\/elections-du-21-28-mars-2023\\\/\"]}]},{\"@type\":\"ImageObject\",\"inLanguage\":\"nl-NL\",\"@id\":\"https:\\\/\\\/www.univ-guyane.fr\\\/2023\\\/03\\\/10\\\/elections-du-21-28-mars-2023\\\/#primaryimage\",\"url\":\"https:\\\/\\\/www.univ-guyane.fr\\\/wp-content\\\/uploads\\\/elections-dfrs-suaps-cac-universite-de-guyane-janvier-2016-2-3-1.jpeg\",\"contentUrl\":\"https:\\\/\\\/www.univ-guyane.fr\\\/wp-content\\\/uploads\\\/elections-dfrs-suaps-cac-universite-de-guyane-janvier-2016-2-3-1.jpeg\",\"width\":2000,\"height\":1406,\"caption\":\"\u00c9lections du 21 & 28 mars 2023\"},{\"@type\":\"BreadcrumbList\",\"@id\":\"https:\\\/\\\/www.univ-guyane.fr\\\/2023\\\/03\\\/10\\\/elections-du-21-28-mars-2023\\\/#breadcrumb\",\"itemListElement\":[{\"@type\":\"ListItem\",\"position\":1,\"name\":\"Accueil\",\"item\":\"https:\\\/\\\/www.univ-guyane.fr\\\/\"},{\"@type\":\"ListItem\",\"position\":2,\"name\":\"\u00c9lections du 21 &#038; 28 mars 2023\"}]},{\"@type\":\"WebSite\",\"@id\":\"https:\\\/\\\/www.univ-guyane.fr\\\/#website\",\"url\":\"https:\\\/\\\/www.univ-guyane.fr\\\/\",\"name\":\"Universit\u00e9 de Guyane\",\"description\":\"Au c\u0153ur de l&#039;amazonie\",\"publisher\":{\"@id\":\"https:\\\/\\\/www.univ-guyane.fr\\\/#organization\"},\"alternateName\":\"UG\",\"potentialAction\":[{\"@type\":\"SearchAction\",\"target\":{\"@type\":\"EntryPoint\",\"urlTemplate\":\"https:\\\/\\\/www.univ-guyane.fr\\\/?s={search_term_string}\"},\"query-input\":{\"@type\":\"PropertyValueSpecification\",\"valueRequired\":true,\"valueName\":\"search_term_string\"}}],\"inLanguage\":\"nl-NL\"},{\"@type\":\"Organization\",\"@id\":\"https:\\\/\\\/www.univ-guyane.fr\\\/#organization\",\"name\":\"Universit\u00e9 de Guyane\",\"alternateName\":\"UG\",\"url\":\"https:\\\/\\\/www.univ-guyane.fr\\\/\",\"logo\":{\"@type\":\"ImageObject\",\"inLanguage\":\"nl-NL\",\"@id\":\"https:\\\/\\\/www.univ-guyane.fr\\\/#\\\/schema\\\/logo\\\/image\\\/\",\"url\":\"https:\\\/\\\/www.univ-guyane.fr\\\/wp-content\\\/uploads\\\/2024\\\/05\\\/f.png\",\"contentUrl\":\"https:\\\/\\\/www.univ-guyane.fr\\\/wp-content\\\/uploads\\\/2024\\\/05\\\/f.png\",\"width\":1024,\"height\":1024,\"caption\":\"Universit\u00e9 de Guyane\"},\"image\":{\"@id\":\"https:\\\/\\\/www.univ-guyane.fr\\\/#\\\/schema\\\/logo\\\/image\\\/\"},\"sameAs\":[\"https:\\\/\\\/www.facebook.com\\\/univguyane\",\"https:\\\/\\\/x.com\\\/univguyane\",\"https:\\\/\\\/gf.linkedin.com\\\/school\\\/universite-de-guyane\\\/\",\"https:\\\/\\\/www.instagram.com\\\/univ_guyane\\\/\"]},{\"@type\":\"Person\",\"@id\":\"https:\\\/\\\/www.univ-guyane.fr\\\/#\\\/schema\\\/person\\\/86d946a28a8be51bb096ccfdf19db179\",\"name\":\"Erick Loiti\u00e8re\",\"image\":{\"@type\":\"ImageObject\",\"inLanguage\":\"nl-NL\",\"@id\":\"https:\\\/\\\/secure.gravatar.com\\\/avatar\\\/0584f332103fbeaf37e52c73b15dca3c547fd9300deb05764e9ad8714839d072?s=96&d=robohash&r=g\",\"url\":\"https:\\\/\\\/secure.gravatar.com\\\/avatar\\\/0584f332103fbeaf37e52c73b15dca3c547fd9300deb05764e9ad8714839d072?s=96&d=robohash&r=g\",\"contentUrl\":\"https:\\\/\\\/secure.gravatar.com\\\/avatar\\\/0584f332103fbeaf37e52c73b15dca3c547fd9300deb05764e9ad8714839d072?s=96&d=robohash&r=g\",\"caption\":\"Erick Loiti\u00e8re\"},\"sameAs\":[\"http:\\\/\\\/www.univ-guyane.fr\"],\"url\":\"https:\\\/\\\/www.univ-guyane.fr\\\/nl\\\/author\\\/eloitierdbz\\\/\"}]}<\/script>\n<!-- \/ Yoast SEO plugin. -->","yoast_head_json":{"title":"\u00c9lections du 21 & 28 mars 2023 &#8212; Universit\u00e9 de Guyane","description":"D\u00e9couvrez les \u00e9lections au sein du laboratoire MIN\u00c9A, de l\u2019INSP\u00c9, des d\u00e9partements de formation et de recherche LSH, ST et SJE.","robots":{"index":"index","follow":"follow","max-snippet":"max-snippet:-1","max-image-preview":"max-image-preview:large","max-video-preview":"max-video-preview:-1"},"canonical":"https:\/\/www.univ-guyane.fr\/nl\/2023\/03\/10\/elections-du-21-28-mars-2023\/","og_locale":"nl_NL","og_type":"article","og_title":"\u00c9lections du 21 & 28 mars 2023 &#8212; Universit\u00e9 de Guyane","og_description":"D\u00e9couvrez les \u00e9lections au sein du laboratoire MIN\u00c9A, de l\u2019INSP\u00c9, des d\u00e9partements de formation et de recherche LSH, ST et SJE.","og_url":"https:\/\/www.univ-guyane.fr\/nl\/2023\/03\/10\/elections-du-21-28-mars-2023\/","og_site_name":"Universit\u00e9 de Guyane","article_publisher":"https:\/\/www.facebook.com\/univguyane","article_published_time":"2023-03-10T12:53:29+00:00","article_modified_time":"2024-06-18T12:56:54+00:00","og_image":[{"width":2000,"height":1406,"url":"https:\/\/www.univ-guyane.fr\/wp-content\/uploads\/elections-dfrs-suaps-cac-universite-de-guyane-janvier-2016-2-3-1.jpeg","type":"image\/jpeg"}],"author":"Erick Loiti\u00e8re","twitter_card":"summary_large_image","twitter_creator":"@univguyane","twitter_site":"@univguyane","twitter_misc":{"Geschreven door":"Erick Loiti\u00e8re","Geschatte leestijd":"4 minuten"},"schema":{"@context":"https:\/\/schema.org","@graph":[{"@type":"Article","@id":"https:\/\/www.univ-guyane.fr\/2023\/03\/10\/elections-du-21-28-mars-2023\/#article","isPartOf":{"@id":"https:\/\/www.univ-guyane.fr\/2023\/03\/10\/elections-du-21-28-mars-2023\/"},"author":{"name":"Erick Loiti\u00e8re","@id":"https:\/\/www.univ-guyane.fr\/#\/schema\/person\/86d946a28a8be51bb096ccfdf19db179"},"headline":"\u00c9lections du 21 &#038; 28 mars 2023","datePublished":"2023-03-10T12:53:29+00:00","dateModified":"2024-06-18T12:56:54+00:00","mainEntityOfPage":{"@id":"https:\/\/www.univ-guyane.fr\/2023\/03\/10\/elections-du-21-28-mars-2023\/"},"wordCount":877,"publisher":{"@id":"https:\/\/www.univ-guyane.fr\/#organization"},"image":{"@id":"https:\/\/www.univ-guyane.fr\/2023\/03\/10\/elections-du-21-28-mars-2023\/#primaryimage"},"thumbnailUrl":"https:\/\/www.univ-guyane.fr\/wp-content\/uploads\/elections-dfrs-suaps-cac-universite-de-guyane-janvier-2016-2-3-1.jpeg","articleSection":["\u2022 \u00c9lections"],"inLanguage":"nl-NL"},{"@type":"WebPage","@id":"https:\/\/www.univ-guyane.fr\/2023\/03\/10\/elections-du-21-28-mars-2023\/","url":"https:\/\/www.univ-guyane.fr\/2023\/03\/10\/elections-du-21-28-mars-2023\/","name":"\u00c9lections du 21 & 28 mars 2023 &#8212; Universit\u00e9 de Guyane","isPartOf":{"@id":"https:\/\/www.univ-guyane.fr\/#website"},"primaryImageOfPage":{"@id":"https:\/\/www.univ-guyane.fr\/2023\/03\/10\/elections-du-21-28-mars-2023\/#primaryimage"},"image":{"@id":"https:\/\/www.univ-guyane.fr\/2023\/03\/10\/elections-du-21-28-mars-2023\/#primaryimage"},"thumbnailUrl":"https:\/\/www.univ-guyane.fr\/wp-content\/uploads\/elections-dfrs-suaps-cac-universite-de-guyane-janvier-2016-2-3-1.jpeg","datePublished":"2023-03-10T12:53:29+00:00","dateModified":"2024-06-18T12:56:54+00:00","description":"D\u00e9couvrez les \u00e9lections au sein du laboratoire MIN\u00c9A, de l\u2019INSP\u00c9, des d\u00e9partements de formation et de recherche LSH, ST et SJE.","breadcrumb":{"@id":"https:\/\/www.univ-guyane.fr\/2023\/03\/10\/elections-du-21-28-mars-2023\/#breadcrumb"},"inLanguage":"nl-NL","potentialAction":[{"@type":"ReadAction","target":["https:\/\/www.univ-guyane.fr\/2023\/03\/10\/elections-du-21-28-mars-2023\/"]}]},{"@type":"ImageObject","inLanguage":"nl-NL","@id":"https:\/\/www.univ-guyane.fr\/2023\/03\/10\/elections-du-21-28-mars-2023\/#primaryimage","url":"https:\/\/www.univ-guyane.fr\/wp-content\/uploads\/elections-dfrs-suaps-cac-universite-de-guyane-janvier-2016-2-3-1.jpeg","contentUrl":"https:\/\/www.univ-guyane.fr\/wp-content\/uploads\/elections-dfrs-suaps-cac-universite-de-guyane-janvier-2016-2-3-1.jpeg","width":2000,"height":1406,"caption":"\u00c9lections du 21 & 28 mars 2023"},{"@type":"BreadcrumbList","@id":"https:\/\/www.univ-guyane.fr\/2023\/03\/10\/elections-du-21-28-mars-2023\/#breadcrumb","itemListElement":[{"@type":"ListItem","position":1,"name":"Accueil","item":"https:\/\/www.univ-guyane.fr\/"},{"@type":"ListItem","position":2,"name":"\u00c9lections du 21 &#038; 28 mars 2023"}]},{"@type":"WebSite","@id":"https:\/\/www.univ-guyane.fr\/#website","url":"https:\/\/www.univ-guyane.fr\/","name":"Universiteit van Guyana","description":"In het hart van Amazonia","publisher":{"@id":"https:\/\/www.univ-guyane.fr\/#organization"},"alternateName":"UG","potentialAction":[{"@type":"SearchAction","target":{"@type":"EntryPoint","urlTemplate":"https:\/\/www.univ-guyane.fr\/?s={search_term_string}"},"query-input":{"@type":"PropertyValueSpecification","valueRequired":true,"valueName":"search_term_string"}}],"inLanguage":"nl-NL"},{"@type":"Organization","@id":"https:\/\/www.univ-guyane.fr\/#organization","name":"Universiteit van Guyana","alternateName":"UG","url":"https:\/\/www.univ-guyane.fr\/","logo":{"@type":"ImageObject","inLanguage":"nl-NL","@id":"https:\/\/www.univ-guyane.fr\/#\/schema\/logo\/image\/","url":"https:\/\/www.univ-guyane.fr\/wp-content\/uploads\/2024\/05\/f.png","contentUrl":"https:\/\/www.univ-guyane.fr\/wp-content\/uploads\/2024\/05\/f.png","width":1024,"height":1024,"caption":"Universit\u00e9 de Guyane"},"image":{"@id":"https:\/\/www.univ-guyane.fr\/#\/schema\/logo\/image\/"},"sameAs":["https:\/\/www.facebook.com\/univguyane","https:\/\/x.com\/univguyane","https:\/\/gf.linkedin.com\/school\/universite-de-guyane\/","https:\/\/www.instagram.com\/univ_guyane\/"]},{"@type":"Person","@id":"https:\/\/www.univ-guyane.fr\/#\/schema\/person\/86d946a28a8be51bb096ccfdf19db179","name":"Erick Loiti\u00e8re","image":{"@type":"ImageObject","inLanguage":"nl-NL","@id":"https:\/\/secure.gravatar.com\/avatar\/0584f332103fbeaf37e52c73b15dca3c547fd9300deb05764e9ad8714839d072?s=96&d=robohash&r=g","url":"https:\/\/secure.gravatar.com\/avatar\/0584f332103fbeaf37e52c73b15dca3c547fd9300deb05764e9ad8714839d072?s=96&d=robohash&r=g","contentUrl":"https:\/\/secure.gravatar.com\/avatar\/0584f332103fbeaf37e52c73b15dca3c547fd9300deb05764e9ad8714839d072?s=96&d=robohash&r=g","caption":"Erick Loiti\u00e8re"},"sameAs":["http:\/\/www.univ-guyane.fr"],"url":"https:\/\/www.univ-guyane.fr\/nl\/author\/eloitierdbz\/"}]}},"_links":{"self":[{"href":"https:\/\/www.univ-guyane.fr\/nl\/wp-json\/wp\/v2\/posts\/8577","targetHints":{"allow":["GET"]}}],"collection":[{"href":"https:\/\/www.univ-guyane.fr\/nl\/wp-json\/wp\/v2\/posts"}],"about":[{"href":"https:\/\/www.univ-guyane.fr\/nl\/wp-json\/wp\/v2\/types\/post"}],"author":[{"embeddable":true,"href":"https:\/\/www.univ-guyane.fr\/nl\/wp-json\/wp\/v2\/users\/1"}],"replies":[{"embeddable":true,"href":"https:\/\/www.univ-guyane.fr\/nl\/wp-json\/wp\/v2\/comments?post=8577"}],"version-history":[{"count":1,"href":"https:\/\/www.univ-guyane.fr\/nl\/wp-json\/wp\/v2\/posts\/8577\/revisions"}],"predecessor-version":[{"id":8580,"href":"https:\/\/www.univ-guyane.fr\/nl\/wp-json\/wp\/v2\/posts\/8577\/revisions\/8580"}],"wp:featuredmedia":[{"embeddable":true,"href":"https:\/\/www.univ-guyane.fr\/nl\/wp-json\/wp\/v2\/media\/8579"}],"wp:attachment":[{"href":"https:\/\/www.univ-guyane.fr\/nl\/wp-json\/wp\/v2\/media?parent=8577"}],"wp:term":[{"taxonomy":"category","embeddable":true,"href":"https:\/\/www.univ-guyane.fr\/nl\/wp-json\/wp\/v2\/categories?post=8577"},{"taxonomy":"post_tag","embeddable":true,"href":"https:\/\/www.univ-guyane.fr\/nl\/wp-json\/wp\/v2\/tags?post=8577"}],"curies":[{"name":"wp","href":"https:\/\/api.w.org\/{rel}","templated":true}]}}