{"id":8589,"date":"2023-03-08T10:07:13","date_gmt":"2023-03-08T13:07:13","guid":{"rendered":"https:\/\/www.univ-guyane.fr\/?p=8589"},"modified":"2024-06-18T10:12:08","modified_gmt":"2024-06-18T13:12:08","slug":"la-fete-du-court-metrage-revient-a-lug","status":"publish","type":"post","link":"https:\/\/www.univ-guyane.fr\/nl\/2023\/03\/08\/la-fete-du-court-metrage-revient-a-lug\/","title":{"rendered":"Het korte filmfestival keert terug naar de UG"},"content":{"rendered":"<div id=\"fws_69f3c8ec1d6dc\"  data-column-margin=\"default\" data-midnight=\"dark\"  class=\"wpb_row vc_row-fluid vc_row\"  style=\"padding-top: 0px; padding-bottom: 0px; \"><div class=\"row-bg-wrap\" data-bg-animation=\"none\" data-bg-animation-delay=\"\" data-bg-overlay=\"false\"><div class=\"inner-wrap row-bg-layer\" ><div class=\"row-bg viewport-desktop\"  style=\"\"><\/div><\/div><\/div><div class=\"row_col_wrap_12 col span_12 dark left\">\n\t<div  class=\"vc_col-sm-12 wpb_column column_container vc_column_container col no-extra-padding inherit_tablet inherit_phone\"  data-padding-pos=\"all\" data-has-bg-color=\"false\" data-bg-color=\"\" data-bg-opacity=\"1\" data-animation=\"\" data-delay=\"0\" >\n\t\t<div class=\"vc_column-inner\" >\n\t\t\t<div class=\"wpb_wrapper\">\n\t\t\t\t\n<div class=\"wpb_text_column wpb_content_element  chapo\" >\n\t<h2><strong>Markeer je agenda! Het korte filmfestival is terug aan de UG! Ter gelegenheid hiervan organiseert de school 7 voorstellingen op 16, 17, 18, 20 en 21 maart 2023 in Amphi E. Hieronder vind je meer informatie over het programma.<\/strong><\/h2>\n<\/div>\n\n\n\n\n<div class=\"wpb_text_column wpb_content_element\" >\n\t<div class=\"post-area col span_9\" role=\"main\">\n<article id=\"post-11677\" class=\"post-11677 post type-post status-publish format-standard has-post-thumbnail category-news-culture\">\n<div class=\"inner-wrap\">\n<div class=\"post-content\" data-hide-featured-media=\"0\">\n<div class=\"content-inner\">\n<div id=\"fws_64b5efb47c6f0\" class=\"wpb_row vc_row-fluid vc_row\" data-column-margin=\"default\" data-midnight=\"dark\">\n<div class=\"row_col_wrap_12 col span_12 dark left\">\n<div class=\"vc_col-sm-12 wpb_column column_container vc_column_container col no-extra-padding inherit_tablet inherit_phone\" data-padding-pos=\"all\" data-has-bg-color=\"false\" data-bg-color=\"\" data-bg-opacity=\"1\" data-animation=\"\" data-delay=\"0\">\n<div class=\"vc_column-inner\">\n<div class=\"wpb_wrapper\">\n<div class=\"wpb_text_column wpb_content_element\">\n<div class=\"wpb_wrapper\">\n<div id=\"lipsum\">\n<span class=\"nectar-dropcap\" >L <\/span>e bioscoop komt naar de UG voor deze laatste editie van het korte filmfestival. Een week lang biedt de Universiteit van Guyana het grote publiek de kans om gratis een selectie korte films te ontdekken. Het is een kans om jonge filmmakers te ontmoeten en met hen te praten over hun werk en hun beroep, het werk van de filmwerkplaats te ontdekken, te debatteren over de sociale kwesties die in de korte films aan bod komen...<\/p>\n<p>De Universiteit van Guyana neemt deel aan deze nieuwe editie met een selectie van ongeveer dertig films, waaronder een breed scala aan korte films gemaakt in Guyana. Er zijn zeven vertoningen voor studenten, universiteitsmedewerkers en het grote publiek.\u00a0<strong>gratis\u00a0<\/strong>: \u00a0<strong>16, 17, 18, 20 en 21 maart bij Amphi E<\/strong>.<\/p>\n<\/div>\n<\/div>\n<\/div>\n<\/div>\n<\/div>\n<\/div>\n<\/div>\n<\/div>\n<div id=\"fws_64b5efb47c8c0\" class=\"wpb_row vc_row-fluid vc_row\" data-column-margin=\"default\" data-midnight=\"dark\">\n<div class=\"row-bg-wrap\" data-bg-animation=\"none\" data-bg-animation-delay=\"\" data-bg-overlay=\"false\">\n<div class=\"inner-wrap row-bg-layer\">\n<div class=\"row-bg viewport-desktop\"><\/div>\n<\/div>\n<\/div>\n<div class=\"row_col_wrap_12 col span_12 dark left\">\n<div class=\"vc_col-sm-12 wpb_column column_container vc_column_container col no-extra-padding inherit_tablet inherit_phone\" data-padding-pos=\"all\" data-has-bg-color=\"false\" data-bg-color=\"\" data-bg-opacity=\"1\" data-animation=\"\" data-delay=\"0\">\n<div class=\"vc_column-inner\">\n<div class=\"wpb_wrapper\">\n<div class=\"wpb_text_column wpb_content_element vc_custom_1678453580506\">\n<div class=\"wpb_wrapper\">\n<p><strong>Programma<\/strong><br \/>\n<strong>16 maart om 12 uur 's middags<\/strong>\u00a0- Opening van het korte filmfestival. Focus op de filmworkshop. Ontdek het werk van studenten in de filmworkshop.<\/p>\n<hr \/>\n<p><strong>16 maart om 18.00 uur<\/strong>\u00a0- Thema van de sessie: Assertiviteit\/Emancipatie. Ontdek 4 korte films over adolescentie en zelfbevestiging.<\/p>\n<hr \/>\n<p><strong>17 maart om 12 uur 's middags<\/strong>\u00a0- Thema van de sessie: Animaties. Ontdek 7 korte films gemaakt met computergegenereerde beelden.<\/p>\n<hr \/>\n<p><strong>18 maart om 10.00 uur.<\/strong>\u00a0- Thema van de vertoning: Jeugd. Jong en oud worden uitgenodigd om een selectie van 7 korte films (cartoons) gericht op de allerkleinsten te ontdekken.<\/p>\n<hr \/>\n<p><strong>20 maart om 12 uur 's middags<\/strong>\u00a0- Thema van de vertoning: Komedies. Er worden 4 korte komediefilms vertoond.<\/p>\n<hr \/>\n<p><strong>21 maart om 12 uur 's middags<\/strong>\u00a0- Thema van de sessie: Favoriete films van de organisatoren. Het organisatiecomit\u00e9 stelt zijn 4 of 5 favoriete korte films voor.<\/p>\n<hr \/>\n<p><strong>21 maart om 18.00 uur<\/strong>\u00a0- Thema van de sessie: Van huis uit! Ontdek 4 of 5 korte films van lokale regisseurs.<\/p>\n<hr \/>\n<p><a href=\"https:\/\/web.archive.org\/web\/20230718014939\/https:\/\/www.univ-guyane.fr\/wp-content\/uploads\/programme-FDCM-3.pdf\">Korte film festivalprogramma<\/a><\/p>\n<\/div>\n<\/div>\n<\/div>\n<\/div>\n<\/div>\n<\/div>\n<\/div>\n<\/div>\n<\/div>\n<\/div>\n<\/article>\n<\/div>\n<div id=\"sidebar\" class=\"col span_3 col_last\" data-nectar-ss=\"1\">\n<div class=\"n-sticky theiaStickySidebar\">\n<div id=\"nectar_popular_posts-4\" class=\"widget nectar_popular_posts_widget\">\n<ul class=\"nectar_blog_posts_popular nectar_widget\" data-style=\"hover-featured-image\">\n<li class=\"has-img\" data-views=\"3232\"><\/li>\n<\/ul>\n<\/div>\n<\/div>\n<\/div>\n<\/div>\n\n\n\n\n\t\t\t<\/div> \n\t\t<\/div>\n\t<\/div> \n<\/div><\/div>","protected":false},"excerpt":{"rendered":"Markeer je agenda! Het korte filmfestival is terug aan de UG! Om de gelegenheid...","protected":false},"author":1,"featured_media":8590,"comment_status":"closed","ping_status":"open","sticky":false,"template":"","format":"standard","meta":{"iawp_total_views":14,"footnotes":""},"categories":[239],"tags":[],"class_list":{"0":"post-8589","1":"post","2":"type-post","3":"status-publish","4":"format-standard","5":"has-post-thumbnail","7":"category-culture"},"yoast_head":"<!-- This site is optimized with the Yoast SEO plugin v27.5 - https:\/\/yoast.com\/product\/yoast-seo-wordpress\/ -->\n<title>La f\u00eate du court m\u00e9trage revient \u00e0 l\u2019UG &#8212; Universit\u00e9 de Guyane<\/title>\n<meta name=\"description\" content=\"Vivez la f\u00eate du court m\u00e9trage \u00e0 l&#039;UG. Profitez d&#039;une semaine de courts-m\u00e9trages gratuits, d\u00e9bats et rencontres avec les r\u00e9alisateurs.\" \/>\n<meta name=\"robots\" content=\"index, follow, max-snippet:-1, max-image-preview:large, max-video-preview:-1\" \/>\n<link rel=\"canonical\" href=\"https:\/\/www.univ-guyane.fr\/nl\/2023\/03\/08\/la-fete-du-court-metrage-revient-a-lug\/\" \/>\n<meta property=\"og:locale\" content=\"nl_NL\" \/>\n<meta property=\"og:type\" content=\"article\" \/>\n<meta property=\"og:title\" content=\"La f\u00eate du court m\u00e9trage revient \u00e0 l\u2019UG &#8212; Universit\u00e9 de Guyane\" \/>\n<meta property=\"og:description\" content=\"Vivez la f\u00eate du court m\u00e9trage \u00e0 l&#039;UG. Profitez d&#039;une semaine de courts-m\u00e9trages gratuits, d\u00e9bats et rencontres avec les r\u00e9alisateurs.\" \/>\n<meta property=\"og:url\" content=\"https:\/\/www.univ-guyane.fr\/nl\/2023\/03\/08\/la-fete-du-court-metrage-revient-a-lug\/\" \/>\n<meta property=\"og:site_name\" content=\"Universit\u00e9 de Guyane\" \/>\n<meta property=\"article:publisher\" content=\"https:\/\/www.facebook.com\/univguyane\" \/>\n<meta property=\"article:published_time\" content=\"2023-03-08T13:07:13+00:00\" \/>\n<meta property=\"article:modified_time\" content=\"2024-06-18T13:12:08+00:00\" \/>\n<meta property=\"og:image\" content=\"https:\/\/www.univ-guyane.fr\/wp-content\/uploads\/FDCM-2023-RTICLE.jpeg\" \/>\n\t<meta property=\"og:image:width\" content=\"1800\" \/>\n\t<meta property=\"og:image:height\" content=\"1013\" \/>\n\t<meta property=\"og:image:type\" content=\"image\/jpeg\" \/>\n<meta name=\"author\" content=\"Erick Loiti\u00e8re\" \/>\n<meta name=\"twitter:card\" content=\"summary_large_image\" \/>\n<meta name=\"twitter:creator\" content=\"@univguyane\" \/>\n<meta name=\"twitter:site\" content=\"@univguyane\" \/>\n<meta name=\"twitter:label1\" content=\"Geschreven door\" \/>\n\t<meta name=\"twitter:data1\" content=\"Erick Loiti\u00e8re\" \/>\n\t<meta name=\"twitter:label2\" content=\"Geschatte leestijd\" \/>\n\t<meta name=\"twitter:data2\" content=\"3 minuten\" \/>\n<script type=\"application\/ld+json\" class=\"yoast-schema-graph\">{\"@context\":\"https:\\\/\\\/schema.org\",\"@graph\":[{\"@type\":\"Article\",\"@id\":\"https:\\\/\\\/www.univ-guyane.fr\\\/2023\\\/03\\\/08\\\/la-fete-du-court-metrage-revient-a-lug\\\/#article\",\"isPartOf\":{\"@id\":\"https:\\\/\\\/www.univ-guyane.fr\\\/2023\\\/03\\\/08\\\/la-fete-du-court-metrage-revient-a-lug\\\/\"},\"author\":{\"name\":\"Erick Loiti\u00e8re\",\"@id\":\"https:\\\/\\\/www.univ-guyane.fr\\\/#\\\/schema\\\/person\\\/86d946a28a8be51bb096ccfdf19db179\"},\"headline\":\"La f\u00eate du court m\u00e9trage revient \u00e0 l\u2019UG\",\"datePublished\":\"2023-03-08T13:07:13+00:00\",\"dateModified\":\"2024-06-18T13:12:08+00:00\",\"mainEntityOfPage\":{\"@id\":\"https:\\\/\\\/www.univ-guyane.fr\\\/2023\\\/03\\\/08\\\/la-fete-du-court-metrage-revient-a-lug\\\/\"},\"wordCount\":553,\"publisher\":{\"@id\":\"https:\\\/\\\/www.univ-guyane.fr\\\/#organization\"},\"image\":{\"@id\":\"https:\\\/\\\/www.univ-guyane.fr\\\/2023\\\/03\\\/08\\\/la-fete-du-court-metrage-revient-a-lug\\\/#primaryimage\"},\"thumbnailUrl\":\"https:\\\/\\\/www.univ-guyane.fr\\\/wp-content\\\/uploads\\\/FDCM-2023-RTICLE.jpeg\",\"articleSection\":[\"\u2022 Culture\"],\"inLanguage\":\"nl-NL\"},{\"@type\":\"WebPage\",\"@id\":\"https:\\\/\\\/www.univ-guyane.fr\\\/2023\\\/03\\\/08\\\/la-fete-du-court-metrage-revient-a-lug\\\/\",\"url\":\"https:\\\/\\\/www.univ-guyane.fr\\\/2023\\\/03\\\/08\\\/la-fete-du-court-metrage-revient-a-lug\\\/\",\"name\":\"La f\u00eate du court m\u00e9trage revient \u00e0 l\u2019UG &#8212; Universit\u00e9 de Guyane\",\"isPartOf\":{\"@id\":\"https:\\\/\\\/www.univ-guyane.fr\\\/#website\"},\"primaryImageOfPage\":{\"@id\":\"https:\\\/\\\/www.univ-guyane.fr\\\/2023\\\/03\\\/08\\\/la-fete-du-court-metrage-revient-a-lug\\\/#primaryimage\"},\"image\":{\"@id\":\"https:\\\/\\\/www.univ-guyane.fr\\\/2023\\\/03\\\/08\\\/la-fete-du-court-metrage-revient-a-lug\\\/#primaryimage\"},\"thumbnailUrl\":\"https:\\\/\\\/www.univ-guyane.fr\\\/wp-content\\\/uploads\\\/FDCM-2023-RTICLE.jpeg\",\"datePublished\":\"2023-03-08T13:07:13+00:00\",\"dateModified\":\"2024-06-18T13:12:08+00:00\",\"description\":\"Vivez la f\u00eate du court m\u00e9trage \u00e0 l'UG. Profitez d'une semaine de courts-m\u00e9trages gratuits, d\u00e9bats et rencontres avec les r\u00e9alisateurs.\",\"breadcrumb\":{\"@id\":\"https:\\\/\\\/www.univ-guyane.fr\\\/2023\\\/03\\\/08\\\/la-fete-du-court-metrage-revient-a-lug\\\/#breadcrumb\"},\"inLanguage\":\"nl-NL\",\"potentialAction\":[{\"@type\":\"ReadAction\",\"target\":[\"https:\\\/\\\/www.univ-guyane.fr\\\/2023\\\/03\\\/08\\\/la-fete-du-court-metrage-revient-a-lug\\\/\"]}]},{\"@type\":\"ImageObject\",\"inLanguage\":\"nl-NL\",\"@id\":\"https:\\\/\\\/www.univ-guyane.fr\\\/2023\\\/03\\\/08\\\/la-fete-du-court-metrage-revient-a-lug\\\/#primaryimage\",\"url\":\"https:\\\/\\\/www.univ-guyane.fr\\\/wp-content\\\/uploads\\\/FDCM-2023-RTICLE.jpeg\",\"contentUrl\":\"https:\\\/\\\/www.univ-guyane.fr\\\/wp-content\\\/uploads\\\/FDCM-2023-RTICLE.jpeg\",\"width\":1800,\"height\":1013,\"caption\":\"La f\u00eate du court m\u00e9trage revient \u00e0 l\u2019UG\"},{\"@type\":\"BreadcrumbList\",\"@id\":\"https:\\\/\\\/www.univ-guyane.fr\\\/2023\\\/03\\\/08\\\/la-fete-du-court-metrage-revient-a-lug\\\/#breadcrumb\",\"itemListElement\":[{\"@type\":\"ListItem\",\"position\":1,\"name\":\"Accueil\",\"item\":\"https:\\\/\\\/www.univ-guyane.fr\\\/\"},{\"@type\":\"ListItem\",\"position\":2,\"name\":\"La f\u00eate du court m\u00e9trage revient \u00e0 l\u2019UG\"}]},{\"@type\":\"WebSite\",\"@id\":\"https:\\\/\\\/www.univ-guyane.fr\\\/#website\",\"url\":\"https:\\\/\\\/www.univ-guyane.fr\\\/\",\"name\":\"Universit\u00e9 de Guyane\",\"description\":\"Au c\u0153ur de l&#039;amazonie\",\"publisher\":{\"@id\":\"https:\\\/\\\/www.univ-guyane.fr\\\/#organization\"},\"alternateName\":\"UG\",\"potentialAction\":[{\"@type\":\"SearchAction\",\"target\":{\"@type\":\"EntryPoint\",\"urlTemplate\":\"https:\\\/\\\/www.univ-guyane.fr\\\/?s={search_term_string}\"},\"query-input\":{\"@type\":\"PropertyValueSpecification\",\"valueRequired\":true,\"valueName\":\"search_term_string\"}}],\"inLanguage\":\"nl-NL\"},{\"@type\":\"Organization\",\"@id\":\"https:\\\/\\\/www.univ-guyane.fr\\\/#organization\",\"name\":\"Universit\u00e9 de Guyane\",\"alternateName\":\"UG\",\"url\":\"https:\\\/\\\/www.univ-guyane.fr\\\/\",\"logo\":{\"@type\":\"ImageObject\",\"inLanguage\":\"nl-NL\",\"@id\":\"https:\\\/\\\/www.univ-guyane.fr\\\/#\\\/schema\\\/logo\\\/image\\\/\",\"url\":\"https:\\\/\\\/www.univ-guyane.fr\\\/wp-content\\\/uploads\\\/2024\\\/05\\\/f.png\",\"contentUrl\":\"https:\\\/\\\/www.univ-guyane.fr\\\/wp-content\\\/uploads\\\/2024\\\/05\\\/f.png\",\"width\":1024,\"height\":1024,\"caption\":\"Universit\u00e9 de Guyane\"},\"image\":{\"@id\":\"https:\\\/\\\/www.univ-guyane.fr\\\/#\\\/schema\\\/logo\\\/image\\\/\"},\"sameAs\":[\"https:\\\/\\\/www.facebook.com\\\/univguyane\",\"https:\\\/\\\/x.com\\\/univguyane\",\"https:\\\/\\\/gf.linkedin.com\\\/school\\\/universite-de-guyane\\\/\",\"https:\\\/\\\/www.instagram.com\\\/univ_guyane\\\/\"]},{\"@type\":\"Person\",\"@id\":\"https:\\\/\\\/www.univ-guyane.fr\\\/#\\\/schema\\\/person\\\/86d946a28a8be51bb096ccfdf19db179\",\"name\":\"Erick Loiti\u00e8re\",\"image\":{\"@type\":\"ImageObject\",\"inLanguage\":\"nl-NL\",\"@id\":\"https:\\\/\\\/secure.gravatar.com\\\/avatar\\\/0584f332103fbeaf37e52c73b15dca3c547fd9300deb05764e9ad8714839d072?s=96&d=robohash&r=g\",\"url\":\"https:\\\/\\\/secure.gravatar.com\\\/avatar\\\/0584f332103fbeaf37e52c73b15dca3c547fd9300deb05764e9ad8714839d072?s=96&d=robohash&r=g\",\"contentUrl\":\"https:\\\/\\\/secure.gravatar.com\\\/avatar\\\/0584f332103fbeaf37e52c73b15dca3c547fd9300deb05764e9ad8714839d072?s=96&d=robohash&r=g\",\"caption\":\"Erick Loiti\u00e8re\"},\"sameAs\":[\"http:\\\/\\\/www.univ-guyane.fr\"],\"url\":\"https:\\\/\\\/www.univ-guyane.fr\\\/nl\\\/author\\\/eloitierdbz\\\/\"}]}<\/script>\n<!-- \/ Yoast SEO plugin. -->","yoast_head_json":{"title":"La f\u00eate du court m\u00e9trage revient \u00e0 l\u2019UG &#8212; Universit\u00e9 de Guyane","description":"Vivez la f\u00eate du court m\u00e9trage \u00e0 l'UG. Profitez d'une semaine de courts-m\u00e9trages gratuits, d\u00e9bats et rencontres avec les r\u00e9alisateurs.","robots":{"index":"index","follow":"follow","max-snippet":"max-snippet:-1","max-image-preview":"max-image-preview:large","max-video-preview":"max-video-preview:-1"},"canonical":"https:\/\/www.univ-guyane.fr\/nl\/2023\/03\/08\/la-fete-du-court-metrage-revient-a-lug\/","og_locale":"nl_NL","og_type":"article","og_title":"La f\u00eate du court m\u00e9trage revient \u00e0 l\u2019UG &#8212; Universit\u00e9 de Guyane","og_description":"Vivez la f\u00eate du court m\u00e9trage \u00e0 l'UG. Profitez d'une semaine de courts-m\u00e9trages gratuits, d\u00e9bats et rencontres avec les r\u00e9alisateurs.","og_url":"https:\/\/www.univ-guyane.fr\/nl\/2023\/03\/08\/la-fete-du-court-metrage-revient-a-lug\/","og_site_name":"Universit\u00e9 de Guyane","article_publisher":"https:\/\/www.facebook.com\/univguyane","article_published_time":"2023-03-08T13:07:13+00:00","article_modified_time":"2024-06-18T13:12:08+00:00","og_image":[{"width":1800,"height":1013,"url":"https:\/\/www.univ-guyane.fr\/wp-content\/uploads\/FDCM-2023-RTICLE.jpeg","type":"image\/jpeg"}],"author":"Erick Loiti\u00e8re","twitter_card":"summary_large_image","twitter_creator":"@univguyane","twitter_site":"@univguyane","twitter_misc":{"Geschreven door":"Erick Loiti\u00e8re","Geschatte leestijd":"3 minuten"},"schema":{"@context":"https:\/\/schema.org","@graph":[{"@type":"Article","@id":"https:\/\/www.univ-guyane.fr\/2023\/03\/08\/la-fete-du-court-metrage-revient-a-lug\/#article","isPartOf":{"@id":"https:\/\/www.univ-guyane.fr\/2023\/03\/08\/la-fete-du-court-metrage-revient-a-lug\/"},"author":{"name":"Erick Loiti\u00e8re","@id":"https:\/\/www.univ-guyane.fr\/#\/schema\/person\/86d946a28a8be51bb096ccfdf19db179"},"headline":"La f\u00eate du court m\u00e9trage revient \u00e0 l\u2019UG","datePublished":"2023-03-08T13:07:13+00:00","dateModified":"2024-06-18T13:12:08+00:00","mainEntityOfPage":{"@id":"https:\/\/www.univ-guyane.fr\/2023\/03\/08\/la-fete-du-court-metrage-revient-a-lug\/"},"wordCount":553,"publisher":{"@id":"https:\/\/www.univ-guyane.fr\/#organization"},"image":{"@id":"https:\/\/www.univ-guyane.fr\/2023\/03\/08\/la-fete-du-court-metrage-revient-a-lug\/#primaryimage"},"thumbnailUrl":"https:\/\/www.univ-guyane.fr\/wp-content\/uploads\/FDCM-2023-RTICLE.jpeg","articleSection":["\u2022 Culture"],"inLanguage":"nl-NL"},{"@type":"WebPage","@id":"https:\/\/www.univ-guyane.fr\/2023\/03\/08\/la-fete-du-court-metrage-revient-a-lug\/","url":"https:\/\/www.univ-guyane.fr\/2023\/03\/08\/la-fete-du-court-metrage-revient-a-lug\/","name":"La f\u00eate du court m\u00e9trage revient \u00e0 l\u2019UG &#8212; Universit\u00e9 de Guyane","isPartOf":{"@id":"https:\/\/www.univ-guyane.fr\/#website"},"primaryImageOfPage":{"@id":"https:\/\/www.univ-guyane.fr\/2023\/03\/08\/la-fete-du-court-metrage-revient-a-lug\/#primaryimage"},"image":{"@id":"https:\/\/www.univ-guyane.fr\/2023\/03\/08\/la-fete-du-court-metrage-revient-a-lug\/#primaryimage"},"thumbnailUrl":"https:\/\/www.univ-guyane.fr\/wp-content\/uploads\/FDCM-2023-RTICLE.jpeg","datePublished":"2023-03-08T13:07:13+00:00","dateModified":"2024-06-18T13:12:08+00:00","description":"Vivez la f\u00eate du court m\u00e9trage \u00e0 l'UG. Profitez d'une semaine de courts-m\u00e9trages gratuits, d\u00e9bats et rencontres avec les r\u00e9alisateurs.","breadcrumb":{"@id":"https:\/\/www.univ-guyane.fr\/2023\/03\/08\/la-fete-du-court-metrage-revient-a-lug\/#breadcrumb"},"inLanguage":"nl-NL","potentialAction":[{"@type":"ReadAction","target":["https:\/\/www.univ-guyane.fr\/2023\/03\/08\/la-fete-du-court-metrage-revient-a-lug\/"]}]},{"@type":"ImageObject","inLanguage":"nl-NL","@id":"https:\/\/www.univ-guyane.fr\/2023\/03\/08\/la-fete-du-court-metrage-revient-a-lug\/#primaryimage","url":"https:\/\/www.univ-guyane.fr\/wp-content\/uploads\/FDCM-2023-RTICLE.jpeg","contentUrl":"https:\/\/www.univ-guyane.fr\/wp-content\/uploads\/FDCM-2023-RTICLE.jpeg","width":1800,"height":1013,"caption":"La f\u00eate du court m\u00e9trage revient \u00e0 l\u2019UG"},{"@type":"BreadcrumbList","@id":"https:\/\/www.univ-guyane.fr\/2023\/03\/08\/la-fete-du-court-metrage-revient-a-lug\/#breadcrumb","itemListElement":[{"@type":"ListItem","position":1,"name":"Accueil","item":"https:\/\/www.univ-guyane.fr\/"},{"@type":"ListItem","position":2,"name":"La f\u00eate du court m\u00e9trage revient \u00e0 l\u2019UG"}]},{"@type":"WebSite","@id":"https:\/\/www.univ-guyane.fr\/#website","url":"https:\/\/www.univ-guyane.fr\/","name":"Universiteit van Guyana","description":"In het hart van Amazonia","publisher":{"@id":"https:\/\/www.univ-guyane.fr\/#organization"},"alternateName":"UG","potentialAction":[{"@type":"SearchAction","target":{"@type":"EntryPoint","urlTemplate":"https:\/\/www.univ-guyane.fr\/?s={search_term_string}"},"query-input":{"@type":"PropertyValueSpecification","valueRequired":true,"valueName":"search_term_string"}}],"inLanguage":"nl-NL"},{"@type":"Organization","@id":"https:\/\/www.univ-guyane.fr\/#organization","name":"Universiteit van Guyana","alternateName":"UG","url":"https:\/\/www.univ-guyane.fr\/","logo":{"@type":"ImageObject","inLanguage":"nl-NL","@id":"https:\/\/www.univ-guyane.fr\/#\/schema\/logo\/image\/","url":"https:\/\/www.univ-guyane.fr\/wp-content\/uploads\/2024\/05\/f.png","contentUrl":"https:\/\/www.univ-guyane.fr\/wp-content\/uploads\/2024\/05\/f.png","width":1024,"height":1024,"caption":"Universit\u00e9 de Guyane"},"image":{"@id":"https:\/\/www.univ-guyane.fr\/#\/schema\/logo\/image\/"},"sameAs":["https:\/\/www.facebook.com\/univguyane","https:\/\/x.com\/univguyane","https:\/\/gf.linkedin.com\/school\/universite-de-guyane\/","https:\/\/www.instagram.com\/univ_guyane\/"]},{"@type":"Person","@id":"https:\/\/www.univ-guyane.fr\/#\/schema\/person\/86d946a28a8be51bb096ccfdf19db179","name":"Erick Loiti\u00e8re","image":{"@type":"ImageObject","inLanguage":"nl-NL","@id":"https:\/\/secure.gravatar.com\/avatar\/0584f332103fbeaf37e52c73b15dca3c547fd9300deb05764e9ad8714839d072?s=96&d=robohash&r=g","url":"https:\/\/secure.gravatar.com\/avatar\/0584f332103fbeaf37e52c73b15dca3c547fd9300deb05764e9ad8714839d072?s=96&d=robohash&r=g","contentUrl":"https:\/\/secure.gravatar.com\/avatar\/0584f332103fbeaf37e52c73b15dca3c547fd9300deb05764e9ad8714839d072?s=96&d=robohash&r=g","caption":"Erick Loiti\u00e8re"},"sameAs":["http:\/\/www.univ-guyane.fr"],"url":"https:\/\/www.univ-guyane.fr\/nl\/author\/eloitierdbz\/"}]}},"_links":{"self":[{"href":"https:\/\/www.univ-guyane.fr\/nl\/wp-json\/wp\/v2\/posts\/8589","targetHints":{"allow":["GET"]}}],"collection":[{"href":"https:\/\/www.univ-guyane.fr\/nl\/wp-json\/wp\/v2\/posts"}],"about":[{"href":"https:\/\/www.univ-guyane.fr\/nl\/wp-json\/wp\/v2\/types\/post"}],"author":[{"embeddable":true,"href":"https:\/\/www.univ-guyane.fr\/nl\/wp-json\/wp\/v2\/users\/1"}],"replies":[{"embeddable":true,"href":"https:\/\/www.univ-guyane.fr\/nl\/wp-json\/wp\/v2\/comments?post=8589"}],"version-history":[{"count":1,"href":"https:\/\/www.univ-guyane.fr\/nl\/wp-json\/wp\/v2\/posts\/8589\/revisions"}],"predecessor-version":[{"id":8591,"href":"https:\/\/www.univ-guyane.fr\/nl\/wp-json\/wp\/v2\/posts\/8589\/revisions\/8591"}],"wp:featuredmedia":[{"embeddable":true,"href":"https:\/\/www.univ-guyane.fr\/nl\/wp-json\/wp\/v2\/media\/8590"}],"wp:attachment":[{"href":"https:\/\/www.univ-guyane.fr\/nl\/wp-json\/wp\/v2\/media?parent=8589"}],"wp:term":[{"taxonomy":"category","embeddable":true,"href":"https:\/\/www.univ-guyane.fr\/nl\/wp-json\/wp\/v2\/categories?post=8589"},{"taxonomy":"post_tag","embeddable":true,"href":"https:\/\/www.univ-guyane.fr\/nl\/wp-json\/wp\/v2\/tags?post=8589"}],"curies":[{"name":"wp","href":"https:\/\/api.w.org\/{rel}","templated":true}]}}