{"id":8592,"date":"2023-03-08T10:12:26","date_gmt":"2023-03-08T13:12:26","guid":{"rendered":"https:\/\/www.univ-guyane.fr\/?p=8592"},"modified":"2024-06-18T10:18:13","modified_gmt":"2024-06-18T13:18:13","slug":"carrefour-des-entreprises-2023","status":"publish","type":"post","link":"https:\/\/www.univ-guyane.fr\/nl\/2023\/03\/08\/carrefour-des-entreprises-2023\/","title":{"rendered":"Kruispunt van bedrijven 2023"},"content":{"rendered":"<div id=\"fws_69f3b917d8b42\"  data-column-margin=\"default\" data-midnight=\"dark\"  class=\"wpb_row vc_row-fluid vc_row\"  style=\"padding-top: 0px; padding-bottom: 0px; \"><div class=\"row-bg-wrap\" data-bg-animation=\"none\" data-bg-animation-delay=\"\" data-bg-overlay=\"false\"><div class=\"inner-wrap row-bg-layer\" ><div class=\"row-bg viewport-desktop\"  style=\"\"><\/div><\/div><\/div><div class=\"row_col_wrap_12 col span_12 dark left\">\n\t<div  class=\"vc_col-sm-12 wpb_column column_container vc_column_container col no-extra-padding inherit_tablet inherit_phone\"  data-padding-pos=\"all\" data-has-bg-color=\"false\" data-bg-color=\"\" data-bg-opacity=\"1\" data-animation=\"\" data-delay=\"0\" >\n\t\t<div class=\"vc_column-inner\" >\n\t\t\t<div class=\"wpb_wrapper\">\n\t\t\t\t\n<div class=\"wpb_text_column wpb_content_element  chapo\" >\n\t<h2>De Carrefour des entreprises die elk jaar in het IUT van Kourou wordt georganiseerd, is een gelegenheid voor studenten om professionals in hun vakgebied te ontmoeten en een netwerk op te bouwen.<\/h2>\n<\/div>\n\n\n\n\n<div class=\"wpb_text_column wpb_content_element\" >\n\t<p><span class=\"nectar-dropcap\" >D <\/span>of \u00e9\u00e9n dag, op donderdag 2 maart 2023, ontmoetten de 161 eerste- en tweedejaarsstudenten van alle opleidingen aan de Kourou IUT direct en vrij een tiental bedrijven.<\/p>\n<p>Dit jaar kwamen bijna twintig bedrijven samen om studenten van de IUT in Kourou te ontmoeten (Akati'J, Albioma, Antea Group, AQLM, Centre Hospitalier de Kourou, CLUSIR, CNES, C\u00f4t\u00e9 Cube, Dymo-Bat, EDF, E2C, EPNAK, ESA, Geiq BTP, Geiq multisectoriel, Guyane la 1, enz.)<sup>tijdperk<\/sup>IDEX BEM, IDOM Technologies, la Maison d'Accueil Sp\u00e9cialis\u00e9 (MAS) de Kourou, Marlink, Nofrayane, Orange, PROGEA, Ribal TP, Telespazio, Systeko en Voltalia).<\/p>\n<p>De dag werd georganiseerd door de afdeling Voortgezette Opleiding en Werkgebonden Training (FCA) van het IUT en het Universitair Opleidingscentrum voor Leerlingen (CFA-U) en had als doel studenten de kans te geven de beroepswereld te ontmoeten. Van 9.00 tot 14.30 uur werden de 260 studenten uitgenodigd om verschillende spelers uit de sociaaleconomische wereld te ontmoeten door middel van conferenties en ronde tafels.<\/p>\n<p>De conferenties werden georganiseerd door de bedrijven zelf. De thema's van de presentaties hielden verband met hun activiteiten en de verschillende beroepen die in hun vestiging aanwezig waren. Via deze presentaties konden de studenten meer te weten komen over de verschillende activiteitensectoren en over een aantal van de bedrijven die in de regio aanwezig zijn, en met hen praten over de opdrachten die ze hadden uitgevoerd, toekomstige projecten en vacatures (stages, sandwichcursussen of aanwerving).<\/p>\n<p>Rondetafelgesprekken brachten bedrijven en studenten samen om onderwerpen te bespreken die relevant waren voor hun vakgebieden.<\/p>\n<p>In Networks and Telecommunications kwamen oud-studenten praten over hun toekomstige studies en professionele ontwikkeling.<\/p>\n<p>Gezien het succes zal dit evenement worden herhaald. Zowel bedrijven als studenten nemen graag deel aan dit soort evenementen, die hen de kans geven om ter plekke prospects te doen.<\/p>\n<\/div>\n\n\n\n\n\t\t\t<\/div> \n\t\t<\/div>\n\t<\/div> \n<\/div><\/div>","protected":false},"excerpt":{"rendered":"De Carrefour des entreprises, die elk jaar wordt georganiseerd op het IUT in Kourou, is een gelegenheid voor...","protected":false},"author":1,"featured_media":8593,"comment_status":"closed","ping_status":"open","sticky":false,"template":"","format":"standard","meta":{"iawp_total_views":24,"footnotes":""},"categories":[240,17],"tags":[],"class_list":{"0":"post-8592","1":"post","2":"type-post","3":"status-publish","4":"format-standard","5":"has-post-thumbnail","7":"category-cfa-u","8":"category-iut"},"yoast_head":"<!-- This site is optimized with the Yoast SEO plugin v27.5 - https:\/\/yoast.com\/product\/yoast-seo-wordpress\/ -->\n<title>Carrefour des entreprises 2023 &#8212; Universit\u00e9 de Guyane<\/title>\n<meta name=\"description\" content=\"Rencontrez les plus grandes entreprises au Carrefour des entreprises de l&#039;IUT de Kourou. Une journ\u00e9e unique d&#039;\u00e9changes et de d\u00e9couvertes.\" \/>\n<meta name=\"robots\" content=\"index, follow, max-snippet:-1, max-image-preview:large, max-video-preview:-1\" \/>\n<link rel=\"canonical\" href=\"https:\/\/www.univ-guyane.fr\/nl\/2023\/03\/08\/carrefour-des-entreprises-2023\/\" \/>\n<meta property=\"og:locale\" content=\"nl_NL\" \/>\n<meta property=\"og:type\" content=\"article\" \/>\n<meta property=\"og:title\" content=\"Carrefour des entreprises 2023 &#8212; Universit\u00e9 de Guyane\" \/>\n<meta property=\"og:description\" content=\"Rencontrez les plus grandes entreprises au Carrefour des entreprises de l&#039;IUT de Kourou. Une journ\u00e9e unique d&#039;\u00e9changes et de d\u00e9couvertes.\" \/>\n<meta property=\"og:url\" content=\"https:\/\/www.univ-guyane.fr\/nl\/2023\/03\/08\/carrefour-des-entreprises-2023\/\" \/>\n<meta property=\"og:site_name\" content=\"Universit\u00e9 de Guyane\" \/>\n<meta property=\"article:publisher\" content=\"https:\/\/www.facebook.com\/univguyane\" \/>\n<meta property=\"article:published_time\" content=\"2023-03-08T13:12:26+00:00\" \/>\n<meta property=\"article:modified_time\" content=\"2024-06-18T13:18:13+00:00\" \/>\n<meta property=\"og:image\" content=\"https:\/\/www.univ-guyane.fr\/wp-content\/uploads\/carrefour-des-entreprises-2023-iut-de-kourou-universite-de-guyane-1.jpeg\" \/>\n\t<meta property=\"og:image:width\" content=\"1800\" \/>\n\t<meta property=\"og:image:height\" content=\"1013\" \/>\n\t<meta property=\"og:image:type\" content=\"image\/jpeg\" \/>\n<meta name=\"author\" content=\"Erick Loiti\u00e8re\" \/>\n<meta name=\"twitter:card\" content=\"summary_large_image\" \/>\n<meta name=\"twitter:creator\" content=\"@univguyane\" \/>\n<meta name=\"twitter:site\" content=\"@univguyane\" \/>\n<meta name=\"twitter:label1\" content=\"Geschreven door\" \/>\n\t<meta name=\"twitter:data1\" content=\"Erick Loiti\u00e8re\" \/>\n\t<meta name=\"twitter:label2\" content=\"Geschatte leestijd\" \/>\n\t<meta name=\"twitter:data2\" content=\"3 minuten\" \/>\n<script type=\"application\/ld+json\" class=\"yoast-schema-graph\">{\"@context\":\"https:\\\/\\\/schema.org\",\"@graph\":[{\"@type\":\"Article\",\"@id\":\"https:\\\/\\\/www.univ-guyane.fr\\\/2023\\\/03\\\/08\\\/carrefour-des-entreprises-2023\\\/#article\",\"isPartOf\":{\"@id\":\"https:\\\/\\\/www.univ-guyane.fr\\\/2023\\\/03\\\/08\\\/carrefour-des-entreprises-2023\\\/\"},\"author\":{\"name\":\"Erick Loiti\u00e8re\",\"@id\":\"https:\\\/\\\/www.univ-guyane.fr\\\/#\\\/schema\\\/person\\\/86d946a28a8be51bb096ccfdf19db179\"},\"headline\":\"Carrefour des entreprises 2023\",\"datePublished\":\"2023-03-08T13:12:26+00:00\",\"dateModified\":\"2024-06-18T13:18:13+00:00\",\"mainEntityOfPage\":{\"@id\":\"https:\\\/\\\/www.univ-guyane.fr\\\/2023\\\/03\\\/08\\\/carrefour-des-entreprises-2023\\\/\"},\"wordCount\":568,\"publisher\":{\"@id\":\"https:\\\/\\\/www.univ-guyane.fr\\\/#organization\"},\"image\":{\"@id\":\"https:\\\/\\\/www.univ-guyane.fr\\\/2023\\\/03\\\/08\\\/carrefour-des-entreprises-2023\\\/#primaryimage\"},\"thumbnailUrl\":\"https:\\\/\\\/www.univ-guyane.fr\\\/wp-content\\\/uploads\\\/carrefour-des-entreprises-2023-iut-de-kourou-universite-de-guyane-1.jpeg\",\"articleSection\":[\"\u2022 CFA-U\",\"\u2022 IUT\"],\"inLanguage\":\"nl-NL\"},{\"@type\":\"WebPage\",\"@id\":\"https:\\\/\\\/www.univ-guyane.fr\\\/2023\\\/03\\\/08\\\/carrefour-des-entreprises-2023\\\/\",\"url\":\"https:\\\/\\\/www.univ-guyane.fr\\\/2023\\\/03\\\/08\\\/carrefour-des-entreprises-2023\\\/\",\"name\":\"Carrefour des entreprises 2023 &#8212; Universit\u00e9 de Guyane\",\"isPartOf\":{\"@id\":\"https:\\\/\\\/www.univ-guyane.fr\\\/#website\"},\"primaryImageOfPage\":{\"@id\":\"https:\\\/\\\/www.univ-guyane.fr\\\/2023\\\/03\\\/08\\\/carrefour-des-entreprises-2023\\\/#primaryimage\"},\"image\":{\"@id\":\"https:\\\/\\\/www.univ-guyane.fr\\\/2023\\\/03\\\/08\\\/carrefour-des-entreprises-2023\\\/#primaryimage\"},\"thumbnailUrl\":\"https:\\\/\\\/www.univ-guyane.fr\\\/wp-content\\\/uploads\\\/carrefour-des-entreprises-2023-iut-de-kourou-universite-de-guyane-1.jpeg\",\"datePublished\":\"2023-03-08T13:12:26+00:00\",\"dateModified\":\"2024-06-18T13:18:13+00:00\",\"description\":\"Rencontrez les plus grandes entreprises au Carrefour des entreprises de l'IUT de Kourou. Une journ\u00e9e unique d'\u00e9changes et de d\u00e9couvertes.\",\"breadcrumb\":{\"@id\":\"https:\\\/\\\/www.univ-guyane.fr\\\/2023\\\/03\\\/08\\\/carrefour-des-entreprises-2023\\\/#breadcrumb\"},\"inLanguage\":\"nl-NL\",\"potentialAction\":[{\"@type\":\"ReadAction\",\"target\":[\"https:\\\/\\\/www.univ-guyane.fr\\\/2023\\\/03\\\/08\\\/carrefour-des-entreprises-2023\\\/\"]}]},{\"@type\":\"ImageObject\",\"inLanguage\":\"nl-NL\",\"@id\":\"https:\\\/\\\/www.univ-guyane.fr\\\/2023\\\/03\\\/08\\\/carrefour-des-entreprises-2023\\\/#primaryimage\",\"url\":\"https:\\\/\\\/www.univ-guyane.fr\\\/wp-content\\\/uploads\\\/carrefour-des-entreprises-2023-iut-de-kourou-universite-de-guyane-1.jpeg\",\"contentUrl\":\"https:\\\/\\\/www.univ-guyane.fr\\\/wp-content\\\/uploads\\\/carrefour-des-entreprises-2023-iut-de-kourou-universite-de-guyane-1.jpeg\",\"width\":1800,\"height\":1013,\"caption\":\"Carrefour des entreprises 2023\"},{\"@type\":\"BreadcrumbList\",\"@id\":\"https:\\\/\\\/www.univ-guyane.fr\\\/2023\\\/03\\\/08\\\/carrefour-des-entreprises-2023\\\/#breadcrumb\",\"itemListElement\":[{\"@type\":\"ListItem\",\"position\":1,\"name\":\"Accueil\",\"item\":\"https:\\\/\\\/www.univ-guyane.fr\\\/\"},{\"@type\":\"ListItem\",\"position\":2,\"name\":\"Carrefour des entreprises 2023\"}]},{\"@type\":\"WebSite\",\"@id\":\"https:\\\/\\\/www.univ-guyane.fr\\\/#website\",\"url\":\"https:\\\/\\\/www.univ-guyane.fr\\\/\",\"name\":\"Universit\u00e9 de Guyane\",\"description\":\"Au c\u0153ur de l&#039;amazonie\",\"publisher\":{\"@id\":\"https:\\\/\\\/www.univ-guyane.fr\\\/#organization\"},\"alternateName\":\"UG\",\"potentialAction\":[{\"@type\":\"SearchAction\",\"target\":{\"@type\":\"EntryPoint\",\"urlTemplate\":\"https:\\\/\\\/www.univ-guyane.fr\\\/?s={search_term_string}\"},\"query-input\":{\"@type\":\"PropertyValueSpecification\",\"valueRequired\":true,\"valueName\":\"search_term_string\"}}],\"inLanguage\":\"nl-NL\"},{\"@type\":\"Organization\",\"@id\":\"https:\\\/\\\/www.univ-guyane.fr\\\/#organization\",\"name\":\"Universit\u00e9 de Guyane\",\"alternateName\":\"UG\",\"url\":\"https:\\\/\\\/www.univ-guyane.fr\\\/\",\"logo\":{\"@type\":\"ImageObject\",\"inLanguage\":\"nl-NL\",\"@id\":\"https:\\\/\\\/www.univ-guyane.fr\\\/#\\\/schema\\\/logo\\\/image\\\/\",\"url\":\"https:\\\/\\\/www.univ-guyane.fr\\\/wp-content\\\/uploads\\\/2024\\\/05\\\/f.png\",\"contentUrl\":\"https:\\\/\\\/www.univ-guyane.fr\\\/wp-content\\\/uploads\\\/2024\\\/05\\\/f.png\",\"width\":1024,\"height\":1024,\"caption\":\"Universit\u00e9 de Guyane\"},\"image\":{\"@id\":\"https:\\\/\\\/www.univ-guyane.fr\\\/#\\\/schema\\\/logo\\\/image\\\/\"},\"sameAs\":[\"https:\\\/\\\/www.facebook.com\\\/univguyane\",\"https:\\\/\\\/x.com\\\/univguyane\",\"https:\\\/\\\/gf.linkedin.com\\\/school\\\/universite-de-guyane\\\/\",\"https:\\\/\\\/www.instagram.com\\\/univ_guyane\\\/\"]},{\"@type\":\"Person\",\"@id\":\"https:\\\/\\\/www.univ-guyane.fr\\\/#\\\/schema\\\/person\\\/86d946a28a8be51bb096ccfdf19db179\",\"name\":\"Erick Loiti\u00e8re\",\"image\":{\"@type\":\"ImageObject\",\"inLanguage\":\"nl-NL\",\"@id\":\"https:\\\/\\\/secure.gravatar.com\\\/avatar\\\/0584f332103fbeaf37e52c73b15dca3c547fd9300deb05764e9ad8714839d072?s=96&d=robohash&r=g\",\"url\":\"https:\\\/\\\/secure.gravatar.com\\\/avatar\\\/0584f332103fbeaf37e52c73b15dca3c547fd9300deb05764e9ad8714839d072?s=96&d=robohash&r=g\",\"contentUrl\":\"https:\\\/\\\/secure.gravatar.com\\\/avatar\\\/0584f332103fbeaf37e52c73b15dca3c547fd9300deb05764e9ad8714839d072?s=96&d=robohash&r=g\",\"caption\":\"Erick Loiti\u00e8re\"},\"sameAs\":[\"http:\\\/\\\/www.univ-guyane.fr\"],\"url\":\"https:\\\/\\\/www.univ-guyane.fr\\\/nl\\\/author\\\/eloitierdbz\\\/\"}]}<\/script>\n<!-- \/ Yoast SEO plugin. -->","yoast_head_json":{"title":"Carrefour des entreprises 2023 - Universiteit van Guyana","description":"Ontmoet toonaangevende bedrijven op de Carrefour des entreprises op de Kourou IUT. Een unieke dag van uitwisselingen en ontdekkingen.","robots":{"index":"index","follow":"follow","max-snippet":"max-snippet:-1","max-image-preview":"max-image-preview:large","max-video-preview":"max-video-preview:-1"},"canonical":"https:\/\/www.univ-guyane.fr\/nl\/2023\/03\/08\/carrefour-des-entreprises-2023\/","og_locale":"nl_NL","og_type":"article","og_title":"Carrefour des entreprises 2023 &#8212; Universit\u00e9 de Guyane","og_description":"Rencontrez les plus grandes entreprises au Carrefour des entreprises de l'IUT de Kourou. Une journ\u00e9e unique d'\u00e9changes et de d\u00e9couvertes.","og_url":"https:\/\/www.univ-guyane.fr\/nl\/2023\/03\/08\/carrefour-des-entreprises-2023\/","og_site_name":"Universit\u00e9 de Guyane","article_publisher":"https:\/\/www.facebook.com\/univguyane","article_published_time":"2023-03-08T13:12:26+00:00","article_modified_time":"2024-06-18T13:18:13+00:00","og_image":[{"width":1800,"height":1013,"url":"https:\/\/www.univ-guyane.fr\/wp-content\/uploads\/carrefour-des-entreprises-2023-iut-de-kourou-universite-de-guyane-1.jpeg","type":"image\/jpeg"}],"author":"Erick Loiti\u00e8re","twitter_card":"summary_large_image","twitter_creator":"@univguyane","twitter_site":"@univguyane","twitter_misc":{"Geschreven door":"Erick Loiti\u00e8re","Geschatte leestijd":"3 minuten"},"schema":{"@context":"https:\/\/schema.org","@graph":[{"@type":"Article","@id":"https:\/\/www.univ-guyane.fr\/2023\/03\/08\/carrefour-des-entreprises-2023\/#article","isPartOf":{"@id":"https:\/\/www.univ-guyane.fr\/2023\/03\/08\/carrefour-des-entreprises-2023\/"},"author":{"name":"Erick Loiti\u00e8re","@id":"https:\/\/www.univ-guyane.fr\/#\/schema\/person\/86d946a28a8be51bb096ccfdf19db179"},"headline":"Carrefour des entreprises 2023","datePublished":"2023-03-08T13:12:26+00:00","dateModified":"2024-06-18T13:18:13+00:00","mainEntityOfPage":{"@id":"https:\/\/www.univ-guyane.fr\/2023\/03\/08\/carrefour-des-entreprises-2023\/"},"wordCount":568,"publisher":{"@id":"https:\/\/www.univ-guyane.fr\/#organization"},"image":{"@id":"https:\/\/www.univ-guyane.fr\/2023\/03\/08\/carrefour-des-entreprises-2023\/#primaryimage"},"thumbnailUrl":"https:\/\/www.univ-guyane.fr\/wp-content\/uploads\/carrefour-des-entreprises-2023-iut-de-kourou-universite-de-guyane-1.jpeg","articleSection":["\u2022 CFA-U","\u2022 IUT"],"inLanguage":"nl-NL"},{"@type":"WebPage","@id":"https:\/\/www.univ-guyane.fr\/2023\/03\/08\/carrefour-des-entreprises-2023\/","url":"https:\/\/www.univ-guyane.fr\/2023\/03\/08\/carrefour-des-entreprises-2023\/","name":"Carrefour des entreprises 2023 - Universiteit van Guyana","isPartOf":{"@id":"https:\/\/www.univ-guyane.fr\/#website"},"primaryImageOfPage":{"@id":"https:\/\/www.univ-guyane.fr\/2023\/03\/08\/carrefour-des-entreprises-2023\/#primaryimage"},"image":{"@id":"https:\/\/www.univ-guyane.fr\/2023\/03\/08\/carrefour-des-entreprises-2023\/#primaryimage"},"thumbnailUrl":"https:\/\/www.univ-guyane.fr\/wp-content\/uploads\/carrefour-des-entreprises-2023-iut-de-kourou-universite-de-guyane-1.jpeg","datePublished":"2023-03-08T13:12:26+00:00","dateModified":"2024-06-18T13:18:13+00:00","description":"Ontmoet toonaangevende bedrijven op de Carrefour des entreprises op de Kourou IUT. Een unieke dag van uitwisselingen en ontdekkingen.","breadcrumb":{"@id":"https:\/\/www.univ-guyane.fr\/2023\/03\/08\/carrefour-des-entreprises-2023\/#breadcrumb"},"inLanguage":"nl-NL","potentialAction":[{"@type":"ReadAction","target":["https:\/\/www.univ-guyane.fr\/2023\/03\/08\/carrefour-des-entreprises-2023\/"]}]},{"@type":"ImageObject","inLanguage":"nl-NL","@id":"https:\/\/www.univ-guyane.fr\/2023\/03\/08\/carrefour-des-entreprises-2023\/#primaryimage","url":"https:\/\/www.univ-guyane.fr\/wp-content\/uploads\/carrefour-des-entreprises-2023-iut-de-kourou-universite-de-guyane-1.jpeg","contentUrl":"https:\/\/www.univ-guyane.fr\/wp-content\/uploads\/carrefour-des-entreprises-2023-iut-de-kourou-universite-de-guyane-1.jpeg","width":1800,"height":1013,"caption":"Carrefour des entreprises 2023"},{"@type":"BreadcrumbList","@id":"https:\/\/www.univ-guyane.fr\/2023\/03\/08\/carrefour-des-entreprises-2023\/#breadcrumb","itemListElement":[{"@type":"ListItem","position":1,"name":"Accueil","item":"https:\/\/www.univ-guyane.fr\/"},{"@type":"ListItem","position":2,"name":"Carrefour des entreprises 2023"}]},{"@type":"WebSite","@id":"https:\/\/www.univ-guyane.fr\/#website","url":"https:\/\/www.univ-guyane.fr\/","name":"Universiteit van Guyana","description":"In het hart van Amazonia","publisher":{"@id":"https:\/\/www.univ-guyane.fr\/#organization"},"alternateName":"UG","potentialAction":[{"@type":"SearchAction","target":{"@type":"EntryPoint","urlTemplate":"https:\/\/www.univ-guyane.fr\/?s={search_term_string}"},"query-input":{"@type":"PropertyValueSpecification","valueRequired":true,"valueName":"search_term_string"}}],"inLanguage":"nl-NL"},{"@type":"Organization","@id":"https:\/\/www.univ-guyane.fr\/#organization","name":"Universiteit van Guyana","alternateName":"UG","url":"https:\/\/www.univ-guyane.fr\/","logo":{"@type":"ImageObject","inLanguage":"nl-NL","@id":"https:\/\/www.univ-guyane.fr\/#\/schema\/logo\/image\/","url":"https:\/\/www.univ-guyane.fr\/wp-content\/uploads\/2024\/05\/f.png","contentUrl":"https:\/\/www.univ-guyane.fr\/wp-content\/uploads\/2024\/05\/f.png","width":1024,"height":1024,"caption":"Universit\u00e9 de Guyane"},"image":{"@id":"https:\/\/www.univ-guyane.fr\/#\/schema\/logo\/image\/"},"sameAs":["https:\/\/www.facebook.com\/univguyane","https:\/\/x.com\/univguyane","https:\/\/gf.linkedin.com\/school\/universite-de-guyane\/","https:\/\/www.instagram.com\/univ_guyane\/"]},{"@type":"Person","@id":"https:\/\/www.univ-guyane.fr\/#\/schema\/person\/86d946a28a8be51bb096ccfdf19db179","name":"Erick Loiti\u00e8re","image":{"@type":"ImageObject","inLanguage":"nl-NL","@id":"https:\/\/secure.gravatar.com\/avatar\/0584f332103fbeaf37e52c73b15dca3c547fd9300deb05764e9ad8714839d072?s=96&d=robohash&r=g","url":"https:\/\/secure.gravatar.com\/avatar\/0584f332103fbeaf37e52c73b15dca3c547fd9300deb05764e9ad8714839d072?s=96&d=robohash&r=g","contentUrl":"https:\/\/secure.gravatar.com\/avatar\/0584f332103fbeaf37e52c73b15dca3c547fd9300deb05764e9ad8714839d072?s=96&d=robohash&r=g","caption":"Erick Loiti\u00e8re"},"sameAs":["http:\/\/www.univ-guyane.fr"],"url":"https:\/\/www.univ-guyane.fr\/nl\/author\/eloitierdbz\/"}]}},"_links":{"self":[{"href":"https:\/\/www.univ-guyane.fr\/nl\/wp-json\/wp\/v2\/posts\/8592","targetHints":{"allow":["GET"]}}],"collection":[{"href":"https:\/\/www.univ-guyane.fr\/nl\/wp-json\/wp\/v2\/posts"}],"about":[{"href":"https:\/\/www.univ-guyane.fr\/nl\/wp-json\/wp\/v2\/types\/post"}],"author":[{"embeddable":true,"href":"https:\/\/www.univ-guyane.fr\/nl\/wp-json\/wp\/v2\/users\/1"}],"replies":[{"embeddable":true,"href":"https:\/\/www.univ-guyane.fr\/nl\/wp-json\/wp\/v2\/comments?post=8592"}],"version-history":[{"count":1,"href":"https:\/\/www.univ-guyane.fr\/nl\/wp-json\/wp\/v2\/posts\/8592\/revisions"}],"predecessor-version":[{"id":8594,"href":"https:\/\/www.univ-guyane.fr\/nl\/wp-json\/wp\/v2\/posts\/8592\/revisions\/8594"}],"wp:featuredmedia":[{"embeddable":true,"href":"https:\/\/www.univ-guyane.fr\/nl\/wp-json\/wp\/v2\/media\/8593"}],"wp:attachment":[{"href":"https:\/\/www.univ-guyane.fr\/nl\/wp-json\/wp\/v2\/media?parent=8592"}],"wp:term":[{"taxonomy":"category","embeddable":true,"href":"https:\/\/www.univ-guyane.fr\/nl\/wp-json\/wp\/v2\/categories?post=8592"},{"taxonomy":"post_tag","embeddable":true,"href":"https:\/\/www.univ-guyane.fr\/nl\/wp-json\/wp\/v2\/tags?post=8592"}],"curies":[{"name":"wp","href":"https:\/\/api.w.org\/{rel}","templated":true}]}}