{"id":8623,"date":"2023-01-03T11:02:59","date_gmt":"2023-01-03T14:02:59","guid":{"rendered":"https:\/\/www.univ-guyane.fr\/?p=8623"},"modified":"2024-06-18T11:07:44","modified_gmt":"2024-06-18T14:07:44","slug":"10e-edition-du-forum-etudiant-des-metiers-et-carrieres","status":"publish","type":"post","link":"https:\/\/www.univ-guyane.fr\/nl\/2023\/01\/03\/10e-edition-du-forum-etudiant-des-metiers-et-carrieres\/","title":{"rendered":"10e editie van het studentenbanen- en loopbaandagforum"},"content":{"rendered":"<div id=\"fws_69f3c5f1e0ba4\"  data-column-margin=\"default\" data-midnight=\"dark\"  class=\"wpb_row vc_row-fluid vc_row\"  style=\"padding-top: 0px; padding-bottom: 0px; \"><div class=\"row-bg-wrap\" data-bg-animation=\"none\" data-bg-animation-delay=\"\" data-bg-overlay=\"false\"><div class=\"inner-wrap row-bg-layer\" ><div class=\"row-bg viewport-desktop\"  style=\"\"><\/div><\/div><\/div><div class=\"row_col_wrap_12 col span_12 dark left\">\n\t<div  class=\"vc_col-sm-12 wpb_column column_container vc_column_container col no-extra-padding inherit_tablet inherit_phone\"  data-padding-pos=\"all\" data-has-bg-color=\"false\" data-bg-color=\"\" data-bg-opacity=\"1\" data-animation=\"\" data-delay=\"0\" >\n\t\t<div class=\"vc_column-inner\" >\n\t\t\t<div class=\"wpb_wrapper\">\n\t\t\t\t\n<div class=\"wpb_text_column wpb_content_element  chapo\" >\n\t<p><b>De Universiteit van Guyana organiseerde in samenwerking met het Collectivit\u00e9 Territoriale de Guyane op 17 november 2022 het 10e Studentenforum over beroepen en loopbanen. Het evenement werd gehouden op de Troubiran campus.<\/b><\/p>\n<\/div>\n\n\n\n\n<div class=\"wpb_text_column wpb_content_element\" >\n\t<p class=\"p1\"><span class=\"nectar-dropcap\" >L <\/span>e DOSIP is via haar diensten, in het bijzonder het BAIP (Bureau d'aide \u00e0 l'insertion), verantwoordelijk voor het verwelkomen, informeren en begeleiden van de verschillende leden van de universitaire gemeenschap. Het draagt bij aan de professionele integratie van de studenten van de universiteit, de inclusie van studenten met speciale behoeften en voert enqu\u00eates en evenementen uit met betrekking tot professionele integratie en het studentenleven.<\/p>\n<p class=\"p1\">In het kader van deze missies organiseerde de DOSIP de 10e editie van het \"studentenforum over beroepen en loopbanen\" met de steun van de Collectivit\u00e9 Territoriale de Guyane. Het thema van dit evenement was \"Beroepen en loopbanen in het hart van ontwikkeling\", waaruit de wens bleek om het scala aan mogelijkheden te belichten dat in Guyana ontstaat op het gebied van beroepsopleidingen en loopbanen voor onze toekomstige afgestudeerden.<\/p>\n<p class=\"p1\">Deze carri\u00e8redagen worden elk jaar georganiseerd om studenten de kans te geven te discussi\u00ebren en meer te weten te komen over de opleidingen in Guyana en de verschillende beroepen en carri\u00e8res van de toekomst. Om hen te helpen, gaven bijna dertig professionals uit alle sectoren gehoor aan de uitnodiging van de Universiteit van Guyana.<\/p>\n<p class=\"p1\">De evenementen van de dag waren georganiseerd rond zakelijke workshops:<\/p>\n<ul class=\"ul1\">\n<li class=\"li1\">Onderwijs en opvoeding,<span class=\"Apple-converted-space\">\u00a0<\/span><\/li>\n<li class=\"li1\">Loopbanen in energie, milieu en biodiversiteit,<\/li>\n<li class=\"li1\">Carri\u00e8res in ruimtevaart, telecommunicatie, netwerken en IT-techniek,<\/li>\n<li class=\"li1\">Toerisme en cultuur,<span class=\"Apple-converted-space\">\u00a0<\/span><\/li>\n<li class=\"li1\">Beroepen in de financi\u00eble en verzekeringssector,<span class=\"Apple-converted-space\">\u00a0<\/span><\/li>\n<li class=\"li1\">Beroepen in de rechten en human resources,<\/li>\n<li class=\"li1\">Taal en internationale beroepen,<\/li>\n<li class=\"li1\">Gezondheid en sociale beroepen.<span class=\"Apple-converted-space\">\u00a0<\/span><\/li>\n<\/ul>\n<p class=\"p1\">Via deze workshops konden studenten vragen stellen aan professionals uit deze verschillende sectoren over onderwerpen die voor hen van belang waren. Deze gesprekken werden opgezet om de professionele ambities van de studenten te ondersteunen en jonge Guyanezen te helpen een beter carri\u00e8repad te vinden.<\/p>\n<p class=\"p1\">Enkele honderden studenten bezochten de stands om de professionals te ontmoeten en meer te weten te komen over hun bedrijven. Dit was een gelegenheid om de eerste contacten te leggen door middel van een gesprek of door deel te nemen aan job-dating activiteiten.<\/p>\n<p class=\"p1\">Andere activiteiten worden gewaardeerd door de universiteitsgemeenschap, met name de sofrologie- en yogasessies, die studenten helpen om grip te krijgen op het studenten- en beroepsleven.<\/p>\n<\/div>\n\n\n\n\n\t\t\t<\/div> \n\t\t<\/div>\n\t<\/div> \n<\/div><\/div>","protected":false},"excerpt":{"rendered":"De Universiteit van Guyana organiseerde in samenwerking met het Collectivit\u00e9 Territoriale de Guyane de 10e...","protected":false},"author":1,"featured_media":8625,"comment_status":"closed","ping_status":"open","sticky":false,"template":"","format":"standard","meta":{"iawp_total_views":59,"footnotes":""},"categories":[156,152],"tags":[],"class_list":{"0":"post-8623","1":"post","2":"type-post","3":"status-publish","4":"format-standard","5":"has-post-thumbnail","7":"category-campus","8":"category-dosip"},"yoast_head":"<!-- This site is optimized with the Yoast SEO plugin v27.5 - https:\/\/yoast.com\/product\/yoast-seo-wordpress\/ -->\n<title>10e \u00e9dition du forum \u00e9tudiant des m\u00e9tiers et carri\u00e8res &#8212; Universit\u00e9 de Guyane<\/title>\n<meta name=\"description\" content=\"D\u00e9couvrez les opportunit\u00e9s de carri\u00e8re lors du Forum \u00e9tudiant des m\u00e9tiers et carri\u00e8res \u00e0 l&#039;Universit\u00e9 de Guyane.\" \/>\n<meta name=\"robots\" content=\"index, follow, max-snippet:-1, max-image-preview:large, max-video-preview:-1\" \/>\n<link rel=\"canonical\" href=\"https:\/\/www.univ-guyane.fr\/nl\/2023\/01\/03\/10e-edition-du-forum-etudiant-des-metiers-et-carrieres\/\" \/>\n<meta property=\"og:locale\" content=\"nl_NL\" \/>\n<meta property=\"og:type\" content=\"article\" \/>\n<meta property=\"og:title\" content=\"10e \u00e9dition du forum \u00e9tudiant des m\u00e9tiers et carri\u00e8res &#8212; Universit\u00e9 de Guyane\" \/>\n<meta property=\"og:description\" content=\"D\u00e9couvrez les opportunit\u00e9s de carri\u00e8re lors du Forum \u00e9tudiant des m\u00e9tiers et carri\u00e8res \u00e0 l&#039;Universit\u00e9 de Guyane.\" \/>\n<meta property=\"og:url\" content=\"https:\/\/www.univ-guyane.fr\/nl\/2023\/01\/03\/10e-edition-du-forum-etudiant-des-metiers-et-carrieres\/\" \/>\n<meta property=\"og:site_name\" content=\"Universit\u00e9 de Guyane\" \/>\n<meta property=\"article:publisher\" content=\"https:\/\/www.facebook.com\/univguyane\" \/>\n<meta property=\"article:published_time\" content=\"2023-01-03T14:02:59+00:00\" \/>\n<meta property=\"article:modified_time\" content=\"2024-06-18T14:07:44+00:00\" \/>\n<meta property=\"og:image\" content=\"https:\/\/www.univ-guyane.fr\/wp-content\/uploads\/forum-des-metiers-2022-universite-de-guyane.jpeg\" \/>\n\t<meta property=\"og:image:width\" content=\"1800\" \/>\n\t<meta property=\"og:image:height\" content=\"1013\" \/>\n\t<meta property=\"og:image:type\" content=\"image\/jpeg\" \/>\n<meta name=\"author\" content=\"Erick Loiti\u00e8re\" \/>\n<meta name=\"twitter:card\" content=\"summary_large_image\" \/>\n<meta name=\"twitter:creator\" content=\"@univguyane\" \/>\n<meta name=\"twitter:site\" content=\"@univguyane\" \/>\n<meta name=\"twitter:label1\" content=\"Geschreven door\" \/>\n\t<meta name=\"twitter:data1\" content=\"Erick Loiti\u00e8re\" \/>\n\t<meta name=\"twitter:label2\" content=\"Geschatte leestijd\" \/>\n\t<meta name=\"twitter:data2\" content=\"3 minuten\" \/>\n<script type=\"application\/ld+json\" class=\"yoast-schema-graph\">{\"@context\":\"https:\\\/\\\/schema.org\",\"@graph\":[{\"@type\":\"Article\",\"@id\":\"https:\\\/\\\/www.univ-guyane.fr\\\/2023\\\/01\\\/03\\\/10e-edition-du-forum-etudiant-des-metiers-et-carrieres\\\/#article\",\"isPartOf\":{\"@id\":\"https:\\\/\\\/www.univ-guyane.fr\\\/2023\\\/01\\\/03\\\/10e-edition-du-forum-etudiant-des-metiers-et-carrieres\\\/\"},\"author\":{\"name\":\"Erick Loiti\u00e8re\",\"@id\":\"https:\\\/\\\/www.univ-guyane.fr\\\/#\\\/schema\\\/person\\\/86d946a28a8be51bb096ccfdf19db179\"},\"headline\":\"10e \u00e9dition du forum \u00e9tudiant des m\u00e9tiers et carri\u00e8res\",\"datePublished\":\"2023-01-03T14:02:59+00:00\",\"dateModified\":\"2024-06-18T14:07:44+00:00\",\"mainEntityOfPage\":{\"@id\":\"https:\\\/\\\/www.univ-guyane.fr\\\/2023\\\/01\\\/03\\\/10e-edition-du-forum-etudiant-des-metiers-et-carrieres\\\/\"},\"wordCount\":667,\"publisher\":{\"@id\":\"https:\\\/\\\/www.univ-guyane.fr\\\/#organization\"},\"image\":{\"@id\":\"https:\\\/\\\/www.univ-guyane.fr\\\/2023\\\/01\\\/03\\\/10e-edition-du-forum-etudiant-des-metiers-et-carrieres\\\/#primaryimage\"},\"thumbnailUrl\":\"https:\\\/\\\/www.univ-guyane.fr\\\/wp-content\\\/uploads\\\/forum-des-metiers-2022-universite-de-guyane.jpeg\",\"articleSection\":[\"\u2022\u00a0Campus\",\"\u2022 DOSIP\"],\"inLanguage\":\"nl-NL\"},{\"@type\":\"WebPage\",\"@id\":\"https:\\\/\\\/www.univ-guyane.fr\\\/2023\\\/01\\\/03\\\/10e-edition-du-forum-etudiant-des-metiers-et-carrieres\\\/\",\"url\":\"https:\\\/\\\/www.univ-guyane.fr\\\/2023\\\/01\\\/03\\\/10e-edition-du-forum-etudiant-des-metiers-et-carrieres\\\/\",\"name\":\"10e \u00e9dition du forum \u00e9tudiant des m\u00e9tiers et carri\u00e8res &#8212; Universit\u00e9 de Guyane\",\"isPartOf\":{\"@id\":\"https:\\\/\\\/www.univ-guyane.fr\\\/#website\"},\"primaryImageOfPage\":{\"@id\":\"https:\\\/\\\/www.univ-guyane.fr\\\/2023\\\/01\\\/03\\\/10e-edition-du-forum-etudiant-des-metiers-et-carrieres\\\/#primaryimage\"},\"image\":{\"@id\":\"https:\\\/\\\/www.univ-guyane.fr\\\/2023\\\/01\\\/03\\\/10e-edition-du-forum-etudiant-des-metiers-et-carrieres\\\/#primaryimage\"},\"thumbnailUrl\":\"https:\\\/\\\/www.univ-guyane.fr\\\/wp-content\\\/uploads\\\/forum-des-metiers-2022-universite-de-guyane.jpeg\",\"datePublished\":\"2023-01-03T14:02:59+00:00\",\"dateModified\":\"2024-06-18T14:07:44+00:00\",\"description\":\"D\u00e9couvrez les opportunit\u00e9s de carri\u00e8re lors du Forum \u00e9tudiant des m\u00e9tiers et carri\u00e8res \u00e0 l'Universit\u00e9 de Guyane.\",\"breadcrumb\":{\"@id\":\"https:\\\/\\\/www.univ-guyane.fr\\\/2023\\\/01\\\/03\\\/10e-edition-du-forum-etudiant-des-metiers-et-carrieres\\\/#breadcrumb\"},\"inLanguage\":\"nl-NL\",\"potentialAction\":[{\"@type\":\"ReadAction\",\"target\":[\"https:\\\/\\\/www.univ-guyane.fr\\\/2023\\\/01\\\/03\\\/10e-edition-du-forum-etudiant-des-metiers-et-carrieres\\\/\"]}]},{\"@type\":\"ImageObject\",\"inLanguage\":\"nl-NL\",\"@id\":\"https:\\\/\\\/www.univ-guyane.fr\\\/2023\\\/01\\\/03\\\/10e-edition-du-forum-etudiant-des-metiers-et-carrieres\\\/#primaryimage\",\"url\":\"https:\\\/\\\/www.univ-guyane.fr\\\/wp-content\\\/uploads\\\/forum-des-metiers-2022-universite-de-guyane.jpeg\",\"contentUrl\":\"https:\\\/\\\/www.univ-guyane.fr\\\/wp-content\\\/uploads\\\/forum-des-metiers-2022-universite-de-guyane.jpeg\",\"width\":1800,\"height\":1013,\"caption\":\"10e \u00e9dition du forum \u00e9tudiant des m\u00e9tiers et carri\u00e8res\"},{\"@type\":\"BreadcrumbList\",\"@id\":\"https:\\\/\\\/www.univ-guyane.fr\\\/2023\\\/01\\\/03\\\/10e-edition-du-forum-etudiant-des-metiers-et-carrieres\\\/#breadcrumb\",\"itemListElement\":[{\"@type\":\"ListItem\",\"position\":1,\"name\":\"Accueil\",\"item\":\"https:\\\/\\\/www.univ-guyane.fr\\\/\"},{\"@type\":\"ListItem\",\"position\":2,\"name\":\"10e \u00e9dition du forum \u00e9tudiant des m\u00e9tiers et carri\u00e8res\"}]},{\"@type\":\"WebSite\",\"@id\":\"https:\\\/\\\/www.univ-guyane.fr\\\/#website\",\"url\":\"https:\\\/\\\/www.univ-guyane.fr\\\/\",\"name\":\"Universit\u00e9 de Guyane\",\"description\":\"Au c\u0153ur de l&#039;amazonie\",\"publisher\":{\"@id\":\"https:\\\/\\\/www.univ-guyane.fr\\\/#organization\"},\"alternateName\":\"UG\",\"potentialAction\":[{\"@type\":\"SearchAction\",\"target\":{\"@type\":\"EntryPoint\",\"urlTemplate\":\"https:\\\/\\\/www.univ-guyane.fr\\\/?s={search_term_string}\"},\"query-input\":{\"@type\":\"PropertyValueSpecification\",\"valueRequired\":true,\"valueName\":\"search_term_string\"}}],\"inLanguage\":\"nl-NL\"},{\"@type\":\"Organization\",\"@id\":\"https:\\\/\\\/www.univ-guyane.fr\\\/#organization\",\"name\":\"Universit\u00e9 de Guyane\",\"alternateName\":\"UG\",\"url\":\"https:\\\/\\\/www.univ-guyane.fr\\\/\",\"logo\":{\"@type\":\"ImageObject\",\"inLanguage\":\"nl-NL\",\"@id\":\"https:\\\/\\\/www.univ-guyane.fr\\\/#\\\/schema\\\/logo\\\/image\\\/\",\"url\":\"https:\\\/\\\/www.univ-guyane.fr\\\/wp-content\\\/uploads\\\/2024\\\/05\\\/f.png\",\"contentUrl\":\"https:\\\/\\\/www.univ-guyane.fr\\\/wp-content\\\/uploads\\\/2024\\\/05\\\/f.png\",\"width\":1024,\"height\":1024,\"caption\":\"Universit\u00e9 de Guyane\"},\"image\":{\"@id\":\"https:\\\/\\\/www.univ-guyane.fr\\\/#\\\/schema\\\/logo\\\/image\\\/\"},\"sameAs\":[\"https:\\\/\\\/www.facebook.com\\\/univguyane\",\"https:\\\/\\\/x.com\\\/univguyane\",\"https:\\\/\\\/gf.linkedin.com\\\/school\\\/universite-de-guyane\\\/\",\"https:\\\/\\\/www.instagram.com\\\/univ_guyane\\\/\"]},{\"@type\":\"Person\",\"@id\":\"https:\\\/\\\/www.univ-guyane.fr\\\/#\\\/schema\\\/person\\\/86d946a28a8be51bb096ccfdf19db179\",\"name\":\"Erick Loiti\u00e8re\",\"image\":{\"@type\":\"ImageObject\",\"inLanguage\":\"nl-NL\",\"@id\":\"https:\\\/\\\/secure.gravatar.com\\\/avatar\\\/0584f332103fbeaf37e52c73b15dca3c547fd9300deb05764e9ad8714839d072?s=96&d=robohash&r=g\",\"url\":\"https:\\\/\\\/secure.gravatar.com\\\/avatar\\\/0584f332103fbeaf37e52c73b15dca3c547fd9300deb05764e9ad8714839d072?s=96&d=robohash&r=g\",\"contentUrl\":\"https:\\\/\\\/secure.gravatar.com\\\/avatar\\\/0584f332103fbeaf37e52c73b15dca3c547fd9300deb05764e9ad8714839d072?s=96&d=robohash&r=g\",\"caption\":\"Erick Loiti\u00e8re\"},\"sameAs\":[\"http:\\\/\\\/www.univ-guyane.fr\"],\"url\":\"https:\\\/\\\/www.univ-guyane.fr\\\/nl\\\/author\\\/eloitierdbz\\\/\"}]}<\/script>\n<!-- \/ Yoast SEO plugin. -->","yoast_head_json":{"title":"10e Studentenforum over beroepen en loopbanen - Universiteit van Guyana","description":"Kom meer te weten over carri\u00e8remogelijkheden tijdens het Student Forum on Professions and Careers aan de Universiteit van Guyana.","robots":{"index":"index","follow":"follow","max-snippet":"max-snippet:-1","max-image-preview":"max-image-preview:large","max-video-preview":"max-video-preview:-1"},"canonical":"https:\/\/www.univ-guyane.fr\/nl\/2023\/01\/03\/10e-edition-du-forum-etudiant-des-metiers-et-carrieres\/","og_locale":"nl_NL","og_type":"article","og_title":"10e \u00e9dition du forum \u00e9tudiant des m\u00e9tiers et carri\u00e8res &#8212; Universit\u00e9 de Guyane","og_description":"D\u00e9couvrez les opportunit\u00e9s de carri\u00e8re lors du Forum \u00e9tudiant des m\u00e9tiers et carri\u00e8res \u00e0 l'Universit\u00e9 de Guyane.","og_url":"https:\/\/www.univ-guyane.fr\/nl\/2023\/01\/03\/10e-edition-du-forum-etudiant-des-metiers-et-carrieres\/","og_site_name":"Universit\u00e9 de Guyane","article_publisher":"https:\/\/www.facebook.com\/univguyane","article_published_time":"2023-01-03T14:02:59+00:00","article_modified_time":"2024-06-18T14:07:44+00:00","og_image":[{"width":1800,"height":1013,"url":"https:\/\/www.univ-guyane.fr\/wp-content\/uploads\/forum-des-metiers-2022-universite-de-guyane.jpeg","type":"image\/jpeg"}],"author":"Erick Loiti\u00e8re","twitter_card":"summary_large_image","twitter_creator":"@univguyane","twitter_site":"@univguyane","twitter_misc":{"Geschreven door":"Erick Loiti\u00e8re","Geschatte leestijd":"3 minuten"},"schema":{"@context":"https:\/\/schema.org","@graph":[{"@type":"Article","@id":"https:\/\/www.univ-guyane.fr\/2023\/01\/03\/10e-edition-du-forum-etudiant-des-metiers-et-carrieres\/#article","isPartOf":{"@id":"https:\/\/www.univ-guyane.fr\/2023\/01\/03\/10e-edition-du-forum-etudiant-des-metiers-et-carrieres\/"},"author":{"name":"Erick Loiti\u00e8re","@id":"https:\/\/www.univ-guyane.fr\/#\/schema\/person\/86d946a28a8be51bb096ccfdf19db179"},"headline":"10e \u00e9dition du forum \u00e9tudiant des m\u00e9tiers et carri\u00e8res","datePublished":"2023-01-03T14:02:59+00:00","dateModified":"2024-06-18T14:07:44+00:00","mainEntityOfPage":{"@id":"https:\/\/www.univ-guyane.fr\/2023\/01\/03\/10e-edition-du-forum-etudiant-des-metiers-et-carrieres\/"},"wordCount":667,"publisher":{"@id":"https:\/\/www.univ-guyane.fr\/#organization"},"image":{"@id":"https:\/\/www.univ-guyane.fr\/2023\/01\/03\/10e-edition-du-forum-etudiant-des-metiers-et-carrieres\/#primaryimage"},"thumbnailUrl":"https:\/\/www.univ-guyane.fr\/wp-content\/uploads\/forum-des-metiers-2022-universite-de-guyane.jpeg","articleSection":["\u2022\u00a0Campus","\u2022 DOSIP"],"inLanguage":"nl-NL"},{"@type":"WebPage","@id":"https:\/\/www.univ-guyane.fr\/2023\/01\/03\/10e-edition-du-forum-etudiant-des-metiers-et-carrieres\/","url":"https:\/\/www.univ-guyane.fr\/2023\/01\/03\/10e-edition-du-forum-etudiant-des-metiers-et-carrieres\/","name":"10e Studentenforum over beroepen en loopbanen - Universiteit van Guyana","isPartOf":{"@id":"https:\/\/www.univ-guyane.fr\/#website"},"primaryImageOfPage":{"@id":"https:\/\/www.univ-guyane.fr\/2023\/01\/03\/10e-edition-du-forum-etudiant-des-metiers-et-carrieres\/#primaryimage"},"image":{"@id":"https:\/\/www.univ-guyane.fr\/2023\/01\/03\/10e-edition-du-forum-etudiant-des-metiers-et-carrieres\/#primaryimage"},"thumbnailUrl":"https:\/\/www.univ-guyane.fr\/wp-content\/uploads\/forum-des-metiers-2022-universite-de-guyane.jpeg","datePublished":"2023-01-03T14:02:59+00:00","dateModified":"2024-06-18T14:07:44+00:00","description":"Kom meer te weten over carri\u00e8remogelijkheden tijdens het Student Forum on Professions and Careers aan de Universiteit van Guyana.","breadcrumb":{"@id":"https:\/\/www.univ-guyane.fr\/2023\/01\/03\/10e-edition-du-forum-etudiant-des-metiers-et-carrieres\/#breadcrumb"},"inLanguage":"nl-NL","potentialAction":[{"@type":"ReadAction","target":["https:\/\/www.univ-guyane.fr\/2023\/01\/03\/10e-edition-du-forum-etudiant-des-metiers-et-carrieres\/"]}]},{"@type":"ImageObject","inLanguage":"nl-NL","@id":"https:\/\/www.univ-guyane.fr\/2023\/01\/03\/10e-edition-du-forum-etudiant-des-metiers-et-carrieres\/#primaryimage","url":"https:\/\/www.univ-guyane.fr\/wp-content\/uploads\/forum-des-metiers-2022-universite-de-guyane.jpeg","contentUrl":"https:\/\/www.univ-guyane.fr\/wp-content\/uploads\/forum-des-metiers-2022-universite-de-guyane.jpeg","width":1800,"height":1013,"caption":"10e \u00e9dition du forum \u00e9tudiant des m\u00e9tiers et carri\u00e8res"},{"@type":"BreadcrumbList","@id":"https:\/\/www.univ-guyane.fr\/2023\/01\/03\/10e-edition-du-forum-etudiant-des-metiers-et-carrieres\/#breadcrumb","itemListElement":[{"@type":"ListItem","position":1,"name":"Accueil","item":"https:\/\/www.univ-guyane.fr\/"},{"@type":"ListItem","position":2,"name":"10e \u00e9dition du forum \u00e9tudiant des m\u00e9tiers et carri\u00e8res"}]},{"@type":"WebSite","@id":"https:\/\/www.univ-guyane.fr\/#website","url":"https:\/\/www.univ-guyane.fr\/","name":"Universiteit van Guyana","description":"In het hart van Amazonia","publisher":{"@id":"https:\/\/www.univ-guyane.fr\/#organization"},"alternateName":"UG","potentialAction":[{"@type":"SearchAction","target":{"@type":"EntryPoint","urlTemplate":"https:\/\/www.univ-guyane.fr\/?s={search_term_string}"},"query-input":{"@type":"PropertyValueSpecification","valueRequired":true,"valueName":"search_term_string"}}],"inLanguage":"nl-NL"},{"@type":"Organization","@id":"https:\/\/www.univ-guyane.fr\/#organization","name":"Universiteit van Guyana","alternateName":"UG","url":"https:\/\/www.univ-guyane.fr\/","logo":{"@type":"ImageObject","inLanguage":"nl-NL","@id":"https:\/\/www.univ-guyane.fr\/#\/schema\/logo\/image\/","url":"https:\/\/www.univ-guyane.fr\/wp-content\/uploads\/2024\/05\/f.png","contentUrl":"https:\/\/www.univ-guyane.fr\/wp-content\/uploads\/2024\/05\/f.png","width":1024,"height":1024,"caption":"Universit\u00e9 de Guyane"},"image":{"@id":"https:\/\/www.univ-guyane.fr\/#\/schema\/logo\/image\/"},"sameAs":["https:\/\/www.facebook.com\/univguyane","https:\/\/x.com\/univguyane","https:\/\/gf.linkedin.com\/school\/universite-de-guyane\/","https:\/\/www.instagram.com\/univ_guyane\/"]},{"@type":"Person","@id":"https:\/\/www.univ-guyane.fr\/#\/schema\/person\/86d946a28a8be51bb096ccfdf19db179","name":"Erick Loiti\u00e8re","image":{"@type":"ImageObject","inLanguage":"nl-NL","@id":"https:\/\/secure.gravatar.com\/avatar\/0584f332103fbeaf37e52c73b15dca3c547fd9300deb05764e9ad8714839d072?s=96&d=robohash&r=g","url":"https:\/\/secure.gravatar.com\/avatar\/0584f332103fbeaf37e52c73b15dca3c547fd9300deb05764e9ad8714839d072?s=96&d=robohash&r=g","contentUrl":"https:\/\/secure.gravatar.com\/avatar\/0584f332103fbeaf37e52c73b15dca3c547fd9300deb05764e9ad8714839d072?s=96&d=robohash&r=g","caption":"Erick Loiti\u00e8re"},"sameAs":["http:\/\/www.univ-guyane.fr"],"url":"https:\/\/www.univ-guyane.fr\/nl\/author\/eloitierdbz\/"}]}},"_links":{"self":[{"href":"https:\/\/www.univ-guyane.fr\/nl\/wp-json\/wp\/v2\/posts\/8623","targetHints":{"allow":["GET"]}}],"collection":[{"href":"https:\/\/www.univ-guyane.fr\/nl\/wp-json\/wp\/v2\/posts"}],"about":[{"href":"https:\/\/www.univ-guyane.fr\/nl\/wp-json\/wp\/v2\/types\/post"}],"author":[{"embeddable":true,"href":"https:\/\/www.univ-guyane.fr\/nl\/wp-json\/wp\/v2\/users\/1"}],"replies":[{"embeddable":true,"href":"https:\/\/www.univ-guyane.fr\/nl\/wp-json\/wp\/v2\/comments?post=8623"}],"version-history":[{"count":1,"href":"https:\/\/www.univ-guyane.fr\/nl\/wp-json\/wp\/v2\/posts\/8623\/revisions"}],"predecessor-version":[{"id":8626,"href":"https:\/\/www.univ-guyane.fr\/nl\/wp-json\/wp\/v2\/posts\/8623\/revisions\/8626"}],"wp:featuredmedia":[{"embeddable":true,"href":"https:\/\/www.univ-guyane.fr\/nl\/wp-json\/wp\/v2\/media\/8625"}],"wp:attachment":[{"href":"https:\/\/www.univ-guyane.fr\/nl\/wp-json\/wp\/v2\/media?parent=8623"}],"wp:term":[{"taxonomy":"category","embeddable":true,"href":"https:\/\/www.univ-guyane.fr\/nl\/wp-json\/wp\/v2\/categories?post=8623"},{"taxonomy":"post_tag","embeddable":true,"href":"https:\/\/www.univ-guyane.fr\/nl\/wp-json\/wp\/v2\/tags?post=8623"}],"curies":[{"name":"wp","href":"https:\/\/api.w.org\/{rel}","templated":true}]}}