{"id":8638,"date":"2022-11-30T11:23:16","date_gmt":"2022-11-30T14:23:16","guid":{"rendered":"https:\/\/www.univ-guyane.fr\/?p=8638"},"modified":"2024-06-18T11:31:09","modified_gmt":"2024-06-18T14:31:09","slug":"lancement-de-la-conference-des-recteurs-duniversites-du-plateau-des-guyanes","status":"publish","type":"post","link":"https:\/\/www.univ-guyane.fr\/nl\/2022\/11\/30\/lancement-de-la-conference-des-recteurs-duniversites-du-plateau-des-guyanes\/","title":{"rendered":"Start van de Conferentie van rectores van de universiteiten van het Guyana-schild"},"content":{"rendered":"<div id=\"fws_69f3d650979e8\"  data-column-margin=\"default\" data-midnight=\"dark\"  class=\"wpb_row vc_row-fluid vc_row\"  style=\"padding-top: 0px; padding-bottom: 0px; \"><div class=\"row-bg-wrap\" data-bg-animation=\"none\" data-bg-animation-delay=\"\" data-bg-overlay=\"false\"><div class=\"inner-wrap row-bg-layer\" ><div class=\"row-bg viewport-desktop\"  style=\"\"><\/div><\/div><\/div><div class=\"row_col_wrap_12 col span_12 dark left\">\n\t<div  class=\"vc_col-sm-12 wpb_column column_container vc_column_container col no-extra-padding inherit_tablet inherit_phone\"  data-padding-pos=\"all\" data-has-bg-color=\"false\" data-bg-color=\"\" data-bg-opacity=\"1\" data-animation=\"\" data-delay=\"0\" >\n\t\t<div class=\"vc_column-inner\" >\n\t\t\t<div class=\"wpb_wrapper\">\n\t\t\t\t\n<div class=\"wpb_text_column wpb_content_element  chapo\" >\n\t<h2>De echo van de <a href=\"https:\/\/web.archive.org\/web\/20231129174702\/https:\/\/www.univ-guyane.fr\/2022\/06\/mission-guyuniv2\/\">GUYUNIV2 missie<\/a>Na haar verkenningsmissie naar Suriname en Guyana afgelopen juni, verwelkomde de Universiteit van Guyana van 14 tot 16 november 3 universitaire delegaties. De Universiteit van Suriname (ADEKUS), de Universiteit van Guyana (UoG) en de Federale Universiteit van Amapa (UNIFAP) ontmoetten elkaar op de Universiteit van Frans Guyana voor de offici\u00eble start van de Conferentie van rectores magnifici van het Guyanaschild.<\/h2>\n<\/div>\n\n\n\n\n<div class=\"wpb_text_column wpb_content_element\" >\n\t<p><span class=\"nectar-dropcap\" >L' <\/span>De Universit\u00e9 de Guyane organiseerde de start van de eerste conferentie van universiteitsrectoren van het Guyana Plateau. Bij deze gelegenheid verwelkomde zij haar tegenhangers uit de macroregio: de Universiteit van Suriname (ADEKUS), de Universiteit van Guyana en de Federale Universiteit van Amapa (UNIFAP). Deze gebeurtenis markeert een keerpunt en het begin van een groot avontuur voor de vier instellingen voor hoger onderwijs.<\/p>\n<p>In de loop van de drie dagen bespraken de vier instellingen hun gemeenschappelijke problemen, zowel op het gebied van onderzoek als van opleiding. De kwestie van een academische en universitaire identiteit voor de macroregio van het Guyana-schild kwam naar voren. De uitdagingen waar deze gebieden en landen voor staan, volksgezondheidskwesties en de rijkdom van hun biodiversiteit zijn allemaal gemeenschappelijke thema's.<\/p>\n<p>Met deze bijeenkomst hoopt de Universiteit van Frans Guyana de basis te leggen voor een consortium van universiteiten uit het Guyana-schild, dat zich zal uitbreiden om onderwijs- en wetenschappelijke initiatieven tussen de vier universiteiten te stimuleren. De bijeenkomst biedt ook de gelegenheid om de basis te leggen voor drie belangrijke projecten: het Amazonian Institute of Biodiversity and sustainable Innovation (AIBSI), de oprichting van een universiteitspers voor het Guyana-schild en de oprichting van een Noord-Amazone doctoraalconferentie.<\/p>\n<h3><strong>Bouwen aan een macroregionale universitaire identiteit<\/strong><\/h3>\n<p>In de loop van de drie dagen werd een ochtendsessie georganiseerd om de basis te leggen voor de drie sleutelprojecten die zullen helpen bij het opbouwen van een macroregionale academische en universitaire identiteit voor het Guyana Plateau.<\/p>\n<p>AIBSI (Amazonian Institute of Biodiversity and Sustainable Innovation): een operationeel kader om het ontstaan van een macroregionale academische en universitaire identiteit te ondersteunen;<\/p>\n<p>Een Noord-Amazone doctoraatsconferentie als forum voor het opbouwen van een academische identiteit door middel van opleiding op hoog niveau. Het opzetten van een doctoraalprogramma voor het Amazonegebied zou een belangrijke bijdrage kunnen leveren aan het versterken van de opkomst op het Guyana-schild van netwerken van specialisten en deskundigen op het gebied van Amazonia, die zich richten op zaken als kennis van biodiversiteit, het milieu, het gebruik van innovatieve technologie\u00ebn, kennis van onze samenlevingen op het Guyana-schild en ontwikkelingsvraagstukken.<\/p>\n<p>Een universiteitspers voor het Guyana Plateau: een middel om een macroregionale identiteit op te bouwen. Het doel is het internationale profiel van wetenschappelijke en educatieve publicaties en populaire werken van de vier instellingen te verbeteren. Door de vaardigheden van de vier instellingen te bundelen, kan het idee van een gezamenlijke universiteitspers een echte ruimte cre\u00ebren waarin hun wetenschappers en promovendi hun werk kunnen publiceren.<\/p>\n<\/div>\n\n\n\n\n\t\t\t<\/div> \n\t\t<\/div>\n\t<\/div> \n<\/div><\/div>","protected":false},"excerpt":{"rendered":"In navolging van de GUYUNIV2 verkenningsmissie naar Suriname en Guyana in juni...","protected":false},"author":1,"featured_media":8639,"comment_status":"closed","ping_status":"open","sticky":false,"template":"","format":"standard","meta":{"iawp_total_views":26,"footnotes":""},"categories":[170,229],"tags":[],"class_list":{"0":"post-8638","1":"post","2":"type-post","3":"status-publish","4":"format-standard","5":"has-post-thumbnail","7":"category-international","8":"category-universite-actualites"},"yoast_head":"<!-- This site is optimized with the Yoast SEO plugin v27.5 - https:\/\/yoast.com\/product\/yoast-seo-wordpress\/ -->\n<title>Lancement de la Conf\u00e9rence des Recteurs d\u2019Universit\u00e9s du Plateau des Guyanes &#8212; Universit\u00e9 de Guyane<\/title>\n<meta name=\"description\" content=\"L&#039;Universit\u00e9 de Guyane accueille la premi\u00e8re Conf\u00e9rence des Recteurs d&#039;Universit\u00e9s du Plateau des Guyanes. Un moment cl\u00e9 pour les partenaires universitaires de la macro-r\u00e9gion.\" \/>\n<meta name=\"robots\" content=\"index, follow, max-snippet:-1, max-image-preview:large, max-video-preview:-1\" \/>\n<link rel=\"canonical\" href=\"https:\/\/www.univ-guyane.fr\/nl\/2022\/11\/30\/lancement-de-la-conference-des-recteurs-duniversites-du-plateau-des-guyanes\/\" \/>\n<meta property=\"og:locale\" content=\"nl_NL\" \/>\n<meta property=\"og:type\" content=\"article\" \/>\n<meta property=\"og:title\" content=\"Lancement de la Conf\u00e9rence des Recteurs d\u2019Universit\u00e9s du Plateau des Guyanes &#8212; Universit\u00e9 de Guyane\" \/>\n<meta property=\"og:description\" content=\"L&#039;Universit\u00e9 de Guyane accueille la premi\u00e8re Conf\u00e9rence des Recteurs d&#039;Universit\u00e9s du Plateau des Guyanes. Un moment cl\u00e9 pour les partenaires universitaires de la macro-r\u00e9gion.\" \/>\n<meta property=\"og:url\" content=\"https:\/\/www.univ-guyane.fr\/nl\/2022\/11\/30\/lancement-de-la-conference-des-recteurs-duniversites-du-plateau-des-guyanes\/\" \/>\n<meta property=\"og:site_name\" content=\"Universit\u00e9 de Guyane\" \/>\n<meta property=\"article:publisher\" content=\"https:\/\/www.facebook.com\/univguyane\" \/>\n<meta property=\"article:published_time\" content=\"2022-11-30T14:23:16+00:00\" \/>\n<meta property=\"article:modified_time\" content=\"2024-06-18T14:31:09+00:00\" \/>\n<meta property=\"og:image\" content=\"https:\/\/www.univ-guyane.fr\/wp-content\/uploads\/conference-des-recteurs-du-plateau-des-guyanes-2022.jpeg\" \/>\n\t<meta property=\"og:image:width\" content=\"1800\" \/>\n\t<meta property=\"og:image:height\" content=\"1013\" \/>\n\t<meta property=\"og:image:type\" content=\"image\/jpeg\" \/>\n<meta name=\"author\" content=\"Erick Loiti\u00e8re\" \/>\n<meta name=\"twitter:card\" content=\"summary_large_image\" \/>\n<meta name=\"twitter:creator\" content=\"@univguyane\" \/>\n<meta name=\"twitter:site\" content=\"@univguyane\" \/>\n<meta name=\"twitter:label1\" content=\"Geschreven door\" \/>\n\t<meta name=\"twitter:data1\" content=\"Erick Loiti\u00e8re\" \/>\n\t<meta name=\"twitter:label2\" content=\"Geschatte leestijd\" \/>\n\t<meta name=\"twitter:data2\" content=\"3 minuten\" \/>\n<script type=\"application\/ld+json\" class=\"yoast-schema-graph\">{\"@context\":\"https:\\\/\\\/schema.org\",\"@graph\":[{\"@type\":\"Article\",\"@id\":\"https:\\\/\\\/www.univ-guyane.fr\\\/2022\\\/11\\\/30\\\/lancement-de-la-conference-des-recteurs-duniversites-du-plateau-des-guyanes\\\/#article\",\"isPartOf\":{\"@id\":\"https:\\\/\\\/www.univ-guyane.fr\\\/2022\\\/11\\\/30\\\/lancement-de-la-conference-des-recteurs-duniversites-du-plateau-des-guyanes\\\/\"},\"author\":{\"name\":\"Erick Loiti\u00e8re\",\"@id\":\"https:\\\/\\\/www.univ-guyane.fr\\\/#\\\/schema\\\/person\\\/86d946a28a8be51bb096ccfdf19db179\"},\"headline\":\"Lancement de la Conf\u00e9rence des Recteurs d\u2019Universit\u00e9s du Plateau des Guyanes\",\"datePublished\":\"2022-11-30T14:23:16+00:00\",\"dateModified\":\"2024-06-18T14:31:09+00:00\",\"mainEntityOfPage\":{\"@id\":\"https:\\\/\\\/www.univ-guyane.fr\\\/2022\\\/11\\\/30\\\/lancement-de-la-conference-des-recteurs-duniversites-du-plateau-des-guyanes\\\/\"},\"wordCount\":761,\"publisher\":{\"@id\":\"https:\\\/\\\/www.univ-guyane.fr\\\/#organization\"},\"image\":{\"@id\":\"https:\\\/\\\/www.univ-guyane.fr\\\/2022\\\/11\\\/30\\\/lancement-de-la-conference-des-recteurs-duniversites-du-plateau-des-guyanes\\\/#primaryimage\"},\"thumbnailUrl\":\"https:\\\/\\\/www.univ-guyane.fr\\\/wp-content\\\/uploads\\\/conference-des-recteurs-du-plateau-des-guyanes-2022.jpeg\",\"articleSection\":[\"\u2022 International\",\"\u2022 Universit\u00e9\"],\"inLanguage\":\"nl-NL\"},{\"@type\":\"WebPage\",\"@id\":\"https:\\\/\\\/www.univ-guyane.fr\\\/2022\\\/11\\\/30\\\/lancement-de-la-conference-des-recteurs-duniversites-du-plateau-des-guyanes\\\/\",\"url\":\"https:\\\/\\\/www.univ-guyane.fr\\\/2022\\\/11\\\/30\\\/lancement-de-la-conference-des-recteurs-duniversites-du-plateau-des-guyanes\\\/\",\"name\":\"Lancement de la Conf\u00e9rence des Recteurs d\u2019Universit\u00e9s du Plateau des Guyanes &#8212; Universit\u00e9 de Guyane\",\"isPartOf\":{\"@id\":\"https:\\\/\\\/www.univ-guyane.fr\\\/#website\"},\"primaryImageOfPage\":{\"@id\":\"https:\\\/\\\/www.univ-guyane.fr\\\/2022\\\/11\\\/30\\\/lancement-de-la-conference-des-recteurs-duniversites-du-plateau-des-guyanes\\\/#primaryimage\"},\"image\":{\"@id\":\"https:\\\/\\\/www.univ-guyane.fr\\\/2022\\\/11\\\/30\\\/lancement-de-la-conference-des-recteurs-duniversites-du-plateau-des-guyanes\\\/#primaryimage\"},\"thumbnailUrl\":\"https:\\\/\\\/www.univ-guyane.fr\\\/wp-content\\\/uploads\\\/conference-des-recteurs-du-plateau-des-guyanes-2022.jpeg\",\"datePublished\":\"2022-11-30T14:23:16+00:00\",\"dateModified\":\"2024-06-18T14:31:09+00:00\",\"description\":\"L'Universit\u00e9 de Guyane accueille la premi\u00e8re Conf\u00e9rence des Recteurs d'Universit\u00e9s du Plateau des Guyanes. Un moment cl\u00e9 pour les partenaires universitaires de la macro-r\u00e9gion.\",\"breadcrumb\":{\"@id\":\"https:\\\/\\\/www.univ-guyane.fr\\\/2022\\\/11\\\/30\\\/lancement-de-la-conference-des-recteurs-duniversites-du-plateau-des-guyanes\\\/#breadcrumb\"},\"inLanguage\":\"nl-NL\",\"potentialAction\":[{\"@type\":\"ReadAction\",\"target\":[\"https:\\\/\\\/www.univ-guyane.fr\\\/2022\\\/11\\\/30\\\/lancement-de-la-conference-des-recteurs-duniversites-du-plateau-des-guyanes\\\/\"]}]},{\"@type\":\"ImageObject\",\"inLanguage\":\"nl-NL\",\"@id\":\"https:\\\/\\\/www.univ-guyane.fr\\\/2022\\\/11\\\/30\\\/lancement-de-la-conference-des-recteurs-duniversites-du-plateau-des-guyanes\\\/#primaryimage\",\"url\":\"https:\\\/\\\/www.univ-guyane.fr\\\/wp-content\\\/uploads\\\/conference-des-recteurs-du-plateau-des-guyanes-2022.jpeg\",\"contentUrl\":\"https:\\\/\\\/www.univ-guyane.fr\\\/wp-content\\\/uploads\\\/conference-des-recteurs-du-plateau-des-guyanes-2022.jpeg\",\"width\":1800,\"height\":1013,\"caption\":\"Lancement de la Conf\u00e9rence des Recteurs d\u2019Universit\u00e9s du Plateau des Guyanes\"},{\"@type\":\"BreadcrumbList\",\"@id\":\"https:\\\/\\\/www.univ-guyane.fr\\\/2022\\\/11\\\/30\\\/lancement-de-la-conference-des-recteurs-duniversites-du-plateau-des-guyanes\\\/#breadcrumb\",\"itemListElement\":[{\"@type\":\"ListItem\",\"position\":1,\"name\":\"Accueil\",\"item\":\"https:\\\/\\\/www.univ-guyane.fr\\\/\"},{\"@type\":\"ListItem\",\"position\":2,\"name\":\"Lancement de la Conf\u00e9rence des Recteurs d\u2019Universit\u00e9s du Plateau des Guyanes\"}]},{\"@type\":\"WebSite\",\"@id\":\"https:\\\/\\\/www.univ-guyane.fr\\\/#website\",\"url\":\"https:\\\/\\\/www.univ-guyane.fr\\\/\",\"name\":\"Universit\u00e9 de Guyane\",\"description\":\"Au c\u0153ur de l&#039;amazonie\",\"publisher\":{\"@id\":\"https:\\\/\\\/www.univ-guyane.fr\\\/#organization\"},\"alternateName\":\"UG\",\"potentialAction\":[{\"@type\":\"SearchAction\",\"target\":{\"@type\":\"EntryPoint\",\"urlTemplate\":\"https:\\\/\\\/www.univ-guyane.fr\\\/?s={search_term_string}\"},\"query-input\":{\"@type\":\"PropertyValueSpecification\",\"valueRequired\":true,\"valueName\":\"search_term_string\"}}],\"inLanguage\":\"nl-NL\"},{\"@type\":\"Organization\",\"@id\":\"https:\\\/\\\/www.univ-guyane.fr\\\/#organization\",\"name\":\"Universit\u00e9 de Guyane\",\"alternateName\":\"UG\",\"url\":\"https:\\\/\\\/www.univ-guyane.fr\\\/\",\"logo\":{\"@type\":\"ImageObject\",\"inLanguage\":\"nl-NL\",\"@id\":\"https:\\\/\\\/www.univ-guyane.fr\\\/#\\\/schema\\\/logo\\\/image\\\/\",\"url\":\"https:\\\/\\\/www.univ-guyane.fr\\\/wp-content\\\/uploads\\\/2024\\\/05\\\/f.png\",\"contentUrl\":\"https:\\\/\\\/www.univ-guyane.fr\\\/wp-content\\\/uploads\\\/2024\\\/05\\\/f.png\",\"width\":1024,\"height\":1024,\"caption\":\"Universit\u00e9 de Guyane\"},\"image\":{\"@id\":\"https:\\\/\\\/www.univ-guyane.fr\\\/#\\\/schema\\\/logo\\\/image\\\/\"},\"sameAs\":[\"https:\\\/\\\/www.facebook.com\\\/univguyane\",\"https:\\\/\\\/x.com\\\/univguyane\",\"https:\\\/\\\/gf.linkedin.com\\\/school\\\/universite-de-guyane\\\/\",\"https:\\\/\\\/www.instagram.com\\\/univ_guyane\\\/\"]},{\"@type\":\"Person\",\"@id\":\"https:\\\/\\\/www.univ-guyane.fr\\\/#\\\/schema\\\/person\\\/86d946a28a8be51bb096ccfdf19db179\",\"name\":\"Erick Loiti\u00e8re\",\"image\":{\"@type\":\"ImageObject\",\"inLanguage\":\"nl-NL\",\"@id\":\"https:\\\/\\\/secure.gravatar.com\\\/avatar\\\/0584f332103fbeaf37e52c73b15dca3c547fd9300deb05764e9ad8714839d072?s=96&d=robohash&r=g\",\"url\":\"https:\\\/\\\/secure.gravatar.com\\\/avatar\\\/0584f332103fbeaf37e52c73b15dca3c547fd9300deb05764e9ad8714839d072?s=96&d=robohash&r=g\",\"contentUrl\":\"https:\\\/\\\/secure.gravatar.com\\\/avatar\\\/0584f332103fbeaf37e52c73b15dca3c547fd9300deb05764e9ad8714839d072?s=96&d=robohash&r=g\",\"caption\":\"Erick Loiti\u00e8re\"},\"sameAs\":[\"http:\\\/\\\/www.univ-guyane.fr\"],\"url\":\"https:\\\/\\\/www.univ-guyane.fr\\\/nl\\\/author\\\/eloitierdbz\\\/\"}]}<\/script>\n<!-- \/ Yoast SEO plugin. -->","yoast_head_json":{"title":"Lancering van de Conferentie van rectores magnifici van het Guiana Plateau - Universit\u00e9 de Guyane","description":"De Universiteit van Guyana is gastheer van de eerste conferentie van universiteitsrectoren van het Guyana Plateau. Een belangrijk evenement voor de universitaire partners van de macroregio.","robots":{"index":"index","follow":"follow","max-snippet":"max-snippet:-1","max-image-preview":"max-image-preview:large","max-video-preview":"max-video-preview:-1"},"canonical":"https:\/\/www.univ-guyane.fr\/nl\/2022\/11\/30\/lancement-de-la-conference-des-recteurs-duniversites-du-plateau-des-guyanes\/","og_locale":"nl_NL","og_type":"article","og_title":"Lancement de la Conf\u00e9rence des Recteurs d\u2019Universit\u00e9s du Plateau des Guyanes &#8212; Universit\u00e9 de Guyane","og_description":"L'Universit\u00e9 de Guyane accueille la premi\u00e8re Conf\u00e9rence des Recteurs d'Universit\u00e9s du Plateau des Guyanes. Un moment cl\u00e9 pour les partenaires universitaires de la macro-r\u00e9gion.","og_url":"https:\/\/www.univ-guyane.fr\/nl\/2022\/11\/30\/lancement-de-la-conference-des-recteurs-duniversites-du-plateau-des-guyanes\/","og_site_name":"Universit\u00e9 de Guyane","article_publisher":"https:\/\/www.facebook.com\/univguyane","article_published_time":"2022-11-30T14:23:16+00:00","article_modified_time":"2024-06-18T14:31:09+00:00","og_image":[{"width":1800,"height":1013,"url":"https:\/\/www.univ-guyane.fr\/wp-content\/uploads\/conference-des-recteurs-du-plateau-des-guyanes-2022.jpeg","type":"image\/jpeg"}],"author":"Erick Loiti\u00e8re","twitter_card":"summary_large_image","twitter_creator":"@univguyane","twitter_site":"@univguyane","twitter_misc":{"Geschreven door":"Erick Loiti\u00e8re","Geschatte leestijd":"3 minuten"},"schema":{"@context":"https:\/\/schema.org","@graph":[{"@type":"Article","@id":"https:\/\/www.univ-guyane.fr\/2022\/11\/30\/lancement-de-la-conference-des-recteurs-duniversites-du-plateau-des-guyanes\/#article","isPartOf":{"@id":"https:\/\/www.univ-guyane.fr\/2022\/11\/30\/lancement-de-la-conference-des-recteurs-duniversites-du-plateau-des-guyanes\/"},"author":{"name":"Erick Loiti\u00e8re","@id":"https:\/\/www.univ-guyane.fr\/#\/schema\/person\/86d946a28a8be51bb096ccfdf19db179"},"headline":"Lancement de la Conf\u00e9rence des Recteurs d\u2019Universit\u00e9s du Plateau des Guyanes","datePublished":"2022-11-30T14:23:16+00:00","dateModified":"2024-06-18T14:31:09+00:00","mainEntityOfPage":{"@id":"https:\/\/www.univ-guyane.fr\/2022\/11\/30\/lancement-de-la-conference-des-recteurs-duniversites-du-plateau-des-guyanes\/"},"wordCount":761,"publisher":{"@id":"https:\/\/www.univ-guyane.fr\/#organization"},"image":{"@id":"https:\/\/www.univ-guyane.fr\/2022\/11\/30\/lancement-de-la-conference-des-recteurs-duniversites-du-plateau-des-guyanes\/#primaryimage"},"thumbnailUrl":"https:\/\/www.univ-guyane.fr\/wp-content\/uploads\/conference-des-recteurs-du-plateau-des-guyanes-2022.jpeg","articleSection":["\u2022 International","\u2022 Universit\u00e9"],"inLanguage":"nl-NL"},{"@type":"WebPage","@id":"https:\/\/www.univ-guyane.fr\/2022\/11\/30\/lancement-de-la-conference-des-recteurs-duniversites-du-plateau-des-guyanes\/","url":"https:\/\/www.univ-guyane.fr\/2022\/11\/30\/lancement-de-la-conference-des-recteurs-duniversites-du-plateau-des-guyanes\/","name":"Lancering van de Conferentie van rectores magnifici van het Guiana Plateau - Universit\u00e9 de Guyane","isPartOf":{"@id":"https:\/\/www.univ-guyane.fr\/#website"},"primaryImageOfPage":{"@id":"https:\/\/www.univ-guyane.fr\/2022\/11\/30\/lancement-de-la-conference-des-recteurs-duniversites-du-plateau-des-guyanes\/#primaryimage"},"image":{"@id":"https:\/\/www.univ-guyane.fr\/2022\/11\/30\/lancement-de-la-conference-des-recteurs-duniversites-du-plateau-des-guyanes\/#primaryimage"},"thumbnailUrl":"https:\/\/www.univ-guyane.fr\/wp-content\/uploads\/conference-des-recteurs-du-plateau-des-guyanes-2022.jpeg","datePublished":"2022-11-30T14:23:16+00:00","dateModified":"2024-06-18T14:31:09+00:00","description":"De Universiteit van Guyana is gastheer van de eerste conferentie van universiteitsrectoren van het Guyana Plateau. Een belangrijk evenement voor de universitaire partners van de macroregio.","breadcrumb":{"@id":"https:\/\/www.univ-guyane.fr\/2022\/11\/30\/lancement-de-la-conference-des-recteurs-duniversites-du-plateau-des-guyanes\/#breadcrumb"},"inLanguage":"nl-NL","potentialAction":[{"@type":"ReadAction","target":["https:\/\/www.univ-guyane.fr\/2022\/11\/30\/lancement-de-la-conference-des-recteurs-duniversites-du-plateau-des-guyanes\/"]}]},{"@type":"ImageObject","inLanguage":"nl-NL","@id":"https:\/\/www.univ-guyane.fr\/2022\/11\/30\/lancement-de-la-conference-des-recteurs-duniversites-du-plateau-des-guyanes\/#primaryimage","url":"https:\/\/www.univ-guyane.fr\/wp-content\/uploads\/conference-des-recteurs-du-plateau-des-guyanes-2022.jpeg","contentUrl":"https:\/\/www.univ-guyane.fr\/wp-content\/uploads\/conference-des-recteurs-du-plateau-des-guyanes-2022.jpeg","width":1800,"height":1013,"caption":"Lancement de la Conf\u00e9rence des Recteurs d\u2019Universit\u00e9s du Plateau des Guyanes"},{"@type":"BreadcrumbList","@id":"https:\/\/www.univ-guyane.fr\/2022\/11\/30\/lancement-de-la-conference-des-recteurs-duniversites-du-plateau-des-guyanes\/#breadcrumb","itemListElement":[{"@type":"ListItem","position":1,"name":"Accueil","item":"https:\/\/www.univ-guyane.fr\/"},{"@type":"ListItem","position":2,"name":"Lancement de la Conf\u00e9rence des Recteurs d\u2019Universit\u00e9s du Plateau des Guyanes"}]},{"@type":"WebSite","@id":"https:\/\/www.univ-guyane.fr\/#website","url":"https:\/\/www.univ-guyane.fr\/","name":"Universiteit van Guyana","description":"In het hart van Amazonia","publisher":{"@id":"https:\/\/www.univ-guyane.fr\/#organization"},"alternateName":"UG","potentialAction":[{"@type":"SearchAction","target":{"@type":"EntryPoint","urlTemplate":"https:\/\/www.univ-guyane.fr\/?s={search_term_string}"},"query-input":{"@type":"PropertyValueSpecification","valueRequired":true,"valueName":"search_term_string"}}],"inLanguage":"nl-NL"},{"@type":"Organization","@id":"https:\/\/www.univ-guyane.fr\/#organization","name":"Universiteit van Guyana","alternateName":"UG","url":"https:\/\/www.univ-guyane.fr\/","logo":{"@type":"ImageObject","inLanguage":"nl-NL","@id":"https:\/\/www.univ-guyane.fr\/#\/schema\/logo\/image\/","url":"https:\/\/www.univ-guyane.fr\/wp-content\/uploads\/2024\/05\/f.png","contentUrl":"https:\/\/www.univ-guyane.fr\/wp-content\/uploads\/2024\/05\/f.png","width":1024,"height":1024,"caption":"Universit\u00e9 de Guyane"},"image":{"@id":"https:\/\/www.univ-guyane.fr\/#\/schema\/logo\/image\/"},"sameAs":["https:\/\/www.facebook.com\/univguyane","https:\/\/x.com\/univguyane","https:\/\/gf.linkedin.com\/school\/universite-de-guyane\/","https:\/\/www.instagram.com\/univ_guyane\/"]},{"@type":"Person","@id":"https:\/\/www.univ-guyane.fr\/#\/schema\/person\/86d946a28a8be51bb096ccfdf19db179","name":"Erick Loiti\u00e8re","image":{"@type":"ImageObject","inLanguage":"nl-NL","@id":"https:\/\/secure.gravatar.com\/avatar\/0584f332103fbeaf37e52c73b15dca3c547fd9300deb05764e9ad8714839d072?s=96&d=robohash&r=g","url":"https:\/\/secure.gravatar.com\/avatar\/0584f332103fbeaf37e52c73b15dca3c547fd9300deb05764e9ad8714839d072?s=96&d=robohash&r=g","contentUrl":"https:\/\/secure.gravatar.com\/avatar\/0584f332103fbeaf37e52c73b15dca3c547fd9300deb05764e9ad8714839d072?s=96&d=robohash&r=g","caption":"Erick Loiti\u00e8re"},"sameAs":["http:\/\/www.univ-guyane.fr"],"url":"https:\/\/www.univ-guyane.fr\/nl\/author\/eloitierdbz\/"}]}},"_links":{"self":[{"href":"https:\/\/www.univ-guyane.fr\/nl\/wp-json\/wp\/v2\/posts\/8638","targetHints":{"allow":["GET"]}}],"collection":[{"href":"https:\/\/www.univ-guyane.fr\/nl\/wp-json\/wp\/v2\/posts"}],"about":[{"href":"https:\/\/www.univ-guyane.fr\/nl\/wp-json\/wp\/v2\/types\/post"}],"author":[{"embeddable":true,"href":"https:\/\/www.univ-guyane.fr\/nl\/wp-json\/wp\/v2\/users\/1"}],"replies":[{"embeddable":true,"href":"https:\/\/www.univ-guyane.fr\/nl\/wp-json\/wp\/v2\/comments?post=8638"}],"version-history":[{"count":1,"href":"https:\/\/www.univ-guyane.fr\/nl\/wp-json\/wp\/v2\/posts\/8638\/revisions"}],"predecessor-version":[{"id":8640,"href":"https:\/\/www.univ-guyane.fr\/nl\/wp-json\/wp\/v2\/posts\/8638\/revisions\/8640"}],"wp:featuredmedia":[{"embeddable":true,"href":"https:\/\/www.univ-guyane.fr\/nl\/wp-json\/wp\/v2\/media\/8639"}],"wp:attachment":[{"href":"https:\/\/www.univ-guyane.fr\/nl\/wp-json\/wp\/v2\/media?parent=8638"}],"wp:term":[{"taxonomy":"category","embeddable":true,"href":"https:\/\/www.univ-guyane.fr\/nl\/wp-json\/wp\/v2\/categories?post=8638"},{"taxonomy":"post_tag","embeddable":true,"href":"https:\/\/www.univ-guyane.fr\/nl\/wp-json\/wp\/v2\/tags?post=8638"}],"curies":[{"name":"wp","href":"https:\/\/api.w.org\/{rel}","templated":true}]}}