{"id":8650,"date":"2022-11-18T11:47:32","date_gmt":"2022-11-18T14:47:32","guid":{"rendered":"https:\/\/www.univ-guyane.fr\/?p=8650"},"modified":"2024-06-18T11:52:04","modified_gmt":"2024-06-18T14:52:04","slug":"jean-moomou-discordance-de-la-memoire-coloniale-dans-lespace-public","status":"publish","type":"post","link":"https:\/\/www.univ-guyane.fr\/nl\/2022\/11\/18\/jean-moomou-discordance-de-la-memoire-coloniale-dans-lespace-public\/","title":{"rendered":"Jean Moomou, Discordantie van de koloniale herinnering in de publieke arena"},"content":{"rendered":"<div id=\"fws_69f3c7d99af6d\"  data-column-margin=\"default\" data-midnight=\"dark\"  class=\"wpb_row vc_row-fluid vc_row\"  style=\"padding-top: 0px; padding-bottom: 0px; \"><div class=\"row-bg-wrap\" data-bg-animation=\"none\" data-bg-animation-delay=\"\" data-bg-overlay=\"false\"><div class=\"inner-wrap row-bg-layer\" ><div class=\"row-bg viewport-desktop\"  style=\"\"><\/div><\/div><\/div><div class=\"row_col_wrap_12 col span_12 dark left\">\n\t<div  class=\"vc_col-sm-12 wpb_column column_container vc_column_container col no-extra-padding inherit_tablet inherit_phone\"  data-padding-pos=\"all\" data-has-bg-color=\"false\" data-bg-color=\"\" data-bg-opacity=\"1\" data-animation=\"\" data-delay=\"0\" >\n\t\t<div class=\"vc_column-inner\" >\n\t\t\t<div class=\"wpb_wrapper\">\n\t\t\t\t\n<div class=\"wpb_text_column wpb_content_element  chapo\" >\n\t<h2>In het kader van de lezingenreeks op donderdag zal Jean Moomou, universiteitshoogleraar moderne en hedendaagse geschiedenis, een lezing geven met als titel \"Discordantie van de koloniale herinnering in de publieke arena: de grenzen van het dekoloniale denken\". De lezing wordt georganiseerd door de Cultuurcommissie van de Universiteit van Guyana en het MINEA laboratorium en vindt plaats op donderdag 24 november 2022 om 18.00 uur in Amphith\u00e9\u00e2tre A.<\/h2>\n<\/div>\n\n\n\n\n<div class=\"wpb_text_column wpb_content_element\" >\n\t<div class=\"wpb_text_column wpb_content_element\">\n<div class=\"wpb_wrapper\">\n<span class=\"nectar-dropcap\" >\u00c0 <\/span>Een studie naar de koloniale herinnering in de openbare ruimte van steden in Frans West-Indi\u00eb en Guyana (1998-2020) laat zien hoe moeilijk het is om een collectieve herinnering op te bouwen die door iedereen wordt geaccepteerd. Hoe gaan we bijvoorbeeld om met Napoleon I, die op het Franse vasteland als een groot politicus wordt beschouwd, terwijl hij degene was die na de eerste afschaffing (1794) in 1802 de slavernij in Guadeloupe en Guyana herstelde?<\/p>\n<p>De opkomst van de \"contra-herinnering\", die begon in de jaren 1970, heeft sinds 1998 zeker legitimiteit gevonden in de publieke arena, op dezelfde manier als monumenten en odoniemen die de koloniale periode verheerlijken. Het heeft echter geleid tot concurrentie, wantrouwen en zelfs conflicten tussen degenen die verantwoordelijk zijn voor deze herinnering. Bovendien hebben de koloniale herinnering en de \"tegenherinnering\" gezelschap gekregen van nieuwe uitingen, die van de sociaal-culturele groepen die in deze gebieden leven, die soms geen directe banden hebben met de koloniale herinnering of met elkaar (zelf), en waarvan de uitwisseling vaak moeilijk blijft. Daden van vandalisme op openbare plaatsen getuigen hiervan.<\/p>\n<p>Deze toe-eigening of her-toe-eigening van het geheugen door Afro-afkomstigen, als een element van identiteitsconstructie, heeft echter zijn grenzen. Het doel van dit artikel is om dit aan te tonen.<\/p>\n<\/div>\n<\/div>\n<div class=\"wpb_text_column wpb_content_element vc_custom_1669897893048\">\n<div class=\"wpb_wrapper\">\n<p><strong>Presentatie van de spreker<\/strong><br \/>\nJean Moomou heeft een doctoraat in geschiedenis en beschaving van de \u00c9cole des Hautes \u00c9tudes en Sciences Sociales en is universiteitsprofessor moderne en hedendaagse geschiedenis aan het INSPE in Frans Guyana, gespecialiseerd in de wereld van het Amazonegebied en de Cara\u00efben. Hij werkt voornamelijk aan de marronsamenlevingen van de Amerika's, met name de marrons van Suriname (de Boni), en meer recent aan de creoolse samenlevingen van Frans Guyana en Frans West-Indi\u00eb.<\/p>\n<\/div>\n<\/div>\n<\/div>\n\n\n\n\n\t\t\t<\/div> \n\t\t<\/div>\n\t<\/div> \n<\/div><\/div>","protected":false},"excerpt":{"rendered":"Jean Moomou, universiteitshoogleraar moderne en hedendaagse geschiedenis, geeft op donderdag een reeks lezingen over...","protected":false},"author":1,"featured_media":8651,"comment_status":"closed","ping_status":"open","sticky":false,"template":"","format":"standard","meta":{"iawp_total_views":153,"footnotes":""},"categories":[239,7,187],"tags":[],"class_list":{"0":"post-8650","1":"post","2":"type-post","3":"status-publish","4":"format-standard","5":"has-post-thumbnail","7":"category-culture","8":"category-inspe","9":"category-minea"},"yoast_head":"<!-- This site is optimized with the Yoast SEO plugin v27.5 - https:\/\/yoast.com\/product\/yoast-seo-wordpress\/ -->\n<title>Jean Moomou, Discordance de la m\u00e9moire coloniale dans l\u2019espace public &#8212; Universit\u00e9 de Guyane<\/title>\n<meta name=\"description\" content=\"D\u00e9couvrez l&#039;inscription de la m\u00e9moire coloniale dans l&#039;espace public des villes antillaises et guyanaises. Une r\u00e9flexion sur la construction d&#039;une m\u00e9moire collective accept\u00e9e.\" \/>\n<meta name=\"robots\" content=\"index, follow, max-snippet:-1, max-image-preview:large, max-video-preview:-1\" \/>\n<link rel=\"canonical\" href=\"https:\/\/www.univ-guyane.fr\/nl\/2022\/11\/18\/jean-moomou-discordance-de-la-memoire-coloniale-dans-lespace-public\/\" \/>\n<meta property=\"og:locale\" content=\"nl_NL\" \/>\n<meta property=\"og:type\" content=\"article\" \/>\n<meta property=\"og:title\" content=\"Jean Moomou, Discordance de la m\u00e9moire coloniale dans l\u2019espace public &#8212; Universit\u00e9 de Guyane\" \/>\n<meta property=\"og:description\" content=\"D\u00e9couvrez l&#039;inscription de la m\u00e9moire coloniale dans l&#039;espace public des villes antillaises et guyanaises. Une r\u00e9flexion sur la construction d&#039;une m\u00e9moire collective accept\u00e9e.\" \/>\n<meta property=\"og:url\" content=\"https:\/\/www.univ-guyane.fr\/nl\/2022\/11\/18\/jean-moomou-discordance-de-la-memoire-coloniale-dans-lespace-public\/\" \/>\n<meta property=\"og:site_name\" content=\"Universit\u00e9 de Guyane\" \/>\n<meta property=\"article:publisher\" content=\"https:\/\/www.facebook.com\/univguyane\" \/>\n<meta property=\"article:published_time\" content=\"2022-11-18T14:47:32+00:00\" \/>\n<meta property=\"article:modified_time\" content=\"2024-06-18T14:52:04+00:00\" \/>\n<meta property=\"og:image\" content=\"https:\/\/www.univ-guyane.fr\/wp-content\/uploads\/jeudis-conferences-universite-de-guyane.jpeg\" \/>\n\t<meta property=\"og:image:width\" content=\"1800\" \/>\n\t<meta property=\"og:image:height\" content=\"1013\" \/>\n\t<meta property=\"og:image:type\" content=\"image\/jpeg\" \/>\n<meta name=\"author\" content=\"Erick Loiti\u00e8re\" \/>\n<meta name=\"twitter:card\" content=\"summary_large_image\" \/>\n<meta name=\"twitter:creator\" content=\"@univguyane\" \/>\n<meta name=\"twitter:site\" content=\"@univguyane\" \/>\n<meta name=\"twitter:label1\" content=\"Geschreven door\" \/>\n\t<meta name=\"twitter:data1\" content=\"Erick Loiti\u00e8re\" \/>\n\t<meta name=\"twitter:label2\" content=\"Geschatte leestijd\" \/>\n\t<meta name=\"twitter:data2\" content=\"3 minuten\" \/>\n<script type=\"application\/ld+json\" class=\"yoast-schema-graph\">{\"@context\":\"https:\\\/\\\/schema.org\",\"@graph\":[{\"@type\":\"Article\",\"@id\":\"https:\\\/\\\/www.univ-guyane.fr\\\/2022\\\/11\\\/18\\\/jean-moomou-discordance-de-la-memoire-coloniale-dans-lespace-public\\\/#article\",\"isPartOf\":{\"@id\":\"https:\\\/\\\/www.univ-guyane.fr\\\/2022\\\/11\\\/18\\\/jean-moomou-discordance-de-la-memoire-coloniale-dans-lespace-public\\\/\"},\"author\":{\"name\":\"Erick Loiti\u00e8re\",\"@id\":\"https:\\\/\\\/www.univ-guyane.fr\\\/#\\\/schema\\\/person\\\/86d946a28a8be51bb096ccfdf19db179\"},\"headline\":\"Jean Moomou, Discordance de la m\u00e9moire coloniale dans l\u2019espace public\",\"datePublished\":\"2022-11-18T14:47:32+00:00\",\"dateModified\":\"2024-06-18T14:52:04+00:00\",\"mainEntityOfPage\":{\"@id\":\"https:\\\/\\\/www.univ-guyane.fr\\\/2022\\\/11\\\/18\\\/jean-moomou-discordance-de-la-memoire-coloniale-dans-lespace-public\\\/\"},\"wordCount\":582,\"publisher\":{\"@id\":\"https:\\\/\\\/www.univ-guyane.fr\\\/#organization\"},\"image\":{\"@id\":\"https:\\\/\\\/www.univ-guyane.fr\\\/2022\\\/11\\\/18\\\/jean-moomou-discordance-de-la-memoire-coloniale-dans-lespace-public\\\/#primaryimage\"},\"thumbnailUrl\":\"https:\\\/\\\/www.univ-guyane.fr\\\/wp-content\\\/uploads\\\/jeudis-conferences-universite-de-guyane.jpeg\",\"articleSection\":[\"\u2022 Culture\",\"\u2022 INSPE\",\"\u2022\u00a0MINEA\"],\"inLanguage\":\"nl-NL\"},{\"@type\":\"WebPage\",\"@id\":\"https:\\\/\\\/www.univ-guyane.fr\\\/2022\\\/11\\\/18\\\/jean-moomou-discordance-de-la-memoire-coloniale-dans-lespace-public\\\/\",\"url\":\"https:\\\/\\\/www.univ-guyane.fr\\\/2022\\\/11\\\/18\\\/jean-moomou-discordance-de-la-memoire-coloniale-dans-lespace-public\\\/\",\"name\":\"Jean Moomou, Discordance de la m\u00e9moire coloniale dans l\u2019espace public &#8212; Universit\u00e9 de Guyane\",\"isPartOf\":{\"@id\":\"https:\\\/\\\/www.univ-guyane.fr\\\/#website\"},\"primaryImageOfPage\":{\"@id\":\"https:\\\/\\\/www.univ-guyane.fr\\\/2022\\\/11\\\/18\\\/jean-moomou-discordance-de-la-memoire-coloniale-dans-lespace-public\\\/#primaryimage\"},\"image\":{\"@id\":\"https:\\\/\\\/www.univ-guyane.fr\\\/2022\\\/11\\\/18\\\/jean-moomou-discordance-de-la-memoire-coloniale-dans-lespace-public\\\/#primaryimage\"},\"thumbnailUrl\":\"https:\\\/\\\/www.univ-guyane.fr\\\/wp-content\\\/uploads\\\/jeudis-conferences-universite-de-guyane.jpeg\",\"datePublished\":\"2022-11-18T14:47:32+00:00\",\"dateModified\":\"2024-06-18T14:52:04+00:00\",\"description\":\"D\u00e9couvrez l'inscription de la m\u00e9moire coloniale dans l'espace public des villes antillaises et guyanaises. Une r\u00e9flexion sur la construction d'une m\u00e9moire collective accept\u00e9e.\",\"breadcrumb\":{\"@id\":\"https:\\\/\\\/www.univ-guyane.fr\\\/2022\\\/11\\\/18\\\/jean-moomou-discordance-de-la-memoire-coloniale-dans-lespace-public\\\/#breadcrumb\"},\"inLanguage\":\"nl-NL\",\"potentialAction\":[{\"@type\":\"ReadAction\",\"target\":[\"https:\\\/\\\/www.univ-guyane.fr\\\/2022\\\/11\\\/18\\\/jean-moomou-discordance-de-la-memoire-coloniale-dans-lespace-public\\\/\"]}]},{\"@type\":\"ImageObject\",\"inLanguage\":\"nl-NL\",\"@id\":\"https:\\\/\\\/www.univ-guyane.fr\\\/2022\\\/11\\\/18\\\/jean-moomou-discordance-de-la-memoire-coloniale-dans-lespace-public\\\/#primaryimage\",\"url\":\"https:\\\/\\\/www.univ-guyane.fr\\\/wp-content\\\/uploads\\\/jeudis-conferences-universite-de-guyane.jpeg\",\"contentUrl\":\"https:\\\/\\\/www.univ-guyane.fr\\\/wp-content\\\/uploads\\\/jeudis-conferences-universite-de-guyane.jpeg\",\"width\":1800,\"height\":1013,\"caption\":\"Jean Moomou, Discordance de la m\u00e9moire coloniale dans l\u2019espace public\"},{\"@type\":\"BreadcrumbList\",\"@id\":\"https:\\\/\\\/www.univ-guyane.fr\\\/2022\\\/11\\\/18\\\/jean-moomou-discordance-de-la-memoire-coloniale-dans-lespace-public\\\/#breadcrumb\",\"itemListElement\":[{\"@type\":\"ListItem\",\"position\":1,\"name\":\"Accueil\",\"item\":\"https:\\\/\\\/www.univ-guyane.fr\\\/\"},{\"@type\":\"ListItem\",\"position\":2,\"name\":\"Jean Moomou, Discordance de la m\u00e9moire coloniale dans l\u2019espace public\"}]},{\"@type\":\"WebSite\",\"@id\":\"https:\\\/\\\/www.univ-guyane.fr\\\/#website\",\"url\":\"https:\\\/\\\/www.univ-guyane.fr\\\/\",\"name\":\"Universit\u00e9 de Guyane\",\"description\":\"Au c\u0153ur de l&#039;amazonie\",\"publisher\":{\"@id\":\"https:\\\/\\\/www.univ-guyane.fr\\\/#organization\"},\"alternateName\":\"UG\",\"potentialAction\":[{\"@type\":\"SearchAction\",\"target\":{\"@type\":\"EntryPoint\",\"urlTemplate\":\"https:\\\/\\\/www.univ-guyane.fr\\\/?s={search_term_string}\"},\"query-input\":{\"@type\":\"PropertyValueSpecification\",\"valueRequired\":true,\"valueName\":\"search_term_string\"}}],\"inLanguage\":\"nl-NL\"},{\"@type\":\"Organization\",\"@id\":\"https:\\\/\\\/www.univ-guyane.fr\\\/#organization\",\"name\":\"Universit\u00e9 de Guyane\",\"alternateName\":\"UG\",\"url\":\"https:\\\/\\\/www.univ-guyane.fr\\\/\",\"logo\":{\"@type\":\"ImageObject\",\"inLanguage\":\"nl-NL\",\"@id\":\"https:\\\/\\\/www.univ-guyane.fr\\\/#\\\/schema\\\/logo\\\/image\\\/\",\"url\":\"https:\\\/\\\/www.univ-guyane.fr\\\/wp-content\\\/uploads\\\/2024\\\/05\\\/f.png\",\"contentUrl\":\"https:\\\/\\\/www.univ-guyane.fr\\\/wp-content\\\/uploads\\\/2024\\\/05\\\/f.png\",\"width\":1024,\"height\":1024,\"caption\":\"Universit\u00e9 de Guyane\"},\"image\":{\"@id\":\"https:\\\/\\\/www.univ-guyane.fr\\\/#\\\/schema\\\/logo\\\/image\\\/\"},\"sameAs\":[\"https:\\\/\\\/www.facebook.com\\\/univguyane\",\"https:\\\/\\\/x.com\\\/univguyane\",\"https:\\\/\\\/gf.linkedin.com\\\/school\\\/universite-de-guyane\\\/\",\"https:\\\/\\\/www.instagram.com\\\/univ_guyane\\\/\"]},{\"@type\":\"Person\",\"@id\":\"https:\\\/\\\/www.univ-guyane.fr\\\/#\\\/schema\\\/person\\\/86d946a28a8be51bb096ccfdf19db179\",\"name\":\"Erick Loiti\u00e8re\",\"image\":{\"@type\":\"ImageObject\",\"inLanguage\":\"nl-NL\",\"@id\":\"https:\\\/\\\/secure.gravatar.com\\\/avatar\\\/0584f332103fbeaf37e52c73b15dca3c547fd9300deb05764e9ad8714839d072?s=96&d=robohash&r=g\",\"url\":\"https:\\\/\\\/secure.gravatar.com\\\/avatar\\\/0584f332103fbeaf37e52c73b15dca3c547fd9300deb05764e9ad8714839d072?s=96&d=robohash&r=g\",\"contentUrl\":\"https:\\\/\\\/secure.gravatar.com\\\/avatar\\\/0584f332103fbeaf37e52c73b15dca3c547fd9300deb05764e9ad8714839d072?s=96&d=robohash&r=g\",\"caption\":\"Erick Loiti\u00e8re\"},\"sameAs\":[\"http:\\\/\\\/www.univ-guyane.fr\"],\"url\":\"https:\\\/\\\/www.univ-guyane.fr\\\/nl\\\/author\\\/eloitierdbz\\\/\"}]}<\/script>\n<!-- \/ Yoast SEO plugin. -->","yoast_head_json":{"title":"Jean Moomou, Discordance de la m\u00e9moire coloniale dans l\u2019espace public &#8212; Universit\u00e9 de Guyane","description":"D\u00e9couvrez l'inscription de la m\u00e9moire coloniale dans l'espace public des villes antillaises et guyanaises. Une r\u00e9flexion sur la construction d'une m\u00e9moire collective accept\u00e9e.","robots":{"index":"index","follow":"follow","max-snippet":"max-snippet:-1","max-image-preview":"max-image-preview:large","max-video-preview":"max-video-preview:-1"},"canonical":"https:\/\/www.univ-guyane.fr\/nl\/2022\/11\/18\/jean-moomou-discordance-de-la-memoire-coloniale-dans-lespace-public\/","og_locale":"nl_NL","og_type":"article","og_title":"Jean Moomou, Discordance de la m\u00e9moire coloniale dans l\u2019espace public &#8212; Universit\u00e9 de Guyane","og_description":"D\u00e9couvrez l'inscription de la m\u00e9moire coloniale dans l'espace public des villes antillaises et guyanaises. Une r\u00e9flexion sur la construction d'une m\u00e9moire collective accept\u00e9e.","og_url":"https:\/\/www.univ-guyane.fr\/nl\/2022\/11\/18\/jean-moomou-discordance-de-la-memoire-coloniale-dans-lespace-public\/","og_site_name":"Universit\u00e9 de Guyane","article_publisher":"https:\/\/www.facebook.com\/univguyane","article_published_time":"2022-11-18T14:47:32+00:00","article_modified_time":"2024-06-18T14:52:04+00:00","og_image":[{"width":1800,"height":1013,"url":"https:\/\/www.univ-guyane.fr\/wp-content\/uploads\/jeudis-conferences-universite-de-guyane.jpeg","type":"image\/jpeg"}],"author":"Erick Loiti\u00e8re","twitter_card":"summary_large_image","twitter_creator":"@univguyane","twitter_site":"@univguyane","twitter_misc":{"Geschreven door":"Erick Loiti\u00e8re","Geschatte leestijd":"3 minuten"},"schema":{"@context":"https:\/\/schema.org","@graph":[{"@type":"Article","@id":"https:\/\/www.univ-guyane.fr\/2022\/11\/18\/jean-moomou-discordance-de-la-memoire-coloniale-dans-lespace-public\/#article","isPartOf":{"@id":"https:\/\/www.univ-guyane.fr\/2022\/11\/18\/jean-moomou-discordance-de-la-memoire-coloniale-dans-lespace-public\/"},"author":{"name":"Erick Loiti\u00e8re","@id":"https:\/\/www.univ-guyane.fr\/#\/schema\/person\/86d946a28a8be51bb096ccfdf19db179"},"headline":"Jean Moomou, Discordance de la m\u00e9moire coloniale dans l\u2019espace public","datePublished":"2022-11-18T14:47:32+00:00","dateModified":"2024-06-18T14:52:04+00:00","mainEntityOfPage":{"@id":"https:\/\/www.univ-guyane.fr\/2022\/11\/18\/jean-moomou-discordance-de-la-memoire-coloniale-dans-lespace-public\/"},"wordCount":582,"publisher":{"@id":"https:\/\/www.univ-guyane.fr\/#organization"},"image":{"@id":"https:\/\/www.univ-guyane.fr\/2022\/11\/18\/jean-moomou-discordance-de-la-memoire-coloniale-dans-lespace-public\/#primaryimage"},"thumbnailUrl":"https:\/\/www.univ-guyane.fr\/wp-content\/uploads\/jeudis-conferences-universite-de-guyane.jpeg","articleSection":["\u2022 Culture","\u2022 INSPE","\u2022\u00a0MINEA"],"inLanguage":"nl-NL"},{"@type":"WebPage","@id":"https:\/\/www.univ-guyane.fr\/2022\/11\/18\/jean-moomou-discordance-de-la-memoire-coloniale-dans-lespace-public\/","url":"https:\/\/www.univ-guyane.fr\/2022\/11\/18\/jean-moomou-discordance-de-la-memoire-coloniale-dans-lespace-public\/","name":"Jean Moomou, Discordance de la m\u00e9moire coloniale dans l\u2019espace public &#8212; Universit\u00e9 de Guyane","isPartOf":{"@id":"https:\/\/www.univ-guyane.fr\/#website"},"primaryImageOfPage":{"@id":"https:\/\/www.univ-guyane.fr\/2022\/11\/18\/jean-moomou-discordance-de-la-memoire-coloniale-dans-lespace-public\/#primaryimage"},"image":{"@id":"https:\/\/www.univ-guyane.fr\/2022\/11\/18\/jean-moomou-discordance-de-la-memoire-coloniale-dans-lespace-public\/#primaryimage"},"thumbnailUrl":"https:\/\/www.univ-guyane.fr\/wp-content\/uploads\/jeudis-conferences-universite-de-guyane.jpeg","datePublished":"2022-11-18T14:47:32+00:00","dateModified":"2024-06-18T14:52:04+00:00","description":"D\u00e9couvrez l'inscription de la m\u00e9moire coloniale dans l'espace public des villes antillaises et guyanaises. Une r\u00e9flexion sur la construction d'une m\u00e9moire collective accept\u00e9e.","breadcrumb":{"@id":"https:\/\/www.univ-guyane.fr\/2022\/11\/18\/jean-moomou-discordance-de-la-memoire-coloniale-dans-lespace-public\/#breadcrumb"},"inLanguage":"nl-NL","potentialAction":[{"@type":"ReadAction","target":["https:\/\/www.univ-guyane.fr\/2022\/11\/18\/jean-moomou-discordance-de-la-memoire-coloniale-dans-lespace-public\/"]}]},{"@type":"ImageObject","inLanguage":"nl-NL","@id":"https:\/\/www.univ-guyane.fr\/2022\/11\/18\/jean-moomou-discordance-de-la-memoire-coloniale-dans-lespace-public\/#primaryimage","url":"https:\/\/www.univ-guyane.fr\/wp-content\/uploads\/jeudis-conferences-universite-de-guyane.jpeg","contentUrl":"https:\/\/www.univ-guyane.fr\/wp-content\/uploads\/jeudis-conferences-universite-de-guyane.jpeg","width":1800,"height":1013,"caption":"Jean Moomou, Discordance de la m\u00e9moire coloniale dans l\u2019espace public"},{"@type":"BreadcrumbList","@id":"https:\/\/www.univ-guyane.fr\/2022\/11\/18\/jean-moomou-discordance-de-la-memoire-coloniale-dans-lespace-public\/#breadcrumb","itemListElement":[{"@type":"ListItem","position":1,"name":"Accueil","item":"https:\/\/www.univ-guyane.fr\/"},{"@type":"ListItem","position":2,"name":"Jean Moomou, Discordance de la m\u00e9moire coloniale dans l\u2019espace public"}]},{"@type":"WebSite","@id":"https:\/\/www.univ-guyane.fr\/#website","url":"https:\/\/www.univ-guyane.fr\/","name":"Universiteit van Guyana","description":"In het hart van Amazonia","publisher":{"@id":"https:\/\/www.univ-guyane.fr\/#organization"},"alternateName":"UG","potentialAction":[{"@type":"SearchAction","target":{"@type":"EntryPoint","urlTemplate":"https:\/\/www.univ-guyane.fr\/?s={search_term_string}"},"query-input":{"@type":"PropertyValueSpecification","valueRequired":true,"valueName":"search_term_string"}}],"inLanguage":"nl-NL"},{"@type":"Organization","@id":"https:\/\/www.univ-guyane.fr\/#organization","name":"Universiteit van Guyana","alternateName":"UG","url":"https:\/\/www.univ-guyane.fr\/","logo":{"@type":"ImageObject","inLanguage":"nl-NL","@id":"https:\/\/www.univ-guyane.fr\/#\/schema\/logo\/image\/","url":"https:\/\/www.univ-guyane.fr\/wp-content\/uploads\/2024\/05\/f.png","contentUrl":"https:\/\/www.univ-guyane.fr\/wp-content\/uploads\/2024\/05\/f.png","width":1024,"height":1024,"caption":"Universit\u00e9 de Guyane"},"image":{"@id":"https:\/\/www.univ-guyane.fr\/#\/schema\/logo\/image\/"},"sameAs":["https:\/\/www.facebook.com\/univguyane","https:\/\/x.com\/univguyane","https:\/\/gf.linkedin.com\/school\/universite-de-guyane\/","https:\/\/www.instagram.com\/univ_guyane\/"]},{"@type":"Person","@id":"https:\/\/www.univ-guyane.fr\/#\/schema\/person\/86d946a28a8be51bb096ccfdf19db179","name":"Erick Loiti\u00e8re","image":{"@type":"ImageObject","inLanguage":"nl-NL","@id":"https:\/\/secure.gravatar.com\/avatar\/0584f332103fbeaf37e52c73b15dca3c547fd9300deb05764e9ad8714839d072?s=96&d=robohash&r=g","url":"https:\/\/secure.gravatar.com\/avatar\/0584f332103fbeaf37e52c73b15dca3c547fd9300deb05764e9ad8714839d072?s=96&d=robohash&r=g","contentUrl":"https:\/\/secure.gravatar.com\/avatar\/0584f332103fbeaf37e52c73b15dca3c547fd9300deb05764e9ad8714839d072?s=96&d=robohash&r=g","caption":"Erick Loiti\u00e8re"},"sameAs":["http:\/\/www.univ-guyane.fr"],"url":"https:\/\/www.univ-guyane.fr\/nl\/author\/eloitierdbz\/"}]}},"_links":{"self":[{"href":"https:\/\/www.univ-guyane.fr\/nl\/wp-json\/wp\/v2\/posts\/8650","targetHints":{"allow":["GET"]}}],"collection":[{"href":"https:\/\/www.univ-guyane.fr\/nl\/wp-json\/wp\/v2\/posts"}],"about":[{"href":"https:\/\/www.univ-guyane.fr\/nl\/wp-json\/wp\/v2\/types\/post"}],"author":[{"embeddable":true,"href":"https:\/\/www.univ-guyane.fr\/nl\/wp-json\/wp\/v2\/users\/1"}],"replies":[{"embeddable":true,"href":"https:\/\/www.univ-guyane.fr\/nl\/wp-json\/wp\/v2\/comments?post=8650"}],"version-history":[{"count":1,"href":"https:\/\/www.univ-guyane.fr\/nl\/wp-json\/wp\/v2\/posts\/8650\/revisions"}],"predecessor-version":[{"id":8652,"href":"https:\/\/www.univ-guyane.fr\/nl\/wp-json\/wp\/v2\/posts\/8650\/revisions\/8652"}],"wp:featuredmedia":[{"embeddable":true,"href":"https:\/\/www.univ-guyane.fr\/nl\/wp-json\/wp\/v2\/media\/8651"}],"wp:attachment":[{"href":"https:\/\/www.univ-guyane.fr\/nl\/wp-json\/wp\/v2\/media?parent=8650"}],"wp:term":[{"taxonomy":"category","embeddable":true,"href":"https:\/\/www.univ-guyane.fr\/nl\/wp-json\/wp\/v2\/categories?post=8650"},{"taxonomy":"post_tag","embeddable":true,"href":"https:\/\/www.univ-guyane.fr\/nl\/wp-json\/wp\/v2\/tags?post=8650"}],"curies":[{"name":"wp","href":"https:\/\/api.w.org\/{rel}","templated":true}]}}