{"id":8688,"date":"2022-10-03T15:10:07","date_gmt":"2022-10-03T18:10:07","guid":{"rendered":"https:\/\/www.univ-guyane.fr\/?p=8688"},"modified":"2024-06-18T15:13:00","modified_gmt":"2024-06-18T18:13:00","slug":"le-famnenisme-de-fabienne-kanor-tisser-racines-et-goumer-ensemble","status":"publish","type":"post","link":"https:\/\/www.univ-guyane.fr\/nl\/2022\/10\/03\/le-famnenisme-de-fabienne-kanor-tisser-racines-et-goumer-ensemble\/","title":{"rendered":"Le famn\u00e9nisme de Fabienne Kanor: wortels en goumer samen weven"},"content":{"rendered":"<div id=\"fws_69f5835dafac1\"  data-column-margin=\"default\" data-midnight=\"dark\"  class=\"wpb_row vc_row-fluid vc_row\"  style=\"padding-top: 0px; padding-bottom: 0px; \"><div class=\"row-bg-wrap\" data-bg-animation=\"none\" data-bg-animation-delay=\"\" data-bg-overlay=\"false\"><div class=\"inner-wrap row-bg-layer\" ><div class=\"row-bg viewport-desktop\"  style=\"\"><\/div><\/div><\/div><div class=\"row_col_wrap_12 col span_12 dark left\">\n\t<div  class=\"vc_col-sm-12 wpb_column column_container vc_column_container col no-extra-padding inherit_tablet inherit_phone\"  data-padding-pos=\"all\" data-has-bg-color=\"false\" data-bg-color=\"\" data-bg-opacity=\"1\" data-animation=\"\" data-delay=\"0\" >\n\t\t<div class=\"vc_column-inner\" >\n\t\t\t<div class=\"wpb_wrapper\">\n\t\t\t\t\n<div class=\"wpb_text_column wpb_content_element  chapo\" >\n\t<h2 class=\"justify\">In het kader van het FEMPOCO-seminar geeft Gladys M. Francis, universiteitsprofessor aan Howard University, een lezing getiteld: \"Le famn\u00e9nisme de Fabienne Kanor: Tisser racines et goumer ensemble\", op maandag 10 oktober 2022 van 18.00 tot 20.00 uur in Amphi E.<\/h2>\n<\/div>\n\n\n\n\n<div class=\"wpb_text_column wpb_content_element\" >\n\t<div class=\"wpb_text_column wpb_content_element\">\n<div class=\"wpb_wrapper\">\n<span class=\"nectar-dropcap\" >L <\/span>et feminisme van Fabienne Kanor - een gerenommeerd kunstenares, romanschrijfster, journaliste en filmmaakster - wordt gekenmerkt door neokoloniale ecosystemen die de mechanismen en strategie\u00ebn onthullen waarmee trauma's in de lichamen van zwarte vrouwen tot uiting komen of opnieuw worden beschreven. Fabienne Kanor, oorspronkelijk afkomstig uit Martinique, betrekt Afrika, de zwarte diaspora en het Caribisch gebied in haar werk via het thema van traumatische opsluiting, dat zij \"de po\u00ebtica van de greep\" noemt.<\/p>\n<\/div>\n<\/div>\n<div class=\"wpb_text_column wpb_content_element\">\n<div class=\"wpb_wrapper\">\n<div id=\"lipsum\">\n<p>Deze omsloten ruimte (waar de wreedheid van geografische dislocatie een impact heeft op het psychologische, emotionele en sociale) belichaamt ook een Creoolse, feministische en transformatieve cartografie die Kanor theoretiseert onder de term <em>fanmenisme<\/em>. Een aantal romans, filmfragmenten en performances zullen worden gepresenteerd om Fabienne Kanors zwarte feminisme te begrijpen, gevangen tussen vergetelheid en herinnering, gevangenschap en deportatie, macht en machteloosheid, orde en wanorde. Dit repertoire zal Kanors engagement benadrukken om onze lichamen te mobiliseren en ons opnieuw in contact te brengen met de diversiteit van onze ervaringen. <em>fanmaker<\/em>. Het gaat over het ontdekken van individuele weerstand en de <em>goum\u00e9 ansanm<\/em> die kan voortkomen uit trauma. Door dit verzet proberen Kanors vrouwelijke personages en\/of subjecten hun eigen intieme en priv\u00e9ruimtes te cre\u00ebren, die tegelijkertijd hun seksuele subjectiviteit en verboden verlangens onthullen.<\/p>\n<\/div>\n<\/div>\n<\/div>\n<div class=\"wpb_text_column wpb_content_element vc_custom_1664807828497\">\n<div class=\"wpb_wrapper\">\n<p><strong>Over de spreker<\/strong><\/p>\n<p><strong>Gladys M. Francis <\/strong>is decaan en universiteitshoogleraar aan de Howard University (Washington DC, VS) waar ze leiding geeft aan het Office of Academic and Student Affairs in het College of Arts and Sciences (COAS) en ook verantwoordelijk is voor de ontwikkeling van innovatieve en internationale curricula voor alle academische afdelingen van COAS. Ze is gespecialiseerd in Afrikaanse, Franstalige, culturele en theoretische studies. Haar recente interdisciplinaire werk richt zich op de esthetiek van representaties van het lijdende lichaam in literatuur en beeldende kunst. Ze onderzoekt kwesties van sociale rechtvaardigheid, verzet, trauma, identiteitsconstructie, gender en seksualiteit. Dr. Francis wordt overal ter wereld gevraagd als consultant en onderzoeker op het gebied van identiteitsvorming en sociale rechtvaardigheid met betrekking tot onder andere gender, etniciteit en klasse. Ze heeft twee leerstoelen in de geesteswetenschappen, meer dan vijf miljoen dollar bijeengebracht voor educatieve en culturele missies, verschillende nationale en internationale beurzen en drie onderscheidingen voor uitmuntend onderwijs. In 2019 ontving ze de Faculty of Arts and Sciences Award for Excellence in Diversity, Equity and Inclusion. Dr. Gladys M. Francis heeft meer dan veertig artikelen op haar vakgebied en vier boeken op haar naam staan. <em>Liefde, seks, gender en trauma in de Franstalige Cara\u00efben<\/em>\u00a0(2016), <em>Odious Caribbean Women: De tastbare esthetiek van transgressie<\/em> (2017), <em>Episch<\/em> <em>Creools: Verhalen over transgressie <\/em>(2022), en <em>Fabienne Kanor in Misstap<\/em> (2022).<\/p>\n<\/div>\n<\/div>\n<\/div>\n\n\n\n\n\t\t\t<\/div> \n\t\t<\/div>\n\t<\/div> \n<\/div><\/div>","protected":false},"excerpt":{"rendered":"Als onderdeel van het FEMPOCO-seminar heeft Gladys M. Francis, universiteitsprofessor aan de Howard Steiger...","protected":false},"author":1,"featured_media":8689,"comment_status":"closed","ping_status":"open","sticky":false,"template":"","format":"standard","meta":{"iawp_total_views":58,"footnotes":""},"categories":[234,14,187],"tags":[],"class_list":{"0":"post-8688","1":"post","2":"type-post","3":"status-publish","4":"format-standard","5":"has-post-thumbnail","7":"category-a-la-une","8":"category-lsh","9":"category-minea"},"yoast_head":"<!-- This site is optimized with the Yoast SEO plugin v27.5 - https:\/\/yoast.com\/product\/yoast-seo-wordpress\/ -->\n<title>Le famn\u00e9nisme de Fabienne Kanor : Tisser racines et goumer ensemble &#8212; Universit\u00e9 de Guyane<\/title>\n<meta name=\"description\" content=\"D\u00e9couvrez la th\u00e9matique captivante du fanm\u00e9nisme d\u00e9velopp\u00e9 par Fabienne Kanor \u00e0 travers son \u0153uvre artistique pluridisciplinaire.\" \/>\n<meta name=\"robots\" content=\"index, follow, max-snippet:-1, max-image-preview:large, max-video-preview:-1\" \/>\n<link rel=\"canonical\" href=\"https:\/\/www.univ-guyane.fr\/nl\/2022\/10\/03\/le-famnenisme-de-fabienne-kanor-tisser-racines-et-goumer-ensemble\/\" \/>\n<meta property=\"og:locale\" content=\"nl_NL\" \/>\n<meta property=\"og:type\" content=\"article\" \/>\n<meta property=\"og:title\" content=\"Le famn\u00e9nisme de Fabienne Kanor : Tisser racines et goumer ensemble &#8212; Universit\u00e9 de Guyane\" \/>\n<meta property=\"og:description\" content=\"D\u00e9couvrez la th\u00e9matique captivante du fanm\u00e9nisme d\u00e9velopp\u00e9 par Fabienne Kanor \u00e0 travers son \u0153uvre artistique pluridisciplinaire.\" \/>\n<meta property=\"og:url\" content=\"https:\/\/www.univ-guyane.fr\/nl\/2022\/10\/03\/le-famnenisme-de-fabienne-kanor-tisser-racines-et-goumer-ensemble\/\" \/>\n<meta property=\"og:site_name\" content=\"Universit\u00e9 de Guyane\" \/>\n<meta property=\"article:publisher\" content=\"https:\/\/www.facebook.com\/univguyane\" \/>\n<meta property=\"article:published_time\" content=\"2022-10-03T18:10:07+00:00\" \/>\n<meta property=\"article:modified_time\" content=\"2024-06-18T18:13:00+00:00\" \/>\n<meta property=\"og:image\" content=\"https:\/\/www.univ-guyane.fr\/wp-content\/uploads\/conference-fempoco-famnenisme-oct-2022-universite-de-guyane.jpeg\" \/>\n\t<meta property=\"og:image:width\" content=\"1800\" \/>\n\t<meta property=\"og:image:height\" content=\"1013\" \/>\n\t<meta property=\"og:image:type\" content=\"image\/jpeg\" \/>\n<meta name=\"author\" content=\"Erick Loiti\u00e8re\" \/>\n<meta name=\"twitter:card\" content=\"summary_large_image\" \/>\n<meta name=\"twitter:creator\" content=\"@univguyane\" \/>\n<meta name=\"twitter:site\" content=\"@univguyane\" \/>\n<meta name=\"twitter:label1\" content=\"Geschreven door\" \/>\n\t<meta name=\"twitter:data1\" content=\"Erick Loiti\u00e8re\" \/>\n\t<meta name=\"twitter:label2\" content=\"Geschatte leestijd\" \/>\n\t<meta name=\"twitter:data2\" content=\"4 minuten\" \/>\n<script type=\"application\/ld+json\" class=\"yoast-schema-graph\">{\"@context\":\"https:\\\/\\\/schema.org\",\"@graph\":[{\"@type\":\"Article\",\"@id\":\"https:\\\/\\\/www.univ-guyane.fr\\\/2022\\\/10\\\/03\\\/le-famnenisme-de-fabienne-kanor-tisser-racines-et-goumer-ensemble\\\/#article\",\"isPartOf\":{\"@id\":\"https:\\\/\\\/www.univ-guyane.fr\\\/2022\\\/10\\\/03\\\/le-famnenisme-de-fabienne-kanor-tisser-racines-et-goumer-ensemble\\\/\"},\"author\":{\"name\":\"Erick Loiti\u00e8re\",\"@id\":\"https:\\\/\\\/www.univ-guyane.fr\\\/#\\\/schema\\\/person\\\/86d946a28a8be51bb096ccfdf19db179\"},\"headline\":\"Le famn\u00e9nisme de Fabienne Kanor : Tisser racines et goumer ensemble\",\"datePublished\":\"2022-10-03T18:10:07+00:00\",\"dateModified\":\"2024-06-18T18:13:00+00:00\",\"mainEntityOfPage\":{\"@id\":\"https:\\\/\\\/www.univ-guyane.fr\\\/2022\\\/10\\\/03\\\/le-famnenisme-de-fabienne-kanor-tisser-racines-et-goumer-ensemble\\\/\"},\"wordCount\":768,\"publisher\":{\"@id\":\"https:\\\/\\\/www.univ-guyane.fr\\\/#organization\"},\"image\":{\"@id\":\"https:\\\/\\\/www.univ-guyane.fr\\\/2022\\\/10\\\/03\\\/le-famnenisme-de-fabienne-kanor-tisser-racines-et-goumer-ensemble\\\/#primaryimage\"},\"thumbnailUrl\":\"https:\\\/\\\/www.univ-guyane.fr\\\/wp-content\\\/uploads\\\/conference-fempoco-famnenisme-oct-2022-universite-de-guyane.jpeg\",\"articleSection\":[\"\u2022 \u00c0 la une\",\"\u2022 LSH\",\"\u2022\u00a0MINEA\"],\"inLanguage\":\"nl-NL\"},{\"@type\":\"WebPage\",\"@id\":\"https:\\\/\\\/www.univ-guyane.fr\\\/2022\\\/10\\\/03\\\/le-famnenisme-de-fabienne-kanor-tisser-racines-et-goumer-ensemble\\\/\",\"url\":\"https:\\\/\\\/www.univ-guyane.fr\\\/2022\\\/10\\\/03\\\/le-famnenisme-de-fabienne-kanor-tisser-racines-et-goumer-ensemble\\\/\",\"name\":\"Le famn\u00e9nisme de Fabienne Kanor : Tisser racines et goumer ensemble &#8212; Universit\u00e9 de Guyane\",\"isPartOf\":{\"@id\":\"https:\\\/\\\/www.univ-guyane.fr\\\/#website\"},\"primaryImageOfPage\":{\"@id\":\"https:\\\/\\\/www.univ-guyane.fr\\\/2022\\\/10\\\/03\\\/le-famnenisme-de-fabienne-kanor-tisser-racines-et-goumer-ensemble\\\/#primaryimage\"},\"image\":{\"@id\":\"https:\\\/\\\/www.univ-guyane.fr\\\/2022\\\/10\\\/03\\\/le-famnenisme-de-fabienne-kanor-tisser-racines-et-goumer-ensemble\\\/#primaryimage\"},\"thumbnailUrl\":\"https:\\\/\\\/www.univ-guyane.fr\\\/wp-content\\\/uploads\\\/conference-fempoco-famnenisme-oct-2022-universite-de-guyane.jpeg\",\"datePublished\":\"2022-10-03T18:10:07+00:00\",\"dateModified\":\"2024-06-18T18:13:00+00:00\",\"description\":\"D\u00e9couvrez la th\u00e9matique captivante du fanm\u00e9nisme d\u00e9velopp\u00e9 par Fabienne Kanor \u00e0 travers son \u0153uvre artistique pluridisciplinaire.\",\"breadcrumb\":{\"@id\":\"https:\\\/\\\/www.univ-guyane.fr\\\/2022\\\/10\\\/03\\\/le-famnenisme-de-fabienne-kanor-tisser-racines-et-goumer-ensemble\\\/#breadcrumb\"},\"inLanguage\":\"nl-NL\",\"potentialAction\":[{\"@type\":\"ReadAction\",\"target\":[\"https:\\\/\\\/www.univ-guyane.fr\\\/2022\\\/10\\\/03\\\/le-famnenisme-de-fabienne-kanor-tisser-racines-et-goumer-ensemble\\\/\"]}]},{\"@type\":\"ImageObject\",\"inLanguage\":\"nl-NL\",\"@id\":\"https:\\\/\\\/www.univ-guyane.fr\\\/2022\\\/10\\\/03\\\/le-famnenisme-de-fabienne-kanor-tisser-racines-et-goumer-ensemble\\\/#primaryimage\",\"url\":\"https:\\\/\\\/www.univ-guyane.fr\\\/wp-content\\\/uploads\\\/conference-fempoco-famnenisme-oct-2022-universite-de-guyane.jpeg\",\"contentUrl\":\"https:\\\/\\\/www.univ-guyane.fr\\\/wp-content\\\/uploads\\\/conference-fempoco-famnenisme-oct-2022-universite-de-guyane.jpeg\",\"width\":1800,\"height\":1013,\"caption\":\"Le famn\u00e9nisme de Fabienne Kanor : Tisser racines et goumer ensemble\"},{\"@type\":\"BreadcrumbList\",\"@id\":\"https:\\\/\\\/www.univ-guyane.fr\\\/2022\\\/10\\\/03\\\/le-famnenisme-de-fabienne-kanor-tisser-racines-et-goumer-ensemble\\\/#breadcrumb\",\"itemListElement\":[{\"@type\":\"ListItem\",\"position\":1,\"name\":\"Accueil\",\"item\":\"https:\\\/\\\/www.univ-guyane.fr\\\/\"},{\"@type\":\"ListItem\",\"position\":2,\"name\":\"Le famn\u00e9nisme de Fabienne Kanor : Tisser racines et goumer ensemble\"}]},{\"@type\":\"WebSite\",\"@id\":\"https:\\\/\\\/www.univ-guyane.fr\\\/#website\",\"url\":\"https:\\\/\\\/www.univ-guyane.fr\\\/\",\"name\":\"Universit\u00e9 de Guyane\",\"description\":\"Au c\u0153ur de l&#039;amazonie\",\"publisher\":{\"@id\":\"https:\\\/\\\/www.univ-guyane.fr\\\/#organization\"},\"alternateName\":\"UG\",\"potentialAction\":[{\"@type\":\"SearchAction\",\"target\":{\"@type\":\"EntryPoint\",\"urlTemplate\":\"https:\\\/\\\/www.univ-guyane.fr\\\/?s={search_term_string}\"},\"query-input\":{\"@type\":\"PropertyValueSpecification\",\"valueRequired\":true,\"valueName\":\"search_term_string\"}}],\"inLanguage\":\"nl-NL\"},{\"@type\":\"Organization\",\"@id\":\"https:\\\/\\\/www.univ-guyane.fr\\\/#organization\",\"name\":\"Universit\u00e9 de Guyane\",\"alternateName\":\"UG\",\"url\":\"https:\\\/\\\/www.univ-guyane.fr\\\/\",\"logo\":{\"@type\":\"ImageObject\",\"inLanguage\":\"nl-NL\",\"@id\":\"https:\\\/\\\/www.univ-guyane.fr\\\/#\\\/schema\\\/logo\\\/image\\\/\",\"url\":\"https:\\\/\\\/www.univ-guyane.fr\\\/wp-content\\\/uploads\\\/2024\\\/05\\\/f.png\",\"contentUrl\":\"https:\\\/\\\/www.univ-guyane.fr\\\/wp-content\\\/uploads\\\/2024\\\/05\\\/f.png\",\"width\":1024,\"height\":1024,\"caption\":\"Universit\u00e9 de Guyane\"},\"image\":{\"@id\":\"https:\\\/\\\/www.univ-guyane.fr\\\/#\\\/schema\\\/logo\\\/image\\\/\"},\"sameAs\":[\"https:\\\/\\\/www.facebook.com\\\/univguyane\",\"https:\\\/\\\/x.com\\\/univguyane\",\"https:\\\/\\\/gf.linkedin.com\\\/school\\\/universite-de-guyane\\\/\",\"https:\\\/\\\/www.instagram.com\\\/univ_guyane\\\/\"]},{\"@type\":\"Person\",\"@id\":\"https:\\\/\\\/www.univ-guyane.fr\\\/#\\\/schema\\\/person\\\/86d946a28a8be51bb096ccfdf19db179\",\"name\":\"Erick Loiti\u00e8re\",\"image\":{\"@type\":\"ImageObject\",\"inLanguage\":\"nl-NL\",\"@id\":\"https:\\\/\\\/secure.gravatar.com\\\/avatar\\\/0584f332103fbeaf37e52c73b15dca3c547fd9300deb05764e9ad8714839d072?s=96&d=robohash&r=g\",\"url\":\"https:\\\/\\\/secure.gravatar.com\\\/avatar\\\/0584f332103fbeaf37e52c73b15dca3c547fd9300deb05764e9ad8714839d072?s=96&d=robohash&r=g\",\"contentUrl\":\"https:\\\/\\\/secure.gravatar.com\\\/avatar\\\/0584f332103fbeaf37e52c73b15dca3c547fd9300deb05764e9ad8714839d072?s=96&d=robohash&r=g\",\"caption\":\"Erick Loiti\u00e8re\"},\"sameAs\":[\"http:\\\/\\\/www.univ-guyane.fr\"],\"url\":\"https:\\\/\\\/www.univ-guyane.fr\\\/nl\\\/author\\\/eloitierdbz\\\/\"}]}<\/script>\n<!-- \/ Yoast SEO plugin. -->","yoast_head_json":{"title":"Le famn\u00e9nisme de Fabienne Kanor : Tisser racines et goumer ensemble &#8212; Universit\u00e9 de Guyane","description":"D\u00e9couvrez la th\u00e9matique captivante du fanm\u00e9nisme d\u00e9velopp\u00e9 par Fabienne Kanor \u00e0 travers son \u0153uvre artistique pluridisciplinaire.","robots":{"index":"index","follow":"follow","max-snippet":"max-snippet:-1","max-image-preview":"max-image-preview:large","max-video-preview":"max-video-preview:-1"},"canonical":"https:\/\/www.univ-guyane.fr\/nl\/2022\/10\/03\/le-famnenisme-de-fabienne-kanor-tisser-racines-et-goumer-ensemble\/","og_locale":"nl_NL","og_type":"article","og_title":"Le famn\u00e9nisme de Fabienne Kanor : Tisser racines et goumer ensemble &#8212; Universit\u00e9 de Guyane","og_description":"D\u00e9couvrez la th\u00e9matique captivante du fanm\u00e9nisme d\u00e9velopp\u00e9 par Fabienne Kanor \u00e0 travers son \u0153uvre artistique pluridisciplinaire.","og_url":"https:\/\/www.univ-guyane.fr\/nl\/2022\/10\/03\/le-famnenisme-de-fabienne-kanor-tisser-racines-et-goumer-ensemble\/","og_site_name":"Universit\u00e9 de Guyane","article_publisher":"https:\/\/www.facebook.com\/univguyane","article_published_time":"2022-10-03T18:10:07+00:00","article_modified_time":"2024-06-18T18:13:00+00:00","og_image":[{"width":1800,"height":1013,"url":"https:\/\/www.univ-guyane.fr\/wp-content\/uploads\/conference-fempoco-famnenisme-oct-2022-universite-de-guyane.jpeg","type":"image\/jpeg"}],"author":"Erick Loiti\u00e8re","twitter_card":"summary_large_image","twitter_creator":"@univguyane","twitter_site":"@univguyane","twitter_misc":{"Geschreven door":"Erick Loiti\u00e8re","Geschatte leestijd":"4 minuten"},"schema":{"@context":"https:\/\/schema.org","@graph":[{"@type":"Article","@id":"https:\/\/www.univ-guyane.fr\/2022\/10\/03\/le-famnenisme-de-fabienne-kanor-tisser-racines-et-goumer-ensemble\/#article","isPartOf":{"@id":"https:\/\/www.univ-guyane.fr\/2022\/10\/03\/le-famnenisme-de-fabienne-kanor-tisser-racines-et-goumer-ensemble\/"},"author":{"name":"Erick Loiti\u00e8re","@id":"https:\/\/www.univ-guyane.fr\/#\/schema\/person\/86d946a28a8be51bb096ccfdf19db179"},"headline":"Le famn\u00e9nisme de Fabienne Kanor : Tisser racines et goumer ensemble","datePublished":"2022-10-03T18:10:07+00:00","dateModified":"2024-06-18T18:13:00+00:00","mainEntityOfPage":{"@id":"https:\/\/www.univ-guyane.fr\/2022\/10\/03\/le-famnenisme-de-fabienne-kanor-tisser-racines-et-goumer-ensemble\/"},"wordCount":768,"publisher":{"@id":"https:\/\/www.univ-guyane.fr\/#organization"},"image":{"@id":"https:\/\/www.univ-guyane.fr\/2022\/10\/03\/le-famnenisme-de-fabienne-kanor-tisser-racines-et-goumer-ensemble\/#primaryimage"},"thumbnailUrl":"https:\/\/www.univ-guyane.fr\/wp-content\/uploads\/conference-fempoco-famnenisme-oct-2022-universite-de-guyane.jpeg","articleSection":["\u2022 \u00c0 la une","\u2022 LSH","\u2022\u00a0MINEA"],"inLanguage":"nl-NL"},{"@type":"WebPage","@id":"https:\/\/www.univ-guyane.fr\/2022\/10\/03\/le-famnenisme-de-fabienne-kanor-tisser-racines-et-goumer-ensemble\/","url":"https:\/\/www.univ-guyane.fr\/2022\/10\/03\/le-famnenisme-de-fabienne-kanor-tisser-racines-et-goumer-ensemble\/","name":"Le famn\u00e9nisme de Fabienne Kanor : Tisser racines et goumer ensemble &#8212; Universit\u00e9 de Guyane","isPartOf":{"@id":"https:\/\/www.univ-guyane.fr\/#website"},"primaryImageOfPage":{"@id":"https:\/\/www.univ-guyane.fr\/2022\/10\/03\/le-famnenisme-de-fabienne-kanor-tisser-racines-et-goumer-ensemble\/#primaryimage"},"image":{"@id":"https:\/\/www.univ-guyane.fr\/2022\/10\/03\/le-famnenisme-de-fabienne-kanor-tisser-racines-et-goumer-ensemble\/#primaryimage"},"thumbnailUrl":"https:\/\/www.univ-guyane.fr\/wp-content\/uploads\/conference-fempoco-famnenisme-oct-2022-universite-de-guyane.jpeg","datePublished":"2022-10-03T18:10:07+00:00","dateModified":"2024-06-18T18:13:00+00:00","description":"D\u00e9couvrez la th\u00e9matique captivante du fanm\u00e9nisme d\u00e9velopp\u00e9 par Fabienne Kanor \u00e0 travers son \u0153uvre artistique pluridisciplinaire.","breadcrumb":{"@id":"https:\/\/www.univ-guyane.fr\/2022\/10\/03\/le-famnenisme-de-fabienne-kanor-tisser-racines-et-goumer-ensemble\/#breadcrumb"},"inLanguage":"nl-NL","potentialAction":[{"@type":"ReadAction","target":["https:\/\/www.univ-guyane.fr\/2022\/10\/03\/le-famnenisme-de-fabienne-kanor-tisser-racines-et-goumer-ensemble\/"]}]},{"@type":"ImageObject","inLanguage":"nl-NL","@id":"https:\/\/www.univ-guyane.fr\/2022\/10\/03\/le-famnenisme-de-fabienne-kanor-tisser-racines-et-goumer-ensemble\/#primaryimage","url":"https:\/\/www.univ-guyane.fr\/wp-content\/uploads\/conference-fempoco-famnenisme-oct-2022-universite-de-guyane.jpeg","contentUrl":"https:\/\/www.univ-guyane.fr\/wp-content\/uploads\/conference-fempoco-famnenisme-oct-2022-universite-de-guyane.jpeg","width":1800,"height":1013,"caption":"Le famn\u00e9nisme de Fabienne Kanor : Tisser racines et goumer ensemble"},{"@type":"BreadcrumbList","@id":"https:\/\/www.univ-guyane.fr\/2022\/10\/03\/le-famnenisme-de-fabienne-kanor-tisser-racines-et-goumer-ensemble\/#breadcrumb","itemListElement":[{"@type":"ListItem","position":1,"name":"Accueil","item":"https:\/\/www.univ-guyane.fr\/"},{"@type":"ListItem","position":2,"name":"Le famn\u00e9nisme de Fabienne Kanor : Tisser racines et goumer ensemble"}]},{"@type":"WebSite","@id":"https:\/\/www.univ-guyane.fr\/#website","url":"https:\/\/www.univ-guyane.fr\/","name":"Universiteit van Guyana","description":"In het hart van Amazonia","publisher":{"@id":"https:\/\/www.univ-guyane.fr\/#organization"},"alternateName":"UG","potentialAction":[{"@type":"SearchAction","target":{"@type":"EntryPoint","urlTemplate":"https:\/\/www.univ-guyane.fr\/?s={search_term_string}"},"query-input":{"@type":"PropertyValueSpecification","valueRequired":true,"valueName":"search_term_string"}}],"inLanguage":"nl-NL"},{"@type":"Organization","@id":"https:\/\/www.univ-guyane.fr\/#organization","name":"Universiteit van Guyana","alternateName":"UG","url":"https:\/\/www.univ-guyane.fr\/","logo":{"@type":"ImageObject","inLanguage":"nl-NL","@id":"https:\/\/www.univ-guyane.fr\/#\/schema\/logo\/image\/","url":"https:\/\/www.univ-guyane.fr\/wp-content\/uploads\/2024\/05\/f.png","contentUrl":"https:\/\/www.univ-guyane.fr\/wp-content\/uploads\/2024\/05\/f.png","width":1024,"height":1024,"caption":"Universit\u00e9 de Guyane"},"image":{"@id":"https:\/\/www.univ-guyane.fr\/#\/schema\/logo\/image\/"},"sameAs":["https:\/\/www.facebook.com\/univguyane","https:\/\/x.com\/univguyane","https:\/\/gf.linkedin.com\/school\/universite-de-guyane\/","https:\/\/www.instagram.com\/univ_guyane\/"]},{"@type":"Person","@id":"https:\/\/www.univ-guyane.fr\/#\/schema\/person\/86d946a28a8be51bb096ccfdf19db179","name":"Erick Loiti\u00e8re","image":{"@type":"ImageObject","inLanguage":"nl-NL","@id":"https:\/\/secure.gravatar.com\/avatar\/0584f332103fbeaf37e52c73b15dca3c547fd9300deb05764e9ad8714839d072?s=96&d=robohash&r=g","url":"https:\/\/secure.gravatar.com\/avatar\/0584f332103fbeaf37e52c73b15dca3c547fd9300deb05764e9ad8714839d072?s=96&d=robohash&r=g","contentUrl":"https:\/\/secure.gravatar.com\/avatar\/0584f332103fbeaf37e52c73b15dca3c547fd9300deb05764e9ad8714839d072?s=96&d=robohash&r=g","caption":"Erick Loiti\u00e8re"},"sameAs":["http:\/\/www.univ-guyane.fr"],"url":"https:\/\/www.univ-guyane.fr\/nl\/author\/eloitierdbz\/"}]}},"_links":{"self":[{"href":"https:\/\/www.univ-guyane.fr\/nl\/wp-json\/wp\/v2\/posts\/8688","targetHints":{"allow":["GET"]}}],"collection":[{"href":"https:\/\/www.univ-guyane.fr\/nl\/wp-json\/wp\/v2\/posts"}],"about":[{"href":"https:\/\/www.univ-guyane.fr\/nl\/wp-json\/wp\/v2\/types\/post"}],"author":[{"embeddable":true,"href":"https:\/\/www.univ-guyane.fr\/nl\/wp-json\/wp\/v2\/users\/1"}],"replies":[{"embeddable":true,"href":"https:\/\/www.univ-guyane.fr\/nl\/wp-json\/wp\/v2\/comments?post=8688"}],"version-history":[{"count":1,"href":"https:\/\/www.univ-guyane.fr\/nl\/wp-json\/wp\/v2\/posts\/8688\/revisions"}],"predecessor-version":[{"id":8690,"href":"https:\/\/www.univ-guyane.fr\/nl\/wp-json\/wp\/v2\/posts\/8688\/revisions\/8690"}],"wp:featuredmedia":[{"embeddable":true,"href":"https:\/\/www.univ-guyane.fr\/nl\/wp-json\/wp\/v2\/media\/8689"}],"wp:attachment":[{"href":"https:\/\/www.univ-guyane.fr\/nl\/wp-json\/wp\/v2\/media?parent=8688"}],"wp:term":[{"taxonomy":"category","embeddable":true,"href":"https:\/\/www.univ-guyane.fr\/nl\/wp-json\/wp\/v2\/categories?post=8688"},{"taxonomy":"post_tag","embeddable":true,"href":"https:\/\/www.univ-guyane.fr\/nl\/wp-json\/wp\/v2\/tags?post=8688"}],"curies":[{"name":"wp","href":"https:\/\/api.w.org\/{rel}","templated":true}]}}