{"id":8698,"date":"2020-03-05T15:39:36","date_gmt":"2020-03-05T18:39:36","guid":{"rendered":"https:\/\/www.univ-guyane.fr\/?p=8698"},"modified":"2024-06-18T15:45:41","modified_gmt":"2024-06-18T18:45:41","slug":"accueil-dune-delegation-de-luniversite-cheikh-anta-diop-de-dakar","status":"publish","type":"post","link":"https:\/\/www.univ-guyane.fr\/nl\/2020\/03\/05\/accueil-dune-delegation-de-luniversite-cheikh-anta-diop-de-dakar\/","title":{"rendered":"Ontvangst van een delegatie van de Cheikh Anta Diop Universiteit in Dakar"},"content":{"rendered":"<div id=\"fws_69f3b9f790420\"  data-column-margin=\"default\" data-midnight=\"dark\"  class=\"wpb_row vc_row-fluid vc_row\"  style=\"padding-top: 0px; padding-bottom: 0px; \"><div class=\"row-bg-wrap\" data-bg-animation=\"none\" data-bg-animation-delay=\"\" data-bg-overlay=\"false\"><div class=\"inner-wrap row-bg-layer\" ><div class=\"row-bg viewport-desktop\"  style=\"\"><\/div><\/div><\/div><div class=\"row_col_wrap_12 col span_12 dark left\">\n\t<div  class=\"vc_col-sm-12 wpb_column column_container vc_column_container col no-extra-padding inherit_tablet inherit_phone\"  data-padding-pos=\"all\" data-has-bg-color=\"false\" data-bg-color=\"\" data-bg-opacity=\"1\" data-animation=\"\" data-delay=\"0\" >\n\t\t<div class=\"vc_column-inner\" >\n\t\t\t<div class=\"wpb_wrapper\">\n\t\t\t\t\n<div class=\"wpb_text_column wpb_content_element  chapo\" >\n\t<h2>In het kader van het partnerschap tussen de Universiteit van Guyana (UG) en de Cheikh Anta Diop Universiteit in Dakar (UCAD) ontvangt de UG in de week van 9 maart 2020 vijf docent-onderzoekers van de Cheikh Anta Diop Universiteit in Dakar.<\/h2>\n<\/div>\n\n\n\n\n<div class=\"wpb_text_column wpb_content_element\" >\n\t<p><span class=\"nectar-dropcap\" >C <\/span>Vijf docenten van UCAD zullen ongeveer een week lang een bezoek brengen aan de Universiteit van Guyana. Het bezoek is het resultaat van de samenwerking tussen de twee instellingen, waarbij zowel studenten als docenten worden uitgewisseld. De universiteit is vereerd om :<\/p>\n<ul class=\"ug-list pine-list\">\n<li>Papa Alioune Sarr NDIAYE, directeur van de \u00c9cole Sup\u00e9rieure Polytechnique (ESP) bij UCAD<\/li>\n<li>Mamadou Lamine NDIAYE, hoofd samenwerking en onderzoek bij de ESP (UCAD)<\/li>\n<li>Abdoulaye DIENG, afdeling Elektrotechniek, ESP (UCAD)<\/li>\n<li>Mandicou BA, van de afdeling Computer Engineering van de ESP (UCAD)<\/li>\n<li>Denis Assane DIOUF, van UCAD's Faculteit der Kunsten en Geesteswetenschappen<\/li>\n<\/ul>\n<p>De professoren DIENG en BA zullen lesgeven in de bachelorberoepsopleidingen Computer Networks and Telecommunications (MRIT) en Mastering Energy, Electricity and Sustainable Development (MEED) aan het IUT in Kourou, terwijl professor DIOUF les zal geven in het 2e jaar van de bachelor literatuur aan het departement Lettres et Sciences Humaines, in het kader van de cursus \"Inleiding tot de Franstalige Afrikaanse literatuur\". Professor Mamadou Lamine NDIAYE geeft een lezing over de \"energietransitie in een Afrikaanse context\" op maandag 9 maart om 18 uur in amfitheater E. Professor Denis Assane DIOUF geeft een lezing over \"L\u00e9opold S\u00e9dar Senghor: l'h\u00e9ritage d'un penseur, po\u00e8te et politique\" (L\u00e9opold S\u00e9dar Senghor: de nalatenschap van een denker, dichter en politicus) op donderdag 12 maart om 18 uur in amfitheater A.<\/p>\n<h3>Talrijke uitwisselingen tussen de twee instellingen<\/h3>\n<p>Sinds de ondertekening van de kaderovereenkomst voor samenwerking tussen de Universiteit van Guyana en de Cheikh Anta Diop Universiteit in Dakar in mei 2017 zijn er verschillende acties uitgevoerd. In maart 2018 organiseerde de afdeling Lettres et Sciences humaines (LSH) een studiereis naar Senegal met als thema \"GUYANE-SENEGAL: Revisiting a shared history\". Drie docent-onderzoekers van de Faculteit Letteren en Geesteswetenschappen van UCAD werden in 2017 en 2018 aan de UG uitgenodigd voor onderwijs en lezingen. In oktober 2018 werd in Dakar een onderzoeksseminar gehouden over \"de duurzaamheid van tropische visserijen\", dat gezamenlijk werd georganiseerd door het LEEISA-laboratorium van de UG en het Institut Universitaire de P\u00eache et d'Aquaculture (IUPA) van de UCAD. Daarnaast biedt dit partnerschap UG-studenten de mogelijkheid om stage te lopen in Senegal. Acht studenten hebben hun stage in Dakar al voltooid (drie in 2018 en vijf in 2019). In mei 2020 reizen 7 studenten van de IUT in Kourou naar Dakar in het kader van hun verplichte stages. Studiebezoeken zijn gepland voor het laatste kwartaal van 2020.<\/p>\n<\/div>\n\n\n\n\n\t\t\t<\/div> \n\t\t<\/div>\n\t<\/div> \n<\/div><\/div>","protected":false},"excerpt":{"rendered":"Als onderdeel van het partnerschap tussen de Universiteit van Guyana (UG) en de Cheikh Anta Diop Universiteit...","protected":false},"author":1,"featured_media":8700,"comment_status":"closed","ping_status":"open","sticky":false,"template":"","format":"standard","meta":{"iawp_total_views":63,"footnotes":""},"categories":[17,14,229],"tags":[],"class_list":{"0":"post-8698","1":"post","2":"type-post","3":"status-publish","4":"format-standard","5":"has-post-thumbnail","7":"category-iut","8":"category-lsh","9":"category-universite-actualites"},"yoast_head":"<!-- This site is optimized with the Yoast SEO plugin v27.5 - https:\/\/yoast.com\/product\/yoast-seo-wordpress\/ -->\n<title>Accueil d\u2019une d\u00e9l\u00e9gation de l\u2019Universit\u00e9 Cheikh Anta Diop de Dakar &#8212; Universit\u00e9 de Guyane<\/title>\n<meta name=\"description\" content=\"D\u00e9couvrez le partenariat entre l&#039;Universit\u00e9 Cheik Anta Diop de Dakar et l&#039;Universit\u00e9 de Guyane pour des \u00e9changes \u00e9tudiants et enseignants.\" \/>\n<meta name=\"robots\" content=\"index, follow, max-snippet:-1, max-image-preview:large, max-video-preview:-1\" \/>\n<link rel=\"canonical\" href=\"https:\/\/www.univ-guyane.fr\/nl\/2020\/03\/05\/accueil-dune-delegation-de-luniversite-cheikh-anta-diop-de-dakar\/\" \/>\n<meta property=\"og:locale\" content=\"nl_NL\" \/>\n<meta property=\"og:type\" content=\"article\" \/>\n<meta property=\"og:title\" content=\"Accueil d\u2019une d\u00e9l\u00e9gation de l\u2019Universit\u00e9 Cheikh Anta Diop de Dakar &#8212; Universit\u00e9 de Guyane\" \/>\n<meta property=\"og:description\" content=\"D\u00e9couvrez le partenariat entre l&#039;Universit\u00e9 Cheik Anta Diop de Dakar et l&#039;Universit\u00e9 de Guyane pour des \u00e9changes \u00e9tudiants et enseignants.\" \/>\n<meta property=\"og:url\" content=\"https:\/\/www.univ-guyane.fr\/nl\/2020\/03\/05\/accueil-dune-delegation-de-luniversite-cheikh-anta-diop-de-dakar\/\" \/>\n<meta property=\"og:site_name\" content=\"Universit\u00e9 de Guyane\" \/>\n<meta property=\"article:publisher\" content=\"https:\/\/www.facebook.com\/univguyane\" \/>\n<meta property=\"article:published_time\" content=\"2020-03-05T18:39:36+00:00\" \/>\n<meta property=\"article:modified_time\" content=\"2024-06-18T18:45:41+00:00\" \/>\n<meta property=\"og:image\" content=\"https:\/\/www.univ-guyane.fr\/wp-content\/uploads\/visite-delegation-UCAD-LUniversite-Cheikh-Anta-Diop-de-Dakar.jpeg\" \/>\n\t<meta property=\"og:image:width\" content=\"1024\" \/>\n\t<meta property=\"og:image:height\" content=\"556\" \/>\n\t<meta property=\"og:image:type\" content=\"image\/jpeg\" \/>\n<meta name=\"author\" content=\"Erick Loiti\u00e8re\" \/>\n<meta name=\"twitter:card\" content=\"summary_large_image\" \/>\n<meta name=\"twitter:creator\" content=\"@univguyane\" \/>\n<meta name=\"twitter:site\" content=\"@univguyane\" \/>\n<meta name=\"twitter:label1\" content=\"Geschreven door\" \/>\n\t<meta name=\"twitter:data1\" content=\"Erick Loiti\u00e8re\" \/>\n\t<meta name=\"twitter:label2\" content=\"Geschatte leestijd\" \/>\n\t<meta name=\"twitter:data2\" content=\"3 minuten\" \/>\n<script type=\"application\/ld+json\" class=\"yoast-schema-graph\">{\"@context\":\"https:\\\/\\\/schema.org\",\"@graph\":[{\"@type\":\"Article\",\"@id\":\"https:\\\/\\\/www.univ-guyane.fr\\\/2020\\\/03\\\/05\\\/accueil-dune-delegation-de-luniversite-cheikh-anta-diop-de-dakar\\\/#article\",\"isPartOf\":{\"@id\":\"https:\\\/\\\/www.univ-guyane.fr\\\/2020\\\/03\\\/05\\\/accueil-dune-delegation-de-luniversite-cheikh-anta-diop-de-dakar\\\/\"},\"author\":{\"name\":\"Erick Loiti\u00e8re\",\"@id\":\"https:\\\/\\\/www.univ-guyane.fr\\\/#\\\/schema\\\/person\\\/86d946a28a8be51bb096ccfdf19db179\"},\"headline\":\"Accueil d\u2019une d\u00e9l\u00e9gation de l\u2019Universit\u00e9 Cheikh Anta Diop de Dakar\",\"datePublished\":\"2020-03-05T18:39:36+00:00\",\"dateModified\":\"2024-06-18T18:45:41+00:00\",\"mainEntityOfPage\":{\"@id\":\"https:\\\/\\\/www.univ-guyane.fr\\\/2020\\\/03\\\/05\\\/accueil-dune-delegation-de-luniversite-cheikh-anta-diop-de-dakar\\\/\"},\"wordCount\":690,\"publisher\":{\"@id\":\"https:\\\/\\\/www.univ-guyane.fr\\\/#organization\"},\"image\":{\"@id\":\"https:\\\/\\\/www.univ-guyane.fr\\\/2020\\\/03\\\/05\\\/accueil-dune-delegation-de-luniversite-cheikh-anta-diop-de-dakar\\\/#primaryimage\"},\"thumbnailUrl\":\"https:\\\/\\\/www.univ-guyane.fr\\\/wp-content\\\/uploads\\\/visite-delegation-UCAD-LUniversite-Cheikh-Anta-Diop-de-Dakar.jpeg\",\"articleSection\":[\"\u2022 IUT\",\"\u2022 LSH\",\"\u2022 Universit\u00e9\"],\"inLanguage\":\"nl-NL\"},{\"@type\":\"WebPage\",\"@id\":\"https:\\\/\\\/www.univ-guyane.fr\\\/2020\\\/03\\\/05\\\/accueil-dune-delegation-de-luniversite-cheikh-anta-diop-de-dakar\\\/\",\"url\":\"https:\\\/\\\/www.univ-guyane.fr\\\/2020\\\/03\\\/05\\\/accueil-dune-delegation-de-luniversite-cheikh-anta-diop-de-dakar\\\/\",\"name\":\"Accueil d\u2019une d\u00e9l\u00e9gation de l\u2019Universit\u00e9 Cheikh Anta Diop de Dakar &#8212; Universit\u00e9 de Guyane\",\"isPartOf\":{\"@id\":\"https:\\\/\\\/www.univ-guyane.fr\\\/#website\"},\"primaryImageOfPage\":{\"@id\":\"https:\\\/\\\/www.univ-guyane.fr\\\/2020\\\/03\\\/05\\\/accueil-dune-delegation-de-luniversite-cheikh-anta-diop-de-dakar\\\/#primaryimage\"},\"image\":{\"@id\":\"https:\\\/\\\/www.univ-guyane.fr\\\/2020\\\/03\\\/05\\\/accueil-dune-delegation-de-luniversite-cheikh-anta-diop-de-dakar\\\/#primaryimage\"},\"thumbnailUrl\":\"https:\\\/\\\/www.univ-guyane.fr\\\/wp-content\\\/uploads\\\/visite-delegation-UCAD-LUniversite-Cheikh-Anta-Diop-de-Dakar.jpeg\",\"datePublished\":\"2020-03-05T18:39:36+00:00\",\"dateModified\":\"2024-06-18T18:45:41+00:00\",\"description\":\"D\u00e9couvrez le partenariat entre l'Universit\u00e9 Cheik Anta Diop de Dakar et l'Universit\u00e9 de Guyane pour des \u00e9changes \u00e9tudiants et enseignants.\",\"breadcrumb\":{\"@id\":\"https:\\\/\\\/www.univ-guyane.fr\\\/2020\\\/03\\\/05\\\/accueil-dune-delegation-de-luniversite-cheikh-anta-diop-de-dakar\\\/#breadcrumb\"},\"inLanguage\":\"nl-NL\",\"potentialAction\":[{\"@type\":\"ReadAction\",\"target\":[\"https:\\\/\\\/www.univ-guyane.fr\\\/2020\\\/03\\\/05\\\/accueil-dune-delegation-de-luniversite-cheikh-anta-diop-de-dakar\\\/\"]}]},{\"@type\":\"ImageObject\",\"inLanguage\":\"nl-NL\",\"@id\":\"https:\\\/\\\/www.univ-guyane.fr\\\/2020\\\/03\\\/05\\\/accueil-dune-delegation-de-luniversite-cheikh-anta-diop-de-dakar\\\/#primaryimage\",\"url\":\"https:\\\/\\\/www.univ-guyane.fr\\\/wp-content\\\/uploads\\\/visite-delegation-UCAD-LUniversite-Cheikh-Anta-Diop-de-Dakar.jpeg\",\"contentUrl\":\"https:\\\/\\\/www.univ-guyane.fr\\\/wp-content\\\/uploads\\\/visite-delegation-UCAD-LUniversite-Cheikh-Anta-Diop-de-Dakar.jpeg\",\"width\":1024,\"height\":556,\"caption\":\"Accueil d\u2019une d\u00e9l\u00e9gation de l\u2019Universit\u00e9 Cheikh Anta Diop de Dakar\"},{\"@type\":\"BreadcrumbList\",\"@id\":\"https:\\\/\\\/www.univ-guyane.fr\\\/2020\\\/03\\\/05\\\/accueil-dune-delegation-de-luniversite-cheikh-anta-diop-de-dakar\\\/#breadcrumb\",\"itemListElement\":[{\"@type\":\"ListItem\",\"position\":1,\"name\":\"Accueil\",\"item\":\"https:\\\/\\\/www.univ-guyane.fr\\\/\"},{\"@type\":\"ListItem\",\"position\":2,\"name\":\"Accueil d\u2019une d\u00e9l\u00e9gation de l\u2019Universit\u00e9 Cheikh Anta Diop de Dakar\"}]},{\"@type\":\"WebSite\",\"@id\":\"https:\\\/\\\/www.univ-guyane.fr\\\/#website\",\"url\":\"https:\\\/\\\/www.univ-guyane.fr\\\/\",\"name\":\"Universit\u00e9 de Guyane\",\"description\":\"Au c\u0153ur de l&#039;amazonie\",\"publisher\":{\"@id\":\"https:\\\/\\\/www.univ-guyane.fr\\\/#organization\"},\"alternateName\":\"UG\",\"potentialAction\":[{\"@type\":\"SearchAction\",\"target\":{\"@type\":\"EntryPoint\",\"urlTemplate\":\"https:\\\/\\\/www.univ-guyane.fr\\\/?s={search_term_string}\"},\"query-input\":{\"@type\":\"PropertyValueSpecification\",\"valueRequired\":true,\"valueName\":\"search_term_string\"}}],\"inLanguage\":\"nl-NL\"},{\"@type\":\"Organization\",\"@id\":\"https:\\\/\\\/www.univ-guyane.fr\\\/#organization\",\"name\":\"Universit\u00e9 de Guyane\",\"alternateName\":\"UG\",\"url\":\"https:\\\/\\\/www.univ-guyane.fr\\\/\",\"logo\":{\"@type\":\"ImageObject\",\"inLanguage\":\"nl-NL\",\"@id\":\"https:\\\/\\\/www.univ-guyane.fr\\\/#\\\/schema\\\/logo\\\/image\\\/\",\"url\":\"https:\\\/\\\/www.univ-guyane.fr\\\/wp-content\\\/uploads\\\/2024\\\/05\\\/f.png\",\"contentUrl\":\"https:\\\/\\\/www.univ-guyane.fr\\\/wp-content\\\/uploads\\\/2024\\\/05\\\/f.png\",\"width\":1024,\"height\":1024,\"caption\":\"Universit\u00e9 de Guyane\"},\"image\":{\"@id\":\"https:\\\/\\\/www.univ-guyane.fr\\\/#\\\/schema\\\/logo\\\/image\\\/\"},\"sameAs\":[\"https:\\\/\\\/www.facebook.com\\\/univguyane\",\"https:\\\/\\\/x.com\\\/univguyane\",\"https:\\\/\\\/gf.linkedin.com\\\/school\\\/universite-de-guyane\\\/\",\"https:\\\/\\\/www.instagram.com\\\/univ_guyane\\\/\"]},{\"@type\":\"Person\",\"@id\":\"https:\\\/\\\/www.univ-guyane.fr\\\/#\\\/schema\\\/person\\\/86d946a28a8be51bb096ccfdf19db179\",\"name\":\"Erick Loiti\u00e8re\",\"image\":{\"@type\":\"ImageObject\",\"inLanguage\":\"nl-NL\",\"@id\":\"https:\\\/\\\/secure.gravatar.com\\\/avatar\\\/0584f332103fbeaf37e52c73b15dca3c547fd9300deb05764e9ad8714839d072?s=96&d=robohash&r=g\",\"url\":\"https:\\\/\\\/secure.gravatar.com\\\/avatar\\\/0584f332103fbeaf37e52c73b15dca3c547fd9300deb05764e9ad8714839d072?s=96&d=robohash&r=g\",\"contentUrl\":\"https:\\\/\\\/secure.gravatar.com\\\/avatar\\\/0584f332103fbeaf37e52c73b15dca3c547fd9300deb05764e9ad8714839d072?s=96&d=robohash&r=g\",\"caption\":\"Erick Loiti\u00e8re\"},\"sameAs\":[\"http:\\\/\\\/www.univ-guyane.fr\"],\"url\":\"https:\\\/\\\/www.univ-guyane.fr\\\/nl\\\/author\\\/eloitierdbz\\\/\"}]}<\/script>\n<!-- \/ Yoast SEO plugin. -->","yoast_head_json":{"title":"Ontvangst van een delegatie van de Cheikh Anta Diop Universiteit in Dakar - Universit\u00e9 de Guyane","description":"Lees meer over de samenwerking tussen de Cheik Anta Diop Universiteit in Dakar en de Universiteit van Frans Guyana voor de uitwisseling van studenten en docenten.","robots":{"index":"index","follow":"follow","max-snippet":"max-snippet:-1","max-image-preview":"max-image-preview:large","max-video-preview":"max-video-preview:-1"},"canonical":"https:\/\/www.univ-guyane.fr\/nl\/2020\/03\/05\/accueil-dune-delegation-de-luniversite-cheikh-anta-diop-de-dakar\/","og_locale":"nl_NL","og_type":"article","og_title":"Accueil d\u2019une d\u00e9l\u00e9gation de l\u2019Universit\u00e9 Cheikh Anta Diop de Dakar &#8212; Universit\u00e9 de Guyane","og_description":"D\u00e9couvrez le partenariat entre l'Universit\u00e9 Cheik Anta Diop de Dakar et l'Universit\u00e9 de Guyane pour des \u00e9changes \u00e9tudiants et enseignants.","og_url":"https:\/\/www.univ-guyane.fr\/nl\/2020\/03\/05\/accueil-dune-delegation-de-luniversite-cheikh-anta-diop-de-dakar\/","og_site_name":"Universit\u00e9 de Guyane","article_publisher":"https:\/\/www.facebook.com\/univguyane","article_published_time":"2020-03-05T18:39:36+00:00","article_modified_time":"2024-06-18T18:45:41+00:00","og_image":[{"width":1024,"height":556,"url":"https:\/\/www.univ-guyane.fr\/wp-content\/uploads\/visite-delegation-UCAD-LUniversite-Cheikh-Anta-Diop-de-Dakar.jpeg","type":"image\/jpeg"}],"author":"Erick Loiti\u00e8re","twitter_card":"summary_large_image","twitter_creator":"@univguyane","twitter_site":"@univguyane","twitter_misc":{"Geschreven door":"Erick Loiti\u00e8re","Geschatte leestijd":"3 minuten"},"schema":{"@context":"https:\/\/schema.org","@graph":[{"@type":"Article","@id":"https:\/\/www.univ-guyane.fr\/2020\/03\/05\/accueil-dune-delegation-de-luniversite-cheikh-anta-diop-de-dakar\/#article","isPartOf":{"@id":"https:\/\/www.univ-guyane.fr\/2020\/03\/05\/accueil-dune-delegation-de-luniversite-cheikh-anta-diop-de-dakar\/"},"author":{"name":"Erick Loiti\u00e8re","@id":"https:\/\/www.univ-guyane.fr\/#\/schema\/person\/86d946a28a8be51bb096ccfdf19db179"},"headline":"Accueil d\u2019une d\u00e9l\u00e9gation de l\u2019Universit\u00e9 Cheikh Anta Diop de Dakar","datePublished":"2020-03-05T18:39:36+00:00","dateModified":"2024-06-18T18:45:41+00:00","mainEntityOfPage":{"@id":"https:\/\/www.univ-guyane.fr\/2020\/03\/05\/accueil-dune-delegation-de-luniversite-cheikh-anta-diop-de-dakar\/"},"wordCount":690,"publisher":{"@id":"https:\/\/www.univ-guyane.fr\/#organization"},"image":{"@id":"https:\/\/www.univ-guyane.fr\/2020\/03\/05\/accueil-dune-delegation-de-luniversite-cheikh-anta-diop-de-dakar\/#primaryimage"},"thumbnailUrl":"https:\/\/www.univ-guyane.fr\/wp-content\/uploads\/visite-delegation-UCAD-LUniversite-Cheikh-Anta-Diop-de-Dakar.jpeg","articleSection":["\u2022 IUT","\u2022 LSH","\u2022 Universit\u00e9"],"inLanguage":"nl-NL"},{"@type":"WebPage","@id":"https:\/\/www.univ-guyane.fr\/2020\/03\/05\/accueil-dune-delegation-de-luniversite-cheikh-anta-diop-de-dakar\/","url":"https:\/\/www.univ-guyane.fr\/2020\/03\/05\/accueil-dune-delegation-de-luniversite-cheikh-anta-diop-de-dakar\/","name":"Ontvangst van een delegatie van de Cheikh Anta Diop Universiteit in Dakar - Universit\u00e9 de Guyane","isPartOf":{"@id":"https:\/\/www.univ-guyane.fr\/#website"},"primaryImageOfPage":{"@id":"https:\/\/www.univ-guyane.fr\/2020\/03\/05\/accueil-dune-delegation-de-luniversite-cheikh-anta-diop-de-dakar\/#primaryimage"},"image":{"@id":"https:\/\/www.univ-guyane.fr\/2020\/03\/05\/accueil-dune-delegation-de-luniversite-cheikh-anta-diop-de-dakar\/#primaryimage"},"thumbnailUrl":"https:\/\/www.univ-guyane.fr\/wp-content\/uploads\/visite-delegation-UCAD-LUniversite-Cheikh-Anta-Diop-de-Dakar.jpeg","datePublished":"2020-03-05T18:39:36+00:00","dateModified":"2024-06-18T18:45:41+00:00","description":"Lees meer over de samenwerking tussen de Cheik Anta Diop Universiteit in Dakar en de Universiteit van Frans Guyana voor de uitwisseling van studenten en docenten.","breadcrumb":{"@id":"https:\/\/www.univ-guyane.fr\/2020\/03\/05\/accueil-dune-delegation-de-luniversite-cheikh-anta-diop-de-dakar\/#breadcrumb"},"inLanguage":"nl-NL","potentialAction":[{"@type":"ReadAction","target":["https:\/\/www.univ-guyane.fr\/2020\/03\/05\/accueil-dune-delegation-de-luniversite-cheikh-anta-diop-de-dakar\/"]}]},{"@type":"ImageObject","inLanguage":"nl-NL","@id":"https:\/\/www.univ-guyane.fr\/2020\/03\/05\/accueil-dune-delegation-de-luniversite-cheikh-anta-diop-de-dakar\/#primaryimage","url":"https:\/\/www.univ-guyane.fr\/wp-content\/uploads\/visite-delegation-UCAD-LUniversite-Cheikh-Anta-Diop-de-Dakar.jpeg","contentUrl":"https:\/\/www.univ-guyane.fr\/wp-content\/uploads\/visite-delegation-UCAD-LUniversite-Cheikh-Anta-Diop-de-Dakar.jpeg","width":1024,"height":556,"caption":"Accueil d\u2019une d\u00e9l\u00e9gation de l\u2019Universit\u00e9 Cheikh Anta Diop de Dakar"},{"@type":"BreadcrumbList","@id":"https:\/\/www.univ-guyane.fr\/2020\/03\/05\/accueil-dune-delegation-de-luniversite-cheikh-anta-diop-de-dakar\/#breadcrumb","itemListElement":[{"@type":"ListItem","position":1,"name":"Accueil","item":"https:\/\/www.univ-guyane.fr\/"},{"@type":"ListItem","position":2,"name":"Accueil d\u2019une d\u00e9l\u00e9gation de l\u2019Universit\u00e9 Cheikh Anta Diop de Dakar"}]},{"@type":"WebSite","@id":"https:\/\/www.univ-guyane.fr\/#website","url":"https:\/\/www.univ-guyane.fr\/","name":"Universiteit van Guyana","description":"In het hart van Amazonia","publisher":{"@id":"https:\/\/www.univ-guyane.fr\/#organization"},"alternateName":"UG","potentialAction":[{"@type":"SearchAction","target":{"@type":"EntryPoint","urlTemplate":"https:\/\/www.univ-guyane.fr\/?s={search_term_string}"},"query-input":{"@type":"PropertyValueSpecification","valueRequired":true,"valueName":"search_term_string"}}],"inLanguage":"nl-NL"},{"@type":"Organization","@id":"https:\/\/www.univ-guyane.fr\/#organization","name":"Universiteit van Guyana","alternateName":"UG","url":"https:\/\/www.univ-guyane.fr\/","logo":{"@type":"ImageObject","inLanguage":"nl-NL","@id":"https:\/\/www.univ-guyane.fr\/#\/schema\/logo\/image\/","url":"https:\/\/www.univ-guyane.fr\/wp-content\/uploads\/2024\/05\/f.png","contentUrl":"https:\/\/www.univ-guyane.fr\/wp-content\/uploads\/2024\/05\/f.png","width":1024,"height":1024,"caption":"Universit\u00e9 de Guyane"},"image":{"@id":"https:\/\/www.univ-guyane.fr\/#\/schema\/logo\/image\/"},"sameAs":["https:\/\/www.facebook.com\/univguyane","https:\/\/x.com\/univguyane","https:\/\/gf.linkedin.com\/school\/universite-de-guyane\/","https:\/\/www.instagram.com\/univ_guyane\/"]},{"@type":"Person","@id":"https:\/\/www.univ-guyane.fr\/#\/schema\/person\/86d946a28a8be51bb096ccfdf19db179","name":"Erick Loiti\u00e8re","image":{"@type":"ImageObject","inLanguage":"nl-NL","@id":"https:\/\/secure.gravatar.com\/avatar\/0584f332103fbeaf37e52c73b15dca3c547fd9300deb05764e9ad8714839d072?s=96&d=robohash&r=g","url":"https:\/\/secure.gravatar.com\/avatar\/0584f332103fbeaf37e52c73b15dca3c547fd9300deb05764e9ad8714839d072?s=96&d=robohash&r=g","contentUrl":"https:\/\/secure.gravatar.com\/avatar\/0584f332103fbeaf37e52c73b15dca3c547fd9300deb05764e9ad8714839d072?s=96&d=robohash&r=g","caption":"Erick Loiti\u00e8re"},"sameAs":["http:\/\/www.univ-guyane.fr"],"url":"https:\/\/www.univ-guyane.fr\/nl\/author\/eloitierdbz\/"}]}},"_links":{"self":[{"href":"https:\/\/www.univ-guyane.fr\/nl\/wp-json\/wp\/v2\/posts\/8698","targetHints":{"allow":["GET"]}}],"collection":[{"href":"https:\/\/www.univ-guyane.fr\/nl\/wp-json\/wp\/v2\/posts"}],"about":[{"href":"https:\/\/www.univ-guyane.fr\/nl\/wp-json\/wp\/v2\/types\/post"}],"author":[{"embeddable":true,"href":"https:\/\/www.univ-guyane.fr\/nl\/wp-json\/wp\/v2\/users\/1"}],"replies":[{"embeddable":true,"href":"https:\/\/www.univ-guyane.fr\/nl\/wp-json\/wp\/v2\/comments?post=8698"}],"version-history":[{"count":1,"href":"https:\/\/www.univ-guyane.fr\/nl\/wp-json\/wp\/v2\/posts\/8698\/revisions"}],"predecessor-version":[{"id":8699,"href":"https:\/\/www.univ-guyane.fr\/nl\/wp-json\/wp\/v2\/posts\/8698\/revisions\/8699"}],"wp:featuredmedia":[{"embeddable":true,"href":"https:\/\/www.univ-guyane.fr\/nl\/wp-json\/wp\/v2\/media\/8700"}],"wp:attachment":[{"href":"https:\/\/www.univ-guyane.fr\/nl\/wp-json\/wp\/v2\/media?parent=8698"}],"wp:term":[{"taxonomy":"category","embeddable":true,"href":"https:\/\/www.univ-guyane.fr\/nl\/wp-json\/wp\/v2\/categories?post=8698"},{"taxonomy":"post_tag","embeddable":true,"href":"https:\/\/www.univ-guyane.fr\/nl\/wp-json\/wp\/v2\/tags?post=8698"}],"curies":[{"name":"wp","href":"https:\/\/api.w.org\/{rel}","templated":true}]}}