{"id":8823,"date":"2021-12-08T09:03:30","date_gmt":"2021-12-08T12:03:30","guid":{"rendered":"https:\/\/www.univ-guyane.fr\/?p=8823"},"modified":"2024-06-20T09:11:01","modified_gmt":"2024-06-20T12:11:01","slug":"participation-de-luniversite-de-guyane-au-salon-cosmetic-360","status":"publish","type":"post","link":"https:\/\/www.univ-guyane.fr\/nl\/2021\/12\/08\/participation-de-luniversite-de-guyane-au-salon-cosmetic-360\/","title":{"rendered":"De Universiteit van Frans-Guyana neemt deel aan de Cosmetic 360-beurs"},"content":{"rendered":"<div id=\"fws_69f1a0f0b2100\"  data-column-margin=\"default\" data-midnight=\"dark\"  class=\"wpb_row vc_row-fluid vc_row\"  style=\"padding-top: 0px; padding-bottom: 0px; \"><div class=\"row-bg-wrap\" data-bg-animation=\"none\" data-bg-animation-delay=\"\" data-bg-overlay=\"false\"><div class=\"inner-wrap row-bg-layer\" ><div class=\"row-bg viewport-desktop\"  style=\"\"><\/div><\/div><\/div><div class=\"row_col_wrap_12 col span_12 dark left\">\n\t<div  class=\"vc_col-sm-12 wpb_column column_container vc_column_container col no-extra-padding inherit_tablet inherit_phone\"  data-padding-pos=\"all\" data-has-bg-color=\"false\" data-bg-color=\"\" data-bg-opacity=\"1\" data-animation=\"\" data-delay=\"0\" >\n\t\t<div class=\"vc_column-inner\" >\n\t\t\t<div class=\"wpb_wrapper\">\n\t\t\t\t\n<div class=\"wpb_text_column wpb_content_element  chapo\" >\n\t<h2>Op 13 en 14 oktober 2021 nam een delegatie van de Universiteit van Guyana deel aan cosmetic 360, de internationale beurs voor innovatie in de cosmetica- en parfumindustrie. Dit evenement is een echt uitstalraam voor onderzoekswerk, waar iedereen die betrokken is bij de cosmetica-industrie idee\u00ebn kan uitwisselen, met elkaar kan...<\/h2>\n<\/div>\n\n\n\n\n<div class=\"wpb_text_column wpb_content_element\" >\n\t<p><span class=\"nectar-dropcap\" >L <\/span>De delegatie, bestaande uit twee gezamenlijke onderzoekseenheden (UMR Qualisud en Ecofog), werd ook vergezeld door het regionale agentschap Guyane D\u00e9veloppement et Innovation (GDI) en drie Guyanese bedrijven die gespecialiseerd zijn in cosmetica (Bio Strat\u00e8ge Guyane- Elayane-Yana-Wassa\u00ef).<\/p>\n<p>Dit grote evenement, dat wordt gehouden in de Caroussel du Louvres, brengt elk jaar de belangrijkste spelers uit de parfumerie- en cosmeticasector samen: VSE's, KMO's, grote groepen, de publieke en private sector, enz. Het is het vlaggenschipevenement dat alle spelers uit 60 landen op \u00e9\u00e9n plaats samenbrengt om idee\u00ebn uit te wisselen, inspiratie op te doen en te innoveren.<\/p>\n<p>De deelname van de Universiteit van Guyana (UG) was een uitgelezen kans om zich beter te profileren, haar onderzoek te promoten en haar partnernetwerk te ontwikkelen. De tentoonstelling gaf de UG ook de gelegenheid om haar expertise en potentieel op het gebied van de ontwikkeling van natuurlijke hulpbronnen in het Amazonegebied te laten zien in samenwerking met innovatieve bedrijven. Het benadrukken van de biologische eigenschappen van traditionele kennis is een andere manier om consumenten en degenen achter innovatieve projecten gerust te stellen, zodat we ons beter kunnen aanpassen aan de ontwikkeling van ons sociaaleconomische weefsel. De show was ook een gelegenheid om vertegenwoordigers van het Franse Ministerie van Overzeese Gebiedsdelen te ontmoeten.<\/p>\n<\/div>\n\n\n\n\n\t\t\t<\/div> \n\t\t<\/div>\n\t<\/div> \n<\/div><\/div>","protected":false},"excerpt":{"rendered":"Op 13 en 14 oktober 2021 nam een delegatie van de Universiteit van Frans Guyana deel aan...","protected":false},"author":1,"featured_media":8824,"comment_status":"closed","ping_status":"open","sticky":false,"template":"","format":"standard","meta":{"iawp_total_views":28,"footnotes":""},"categories":[233,155],"tags":[],"class_list":{"0":"post-8823","1":"post","2":"type-post","3":"status-publish","4":"format-standard","5":"has-post-thumbnail","7":"category-qualisud","8":"category-recherche"},"yoast_head":"<!-- This site is optimized with the Yoast SEO plugin v27.5 - https:\/\/yoast.com\/product\/yoast-seo-wordpress\/ -->\n<title>Participation de l\u2019Universit\u00e9 de Guyane au Salon Cosmetic 360 &#8212; Universit\u00e9 de Guyane<\/title>\n<meta name=\"description\" content=\"D\u00e9couvrez le Salon Cosmetic 360, l&#039;\u00e9v\u00e9nement international incontournable pour les acteurs de l&#039;industrie cosm\u00e9tique et parfumerie.\" \/>\n<meta name=\"robots\" content=\"index, follow, max-snippet:-1, max-image-preview:large, max-video-preview:-1\" \/>\n<link rel=\"canonical\" href=\"https:\/\/www.univ-guyane.fr\/nl\/2021\/12\/08\/participation-de-luniversite-de-guyane-au-salon-cosmetic-360\/\" \/>\n<meta property=\"og:locale\" content=\"nl_NL\" \/>\n<meta property=\"og:type\" content=\"article\" \/>\n<meta property=\"og:title\" content=\"Participation de l\u2019Universit\u00e9 de Guyane au Salon Cosmetic 360 &#8212; Universit\u00e9 de Guyane\" \/>\n<meta property=\"og:description\" content=\"D\u00e9couvrez le Salon Cosmetic 360, l&#039;\u00e9v\u00e9nement international incontournable pour les acteurs de l&#039;industrie cosm\u00e9tique et parfumerie.\" \/>\n<meta property=\"og:url\" content=\"https:\/\/www.univ-guyane.fr\/nl\/2021\/12\/08\/participation-de-luniversite-de-guyane-au-salon-cosmetic-360\/\" \/>\n<meta property=\"og:site_name\" content=\"Universit\u00e9 de Guyane\" \/>\n<meta property=\"article:publisher\" content=\"https:\/\/www.facebook.com\/univguyane\" \/>\n<meta property=\"article:published_time\" content=\"2021-12-08T12:03:30+00:00\" \/>\n<meta property=\"article:modified_time\" content=\"2024-06-20T12:11:01+00:00\" \/>\n<meta property=\"og:image\" content=\"https:\/\/www.univ-guyane.fr\/wp-content\/uploads\/ug-labo-qualisud-au-salon-cosmetic-360-universite-de-guyane.jpg\" \/>\n\t<meta property=\"og:image:width\" content=\"1200\" \/>\n\t<meta property=\"og:image:height\" content=\"900\" \/>\n\t<meta property=\"og:image:type\" content=\"image\/jpeg\" \/>\n<meta name=\"author\" content=\"Erick Loiti\u00e8re\" \/>\n<meta name=\"twitter:card\" content=\"summary_large_image\" \/>\n<meta name=\"twitter:creator\" content=\"@univguyane\" \/>\n<meta name=\"twitter:site\" content=\"@univguyane\" \/>\n<meta name=\"twitter:label1\" content=\"Geschreven door\" \/>\n\t<meta name=\"twitter:data1\" content=\"Erick Loiti\u00e8re\" \/>\n\t<meta name=\"twitter:label2\" content=\"Geschatte leestijd\" \/>\n\t<meta name=\"twitter:data2\" content=\"2 minuten\" \/>\n<script type=\"application\/ld+json\" class=\"yoast-schema-graph\">{\"@context\":\"https:\\\/\\\/schema.org\",\"@graph\":[{\"@type\":\"Article\",\"@id\":\"https:\\\/\\\/www.univ-guyane.fr\\\/2021\\\/12\\\/08\\\/participation-de-luniversite-de-guyane-au-salon-cosmetic-360\\\/#article\",\"isPartOf\":{\"@id\":\"https:\\\/\\\/www.univ-guyane.fr\\\/2021\\\/12\\\/08\\\/participation-de-luniversite-de-guyane-au-salon-cosmetic-360\\\/\"},\"author\":{\"name\":\"Erick Loiti\u00e8re\",\"@id\":\"https:\\\/\\\/www.univ-guyane.fr\\\/#\\\/schema\\\/person\\\/86d946a28a8be51bb096ccfdf19db179\"},\"headline\":\"Participation de l\u2019Universit\u00e9 de Guyane au Salon Cosmetic 360\",\"datePublished\":\"2021-12-08T12:03:30+00:00\",\"dateModified\":\"2024-06-20T12:11:01+00:00\",\"mainEntityOfPage\":{\"@id\":\"https:\\\/\\\/www.univ-guyane.fr\\\/2021\\\/12\\\/08\\\/participation-de-luniversite-de-guyane-au-salon-cosmetic-360\\\/\"},\"wordCount\":489,\"publisher\":{\"@id\":\"https:\\\/\\\/www.univ-guyane.fr\\\/#organization\"},\"image\":{\"@id\":\"https:\\\/\\\/www.univ-guyane.fr\\\/2021\\\/12\\\/08\\\/participation-de-luniversite-de-guyane-au-salon-cosmetic-360\\\/#primaryimage\"},\"thumbnailUrl\":\"https:\\\/\\\/www.univ-guyane.fr\\\/wp-content\\\/uploads\\\/ug-labo-qualisud-au-salon-cosmetic-360-universite-de-guyane.jpg\",\"articleSection\":[\"\u2022 Qualisud\",\"\u2022\u00a0Recherche\"],\"inLanguage\":\"nl-NL\"},{\"@type\":\"WebPage\",\"@id\":\"https:\\\/\\\/www.univ-guyane.fr\\\/2021\\\/12\\\/08\\\/participation-de-luniversite-de-guyane-au-salon-cosmetic-360\\\/\",\"url\":\"https:\\\/\\\/www.univ-guyane.fr\\\/2021\\\/12\\\/08\\\/participation-de-luniversite-de-guyane-au-salon-cosmetic-360\\\/\",\"name\":\"Participation de l\u2019Universit\u00e9 de Guyane au Salon Cosmetic 360 &#8212; Universit\u00e9 de Guyane\",\"isPartOf\":{\"@id\":\"https:\\\/\\\/www.univ-guyane.fr\\\/#website\"},\"primaryImageOfPage\":{\"@id\":\"https:\\\/\\\/www.univ-guyane.fr\\\/2021\\\/12\\\/08\\\/participation-de-luniversite-de-guyane-au-salon-cosmetic-360\\\/#primaryimage\"},\"image\":{\"@id\":\"https:\\\/\\\/www.univ-guyane.fr\\\/2021\\\/12\\\/08\\\/participation-de-luniversite-de-guyane-au-salon-cosmetic-360\\\/#primaryimage\"},\"thumbnailUrl\":\"https:\\\/\\\/www.univ-guyane.fr\\\/wp-content\\\/uploads\\\/ug-labo-qualisud-au-salon-cosmetic-360-universite-de-guyane.jpg\",\"datePublished\":\"2021-12-08T12:03:30+00:00\",\"dateModified\":\"2024-06-20T12:11:01+00:00\",\"description\":\"D\u00e9couvrez le Salon Cosmetic 360, l'\u00e9v\u00e9nement international incontournable pour les acteurs de l'industrie cosm\u00e9tique et parfumerie.\",\"breadcrumb\":{\"@id\":\"https:\\\/\\\/www.univ-guyane.fr\\\/2021\\\/12\\\/08\\\/participation-de-luniversite-de-guyane-au-salon-cosmetic-360\\\/#breadcrumb\"},\"inLanguage\":\"nl-NL\",\"potentialAction\":[{\"@type\":\"ReadAction\",\"target\":[\"https:\\\/\\\/www.univ-guyane.fr\\\/2021\\\/12\\\/08\\\/participation-de-luniversite-de-guyane-au-salon-cosmetic-360\\\/\"]}]},{\"@type\":\"ImageObject\",\"inLanguage\":\"nl-NL\",\"@id\":\"https:\\\/\\\/www.univ-guyane.fr\\\/2021\\\/12\\\/08\\\/participation-de-luniversite-de-guyane-au-salon-cosmetic-360\\\/#primaryimage\",\"url\":\"https:\\\/\\\/www.univ-guyane.fr\\\/wp-content\\\/uploads\\\/ug-labo-qualisud-au-salon-cosmetic-360-universite-de-guyane.jpg\",\"contentUrl\":\"https:\\\/\\\/www.univ-guyane.fr\\\/wp-content\\\/uploads\\\/ug-labo-qualisud-au-salon-cosmetic-360-universite-de-guyane.jpg\",\"width\":1200,\"height\":900,\"caption\":\"Participation de l\u2019Universit\u00e9 de Guyane au Salon Cosmetic 360\"},{\"@type\":\"BreadcrumbList\",\"@id\":\"https:\\\/\\\/www.univ-guyane.fr\\\/2021\\\/12\\\/08\\\/participation-de-luniversite-de-guyane-au-salon-cosmetic-360\\\/#breadcrumb\",\"itemListElement\":[{\"@type\":\"ListItem\",\"position\":1,\"name\":\"Accueil\",\"item\":\"https:\\\/\\\/www.univ-guyane.fr\\\/\"},{\"@type\":\"ListItem\",\"position\":2,\"name\":\"Participation de l\u2019Universit\u00e9 de Guyane au Salon Cosmetic 360\"}]},{\"@type\":\"WebSite\",\"@id\":\"https:\\\/\\\/www.univ-guyane.fr\\\/#website\",\"url\":\"https:\\\/\\\/www.univ-guyane.fr\\\/\",\"name\":\"Universit\u00e9 de Guyane\",\"description\":\"Au c\u0153ur de l&#039;amazonie\",\"publisher\":{\"@id\":\"https:\\\/\\\/www.univ-guyane.fr\\\/#organization\"},\"alternateName\":\"UG\",\"potentialAction\":[{\"@type\":\"SearchAction\",\"target\":{\"@type\":\"EntryPoint\",\"urlTemplate\":\"https:\\\/\\\/www.univ-guyane.fr\\\/?s={search_term_string}\"},\"query-input\":{\"@type\":\"PropertyValueSpecification\",\"valueRequired\":true,\"valueName\":\"search_term_string\"}}],\"inLanguage\":\"nl-NL\"},{\"@type\":\"Organization\",\"@id\":\"https:\\\/\\\/www.univ-guyane.fr\\\/#organization\",\"name\":\"Universit\u00e9 de Guyane\",\"alternateName\":\"UG\",\"url\":\"https:\\\/\\\/www.univ-guyane.fr\\\/\",\"logo\":{\"@type\":\"ImageObject\",\"inLanguage\":\"nl-NL\",\"@id\":\"https:\\\/\\\/www.univ-guyane.fr\\\/#\\\/schema\\\/logo\\\/image\\\/\",\"url\":\"https:\\\/\\\/www.univ-guyane.fr\\\/wp-content\\\/uploads\\\/2024\\\/05\\\/f.png\",\"contentUrl\":\"https:\\\/\\\/www.univ-guyane.fr\\\/wp-content\\\/uploads\\\/2024\\\/05\\\/f.png\",\"width\":1024,\"height\":1024,\"caption\":\"Universit\u00e9 de Guyane\"},\"image\":{\"@id\":\"https:\\\/\\\/www.univ-guyane.fr\\\/#\\\/schema\\\/logo\\\/image\\\/\"},\"sameAs\":[\"https:\\\/\\\/www.facebook.com\\\/univguyane\",\"https:\\\/\\\/x.com\\\/univguyane\",\"https:\\\/\\\/gf.linkedin.com\\\/school\\\/universite-de-guyane\\\/\",\"https:\\\/\\\/www.instagram.com\\\/univ_guyane\\\/\"]},{\"@type\":\"Person\",\"@id\":\"https:\\\/\\\/www.univ-guyane.fr\\\/#\\\/schema\\\/person\\\/86d946a28a8be51bb096ccfdf19db179\",\"name\":\"Erick Loiti\u00e8re\",\"image\":{\"@type\":\"ImageObject\",\"inLanguage\":\"nl-NL\",\"@id\":\"https:\\\/\\\/secure.gravatar.com\\\/avatar\\\/0584f332103fbeaf37e52c73b15dca3c547fd9300deb05764e9ad8714839d072?s=96&d=robohash&r=g\",\"url\":\"https:\\\/\\\/secure.gravatar.com\\\/avatar\\\/0584f332103fbeaf37e52c73b15dca3c547fd9300deb05764e9ad8714839d072?s=96&d=robohash&r=g\",\"contentUrl\":\"https:\\\/\\\/secure.gravatar.com\\\/avatar\\\/0584f332103fbeaf37e52c73b15dca3c547fd9300deb05764e9ad8714839d072?s=96&d=robohash&r=g\",\"caption\":\"Erick Loiti\u00e8re\"},\"sameAs\":[\"http:\\\/\\\/www.univ-guyane.fr\"],\"url\":\"https:\\\/\\\/www.univ-guyane.fr\\\/nl\\\/author\\\/eloitierdbz\\\/\"}]}<\/script>\n<!-- \/ Yoast SEO plugin. -->","yoast_head_json":{"title":"Participation de l\u2019Universit\u00e9 de Guyane au Salon Cosmetic 360 &#8212; Universit\u00e9 de Guyane","description":"D\u00e9couvrez le Salon Cosmetic 360, l'\u00e9v\u00e9nement international incontournable pour les acteurs de l'industrie cosm\u00e9tique et parfumerie.","robots":{"index":"index","follow":"follow","max-snippet":"max-snippet:-1","max-image-preview":"max-image-preview:large","max-video-preview":"max-video-preview:-1"},"canonical":"https:\/\/www.univ-guyane.fr\/nl\/2021\/12\/08\/participation-de-luniversite-de-guyane-au-salon-cosmetic-360\/","og_locale":"nl_NL","og_type":"article","og_title":"Participation de l\u2019Universit\u00e9 de Guyane au Salon Cosmetic 360 &#8212; Universit\u00e9 de Guyane","og_description":"D\u00e9couvrez le Salon Cosmetic 360, l'\u00e9v\u00e9nement international incontournable pour les acteurs de l'industrie cosm\u00e9tique et parfumerie.","og_url":"https:\/\/www.univ-guyane.fr\/nl\/2021\/12\/08\/participation-de-luniversite-de-guyane-au-salon-cosmetic-360\/","og_site_name":"Universit\u00e9 de Guyane","article_publisher":"https:\/\/www.facebook.com\/univguyane","article_published_time":"2021-12-08T12:03:30+00:00","article_modified_time":"2024-06-20T12:11:01+00:00","og_image":[{"width":1200,"height":900,"url":"https:\/\/www.univ-guyane.fr\/wp-content\/uploads\/ug-labo-qualisud-au-salon-cosmetic-360-universite-de-guyane.jpg","type":"image\/jpeg"}],"author":"Erick Loiti\u00e8re","twitter_card":"summary_large_image","twitter_creator":"@univguyane","twitter_site":"@univguyane","twitter_misc":{"Geschreven door":"Erick Loiti\u00e8re","Geschatte leestijd":"2 minuten"},"schema":{"@context":"https:\/\/schema.org","@graph":[{"@type":"Article","@id":"https:\/\/www.univ-guyane.fr\/2021\/12\/08\/participation-de-luniversite-de-guyane-au-salon-cosmetic-360\/#article","isPartOf":{"@id":"https:\/\/www.univ-guyane.fr\/2021\/12\/08\/participation-de-luniversite-de-guyane-au-salon-cosmetic-360\/"},"author":{"name":"Erick Loiti\u00e8re","@id":"https:\/\/www.univ-guyane.fr\/#\/schema\/person\/86d946a28a8be51bb096ccfdf19db179"},"headline":"Participation de l\u2019Universit\u00e9 de Guyane au Salon Cosmetic 360","datePublished":"2021-12-08T12:03:30+00:00","dateModified":"2024-06-20T12:11:01+00:00","mainEntityOfPage":{"@id":"https:\/\/www.univ-guyane.fr\/2021\/12\/08\/participation-de-luniversite-de-guyane-au-salon-cosmetic-360\/"},"wordCount":489,"publisher":{"@id":"https:\/\/www.univ-guyane.fr\/#organization"},"image":{"@id":"https:\/\/www.univ-guyane.fr\/2021\/12\/08\/participation-de-luniversite-de-guyane-au-salon-cosmetic-360\/#primaryimage"},"thumbnailUrl":"https:\/\/www.univ-guyane.fr\/wp-content\/uploads\/ug-labo-qualisud-au-salon-cosmetic-360-universite-de-guyane.jpg","articleSection":["\u2022 Qualisud","\u2022\u00a0Recherche"],"inLanguage":"nl-NL"},{"@type":"WebPage","@id":"https:\/\/www.univ-guyane.fr\/2021\/12\/08\/participation-de-luniversite-de-guyane-au-salon-cosmetic-360\/","url":"https:\/\/www.univ-guyane.fr\/2021\/12\/08\/participation-de-luniversite-de-guyane-au-salon-cosmetic-360\/","name":"Participation de l\u2019Universit\u00e9 de Guyane au Salon Cosmetic 360 &#8212; Universit\u00e9 de Guyane","isPartOf":{"@id":"https:\/\/www.univ-guyane.fr\/#website"},"primaryImageOfPage":{"@id":"https:\/\/www.univ-guyane.fr\/2021\/12\/08\/participation-de-luniversite-de-guyane-au-salon-cosmetic-360\/#primaryimage"},"image":{"@id":"https:\/\/www.univ-guyane.fr\/2021\/12\/08\/participation-de-luniversite-de-guyane-au-salon-cosmetic-360\/#primaryimage"},"thumbnailUrl":"https:\/\/www.univ-guyane.fr\/wp-content\/uploads\/ug-labo-qualisud-au-salon-cosmetic-360-universite-de-guyane.jpg","datePublished":"2021-12-08T12:03:30+00:00","dateModified":"2024-06-20T12:11:01+00:00","description":"D\u00e9couvrez le Salon Cosmetic 360, l'\u00e9v\u00e9nement international incontournable pour les acteurs de l'industrie cosm\u00e9tique et parfumerie.","breadcrumb":{"@id":"https:\/\/www.univ-guyane.fr\/2021\/12\/08\/participation-de-luniversite-de-guyane-au-salon-cosmetic-360\/#breadcrumb"},"inLanguage":"nl-NL","potentialAction":[{"@type":"ReadAction","target":["https:\/\/www.univ-guyane.fr\/2021\/12\/08\/participation-de-luniversite-de-guyane-au-salon-cosmetic-360\/"]}]},{"@type":"ImageObject","inLanguage":"nl-NL","@id":"https:\/\/www.univ-guyane.fr\/2021\/12\/08\/participation-de-luniversite-de-guyane-au-salon-cosmetic-360\/#primaryimage","url":"https:\/\/www.univ-guyane.fr\/wp-content\/uploads\/ug-labo-qualisud-au-salon-cosmetic-360-universite-de-guyane.jpg","contentUrl":"https:\/\/www.univ-guyane.fr\/wp-content\/uploads\/ug-labo-qualisud-au-salon-cosmetic-360-universite-de-guyane.jpg","width":1200,"height":900,"caption":"Participation de l\u2019Universit\u00e9 de Guyane au Salon Cosmetic 360"},{"@type":"BreadcrumbList","@id":"https:\/\/www.univ-guyane.fr\/2021\/12\/08\/participation-de-luniversite-de-guyane-au-salon-cosmetic-360\/#breadcrumb","itemListElement":[{"@type":"ListItem","position":1,"name":"Accueil","item":"https:\/\/www.univ-guyane.fr\/"},{"@type":"ListItem","position":2,"name":"Participation de l\u2019Universit\u00e9 de Guyane au Salon Cosmetic 360"}]},{"@type":"WebSite","@id":"https:\/\/www.univ-guyane.fr\/#website","url":"https:\/\/www.univ-guyane.fr\/","name":"Universiteit van Guyana","description":"In het hart van Amazonia","publisher":{"@id":"https:\/\/www.univ-guyane.fr\/#organization"},"alternateName":"UG","potentialAction":[{"@type":"SearchAction","target":{"@type":"EntryPoint","urlTemplate":"https:\/\/www.univ-guyane.fr\/?s={search_term_string}"},"query-input":{"@type":"PropertyValueSpecification","valueRequired":true,"valueName":"search_term_string"}}],"inLanguage":"nl-NL"},{"@type":"Organization","@id":"https:\/\/www.univ-guyane.fr\/#organization","name":"Universiteit van Guyana","alternateName":"UG","url":"https:\/\/www.univ-guyane.fr\/","logo":{"@type":"ImageObject","inLanguage":"nl-NL","@id":"https:\/\/www.univ-guyane.fr\/#\/schema\/logo\/image\/","url":"https:\/\/www.univ-guyane.fr\/wp-content\/uploads\/2024\/05\/f.png","contentUrl":"https:\/\/www.univ-guyane.fr\/wp-content\/uploads\/2024\/05\/f.png","width":1024,"height":1024,"caption":"Universit\u00e9 de Guyane"},"image":{"@id":"https:\/\/www.univ-guyane.fr\/#\/schema\/logo\/image\/"},"sameAs":["https:\/\/www.facebook.com\/univguyane","https:\/\/x.com\/univguyane","https:\/\/gf.linkedin.com\/school\/universite-de-guyane\/","https:\/\/www.instagram.com\/univ_guyane\/"]},{"@type":"Person","@id":"https:\/\/www.univ-guyane.fr\/#\/schema\/person\/86d946a28a8be51bb096ccfdf19db179","name":"Erick Loiti\u00e8re","image":{"@type":"ImageObject","inLanguage":"nl-NL","@id":"https:\/\/secure.gravatar.com\/avatar\/0584f332103fbeaf37e52c73b15dca3c547fd9300deb05764e9ad8714839d072?s=96&d=robohash&r=g","url":"https:\/\/secure.gravatar.com\/avatar\/0584f332103fbeaf37e52c73b15dca3c547fd9300deb05764e9ad8714839d072?s=96&d=robohash&r=g","contentUrl":"https:\/\/secure.gravatar.com\/avatar\/0584f332103fbeaf37e52c73b15dca3c547fd9300deb05764e9ad8714839d072?s=96&d=robohash&r=g","caption":"Erick Loiti\u00e8re"},"sameAs":["http:\/\/www.univ-guyane.fr"],"url":"https:\/\/www.univ-guyane.fr\/nl\/author\/eloitierdbz\/"}]}},"_links":{"self":[{"href":"https:\/\/www.univ-guyane.fr\/nl\/wp-json\/wp\/v2\/posts\/8823","targetHints":{"allow":["GET"]}}],"collection":[{"href":"https:\/\/www.univ-guyane.fr\/nl\/wp-json\/wp\/v2\/posts"}],"about":[{"href":"https:\/\/www.univ-guyane.fr\/nl\/wp-json\/wp\/v2\/types\/post"}],"author":[{"embeddable":true,"href":"https:\/\/www.univ-guyane.fr\/nl\/wp-json\/wp\/v2\/users\/1"}],"replies":[{"embeddable":true,"href":"https:\/\/www.univ-guyane.fr\/nl\/wp-json\/wp\/v2\/comments?post=8823"}],"version-history":[{"count":1,"href":"https:\/\/www.univ-guyane.fr\/nl\/wp-json\/wp\/v2\/posts\/8823\/revisions"}],"predecessor-version":[{"id":8825,"href":"https:\/\/www.univ-guyane.fr\/nl\/wp-json\/wp\/v2\/posts\/8823\/revisions\/8825"}],"wp:featuredmedia":[{"embeddable":true,"href":"https:\/\/www.univ-guyane.fr\/nl\/wp-json\/wp\/v2\/media\/8824"}],"wp:attachment":[{"href":"https:\/\/www.univ-guyane.fr\/nl\/wp-json\/wp\/v2\/media?parent=8823"}],"wp:term":[{"taxonomy":"category","embeddable":true,"href":"https:\/\/www.univ-guyane.fr\/nl\/wp-json\/wp\/v2\/categories?post=8823"},{"taxonomy":"post_tag","embeddable":true,"href":"https:\/\/www.univ-guyane.fr\/nl\/wp-json\/wp\/v2\/tags?post=8823"}],"curies":[{"name":"wp","href":"https:\/\/api.w.org\/{rel}","templated":true}]}}