{"id":8829,"date":"2021-09-07T09:21:49","date_gmt":"2021-09-07T12:21:49","guid":{"rendered":"https:\/\/www.univ-guyane.fr\/?p=8829"},"modified":"2024-06-20T09:26:26","modified_gmt":"2024-06-20T12:26:26","slug":"inauguration-de-lextension-de-liut-de-kourou","status":"publish","type":"post","link":"https:\/\/www.univ-guyane.fr\/nl\/2021\/09\/07\/inauguration-de-lextension-de-liut-de-kourou\/","title":{"rendered":"Inhuldiging van de uitbreiding van de IUT in Kourou"},"content":{"rendered":"<div id=\"fws_69f3b9261d806\"  data-column-margin=\"default\" data-midnight=\"dark\"  class=\"wpb_row vc_row-fluid vc_row\"  style=\"padding-top: 0px; padding-bottom: 0px; \"><div class=\"row-bg-wrap\" data-bg-animation=\"none\" data-bg-animation-delay=\"\" data-bg-overlay=\"false\"><div class=\"inner-wrap row-bg-layer\" ><div class=\"row-bg viewport-desktop\"  style=\"\"><\/div><\/div><\/div><div class=\"row_col_wrap_12 col span_12 dark left\">\n\t<div  class=\"vc_col-sm-12 wpb_column column_container vc_column_container col no-extra-padding inherit_tablet inherit_phone\"  data-padding-pos=\"all\" data-has-bg-color=\"false\" data-bg-color=\"\" data-bg-opacity=\"1\" data-animation=\"\" data-delay=\"0\" >\n\t\t<div class=\"vc_column-inner\" >\n\t\t\t<div class=\"wpb_wrapper\">\n\t\t\t\t\n<div class=\"wpb_text_column wpb_content_element  chapo\" >\n\t<h2>Op maandag 26 juli 2021 heeft de IUT in Kourou de uitbreiding van de Bois-Chaudat campus ingehuldigd. Een extra 1.500m2 zal worden toegevoegd aan de bestaande gebouwen. De lichte, functionele en comfortabele gebouwen, met een technische hal en nieuwe klaslokalen, bieden optimale studieomstandigheden en hoge energieprestaties.<\/h2>\n<\/div>\n\n\n\n\n<div class=\"wpb_text_column wpb_content_element\" >\n\t<p><span class=\"nectar-dropcap\" >E <\/span>n iets meer dan 30 jaar heeft de IUT in Kourou een lange weg afgelegd! Het IUT werd in 1988 geopend op verzoek van CNES en had slechts \u00e9\u00e9n opleidingsafdeling: Elektrotechniek en Industri\u00eble Informatica. Het doel was om de bedrijven in de ruimtevaartbasis te ondersteunen door lokale technici op te leiden die voornamelijk in deze sector zouden worden aangenomen.<\/p>\n<p>Dankzij het vermogen om cursussen aan te bieden die aansluiten bij de sociaaleconomische realiteit van de regio, is het IUT zich blijven ontwikkelen. Als belangrijke speler in het hoger onderwijs in Guyana speelt het IUT in op de vraag naar professionalisering en de vaardigheidseisen van verschillende sectoren. Vandaag de dag biedt het instituut niet meer \u00e9\u00e9n cursus aan, maar 14 verschillende opties. Het heeft 5 opleidingsafdelingen: GEII (Electrical Engineering and Industrial Computing), R&amp;T (Networks and Telecommunications), TC (Marketing Techniques), CS (Social Careers) en de nieuwste, GCCD (Civil Engineering and Sustainable Construction). Het IUT heeft ook 250 studenten op twee campussen: Bois-Chaudat (Kourou) en Troubiran (Cayenne).<\/p>\n<p>Op 26 juli 2021 hebben de voorzitter van de Universit\u00e9 de Guyane en de directeur van de IUT de Kourou, in aanwezigheid van een vijftigtal genodigden (vanwege de gezondheidscrisis), de uitbreiding van de Bois-Chaudat campus ingehuldigd. De nieuwe uitbreiding is gebouwd om plaats te bieden aan de nieuwe afdeling Civiele Techniek en Duurzaam Bouwen, maar ook om meer comfort en moderniteit te bieden aan de gebruikers van de campus (zowel personeel als studenten), evenals meer veiligheid voor praktisch werk, met klaslokalen die voldoen aan de nieuwe geldende normen. Deze nieuwe opleiding beantwoordt aan de behoeften van de bouwsector en de openbare werken in 2016.<\/p>\n<p>Deze uitbreiding is een antwoord, een sterk teken dat het hoger onderwijs blijft groeien en dat er in Guyana echt vraag naar is.<\/p>\n<\/div>\n\n\n\n\n\t\t\t<\/div> \n\t\t<\/div>\n\t<\/div> \n<\/div><\/div>","protected":false},"excerpt":{"rendered":"Op maandag 26 juli 2021 heeft de IUT in Kourou de uitbreiding van de Bois-Chaudat campus ingehuldigd. 1500m2...","protected":false},"author":1,"featured_media":8830,"comment_status":"closed","ping_status":"open","sticky":false,"template":"","format":"standard","meta":{"iawp_total_views":82,"footnotes":""},"categories":[17],"tags":[],"class_list":{"0":"post-8829","1":"post","2":"type-post","3":"status-publish","4":"format-standard","5":"has-post-thumbnail","7":"category-iut"},"yoast_head":"<!-- This site is optimized with the Yoast SEO plugin v27.5 - https:\/\/yoast.com\/product\/yoast-seo-wordpress\/ -->\n<title>Inauguration de l\u2019extension de l\u2019IUT de Kourou &#8212; Universit\u00e9 de Guyane<\/title>\n<meta name=\"description\" content=\"D\u00e9couvrez l&#039;extension de l&#039;IUT de Kourou et sa transformation en un acteur majeur de l&#039;enseignement sup\u00e9rieur en Guyane.\" \/>\n<meta name=\"robots\" content=\"index, follow, max-snippet:-1, max-image-preview:large, max-video-preview:-1\" \/>\n<link rel=\"canonical\" href=\"https:\/\/www.univ-guyane.fr\/nl\/2021\/09\/07\/inauguration-de-lextension-de-liut-de-kourou\/\" \/>\n<meta property=\"og:locale\" content=\"nl_NL\" \/>\n<meta property=\"og:type\" content=\"article\" \/>\n<meta property=\"og:title\" content=\"Inauguration de l\u2019extension de l\u2019IUT de Kourou &#8212; Universit\u00e9 de Guyane\" \/>\n<meta property=\"og:description\" content=\"D\u00e9couvrez l&#039;extension de l&#039;IUT de Kourou et sa transformation en un acteur majeur de l&#039;enseignement sup\u00e9rieur en Guyane.\" \/>\n<meta property=\"og:url\" content=\"https:\/\/www.univ-guyane.fr\/nl\/2021\/09\/07\/inauguration-de-lextension-de-liut-de-kourou\/\" \/>\n<meta property=\"og:site_name\" content=\"Universit\u00e9 de Guyane\" \/>\n<meta property=\"article:publisher\" content=\"https:\/\/www.facebook.com\/univguyane\" \/>\n<meta property=\"article:published_time\" content=\"2021-09-07T12:21:49+00:00\" \/>\n<meta property=\"article:modified_time\" content=\"2024-06-20T12:26:26+00:00\" \/>\n<meta property=\"og:image\" content=\"https:\/\/www.univ-guyane.fr\/wp-content\/uploads\/inauguration-extension-iut-universite-de-guyane.jpg\" \/>\n\t<meta property=\"og:image:width\" content=\"1200\" \/>\n\t<meta property=\"og:image:height\" content=\"800\" \/>\n\t<meta property=\"og:image:type\" content=\"image\/jpeg\" \/>\n<meta name=\"author\" content=\"Erick Loiti\u00e8re\" \/>\n<meta name=\"twitter:card\" content=\"summary_large_image\" \/>\n<meta name=\"twitter:creator\" content=\"@univguyane\" \/>\n<meta name=\"twitter:site\" content=\"@univguyane\" \/>\n<meta name=\"twitter:label1\" content=\"Geschreven door\" \/>\n\t<meta name=\"twitter:data1\" content=\"Erick Loiti\u00e8re\" \/>\n\t<meta name=\"twitter:label2\" content=\"Geschatte leestijd\" \/>\n\t<meta name=\"twitter:data2\" content=\"3 minuten\" \/>\n<script type=\"application\/ld+json\" class=\"yoast-schema-graph\">{\"@context\":\"https:\\\/\\\/schema.org\",\"@graph\":[{\"@type\":\"Article\",\"@id\":\"https:\\\/\\\/www.univ-guyane.fr\\\/2021\\\/09\\\/07\\\/inauguration-de-lextension-de-liut-de-kourou\\\/#article\",\"isPartOf\":{\"@id\":\"https:\\\/\\\/www.univ-guyane.fr\\\/2021\\\/09\\\/07\\\/inauguration-de-lextension-de-liut-de-kourou\\\/\"},\"author\":{\"name\":\"Erick Loiti\u00e8re\",\"@id\":\"https:\\\/\\\/www.univ-guyane.fr\\\/#\\\/schema\\\/person\\\/86d946a28a8be51bb096ccfdf19db179\"},\"headline\":\"Inauguration de l\u2019extension de l\u2019IUT de Kourou\",\"datePublished\":\"2021-09-07T12:21:49+00:00\",\"dateModified\":\"2024-06-20T12:26:26+00:00\",\"mainEntityOfPage\":{\"@id\":\"https:\\\/\\\/www.univ-guyane.fr\\\/2021\\\/09\\\/07\\\/inauguration-de-lextension-de-liut-de-kourou\\\/\"},\"wordCount\":586,\"publisher\":{\"@id\":\"https:\\\/\\\/www.univ-guyane.fr\\\/#organization\"},\"image\":{\"@id\":\"https:\\\/\\\/www.univ-guyane.fr\\\/2021\\\/09\\\/07\\\/inauguration-de-lextension-de-liut-de-kourou\\\/#primaryimage\"},\"thumbnailUrl\":\"https:\\\/\\\/www.univ-guyane.fr\\\/wp-content\\\/uploads\\\/inauguration-extension-iut-universite-de-guyane.jpg\",\"articleSection\":[\"\u2022 IUT\"],\"inLanguage\":\"nl-NL\"},{\"@type\":\"WebPage\",\"@id\":\"https:\\\/\\\/www.univ-guyane.fr\\\/2021\\\/09\\\/07\\\/inauguration-de-lextension-de-liut-de-kourou\\\/\",\"url\":\"https:\\\/\\\/www.univ-guyane.fr\\\/2021\\\/09\\\/07\\\/inauguration-de-lextension-de-liut-de-kourou\\\/\",\"name\":\"Inauguration de l\u2019extension de l\u2019IUT de Kourou &#8212; Universit\u00e9 de Guyane\",\"isPartOf\":{\"@id\":\"https:\\\/\\\/www.univ-guyane.fr\\\/#website\"},\"primaryImageOfPage\":{\"@id\":\"https:\\\/\\\/www.univ-guyane.fr\\\/2021\\\/09\\\/07\\\/inauguration-de-lextension-de-liut-de-kourou\\\/#primaryimage\"},\"image\":{\"@id\":\"https:\\\/\\\/www.univ-guyane.fr\\\/2021\\\/09\\\/07\\\/inauguration-de-lextension-de-liut-de-kourou\\\/#primaryimage\"},\"thumbnailUrl\":\"https:\\\/\\\/www.univ-guyane.fr\\\/wp-content\\\/uploads\\\/inauguration-extension-iut-universite-de-guyane.jpg\",\"datePublished\":\"2021-09-07T12:21:49+00:00\",\"dateModified\":\"2024-06-20T12:26:26+00:00\",\"description\":\"D\u00e9couvrez l'extension de l'IUT de Kourou et sa transformation en un acteur majeur de l'enseignement sup\u00e9rieur en Guyane.\",\"breadcrumb\":{\"@id\":\"https:\\\/\\\/www.univ-guyane.fr\\\/2021\\\/09\\\/07\\\/inauguration-de-lextension-de-liut-de-kourou\\\/#breadcrumb\"},\"inLanguage\":\"nl-NL\",\"potentialAction\":[{\"@type\":\"ReadAction\",\"target\":[\"https:\\\/\\\/www.univ-guyane.fr\\\/2021\\\/09\\\/07\\\/inauguration-de-lextension-de-liut-de-kourou\\\/\"]}]},{\"@type\":\"ImageObject\",\"inLanguage\":\"nl-NL\",\"@id\":\"https:\\\/\\\/www.univ-guyane.fr\\\/2021\\\/09\\\/07\\\/inauguration-de-lextension-de-liut-de-kourou\\\/#primaryimage\",\"url\":\"https:\\\/\\\/www.univ-guyane.fr\\\/wp-content\\\/uploads\\\/inauguration-extension-iut-universite-de-guyane.jpg\",\"contentUrl\":\"https:\\\/\\\/www.univ-guyane.fr\\\/wp-content\\\/uploads\\\/inauguration-extension-iut-universite-de-guyane.jpg\",\"width\":1200,\"height\":800,\"caption\":\"Inauguration de l\u2019extension de l\u2019IUT de Kourou\"},{\"@type\":\"BreadcrumbList\",\"@id\":\"https:\\\/\\\/www.univ-guyane.fr\\\/2021\\\/09\\\/07\\\/inauguration-de-lextension-de-liut-de-kourou\\\/#breadcrumb\",\"itemListElement\":[{\"@type\":\"ListItem\",\"position\":1,\"name\":\"Accueil\",\"item\":\"https:\\\/\\\/www.univ-guyane.fr\\\/\"},{\"@type\":\"ListItem\",\"position\":2,\"name\":\"Inauguration de l\u2019extension de l\u2019IUT de Kourou\"}]},{\"@type\":\"WebSite\",\"@id\":\"https:\\\/\\\/www.univ-guyane.fr\\\/#website\",\"url\":\"https:\\\/\\\/www.univ-guyane.fr\\\/\",\"name\":\"Universit\u00e9 de Guyane\",\"description\":\"Au c\u0153ur de l&#039;amazonie\",\"publisher\":{\"@id\":\"https:\\\/\\\/www.univ-guyane.fr\\\/#organization\"},\"alternateName\":\"UG\",\"potentialAction\":[{\"@type\":\"SearchAction\",\"target\":{\"@type\":\"EntryPoint\",\"urlTemplate\":\"https:\\\/\\\/www.univ-guyane.fr\\\/?s={search_term_string}\"},\"query-input\":{\"@type\":\"PropertyValueSpecification\",\"valueRequired\":true,\"valueName\":\"search_term_string\"}}],\"inLanguage\":\"nl-NL\"},{\"@type\":\"Organization\",\"@id\":\"https:\\\/\\\/www.univ-guyane.fr\\\/#organization\",\"name\":\"Universit\u00e9 de Guyane\",\"alternateName\":\"UG\",\"url\":\"https:\\\/\\\/www.univ-guyane.fr\\\/\",\"logo\":{\"@type\":\"ImageObject\",\"inLanguage\":\"nl-NL\",\"@id\":\"https:\\\/\\\/www.univ-guyane.fr\\\/#\\\/schema\\\/logo\\\/image\\\/\",\"url\":\"https:\\\/\\\/www.univ-guyane.fr\\\/wp-content\\\/uploads\\\/2024\\\/05\\\/f.png\",\"contentUrl\":\"https:\\\/\\\/www.univ-guyane.fr\\\/wp-content\\\/uploads\\\/2024\\\/05\\\/f.png\",\"width\":1024,\"height\":1024,\"caption\":\"Universit\u00e9 de Guyane\"},\"image\":{\"@id\":\"https:\\\/\\\/www.univ-guyane.fr\\\/#\\\/schema\\\/logo\\\/image\\\/\"},\"sameAs\":[\"https:\\\/\\\/www.facebook.com\\\/univguyane\",\"https:\\\/\\\/x.com\\\/univguyane\",\"https:\\\/\\\/gf.linkedin.com\\\/school\\\/universite-de-guyane\\\/\",\"https:\\\/\\\/www.instagram.com\\\/univ_guyane\\\/\"]},{\"@type\":\"Person\",\"@id\":\"https:\\\/\\\/www.univ-guyane.fr\\\/#\\\/schema\\\/person\\\/86d946a28a8be51bb096ccfdf19db179\",\"name\":\"Erick Loiti\u00e8re\",\"image\":{\"@type\":\"ImageObject\",\"inLanguage\":\"nl-NL\",\"@id\":\"https:\\\/\\\/secure.gravatar.com\\\/avatar\\\/0584f332103fbeaf37e52c73b15dca3c547fd9300deb05764e9ad8714839d072?s=96&d=robohash&r=g\",\"url\":\"https:\\\/\\\/secure.gravatar.com\\\/avatar\\\/0584f332103fbeaf37e52c73b15dca3c547fd9300deb05764e9ad8714839d072?s=96&d=robohash&r=g\",\"contentUrl\":\"https:\\\/\\\/secure.gravatar.com\\\/avatar\\\/0584f332103fbeaf37e52c73b15dca3c547fd9300deb05764e9ad8714839d072?s=96&d=robohash&r=g\",\"caption\":\"Erick Loiti\u00e8re\"},\"sameAs\":[\"http:\\\/\\\/www.univ-guyane.fr\"],\"url\":\"https:\\\/\\\/www.univ-guyane.fr\\\/nl\\\/author\\\/eloitierdbz\\\/\"}]}<\/script>\n<!-- \/ Yoast SEO plugin. -->","yoast_head_json":{"title":"Inauguration de l\u2019extension de l\u2019IUT de Kourou &#8212; Universit\u00e9 de Guyane","description":"D\u00e9couvrez l'extension de l'IUT de Kourou et sa transformation en un acteur majeur de l'enseignement sup\u00e9rieur en Guyane.","robots":{"index":"index","follow":"follow","max-snippet":"max-snippet:-1","max-image-preview":"max-image-preview:large","max-video-preview":"max-video-preview:-1"},"canonical":"https:\/\/www.univ-guyane.fr\/nl\/2021\/09\/07\/inauguration-de-lextension-de-liut-de-kourou\/","og_locale":"nl_NL","og_type":"article","og_title":"Inauguration de l\u2019extension de l\u2019IUT de Kourou &#8212; Universit\u00e9 de Guyane","og_description":"D\u00e9couvrez l'extension de l'IUT de Kourou et sa transformation en un acteur majeur de l'enseignement sup\u00e9rieur en Guyane.","og_url":"https:\/\/www.univ-guyane.fr\/nl\/2021\/09\/07\/inauguration-de-lextension-de-liut-de-kourou\/","og_site_name":"Universit\u00e9 de Guyane","article_publisher":"https:\/\/www.facebook.com\/univguyane","article_published_time":"2021-09-07T12:21:49+00:00","article_modified_time":"2024-06-20T12:26:26+00:00","og_image":[{"width":1200,"height":800,"url":"https:\/\/www.univ-guyane.fr\/wp-content\/uploads\/inauguration-extension-iut-universite-de-guyane.jpg","type":"image\/jpeg"}],"author":"Erick Loiti\u00e8re","twitter_card":"summary_large_image","twitter_creator":"@univguyane","twitter_site":"@univguyane","twitter_misc":{"Geschreven door":"Erick Loiti\u00e8re","Geschatte leestijd":"3 minuten"},"schema":{"@context":"https:\/\/schema.org","@graph":[{"@type":"Article","@id":"https:\/\/www.univ-guyane.fr\/2021\/09\/07\/inauguration-de-lextension-de-liut-de-kourou\/#article","isPartOf":{"@id":"https:\/\/www.univ-guyane.fr\/2021\/09\/07\/inauguration-de-lextension-de-liut-de-kourou\/"},"author":{"name":"Erick Loiti\u00e8re","@id":"https:\/\/www.univ-guyane.fr\/#\/schema\/person\/86d946a28a8be51bb096ccfdf19db179"},"headline":"Inauguration de l\u2019extension de l\u2019IUT de Kourou","datePublished":"2021-09-07T12:21:49+00:00","dateModified":"2024-06-20T12:26:26+00:00","mainEntityOfPage":{"@id":"https:\/\/www.univ-guyane.fr\/2021\/09\/07\/inauguration-de-lextension-de-liut-de-kourou\/"},"wordCount":586,"publisher":{"@id":"https:\/\/www.univ-guyane.fr\/#organization"},"image":{"@id":"https:\/\/www.univ-guyane.fr\/2021\/09\/07\/inauguration-de-lextension-de-liut-de-kourou\/#primaryimage"},"thumbnailUrl":"https:\/\/www.univ-guyane.fr\/wp-content\/uploads\/inauguration-extension-iut-universite-de-guyane.jpg","articleSection":["\u2022 IUT"],"inLanguage":"nl-NL"},{"@type":"WebPage","@id":"https:\/\/www.univ-guyane.fr\/2021\/09\/07\/inauguration-de-lextension-de-liut-de-kourou\/","url":"https:\/\/www.univ-guyane.fr\/2021\/09\/07\/inauguration-de-lextension-de-liut-de-kourou\/","name":"Inauguration de l\u2019extension de l\u2019IUT de Kourou &#8212; Universit\u00e9 de Guyane","isPartOf":{"@id":"https:\/\/www.univ-guyane.fr\/#website"},"primaryImageOfPage":{"@id":"https:\/\/www.univ-guyane.fr\/2021\/09\/07\/inauguration-de-lextension-de-liut-de-kourou\/#primaryimage"},"image":{"@id":"https:\/\/www.univ-guyane.fr\/2021\/09\/07\/inauguration-de-lextension-de-liut-de-kourou\/#primaryimage"},"thumbnailUrl":"https:\/\/www.univ-guyane.fr\/wp-content\/uploads\/inauguration-extension-iut-universite-de-guyane.jpg","datePublished":"2021-09-07T12:21:49+00:00","dateModified":"2024-06-20T12:26:26+00:00","description":"D\u00e9couvrez l'extension de l'IUT de Kourou et sa transformation en un acteur majeur de l'enseignement sup\u00e9rieur en Guyane.","breadcrumb":{"@id":"https:\/\/www.univ-guyane.fr\/2021\/09\/07\/inauguration-de-lextension-de-liut-de-kourou\/#breadcrumb"},"inLanguage":"nl-NL","potentialAction":[{"@type":"ReadAction","target":["https:\/\/www.univ-guyane.fr\/2021\/09\/07\/inauguration-de-lextension-de-liut-de-kourou\/"]}]},{"@type":"ImageObject","inLanguage":"nl-NL","@id":"https:\/\/www.univ-guyane.fr\/2021\/09\/07\/inauguration-de-lextension-de-liut-de-kourou\/#primaryimage","url":"https:\/\/www.univ-guyane.fr\/wp-content\/uploads\/inauguration-extension-iut-universite-de-guyane.jpg","contentUrl":"https:\/\/www.univ-guyane.fr\/wp-content\/uploads\/inauguration-extension-iut-universite-de-guyane.jpg","width":1200,"height":800,"caption":"Inauguration de l\u2019extension de l\u2019IUT de Kourou"},{"@type":"BreadcrumbList","@id":"https:\/\/www.univ-guyane.fr\/2021\/09\/07\/inauguration-de-lextension-de-liut-de-kourou\/#breadcrumb","itemListElement":[{"@type":"ListItem","position":1,"name":"Accueil","item":"https:\/\/www.univ-guyane.fr\/"},{"@type":"ListItem","position":2,"name":"Inauguration de l\u2019extension de l\u2019IUT de Kourou"}]},{"@type":"WebSite","@id":"https:\/\/www.univ-guyane.fr\/#website","url":"https:\/\/www.univ-guyane.fr\/","name":"Universiteit van Guyana","description":"In het hart van Amazonia","publisher":{"@id":"https:\/\/www.univ-guyane.fr\/#organization"},"alternateName":"UG","potentialAction":[{"@type":"SearchAction","target":{"@type":"EntryPoint","urlTemplate":"https:\/\/www.univ-guyane.fr\/?s={search_term_string}"},"query-input":{"@type":"PropertyValueSpecification","valueRequired":true,"valueName":"search_term_string"}}],"inLanguage":"nl-NL"},{"@type":"Organization","@id":"https:\/\/www.univ-guyane.fr\/#organization","name":"Universiteit van Guyana","alternateName":"UG","url":"https:\/\/www.univ-guyane.fr\/","logo":{"@type":"ImageObject","inLanguage":"nl-NL","@id":"https:\/\/www.univ-guyane.fr\/#\/schema\/logo\/image\/","url":"https:\/\/www.univ-guyane.fr\/wp-content\/uploads\/2024\/05\/f.png","contentUrl":"https:\/\/www.univ-guyane.fr\/wp-content\/uploads\/2024\/05\/f.png","width":1024,"height":1024,"caption":"Universit\u00e9 de Guyane"},"image":{"@id":"https:\/\/www.univ-guyane.fr\/#\/schema\/logo\/image\/"},"sameAs":["https:\/\/www.facebook.com\/univguyane","https:\/\/x.com\/univguyane","https:\/\/gf.linkedin.com\/school\/universite-de-guyane\/","https:\/\/www.instagram.com\/univ_guyane\/"]},{"@type":"Person","@id":"https:\/\/www.univ-guyane.fr\/#\/schema\/person\/86d946a28a8be51bb096ccfdf19db179","name":"Erick Loiti\u00e8re","image":{"@type":"ImageObject","inLanguage":"nl-NL","@id":"https:\/\/secure.gravatar.com\/avatar\/0584f332103fbeaf37e52c73b15dca3c547fd9300deb05764e9ad8714839d072?s=96&d=robohash&r=g","url":"https:\/\/secure.gravatar.com\/avatar\/0584f332103fbeaf37e52c73b15dca3c547fd9300deb05764e9ad8714839d072?s=96&d=robohash&r=g","contentUrl":"https:\/\/secure.gravatar.com\/avatar\/0584f332103fbeaf37e52c73b15dca3c547fd9300deb05764e9ad8714839d072?s=96&d=robohash&r=g","caption":"Erick Loiti\u00e8re"},"sameAs":["http:\/\/www.univ-guyane.fr"],"url":"https:\/\/www.univ-guyane.fr\/nl\/author\/eloitierdbz\/"}]}},"_links":{"self":[{"href":"https:\/\/www.univ-guyane.fr\/nl\/wp-json\/wp\/v2\/posts\/8829","targetHints":{"allow":["GET"]}}],"collection":[{"href":"https:\/\/www.univ-guyane.fr\/nl\/wp-json\/wp\/v2\/posts"}],"about":[{"href":"https:\/\/www.univ-guyane.fr\/nl\/wp-json\/wp\/v2\/types\/post"}],"author":[{"embeddable":true,"href":"https:\/\/www.univ-guyane.fr\/nl\/wp-json\/wp\/v2\/users\/1"}],"replies":[{"embeddable":true,"href":"https:\/\/www.univ-guyane.fr\/nl\/wp-json\/wp\/v2\/comments?post=8829"}],"version-history":[{"count":2,"href":"https:\/\/www.univ-guyane.fr\/nl\/wp-json\/wp\/v2\/posts\/8829\/revisions"}],"predecessor-version":[{"id":8832,"href":"https:\/\/www.univ-guyane.fr\/nl\/wp-json\/wp\/v2\/posts\/8829\/revisions\/8832"}],"wp:featuredmedia":[{"embeddable":true,"href":"https:\/\/www.univ-guyane.fr\/nl\/wp-json\/wp\/v2\/media\/8830"}],"wp:attachment":[{"href":"https:\/\/www.univ-guyane.fr\/nl\/wp-json\/wp\/v2\/media?parent=8829"}],"wp:term":[{"taxonomy":"category","embeddable":true,"href":"https:\/\/www.univ-guyane.fr\/nl\/wp-json\/wp\/v2\/categories?post=8829"},{"taxonomy":"post_tag","embeddable":true,"href":"https:\/\/www.univ-guyane.fr\/nl\/wp-json\/wp\/v2\/tags?post=8829"}],"curies":[{"name":"wp","href":"https:\/\/api.w.org\/{rel}","templated":true}]}}