{"id":8881,"date":"2022-06-30T15:21:11","date_gmt":"2022-06-30T18:21:11","guid":{"rendered":"https:\/\/www.univ-guyane.fr\/?p=8881"},"modified":"2024-06-20T15:27:07","modified_gmt":"2024-06-20T18:27:07","slug":"mission-guyuniv2","status":"publish","type":"post","link":"https:\/\/www.univ-guyane.fr\/nl\/2022\/06\/30\/mission-guyuniv2\/","title":{"rendered":"GUYUNIV2 missie"},"content":{"rendered":"<div id=\"fws_69f3c6e63a9ca\"  data-column-margin=\"default\" data-midnight=\"dark\"  class=\"wpb_row vc_row-fluid vc_row\"  style=\"padding-top: 0px; padding-bottom: 0px; \"><div class=\"row-bg-wrap\" data-bg-animation=\"none\" data-bg-animation-delay=\"\" data-bg-overlay=\"false\"><div class=\"inner-wrap row-bg-layer\" ><div class=\"row-bg viewport-desktop\"  style=\"\"><\/div><\/div><\/div><div class=\"row_col_wrap_12 col span_12 dark left\">\n\t<div  class=\"vc_col-sm-12 wpb_column column_container vc_column_container col no-extra-padding inherit_tablet inherit_phone\"  data-padding-pos=\"all\" data-has-bg-color=\"false\" data-bg-color=\"\" data-bg-opacity=\"1\" data-animation=\"\" data-delay=\"0\" >\n\t\t<div class=\"vc_column-inner\" >\n\t\t\t<div class=\"wpb_wrapper\">\n\t\t\t\t\n<div class=\"wpb_text_column wpb_content_element  chapo\" >\n\t<h2>Na de eerste missie in 2015 wordt de regionale samenwerking tussen de universiteiten van ADEKUS, de Universiteit van Guyana en de Universiteit van Frans Guyana voortgezet en versterkt. Een 25-koppige delegatie van docenten, docenten, politici en administratief personeel reisde naar de partneruniversiteiten om hun collega's te ontmoeten en de banden tussen deze instellingen nieuw leven in te blazen.<\/h2>\n<\/div>\n\n\n\n\n<div class=\"wpb_text_column wpb_content_element\" >\n\t<p><span class=\"nectar-dropcap\" >L' <\/span>e Universiteit van Guyana heeft ambities om uit te blinken op het Zuid-Amerikaanse continent. Het is daarom van groot belang dat zij actief betrokken is bij regionale en internationale samenwerking. Grensoverschrijdende samenwerking op het gebied van onderwijs en onderzoek met deze universiteiten is niet nieuw. In feite zijn er sinds 2015 tal van acties uitgevoerd tussen de Universiteit van Guyana (UG), ANTON DE KOM Universiteit (ADEKUS Suriname) en de Universiteit van Guyana. Ondanks de abrupte stopzetting als gevolg van de COVID-19 pandemie in maart 2020, is er een sterke en groeiende interesse in het delen van kennis en expertise. Nu de gezondheidssituatie gunstiger is, was het belangrijk om de banden tussen onze universiteiten nieuw leven in te blazen en toekomstige projecten te bespreken.<\/p>\n<p>Als onderdeel van een grensoverschrijdende samenwerkingsaanpak was het GUYUNIV2-project gericht op :<\/p>\n<ul>\n<li>Kom meer te weten over de infrastructuur en opleidingen aan de Universiteit van Guyana, ADEKUS en de University of Guyana;<\/li>\n<li>Geef een update van deze elementen sinds de laatste offici\u00eble bezoeken van de delegatie;<\/li>\n<li>Het netwerk van contacten uitbreiden om de ontwikkeling van gezamenlijke educatieve en wetenschappelijke projecten aan te moedigen in reactie op specifieke oproepen tot projecten (PCIA, EFRO OP, ERASMUS+, enz.), internationale trainingscursussen en de organisatie van sportieve en culturele evenementen.<\/li>\n<\/ul>\n<h3><strong>De banden met grensoverschrijdende universiteiten aanhalen<\/strong><\/h3>\n<p>Het GUYUNIV2-project is ge\u00efnitieerd door de Universiteit van Guyana, met steun van het regionale samenwerkingsfonds en de Collectivit\u00e9 Territoriale de Guyane. Het is een verkennende missie gericht op interuniversitaire ontmoetingen met instellingen voor hoger onderwijs in Suriname en Guyana. Het is een vervolg op het project dat in 2015 werd uitgevoerd bij de oprichting van de UG, dat vergelijkbaar was qua aard en doelstellingen. Het bezoek aan de Universiteit van Guyana was extra bijzonder omdat het de eerste keer was dat een delegatie van de UG dat land bezocht. Het was een gelegenheid om collega's te ontmoeten en ervaringen met het hoger onderwijs uit te wisselen.<\/p>\n<p>Voor elk van de universitaire bijeenkomsten (ADEKUS en Universiteit van Guyana) werd de volgende opzet gekozen:<\/p>\n<ul>\n<li>E\u00e9n sessie\u00a0<strong>plenaire opening<\/strong>(Welkomstwoorden; korte presentaties van de opleidings- en onderzoekskaarten)<\/li>\n<li>E\u00e9n sessie\u00a0<strong>in een workshop<\/strong>(onderdompelingen\/discussies binnen de respectieve faculteiten\/afdelingen)<\/li>\n<li>E\u00e9n sessie\u00a0<strong>afsluitende plenaire vergadering<\/strong>om samenwerkingsprojecten per faculteit\/afdeling samen te vatten.<\/li>\n<\/ul>\n<p>We willen al onze collega's van de universiteiten van Suriname (ADEKUS) en Guyana bedanken voor hun warme ontvangst en productieve discussies.<\/p>\n<\/div>\n\n\n\n\n\t\t\t<\/div> \n\t\t<\/div>\n\t<\/div> \n<\/div><\/div>","protected":false},"excerpt":{"rendered":"Na de eerste missie in 2015 is de regionale samenwerking tussen de universiteiten van ADEKUS,...","protected":false},"author":1,"featured_media":8882,"comment_status":"closed","ping_status":"open","sticky":false,"template":"","format":"standard","meta":{"iawp_total_views":22,"footnotes":""},"categories":[1],"tags":[],"class_list":{"0":"post-8881","1":"post","2":"type-post","3":"status-publish","4":"format-standard","5":"has-post-thumbnail","7":"category-non-classe"},"yoast_head":"<!-- This site is optimized with the Yoast SEO plugin v27.5 - https:\/\/yoast.com\/product\/yoast-seo-wordpress\/ -->\n<title>Mission GUYUNIV2 &#8212; Universit\u00e9 de Guyane<\/title>\n<meta name=\"description\" content=\"D\u00e9couvrez la coop\u00e9ration transfrontali\u00e8re entre l&#039;Universit\u00e9 de Guyane, ADEKUS Suriname et l&#039;Universit\u00e9 du Guyana dans le projet GUYUNIV2.\" \/>\n<meta name=\"robots\" content=\"index, follow, max-snippet:-1, max-image-preview:large, max-video-preview:-1\" \/>\n<link rel=\"canonical\" href=\"https:\/\/www.univ-guyane.fr\/nl\/2022\/06\/30\/mission-guyuniv2\/\" \/>\n<meta property=\"og:locale\" content=\"nl_NL\" \/>\n<meta property=\"og:type\" content=\"article\" \/>\n<meta property=\"og:title\" content=\"Mission GUYUNIV2 &#8212; Universit\u00e9 de Guyane\" \/>\n<meta property=\"og:description\" content=\"D\u00e9couvrez la coop\u00e9ration transfrontali\u00e8re entre l&#039;Universit\u00e9 de Guyane, ADEKUS Suriname et l&#039;Universit\u00e9 du Guyana dans le projet GUYUNIV2.\" \/>\n<meta property=\"og:url\" content=\"https:\/\/www.univ-guyane.fr\/nl\/2022\/06\/30\/mission-guyuniv2\/\" \/>\n<meta property=\"og:site_name\" content=\"Universit\u00e9 de Guyane\" \/>\n<meta property=\"article:publisher\" content=\"https:\/\/www.facebook.com\/univguyane\" \/>\n<meta property=\"article:published_time\" content=\"2022-06-30T18:21:11+00:00\" \/>\n<meta property=\"article:modified_time\" content=\"2024-06-20T18:27:07+00:00\" \/>\n<meta property=\"og:image\" content=\"https:\/\/www.univ-guyane.fr\/wp-content\/uploads\/IMG_3379.jpg\" \/>\n\t<meta property=\"og:image:width\" content=\"1700\" \/>\n\t<meta property=\"og:image:height\" content=\"842\" \/>\n\t<meta property=\"og:image:type\" content=\"image\/jpeg\" \/>\n<meta name=\"author\" content=\"Erick Loiti\u00e8re\" \/>\n<meta name=\"twitter:card\" content=\"summary_large_image\" \/>\n<meta name=\"twitter:creator\" content=\"@univguyane\" \/>\n<meta name=\"twitter:site\" content=\"@univguyane\" \/>\n<meta name=\"twitter:label1\" content=\"Geschreven door\" \/>\n\t<meta name=\"twitter:data1\" content=\"Erick Loiti\u00e8re\" \/>\n\t<meta name=\"twitter:label2\" content=\"Geschatte leestijd\" \/>\n\t<meta name=\"twitter:data2\" content=\"3 minuten\" \/>\n<script type=\"application\/ld+json\" class=\"yoast-schema-graph\">{\"@context\":\"https:\\\/\\\/schema.org\",\"@graph\":[{\"@type\":\"Article\",\"@id\":\"https:\\\/\\\/www.univ-guyane.fr\\\/2022\\\/06\\\/30\\\/mission-guyuniv2\\\/#article\",\"isPartOf\":{\"@id\":\"https:\\\/\\\/www.univ-guyane.fr\\\/2022\\\/06\\\/30\\\/mission-guyuniv2\\\/\"},\"author\":{\"name\":\"Erick Loiti\u00e8re\",\"@id\":\"https:\\\/\\\/www.univ-guyane.fr\\\/#\\\/schema\\\/person\\\/86d946a28a8be51bb096ccfdf19db179\"},\"headline\":\"Mission GUYUNIV2\",\"datePublished\":\"2022-06-30T18:21:11+00:00\",\"dateModified\":\"2024-06-20T18:27:07+00:00\",\"mainEntityOfPage\":{\"@id\":\"https:\\\/\\\/www.univ-guyane.fr\\\/2022\\\/06\\\/30\\\/mission-guyuniv2\\\/\"},\"wordCount\":723,\"publisher\":{\"@id\":\"https:\\\/\\\/www.univ-guyane.fr\\\/#organization\"},\"image\":{\"@id\":\"https:\\\/\\\/www.univ-guyane.fr\\\/2022\\\/06\\\/30\\\/mission-guyuniv2\\\/#primaryimage\"},\"thumbnailUrl\":\"https:\\\/\\\/www.univ-guyane.fr\\\/wp-content\\\/uploads\\\/IMG_3379.jpg\",\"articleSection\":[\"Non class\u00e9\"],\"inLanguage\":\"nl-NL\"},{\"@type\":\"WebPage\",\"@id\":\"https:\\\/\\\/www.univ-guyane.fr\\\/2022\\\/06\\\/30\\\/mission-guyuniv2\\\/\",\"url\":\"https:\\\/\\\/www.univ-guyane.fr\\\/2022\\\/06\\\/30\\\/mission-guyuniv2\\\/\",\"name\":\"Mission GUYUNIV2 &#8212; Universit\u00e9 de Guyane\",\"isPartOf\":{\"@id\":\"https:\\\/\\\/www.univ-guyane.fr\\\/#website\"},\"primaryImageOfPage\":{\"@id\":\"https:\\\/\\\/www.univ-guyane.fr\\\/2022\\\/06\\\/30\\\/mission-guyuniv2\\\/#primaryimage\"},\"image\":{\"@id\":\"https:\\\/\\\/www.univ-guyane.fr\\\/2022\\\/06\\\/30\\\/mission-guyuniv2\\\/#primaryimage\"},\"thumbnailUrl\":\"https:\\\/\\\/www.univ-guyane.fr\\\/wp-content\\\/uploads\\\/IMG_3379.jpg\",\"datePublished\":\"2022-06-30T18:21:11+00:00\",\"dateModified\":\"2024-06-20T18:27:07+00:00\",\"description\":\"D\u00e9couvrez la coop\u00e9ration transfrontali\u00e8re entre l'Universit\u00e9 de Guyane, ADEKUS Suriname et l'Universit\u00e9 du Guyana dans le projet GUYUNIV2.\",\"breadcrumb\":{\"@id\":\"https:\\\/\\\/www.univ-guyane.fr\\\/2022\\\/06\\\/30\\\/mission-guyuniv2\\\/#breadcrumb\"},\"inLanguage\":\"nl-NL\",\"potentialAction\":[{\"@type\":\"ReadAction\",\"target\":[\"https:\\\/\\\/www.univ-guyane.fr\\\/2022\\\/06\\\/30\\\/mission-guyuniv2\\\/\"]}]},{\"@type\":\"ImageObject\",\"inLanguage\":\"nl-NL\",\"@id\":\"https:\\\/\\\/www.univ-guyane.fr\\\/2022\\\/06\\\/30\\\/mission-guyuniv2\\\/#primaryimage\",\"url\":\"https:\\\/\\\/www.univ-guyane.fr\\\/wp-content\\\/uploads\\\/IMG_3379.jpg\",\"contentUrl\":\"https:\\\/\\\/www.univ-guyane.fr\\\/wp-content\\\/uploads\\\/IMG_3379.jpg\",\"width\":1700,\"height\":842,\"caption\":\"Mission GUYUNIV2\"},{\"@type\":\"BreadcrumbList\",\"@id\":\"https:\\\/\\\/www.univ-guyane.fr\\\/2022\\\/06\\\/30\\\/mission-guyuniv2\\\/#breadcrumb\",\"itemListElement\":[{\"@type\":\"ListItem\",\"position\":1,\"name\":\"Accueil\",\"item\":\"https:\\\/\\\/www.univ-guyane.fr\\\/\"},{\"@type\":\"ListItem\",\"position\":2,\"name\":\"Mission GUYUNIV2\"}]},{\"@type\":\"WebSite\",\"@id\":\"https:\\\/\\\/www.univ-guyane.fr\\\/#website\",\"url\":\"https:\\\/\\\/www.univ-guyane.fr\\\/\",\"name\":\"Universit\u00e9 de Guyane\",\"description\":\"Au c\u0153ur de l&#039;amazonie\",\"publisher\":{\"@id\":\"https:\\\/\\\/www.univ-guyane.fr\\\/#organization\"},\"alternateName\":\"UG\",\"potentialAction\":[{\"@type\":\"SearchAction\",\"target\":{\"@type\":\"EntryPoint\",\"urlTemplate\":\"https:\\\/\\\/www.univ-guyane.fr\\\/?s={search_term_string}\"},\"query-input\":{\"@type\":\"PropertyValueSpecification\",\"valueRequired\":true,\"valueName\":\"search_term_string\"}}],\"inLanguage\":\"nl-NL\"},{\"@type\":\"Organization\",\"@id\":\"https:\\\/\\\/www.univ-guyane.fr\\\/#organization\",\"name\":\"Universit\u00e9 de Guyane\",\"alternateName\":\"UG\",\"url\":\"https:\\\/\\\/www.univ-guyane.fr\\\/\",\"logo\":{\"@type\":\"ImageObject\",\"inLanguage\":\"nl-NL\",\"@id\":\"https:\\\/\\\/www.univ-guyane.fr\\\/#\\\/schema\\\/logo\\\/image\\\/\",\"url\":\"https:\\\/\\\/www.univ-guyane.fr\\\/wp-content\\\/uploads\\\/2024\\\/05\\\/f.png\",\"contentUrl\":\"https:\\\/\\\/www.univ-guyane.fr\\\/wp-content\\\/uploads\\\/2024\\\/05\\\/f.png\",\"width\":1024,\"height\":1024,\"caption\":\"Universit\u00e9 de Guyane\"},\"image\":{\"@id\":\"https:\\\/\\\/www.univ-guyane.fr\\\/#\\\/schema\\\/logo\\\/image\\\/\"},\"sameAs\":[\"https:\\\/\\\/www.facebook.com\\\/univguyane\",\"https:\\\/\\\/x.com\\\/univguyane\",\"https:\\\/\\\/gf.linkedin.com\\\/school\\\/universite-de-guyane\\\/\",\"https:\\\/\\\/www.instagram.com\\\/univ_guyane\\\/\"]},{\"@type\":\"Person\",\"@id\":\"https:\\\/\\\/www.univ-guyane.fr\\\/#\\\/schema\\\/person\\\/86d946a28a8be51bb096ccfdf19db179\",\"name\":\"Erick Loiti\u00e8re\",\"image\":{\"@type\":\"ImageObject\",\"inLanguage\":\"nl-NL\",\"@id\":\"https:\\\/\\\/secure.gravatar.com\\\/avatar\\\/0584f332103fbeaf37e52c73b15dca3c547fd9300deb05764e9ad8714839d072?s=96&d=robohash&r=g\",\"url\":\"https:\\\/\\\/secure.gravatar.com\\\/avatar\\\/0584f332103fbeaf37e52c73b15dca3c547fd9300deb05764e9ad8714839d072?s=96&d=robohash&r=g\",\"contentUrl\":\"https:\\\/\\\/secure.gravatar.com\\\/avatar\\\/0584f332103fbeaf37e52c73b15dca3c547fd9300deb05764e9ad8714839d072?s=96&d=robohash&r=g\",\"caption\":\"Erick Loiti\u00e8re\"},\"sameAs\":[\"http:\\\/\\\/www.univ-guyane.fr\"],\"url\":\"https:\\\/\\\/www.univ-guyane.fr\\\/nl\\\/author\\\/eloitierdbz\\\/\"}]}<\/script>\n<!-- \/ Yoast SEO plugin. -->","yoast_head_json":{"title":"Mission GUYUNIV2 &#8212; Universit\u00e9 de Guyane","description":"D\u00e9couvrez la coop\u00e9ration transfrontali\u00e8re entre l'Universit\u00e9 de Guyane, ADEKUS Suriname et l'Universit\u00e9 du Guyana dans le projet GUYUNIV2.","robots":{"index":"index","follow":"follow","max-snippet":"max-snippet:-1","max-image-preview":"max-image-preview:large","max-video-preview":"max-video-preview:-1"},"canonical":"https:\/\/www.univ-guyane.fr\/nl\/2022\/06\/30\/mission-guyuniv2\/","og_locale":"nl_NL","og_type":"article","og_title":"Mission GUYUNIV2 &#8212; Universit\u00e9 de Guyane","og_description":"D\u00e9couvrez la coop\u00e9ration transfrontali\u00e8re entre l'Universit\u00e9 de Guyane, ADEKUS Suriname et l'Universit\u00e9 du Guyana dans le projet GUYUNIV2.","og_url":"https:\/\/www.univ-guyane.fr\/nl\/2022\/06\/30\/mission-guyuniv2\/","og_site_name":"Universit\u00e9 de Guyane","article_publisher":"https:\/\/www.facebook.com\/univguyane","article_published_time":"2022-06-30T18:21:11+00:00","article_modified_time":"2024-06-20T18:27:07+00:00","og_image":[{"width":1700,"height":842,"url":"https:\/\/www.univ-guyane.fr\/wp-content\/uploads\/IMG_3379.jpg","type":"image\/jpeg"}],"author":"Erick Loiti\u00e8re","twitter_card":"summary_large_image","twitter_creator":"@univguyane","twitter_site":"@univguyane","twitter_misc":{"Geschreven door":"Erick Loiti\u00e8re","Geschatte leestijd":"3 minuten"},"schema":{"@context":"https:\/\/schema.org","@graph":[{"@type":"Article","@id":"https:\/\/www.univ-guyane.fr\/2022\/06\/30\/mission-guyuniv2\/#article","isPartOf":{"@id":"https:\/\/www.univ-guyane.fr\/2022\/06\/30\/mission-guyuniv2\/"},"author":{"name":"Erick Loiti\u00e8re","@id":"https:\/\/www.univ-guyane.fr\/#\/schema\/person\/86d946a28a8be51bb096ccfdf19db179"},"headline":"Mission GUYUNIV2","datePublished":"2022-06-30T18:21:11+00:00","dateModified":"2024-06-20T18:27:07+00:00","mainEntityOfPage":{"@id":"https:\/\/www.univ-guyane.fr\/2022\/06\/30\/mission-guyuniv2\/"},"wordCount":723,"publisher":{"@id":"https:\/\/www.univ-guyane.fr\/#organization"},"image":{"@id":"https:\/\/www.univ-guyane.fr\/2022\/06\/30\/mission-guyuniv2\/#primaryimage"},"thumbnailUrl":"https:\/\/www.univ-guyane.fr\/wp-content\/uploads\/IMG_3379.jpg","articleSection":["Non class\u00e9"],"inLanguage":"nl-NL"},{"@type":"WebPage","@id":"https:\/\/www.univ-guyane.fr\/2022\/06\/30\/mission-guyuniv2\/","url":"https:\/\/www.univ-guyane.fr\/2022\/06\/30\/mission-guyuniv2\/","name":"Mission GUYUNIV2 &#8212; Universit\u00e9 de Guyane","isPartOf":{"@id":"https:\/\/www.univ-guyane.fr\/#website"},"primaryImageOfPage":{"@id":"https:\/\/www.univ-guyane.fr\/2022\/06\/30\/mission-guyuniv2\/#primaryimage"},"image":{"@id":"https:\/\/www.univ-guyane.fr\/2022\/06\/30\/mission-guyuniv2\/#primaryimage"},"thumbnailUrl":"https:\/\/www.univ-guyane.fr\/wp-content\/uploads\/IMG_3379.jpg","datePublished":"2022-06-30T18:21:11+00:00","dateModified":"2024-06-20T18:27:07+00:00","description":"D\u00e9couvrez la coop\u00e9ration transfrontali\u00e8re entre l'Universit\u00e9 de Guyane, ADEKUS Suriname et l'Universit\u00e9 du Guyana dans le projet GUYUNIV2.","breadcrumb":{"@id":"https:\/\/www.univ-guyane.fr\/2022\/06\/30\/mission-guyuniv2\/#breadcrumb"},"inLanguage":"nl-NL","potentialAction":[{"@type":"ReadAction","target":["https:\/\/www.univ-guyane.fr\/2022\/06\/30\/mission-guyuniv2\/"]}]},{"@type":"ImageObject","inLanguage":"nl-NL","@id":"https:\/\/www.univ-guyane.fr\/2022\/06\/30\/mission-guyuniv2\/#primaryimage","url":"https:\/\/www.univ-guyane.fr\/wp-content\/uploads\/IMG_3379.jpg","contentUrl":"https:\/\/www.univ-guyane.fr\/wp-content\/uploads\/IMG_3379.jpg","width":1700,"height":842,"caption":"Mission GUYUNIV2"},{"@type":"BreadcrumbList","@id":"https:\/\/www.univ-guyane.fr\/2022\/06\/30\/mission-guyuniv2\/#breadcrumb","itemListElement":[{"@type":"ListItem","position":1,"name":"Accueil","item":"https:\/\/www.univ-guyane.fr\/"},{"@type":"ListItem","position":2,"name":"Mission GUYUNIV2"}]},{"@type":"WebSite","@id":"https:\/\/www.univ-guyane.fr\/#website","url":"https:\/\/www.univ-guyane.fr\/","name":"Universiteit van Guyana","description":"In het hart van Amazonia","publisher":{"@id":"https:\/\/www.univ-guyane.fr\/#organization"},"alternateName":"UG","potentialAction":[{"@type":"SearchAction","target":{"@type":"EntryPoint","urlTemplate":"https:\/\/www.univ-guyane.fr\/?s={search_term_string}"},"query-input":{"@type":"PropertyValueSpecification","valueRequired":true,"valueName":"search_term_string"}}],"inLanguage":"nl-NL"},{"@type":"Organization","@id":"https:\/\/www.univ-guyane.fr\/#organization","name":"Universiteit van Guyana","alternateName":"UG","url":"https:\/\/www.univ-guyane.fr\/","logo":{"@type":"ImageObject","inLanguage":"nl-NL","@id":"https:\/\/www.univ-guyane.fr\/#\/schema\/logo\/image\/","url":"https:\/\/www.univ-guyane.fr\/wp-content\/uploads\/2024\/05\/f.png","contentUrl":"https:\/\/www.univ-guyane.fr\/wp-content\/uploads\/2024\/05\/f.png","width":1024,"height":1024,"caption":"Universit\u00e9 de Guyane"},"image":{"@id":"https:\/\/www.univ-guyane.fr\/#\/schema\/logo\/image\/"},"sameAs":["https:\/\/www.facebook.com\/univguyane","https:\/\/x.com\/univguyane","https:\/\/gf.linkedin.com\/school\/universite-de-guyane\/","https:\/\/www.instagram.com\/univ_guyane\/"]},{"@type":"Person","@id":"https:\/\/www.univ-guyane.fr\/#\/schema\/person\/86d946a28a8be51bb096ccfdf19db179","name":"Erick Loiti\u00e8re","image":{"@type":"ImageObject","inLanguage":"nl-NL","@id":"https:\/\/secure.gravatar.com\/avatar\/0584f332103fbeaf37e52c73b15dca3c547fd9300deb05764e9ad8714839d072?s=96&d=robohash&r=g","url":"https:\/\/secure.gravatar.com\/avatar\/0584f332103fbeaf37e52c73b15dca3c547fd9300deb05764e9ad8714839d072?s=96&d=robohash&r=g","contentUrl":"https:\/\/secure.gravatar.com\/avatar\/0584f332103fbeaf37e52c73b15dca3c547fd9300deb05764e9ad8714839d072?s=96&d=robohash&r=g","caption":"Erick Loiti\u00e8re"},"sameAs":["http:\/\/www.univ-guyane.fr"],"url":"https:\/\/www.univ-guyane.fr\/nl\/author\/eloitierdbz\/"}]}},"_links":{"self":[{"href":"https:\/\/www.univ-guyane.fr\/nl\/wp-json\/wp\/v2\/posts\/8881","targetHints":{"allow":["GET"]}}],"collection":[{"href":"https:\/\/www.univ-guyane.fr\/nl\/wp-json\/wp\/v2\/posts"}],"about":[{"href":"https:\/\/www.univ-guyane.fr\/nl\/wp-json\/wp\/v2\/types\/post"}],"author":[{"embeddable":true,"href":"https:\/\/www.univ-guyane.fr\/nl\/wp-json\/wp\/v2\/users\/1"}],"replies":[{"embeddable":true,"href":"https:\/\/www.univ-guyane.fr\/nl\/wp-json\/wp\/v2\/comments?post=8881"}],"version-history":[{"count":1,"href":"https:\/\/www.univ-guyane.fr\/nl\/wp-json\/wp\/v2\/posts\/8881\/revisions"}],"predecessor-version":[{"id":8883,"href":"https:\/\/www.univ-guyane.fr\/nl\/wp-json\/wp\/v2\/posts\/8881\/revisions\/8883"}],"wp:featuredmedia":[{"embeddable":true,"href":"https:\/\/www.univ-guyane.fr\/nl\/wp-json\/wp\/v2\/media\/8882"}],"wp:attachment":[{"href":"https:\/\/www.univ-guyane.fr\/nl\/wp-json\/wp\/v2\/media?parent=8881"}],"wp:term":[{"taxonomy":"category","embeddable":true,"href":"https:\/\/www.univ-guyane.fr\/nl\/wp-json\/wp\/v2\/categories?post=8881"},{"taxonomy":"post_tag","embeddable":true,"href":"https:\/\/www.univ-guyane.fr\/nl\/wp-json\/wp\/v2\/tags?post=8881"}],"curies":[{"name":"wp","href":"https:\/\/api.w.org\/{rel}","templated":true}]}}