{"id":8892,"date":"2022-06-07T15:36:49","date_gmt":"2022-06-07T18:36:49","guid":{"rendered":"https:\/\/www.univ-guyane.fr\/?p=8892"},"modified":"2024-06-20T15:40:33","modified_gmt":"2024-06-20T18:40:33","slug":"exposition-les-esclavages-dhier","status":"publish","type":"post","link":"https:\/\/www.univ-guyane.fr\/nl\/2022\/06\/07\/exposition-les-esclavages-dhier\/","title":{"rendered":"Tentoonstelling: \"Slavernij in het verleden"},"content":{"rendered":"<div id=\"fws_69f3963380bfb\"  data-column-margin=\"default\" data-midnight=\"dark\"  class=\"wpb_row vc_row-fluid vc_row\"  style=\"padding-top: 0px; padding-bottom: 0px; \"><div class=\"row-bg-wrap\" data-bg-animation=\"none\" data-bg-animation-delay=\"\" data-bg-overlay=\"false\"><div class=\"inner-wrap row-bg-layer\" ><div class=\"row-bg viewport-desktop\"  style=\"\"><\/div><\/div><\/div><div class=\"row_col_wrap_12 col span_12 dark left\">\n\t<div  class=\"vc_col-sm-12 wpb_column column_container vc_column_container col no-extra-padding inherit_tablet inherit_phone\"  data-padding-pos=\"all\" data-has-bg-color=\"false\" data-bg-color=\"\" data-bg-opacity=\"1\" data-animation=\"\" data-delay=\"0\" >\n\t\t<div class=\"vc_column-inner\" >\n\t\t\t<div class=\"wpb_wrapper\">\n\t\t\t\t\n<div class=\"wpb_text_column wpb_content_element  chapo\" >\n\t<h2>Les esclavages d'hier, een tentoonstelling in de leeszalen van de universiteitsbibliotheek, van 1 tot 30 juni 2022<\/h2>\n<\/div>\n\n\n\n\n<div class=\"wpb_text_column wpb_content_element\" >\n\t<p><span class=\"nectar-dropcap\" >D <\/span>e hele maand juni 2022 herdenkt de BU de afschaffing van de slavernij, uitgeroepen in 1848, met een educatieve tentoonstelling met 16 panelen over slavernij in het verleden: slavernij van de Oudheid tot de Middeleeuwen, de driehoekshandel, slavernij in Amerika, afschaffing in Frankrijk, afschaffing in de Verenigde Staten, enz.<\/p>\n<p>De afschaffing van de slavernij wordt in Frans Guyana elk jaar op 10 juni herdacht. Als onderdeel van deze viering presenteert de universiteitsbibliotheek een tentoonstelling over de vele vormen van slavernij in het verleden, zowel in de Oudheid, de Middeleeuwen als in de meest bekende vorm in de moderne wereld: de driehoekshandel. De tentoonstelling gaat niet over afschaffing, maar over de opeenvolgende afschaffingen van slavernij in verschillende delen van de wereld.<\/p>\n<p>Deze tentoonstelling is rijk ge\u00efllustreerd en neemt je mee op een reis door tijd en plaats in een poging om een globaal inzicht te krijgen in de kwesties rond slavernij, om een genuanceerde en goed gedocumenteerde vergelijking te maken tussen de verschillende vormen die dit systeem van menselijke uitbuiting aanneemt. In een tijd waarin de littekens van slavernij nog steeds pijnlijk zijn en slavernij in verschillende delen van de wereld weer de kop opsteekt, lijkt terugkijken om de toekomst beter te begrijpen een noodzakelijke stap.<\/p>\n<div class=\"ug_container-yellow\"><em>De tentoonstelling is<\/em><em>rechtstreeks in de leeszalen van de universiteitsbibliotheek tijdens de normale openingstijden, d.w.z. van 7.30 tot 19.00 uur van maandag tot vrijdag en van 7.30 tot 12.00 uur op zaterdag.<\/em><\/div>\n<\/div>\n\n\n\n\n\t\t\t<\/div> \n\t\t<\/div>\n\t<\/div> \n<\/div><\/div>","protected":false},"excerpt":{"rendered":"Les esclavages d'hier, een tentoonstelling in de leeszalen van de universiteitsbibliotheek,...","protected":false},"author":1,"featured_media":8893,"comment_status":"closed","ping_status":"open","sticky":false,"template":"","format":"standard","meta":{"iawp_total_views":18,"footnotes":""},"categories":[232],"tags":[],"class_list":{"0":"post-8892","1":"post","2":"type-post","3":"status-publish","4":"format-standard","5":"has-post-thumbnail","7":"category-bibliotheque"},"yoast_head":"<!-- This site is optimized with the Yoast SEO plugin v27.5 - https:\/\/yoast.com\/product\/yoast-seo-wordpress\/ -->\n<title>Exposition : &quot;les esclavages d\u2019hier&quot; &#8212; Universit\u00e9 de Guyane<\/title>\n<meta name=\"description\" content=\"D\u00e9couvrez l&#039;exposition sur l&#039;esclavage : de l&#039;Antiquit\u00e9 au commerce triangulaire et aux abolitions successives. Une comm\u00e9moration de l&#039;abolition de l&#039;esclavage en France et aux \u00c9tats-Unis.\" \/>\n<meta name=\"robots\" content=\"index, follow, max-snippet:-1, max-image-preview:large, max-video-preview:-1\" \/>\n<link rel=\"canonical\" href=\"https:\/\/www.univ-guyane.fr\/nl\/2022\/06\/07\/exposition-les-esclavages-dhier\/\" \/>\n<meta property=\"og:locale\" content=\"nl_NL\" \/>\n<meta property=\"og:type\" content=\"article\" \/>\n<meta property=\"og:title\" content=\"Exposition : &quot;les esclavages d\u2019hier&quot; &#8212; Universit\u00e9 de Guyane\" \/>\n<meta property=\"og:description\" content=\"D\u00e9couvrez l&#039;exposition sur l&#039;esclavage : de l&#039;Antiquit\u00e9 au commerce triangulaire et aux abolitions successives. Une comm\u00e9moration de l&#039;abolition de l&#039;esclavage en France et aux \u00c9tats-Unis.\" \/>\n<meta property=\"og:url\" content=\"https:\/\/www.univ-guyane.fr\/nl\/2022\/06\/07\/exposition-les-esclavages-dhier\/\" \/>\n<meta property=\"og:site_name\" content=\"Universit\u00e9 de Guyane\" \/>\n<meta property=\"article:publisher\" content=\"https:\/\/www.facebook.com\/univguyane\" \/>\n<meta property=\"article:published_time\" content=\"2022-06-07T18:36:49+00:00\" \/>\n<meta property=\"article:modified_time\" content=\"2024-06-20T18:40:33+00:00\" \/>\n<meta property=\"og:image\" content=\"https:\/\/www.univ-guyane.fr\/wp-content\/uploads\/exposition-les-esclavages-d-hier-universite-de-guyane.jpg\" \/>\n\t<meta property=\"og:image:width\" content=\"1920\" \/>\n\t<meta property=\"og:image:height\" content=\"1080\" \/>\n\t<meta property=\"og:image:type\" content=\"image\/jpeg\" \/>\n<meta name=\"author\" content=\"Erick Loiti\u00e8re\" \/>\n<meta name=\"twitter:card\" content=\"summary_large_image\" \/>\n<meta name=\"twitter:creator\" content=\"@univguyane\" \/>\n<meta name=\"twitter:site\" content=\"@univguyane\" \/>\n<meta name=\"twitter:label1\" content=\"Geschreven door\" \/>\n\t<meta name=\"twitter:data1\" content=\"Erick Loiti\u00e8re\" \/>\n\t<meta name=\"twitter:label2\" content=\"Geschatte leestijd\" \/>\n\t<meta name=\"twitter:data2\" content=\"2 minuten\" \/>\n<script type=\"application\/ld+json\" class=\"yoast-schema-graph\">{\"@context\":\"https:\\\/\\\/schema.org\",\"@graph\":[{\"@type\":\"Article\",\"@id\":\"https:\\\/\\\/www.univ-guyane.fr\\\/2022\\\/06\\\/07\\\/exposition-les-esclavages-dhier\\\/#article\",\"isPartOf\":{\"@id\":\"https:\\\/\\\/www.univ-guyane.fr\\\/2022\\\/06\\\/07\\\/exposition-les-esclavages-dhier\\\/\"},\"author\":{\"name\":\"Erick Loiti\u00e8re\",\"@id\":\"https:\\\/\\\/www.univ-guyane.fr\\\/#\\\/schema\\\/person\\\/86d946a28a8be51bb096ccfdf19db179\"},\"headline\":\"Exposition : \u00ab\u00a0les esclavages d\u2019hier\u00a0\u00bb\",\"datePublished\":\"2022-06-07T18:36:49+00:00\",\"dateModified\":\"2024-06-20T18:40:33+00:00\",\"mainEntityOfPage\":{\"@id\":\"https:\\\/\\\/www.univ-guyane.fr\\\/2022\\\/06\\\/07\\\/exposition-les-esclavages-dhier\\\/\"},\"wordCount\":505,\"publisher\":{\"@id\":\"https:\\\/\\\/www.univ-guyane.fr\\\/#organization\"},\"image\":{\"@id\":\"https:\\\/\\\/www.univ-guyane.fr\\\/2022\\\/06\\\/07\\\/exposition-les-esclavages-dhier\\\/#primaryimage\"},\"thumbnailUrl\":\"https:\\\/\\\/www.univ-guyane.fr\\\/wp-content\\\/uploads\\\/exposition-les-esclavages-d-hier-universite-de-guyane.jpg\",\"articleSection\":[\"\u2022 Biblioth\u00e8que\"],\"inLanguage\":\"nl-NL\"},{\"@type\":\"WebPage\",\"@id\":\"https:\\\/\\\/www.univ-guyane.fr\\\/2022\\\/06\\\/07\\\/exposition-les-esclavages-dhier\\\/\",\"url\":\"https:\\\/\\\/www.univ-guyane.fr\\\/2022\\\/06\\\/07\\\/exposition-les-esclavages-dhier\\\/\",\"name\":\"Exposition : \\\"les esclavages d\u2019hier\\\" &#8212; Universit\u00e9 de Guyane\",\"isPartOf\":{\"@id\":\"https:\\\/\\\/www.univ-guyane.fr\\\/#website\"},\"primaryImageOfPage\":{\"@id\":\"https:\\\/\\\/www.univ-guyane.fr\\\/2022\\\/06\\\/07\\\/exposition-les-esclavages-dhier\\\/#primaryimage\"},\"image\":{\"@id\":\"https:\\\/\\\/www.univ-guyane.fr\\\/2022\\\/06\\\/07\\\/exposition-les-esclavages-dhier\\\/#primaryimage\"},\"thumbnailUrl\":\"https:\\\/\\\/www.univ-guyane.fr\\\/wp-content\\\/uploads\\\/exposition-les-esclavages-d-hier-universite-de-guyane.jpg\",\"datePublished\":\"2022-06-07T18:36:49+00:00\",\"dateModified\":\"2024-06-20T18:40:33+00:00\",\"description\":\"D\u00e9couvrez l'exposition sur l'esclavage : de l'Antiquit\u00e9 au commerce triangulaire et aux abolitions successives. Une comm\u00e9moration de l'abolition de l'esclavage en France et aux \u00c9tats-Unis.\",\"breadcrumb\":{\"@id\":\"https:\\\/\\\/www.univ-guyane.fr\\\/2022\\\/06\\\/07\\\/exposition-les-esclavages-dhier\\\/#breadcrumb\"},\"inLanguage\":\"nl-NL\",\"potentialAction\":[{\"@type\":\"ReadAction\",\"target\":[\"https:\\\/\\\/www.univ-guyane.fr\\\/2022\\\/06\\\/07\\\/exposition-les-esclavages-dhier\\\/\"]}]},{\"@type\":\"ImageObject\",\"inLanguage\":\"nl-NL\",\"@id\":\"https:\\\/\\\/www.univ-guyane.fr\\\/2022\\\/06\\\/07\\\/exposition-les-esclavages-dhier\\\/#primaryimage\",\"url\":\"https:\\\/\\\/www.univ-guyane.fr\\\/wp-content\\\/uploads\\\/exposition-les-esclavages-d-hier-universite-de-guyane.jpg\",\"contentUrl\":\"https:\\\/\\\/www.univ-guyane.fr\\\/wp-content\\\/uploads\\\/exposition-les-esclavages-d-hier-universite-de-guyane.jpg\",\"width\":1920,\"height\":1080,\"caption\":\"Exposition : \\\"les esclavages d\u2019hier\\\"\"},{\"@type\":\"BreadcrumbList\",\"@id\":\"https:\\\/\\\/www.univ-guyane.fr\\\/2022\\\/06\\\/07\\\/exposition-les-esclavages-dhier\\\/#breadcrumb\",\"itemListElement\":[{\"@type\":\"ListItem\",\"position\":1,\"name\":\"Accueil\",\"item\":\"https:\\\/\\\/www.univ-guyane.fr\\\/\"},{\"@type\":\"ListItem\",\"position\":2,\"name\":\"Exposition : \u00ab\u00a0les esclavages d\u2019hier\u00a0\u00bb\"}]},{\"@type\":\"WebSite\",\"@id\":\"https:\\\/\\\/www.univ-guyane.fr\\\/#website\",\"url\":\"https:\\\/\\\/www.univ-guyane.fr\\\/\",\"name\":\"Universit\u00e9 de Guyane\",\"description\":\"Au c\u0153ur de l&#039;amazonie\",\"publisher\":{\"@id\":\"https:\\\/\\\/www.univ-guyane.fr\\\/#organization\"},\"alternateName\":\"UG\",\"potentialAction\":[{\"@type\":\"SearchAction\",\"target\":{\"@type\":\"EntryPoint\",\"urlTemplate\":\"https:\\\/\\\/www.univ-guyane.fr\\\/?s={search_term_string}\"},\"query-input\":{\"@type\":\"PropertyValueSpecification\",\"valueRequired\":true,\"valueName\":\"search_term_string\"}}],\"inLanguage\":\"nl-NL\"},{\"@type\":\"Organization\",\"@id\":\"https:\\\/\\\/www.univ-guyane.fr\\\/#organization\",\"name\":\"Universit\u00e9 de Guyane\",\"alternateName\":\"UG\",\"url\":\"https:\\\/\\\/www.univ-guyane.fr\\\/\",\"logo\":{\"@type\":\"ImageObject\",\"inLanguage\":\"nl-NL\",\"@id\":\"https:\\\/\\\/www.univ-guyane.fr\\\/#\\\/schema\\\/logo\\\/image\\\/\",\"url\":\"https:\\\/\\\/www.univ-guyane.fr\\\/wp-content\\\/uploads\\\/2024\\\/05\\\/f.png\",\"contentUrl\":\"https:\\\/\\\/www.univ-guyane.fr\\\/wp-content\\\/uploads\\\/2024\\\/05\\\/f.png\",\"width\":1024,\"height\":1024,\"caption\":\"Universit\u00e9 de Guyane\"},\"image\":{\"@id\":\"https:\\\/\\\/www.univ-guyane.fr\\\/#\\\/schema\\\/logo\\\/image\\\/\"},\"sameAs\":[\"https:\\\/\\\/www.facebook.com\\\/univguyane\",\"https:\\\/\\\/x.com\\\/univguyane\",\"https:\\\/\\\/gf.linkedin.com\\\/school\\\/universite-de-guyane\\\/\",\"https:\\\/\\\/www.instagram.com\\\/univ_guyane\\\/\"]},{\"@type\":\"Person\",\"@id\":\"https:\\\/\\\/www.univ-guyane.fr\\\/#\\\/schema\\\/person\\\/86d946a28a8be51bb096ccfdf19db179\",\"name\":\"Erick Loiti\u00e8re\",\"image\":{\"@type\":\"ImageObject\",\"inLanguage\":\"nl-NL\",\"@id\":\"https:\\\/\\\/secure.gravatar.com\\\/avatar\\\/0584f332103fbeaf37e52c73b15dca3c547fd9300deb05764e9ad8714839d072?s=96&d=robohash&r=g\",\"url\":\"https:\\\/\\\/secure.gravatar.com\\\/avatar\\\/0584f332103fbeaf37e52c73b15dca3c547fd9300deb05764e9ad8714839d072?s=96&d=robohash&r=g\",\"contentUrl\":\"https:\\\/\\\/secure.gravatar.com\\\/avatar\\\/0584f332103fbeaf37e52c73b15dca3c547fd9300deb05764e9ad8714839d072?s=96&d=robohash&r=g\",\"caption\":\"Erick Loiti\u00e8re\"},\"sameAs\":[\"http:\\\/\\\/www.univ-guyane.fr\"],\"url\":\"https:\\\/\\\/www.univ-guyane.fr\\\/nl\\\/author\\\/eloitierdbz\\\/\"}]}<\/script>\n<!-- \/ Yoast SEO plugin. -->","yoast_head_json":{"title":"Exposition : \"les esclavages d\u2019hier\" &#8212; Universit\u00e9 de Guyane","description":"D\u00e9couvrez l'exposition sur l'esclavage : de l'Antiquit\u00e9 au commerce triangulaire et aux abolitions successives. Une comm\u00e9moration de l'abolition de l'esclavage en France et aux \u00c9tats-Unis.","robots":{"index":"index","follow":"follow","max-snippet":"max-snippet:-1","max-image-preview":"max-image-preview:large","max-video-preview":"max-video-preview:-1"},"canonical":"https:\/\/www.univ-guyane.fr\/nl\/2022\/06\/07\/exposition-les-esclavages-dhier\/","og_locale":"nl_NL","og_type":"article","og_title":"Exposition : \"les esclavages d\u2019hier\" &#8212; Universit\u00e9 de Guyane","og_description":"D\u00e9couvrez l'exposition sur l'esclavage : de l'Antiquit\u00e9 au commerce triangulaire et aux abolitions successives. Une comm\u00e9moration de l'abolition de l'esclavage en France et aux \u00c9tats-Unis.","og_url":"https:\/\/www.univ-guyane.fr\/nl\/2022\/06\/07\/exposition-les-esclavages-dhier\/","og_site_name":"Universit\u00e9 de Guyane","article_publisher":"https:\/\/www.facebook.com\/univguyane","article_published_time":"2022-06-07T18:36:49+00:00","article_modified_time":"2024-06-20T18:40:33+00:00","og_image":[{"width":1920,"height":1080,"url":"https:\/\/www.univ-guyane.fr\/wp-content\/uploads\/exposition-les-esclavages-d-hier-universite-de-guyane.jpg","type":"image\/jpeg"}],"author":"Erick Loiti\u00e8re","twitter_card":"summary_large_image","twitter_creator":"@univguyane","twitter_site":"@univguyane","twitter_misc":{"Geschreven door":"Erick Loiti\u00e8re","Geschatte leestijd":"2 minuten"},"schema":{"@context":"https:\/\/schema.org","@graph":[{"@type":"Article","@id":"https:\/\/www.univ-guyane.fr\/2022\/06\/07\/exposition-les-esclavages-dhier\/#article","isPartOf":{"@id":"https:\/\/www.univ-guyane.fr\/2022\/06\/07\/exposition-les-esclavages-dhier\/"},"author":{"name":"Erick Loiti\u00e8re","@id":"https:\/\/www.univ-guyane.fr\/#\/schema\/person\/86d946a28a8be51bb096ccfdf19db179"},"headline":"Exposition : \u00ab\u00a0les esclavages d\u2019hier\u00a0\u00bb","datePublished":"2022-06-07T18:36:49+00:00","dateModified":"2024-06-20T18:40:33+00:00","mainEntityOfPage":{"@id":"https:\/\/www.univ-guyane.fr\/2022\/06\/07\/exposition-les-esclavages-dhier\/"},"wordCount":505,"publisher":{"@id":"https:\/\/www.univ-guyane.fr\/#organization"},"image":{"@id":"https:\/\/www.univ-guyane.fr\/2022\/06\/07\/exposition-les-esclavages-dhier\/#primaryimage"},"thumbnailUrl":"https:\/\/www.univ-guyane.fr\/wp-content\/uploads\/exposition-les-esclavages-d-hier-universite-de-guyane.jpg","articleSection":["\u2022 Biblioth\u00e8que"],"inLanguage":"nl-NL"},{"@type":"WebPage","@id":"https:\/\/www.univ-guyane.fr\/2022\/06\/07\/exposition-les-esclavages-dhier\/","url":"https:\/\/www.univ-guyane.fr\/2022\/06\/07\/exposition-les-esclavages-dhier\/","name":"Exposition : \"les esclavages d\u2019hier\" &#8212; Universit\u00e9 de Guyane","isPartOf":{"@id":"https:\/\/www.univ-guyane.fr\/#website"},"primaryImageOfPage":{"@id":"https:\/\/www.univ-guyane.fr\/2022\/06\/07\/exposition-les-esclavages-dhier\/#primaryimage"},"image":{"@id":"https:\/\/www.univ-guyane.fr\/2022\/06\/07\/exposition-les-esclavages-dhier\/#primaryimage"},"thumbnailUrl":"https:\/\/www.univ-guyane.fr\/wp-content\/uploads\/exposition-les-esclavages-d-hier-universite-de-guyane.jpg","datePublished":"2022-06-07T18:36:49+00:00","dateModified":"2024-06-20T18:40:33+00:00","description":"D\u00e9couvrez l'exposition sur l'esclavage : de l'Antiquit\u00e9 au commerce triangulaire et aux abolitions successives. Une comm\u00e9moration de l'abolition de l'esclavage en France et aux \u00c9tats-Unis.","breadcrumb":{"@id":"https:\/\/www.univ-guyane.fr\/2022\/06\/07\/exposition-les-esclavages-dhier\/#breadcrumb"},"inLanguage":"nl-NL","potentialAction":[{"@type":"ReadAction","target":["https:\/\/www.univ-guyane.fr\/2022\/06\/07\/exposition-les-esclavages-dhier\/"]}]},{"@type":"ImageObject","inLanguage":"nl-NL","@id":"https:\/\/www.univ-guyane.fr\/2022\/06\/07\/exposition-les-esclavages-dhier\/#primaryimage","url":"https:\/\/www.univ-guyane.fr\/wp-content\/uploads\/exposition-les-esclavages-d-hier-universite-de-guyane.jpg","contentUrl":"https:\/\/www.univ-guyane.fr\/wp-content\/uploads\/exposition-les-esclavages-d-hier-universite-de-guyane.jpg","width":1920,"height":1080,"caption":"Exposition : \"les esclavages d\u2019hier\""},{"@type":"BreadcrumbList","@id":"https:\/\/www.univ-guyane.fr\/2022\/06\/07\/exposition-les-esclavages-dhier\/#breadcrumb","itemListElement":[{"@type":"ListItem","position":1,"name":"Accueil","item":"https:\/\/www.univ-guyane.fr\/"},{"@type":"ListItem","position":2,"name":"Exposition : \u00ab\u00a0les esclavages d\u2019hier\u00a0\u00bb"}]},{"@type":"WebSite","@id":"https:\/\/www.univ-guyane.fr\/#website","url":"https:\/\/www.univ-guyane.fr\/","name":"Universiteit van Guyana","description":"In het hart van Amazonia","publisher":{"@id":"https:\/\/www.univ-guyane.fr\/#organization"},"alternateName":"UG","potentialAction":[{"@type":"SearchAction","target":{"@type":"EntryPoint","urlTemplate":"https:\/\/www.univ-guyane.fr\/?s={search_term_string}"},"query-input":{"@type":"PropertyValueSpecification","valueRequired":true,"valueName":"search_term_string"}}],"inLanguage":"nl-NL"},{"@type":"Organization","@id":"https:\/\/www.univ-guyane.fr\/#organization","name":"Universiteit van Guyana","alternateName":"UG","url":"https:\/\/www.univ-guyane.fr\/","logo":{"@type":"ImageObject","inLanguage":"nl-NL","@id":"https:\/\/www.univ-guyane.fr\/#\/schema\/logo\/image\/","url":"https:\/\/www.univ-guyane.fr\/wp-content\/uploads\/2024\/05\/f.png","contentUrl":"https:\/\/www.univ-guyane.fr\/wp-content\/uploads\/2024\/05\/f.png","width":1024,"height":1024,"caption":"Universit\u00e9 de Guyane"},"image":{"@id":"https:\/\/www.univ-guyane.fr\/#\/schema\/logo\/image\/"},"sameAs":["https:\/\/www.facebook.com\/univguyane","https:\/\/x.com\/univguyane","https:\/\/gf.linkedin.com\/school\/universite-de-guyane\/","https:\/\/www.instagram.com\/univ_guyane\/"]},{"@type":"Person","@id":"https:\/\/www.univ-guyane.fr\/#\/schema\/person\/86d946a28a8be51bb096ccfdf19db179","name":"Erick Loiti\u00e8re","image":{"@type":"ImageObject","inLanguage":"nl-NL","@id":"https:\/\/secure.gravatar.com\/avatar\/0584f332103fbeaf37e52c73b15dca3c547fd9300deb05764e9ad8714839d072?s=96&d=robohash&r=g","url":"https:\/\/secure.gravatar.com\/avatar\/0584f332103fbeaf37e52c73b15dca3c547fd9300deb05764e9ad8714839d072?s=96&d=robohash&r=g","contentUrl":"https:\/\/secure.gravatar.com\/avatar\/0584f332103fbeaf37e52c73b15dca3c547fd9300deb05764e9ad8714839d072?s=96&d=robohash&r=g","caption":"Erick Loiti\u00e8re"},"sameAs":["http:\/\/www.univ-guyane.fr"],"url":"https:\/\/www.univ-guyane.fr\/nl\/author\/eloitierdbz\/"}]}},"_links":{"self":[{"href":"https:\/\/www.univ-guyane.fr\/nl\/wp-json\/wp\/v2\/posts\/8892","targetHints":{"allow":["GET"]}}],"collection":[{"href":"https:\/\/www.univ-guyane.fr\/nl\/wp-json\/wp\/v2\/posts"}],"about":[{"href":"https:\/\/www.univ-guyane.fr\/nl\/wp-json\/wp\/v2\/types\/post"}],"author":[{"embeddable":true,"href":"https:\/\/www.univ-guyane.fr\/nl\/wp-json\/wp\/v2\/users\/1"}],"replies":[{"embeddable":true,"href":"https:\/\/www.univ-guyane.fr\/nl\/wp-json\/wp\/v2\/comments?post=8892"}],"version-history":[{"count":2,"href":"https:\/\/www.univ-guyane.fr\/nl\/wp-json\/wp\/v2\/posts\/8892\/revisions"}],"predecessor-version":[{"id":8895,"href":"https:\/\/www.univ-guyane.fr\/nl\/wp-json\/wp\/v2\/posts\/8892\/revisions\/8895"}],"wp:featuredmedia":[{"embeddable":true,"href":"https:\/\/www.univ-guyane.fr\/nl\/wp-json\/wp\/v2\/media\/8893"}],"wp:attachment":[{"href":"https:\/\/www.univ-guyane.fr\/nl\/wp-json\/wp\/v2\/media?parent=8892"}],"wp:term":[{"taxonomy":"category","embeddable":true,"href":"https:\/\/www.univ-guyane.fr\/nl\/wp-json\/wp\/v2\/categories?post=8892"},{"taxonomy":"post_tag","embeddable":true,"href":"https:\/\/www.univ-guyane.fr\/nl\/wp-json\/wp\/v2\/tags?post=8892"}],"curies":[{"name":"wp","href":"https:\/\/api.w.org\/{rel}","templated":true}]}}