{"id":8910,"date":"2022-04-14T16:35:05","date_gmt":"2022-04-14T19:35:05","guid":{"rendered":"https:\/\/www.univ-guyane.fr\/?p=8910"},"modified":"2024-06-20T16:39:02","modified_gmt":"2024-06-20T19:39:02","slug":"acadiscri-enquete-nationale-sur-les-discriminations-a-luniversite-et-dans-la-recherche","status":"publish","type":"post","link":"https:\/\/www.univ-guyane.fr\/nl\/2022\/04\/14\/acadiscri-enquete-nationale-sur-les-discriminations-a-luniversite-et-dans-la-recherche\/","title":{"rendered":"Acadiscri: nationale enqu\u00eate over discriminatie aan de universiteit en in onderzoek"},"content":{"rendered":"<div id=\"fws_69f55b6dd3dd0\"  data-column-margin=\"default\" data-midnight=\"dark\"  class=\"wpb_row vc_row-fluid vc_row\"  style=\"padding-top: 0px; padding-bottom: 0px; \"><div class=\"row-bg-wrap\" data-bg-animation=\"none\" data-bg-animation-delay=\"\" data-bg-overlay=\"false\"><div class=\"inner-wrap row-bg-layer\" ><div class=\"row-bg viewport-desktop\"  style=\"\"><\/div><\/div><\/div><div class=\"row_col_wrap_12 col span_12 dark left\">\n\t<div  class=\"vc_col-sm-12 wpb_column column_container vc_column_container col no-extra-padding inherit_tablet inherit_phone\"  data-padding-pos=\"all\" data-has-bg-color=\"false\" data-bg-color=\"\" data-bg-opacity=\"1\" data-animation=\"\" data-delay=\"0\" >\n\t\t<div class=\"vc_column-inner\" >\n\t\t\t<div class=\"wpb_wrapper\">\n\t\t\t\t\n<div class=\"wpb_text_column wpb_content_element  chapo\" >\n\t<h2>Omdat een effectief gelijkheidsbeleid een duidelijk inzicht vereist in de situaties die moeten worden verholpen, wilde de Universiteit van Guyana deelnemen aan het ACADISCRI-onderzoek. Dit landelijke onderzoek naar ongelijkheid op de universiteit en in de onderzoekssector stelt ons in staat om de ongelijkheid die studenten en medewerkers ervaren te inventariseren, met het oog op het verbeteren van maatregelen op dit gebied. De gegevens worden verzameld van 27 april tot eind juni 2022.<\/h2>\n<\/div>\n\n\n\n\n<div class=\"wpb_text_column wpb_content_element\" >\n\t<p>Ondersteund door een consortium van wetenschappers van verschillende instellingen (<a href=\"https:\/\/web.archive.org\/web\/20220414144751\/https:\/\/www.parisnanterre.fr\/\">Universiteit van Parijs-Nanterre<\/a>, <a href=\"https:\/\/web.archive.org\/web\/20220414144751\/https:\/\/univ-cotedazur.fr\/\">Universiteit van de C\u00f4te d'Azur<\/a>de CRISIS sociologische onderzoeksco\u00f6peratie) en ondersteund door de <a href=\"https:\/\/web.archive.org\/web\/20220414144751\/https:\/\/www.defenseurdesdroits.fr\/\">Ombudsman<\/a>Deze enqu\u00eate kijkt naar alle vormen van discriminatie en hoe ze elkaar kruisen (geslacht, etniciteit, sociale klasse, handicap). Studenten en medewerkers kunnen deze specifieke situaties benoemen en beschrijven, omdat de enqu\u00eate zeer gedetailleerd is. Het is ook aan onze gemeenschap om zich te realiseren dat ze de macht hebben om actie te ondernemen. Discriminatie wordt onderschat en problemen die zich voordoen moeten aan het licht worden gebracht. Aan het einde van het onderzoek verbinden de wetenschappers zich ertoe om een rapport op te stellen met de resultaten.<\/p>\n<p><strong>Hoe kan ik deelnemen aan het onderzoek?<br \/>\n<\/strong>Studenten en medewerkers ontvangen een eerste e-mail op het volgende adres <a href=\"https:\/\/web.archive.org\/web\/20220414144751\/mailto:acadiscri@liste.parisnanterre.fr\"><strong>acadiscri@liste.parisnanterre.fr<\/strong><\/a> en kunt u de enqu\u00eate invullen, indien nodig in verschillende stappen (het is mogelijk om uw vragenlijst op te slaan terwijl u hem invult en later terug te komen om hem in te vullen), tot het einde van de verzamelperiode. <strong>De vragenlijst is anoniem en het invullen duurt tussen de 15 en 30 minuten.<\/strong>. Alle noodzakelijke garanties met betrekking tot de verwerking van gegevens zijn genomen (advies van de\u00a0<em>CNIL<\/em>\u00a0en de ethische commissie van Inserm); de<em>Universiteit van Guyana<\/em> zullen geen kennis hebben van individuele antwoorden om de anonimiteit van respondenten te bewaren.<\/p>\n<p><strong>Wanneer moet je deelnemen aan het onderzoek?<br \/>\n<\/strong>De inzamelingsperiode loopt van 27 april tot en met 30 juni 2022.<\/p>\n<p><strong>Waar kan ik meer informatie vinden?<br \/>\n<\/strong>Je kunt de website over het onderzoek bezoeken op dit adres: <a href=\"https:\/\/web.archive.org\/web\/20220414144751\/http:\/\/acadiscri.parisnanterre.fr\/\">http:\/\/acadiscri.parisnanterre.fr<\/a><\/p>\n<\/div>\n\n\n\n\n\t\t\t<\/div> \n\t\t<\/div>\n\t<\/div> \n<\/div><\/div>","protected":false},"excerpt":{"rendered":"Omdat een effectief gelijkheidsbeleid een duidelijk begrip veronderstelt van de situaties die moeten worden...","protected":false},"author":1,"featured_media":8911,"comment_status":"closed","ping_status":"open","sticky":false,"template":"","format":"standard","meta":{"iawp_total_views":25,"footnotes":""},"categories":[156],"tags":[],"class_list":{"0":"post-8910","1":"post","2":"type-post","3":"status-publish","4":"format-standard","5":"has-post-thumbnail","7":"category-campus"},"yoast_head":"<!-- This site is optimized with the Yoast SEO plugin v27.5 - https:\/\/yoast.com\/product\/yoast-seo-wordpress\/ -->\n<title>Acadiscri : enqu\u00eate nationale sur les discriminations \u00e0 l&#039;universit\u00e9 et dans la recherche &#8212; Universit\u00e9 de Guyane<\/title>\n<meta name=\"description\" content=\"Participez \u00e0 une enqu\u00eate sur les discriminations et leurs entrecroisements. Donnez votre avis sur les formes de discriminations li\u00e9es au genre, \u00e0 l&#039;ethnicit\u00e9, \u00e0 la classe sociale et au handicap.\" \/>\n<meta name=\"robots\" content=\"index, follow, max-snippet:-1, max-image-preview:large, max-video-preview:-1\" \/>\n<link rel=\"canonical\" href=\"https:\/\/www.univ-guyane.fr\/nl\/2022\/04\/14\/acadiscri-enquete-nationale-sur-les-discriminations-a-luniversite-et-dans-la-recherche\/\" \/>\n<meta property=\"og:locale\" content=\"nl_NL\" \/>\n<meta property=\"og:type\" content=\"article\" \/>\n<meta property=\"og:title\" content=\"Acadiscri : enqu\u00eate nationale sur les discriminations \u00e0 l&#039;universit\u00e9 et dans la recherche &#8212; Universit\u00e9 de Guyane\" \/>\n<meta property=\"og:description\" content=\"Participez \u00e0 une enqu\u00eate sur les discriminations et leurs entrecroisements. Donnez votre avis sur les formes de discriminations li\u00e9es au genre, \u00e0 l&#039;ethnicit\u00e9, \u00e0 la classe sociale et au handicap.\" \/>\n<meta property=\"og:url\" content=\"https:\/\/www.univ-guyane.fr\/nl\/2022\/04\/14\/acadiscri-enquete-nationale-sur-les-discriminations-a-luniversite-et-dans-la-recherche\/\" \/>\n<meta property=\"og:site_name\" content=\"Universit\u00e9 de Guyane\" \/>\n<meta property=\"article:publisher\" content=\"https:\/\/www.facebook.com\/univguyane\" \/>\n<meta property=\"article:published_time\" content=\"2022-04-14T19:35:05+00:00\" \/>\n<meta property=\"article:modified_time\" content=\"2024-06-20T19:39:02+00:00\" \/>\n<meta property=\"og:image\" content=\"https:\/\/www.univ-guyane.fr\/wp-content\/uploads\/acadiscri-2022-universite-de-guyane.jpg\" \/>\n\t<meta property=\"og:image:width\" content=\"1600\" \/>\n\t<meta property=\"og:image:height\" content=\"1067\" \/>\n\t<meta property=\"og:image:type\" content=\"image\/jpeg\" \/>\n<meta name=\"author\" content=\"Erick Loiti\u00e8re\" \/>\n<meta name=\"twitter:card\" content=\"summary_large_image\" \/>\n<meta name=\"twitter:creator\" content=\"@univguyane\" \/>\n<meta name=\"twitter:site\" content=\"@univguyane\" \/>\n<meta name=\"twitter:label1\" content=\"Geschreven door\" \/>\n\t<meta name=\"twitter:data1\" content=\"Erick Loiti\u00e8re\" \/>\n\t<meta name=\"twitter:label2\" content=\"Geschatte leestijd\" \/>\n\t<meta name=\"twitter:data2\" content=\"3 minuten\" \/>\n<script type=\"application\/ld+json\" class=\"yoast-schema-graph\">{\"@context\":\"https:\\\/\\\/schema.org\",\"@graph\":[{\"@type\":\"Article\",\"@id\":\"https:\\\/\\\/www.univ-guyane.fr\\\/2022\\\/04\\\/14\\\/acadiscri-enquete-nationale-sur-les-discriminations-a-luniversite-et-dans-la-recherche\\\/#article\",\"isPartOf\":{\"@id\":\"https:\\\/\\\/www.univ-guyane.fr\\\/2022\\\/04\\\/14\\\/acadiscri-enquete-nationale-sur-les-discriminations-a-luniversite-et-dans-la-recherche\\\/\"},\"author\":{\"name\":\"Erick Loiti\u00e8re\",\"@id\":\"https:\\\/\\\/www.univ-guyane.fr\\\/#\\\/schema\\\/person\\\/86d946a28a8be51bb096ccfdf19db179\"},\"headline\":\"Acadiscri : enqu\u00eate nationale sur les discriminations \u00e0 l&rsquo;universit\u00e9 et dans la recherche\",\"datePublished\":\"2022-04-14T19:35:05+00:00\",\"dateModified\":\"2024-06-20T19:39:02+00:00\",\"mainEntityOfPage\":{\"@id\":\"https:\\\/\\\/www.univ-guyane.fr\\\/2022\\\/04\\\/14\\\/acadiscri-enquete-nationale-sur-les-discriminations-a-luniversite-et-dans-la-recherche\\\/\"},\"wordCount\":574,\"publisher\":{\"@id\":\"https:\\\/\\\/www.univ-guyane.fr\\\/#organization\"},\"image\":{\"@id\":\"https:\\\/\\\/www.univ-guyane.fr\\\/2022\\\/04\\\/14\\\/acadiscri-enquete-nationale-sur-les-discriminations-a-luniversite-et-dans-la-recherche\\\/#primaryimage\"},\"thumbnailUrl\":\"https:\\\/\\\/www.univ-guyane.fr\\\/wp-content\\\/uploads\\\/acadiscri-2022-universite-de-guyane.jpg\",\"articleSection\":[\"\u2022\u00a0Campus\"],\"inLanguage\":\"nl-NL\"},{\"@type\":\"WebPage\",\"@id\":\"https:\\\/\\\/www.univ-guyane.fr\\\/2022\\\/04\\\/14\\\/acadiscri-enquete-nationale-sur-les-discriminations-a-luniversite-et-dans-la-recherche\\\/\",\"url\":\"https:\\\/\\\/www.univ-guyane.fr\\\/2022\\\/04\\\/14\\\/acadiscri-enquete-nationale-sur-les-discriminations-a-luniversite-et-dans-la-recherche\\\/\",\"name\":\"Acadiscri : enqu\u00eate nationale sur les discriminations \u00e0 l'universit\u00e9 et dans la recherche &#8212; Universit\u00e9 de Guyane\",\"isPartOf\":{\"@id\":\"https:\\\/\\\/www.univ-guyane.fr\\\/#website\"},\"primaryImageOfPage\":{\"@id\":\"https:\\\/\\\/www.univ-guyane.fr\\\/2022\\\/04\\\/14\\\/acadiscri-enquete-nationale-sur-les-discriminations-a-luniversite-et-dans-la-recherche\\\/#primaryimage\"},\"image\":{\"@id\":\"https:\\\/\\\/www.univ-guyane.fr\\\/2022\\\/04\\\/14\\\/acadiscri-enquete-nationale-sur-les-discriminations-a-luniversite-et-dans-la-recherche\\\/#primaryimage\"},\"thumbnailUrl\":\"https:\\\/\\\/www.univ-guyane.fr\\\/wp-content\\\/uploads\\\/acadiscri-2022-universite-de-guyane.jpg\",\"datePublished\":\"2022-04-14T19:35:05+00:00\",\"dateModified\":\"2024-06-20T19:39:02+00:00\",\"description\":\"Participez \u00e0 une enqu\u00eate sur les discriminations et leurs entrecroisements. Donnez votre avis sur les formes de discriminations li\u00e9es au genre, \u00e0 l'ethnicit\u00e9, \u00e0 la classe sociale et au handicap.\",\"breadcrumb\":{\"@id\":\"https:\\\/\\\/www.univ-guyane.fr\\\/2022\\\/04\\\/14\\\/acadiscri-enquete-nationale-sur-les-discriminations-a-luniversite-et-dans-la-recherche\\\/#breadcrumb\"},\"inLanguage\":\"nl-NL\",\"potentialAction\":[{\"@type\":\"ReadAction\",\"target\":[\"https:\\\/\\\/www.univ-guyane.fr\\\/2022\\\/04\\\/14\\\/acadiscri-enquete-nationale-sur-les-discriminations-a-luniversite-et-dans-la-recherche\\\/\"]}]},{\"@type\":\"ImageObject\",\"inLanguage\":\"nl-NL\",\"@id\":\"https:\\\/\\\/www.univ-guyane.fr\\\/2022\\\/04\\\/14\\\/acadiscri-enquete-nationale-sur-les-discriminations-a-luniversite-et-dans-la-recherche\\\/#primaryimage\",\"url\":\"https:\\\/\\\/www.univ-guyane.fr\\\/wp-content\\\/uploads\\\/acadiscri-2022-universite-de-guyane.jpg\",\"contentUrl\":\"https:\\\/\\\/www.univ-guyane.fr\\\/wp-content\\\/uploads\\\/acadiscri-2022-universite-de-guyane.jpg\",\"width\":1600,\"height\":1067,\"caption\":\"Acadiscri : enqu\u00eate nationale sur les discriminations \u00e0 l'universit\u00e9 et dans la recherche\"},{\"@type\":\"BreadcrumbList\",\"@id\":\"https:\\\/\\\/www.univ-guyane.fr\\\/2022\\\/04\\\/14\\\/acadiscri-enquete-nationale-sur-les-discriminations-a-luniversite-et-dans-la-recherche\\\/#breadcrumb\",\"itemListElement\":[{\"@type\":\"ListItem\",\"position\":1,\"name\":\"Accueil\",\"item\":\"https:\\\/\\\/www.univ-guyane.fr\\\/\"},{\"@type\":\"ListItem\",\"position\":2,\"name\":\"Acadiscri : enqu\u00eate nationale sur les discriminations \u00e0 l&rsquo;universit\u00e9 et dans la recherche\"}]},{\"@type\":\"WebSite\",\"@id\":\"https:\\\/\\\/www.univ-guyane.fr\\\/#website\",\"url\":\"https:\\\/\\\/www.univ-guyane.fr\\\/\",\"name\":\"Universit\u00e9 de Guyane\",\"description\":\"Au c\u0153ur de l&#039;amazonie\",\"publisher\":{\"@id\":\"https:\\\/\\\/www.univ-guyane.fr\\\/#organization\"},\"alternateName\":\"UG\",\"potentialAction\":[{\"@type\":\"SearchAction\",\"target\":{\"@type\":\"EntryPoint\",\"urlTemplate\":\"https:\\\/\\\/www.univ-guyane.fr\\\/?s={search_term_string}\"},\"query-input\":{\"@type\":\"PropertyValueSpecification\",\"valueRequired\":true,\"valueName\":\"search_term_string\"}}],\"inLanguage\":\"nl-NL\"},{\"@type\":\"Organization\",\"@id\":\"https:\\\/\\\/www.univ-guyane.fr\\\/#organization\",\"name\":\"Universit\u00e9 de Guyane\",\"alternateName\":\"UG\",\"url\":\"https:\\\/\\\/www.univ-guyane.fr\\\/\",\"logo\":{\"@type\":\"ImageObject\",\"inLanguage\":\"nl-NL\",\"@id\":\"https:\\\/\\\/www.univ-guyane.fr\\\/#\\\/schema\\\/logo\\\/image\\\/\",\"url\":\"https:\\\/\\\/www.univ-guyane.fr\\\/wp-content\\\/uploads\\\/2024\\\/05\\\/f.png\",\"contentUrl\":\"https:\\\/\\\/www.univ-guyane.fr\\\/wp-content\\\/uploads\\\/2024\\\/05\\\/f.png\",\"width\":1024,\"height\":1024,\"caption\":\"Universit\u00e9 de Guyane\"},\"image\":{\"@id\":\"https:\\\/\\\/www.univ-guyane.fr\\\/#\\\/schema\\\/logo\\\/image\\\/\"},\"sameAs\":[\"https:\\\/\\\/www.facebook.com\\\/univguyane\",\"https:\\\/\\\/x.com\\\/univguyane\",\"https:\\\/\\\/gf.linkedin.com\\\/school\\\/universite-de-guyane\\\/\",\"https:\\\/\\\/www.instagram.com\\\/univ_guyane\\\/\"]},{\"@type\":\"Person\",\"@id\":\"https:\\\/\\\/www.univ-guyane.fr\\\/#\\\/schema\\\/person\\\/86d946a28a8be51bb096ccfdf19db179\",\"name\":\"Erick Loiti\u00e8re\",\"image\":{\"@type\":\"ImageObject\",\"inLanguage\":\"nl-NL\",\"@id\":\"https:\\\/\\\/secure.gravatar.com\\\/avatar\\\/0584f332103fbeaf37e52c73b15dca3c547fd9300deb05764e9ad8714839d072?s=96&d=robohash&r=g\",\"url\":\"https:\\\/\\\/secure.gravatar.com\\\/avatar\\\/0584f332103fbeaf37e52c73b15dca3c547fd9300deb05764e9ad8714839d072?s=96&d=robohash&r=g\",\"contentUrl\":\"https:\\\/\\\/secure.gravatar.com\\\/avatar\\\/0584f332103fbeaf37e52c73b15dca3c547fd9300deb05764e9ad8714839d072?s=96&d=robohash&r=g\",\"caption\":\"Erick Loiti\u00e8re\"},\"sameAs\":[\"http:\\\/\\\/www.univ-guyane.fr\"],\"url\":\"https:\\\/\\\/www.univ-guyane.fr\\\/nl\\\/author\\\/eloitierdbz\\\/\"}]}<\/script>\n<!-- \/ Yoast SEO plugin. -->","yoast_head_json":{"title":"Acadiscri : enqu\u00eate nationale sur les discriminations \u00e0 l'universit\u00e9 et dans la recherche &#8212; Universit\u00e9 de Guyane","description":"Participez \u00e0 une enqu\u00eate sur les discriminations et leurs entrecroisements. Donnez votre avis sur les formes de discriminations li\u00e9es au genre, \u00e0 l'ethnicit\u00e9, \u00e0 la classe sociale et au handicap.","robots":{"index":"index","follow":"follow","max-snippet":"max-snippet:-1","max-image-preview":"max-image-preview:large","max-video-preview":"max-video-preview:-1"},"canonical":"https:\/\/www.univ-guyane.fr\/nl\/2022\/04\/14\/acadiscri-enquete-nationale-sur-les-discriminations-a-luniversite-et-dans-la-recherche\/","og_locale":"nl_NL","og_type":"article","og_title":"Acadiscri : enqu\u00eate nationale sur les discriminations \u00e0 l'universit\u00e9 et dans la recherche &#8212; Universit\u00e9 de Guyane","og_description":"Participez \u00e0 une enqu\u00eate sur les discriminations et leurs entrecroisements. Donnez votre avis sur les formes de discriminations li\u00e9es au genre, \u00e0 l'ethnicit\u00e9, \u00e0 la classe sociale et au handicap.","og_url":"https:\/\/www.univ-guyane.fr\/nl\/2022\/04\/14\/acadiscri-enquete-nationale-sur-les-discriminations-a-luniversite-et-dans-la-recherche\/","og_site_name":"Universit\u00e9 de Guyane","article_publisher":"https:\/\/www.facebook.com\/univguyane","article_published_time":"2022-04-14T19:35:05+00:00","article_modified_time":"2024-06-20T19:39:02+00:00","og_image":[{"width":1600,"height":1067,"url":"https:\/\/www.univ-guyane.fr\/wp-content\/uploads\/acadiscri-2022-universite-de-guyane.jpg","type":"image\/jpeg"}],"author":"Erick Loiti\u00e8re","twitter_card":"summary_large_image","twitter_creator":"@univguyane","twitter_site":"@univguyane","twitter_misc":{"Geschreven door":"Erick Loiti\u00e8re","Geschatte leestijd":"3 minuten"},"schema":{"@context":"https:\/\/schema.org","@graph":[{"@type":"Article","@id":"https:\/\/www.univ-guyane.fr\/2022\/04\/14\/acadiscri-enquete-nationale-sur-les-discriminations-a-luniversite-et-dans-la-recherche\/#article","isPartOf":{"@id":"https:\/\/www.univ-guyane.fr\/2022\/04\/14\/acadiscri-enquete-nationale-sur-les-discriminations-a-luniversite-et-dans-la-recherche\/"},"author":{"name":"Erick Loiti\u00e8re","@id":"https:\/\/www.univ-guyane.fr\/#\/schema\/person\/86d946a28a8be51bb096ccfdf19db179"},"headline":"Acadiscri : enqu\u00eate nationale sur les discriminations \u00e0 l&rsquo;universit\u00e9 et dans la recherche","datePublished":"2022-04-14T19:35:05+00:00","dateModified":"2024-06-20T19:39:02+00:00","mainEntityOfPage":{"@id":"https:\/\/www.univ-guyane.fr\/2022\/04\/14\/acadiscri-enquete-nationale-sur-les-discriminations-a-luniversite-et-dans-la-recherche\/"},"wordCount":574,"publisher":{"@id":"https:\/\/www.univ-guyane.fr\/#organization"},"image":{"@id":"https:\/\/www.univ-guyane.fr\/2022\/04\/14\/acadiscri-enquete-nationale-sur-les-discriminations-a-luniversite-et-dans-la-recherche\/#primaryimage"},"thumbnailUrl":"https:\/\/www.univ-guyane.fr\/wp-content\/uploads\/acadiscri-2022-universite-de-guyane.jpg","articleSection":["\u2022\u00a0Campus"],"inLanguage":"nl-NL"},{"@type":"WebPage","@id":"https:\/\/www.univ-guyane.fr\/2022\/04\/14\/acadiscri-enquete-nationale-sur-les-discriminations-a-luniversite-et-dans-la-recherche\/","url":"https:\/\/www.univ-guyane.fr\/2022\/04\/14\/acadiscri-enquete-nationale-sur-les-discriminations-a-luniversite-et-dans-la-recherche\/","name":"Acadiscri : enqu\u00eate nationale sur les discriminations \u00e0 l'universit\u00e9 et dans la recherche &#8212; Universit\u00e9 de Guyane","isPartOf":{"@id":"https:\/\/www.univ-guyane.fr\/#website"},"primaryImageOfPage":{"@id":"https:\/\/www.univ-guyane.fr\/2022\/04\/14\/acadiscri-enquete-nationale-sur-les-discriminations-a-luniversite-et-dans-la-recherche\/#primaryimage"},"image":{"@id":"https:\/\/www.univ-guyane.fr\/2022\/04\/14\/acadiscri-enquete-nationale-sur-les-discriminations-a-luniversite-et-dans-la-recherche\/#primaryimage"},"thumbnailUrl":"https:\/\/www.univ-guyane.fr\/wp-content\/uploads\/acadiscri-2022-universite-de-guyane.jpg","datePublished":"2022-04-14T19:35:05+00:00","dateModified":"2024-06-20T19:39:02+00:00","description":"Participez \u00e0 une enqu\u00eate sur les discriminations et leurs entrecroisements. Donnez votre avis sur les formes de discriminations li\u00e9es au genre, \u00e0 l'ethnicit\u00e9, \u00e0 la classe sociale et au handicap.","breadcrumb":{"@id":"https:\/\/www.univ-guyane.fr\/2022\/04\/14\/acadiscri-enquete-nationale-sur-les-discriminations-a-luniversite-et-dans-la-recherche\/#breadcrumb"},"inLanguage":"nl-NL","potentialAction":[{"@type":"ReadAction","target":["https:\/\/www.univ-guyane.fr\/2022\/04\/14\/acadiscri-enquete-nationale-sur-les-discriminations-a-luniversite-et-dans-la-recherche\/"]}]},{"@type":"ImageObject","inLanguage":"nl-NL","@id":"https:\/\/www.univ-guyane.fr\/2022\/04\/14\/acadiscri-enquete-nationale-sur-les-discriminations-a-luniversite-et-dans-la-recherche\/#primaryimage","url":"https:\/\/www.univ-guyane.fr\/wp-content\/uploads\/acadiscri-2022-universite-de-guyane.jpg","contentUrl":"https:\/\/www.univ-guyane.fr\/wp-content\/uploads\/acadiscri-2022-universite-de-guyane.jpg","width":1600,"height":1067,"caption":"Acadiscri : enqu\u00eate nationale sur les discriminations \u00e0 l'universit\u00e9 et dans la recherche"},{"@type":"BreadcrumbList","@id":"https:\/\/www.univ-guyane.fr\/2022\/04\/14\/acadiscri-enquete-nationale-sur-les-discriminations-a-luniversite-et-dans-la-recherche\/#breadcrumb","itemListElement":[{"@type":"ListItem","position":1,"name":"Accueil","item":"https:\/\/www.univ-guyane.fr\/"},{"@type":"ListItem","position":2,"name":"Acadiscri : enqu\u00eate nationale sur les discriminations \u00e0 l&rsquo;universit\u00e9 et dans la recherche"}]},{"@type":"WebSite","@id":"https:\/\/www.univ-guyane.fr\/#website","url":"https:\/\/www.univ-guyane.fr\/","name":"Universiteit van Guyana","description":"In het hart van Amazonia","publisher":{"@id":"https:\/\/www.univ-guyane.fr\/#organization"},"alternateName":"UG","potentialAction":[{"@type":"SearchAction","target":{"@type":"EntryPoint","urlTemplate":"https:\/\/www.univ-guyane.fr\/?s={search_term_string}"},"query-input":{"@type":"PropertyValueSpecification","valueRequired":true,"valueName":"search_term_string"}}],"inLanguage":"nl-NL"},{"@type":"Organization","@id":"https:\/\/www.univ-guyane.fr\/#organization","name":"Universiteit van Guyana","alternateName":"UG","url":"https:\/\/www.univ-guyane.fr\/","logo":{"@type":"ImageObject","inLanguage":"nl-NL","@id":"https:\/\/www.univ-guyane.fr\/#\/schema\/logo\/image\/","url":"https:\/\/www.univ-guyane.fr\/wp-content\/uploads\/2024\/05\/f.png","contentUrl":"https:\/\/www.univ-guyane.fr\/wp-content\/uploads\/2024\/05\/f.png","width":1024,"height":1024,"caption":"Universit\u00e9 de Guyane"},"image":{"@id":"https:\/\/www.univ-guyane.fr\/#\/schema\/logo\/image\/"},"sameAs":["https:\/\/www.facebook.com\/univguyane","https:\/\/x.com\/univguyane","https:\/\/gf.linkedin.com\/school\/universite-de-guyane\/","https:\/\/www.instagram.com\/univ_guyane\/"]},{"@type":"Person","@id":"https:\/\/www.univ-guyane.fr\/#\/schema\/person\/86d946a28a8be51bb096ccfdf19db179","name":"Erick Loiti\u00e8re","image":{"@type":"ImageObject","inLanguage":"nl-NL","@id":"https:\/\/secure.gravatar.com\/avatar\/0584f332103fbeaf37e52c73b15dca3c547fd9300deb05764e9ad8714839d072?s=96&d=robohash&r=g","url":"https:\/\/secure.gravatar.com\/avatar\/0584f332103fbeaf37e52c73b15dca3c547fd9300deb05764e9ad8714839d072?s=96&d=robohash&r=g","contentUrl":"https:\/\/secure.gravatar.com\/avatar\/0584f332103fbeaf37e52c73b15dca3c547fd9300deb05764e9ad8714839d072?s=96&d=robohash&r=g","caption":"Erick Loiti\u00e8re"},"sameAs":["http:\/\/www.univ-guyane.fr"],"url":"https:\/\/www.univ-guyane.fr\/nl\/author\/eloitierdbz\/"}]}},"_links":{"self":[{"href":"https:\/\/www.univ-guyane.fr\/nl\/wp-json\/wp\/v2\/posts\/8910","targetHints":{"allow":["GET"]}}],"collection":[{"href":"https:\/\/www.univ-guyane.fr\/nl\/wp-json\/wp\/v2\/posts"}],"about":[{"href":"https:\/\/www.univ-guyane.fr\/nl\/wp-json\/wp\/v2\/types\/post"}],"author":[{"embeddable":true,"href":"https:\/\/www.univ-guyane.fr\/nl\/wp-json\/wp\/v2\/users\/1"}],"replies":[{"embeddable":true,"href":"https:\/\/www.univ-guyane.fr\/nl\/wp-json\/wp\/v2\/comments?post=8910"}],"version-history":[{"count":2,"href":"https:\/\/www.univ-guyane.fr\/nl\/wp-json\/wp\/v2\/posts\/8910\/revisions"}],"predecessor-version":[{"id":8913,"href":"https:\/\/www.univ-guyane.fr\/nl\/wp-json\/wp\/v2\/posts\/8910\/revisions\/8913"}],"wp:featuredmedia":[{"embeddable":true,"href":"https:\/\/www.univ-guyane.fr\/nl\/wp-json\/wp\/v2\/media\/8911"}],"wp:attachment":[{"href":"https:\/\/www.univ-guyane.fr\/nl\/wp-json\/wp\/v2\/media?parent=8910"}],"wp:term":[{"taxonomy":"category","embeddable":true,"href":"https:\/\/www.univ-guyane.fr\/nl\/wp-json\/wp\/v2\/categories?post=8910"},{"taxonomy":"post_tag","embeddable":true,"href":"https:\/\/www.univ-guyane.fr\/nl\/wp-json\/wp\/v2\/tags?post=8910"}],"curies":[{"name":"wp","href":"https:\/\/api.w.org\/{rel}","templated":true}]}}