{"id":9006,"date":"2017-11-21T11:05:09","date_gmt":"2017-11-21T14:05:09","guid":{"rendered":"https:\/\/www.univ-guyane.fr\/?p=9006"},"modified":"2024-07-15T09:55:53","modified_gmt":"2024-07-15T12:55:53","slug":"rudmila-apprendre-un-metier-grace-au-service-civique","status":"publish","type":"post","link":"https:\/\/www.univ-guyane.fr\/nl\/2017\/11\/21\/rudmila-apprendre-un-metier-grace-au-service-civique\/","title":{"rendered":"Rudmila - Een vak leren door burgerdienst"},"content":{"rendered":"<div id=\"fws_69f3a921bb48f\"  data-column-margin=\"default\" data-midnight=\"dark\"  class=\"wpb_row vc_row-fluid vc_row\"  style=\"padding-top: 0px; padding-bottom: 0px; \"><div class=\"row-bg-wrap\" data-bg-animation=\"none\" data-bg-animation-delay=\"\" data-bg-overlay=\"false\"><div class=\"inner-wrap row-bg-layer\" ><div class=\"row-bg viewport-desktop\"  style=\"\"><\/div><\/div><\/div><div class=\"row_col_wrap_12 col span_12 dark left\">\n\t<div  class=\"vc_col-sm-12 wpb_column column_container vc_column_container col no-extra-padding inherit_tablet inherit_phone\"  data-padding-pos=\"all\" data-has-bg-color=\"false\" data-bg-color=\"\" data-bg-opacity=\"1\" data-animation=\"\" data-delay=\"0\" >\n\t\t<div class=\"vc_column-inner\" >\n\t\t\t<div class=\"wpb_wrapper\">\n\t\t\t\t\n<div class=\"wpb_text_column wpb_content_element  chapo\" >\n\t<h2>Rudmila, 20, een PIETAS Masterstudent aan ESPE, vertelt ons over haar ervaring met burgerdienst met DOSIP. Portret van een student die zich inzet voor de gemeenschap.<\/h2>\n<\/div>\n\n\n\n\n<div class=\"wpb_text_column wpb_content_element\" >\n\t<h3><strong>Stel jezelf voor.<\/strong><\/h3>\n<p>Mijn naam is Rudmila, ik ben 20 jaar oud en ik heb mijn baccalaur\u00e9at in literatuur, met als specialisatie recht en de grote vraagstukken van de hedendaagse wereld. Daarna heb ik sociale wetenschappen en maatschappelijk werk gestudeerd aan de Universiteit van Guyana. Ik studeer nu 4 jaar aan de Universiteit van Guyana en doe momenteel een Master in Onderwijs en Maatschappelijk Werk. Zoals mijn achtergrond aangeeft, wil ik in de sociale sector werken.<\/p>\n<h3>Kunt u ons iets vertellen over burgerdienst?<strong><br \/>\n<\/strong><\/h3>\n<p>Naar mijn mening is burgerdienst meer dan alleen wat je overal geschreven ziet staan. Het is een kans om je aan te sluiten bij een structuur of organisatie waarmee je dezelfde waarden deelt, maar ook om nieuwe en lonende vaardigheden te ontwikkelen. Het doel is om een verbintenis aan te gaan die je na aan het hart ligt en te helpen in dienst van het algemeen belang, terwijl je tegelijkertijd een financi\u00eble vergoeding ontvangt.<\/p>\n<h3>Waarom heb je je aangemeld voor burgerdienst bij DOSIP?<\/h3>\n<p>Ik heb gesolliciteerd bij de DOSIP (Direction de l'Orientation des Stages et de l'Insertion Professionnelle) omdat dit de afdeling was die het beste bij me paste, gezien mijn universitaire achtergrond in professionele integratie, maar ook de afdeling die het beste aansloot bij mijn verwachtingen wat betreft mijn carri\u00e8replan. Ik wilde echt in aanmerking komen voor deze functie. Het was een burgerdienst op maat voor mij, want professionele integratie is een van de aspecten van mijn opleiding en ik kom nog elke dag in contact met de universitaire omgeving. Voor mij was het DOSIP de beste dienst om mij een nieuwe ervaring te geven die aansluit bij mijn professionele doelen.<\/p>\n<h3>Wat was je missie en wat zijn je huidige projecten?<\/h3>\n<p>Tijdens mijn burgerdienst was ik verantwoordelijk voor de ministeri\u00eble enqu\u00eate over de professionele integratie van voormalige afgestudeerden van de Universiteit van Guyana en ik heb ook ondersteuning geboden bij andere DOSIP-missies, zoals loopbaanadvies. Dankzij deze geweldige kans en het vertrouwen van mijn superieuren kon ik de leiding nemen over een project en het zelfstandig beheren: ik hielp bij de organisatie van het F\u00eate de la Science. Ik was vooral verantwoordelijk voor het Science Village, dat plaatsvond in de week van 7 tot 15 oktober 2017 op de campus Troubiran van de universiteit.Omdat ik een projectmanager in lokale ontwikkeling en sociale actie wil worden, heeft deze ervaring mijn beroepskeuze alleen maar bevestigd.<\/p>\n<h3>Wat heb je geleerd tijdens je burgerdienst en denk je dat deze ervaring je in de toekomst van pas zal komen?<\/h3>\n<p>Dankzij mijn burgerdienst heb ik de administratieve beroepen ontdekt en er een voorliefde voor ontwikkeld, dus ik wil me graag voorbereiden op de administratieve toelatingsexamens, dus ik ga mijn master aan ESPE afmaken en alle kansen grijpen die me in mijn gekozen vakgebieden worden geboden.<\/p>\n<h3>Heb je advies voor UG-studenten?<strong><br \/>\n<\/strong><\/h3>\n<p>Ik heb niet per se een advies voor studenten, maar ik zou ze willen aanmoedigen om te diversifi\u00ebren, om ons leren te ontschotten zodat we openstaan voor de wereld, wat zo goed is voor de ontwikkeling van onze regio.<\/p>\n<\/div>\n\n\n\n\n\t\t\t<\/div> \n\t\t<\/div>\n\t<\/div> \n<\/div><\/div>","protected":false},"excerpt":{"rendered":"Rudmila, 20, een PIETAS Masterstudent aan de ESPE, vertelt ons over haar ervaring in de...","protected":false},"author":1,"featured_media":9007,"comment_status":"closed","ping_status":"open","sticky":false,"template":"","format":"standard","meta":{"iawp_total_views":28,"footnotes":""},"categories":[196],"tags":[197],"class_list":{"0":"post-9006","1":"post","2":"type-post","3":"status-publish","4":"format-standard","5":"has-post-thumbnail","7":"category-portraits","8":"tag-portraits"},"yoast_head":"<!-- This site is optimized with the Yoast SEO plugin v27.5 - https:\/\/yoast.com\/product\/yoast-seo-wordpress\/ -->\n<title>Rudmila \u2013 Apprendre un m\u00e9tier gr\u00e2ce au service civique &#8212; Universit\u00e9 de Guyane<\/title>\n<meta name=\"description\" content=\"Rudmila partage son parcours dans le service civique et comment cela l&#039;a aid\u00e9e \u00e0 se former dans le domaine social.\" \/>\n<meta name=\"robots\" content=\"index, follow, max-snippet:-1, max-image-preview:large, max-video-preview:-1\" \/>\n<link rel=\"canonical\" href=\"https:\/\/www.univ-guyane.fr\/nl\/2017\/11\/21\/rudmila-apprendre-un-metier-grace-au-service-civique\/\" \/>\n<meta property=\"og:locale\" content=\"nl_NL\" \/>\n<meta property=\"og:type\" content=\"article\" \/>\n<meta property=\"og:title\" content=\"Rudmila \u2013 Apprendre un m\u00e9tier gr\u00e2ce au service civique &#8212; Universit\u00e9 de Guyane\" \/>\n<meta property=\"og:description\" content=\"Rudmila partage son parcours dans le service civique et comment cela l&#039;a aid\u00e9e \u00e0 se former dans le domaine social.\" \/>\n<meta property=\"og:url\" content=\"https:\/\/www.univ-guyane.fr\/nl\/2017\/11\/21\/rudmila-apprendre-un-metier-grace-au-service-civique\/\" \/>\n<meta property=\"og:site_name\" content=\"Universit\u00e9 de Guyane\" \/>\n<meta property=\"article:publisher\" content=\"https:\/\/www.facebook.com\/univguyane\" \/>\n<meta property=\"article:published_time\" content=\"2017-11-21T14:05:09+00:00\" \/>\n<meta property=\"article:modified_time\" content=\"2024-07-15T12:55:53+00:00\" \/>\n<meta property=\"og:image\" content=\"https:\/\/www.univ-guyane.fr\/wp-content\/uploads\/portrait-rudmila-portut-service-civique-universite-de-guyane-9905.jpeg\" \/>\n\t<meta property=\"og:image:width\" content=\"1200\" \/>\n\t<meta property=\"og:image:height\" content=\"800\" \/>\n\t<meta property=\"og:image:type\" content=\"image\/jpeg\" \/>\n<meta name=\"author\" content=\"Erick Loiti\u00e8re\" \/>\n<meta name=\"twitter:card\" content=\"summary_large_image\" \/>\n<meta name=\"twitter:creator\" content=\"@univguyane\" \/>\n<meta name=\"twitter:site\" content=\"@univguyane\" \/>\n<meta name=\"twitter:label1\" content=\"Geschreven door\" \/>\n\t<meta name=\"twitter:data1\" content=\"Erick Loiti\u00e8re\" \/>\n\t<meta name=\"twitter:label2\" content=\"Geschatte leestijd\" \/>\n\t<meta name=\"twitter:data2\" content=\"4 minuten\" \/>\n<script type=\"application\/ld+json\" class=\"yoast-schema-graph\">{\"@context\":\"https:\\\/\\\/schema.org\",\"@graph\":[{\"@type\":\"Article\",\"@id\":\"https:\\\/\\\/www.univ-guyane.fr\\\/2017\\\/11\\\/21\\\/rudmila-apprendre-un-metier-grace-au-service-civique\\\/#article\",\"isPartOf\":{\"@id\":\"https:\\\/\\\/www.univ-guyane.fr\\\/2017\\\/11\\\/21\\\/rudmila-apprendre-un-metier-grace-au-service-civique\\\/\"},\"author\":{\"name\":\"Erick Loiti\u00e8re\",\"@id\":\"https:\\\/\\\/www.univ-guyane.fr\\\/#\\\/schema\\\/person\\\/86d946a28a8be51bb096ccfdf19db179\"},\"headline\":\"Rudmila \u2013 Apprendre un m\u00e9tier gr\u00e2ce au service civique\",\"datePublished\":\"2017-11-21T14:05:09+00:00\",\"dateModified\":\"2024-07-15T12:55:53+00:00\",\"mainEntityOfPage\":{\"@id\":\"https:\\\/\\\/www.univ-guyane.fr\\\/2017\\\/11\\\/21\\\/rudmila-apprendre-un-metier-grace-au-service-civique\\\/\"},\"wordCount\":802,\"publisher\":{\"@id\":\"https:\\\/\\\/www.univ-guyane.fr\\\/#organization\"},\"image\":{\"@id\":\"https:\\\/\\\/www.univ-guyane.fr\\\/2017\\\/11\\\/21\\\/rudmila-apprendre-un-metier-grace-au-service-civique\\\/#primaryimage\"},\"thumbnailUrl\":\"https:\\\/\\\/www.univ-guyane.fr\\\/wp-content\\\/uploads\\\/portrait-rudmila-portut-service-civique-universite-de-guyane-9905.jpeg\",\"keywords\":[\"Portraits\"],\"articleSection\":[\"\u2022\u00a0Portraits\"],\"inLanguage\":\"nl-NL\"},{\"@type\":\"WebPage\",\"@id\":\"https:\\\/\\\/www.univ-guyane.fr\\\/2017\\\/11\\\/21\\\/rudmila-apprendre-un-metier-grace-au-service-civique\\\/\",\"url\":\"https:\\\/\\\/www.univ-guyane.fr\\\/2017\\\/11\\\/21\\\/rudmila-apprendre-un-metier-grace-au-service-civique\\\/\",\"name\":\"Rudmila \u2013 Apprendre un m\u00e9tier gr\u00e2ce au service civique &#8212; Universit\u00e9 de Guyane\",\"isPartOf\":{\"@id\":\"https:\\\/\\\/www.univ-guyane.fr\\\/#website\"},\"primaryImageOfPage\":{\"@id\":\"https:\\\/\\\/www.univ-guyane.fr\\\/2017\\\/11\\\/21\\\/rudmila-apprendre-un-metier-grace-au-service-civique\\\/#primaryimage\"},\"image\":{\"@id\":\"https:\\\/\\\/www.univ-guyane.fr\\\/2017\\\/11\\\/21\\\/rudmila-apprendre-un-metier-grace-au-service-civique\\\/#primaryimage\"},\"thumbnailUrl\":\"https:\\\/\\\/www.univ-guyane.fr\\\/wp-content\\\/uploads\\\/portrait-rudmila-portut-service-civique-universite-de-guyane-9905.jpeg\",\"datePublished\":\"2017-11-21T14:05:09+00:00\",\"dateModified\":\"2024-07-15T12:55:53+00:00\",\"description\":\"Rudmila partage son parcours dans le service civique et comment cela l'a aid\u00e9e \u00e0 se former dans le domaine social.\",\"breadcrumb\":{\"@id\":\"https:\\\/\\\/www.univ-guyane.fr\\\/2017\\\/11\\\/21\\\/rudmila-apprendre-un-metier-grace-au-service-civique\\\/#breadcrumb\"},\"inLanguage\":\"nl-NL\",\"potentialAction\":[{\"@type\":\"ReadAction\",\"target\":[\"https:\\\/\\\/www.univ-guyane.fr\\\/2017\\\/11\\\/21\\\/rudmila-apprendre-un-metier-grace-au-service-civique\\\/\"]}]},{\"@type\":\"ImageObject\",\"inLanguage\":\"nl-NL\",\"@id\":\"https:\\\/\\\/www.univ-guyane.fr\\\/2017\\\/11\\\/21\\\/rudmila-apprendre-un-metier-grace-au-service-civique\\\/#primaryimage\",\"url\":\"https:\\\/\\\/www.univ-guyane.fr\\\/wp-content\\\/uploads\\\/portrait-rudmila-portut-service-civique-universite-de-guyane-9905.jpeg\",\"contentUrl\":\"https:\\\/\\\/www.univ-guyane.fr\\\/wp-content\\\/uploads\\\/portrait-rudmila-portut-service-civique-universite-de-guyane-9905.jpeg\",\"width\":1200,\"height\":800,\"caption\":\"Rudmila \u2013 Apprendre un m\u00e9tier gr\u00e2ce au service civique\"},{\"@type\":\"BreadcrumbList\",\"@id\":\"https:\\\/\\\/www.univ-guyane.fr\\\/2017\\\/11\\\/21\\\/rudmila-apprendre-un-metier-grace-au-service-civique\\\/#breadcrumb\",\"itemListElement\":[{\"@type\":\"ListItem\",\"position\":1,\"name\":\"Accueil\",\"item\":\"https:\\\/\\\/www.univ-guyane.fr\\\/\"},{\"@type\":\"ListItem\",\"position\":2,\"name\":\"Rudmila \u2013 Apprendre un m\u00e9tier gr\u00e2ce au service civique\"}]},{\"@type\":\"WebSite\",\"@id\":\"https:\\\/\\\/www.univ-guyane.fr\\\/#website\",\"url\":\"https:\\\/\\\/www.univ-guyane.fr\\\/\",\"name\":\"Universit\u00e9 de Guyane\",\"description\":\"Au c\u0153ur de l&#039;amazonie\",\"publisher\":{\"@id\":\"https:\\\/\\\/www.univ-guyane.fr\\\/#organization\"},\"alternateName\":\"UG\",\"potentialAction\":[{\"@type\":\"SearchAction\",\"target\":{\"@type\":\"EntryPoint\",\"urlTemplate\":\"https:\\\/\\\/www.univ-guyane.fr\\\/?s={search_term_string}\"},\"query-input\":{\"@type\":\"PropertyValueSpecification\",\"valueRequired\":true,\"valueName\":\"search_term_string\"}}],\"inLanguage\":\"nl-NL\"},{\"@type\":\"Organization\",\"@id\":\"https:\\\/\\\/www.univ-guyane.fr\\\/#organization\",\"name\":\"Universit\u00e9 de Guyane\",\"alternateName\":\"UG\",\"url\":\"https:\\\/\\\/www.univ-guyane.fr\\\/\",\"logo\":{\"@type\":\"ImageObject\",\"inLanguage\":\"nl-NL\",\"@id\":\"https:\\\/\\\/www.univ-guyane.fr\\\/#\\\/schema\\\/logo\\\/image\\\/\",\"url\":\"https:\\\/\\\/www.univ-guyane.fr\\\/wp-content\\\/uploads\\\/2024\\\/05\\\/f.png\",\"contentUrl\":\"https:\\\/\\\/www.univ-guyane.fr\\\/wp-content\\\/uploads\\\/2024\\\/05\\\/f.png\",\"width\":1024,\"height\":1024,\"caption\":\"Universit\u00e9 de Guyane\"},\"image\":{\"@id\":\"https:\\\/\\\/www.univ-guyane.fr\\\/#\\\/schema\\\/logo\\\/image\\\/\"},\"sameAs\":[\"https:\\\/\\\/www.facebook.com\\\/univguyane\",\"https:\\\/\\\/x.com\\\/univguyane\",\"https:\\\/\\\/gf.linkedin.com\\\/school\\\/universite-de-guyane\\\/\",\"https:\\\/\\\/www.instagram.com\\\/univ_guyane\\\/\"]},{\"@type\":\"Person\",\"@id\":\"https:\\\/\\\/www.univ-guyane.fr\\\/#\\\/schema\\\/person\\\/86d946a28a8be51bb096ccfdf19db179\",\"name\":\"Erick Loiti\u00e8re\",\"image\":{\"@type\":\"ImageObject\",\"inLanguage\":\"nl-NL\",\"@id\":\"https:\\\/\\\/secure.gravatar.com\\\/avatar\\\/0584f332103fbeaf37e52c73b15dca3c547fd9300deb05764e9ad8714839d072?s=96&d=robohash&r=g\",\"url\":\"https:\\\/\\\/secure.gravatar.com\\\/avatar\\\/0584f332103fbeaf37e52c73b15dca3c547fd9300deb05764e9ad8714839d072?s=96&d=robohash&r=g\",\"contentUrl\":\"https:\\\/\\\/secure.gravatar.com\\\/avatar\\\/0584f332103fbeaf37e52c73b15dca3c547fd9300deb05764e9ad8714839d072?s=96&d=robohash&r=g\",\"caption\":\"Erick Loiti\u00e8re\"},\"sameAs\":[\"http:\\\/\\\/www.univ-guyane.fr\"],\"url\":\"https:\\\/\\\/www.univ-guyane.fr\\\/nl\\\/author\\\/eloitierdbz\\\/\"}]}<\/script>\n<!-- \/ Yoast SEO plugin. -->","yoast_head_json":{"title":"Rudmila \u2013 Apprendre un m\u00e9tier gr\u00e2ce au service civique &#8212; Universit\u00e9 de Guyane","description":"Rudmila partage son parcours dans le service civique et comment cela l'a aid\u00e9e \u00e0 se former dans le domaine social.","robots":{"index":"index","follow":"follow","max-snippet":"max-snippet:-1","max-image-preview":"max-image-preview:large","max-video-preview":"max-video-preview:-1"},"canonical":"https:\/\/www.univ-guyane.fr\/nl\/2017\/11\/21\/rudmila-apprendre-un-metier-grace-au-service-civique\/","og_locale":"nl_NL","og_type":"article","og_title":"Rudmila \u2013 Apprendre un m\u00e9tier gr\u00e2ce au service civique &#8212; Universit\u00e9 de Guyane","og_description":"Rudmila partage son parcours dans le service civique et comment cela l'a aid\u00e9e \u00e0 se former dans le domaine social.","og_url":"https:\/\/www.univ-guyane.fr\/nl\/2017\/11\/21\/rudmila-apprendre-un-metier-grace-au-service-civique\/","og_site_name":"Universit\u00e9 de Guyane","article_publisher":"https:\/\/www.facebook.com\/univguyane","article_published_time":"2017-11-21T14:05:09+00:00","article_modified_time":"2024-07-15T12:55:53+00:00","og_image":[{"width":1200,"height":800,"url":"https:\/\/www.univ-guyane.fr\/wp-content\/uploads\/portrait-rudmila-portut-service-civique-universite-de-guyane-9905.jpeg","type":"image\/jpeg"}],"author":"Erick Loiti\u00e8re","twitter_card":"summary_large_image","twitter_creator":"@univguyane","twitter_site":"@univguyane","twitter_misc":{"Geschreven door":"Erick Loiti\u00e8re","Geschatte leestijd":"4 minuten"},"schema":{"@context":"https:\/\/schema.org","@graph":[{"@type":"Article","@id":"https:\/\/www.univ-guyane.fr\/2017\/11\/21\/rudmila-apprendre-un-metier-grace-au-service-civique\/#article","isPartOf":{"@id":"https:\/\/www.univ-guyane.fr\/2017\/11\/21\/rudmila-apprendre-un-metier-grace-au-service-civique\/"},"author":{"name":"Erick Loiti\u00e8re","@id":"https:\/\/www.univ-guyane.fr\/#\/schema\/person\/86d946a28a8be51bb096ccfdf19db179"},"headline":"Rudmila \u2013 Apprendre un m\u00e9tier gr\u00e2ce au service civique","datePublished":"2017-11-21T14:05:09+00:00","dateModified":"2024-07-15T12:55:53+00:00","mainEntityOfPage":{"@id":"https:\/\/www.univ-guyane.fr\/2017\/11\/21\/rudmila-apprendre-un-metier-grace-au-service-civique\/"},"wordCount":802,"publisher":{"@id":"https:\/\/www.univ-guyane.fr\/#organization"},"image":{"@id":"https:\/\/www.univ-guyane.fr\/2017\/11\/21\/rudmila-apprendre-un-metier-grace-au-service-civique\/#primaryimage"},"thumbnailUrl":"https:\/\/www.univ-guyane.fr\/wp-content\/uploads\/portrait-rudmila-portut-service-civique-universite-de-guyane-9905.jpeg","keywords":["Portraits"],"articleSection":["\u2022\u00a0Portraits"],"inLanguage":"nl-NL"},{"@type":"WebPage","@id":"https:\/\/www.univ-guyane.fr\/2017\/11\/21\/rudmila-apprendre-un-metier-grace-au-service-civique\/","url":"https:\/\/www.univ-guyane.fr\/2017\/11\/21\/rudmila-apprendre-un-metier-grace-au-service-civique\/","name":"Rudmila \u2013 Apprendre un m\u00e9tier gr\u00e2ce au service civique &#8212; Universit\u00e9 de Guyane","isPartOf":{"@id":"https:\/\/www.univ-guyane.fr\/#website"},"primaryImageOfPage":{"@id":"https:\/\/www.univ-guyane.fr\/2017\/11\/21\/rudmila-apprendre-un-metier-grace-au-service-civique\/#primaryimage"},"image":{"@id":"https:\/\/www.univ-guyane.fr\/2017\/11\/21\/rudmila-apprendre-un-metier-grace-au-service-civique\/#primaryimage"},"thumbnailUrl":"https:\/\/www.univ-guyane.fr\/wp-content\/uploads\/portrait-rudmila-portut-service-civique-universite-de-guyane-9905.jpeg","datePublished":"2017-11-21T14:05:09+00:00","dateModified":"2024-07-15T12:55:53+00:00","description":"Rudmila partage son parcours dans le service civique et comment cela l'a aid\u00e9e \u00e0 se former dans le domaine social.","breadcrumb":{"@id":"https:\/\/www.univ-guyane.fr\/2017\/11\/21\/rudmila-apprendre-un-metier-grace-au-service-civique\/#breadcrumb"},"inLanguage":"nl-NL","potentialAction":[{"@type":"ReadAction","target":["https:\/\/www.univ-guyane.fr\/2017\/11\/21\/rudmila-apprendre-un-metier-grace-au-service-civique\/"]}]},{"@type":"ImageObject","inLanguage":"nl-NL","@id":"https:\/\/www.univ-guyane.fr\/2017\/11\/21\/rudmila-apprendre-un-metier-grace-au-service-civique\/#primaryimage","url":"https:\/\/www.univ-guyane.fr\/wp-content\/uploads\/portrait-rudmila-portut-service-civique-universite-de-guyane-9905.jpeg","contentUrl":"https:\/\/www.univ-guyane.fr\/wp-content\/uploads\/portrait-rudmila-portut-service-civique-universite-de-guyane-9905.jpeg","width":1200,"height":800,"caption":"Rudmila \u2013 Apprendre un m\u00e9tier gr\u00e2ce au service civique"},{"@type":"BreadcrumbList","@id":"https:\/\/www.univ-guyane.fr\/2017\/11\/21\/rudmila-apprendre-un-metier-grace-au-service-civique\/#breadcrumb","itemListElement":[{"@type":"ListItem","position":1,"name":"Accueil","item":"https:\/\/www.univ-guyane.fr\/"},{"@type":"ListItem","position":2,"name":"Rudmila \u2013 Apprendre un m\u00e9tier gr\u00e2ce au service civique"}]},{"@type":"WebSite","@id":"https:\/\/www.univ-guyane.fr\/#website","url":"https:\/\/www.univ-guyane.fr\/","name":"Universiteit van Guyana","description":"In het hart van Amazonia","publisher":{"@id":"https:\/\/www.univ-guyane.fr\/#organization"},"alternateName":"UG","potentialAction":[{"@type":"SearchAction","target":{"@type":"EntryPoint","urlTemplate":"https:\/\/www.univ-guyane.fr\/?s={search_term_string}"},"query-input":{"@type":"PropertyValueSpecification","valueRequired":true,"valueName":"search_term_string"}}],"inLanguage":"nl-NL"},{"@type":"Organization","@id":"https:\/\/www.univ-guyane.fr\/#organization","name":"Universiteit van Guyana","alternateName":"UG","url":"https:\/\/www.univ-guyane.fr\/","logo":{"@type":"ImageObject","inLanguage":"nl-NL","@id":"https:\/\/www.univ-guyane.fr\/#\/schema\/logo\/image\/","url":"https:\/\/www.univ-guyane.fr\/wp-content\/uploads\/2024\/05\/f.png","contentUrl":"https:\/\/www.univ-guyane.fr\/wp-content\/uploads\/2024\/05\/f.png","width":1024,"height":1024,"caption":"Universit\u00e9 de Guyane"},"image":{"@id":"https:\/\/www.univ-guyane.fr\/#\/schema\/logo\/image\/"},"sameAs":["https:\/\/www.facebook.com\/univguyane","https:\/\/x.com\/univguyane","https:\/\/gf.linkedin.com\/school\/universite-de-guyane\/","https:\/\/www.instagram.com\/univ_guyane\/"]},{"@type":"Person","@id":"https:\/\/www.univ-guyane.fr\/#\/schema\/person\/86d946a28a8be51bb096ccfdf19db179","name":"Erick Loiti\u00e8re","image":{"@type":"ImageObject","inLanguage":"nl-NL","@id":"https:\/\/secure.gravatar.com\/avatar\/0584f332103fbeaf37e52c73b15dca3c547fd9300deb05764e9ad8714839d072?s=96&d=robohash&r=g","url":"https:\/\/secure.gravatar.com\/avatar\/0584f332103fbeaf37e52c73b15dca3c547fd9300deb05764e9ad8714839d072?s=96&d=robohash&r=g","contentUrl":"https:\/\/secure.gravatar.com\/avatar\/0584f332103fbeaf37e52c73b15dca3c547fd9300deb05764e9ad8714839d072?s=96&d=robohash&r=g","caption":"Erick Loiti\u00e8re"},"sameAs":["http:\/\/www.univ-guyane.fr"],"url":"https:\/\/www.univ-guyane.fr\/nl\/author\/eloitierdbz\/"}]}},"_links":{"self":[{"href":"https:\/\/www.univ-guyane.fr\/nl\/wp-json\/wp\/v2\/posts\/9006","targetHints":{"allow":["GET"]}}],"collection":[{"href":"https:\/\/www.univ-guyane.fr\/nl\/wp-json\/wp\/v2\/posts"}],"about":[{"href":"https:\/\/www.univ-guyane.fr\/nl\/wp-json\/wp\/v2\/types\/post"}],"author":[{"embeddable":true,"href":"https:\/\/www.univ-guyane.fr\/nl\/wp-json\/wp\/v2\/users\/1"}],"replies":[{"embeddable":true,"href":"https:\/\/www.univ-guyane.fr\/nl\/wp-json\/wp\/v2\/comments?post=9006"}],"version-history":[{"count":3,"href":"https:\/\/www.univ-guyane.fr\/nl\/wp-json\/wp\/v2\/posts\/9006\/revisions"}],"predecessor-version":[{"id":10005,"href":"https:\/\/www.univ-guyane.fr\/nl\/wp-json\/wp\/v2\/posts\/9006\/revisions\/10005"}],"wp:featuredmedia":[{"embeddable":true,"href":"https:\/\/www.univ-guyane.fr\/nl\/wp-json\/wp\/v2\/media\/9007"}],"wp:attachment":[{"href":"https:\/\/www.univ-guyane.fr\/nl\/wp-json\/wp\/v2\/media?parent=9006"}],"wp:term":[{"taxonomy":"category","embeddable":true,"href":"https:\/\/www.univ-guyane.fr\/nl\/wp-json\/wp\/v2\/categories?post=9006"},{"taxonomy":"post_tag","embeddable":true,"href":"https:\/\/www.univ-guyane.fr\/nl\/wp-json\/wp\/v2\/tags?post=9006"}],"curies":[{"name":"wp","href":"https:\/\/api.w.org\/{rel}","templated":true}]}}