{"id":9074,"date":"2021-02-08T09:04:26","date_gmt":"2021-02-08T12:04:26","guid":{"rendered":"https:\/\/www.univ-guyane.fr\/?p=9074"},"modified":"2024-06-24T09:54:30","modified_gmt":"2024-06-24T12:54:30","slug":"la-faune-deau-douce-de-guyane","status":"publish","type":"post","link":"https:\/\/www.univ-guyane.fr\/nl\/2021\/02\/08\/la-faune-deau-douce-de-guyane\/","title":{"rendered":"De zoetwaterfauna van Frans Guyana"},"content":{"rendered":"<div id=\"fws_69f1db4165224\"  data-column-margin=\"default\" data-midnight=\"dark\"  class=\"wpb_row vc_row-fluid vc_row\"  style=\"padding-top: 0px; padding-bottom: 0px; \"><div class=\"row-bg-wrap\" data-bg-animation=\"none\" data-bg-animation-delay=\"\" data-bg-overlay=\"false\"><div class=\"inner-wrap row-bg-layer\" ><div class=\"row-bg viewport-desktop\"  style=\"\"><\/div><\/div><\/div><div class=\"row_col_wrap_12 col span_12 dark left\">\n\t<div  class=\"vc_col-sm-12 wpb_column column_container vc_column_container col no-extra-padding inherit_tablet inherit_phone\"  data-padding-pos=\"all\" data-has-bg-color=\"false\" data-bg-color=\"\" data-bg-opacity=\"1\" data-animation=\"\" data-delay=\"0\" >\n\t\t<div class=\"vc_column-inner\" >\n\t\t\t<div class=\"wpb_wrapper\">\n\t\t\t\t\n<div class=\"wpb_text_column wpb_content_element  chapo\" >\n\t<h2>Het departement Wetenschap en Technologie organiseert op donderdag 25 februari vanaf 14.00 uur in Amfitheater A van de Universiteit van Guyana een conferentie over de zoetwaterfauna van Guyana. De conferentie wordt gepresenteerd door Gr\u00e9gory QUARTAROLLO, voorzitter van de Guyane Wild Fish Association, en gepresenteerd door Simon Clavier, oprichter van Onikha.<\/h2>\n<\/div>\n\n\n\n\n<div class=\"wpb_text_column wpb_content_element\" >\n\t<p><span class=\"nectar-dropcap\" >Q <\/span>Wat hebben de rivieren van Guyana te verbergen? Een ongelooflijke diversiteit aan habitats en levende organismen! Maar wat zijn deze habitats? En wat zijn die levende organismen? Wat weten we over aquatische ecosystemen? Hoeveel bekende soorten zijn er? Hoe worden deze organismen gebruikt om de ecologische toestand van waterlopen te diagnosticeren?<\/p>\n<p>Dit zijn slechts enkele van de vragen die Gr\u00e9gory QUARTAROLLO, voorzitter van de Guyane Wild Fish Association, zal proberen te beantwoorden tijdens zijn lezing over \"Guyana's zoetwaterfauna\". Zijn specialiteit: visfauna! Of simpel gezegd, vis. De conferentie wordt mede georganiseerd door Simon Clavier, een specialist in ongewervelde waterdieren en oprichter van Onikha (\"regenseizoen\" in het Arawak), een Guinees adviesbureau dat gespecialiseerd is in het beheer, de bescherming en het herstel van aquatische milieus. Onikha werd in 2018 opgericht door Simon Clavier na 12 jaar studie van de hydrosystemen van Guyana, met als doel zijn ervaring te gebruiken om deze elementen van ons collectieve erfgoed te helpen begrijpen en verbeteren.<\/p>\n<p>Verschillende onderwerpen komen aan bod, waaronder het beroep van hydrobioloog (voordelen, nadelen, voorbeelden van carri\u00e8repaden, mogelijkheden in Guyana, etc.), zoetwaterfauna over de hele wereld en meer specifiek in Guyana (taxonomische diversiteit, biogeografie, enkele visverhalen, etc.), de werking en activiteiten van de Guyane Wild Fish Association (inventarisaties, educatieve projecten, expedities voor natuurvissers, wetenschappelijk onderzoek), bio-indicatoren en biotische indices, bemonsteringsmethoden en onderzoeksprojecten....<\/p>\n<p>Het is de perfecte manier om jezelf onder te dompelen in een ongelofelijke, onbekende wereld!<\/p>\n<p>Bezoek de pagina van de Guyane Wild Fish Association, gevolgd door meer dan 11.000 mensen in meer dan 70 landen:\u00a0<a href=\"https:\/\/web.archive.org\/web\/20210423071124\/https:\/\/www.facebook.com\/guyanewildfish\">https:\/\/www.facebook.com\/guyanewildfish<\/a>.  Het laatste bericht, over een expeditie op de Boven-Maroni in september 2020, werd door meer dan 80.000 mensen wereldwijd bekeken!<\/p>\n<\/div>\n\n\n\n\n\t\t\t<\/div> \n\t\t<\/div>\n\t<\/div> \n<\/div><\/div>","protected":false},"excerpt":{"rendered":"De afdeling Wetenschap en Technologie organiseert op donderdag 25 februari vanaf 14.00 uur een conferentie in het...","protected":false},"author":1,"featured_media":9080,"comment_status":"closed","ping_status":"open","sticky":false,"template":"","format":"standard","meta":{"iawp_total_views":36,"footnotes":""},"categories":[9],"tags":[],"class_list":{"0":"post-9074","1":"post","2":"type-post","3":"status-publish","4":"format-standard","5":"has-post-thumbnail","7":"category-st"},"yoast_head":"<!-- This site is optimized with the Yoast SEO plugin v27.5 - https:\/\/yoast.com\/product\/yoast-seo-wordpress\/ -->\n<title>La faune d\u2019eau douce de Guyane &#8212; Universit\u00e9 de Guyane<\/title>\n<meta name=\"description\" content=\"Explorez la fabuleuse faune d&#039;eau douce de Guyane et d\u00e9couvrez les diff\u00e9rents habitats et les esp\u00e8ces qui y vivent.\" \/>\n<meta name=\"robots\" content=\"index, follow, max-snippet:-1, max-image-preview:large, max-video-preview:-1\" \/>\n<link rel=\"canonical\" href=\"https:\/\/www.univ-guyane.fr\/nl\/2021\/02\/08\/la-faune-deau-douce-de-guyane\/\" \/>\n<meta property=\"og:locale\" content=\"nl_NL\" \/>\n<meta property=\"og:type\" content=\"article\" \/>\n<meta property=\"og:title\" content=\"La faune d\u2019eau douce de Guyane &#8212; Universit\u00e9 de Guyane\" \/>\n<meta property=\"og:description\" content=\"Explorez la fabuleuse faune d&#039;eau douce de Guyane et d\u00e9couvrez les diff\u00e9rents habitats et les esp\u00e8ces qui y vivent.\" \/>\n<meta property=\"og:url\" content=\"https:\/\/www.univ-guyane.fr\/nl\/2021\/02\/08\/la-faune-deau-douce-de-guyane\/\" \/>\n<meta property=\"og:site_name\" content=\"Universit\u00e9 de Guyane\" \/>\n<meta property=\"article:publisher\" content=\"https:\/\/www.facebook.com\/univguyane\" \/>\n<meta property=\"article:published_time\" content=\"2021-02-08T12:04:26+00:00\" \/>\n<meta property=\"article:modified_time\" content=\"2024-06-24T12:54:30+00:00\" \/>\n<meta property=\"og:image\" content=\"https:\/\/www.univ-guyane.fr\/wp-content\/uploads\/La-faune-deau-douce-de-Guyane-universite-de-guyane-2.jpeg\" \/>\n\t<meta property=\"og:image:width\" content=\"1000\" \/>\n\t<meta property=\"og:image:height\" content=\"750\" \/>\n\t<meta property=\"og:image:type\" content=\"image\/jpeg\" \/>\n<meta name=\"author\" content=\"Erick Loiti\u00e8re\" \/>\n<meta name=\"twitter:card\" content=\"summary_large_image\" \/>\n<meta name=\"twitter:creator\" content=\"@univguyane\" \/>\n<meta name=\"twitter:site\" content=\"@univguyane\" \/>\n<meta name=\"twitter:label1\" content=\"Geschreven door\" \/>\n\t<meta name=\"twitter:data1\" content=\"Erick Loiti\u00e8re\" \/>\n\t<meta name=\"twitter:label2\" content=\"Geschatte leestijd\" \/>\n\t<meta name=\"twitter:data2\" content=\"3 minuten\" \/>\n<script type=\"application\/ld+json\" class=\"yoast-schema-graph\">{\"@context\":\"https:\\\/\\\/schema.org\",\"@graph\":[{\"@type\":\"Article\",\"@id\":\"https:\\\/\\\/www.univ-guyane.fr\\\/2021\\\/02\\\/08\\\/la-faune-deau-douce-de-guyane\\\/#article\",\"isPartOf\":{\"@id\":\"https:\\\/\\\/www.univ-guyane.fr\\\/2021\\\/02\\\/08\\\/la-faune-deau-douce-de-guyane\\\/\"},\"author\":{\"name\":\"Erick Loiti\u00e8re\",\"@id\":\"https:\\\/\\\/www.univ-guyane.fr\\\/#\\\/schema\\\/person\\\/86d946a28a8be51bb096ccfdf19db179\"},\"headline\":\"La faune d\u2019eau douce de Guyane\",\"datePublished\":\"2021-02-08T12:04:26+00:00\",\"dateModified\":\"2024-06-24T12:54:30+00:00\",\"mainEntityOfPage\":{\"@id\":\"https:\\\/\\\/www.univ-guyane.fr\\\/2021\\\/02\\\/08\\\/la-faune-deau-douce-de-guyane\\\/\"},\"wordCount\":588,\"publisher\":{\"@id\":\"https:\\\/\\\/www.univ-guyane.fr\\\/#organization\"},\"image\":{\"@id\":\"https:\\\/\\\/www.univ-guyane.fr\\\/2021\\\/02\\\/08\\\/la-faune-deau-douce-de-guyane\\\/#primaryimage\"},\"thumbnailUrl\":\"https:\\\/\\\/www.univ-guyane.fr\\\/wp-content\\\/uploads\\\/La-faune-deau-douce-de-Guyane-universite-de-guyane-2.jpeg\",\"articleSection\":[\"\u2022 ST\"],\"inLanguage\":\"nl-NL\"},{\"@type\":\"WebPage\",\"@id\":\"https:\\\/\\\/www.univ-guyane.fr\\\/2021\\\/02\\\/08\\\/la-faune-deau-douce-de-guyane\\\/\",\"url\":\"https:\\\/\\\/www.univ-guyane.fr\\\/2021\\\/02\\\/08\\\/la-faune-deau-douce-de-guyane\\\/\",\"name\":\"La faune d\u2019eau douce de Guyane &#8212; Universit\u00e9 de Guyane\",\"isPartOf\":{\"@id\":\"https:\\\/\\\/www.univ-guyane.fr\\\/#website\"},\"primaryImageOfPage\":{\"@id\":\"https:\\\/\\\/www.univ-guyane.fr\\\/2021\\\/02\\\/08\\\/la-faune-deau-douce-de-guyane\\\/#primaryimage\"},\"image\":{\"@id\":\"https:\\\/\\\/www.univ-guyane.fr\\\/2021\\\/02\\\/08\\\/la-faune-deau-douce-de-guyane\\\/#primaryimage\"},\"thumbnailUrl\":\"https:\\\/\\\/www.univ-guyane.fr\\\/wp-content\\\/uploads\\\/La-faune-deau-douce-de-Guyane-universite-de-guyane-2.jpeg\",\"datePublished\":\"2021-02-08T12:04:26+00:00\",\"dateModified\":\"2024-06-24T12:54:30+00:00\",\"description\":\"Explorez la fabuleuse faune d'eau douce de Guyane et d\u00e9couvrez les diff\u00e9rents habitats et les esp\u00e8ces qui y vivent.\",\"breadcrumb\":{\"@id\":\"https:\\\/\\\/www.univ-guyane.fr\\\/2021\\\/02\\\/08\\\/la-faune-deau-douce-de-guyane\\\/#breadcrumb\"},\"inLanguage\":\"nl-NL\",\"potentialAction\":[{\"@type\":\"ReadAction\",\"target\":[\"https:\\\/\\\/www.univ-guyane.fr\\\/2021\\\/02\\\/08\\\/la-faune-deau-douce-de-guyane\\\/\"]}]},{\"@type\":\"ImageObject\",\"inLanguage\":\"nl-NL\",\"@id\":\"https:\\\/\\\/www.univ-guyane.fr\\\/2021\\\/02\\\/08\\\/la-faune-deau-douce-de-guyane\\\/#primaryimage\",\"url\":\"https:\\\/\\\/www.univ-guyane.fr\\\/wp-content\\\/uploads\\\/La-faune-deau-douce-de-Guyane-universite-de-guyane-2.jpeg\",\"contentUrl\":\"https:\\\/\\\/www.univ-guyane.fr\\\/wp-content\\\/uploads\\\/La-faune-deau-douce-de-Guyane-universite-de-guyane-2.jpeg\",\"width\":1000,\"height\":750,\"caption\":\"La faune d\u2019eau douce de Guyane\"},{\"@type\":\"BreadcrumbList\",\"@id\":\"https:\\\/\\\/www.univ-guyane.fr\\\/2021\\\/02\\\/08\\\/la-faune-deau-douce-de-guyane\\\/#breadcrumb\",\"itemListElement\":[{\"@type\":\"ListItem\",\"position\":1,\"name\":\"Accueil\",\"item\":\"https:\\\/\\\/www.univ-guyane.fr\\\/\"},{\"@type\":\"ListItem\",\"position\":2,\"name\":\"La faune d\u2019eau douce de Guyane\"}]},{\"@type\":\"WebSite\",\"@id\":\"https:\\\/\\\/www.univ-guyane.fr\\\/#website\",\"url\":\"https:\\\/\\\/www.univ-guyane.fr\\\/\",\"name\":\"Universit\u00e9 de Guyane\",\"description\":\"Au c\u0153ur de l&#039;amazonie\",\"publisher\":{\"@id\":\"https:\\\/\\\/www.univ-guyane.fr\\\/#organization\"},\"alternateName\":\"UG\",\"potentialAction\":[{\"@type\":\"SearchAction\",\"target\":{\"@type\":\"EntryPoint\",\"urlTemplate\":\"https:\\\/\\\/www.univ-guyane.fr\\\/?s={search_term_string}\"},\"query-input\":{\"@type\":\"PropertyValueSpecification\",\"valueRequired\":true,\"valueName\":\"search_term_string\"}}],\"inLanguage\":\"nl-NL\"},{\"@type\":\"Organization\",\"@id\":\"https:\\\/\\\/www.univ-guyane.fr\\\/#organization\",\"name\":\"Universit\u00e9 de Guyane\",\"alternateName\":\"UG\",\"url\":\"https:\\\/\\\/www.univ-guyane.fr\\\/\",\"logo\":{\"@type\":\"ImageObject\",\"inLanguage\":\"nl-NL\",\"@id\":\"https:\\\/\\\/www.univ-guyane.fr\\\/#\\\/schema\\\/logo\\\/image\\\/\",\"url\":\"https:\\\/\\\/www.univ-guyane.fr\\\/wp-content\\\/uploads\\\/2024\\\/05\\\/f.png\",\"contentUrl\":\"https:\\\/\\\/www.univ-guyane.fr\\\/wp-content\\\/uploads\\\/2024\\\/05\\\/f.png\",\"width\":1024,\"height\":1024,\"caption\":\"Universit\u00e9 de Guyane\"},\"image\":{\"@id\":\"https:\\\/\\\/www.univ-guyane.fr\\\/#\\\/schema\\\/logo\\\/image\\\/\"},\"sameAs\":[\"https:\\\/\\\/www.facebook.com\\\/univguyane\",\"https:\\\/\\\/x.com\\\/univguyane\",\"https:\\\/\\\/gf.linkedin.com\\\/school\\\/universite-de-guyane\\\/\",\"https:\\\/\\\/www.instagram.com\\\/univ_guyane\\\/\"]},{\"@type\":\"Person\",\"@id\":\"https:\\\/\\\/www.univ-guyane.fr\\\/#\\\/schema\\\/person\\\/86d946a28a8be51bb096ccfdf19db179\",\"name\":\"Erick Loiti\u00e8re\",\"image\":{\"@type\":\"ImageObject\",\"inLanguage\":\"nl-NL\",\"@id\":\"https:\\\/\\\/secure.gravatar.com\\\/avatar\\\/0584f332103fbeaf37e52c73b15dca3c547fd9300deb05764e9ad8714839d072?s=96&d=robohash&r=g\",\"url\":\"https:\\\/\\\/secure.gravatar.com\\\/avatar\\\/0584f332103fbeaf37e52c73b15dca3c547fd9300deb05764e9ad8714839d072?s=96&d=robohash&r=g\",\"contentUrl\":\"https:\\\/\\\/secure.gravatar.com\\\/avatar\\\/0584f332103fbeaf37e52c73b15dca3c547fd9300deb05764e9ad8714839d072?s=96&d=robohash&r=g\",\"caption\":\"Erick Loiti\u00e8re\"},\"sameAs\":[\"http:\\\/\\\/www.univ-guyane.fr\"],\"url\":\"https:\\\/\\\/www.univ-guyane.fr\\\/nl\\\/author\\\/eloitierdbz\\\/\"}]}<\/script>\n<!-- \/ Yoast SEO plugin. -->","yoast_head_json":{"title":"La faune d\u2019eau douce de Guyane &#8212; Universit\u00e9 de Guyane","description":"Explorez la fabuleuse faune d'eau douce de Guyane et d\u00e9couvrez les diff\u00e9rents habitats et les esp\u00e8ces qui y vivent.","robots":{"index":"index","follow":"follow","max-snippet":"max-snippet:-1","max-image-preview":"max-image-preview:large","max-video-preview":"max-video-preview:-1"},"canonical":"https:\/\/www.univ-guyane.fr\/nl\/2021\/02\/08\/la-faune-deau-douce-de-guyane\/","og_locale":"nl_NL","og_type":"article","og_title":"La faune d\u2019eau douce de Guyane &#8212; Universit\u00e9 de Guyane","og_description":"Explorez la fabuleuse faune d'eau douce de Guyane et d\u00e9couvrez les diff\u00e9rents habitats et les esp\u00e8ces qui y vivent.","og_url":"https:\/\/www.univ-guyane.fr\/nl\/2021\/02\/08\/la-faune-deau-douce-de-guyane\/","og_site_name":"Universit\u00e9 de Guyane","article_publisher":"https:\/\/www.facebook.com\/univguyane","article_published_time":"2021-02-08T12:04:26+00:00","article_modified_time":"2024-06-24T12:54:30+00:00","og_image":[{"width":1000,"height":750,"url":"https:\/\/www.univ-guyane.fr\/wp-content\/uploads\/La-faune-deau-douce-de-Guyane-universite-de-guyane-2.jpeg","type":"image\/jpeg"}],"author":"Erick Loiti\u00e8re","twitter_card":"summary_large_image","twitter_creator":"@univguyane","twitter_site":"@univguyane","twitter_misc":{"Geschreven door":"Erick Loiti\u00e8re","Geschatte leestijd":"3 minuten"},"schema":{"@context":"https:\/\/schema.org","@graph":[{"@type":"Article","@id":"https:\/\/www.univ-guyane.fr\/2021\/02\/08\/la-faune-deau-douce-de-guyane\/#article","isPartOf":{"@id":"https:\/\/www.univ-guyane.fr\/2021\/02\/08\/la-faune-deau-douce-de-guyane\/"},"author":{"name":"Erick Loiti\u00e8re","@id":"https:\/\/www.univ-guyane.fr\/#\/schema\/person\/86d946a28a8be51bb096ccfdf19db179"},"headline":"La faune d\u2019eau douce de Guyane","datePublished":"2021-02-08T12:04:26+00:00","dateModified":"2024-06-24T12:54:30+00:00","mainEntityOfPage":{"@id":"https:\/\/www.univ-guyane.fr\/2021\/02\/08\/la-faune-deau-douce-de-guyane\/"},"wordCount":588,"publisher":{"@id":"https:\/\/www.univ-guyane.fr\/#organization"},"image":{"@id":"https:\/\/www.univ-guyane.fr\/2021\/02\/08\/la-faune-deau-douce-de-guyane\/#primaryimage"},"thumbnailUrl":"https:\/\/www.univ-guyane.fr\/wp-content\/uploads\/La-faune-deau-douce-de-Guyane-universite-de-guyane-2.jpeg","articleSection":["\u2022 ST"],"inLanguage":"nl-NL"},{"@type":"WebPage","@id":"https:\/\/www.univ-guyane.fr\/2021\/02\/08\/la-faune-deau-douce-de-guyane\/","url":"https:\/\/www.univ-guyane.fr\/2021\/02\/08\/la-faune-deau-douce-de-guyane\/","name":"La faune d\u2019eau douce de Guyane &#8212; Universit\u00e9 de Guyane","isPartOf":{"@id":"https:\/\/www.univ-guyane.fr\/#website"},"primaryImageOfPage":{"@id":"https:\/\/www.univ-guyane.fr\/2021\/02\/08\/la-faune-deau-douce-de-guyane\/#primaryimage"},"image":{"@id":"https:\/\/www.univ-guyane.fr\/2021\/02\/08\/la-faune-deau-douce-de-guyane\/#primaryimage"},"thumbnailUrl":"https:\/\/www.univ-guyane.fr\/wp-content\/uploads\/La-faune-deau-douce-de-Guyane-universite-de-guyane-2.jpeg","datePublished":"2021-02-08T12:04:26+00:00","dateModified":"2024-06-24T12:54:30+00:00","description":"Explorez la fabuleuse faune d'eau douce de Guyane et d\u00e9couvrez les diff\u00e9rents habitats et les esp\u00e8ces qui y vivent.","breadcrumb":{"@id":"https:\/\/www.univ-guyane.fr\/2021\/02\/08\/la-faune-deau-douce-de-guyane\/#breadcrumb"},"inLanguage":"nl-NL","potentialAction":[{"@type":"ReadAction","target":["https:\/\/www.univ-guyane.fr\/2021\/02\/08\/la-faune-deau-douce-de-guyane\/"]}]},{"@type":"ImageObject","inLanguage":"nl-NL","@id":"https:\/\/www.univ-guyane.fr\/2021\/02\/08\/la-faune-deau-douce-de-guyane\/#primaryimage","url":"https:\/\/www.univ-guyane.fr\/wp-content\/uploads\/La-faune-deau-douce-de-Guyane-universite-de-guyane-2.jpeg","contentUrl":"https:\/\/www.univ-guyane.fr\/wp-content\/uploads\/La-faune-deau-douce-de-Guyane-universite-de-guyane-2.jpeg","width":1000,"height":750,"caption":"La faune d\u2019eau douce de Guyane"},{"@type":"BreadcrumbList","@id":"https:\/\/www.univ-guyane.fr\/2021\/02\/08\/la-faune-deau-douce-de-guyane\/#breadcrumb","itemListElement":[{"@type":"ListItem","position":1,"name":"Accueil","item":"https:\/\/www.univ-guyane.fr\/"},{"@type":"ListItem","position":2,"name":"La faune d\u2019eau douce de Guyane"}]},{"@type":"WebSite","@id":"https:\/\/www.univ-guyane.fr\/#website","url":"https:\/\/www.univ-guyane.fr\/","name":"Universiteit van Guyana","description":"In het hart van Amazonia","publisher":{"@id":"https:\/\/www.univ-guyane.fr\/#organization"},"alternateName":"UG","potentialAction":[{"@type":"SearchAction","target":{"@type":"EntryPoint","urlTemplate":"https:\/\/www.univ-guyane.fr\/?s={search_term_string}"},"query-input":{"@type":"PropertyValueSpecification","valueRequired":true,"valueName":"search_term_string"}}],"inLanguage":"nl-NL"},{"@type":"Organization","@id":"https:\/\/www.univ-guyane.fr\/#organization","name":"Universiteit van Guyana","alternateName":"UG","url":"https:\/\/www.univ-guyane.fr\/","logo":{"@type":"ImageObject","inLanguage":"nl-NL","@id":"https:\/\/www.univ-guyane.fr\/#\/schema\/logo\/image\/","url":"https:\/\/www.univ-guyane.fr\/wp-content\/uploads\/2024\/05\/f.png","contentUrl":"https:\/\/www.univ-guyane.fr\/wp-content\/uploads\/2024\/05\/f.png","width":1024,"height":1024,"caption":"Universit\u00e9 de Guyane"},"image":{"@id":"https:\/\/www.univ-guyane.fr\/#\/schema\/logo\/image\/"},"sameAs":["https:\/\/www.facebook.com\/univguyane","https:\/\/x.com\/univguyane","https:\/\/gf.linkedin.com\/school\/universite-de-guyane\/","https:\/\/www.instagram.com\/univ_guyane\/"]},{"@type":"Person","@id":"https:\/\/www.univ-guyane.fr\/#\/schema\/person\/86d946a28a8be51bb096ccfdf19db179","name":"Erick Loiti\u00e8re","image":{"@type":"ImageObject","inLanguage":"nl-NL","@id":"https:\/\/secure.gravatar.com\/avatar\/0584f332103fbeaf37e52c73b15dca3c547fd9300deb05764e9ad8714839d072?s=96&d=robohash&r=g","url":"https:\/\/secure.gravatar.com\/avatar\/0584f332103fbeaf37e52c73b15dca3c547fd9300deb05764e9ad8714839d072?s=96&d=robohash&r=g","contentUrl":"https:\/\/secure.gravatar.com\/avatar\/0584f332103fbeaf37e52c73b15dca3c547fd9300deb05764e9ad8714839d072?s=96&d=robohash&r=g","caption":"Erick Loiti\u00e8re"},"sameAs":["http:\/\/www.univ-guyane.fr"],"url":"https:\/\/www.univ-guyane.fr\/nl\/author\/eloitierdbz\/"}]}},"_links":{"self":[{"href":"https:\/\/www.univ-guyane.fr\/nl\/wp-json\/wp\/v2\/posts\/9074","targetHints":{"allow":["GET"]}}],"collection":[{"href":"https:\/\/www.univ-guyane.fr\/nl\/wp-json\/wp\/v2\/posts"}],"about":[{"href":"https:\/\/www.univ-guyane.fr\/nl\/wp-json\/wp\/v2\/types\/post"}],"author":[{"embeddable":true,"href":"https:\/\/www.univ-guyane.fr\/nl\/wp-json\/wp\/v2\/users\/1"}],"replies":[{"embeddable":true,"href":"https:\/\/www.univ-guyane.fr\/nl\/wp-json\/wp\/v2\/comments?post=9074"}],"version-history":[{"count":2,"href":"https:\/\/www.univ-guyane.fr\/nl\/wp-json\/wp\/v2\/posts\/9074\/revisions"}],"predecessor-version":[{"id":9083,"href":"https:\/\/www.univ-guyane.fr\/nl\/wp-json\/wp\/v2\/posts\/9074\/revisions\/9083"}],"wp:featuredmedia":[{"embeddable":true,"href":"https:\/\/www.univ-guyane.fr\/nl\/wp-json\/wp\/v2\/media\/9080"}],"wp:attachment":[{"href":"https:\/\/www.univ-guyane.fr\/nl\/wp-json\/wp\/v2\/media?parent=9074"}],"wp:term":[{"taxonomy":"category","embeddable":true,"href":"https:\/\/www.univ-guyane.fr\/nl\/wp-json\/wp\/v2\/categories?post=9074"},{"taxonomy":"post_tag","embeddable":true,"href":"https:\/\/www.univ-guyane.fr\/nl\/wp-json\/wp\/v2\/tags?post=9074"}],"curies":[{"name":"wp","href":"https:\/\/api.w.org\/{rel}","templated":true}]}}