{"id":9371,"date":"2022-04-08T08:30:56","date_gmt":"2022-04-08T11:30:56","guid":{"rendered":"https:\/\/www.univ-guyane.fr\/?p=9371"},"modified":"2024-06-27T08:35:41","modified_gmt":"2024-06-27T11:35:41","slug":"laterites-et-bauxites-des-archives-climatiques-et-geodynamiques","status":"publish","type":"post","link":"https:\/\/www.univ-guyane.fr\/nl\/2022\/04\/08\/laterites-et-bauxites-des-archives-climatiques-et-geodynamiques\/","title":{"rendered":"Laterieten en bauxieten: klimatologische en geodynamische archieven"},"content":{"rendered":"<div id=\"fws_69f576b56d01f\"  data-column-margin=\"default\" data-midnight=\"dark\"  class=\"wpb_row vc_row-fluid vc_row\"  style=\"padding-top: 0px; padding-bottom: 0px; \"><div class=\"row-bg-wrap\" data-bg-animation=\"none\" data-bg-animation-delay=\"\" data-bg-overlay=\"false\"><div class=\"inner-wrap row-bg-layer\" ><div class=\"row-bg viewport-desktop\"  style=\"\"><\/div><\/div><\/div><div class=\"row_col_wrap_12 col span_12 dark left\">\n\t<div  class=\"vc_col-sm-12 wpb_column column_container vc_column_container col no-extra-padding inherit_tablet inherit_phone\"  data-padding-pos=\"all\" data-has-bg-color=\"false\" data-bg-color=\"\" data-bg-opacity=\"1\" data-animation=\"\" data-delay=\"0\" >\n\t\t<div class=\"vc_column-inner\" >\n\t\t\t<div class=\"wpb_wrapper\">\n\t\t\t\t\n<div class=\"wpb_text_column wpb_content_element  chapo\" >\n\t<h2>C\u00e9cile Gautheron (U. Paris-Saclay \/ U. de Grenoble) geeft een lezing over laterieten en bauxieten op maandag 11 april, van 12.30 tot 14.00 uur, in collegezaal C van de Universiteit van Guyana. Ze zal laten zien hoe deze geologische formaties kunnen worden gebruikt om veranderingen in het klimaat van Guyana te documenteren en te dateren. In het bijzonder zal ze de eerste resultaten bespreken van de studie van monsters uit de Montagne de Kaw en de Grand Conn\u00e9table.<\/h2>\n<\/div>\n\n\n\n\n<div class=\"wpb_text_column wpb_content_element\" >\n\t<p><span class=\"nectar-dropcap\" >D <\/span>n de intertropische zone leidt de intense verwering van gesteenten tot de uitloging van bepaalde chemische elementen, zoals voedingsstoffen, en de accumulatie van onoplosbare elementen zoals Fe, Al en Si. Op tijdschalen van miljoenen jaren kristalliseren supergene mineralen zoals ijzer- en aluminiumoxiden en kaoliniet om een mineralogisch gecompartimenteerd laterietprofiel te vormen. Wanneer het klimaat warmer wordt of de hydrologische omstandigheden veranderen, kan kaoliniet oplossen en gibbsiet vormen, waardoor lateriet verandert in bauxiet. Laterieten en bauxieten bevatten dus mineralen die getuigen van de klimatologische en geodynamische omstandigheden in het verleden waardoor ze gevormd en bewaard konden worden. Eerdere studies hebben aangetoond dat lateriet en bauxiet episodisch gevormd zijn in de loop van de geschiedenis van de aarde, met name in zones met tektonische rust. Dateren is echter erg moeilijk vanwege de afwezigheid of schaarste van dateerbare mineralen, en er blijven veel onzekerheden bestaan over de temporele en ruimtelijke omvang van deze alteratiegebeurtenissen.<\/p>\n<p>Om klimatologische en geodynamische informatie beter uit laterieten te kunnen halen, kunnen we aantonen dat de combinatie van mineralogische, geochemische en geochronologische (U-Th)\/He-studies van de hematiet en goethiet in deze objecten kwantitatieve informatie oplevert over de evolutie van de continentale korst en de klimatologische omstandigheden. We zijn vooral ge\u00efnteresseerd in de alteratiegeschiedenis van het Guyana-schild, waarvan wordt aangenomen dat het sinds het Krijt tektonisch stabiel is geweest op tropische breedten. Er is het bestaan voorgesteld van verschillende paleosurfaces die corresponderen met verschillende fasen van peneplanatie met leeftijden vari\u00ebrend van laat Krijt tot recent. Veel van deze paleo-oppervlakken zijn bedekt met dikke lateritische profielen die getuigen van een lange geschiedenis van tropische verwering. De verweringsperioden zijn echter niet goed afgebakend in tijd en ruimte, omdat er slechts enkele datasets zijn over de leeftijd van de verwering en sedimentologische beperkingen. De verkregen geochronologische gegevens maken het mogelijk om de alteratiefasen te bespreken die het Guyana-kraton hebben be\u00efnvloed sinds het Eoceen en in Frans Guyana sinds het Oligoceen. Door het combineren van multi-method studies kunnen we ook aantonen dat de klimatologische omstandigheden aan het eind van het Mioceen veranderden, natter werden en de ontwikkeling van bauxiet in de Atlantische kustregio van het Guyana Kraton mogelijk maakten.<\/p>\n<\/div>\n\n\n\n\n\t\t\t<\/div> \n\t\t<\/div>\n\t<\/div> \n<\/div><\/div>","protected":false},"excerpt":{"rendered":"C\u00e9cile Gautheron (U. Paris-Saclay \/ U. de Grenoble) geeft een lezing op maandag 11 april, van 12.30 tot...","protected":false},"author":1,"featured_media":9372,"comment_status":"closed","ping_status":"open","sticky":false,"template":"","format":"standard","meta":{"iawp_total_views":185,"footnotes":""},"categories":[9],"tags":[],"class_list":{"0":"post-9371","1":"post","2":"type-post","3":"status-publish","4":"format-standard","5":"has-post-thumbnail","7":"category-st"},"yoast_head":"<!-- This site is optimized with the Yoast SEO plugin v27.5 - https:\/\/yoast.com\/product\/yoast-seo-wordpress\/ -->\n<title>Lat\u00e9rites et bauxites : des archives climatiques et g\u00e9odynamiques &#8212; Universit\u00e9 de Guyane<\/title>\n<meta name=\"description\" content=\"Explorez la formation des lat\u00e9rites et des bauxites dans les zones intertropicales. Ces roches offrent des indices sur les conditions hydrologiques et climatiques du pass\u00e9.\" \/>\n<meta name=\"robots\" content=\"index, follow, max-snippet:-1, max-image-preview:large, max-video-preview:-1\" \/>\n<link rel=\"canonical\" href=\"https:\/\/www.univ-guyane.fr\/nl\/2022\/04\/08\/laterites-et-bauxites-des-archives-climatiques-et-geodynamiques\/\" \/>\n<meta property=\"og:locale\" content=\"nl_NL\" \/>\n<meta property=\"og:type\" content=\"article\" \/>\n<meta property=\"og:title\" content=\"Lat\u00e9rites et bauxites : des archives climatiques et g\u00e9odynamiques &#8212; Universit\u00e9 de Guyane\" \/>\n<meta property=\"og:description\" content=\"Explorez la formation des lat\u00e9rites et des bauxites dans les zones intertropicales. Ces roches offrent des indices sur les conditions hydrologiques et climatiques du pass\u00e9.\" \/>\n<meta property=\"og:url\" content=\"https:\/\/www.univ-guyane.fr\/nl\/2022\/04\/08\/laterites-et-bauxites-des-archives-climatiques-et-geodynamiques\/\" \/>\n<meta property=\"og:site_name\" content=\"Universit\u00e9 de Guyane\" \/>\n<meta property=\"article:publisher\" content=\"https:\/\/www.facebook.com\/univguyane\" \/>\n<meta property=\"article:published_time\" content=\"2022-04-08T11:30:56+00:00\" \/>\n<meta property=\"article:modified_time\" content=\"2024-06-27T11:35:41+00:00\" \/>\n<meta property=\"og:image\" content=\"https:\/\/www.univ-guyane.fr\/wp-content\/uploads\/conference-laterites-et-bauxites-tv2.jpeg\" \/>\n\t<meta property=\"og:image:width\" content=\"1920\" \/>\n\t<meta property=\"og:image:height\" content=\"1080\" \/>\n\t<meta property=\"og:image:type\" content=\"image\/jpeg\" \/>\n<meta name=\"author\" content=\"Erick Loiti\u00e8re\" \/>\n<meta name=\"twitter:card\" content=\"summary_large_image\" \/>\n<meta name=\"twitter:creator\" content=\"@univguyane\" \/>\n<meta name=\"twitter:site\" content=\"@univguyane\" \/>\n<meta name=\"twitter:label1\" content=\"Geschreven door\" \/>\n\t<meta name=\"twitter:data1\" content=\"Erick Loiti\u00e8re\" \/>\n\t<meta name=\"twitter:label2\" content=\"Geschatte leestijd\" \/>\n\t<meta name=\"twitter:data2\" content=\"3 minuten\" \/>\n<script type=\"application\/ld+json\" class=\"yoast-schema-graph\">{\"@context\":\"https:\\\/\\\/schema.org\",\"@graph\":[{\"@type\":\"Article\",\"@id\":\"https:\\\/\\\/www.univ-guyane.fr\\\/2022\\\/04\\\/08\\\/laterites-et-bauxites-des-archives-climatiques-et-geodynamiques\\\/#article\",\"isPartOf\":{\"@id\":\"https:\\\/\\\/www.univ-guyane.fr\\\/2022\\\/04\\\/08\\\/laterites-et-bauxites-des-archives-climatiques-et-geodynamiques\\\/\"},\"author\":{\"name\":\"Erick Loiti\u00e8re\",\"@id\":\"https:\\\/\\\/www.univ-guyane.fr\\\/#\\\/schema\\\/person\\\/86d946a28a8be51bb096ccfdf19db179\"},\"headline\":\"Lat\u00e9rites et bauxites : des archives climatiques et g\u00e9odynamiques\",\"datePublished\":\"2022-04-08T11:30:56+00:00\",\"dateModified\":\"2024-06-27T11:35:41+00:00\",\"mainEntityOfPage\":{\"@id\":\"https:\\\/\\\/www.univ-guyane.fr\\\/2022\\\/04\\\/08\\\/laterites-et-bauxites-des-archives-climatiques-et-geodynamiques\\\/\"},\"wordCount\":729,\"publisher\":{\"@id\":\"https:\\\/\\\/www.univ-guyane.fr\\\/#organization\"},\"image\":{\"@id\":\"https:\\\/\\\/www.univ-guyane.fr\\\/2022\\\/04\\\/08\\\/laterites-et-bauxites-des-archives-climatiques-et-geodynamiques\\\/#primaryimage\"},\"thumbnailUrl\":\"https:\\\/\\\/www.univ-guyane.fr\\\/wp-content\\\/uploads\\\/conference-laterites-et-bauxites-tv2.jpeg\",\"articleSection\":[\"\u2022 ST\"],\"inLanguage\":\"nl-NL\"},{\"@type\":\"WebPage\",\"@id\":\"https:\\\/\\\/www.univ-guyane.fr\\\/2022\\\/04\\\/08\\\/laterites-et-bauxites-des-archives-climatiques-et-geodynamiques\\\/\",\"url\":\"https:\\\/\\\/www.univ-guyane.fr\\\/2022\\\/04\\\/08\\\/laterites-et-bauxites-des-archives-climatiques-et-geodynamiques\\\/\",\"name\":\"Lat\u00e9rites et bauxites : des archives climatiques et g\u00e9odynamiques &#8212; Universit\u00e9 de Guyane\",\"isPartOf\":{\"@id\":\"https:\\\/\\\/www.univ-guyane.fr\\\/#website\"},\"primaryImageOfPage\":{\"@id\":\"https:\\\/\\\/www.univ-guyane.fr\\\/2022\\\/04\\\/08\\\/laterites-et-bauxites-des-archives-climatiques-et-geodynamiques\\\/#primaryimage\"},\"image\":{\"@id\":\"https:\\\/\\\/www.univ-guyane.fr\\\/2022\\\/04\\\/08\\\/laterites-et-bauxites-des-archives-climatiques-et-geodynamiques\\\/#primaryimage\"},\"thumbnailUrl\":\"https:\\\/\\\/www.univ-guyane.fr\\\/wp-content\\\/uploads\\\/conference-laterites-et-bauxites-tv2.jpeg\",\"datePublished\":\"2022-04-08T11:30:56+00:00\",\"dateModified\":\"2024-06-27T11:35:41+00:00\",\"description\":\"Explorez la formation des lat\u00e9rites et des bauxites dans les zones intertropicales. Ces roches offrent des indices sur les conditions hydrologiques et climatiques du pass\u00e9.\",\"breadcrumb\":{\"@id\":\"https:\\\/\\\/www.univ-guyane.fr\\\/2022\\\/04\\\/08\\\/laterites-et-bauxites-des-archives-climatiques-et-geodynamiques\\\/#breadcrumb\"},\"inLanguage\":\"nl-NL\",\"potentialAction\":[{\"@type\":\"ReadAction\",\"target\":[\"https:\\\/\\\/www.univ-guyane.fr\\\/2022\\\/04\\\/08\\\/laterites-et-bauxites-des-archives-climatiques-et-geodynamiques\\\/\"]}]},{\"@type\":\"ImageObject\",\"inLanguage\":\"nl-NL\",\"@id\":\"https:\\\/\\\/www.univ-guyane.fr\\\/2022\\\/04\\\/08\\\/laterites-et-bauxites-des-archives-climatiques-et-geodynamiques\\\/#primaryimage\",\"url\":\"https:\\\/\\\/www.univ-guyane.fr\\\/wp-content\\\/uploads\\\/conference-laterites-et-bauxites-tv2.jpeg\",\"contentUrl\":\"https:\\\/\\\/www.univ-guyane.fr\\\/wp-content\\\/uploads\\\/conference-laterites-et-bauxites-tv2.jpeg\",\"width\":1920,\"height\":1080,\"caption\":\"Lat\u00e9rites et bauxites : des archives climatiques et g\u00e9odynamiques\"},{\"@type\":\"BreadcrumbList\",\"@id\":\"https:\\\/\\\/www.univ-guyane.fr\\\/2022\\\/04\\\/08\\\/laterites-et-bauxites-des-archives-climatiques-et-geodynamiques\\\/#breadcrumb\",\"itemListElement\":[{\"@type\":\"ListItem\",\"position\":1,\"name\":\"Accueil\",\"item\":\"https:\\\/\\\/www.univ-guyane.fr\\\/\"},{\"@type\":\"ListItem\",\"position\":2,\"name\":\"Lat\u00e9rites et bauxites : des archives climatiques et g\u00e9odynamiques\"}]},{\"@type\":\"WebSite\",\"@id\":\"https:\\\/\\\/www.univ-guyane.fr\\\/#website\",\"url\":\"https:\\\/\\\/www.univ-guyane.fr\\\/\",\"name\":\"Universit\u00e9 de Guyane\",\"description\":\"Au c\u0153ur de l&#039;amazonie\",\"publisher\":{\"@id\":\"https:\\\/\\\/www.univ-guyane.fr\\\/#organization\"},\"alternateName\":\"UG\",\"potentialAction\":[{\"@type\":\"SearchAction\",\"target\":{\"@type\":\"EntryPoint\",\"urlTemplate\":\"https:\\\/\\\/www.univ-guyane.fr\\\/?s={search_term_string}\"},\"query-input\":{\"@type\":\"PropertyValueSpecification\",\"valueRequired\":true,\"valueName\":\"search_term_string\"}}],\"inLanguage\":\"nl-NL\"},{\"@type\":\"Organization\",\"@id\":\"https:\\\/\\\/www.univ-guyane.fr\\\/#organization\",\"name\":\"Universit\u00e9 de Guyane\",\"alternateName\":\"UG\",\"url\":\"https:\\\/\\\/www.univ-guyane.fr\\\/\",\"logo\":{\"@type\":\"ImageObject\",\"inLanguage\":\"nl-NL\",\"@id\":\"https:\\\/\\\/www.univ-guyane.fr\\\/#\\\/schema\\\/logo\\\/image\\\/\",\"url\":\"https:\\\/\\\/www.univ-guyane.fr\\\/wp-content\\\/uploads\\\/2024\\\/05\\\/f.png\",\"contentUrl\":\"https:\\\/\\\/www.univ-guyane.fr\\\/wp-content\\\/uploads\\\/2024\\\/05\\\/f.png\",\"width\":1024,\"height\":1024,\"caption\":\"Universit\u00e9 de Guyane\"},\"image\":{\"@id\":\"https:\\\/\\\/www.univ-guyane.fr\\\/#\\\/schema\\\/logo\\\/image\\\/\"},\"sameAs\":[\"https:\\\/\\\/www.facebook.com\\\/univguyane\",\"https:\\\/\\\/x.com\\\/univguyane\",\"https:\\\/\\\/gf.linkedin.com\\\/school\\\/universite-de-guyane\\\/\",\"https:\\\/\\\/www.instagram.com\\\/univ_guyane\\\/\"]},{\"@type\":\"Person\",\"@id\":\"https:\\\/\\\/www.univ-guyane.fr\\\/#\\\/schema\\\/person\\\/86d946a28a8be51bb096ccfdf19db179\",\"name\":\"Erick Loiti\u00e8re\",\"image\":{\"@type\":\"ImageObject\",\"inLanguage\":\"nl-NL\",\"@id\":\"https:\\\/\\\/secure.gravatar.com\\\/avatar\\\/0584f332103fbeaf37e52c73b15dca3c547fd9300deb05764e9ad8714839d072?s=96&d=robohash&r=g\",\"url\":\"https:\\\/\\\/secure.gravatar.com\\\/avatar\\\/0584f332103fbeaf37e52c73b15dca3c547fd9300deb05764e9ad8714839d072?s=96&d=robohash&r=g\",\"contentUrl\":\"https:\\\/\\\/secure.gravatar.com\\\/avatar\\\/0584f332103fbeaf37e52c73b15dca3c547fd9300deb05764e9ad8714839d072?s=96&d=robohash&r=g\",\"caption\":\"Erick Loiti\u00e8re\"},\"sameAs\":[\"http:\\\/\\\/www.univ-guyane.fr\"],\"url\":\"https:\\\/\\\/www.univ-guyane.fr\\\/nl\\\/author\\\/eloitierdbz\\\/\"}]}<\/script>\n<!-- \/ Yoast SEO plugin. -->","yoast_head_json":{"title":"Laterieten en bauxieten: klimatologische en geodynamische archieven - Universiteit van Guyana","description":"Verken de vorming van laterieten en bauxieten in de intertropen. Deze gesteenten bieden aanwijzingen voor hydrologische en klimatologische omstandigheden in het verleden.","robots":{"index":"index","follow":"follow","max-snippet":"max-snippet:-1","max-image-preview":"max-image-preview:large","max-video-preview":"max-video-preview:-1"},"canonical":"https:\/\/www.univ-guyane.fr\/nl\/2022\/04\/08\/laterites-et-bauxites-des-archives-climatiques-et-geodynamiques\/","og_locale":"nl_NL","og_type":"article","og_title":"Lat\u00e9rites et bauxites : des archives climatiques et g\u00e9odynamiques &#8212; Universit\u00e9 de Guyane","og_description":"Explorez la formation des lat\u00e9rites et des bauxites dans les zones intertropicales. Ces roches offrent des indices sur les conditions hydrologiques et climatiques du pass\u00e9.","og_url":"https:\/\/www.univ-guyane.fr\/nl\/2022\/04\/08\/laterites-et-bauxites-des-archives-climatiques-et-geodynamiques\/","og_site_name":"Universit\u00e9 de Guyane","article_publisher":"https:\/\/www.facebook.com\/univguyane","article_published_time":"2022-04-08T11:30:56+00:00","article_modified_time":"2024-06-27T11:35:41+00:00","og_image":[{"width":1920,"height":1080,"url":"https:\/\/www.univ-guyane.fr\/wp-content\/uploads\/conference-laterites-et-bauxites-tv2.jpeg","type":"image\/jpeg"}],"author":"Erick Loiti\u00e8re","twitter_card":"summary_large_image","twitter_creator":"@univguyane","twitter_site":"@univguyane","twitter_misc":{"Geschreven door":"Erick Loiti\u00e8re","Geschatte leestijd":"3 minuten"},"schema":{"@context":"https:\/\/schema.org","@graph":[{"@type":"Article","@id":"https:\/\/www.univ-guyane.fr\/2022\/04\/08\/laterites-et-bauxites-des-archives-climatiques-et-geodynamiques\/#article","isPartOf":{"@id":"https:\/\/www.univ-guyane.fr\/2022\/04\/08\/laterites-et-bauxites-des-archives-climatiques-et-geodynamiques\/"},"author":{"name":"Erick Loiti\u00e8re","@id":"https:\/\/www.univ-guyane.fr\/#\/schema\/person\/86d946a28a8be51bb096ccfdf19db179"},"headline":"Lat\u00e9rites et bauxites : des archives climatiques et g\u00e9odynamiques","datePublished":"2022-04-08T11:30:56+00:00","dateModified":"2024-06-27T11:35:41+00:00","mainEntityOfPage":{"@id":"https:\/\/www.univ-guyane.fr\/2022\/04\/08\/laterites-et-bauxites-des-archives-climatiques-et-geodynamiques\/"},"wordCount":729,"publisher":{"@id":"https:\/\/www.univ-guyane.fr\/#organization"},"image":{"@id":"https:\/\/www.univ-guyane.fr\/2022\/04\/08\/laterites-et-bauxites-des-archives-climatiques-et-geodynamiques\/#primaryimage"},"thumbnailUrl":"https:\/\/www.univ-guyane.fr\/wp-content\/uploads\/conference-laterites-et-bauxites-tv2.jpeg","articleSection":["\u2022 ST"],"inLanguage":"nl-NL"},{"@type":"WebPage","@id":"https:\/\/www.univ-guyane.fr\/2022\/04\/08\/laterites-et-bauxites-des-archives-climatiques-et-geodynamiques\/","url":"https:\/\/www.univ-guyane.fr\/2022\/04\/08\/laterites-et-bauxites-des-archives-climatiques-et-geodynamiques\/","name":"Laterieten en bauxieten: klimatologische en geodynamische archieven - Universiteit van Guyana","isPartOf":{"@id":"https:\/\/www.univ-guyane.fr\/#website"},"primaryImageOfPage":{"@id":"https:\/\/www.univ-guyane.fr\/2022\/04\/08\/laterites-et-bauxites-des-archives-climatiques-et-geodynamiques\/#primaryimage"},"image":{"@id":"https:\/\/www.univ-guyane.fr\/2022\/04\/08\/laterites-et-bauxites-des-archives-climatiques-et-geodynamiques\/#primaryimage"},"thumbnailUrl":"https:\/\/www.univ-guyane.fr\/wp-content\/uploads\/conference-laterites-et-bauxites-tv2.jpeg","datePublished":"2022-04-08T11:30:56+00:00","dateModified":"2024-06-27T11:35:41+00:00","description":"Verken de vorming van laterieten en bauxieten in de intertropen. Deze gesteenten bieden aanwijzingen voor hydrologische en klimatologische omstandigheden in het verleden.","breadcrumb":{"@id":"https:\/\/www.univ-guyane.fr\/2022\/04\/08\/laterites-et-bauxites-des-archives-climatiques-et-geodynamiques\/#breadcrumb"},"inLanguage":"nl-NL","potentialAction":[{"@type":"ReadAction","target":["https:\/\/www.univ-guyane.fr\/2022\/04\/08\/laterites-et-bauxites-des-archives-climatiques-et-geodynamiques\/"]}]},{"@type":"ImageObject","inLanguage":"nl-NL","@id":"https:\/\/www.univ-guyane.fr\/2022\/04\/08\/laterites-et-bauxites-des-archives-climatiques-et-geodynamiques\/#primaryimage","url":"https:\/\/www.univ-guyane.fr\/wp-content\/uploads\/conference-laterites-et-bauxites-tv2.jpeg","contentUrl":"https:\/\/www.univ-guyane.fr\/wp-content\/uploads\/conference-laterites-et-bauxites-tv2.jpeg","width":1920,"height":1080,"caption":"Lat\u00e9rites et bauxites : des archives climatiques et g\u00e9odynamiques"},{"@type":"BreadcrumbList","@id":"https:\/\/www.univ-guyane.fr\/2022\/04\/08\/laterites-et-bauxites-des-archives-climatiques-et-geodynamiques\/#breadcrumb","itemListElement":[{"@type":"ListItem","position":1,"name":"Accueil","item":"https:\/\/www.univ-guyane.fr\/"},{"@type":"ListItem","position":2,"name":"Lat\u00e9rites et bauxites : des archives climatiques et g\u00e9odynamiques"}]},{"@type":"WebSite","@id":"https:\/\/www.univ-guyane.fr\/#website","url":"https:\/\/www.univ-guyane.fr\/","name":"Universiteit van Guyana","description":"In het hart van Amazonia","publisher":{"@id":"https:\/\/www.univ-guyane.fr\/#organization"},"alternateName":"UG","potentialAction":[{"@type":"SearchAction","target":{"@type":"EntryPoint","urlTemplate":"https:\/\/www.univ-guyane.fr\/?s={search_term_string}"},"query-input":{"@type":"PropertyValueSpecification","valueRequired":true,"valueName":"search_term_string"}}],"inLanguage":"nl-NL"},{"@type":"Organization","@id":"https:\/\/www.univ-guyane.fr\/#organization","name":"Universiteit van Guyana","alternateName":"UG","url":"https:\/\/www.univ-guyane.fr\/","logo":{"@type":"ImageObject","inLanguage":"nl-NL","@id":"https:\/\/www.univ-guyane.fr\/#\/schema\/logo\/image\/","url":"https:\/\/www.univ-guyane.fr\/wp-content\/uploads\/2024\/05\/f.png","contentUrl":"https:\/\/www.univ-guyane.fr\/wp-content\/uploads\/2024\/05\/f.png","width":1024,"height":1024,"caption":"Universit\u00e9 de Guyane"},"image":{"@id":"https:\/\/www.univ-guyane.fr\/#\/schema\/logo\/image\/"},"sameAs":["https:\/\/www.facebook.com\/univguyane","https:\/\/x.com\/univguyane","https:\/\/gf.linkedin.com\/school\/universite-de-guyane\/","https:\/\/www.instagram.com\/univ_guyane\/"]},{"@type":"Person","@id":"https:\/\/www.univ-guyane.fr\/#\/schema\/person\/86d946a28a8be51bb096ccfdf19db179","name":"Erick Loiti\u00e8re","image":{"@type":"ImageObject","inLanguage":"nl-NL","@id":"https:\/\/secure.gravatar.com\/avatar\/0584f332103fbeaf37e52c73b15dca3c547fd9300deb05764e9ad8714839d072?s=96&d=robohash&r=g","url":"https:\/\/secure.gravatar.com\/avatar\/0584f332103fbeaf37e52c73b15dca3c547fd9300deb05764e9ad8714839d072?s=96&d=robohash&r=g","contentUrl":"https:\/\/secure.gravatar.com\/avatar\/0584f332103fbeaf37e52c73b15dca3c547fd9300deb05764e9ad8714839d072?s=96&d=robohash&r=g","caption":"Erick Loiti\u00e8re"},"sameAs":["http:\/\/www.univ-guyane.fr"],"url":"https:\/\/www.univ-guyane.fr\/nl\/author\/eloitierdbz\/"}]}},"_links":{"self":[{"href":"https:\/\/www.univ-guyane.fr\/nl\/wp-json\/wp\/v2\/posts\/9371","targetHints":{"allow":["GET"]}}],"collection":[{"href":"https:\/\/www.univ-guyane.fr\/nl\/wp-json\/wp\/v2\/posts"}],"about":[{"href":"https:\/\/www.univ-guyane.fr\/nl\/wp-json\/wp\/v2\/types\/post"}],"author":[{"embeddable":true,"href":"https:\/\/www.univ-guyane.fr\/nl\/wp-json\/wp\/v2\/users\/1"}],"replies":[{"embeddable":true,"href":"https:\/\/www.univ-guyane.fr\/nl\/wp-json\/wp\/v2\/comments?post=9371"}],"version-history":[{"count":1,"href":"https:\/\/www.univ-guyane.fr\/nl\/wp-json\/wp\/v2\/posts\/9371\/revisions"}],"predecessor-version":[{"id":9373,"href":"https:\/\/www.univ-guyane.fr\/nl\/wp-json\/wp\/v2\/posts\/9371\/revisions\/9373"}],"wp:featuredmedia":[{"embeddable":true,"href":"https:\/\/www.univ-guyane.fr\/nl\/wp-json\/wp\/v2\/media\/9372"}],"wp:attachment":[{"href":"https:\/\/www.univ-guyane.fr\/nl\/wp-json\/wp\/v2\/media?parent=9371"}],"wp:term":[{"taxonomy":"category","embeddable":true,"href":"https:\/\/www.univ-guyane.fr\/nl\/wp-json\/wp\/v2\/categories?post=9371"},{"taxonomy":"post_tag","embeddable":true,"href":"https:\/\/www.univ-guyane.fr\/nl\/wp-json\/wp\/v2\/tags?post=9371"}],"curies":[{"name":"wp","href":"https:\/\/api.w.org\/{rel}","templated":true}]}}